{"id":73677,"date":"2021-10-09T23:09:20","date_gmt":"2021-10-09T22:09:20","guid":{"rendered":"https:\/\/radioljubuski.ba\/?p=73677"},"modified":"2021-10-09T23:09:21","modified_gmt":"2021-10-09T22:09:21","slug":"venecija-se-odlucila-za-drugu-vrstu-turizma","status":"publish","type":"post","link":"https:\/\/radioljubuski.ba\/index.php\/2021\/10\/09\/venecija-se-odlucila-za-drugu-vrstu-turizma\/","title":{"rendered":"Venecija se odlu\u010dila za drugu vrstu turizma"},"content":{"rendered":"\n<p><strong>Jedinstvena i turisti\u010dki prenapu\u010dena Venecija po\u010dinje se odmicati od masovnog turizma. Naime, \u017eeli se uvesti red u grad koji je svake godine primao 20-ak milijuna turista, koliko ih npr. ugo\u0161\u0107uje cijela Hrvatska. Kruzeri su u Veneciji odnedavno zabranjeni, a svim posjetiteljima koji ondje ne no\u0107e, napla\u0107ivat \u0107e se ulaz u grad.&nbsp;<\/strong><\/p>\n\n\n\n<p>U, kako mu tepaju, najljep\u0161em dnevnom boravku u Italiji smjestio se, ka\u017eu, najstariji caffe bar na Starom kontinentu, koji kontinuirano radi od 1720. U njemu je sve kao prije tri stolje\u0107a. Svaka dvorana ima svoju pri\u010du, materijali su autenti\u010dni, ba\u0161 poput mramornih stolova. Uz \u0161alicu kave ondje su nekad sjedile dame u rasko\u0161nim haljinama, sastajali su se politi\u010dari, sklapali dogovori, pisala povijest Europe, a nastale su ovdje i prve novine. Glas se pro\u0161irio izvan granica Europe, danas je svjetski brend, mjesto koje se u Veneciji mora posjetiti.<br><br>&#8211; Interijer je promijenjen 1850. Dosljednost je adut ovoga mjesta, do danas je razlog zbog kojega je Floriano Francescani otvorio bar ostao isti. Ondje se, naime, okupljala svjetska klijentela, i to uz \u0161alicu kave, koja je u to vrijeme bila revolucionarni napitak. Dolazio je Casanova, revolucionari iz 1800., bilo je tu politike, dru\u0161tva, \u017eutila, sve ono \u0161to danas nazivamo &#8220;social&#8221; \u2013 govori\u00a0<strong>Annarita Panebianco<\/strong>, caffe bar Florian.<br><br>Zaposleno je \u010dak 85 osoba, imaju 500 sjede\u0107ih mjesta, svoj porculan, svoju mje\u0161avinu za kavu i kakao te zavidan pogled na baziliku svetog Marka i turiste iz cijeloga svijeta. I nakon pandemije \u010deka se u redu za najve\u0107e atrakcije, ali za grad na laguni, koji je prije posje\u0107ivalo izme\u0111u 15 i 25 milijuna turista &#8211; ovo je gotovo ni\u0161ta. Za gondole se red ne \u010deka.<br><br>Venecija je tijekom pandemije COVID-a odahnula. Masovni turizam \u017eeli ostaviti iza le\u0111a, a od sljede\u0107eg ljeta, prva u svijetu &#8211; napla\u0107ivat \u0107e ulaz jednodnevnim izletnicima, kojih je doista previ\u0161e.<br><br>&#8211; \u017delimo da turist koji bira Veneciju, ovdje provede vi\u0161e dana, \u017eelimo da do\u017eivi grad, a ne da u njemu ostane 3 sata, napravi &#8220;selfie&#8221; i ode. Zato \u0107emo zahtijevati od turista rezervacije posjeta, ba\u0161 kao \u0161to je to slu\u010daj sa svime tijekom pandemije. To \u0107e vrijediti i za ulazak u Veneciju \u2013 obja\u0161njava\u00a0<strong>Simone Venturini<\/strong>, pro\u010delnik za turizam i gospodarski razvoj Venecije.<br><br>Pla\u0107at \u0107e se od 3 do 10 eura, radnim danom manje, vikendom i praznicima vi\u0161e. I to nije sve od promjena. Nakon 10 godina bitke protiv kruzera, stotine prosvjeda i apela, talijanska vlada naglo je zabranila ulazak u lagunu grdosijama. Za aktiviste je to tek prvi korak, rat jo\u0161 traje, jer je u planu gradnja luke nadomak Venecije.<br><br>&#8211; Brodovi bi i dalje ostajali u laguni. To bi bio izgubljeni rat, zato \u0161to treba 60 milijuna eura samo da bi napravili vezove u Margheri, a to je industrijska luka i ne ide uz turizam jer je vrlo opasno \u2013 smatra\u00a0<strong>Cristiano Gasparetto<\/strong>, aktivist udruge No Grandi Navi.<br><br>Potro\u0161ilo bi se za kopanje u laguni &#8211; \u0161to je zabranjeno. Kruzeri su plovili samo 150 metara od za\u0161ti\u0107ene stare jezgre, a vi\u0161i su od svih gra\u0111evina. Uz to, one\u010di\u0161\u0107uju i uni\u0161tavaju krajolik. Tih turista vi\u0161e nema, \u0161to je za prodava\u010de na Trgu svetoga Mraka velik udarac.<br><br>Nakon pandemije pune ruke posla imaju i jedinstveni dizajneri, proizvo\u0111a\u010di autenti\u010dnih suvenira. Turist je spreman potro\u0161iti. \u017deli se zavu\u0107i u uske venecijanske kalete, \u010duti pri\u010du malih obrtnika, do\u017eivjeti i disati \u017eivot Venecije.<br><br>Ovaj jedinstveni grad odlu\u010dio se za drugu vrstu turizma. Ho\u0107e li u tome potpuno uspjeti ili je novac koji nosi masovni turizam premirisan, tek \u0107emo vidjeti.<\/p>\n\n\n\n<div style=\"width: 640px;\" class=\"wp-video\"><video class=\"wp-video-shortcode\" id=\"video-73677-1\" width=\"640\" height=\"360\" preload=\"metadata\" controls=\"controls\"><source type=\"video\/mp4\" src=\"https:\/\/api.hrt.hr\/media\/da\/15\/venecija-20211009161530.mp4?_=1\" \/><a href=\"https:\/\/api.hrt.hr\/media\/da\/15\/venecija-20211009161530.mp4\">https:\/\/api.hrt.hr\/media\/da\/15\/venecija-20211009161530.mp4<\/a><\/video><\/div>\n\n\n\n<p>Izvor:hrt.hr<\/p>\n","protected":false},"excerpt":{"rendered":"<p>Jedinstvena i turisti\u010dki prenapu\u010dena Venecija po\u010dinje se odmicati od masovnog turizma. Naime, \u017eeli se uvesti red u grad koji je svake godine primao 20-ak milijuna turista, koliko ih npr. ugo\u0161\u0107uje cijela Hrvatska. Kruzeri su u Veneciji odnedavno zabranjeni, a svim posjetiteljima koji ondje ne no\u0107e, napla\u0107ivat \u0107e se ulaz u grad.&nbsp; U, kako mu tepaju, [&hellip;]<\/p>\n","protected":false},"author":2,"featured_media":73678,"comment_status":"closed","ping_status":"closed","sticky":false,"template":"","format":"standard","meta":{"h5ap_radio_sources":[],"footnotes":""},"categories":[1],"tags":[],"class_list":["post-73677","post","type-post","status-publish","format-standard","has-post-thumbnail","hentry","category-bihiregija"],"yoast_head":"<!-- This site is optimized with the Yoast SEO plugin v27.5 - https:\/\/yoast.com\/product\/yoast-seo-wordpress\/ -->\n<title>Venecija se odlu\u010dila za drugu vrstu turizma - RADIO LJUBU\u0160KI<\/title>\n<meta name=\"robots\" content=\"index, follow, max-snippet:-1, max-image-preview:large, max-video-preview:-1\" \/>\n<link rel=\"canonical\" href=\"https:\/\/radioljubuski.ba\/index.php\/2021\/10\/09\/venecija-se-odlucila-za-drugu-vrstu-turizma\/\" \/>\n<meta property=\"og:locale\" content=\"hr_HR\" \/>\n<meta property=\"og:type\" content=\"article\" \/>\n<meta property=\"og:title\" content=\"Venecija se odlu\u010dila za drugu vrstu turizma - RADIO LJUBU\u0160KI\" \/>\n<meta property=\"og:description\" content=\"Jedinstvena i turisti\u010dki prenapu\u010dena Venecija po\u010dinje se odmicati od masovnog turizma. Naime, \u017eeli se uvesti red u grad koji je svake godine primao 20-ak milijuna turista, koliko ih npr. ugo\u0161\u0107uje cijela Hrvatska. Kruzeri su u Veneciji odnedavno zabranjeni, a svim posjetiteljima koji ondje ne no\u0107e, napla\u0107ivat \u0107e se ulaz u grad.&nbsp; U, kako mu tepaju, [&hellip;]\" \/>\n<meta property=\"og:url\" content=\"https:\/\/radioljubuski.ba\/index.php\/2021\/10\/09\/venecija-se-odlucila-za-drugu-vrstu-turizma\/\" \/>\n<meta property=\"og:site_name\" content=\"RADIO LJUBU\u0160KI\" \/>\n<meta property=\"article:publisher\" content=\"https:\/\/www.facebook.com\/Radiio-Ljubuski-1490835324566332\" \/>\n<meta property=\"article:published_time\" content=\"2021-10-09T22:09:20+00:00\" \/>\n<meta property=\"article:modified_time\" content=\"2021-10-09T22:09:21+00:00\" \/>\n<meta property=\"og:image\" content=\"https:\/\/radioljubuski.ba\/wp-content\/uploads\/2021\/10\/shutterstock-1272470107-20211009115727.jpg\" \/>\n\t<meta property=\"og:image:width\" content=\"688\" \/>\n\t<meta property=\"og:image:height\" content=\"388\" \/>\n\t<meta property=\"og:image:type\" content=\"image\/jpeg\" \/>\n<meta name=\"author\" content=\"Radio Ljubu\u0161ki\" \/>\n<meta name=\"twitter:card\" content=\"summary_large_image\" \/>\n<meta name=\"twitter:creator\" content=\"@radioljubuski\" \/>\n<meta name=\"twitter:site\" content=\"@radioljubuski\" \/>\n<meta name=\"twitter:label1\" content=\"Napisao\/la\" \/>\n\t<meta name=\"twitter:data1\" content=\"Radio Ljubu\u0161ki\" \/>\n\t<meta name=\"twitter:label2\" content=\"Procijenjeno vrijeme \u010ditanja\" \/>\n\t<meta name=\"twitter:data2\" content=\"3 minute\" \/>\n<script type=\"application\/ld+json\" class=\"yoast-schema-graph\">{\"@context\":\"https:\\\/\\\/schema.org\",\"@graph\":[{\"@type\":\"Article\",\"@id\":\"https:\\\/\\\/radioljubuski.ba\\\/index.php\\\/2021\\\/10\\\/09\\\/venecija-se-odlucila-za-drugu-vrstu-turizma\\\/#article\",\"isPartOf\":{\"@id\":\"https:\\\/\\\/radioljubuski.ba\\\/index.php\\\/2021\\\/10\\\/09\\\/venecija-se-odlucila-za-drugu-vrstu-turizma\\\/\"},\"author\":{\"name\":\"Radio Ljubu\u0161ki\",\"@id\":\"https:\\\/\\\/radioljubuski.ba\\\/#\\\/schema\\\/person\\\/19fc700381a780f69665d7956c469e3b\"},\"headline\":\"Venecija se odlu\u010dila za drugu vrstu turizma\",\"datePublished\":\"2021-10-09T22:09:20+00:00\",\"dateModified\":\"2021-10-09T22:09:21+00:00\",\"mainEntityOfPage\":{\"@id\":\"https:\\\/\\\/radioljubuski.ba\\\/index.php\\\/2021\\\/10\\\/09\\\/venecija-se-odlucila-za-drugu-vrstu-turizma\\\/\"},\"wordCount\":629,\"publisher\":{\"@id\":\"https:\\\/\\\/radioljubuski.ba\\\/#organization\"},\"image\":{\"@id\":\"https:\\\/\\\/radioljubuski.ba\\\/index.php\\\/2021\\\/10\\\/09\\\/venecija-se-odlucila-za-drugu-vrstu-turizma\\\/#primaryimage\"},\"thumbnailUrl\":\"https:\\\/\\\/radioljubuski.ba\\\/wp-content\\\/uploads\\\/2021\\\/10\\\/shutterstock-1272470107-20211009115727.jpg\",\"articleSection\":[\"BIH i regija\"],\"inLanguage\":\"hr\"},{\"@type\":\"WebPage\",\"@id\":\"https:\\\/\\\/radioljubuski.ba\\\/index.php\\\/2021\\\/10\\\/09\\\/venecija-se-odlucila-za-drugu-vrstu-turizma\\\/\",\"url\":\"https:\\\/\\\/radioljubuski.ba\\\/index.php\\\/2021\\\/10\\\/09\\\/venecija-se-odlucila-za-drugu-vrstu-turizma\\\/\",\"name\":\"Venecija se odlu\u010dila za drugu vrstu turizma - RADIO LJUBU\u0160KI\",\"isPartOf\":{\"@id\":\"https:\\\/\\\/radioljubuski.ba\\\/#website\"},\"primaryImageOfPage\":{\"@id\":\"https:\\\/\\\/radioljubuski.ba\\\/index.php\\\/2021\\\/10\\\/09\\\/venecija-se-odlucila-za-drugu-vrstu-turizma\\\/#primaryimage\"},\"image\":{\"@id\":\"https:\\\/\\\/radioljubuski.ba\\\/index.php\\\/2021\\\/10\\\/09\\\/venecija-se-odlucila-za-drugu-vrstu-turizma\\\/#primaryimage\"},\"thumbnailUrl\":\"https:\\\/\\\/radioljubuski.ba\\\/wp-content\\\/uploads\\\/2021\\\/10\\\/shutterstock-1272470107-20211009115727.jpg\",\"datePublished\":\"2021-10-09T22:09:20+00:00\",\"dateModified\":\"2021-10-09T22:09:21+00:00\",\"breadcrumb\":{\"@id\":\"https:\\\/\\\/radioljubuski.ba\\\/index.php\\\/2021\\\/10\\\/09\\\/venecija-se-odlucila-za-drugu-vrstu-turizma\\\/#breadcrumb\"},\"inLanguage\":\"hr\",\"potentialAction\":[{\"@type\":\"ReadAction\",\"target\":[\"https:\\\/\\\/radioljubuski.ba\\\/index.php\\\/2021\\\/10\\\/09\\\/venecija-se-odlucila-za-drugu-vrstu-turizma\\\/\"]}]},{\"@type\":\"ImageObject\",\"inLanguage\":\"hr\",\"@id\":\"https:\\\/\\\/radioljubuski.ba\\\/index.php\\\/2021\\\/10\\\/09\\\/venecija-se-odlucila-za-drugu-vrstu-turizma\\\/#primaryimage\",\"url\":\"https:\\\/\\\/radioljubuski.ba\\\/wp-content\\\/uploads\\\/2021\\\/10\\\/shutterstock-1272470107-20211009115727.jpg\",\"contentUrl\":\"https:\\\/\\\/radioljubuski.ba\\\/wp-content\\\/uploads\\\/2021\\\/10\\\/shutterstock-1272470107-20211009115727.jpg\",\"width\":688,\"height\":388},{\"@type\":\"BreadcrumbList\",\"@id\":\"https:\\\/\\\/radioljubuski.ba\\\/index.php\\\/2021\\\/10\\\/09\\\/venecija-se-odlucila-za-drugu-vrstu-turizma\\\/#breadcrumb\",\"itemListElement\":[{\"@type\":\"ListItem\",\"position\":1,\"name\":\"Po\u010detna stranica\",\"item\":\"https:\\\/\\\/radioljubuski.ba\\\/\"},{\"@type\":\"ListItem\",\"position\":2,\"name\":\"Venecija se odlu\u010dila za drugu vrstu turizma\"}]},{\"@type\":\"WebSite\",\"@id\":\"https:\\\/\\\/radioljubuski.ba\\\/#website\",\"url\":\"https:\\\/\\\/radioljubuski.ba\\\/\",\"name\":\"Radio Ljubu\u0161ki\",\"description\":\"Sun\u010dana frekvencija Hercegovine\",\"publisher\":{\"@id\":\"https:\\\/\\\/radioljubuski.ba\\\/#organization\"},\"potentialAction\":[{\"@type\":\"SearchAction\",\"target\":{\"@type\":\"EntryPoint\",\"urlTemplate\":\"https:\\\/\\\/radioljubuski.ba\\\/?s={search_term_string}\"},\"query-input\":{\"@type\":\"PropertyValueSpecification\",\"valueRequired\":true,\"valueName\":\"search_term_string\"}}],\"inLanguage\":\"hr\"},{\"@type\":\"Organization\",\"@id\":\"https:\\\/\\\/radioljubuski.ba\\\/#organization\",\"name\":\"Radio Ljubu\u0161ki\",\"url\":\"https:\\\/\\\/radioljubuski.ba\\\/\",\"logo\":{\"@type\":\"ImageObject\",\"inLanguage\":\"hr\",\"@id\":\"https:\\\/\\\/radioljubuski.ba\\\/#\\\/schema\\\/logo\\\/image\\\/\",\"url\":\"https:\\\/\\\/radioljubuski.ba\\\/wp-content\\\/uploads\\\/2021\\\/02\\\/cropped-Radio_Ljubuski_logo1.jpg\",\"contentUrl\":\"https:\\\/\\\/radioljubuski.ba\\\/wp-content\\\/uploads\\\/2021\\\/02\\\/cropped-Radio_Ljubuski_logo1.jpg\",\"width\":512,\"height\":512,\"caption\":\"Radio Ljubu\u0161ki\"},\"image\":{\"@id\":\"https:\\\/\\\/radioljubuski.ba\\\/#\\\/schema\\\/logo\\\/image\\\/\"},\"sameAs\":[\"https:\\\/\\\/www.facebook.com\\\/Radiio-Ljubuski-1490835324566332\",\"https:\\\/\\\/x.com\\\/radioljubuski\",\"https:\\\/\\\/hr.linkedin.com\\\/company\\\/radio-ljubuski\",\"https:\\\/\\\/www.youtube.com\\\/channel\\\/UCHYaeO_n0Db3tjNGudGpXyw\"]},{\"@type\":\"Person\",\"@id\":\"https:\\\/\\\/radioljubuski.ba\\\/#\\\/schema\\\/person\\\/19fc700381a780f69665d7956c469e3b\",\"name\":\"Radio Ljubu\u0161ki\"}]}<\/script>\n<!-- \/ Yoast SEO plugin. -->","yoast_head_json":{"title":"Venecija se odlu\u010dila za drugu vrstu turizma - RADIO LJUBU\u0160KI","robots":{"index":"index","follow":"follow","max-snippet":"max-snippet:-1","max-image-preview":"max-image-preview:large","max-video-preview":"max-video-preview:-1"},"canonical":"https:\/\/radioljubuski.ba\/index.php\/2021\/10\/09\/venecija-se-odlucila-za-drugu-vrstu-turizma\/","og_locale":"hr_HR","og_type":"article","og_title":"Venecija se odlu\u010dila za drugu vrstu turizma - RADIO LJUBU\u0160KI","og_description":"Jedinstvena i turisti\u010dki prenapu\u010dena Venecija po\u010dinje se odmicati od masovnog turizma. Naime, \u017eeli se uvesti red u grad koji je svake godine primao 20-ak milijuna turista, koliko ih npr. ugo\u0161\u0107uje cijela Hrvatska. Kruzeri su u Veneciji odnedavno zabranjeni, a svim posjetiteljima koji ondje ne no\u0107e, napla\u0107ivat \u0107e se ulaz u grad.&nbsp; U, kako mu tepaju, [&hellip;]","og_url":"https:\/\/radioljubuski.ba\/index.php\/2021\/10\/09\/venecija-se-odlucila-za-drugu-vrstu-turizma\/","og_site_name":"RADIO LJUBU\u0160KI","article_publisher":"https:\/\/www.facebook.com\/Radiio-Ljubuski-1490835324566332","article_published_time":"2021-10-09T22:09:20+00:00","article_modified_time":"2021-10-09T22:09:21+00:00","og_image":[{"width":688,"height":388,"url":"https:\/\/radioljubuski.ba\/wp-content\/uploads\/2021\/10\/shutterstock-1272470107-20211009115727.jpg","type":"image\/jpeg"}],"author":"Radio Ljubu\u0161ki","twitter_card":"summary_large_image","twitter_creator":"@radioljubuski","twitter_site":"@radioljubuski","twitter_misc":{"Napisao\/la":"Radio Ljubu\u0161ki","Procijenjeno vrijeme \u010ditanja":"3 minute"},"schema":{"@context":"https:\/\/schema.org","@graph":[{"@type":"Article","@id":"https:\/\/radioljubuski.ba\/index.php\/2021\/10\/09\/venecija-se-odlucila-za-drugu-vrstu-turizma\/#article","isPartOf":{"@id":"https:\/\/radioljubuski.ba\/index.php\/2021\/10\/09\/venecija-se-odlucila-za-drugu-vrstu-turizma\/"},"author":{"name":"Radio Ljubu\u0161ki","@id":"https:\/\/radioljubuski.ba\/#\/schema\/person\/19fc700381a780f69665d7956c469e3b"},"headline":"Venecija se odlu\u010dila za drugu vrstu turizma","datePublished":"2021-10-09T22:09:20+00:00","dateModified":"2021-10-09T22:09:21+00:00","mainEntityOfPage":{"@id":"https:\/\/radioljubuski.ba\/index.php\/2021\/10\/09\/venecija-se-odlucila-za-drugu-vrstu-turizma\/"},"wordCount":629,"publisher":{"@id":"https:\/\/radioljubuski.ba\/#organization"},"image":{"@id":"https:\/\/radioljubuski.ba\/index.php\/2021\/10\/09\/venecija-se-odlucila-za-drugu-vrstu-turizma\/#primaryimage"},"thumbnailUrl":"https:\/\/radioljubuski.ba\/wp-content\/uploads\/2021\/10\/shutterstock-1272470107-20211009115727.jpg","articleSection":["BIH i regija"],"inLanguage":"hr"},{"@type":"WebPage","@id":"https:\/\/radioljubuski.ba\/index.php\/2021\/10\/09\/venecija-se-odlucila-za-drugu-vrstu-turizma\/","url":"https:\/\/radioljubuski.ba\/index.php\/2021\/10\/09\/venecija-se-odlucila-za-drugu-vrstu-turizma\/","name":"Venecija se odlu\u010dila za drugu vrstu turizma - RADIO LJUBU\u0160KI","isPartOf":{"@id":"https:\/\/radioljubuski.ba\/#website"},"primaryImageOfPage":{"@id":"https:\/\/radioljubuski.ba\/index.php\/2021\/10\/09\/venecija-se-odlucila-za-drugu-vrstu-turizma\/#primaryimage"},"image":{"@id":"https:\/\/radioljubuski.ba\/index.php\/2021\/10\/09\/venecija-se-odlucila-za-drugu-vrstu-turizma\/#primaryimage"},"thumbnailUrl":"https:\/\/radioljubuski.ba\/wp-content\/uploads\/2021\/10\/shutterstock-1272470107-20211009115727.jpg","datePublished":"2021-10-09T22:09:20+00:00","dateModified":"2021-10-09T22:09:21+00:00","breadcrumb":{"@id":"https:\/\/radioljubuski.ba\/index.php\/2021\/10\/09\/venecija-se-odlucila-za-drugu-vrstu-turizma\/#breadcrumb"},"inLanguage":"hr","potentialAction":[{"@type":"ReadAction","target":["https:\/\/radioljubuski.ba\/index.php\/2021\/10\/09\/venecija-se-odlucila-za-drugu-vrstu-turizma\/"]}]},{"@type":"ImageObject","inLanguage":"hr","@id":"https:\/\/radioljubuski.ba\/index.php\/2021\/10\/09\/venecija-se-odlucila-za-drugu-vrstu-turizma\/#primaryimage","url":"https:\/\/radioljubuski.ba\/wp-content\/uploads\/2021\/10\/shutterstock-1272470107-20211009115727.jpg","contentUrl":"https:\/\/radioljubuski.ba\/wp-content\/uploads\/2021\/10\/shutterstock-1272470107-20211009115727.jpg","width":688,"height":388},{"@type":"BreadcrumbList","@id":"https:\/\/radioljubuski.ba\/index.php\/2021\/10\/09\/venecija-se-odlucila-za-drugu-vrstu-turizma\/#breadcrumb","itemListElement":[{"@type":"ListItem","position":1,"name":"Po\u010detna stranica","item":"https:\/\/radioljubuski.ba\/"},{"@type":"ListItem","position":2,"name":"Venecija se odlu\u010dila za drugu vrstu turizma"}]},{"@type":"WebSite","@id":"https:\/\/radioljubuski.ba\/#website","url":"https:\/\/radioljubuski.ba\/","name":"Radio Ljubu\u0161ki","description":"Sun\u010dana frekvencija Hercegovine","publisher":{"@id":"https:\/\/radioljubuski.ba\/#organization"},"potentialAction":[{"@type":"SearchAction","target":{"@type":"EntryPoint","urlTemplate":"https:\/\/radioljubuski.ba\/?s={search_term_string}"},"query-input":{"@type":"PropertyValueSpecification","valueRequired":true,"valueName":"search_term_string"}}],"inLanguage":"hr"},{"@type":"Organization","@id":"https:\/\/radioljubuski.ba\/#organization","name":"Radio Ljubu\u0161ki","url":"https:\/\/radioljubuski.ba\/","logo":{"@type":"ImageObject","inLanguage":"hr","@id":"https:\/\/radioljubuski.ba\/#\/schema\/logo\/image\/","url":"https:\/\/radioljubuski.ba\/wp-content\/uploads\/2021\/02\/cropped-Radio_Ljubuski_logo1.jpg","contentUrl":"https:\/\/radioljubuski.ba\/wp-content\/uploads\/2021\/02\/cropped-Radio_Ljubuski_logo1.jpg","width":512,"height":512,"caption":"Radio Ljubu\u0161ki"},"image":{"@id":"https:\/\/radioljubuski.ba\/#\/schema\/logo\/image\/"},"sameAs":["https:\/\/www.facebook.com\/Radiio-Ljubuski-1490835324566332","https:\/\/x.com\/radioljubuski","https:\/\/hr.linkedin.com\/company\/radio-ljubuski","https:\/\/www.youtube.com\/channel\/UCHYaeO_n0Db3tjNGudGpXyw"]},{"@type":"Person","@id":"https:\/\/radioljubuski.ba\/#\/schema\/person\/19fc700381a780f69665d7956c469e3b","name":"Radio Ljubu\u0161ki"}]}},"_links":{"self":[{"href":"https:\/\/radioljubuski.ba\/index.php\/wp-json\/wp\/v2\/posts\/73677","targetHints":{"allow":["GET"]}}],"collection":[{"href":"https:\/\/radioljubuski.ba\/index.php\/wp-json\/wp\/v2\/posts"}],"about":[{"href":"https:\/\/radioljubuski.ba\/index.php\/wp-json\/wp\/v2\/types\/post"}],"author":[{"embeddable":true,"href":"https:\/\/radioljubuski.ba\/index.php\/wp-json\/wp\/v2\/users\/2"}],"replies":[{"embeddable":true,"href":"https:\/\/radioljubuski.ba\/index.php\/wp-json\/wp\/v2\/comments?post=73677"}],"version-history":[{"count":1,"href":"https:\/\/radioljubuski.ba\/index.php\/wp-json\/wp\/v2\/posts\/73677\/revisions"}],"predecessor-version":[{"id":73679,"href":"https:\/\/radioljubuski.ba\/index.php\/wp-json\/wp\/v2\/posts\/73677\/revisions\/73679"}],"wp:featuredmedia":[{"embeddable":true,"href":"https:\/\/radioljubuski.ba\/index.php\/wp-json\/wp\/v2\/media\/73678"}],"wp:attachment":[{"href":"https:\/\/radioljubuski.ba\/index.php\/wp-json\/wp\/v2\/media?parent=73677"}],"wp:term":[{"taxonomy":"category","embeddable":true,"href":"https:\/\/radioljubuski.ba\/index.php\/wp-json\/wp\/v2\/categories?post=73677"},{"taxonomy":"post_tag","embeddable":true,"href":"https:\/\/radioljubuski.ba\/index.php\/wp-json\/wp\/v2\/tags?post=73677"}],"curies":[{"name":"wp","href":"https:\/\/api.w.org\/{rel}","templated":true}]}}