{"id":73680,"date":"2021-10-09T23:11:03","date_gmt":"2021-10-09T22:11:03","guid":{"rendered":"https:\/\/radioljubuski.ba\/?p=73680"},"modified":"2021-10-09T23:11:04","modified_gmt":"2021-10-09T22:11:04","slug":"dogovor-o-globalnom-porezu-ceka-se-odgovor-mocnih-korporacija","status":"publish","type":"post","link":"https:\/\/radioljubuski.ba\/index.php\/2021\/10\/09\/dogovor-o-globalnom-porezu-ceka-se-odgovor-mocnih-korporacija\/","title":{"rendered":"Dogovor o globalnom porezu &#8211; \u010deka se odgovor mo\u0107nih korporacija"},"content":{"rendered":"\n<p><strong>Vi\u0161e od 130 zemalja slo\u017eilo se s izmjenama na\u010dina na koji \u0107e se oporezivati velike globalne kompanije. Cilj uvo\u0111enja porezne stope od najmanje 15 posto za takve tvrtke jest sprije\u010diti ih da kriju profit u poreznim oazama. Pregovori su se vodili \u010detiri godine, a zbog tro\u0161kova vezanih za krizu izazvanu pandemijom ubrzali su potpisivanje sporazuma.<\/strong><\/p>\n\n\n\n<p>Me\u0111unarodna organizacija za ekonomsku suradnju i razvoj umjereno je optimisti\u010dna. Sporazum o po\u0161tenijem oporezivanju svih tvrtki koje godi\u0161nje uprihoduju vi\u0161e od 750 milijuna eura potpisale su sve \u010dlanice kluba G-20, sve \u010dlanice Europske unije i ukupno 136 dr\u017eava svijeta. Porezna stopa za megakompanije prijavljene u tim zemljama vi\u0161e ne smije biti ni\u017ea od 15 posto. Za taj je broj agitirala vlada SAD-a.<\/p>\n\n\n\n<p>&#8211; Dijelim umjereni optimizam. Ovo je prilika kakva se javlja jednom u generaciji. U\u010diniti me\u0111unarodni porezni sustav po\u0161tenijim. To je prilika da zemlje pove\u0107aju svoje prihode i usmjere ih za istinsko pobolj\u0161anje \u017eivota svojih gra\u0111ana tijekom oporavka od krize uzrokovane covidom, rekao je dr\u017eavni tajnik SAD-a&nbsp;<strong>Antony Blinken<\/strong>.&nbsp;<\/p>\n\n\n\n<p>Predsjednik SAD-a&nbsp;<strong>Joe Biden<\/strong>&nbsp;podsjetio je da je porezna nepravda mnogo starija od problema povezanih s pandemijom.<\/p>\n\n\n\n<p>&#8211; Ameri\u010dki radnici i porezni obveznici desetlje\u0107ima su izvla\u010dili deblji kraj u sustavu koji je pogodovao multinacionalnim korporacijama nagra\u0111uju\u0107i ih za to \u0161to prebacuju poslove i profite na druge kontinente, rekao je.&nbsp;<\/p>\n\n\n\n<p><br><strong>150 milijardi dolara poreza vi\u0161e svake godine<\/strong><br><br><\/p>\n\n\n\n<p>Prema novim pravilima porezne igre, Amazon, Google, Facebook i brojne druge multinacionalne kompanije koje su imale praksu registrirati se u manjim dr\u017eavama s malim porezima na dobit, sada bi, prema izra\u010dunima OECD-a, diljem svijeta trebale platiti oko 150 milijardi dolara poreza vi\u0161e. Svake godine.&nbsp;<\/p>\n\n\n\n<p>&#8211; Ovaj sporazum preduvjet je za istinsku poreznu revoluciju u 21. stolje\u0107u. To je doista porezna revolucija, jer mi od ovog ne\u0107emo odstupiti. Divovske digitalno-tehnolo\u0161ke tvrtke pla\u0107at \u0107e po\u0161tenu stopu poreza u zemljama u kojima ostvaruju profit, uklju\u010duju\u0107i Francusku, rekao je francuski ministar financija&nbsp;<strong>Bruno Le Maire<\/strong>.&nbsp; &nbsp;<\/p>\n\n\n\n<p>Optimizam zagovornika reforme proizlazi iz \u010dinjenice da su sporazum o prilagodbi digitaliziranoj ekonomiji potpisala i neka od klju\u010dnih poreznih uto\u010di\u0161ta kao \u0161to su Estonija, Ma\u0111arska i Irska, koja je na uvo\u0111enju ni\u017eeg poreza na dobit temeljila svoje ekonomsko \u010dudo u 21. stolje\u0107u.&nbsp;<\/p>\n\n\n\n<p>&#8211; Tvrtke za direktna ulaganja i druge s kojima sam razgovarao zadr\u017eale su, prema mom iskustvu, pozitivno stajali\u0161te prema Irskoj. Mi i dalje stabilno privla\u010dimo velika ulaganja u \u0161irokom spektru: biolo\u0161kim znanostima te digitalnim i drugim tehnologijama, rekao je predsjednik vlade Irske&nbsp;<strong>Miche\u00e1l Martin<\/strong>.&nbsp; &nbsp;<\/p>\n\n\n\n<p>Na odgovor mo\u0107nih korporacija tek se \u010deka. Pritom od 140 dr\u017eava koje su bile uklju\u010dene u pregovore sporazum nisu potpisale \u010detiri: Nigerija, Kenija, Pakistan i \u0160ri Lanka.\u00a0<\/p>\n\n\n\n<div style=\"width: 640px;\" class=\"wp-video\"><video class=\"wp-video-shortcode\" id=\"video-73680-1\" width=\"640\" height=\"360\" preload=\"metadata\" controls=\"controls\"><source type=\"video\/mp4\" src=\"https:\/\/api.hrt.hr\/media\/36\/00\/tvd2-porez-0910-20211009173313.mp4?_=1\" \/><a href=\"https:\/\/api.hrt.hr\/media\/36\/00\/tvd2-porez-0910-20211009173313.mp4\">https:\/\/api.hrt.hr\/media\/36\/00\/tvd2-porez-0910-20211009173313.mp4<\/a><\/video><\/div>\n\n\n\n<p>Izvor:hrt.hr<\/p>\n","protected":false},"excerpt":{"rendered":"<p>Vi\u0161e od 130 zemalja slo\u017eilo se s izmjenama na\u010dina na koji \u0107e se oporezivati velike globalne kompanije. Cilj uvo\u0111enja porezne stope od najmanje 15 posto za takve tvrtke jest sprije\u010diti ih da kriju profit u poreznim oazama. Pregovori su se vodili \u010detiri godine, a zbog tro\u0161kova vezanih za krizu izazvanu pandemijom ubrzali su potpisivanje sporazuma. [&hellip;]<\/p>\n","protected":false},"author":2,"featured_media":73681,"comment_status":"closed","ping_status":"closed","sticky":false,"template":"","format":"standard","meta":{"h5ap_radio_sources":[],"footnotes":""},"categories":[1],"tags":[],"class_list":["post-73680","post","type-post","status-publish","format-standard","has-post-thumbnail","hentry","category-bihiregija"],"yoast_head":"<!-- This site is optimized with the Yoast SEO plugin v27.5 - https:\/\/yoast.com\/product\/yoast-seo-wordpress\/ -->\n<title>Dogovor o globalnom porezu - \u010deka se odgovor mo\u0107nih korporacija - RADIO LJUBU\u0160KI<\/title>\n<meta name=\"robots\" content=\"index, follow, max-snippet:-1, max-image-preview:large, max-video-preview:-1\" \/>\n<link rel=\"canonical\" href=\"https:\/\/radioljubuski.ba\/index.php\/2021\/10\/09\/dogovor-o-globalnom-porezu-ceka-se-odgovor-mocnih-korporacija\/\" \/>\n<meta property=\"og:locale\" content=\"hr_HR\" \/>\n<meta property=\"og:type\" content=\"article\" \/>\n<meta property=\"og:title\" content=\"Dogovor o globalnom porezu - \u010deka se odgovor mo\u0107nih korporacija - RADIO LJUBU\u0160KI\" \/>\n<meta property=\"og:description\" content=\"Vi\u0161e od 130 zemalja slo\u017eilo se s izmjenama na\u010dina na koji \u0107e se oporezivati velike globalne kompanije. Cilj uvo\u0111enja porezne stope od najmanje 15 posto za takve tvrtke jest sprije\u010diti ih da kriju profit u poreznim oazama. Pregovori su se vodili \u010detiri godine, a zbog tro\u0161kova vezanih za krizu izazvanu pandemijom ubrzali su potpisivanje sporazuma. [&hellip;]\" \/>\n<meta property=\"og:url\" content=\"https:\/\/radioljubuski.ba\/index.php\/2021\/10\/09\/dogovor-o-globalnom-porezu-ceka-se-odgovor-mocnih-korporacija\/\" \/>\n<meta property=\"og:site_name\" content=\"RADIO LJUBU\u0160KI\" \/>\n<meta property=\"article:publisher\" content=\"https:\/\/www.facebook.com\/Radiio-Ljubuski-1490835324566332\" \/>\n<meta property=\"article:published_time\" content=\"2021-10-09T22:11:03+00:00\" \/>\n<meta property=\"article:modified_time\" content=\"2021-10-09T22:11:04+00:00\" \/>\n<meta property=\"og:image\" content=\"https:\/\/radioljubuski.ba\/wp-content\/uploads\/2021\/10\/2021-10-08t192218z-2140621093-rc2v5q92yqr1-rtrmadp-3-mexico-usa-blinken-20211009151659.jpg\" \/>\n\t<meta property=\"og:image:width\" content=\"1200\" \/>\n\t<meta property=\"og:image:height\" content=\"800\" \/>\n\t<meta property=\"og:image:type\" content=\"image\/jpeg\" \/>\n<meta name=\"author\" content=\"Radio Ljubu\u0161ki\" \/>\n<meta name=\"twitter:card\" content=\"summary_large_image\" \/>\n<meta name=\"twitter:creator\" content=\"@radioljubuski\" \/>\n<meta name=\"twitter:site\" content=\"@radioljubuski\" \/>\n<meta name=\"twitter:label1\" content=\"Napisao\/la\" \/>\n\t<meta name=\"twitter:data1\" content=\"Radio Ljubu\u0161ki\" \/>\n\t<meta name=\"twitter:label2\" content=\"Procijenjeno vrijeme \u010ditanja\" \/>\n\t<meta name=\"twitter:data2\" content=\"2 minute\" \/>\n<script type=\"application\/ld+json\" class=\"yoast-schema-graph\">{\"@context\":\"https:\\\/\\\/schema.org\",\"@graph\":[{\"@type\":\"Article\",\"@id\":\"https:\\\/\\\/radioljubuski.ba\\\/index.php\\\/2021\\\/10\\\/09\\\/dogovor-o-globalnom-porezu-ceka-se-odgovor-mocnih-korporacija\\\/#article\",\"isPartOf\":{\"@id\":\"https:\\\/\\\/radioljubuski.ba\\\/index.php\\\/2021\\\/10\\\/09\\\/dogovor-o-globalnom-porezu-ceka-se-odgovor-mocnih-korporacija\\\/\"},\"author\":{\"name\":\"Radio Ljubu\u0161ki\",\"@id\":\"https:\\\/\\\/radioljubuski.ba\\\/#\\\/schema\\\/person\\\/19fc700381a780f69665d7956c469e3b\"},\"headline\":\"Dogovor o globalnom porezu &#8211; \u010deka se odgovor mo\u0107nih korporacija\",\"datePublished\":\"2021-10-09T22:11:03+00:00\",\"dateModified\":\"2021-10-09T22:11:04+00:00\",\"mainEntityOfPage\":{\"@id\":\"https:\\\/\\\/radioljubuski.ba\\\/index.php\\\/2021\\\/10\\\/09\\\/dogovor-o-globalnom-porezu-ceka-se-odgovor-mocnih-korporacija\\\/\"},\"wordCount\":503,\"publisher\":{\"@id\":\"https:\\\/\\\/radioljubuski.ba\\\/#organization\"},\"image\":{\"@id\":\"https:\\\/\\\/radioljubuski.ba\\\/index.php\\\/2021\\\/10\\\/09\\\/dogovor-o-globalnom-porezu-ceka-se-odgovor-mocnih-korporacija\\\/#primaryimage\"},\"thumbnailUrl\":\"https:\\\/\\\/radioljubuski.ba\\\/wp-content\\\/uploads\\\/2021\\\/10\\\/2021-10-08t192218z-2140621093-rc2v5q92yqr1-rtrmadp-3-mexico-usa-blinken-20211009151659.jpg\",\"articleSection\":[\"BIH i regija\"],\"inLanguage\":\"hr\"},{\"@type\":\"WebPage\",\"@id\":\"https:\\\/\\\/radioljubuski.ba\\\/index.php\\\/2021\\\/10\\\/09\\\/dogovor-o-globalnom-porezu-ceka-se-odgovor-mocnih-korporacija\\\/\",\"url\":\"https:\\\/\\\/radioljubuski.ba\\\/index.php\\\/2021\\\/10\\\/09\\\/dogovor-o-globalnom-porezu-ceka-se-odgovor-mocnih-korporacija\\\/\",\"name\":\"Dogovor o globalnom porezu - \u010deka se odgovor mo\u0107nih korporacija - RADIO LJUBU\u0160KI\",\"isPartOf\":{\"@id\":\"https:\\\/\\\/radioljubuski.ba\\\/#website\"},\"primaryImageOfPage\":{\"@id\":\"https:\\\/\\\/radioljubuski.ba\\\/index.php\\\/2021\\\/10\\\/09\\\/dogovor-o-globalnom-porezu-ceka-se-odgovor-mocnih-korporacija\\\/#primaryimage\"},\"image\":{\"@id\":\"https:\\\/\\\/radioljubuski.ba\\\/index.php\\\/2021\\\/10\\\/09\\\/dogovor-o-globalnom-porezu-ceka-se-odgovor-mocnih-korporacija\\\/#primaryimage\"},\"thumbnailUrl\":\"https:\\\/\\\/radioljubuski.ba\\\/wp-content\\\/uploads\\\/2021\\\/10\\\/2021-10-08t192218z-2140621093-rc2v5q92yqr1-rtrmadp-3-mexico-usa-blinken-20211009151659.jpg\",\"datePublished\":\"2021-10-09T22:11:03+00:00\",\"dateModified\":\"2021-10-09T22:11:04+00:00\",\"breadcrumb\":{\"@id\":\"https:\\\/\\\/radioljubuski.ba\\\/index.php\\\/2021\\\/10\\\/09\\\/dogovor-o-globalnom-porezu-ceka-se-odgovor-mocnih-korporacija\\\/#breadcrumb\"},\"inLanguage\":\"hr\",\"potentialAction\":[{\"@type\":\"ReadAction\",\"target\":[\"https:\\\/\\\/radioljubuski.ba\\\/index.php\\\/2021\\\/10\\\/09\\\/dogovor-o-globalnom-porezu-ceka-se-odgovor-mocnih-korporacija\\\/\"]}]},{\"@type\":\"ImageObject\",\"inLanguage\":\"hr\",\"@id\":\"https:\\\/\\\/radioljubuski.ba\\\/index.php\\\/2021\\\/10\\\/09\\\/dogovor-o-globalnom-porezu-ceka-se-odgovor-mocnih-korporacija\\\/#primaryimage\",\"url\":\"https:\\\/\\\/radioljubuski.ba\\\/wp-content\\\/uploads\\\/2021\\\/10\\\/2021-10-08t192218z-2140621093-rc2v5q92yqr1-rtrmadp-3-mexico-usa-blinken-20211009151659.jpg\",\"contentUrl\":\"https:\\\/\\\/radioljubuski.ba\\\/wp-content\\\/uploads\\\/2021\\\/10\\\/2021-10-08t192218z-2140621093-rc2v5q92yqr1-rtrmadp-3-mexico-usa-blinken-20211009151659.jpg\",\"width\":1200,\"height\":800},{\"@type\":\"BreadcrumbList\",\"@id\":\"https:\\\/\\\/radioljubuski.ba\\\/index.php\\\/2021\\\/10\\\/09\\\/dogovor-o-globalnom-porezu-ceka-se-odgovor-mocnih-korporacija\\\/#breadcrumb\",\"itemListElement\":[{\"@type\":\"ListItem\",\"position\":1,\"name\":\"Po\u010detna stranica\",\"item\":\"https:\\\/\\\/radioljubuski.ba\\\/\"},{\"@type\":\"ListItem\",\"position\":2,\"name\":\"Dogovor o globalnom porezu &#8211; \u010deka se odgovor mo\u0107nih korporacija\"}]},{\"@type\":\"WebSite\",\"@id\":\"https:\\\/\\\/radioljubuski.ba\\\/#website\",\"url\":\"https:\\\/\\\/radioljubuski.ba\\\/\",\"name\":\"Radio Ljubu\u0161ki\",\"description\":\"Sun\u010dana frekvencija Hercegovine\",\"publisher\":{\"@id\":\"https:\\\/\\\/radioljubuski.ba\\\/#organization\"},\"potentialAction\":[{\"@type\":\"SearchAction\",\"target\":{\"@type\":\"EntryPoint\",\"urlTemplate\":\"https:\\\/\\\/radioljubuski.ba\\\/?s={search_term_string}\"},\"query-input\":{\"@type\":\"PropertyValueSpecification\",\"valueRequired\":true,\"valueName\":\"search_term_string\"}}],\"inLanguage\":\"hr\"},{\"@type\":\"Organization\",\"@id\":\"https:\\\/\\\/radioljubuski.ba\\\/#organization\",\"name\":\"Radio Ljubu\u0161ki\",\"url\":\"https:\\\/\\\/radioljubuski.ba\\\/\",\"logo\":{\"@type\":\"ImageObject\",\"inLanguage\":\"hr\",\"@id\":\"https:\\\/\\\/radioljubuski.ba\\\/#\\\/schema\\\/logo\\\/image\\\/\",\"url\":\"https:\\\/\\\/radioljubuski.ba\\\/wp-content\\\/uploads\\\/2021\\\/02\\\/cropped-Radio_Ljubuski_logo1.jpg\",\"contentUrl\":\"https:\\\/\\\/radioljubuski.ba\\\/wp-content\\\/uploads\\\/2021\\\/02\\\/cropped-Radio_Ljubuski_logo1.jpg\",\"width\":512,\"height\":512,\"caption\":\"Radio Ljubu\u0161ki\"},\"image\":{\"@id\":\"https:\\\/\\\/radioljubuski.ba\\\/#\\\/schema\\\/logo\\\/image\\\/\"},\"sameAs\":[\"https:\\\/\\\/www.facebook.com\\\/Radiio-Ljubuski-1490835324566332\",\"https:\\\/\\\/x.com\\\/radioljubuski\",\"https:\\\/\\\/hr.linkedin.com\\\/company\\\/radio-ljubuski\",\"https:\\\/\\\/www.youtube.com\\\/channel\\\/UCHYaeO_n0Db3tjNGudGpXyw\"]},{\"@type\":\"Person\",\"@id\":\"https:\\\/\\\/radioljubuski.ba\\\/#\\\/schema\\\/person\\\/19fc700381a780f69665d7956c469e3b\",\"name\":\"Radio Ljubu\u0161ki\"}]}<\/script>\n<!-- \/ Yoast SEO plugin. -->","yoast_head_json":{"title":"Dogovor o globalnom porezu - \u010deka se odgovor mo\u0107nih korporacija - RADIO LJUBU\u0160KI","robots":{"index":"index","follow":"follow","max-snippet":"max-snippet:-1","max-image-preview":"max-image-preview:large","max-video-preview":"max-video-preview:-1"},"canonical":"https:\/\/radioljubuski.ba\/index.php\/2021\/10\/09\/dogovor-o-globalnom-porezu-ceka-se-odgovor-mocnih-korporacija\/","og_locale":"hr_HR","og_type":"article","og_title":"Dogovor o globalnom porezu - \u010deka se odgovor mo\u0107nih korporacija - RADIO LJUBU\u0160KI","og_description":"Vi\u0161e od 130 zemalja slo\u017eilo se s izmjenama na\u010dina na koji \u0107e se oporezivati velike globalne kompanije. Cilj uvo\u0111enja porezne stope od najmanje 15 posto za takve tvrtke jest sprije\u010diti ih da kriju profit u poreznim oazama. Pregovori su se vodili \u010detiri godine, a zbog tro\u0161kova vezanih za krizu izazvanu pandemijom ubrzali su potpisivanje sporazuma. [&hellip;]","og_url":"https:\/\/radioljubuski.ba\/index.php\/2021\/10\/09\/dogovor-o-globalnom-porezu-ceka-se-odgovor-mocnih-korporacija\/","og_site_name":"RADIO LJUBU\u0160KI","article_publisher":"https:\/\/www.facebook.com\/Radiio-Ljubuski-1490835324566332","article_published_time":"2021-10-09T22:11:03+00:00","article_modified_time":"2021-10-09T22:11:04+00:00","og_image":[{"width":1200,"height":800,"url":"https:\/\/radioljubuski.ba\/wp-content\/uploads\/2021\/10\/2021-10-08t192218z-2140621093-rc2v5q92yqr1-rtrmadp-3-mexico-usa-blinken-20211009151659.jpg","type":"image\/jpeg"}],"author":"Radio Ljubu\u0161ki","twitter_card":"summary_large_image","twitter_creator":"@radioljubuski","twitter_site":"@radioljubuski","twitter_misc":{"Napisao\/la":"Radio Ljubu\u0161ki","Procijenjeno vrijeme \u010ditanja":"2 minute"},"schema":{"@context":"https:\/\/schema.org","@graph":[{"@type":"Article","@id":"https:\/\/radioljubuski.ba\/index.php\/2021\/10\/09\/dogovor-o-globalnom-porezu-ceka-se-odgovor-mocnih-korporacija\/#article","isPartOf":{"@id":"https:\/\/radioljubuski.ba\/index.php\/2021\/10\/09\/dogovor-o-globalnom-porezu-ceka-se-odgovor-mocnih-korporacija\/"},"author":{"name":"Radio Ljubu\u0161ki","@id":"https:\/\/radioljubuski.ba\/#\/schema\/person\/19fc700381a780f69665d7956c469e3b"},"headline":"Dogovor o globalnom porezu &#8211; \u010deka se odgovor mo\u0107nih korporacija","datePublished":"2021-10-09T22:11:03+00:00","dateModified":"2021-10-09T22:11:04+00:00","mainEntityOfPage":{"@id":"https:\/\/radioljubuski.ba\/index.php\/2021\/10\/09\/dogovor-o-globalnom-porezu-ceka-se-odgovor-mocnih-korporacija\/"},"wordCount":503,"publisher":{"@id":"https:\/\/radioljubuski.ba\/#organization"},"image":{"@id":"https:\/\/radioljubuski.ba\/index.php\/2021\/10\/09\/dogovor-o-globalnom-porezu-ceka-se-odgovor-mocnih-korporacija\/#primaryimage"},"thumbnailUrl":"https:\/\/radioljubuski.ba\/wp-content\/uploads\/2021\/10\/2021-10-08t192218z-2140621093-rc2v5q92yqr1-rtrmadp-3-mexico-usa-blinken-20211009151659.jpg","articleSection":["BIH i regija"],"inLanguage":"hr"},{"@type":"WebPage","@id":"https:\/\/radioljubuski.ba\/index.php\/2021\/10\/09\/dogovor-o-globalnom-porezu-ceka-se-odgovor-mocnih-korporacija\/","url":"https:\/\/radioljubuski.ba\/index.php\/2021\/10\/09\/dogovor-o-globalnom-porezu-ceka-se-odgovor-mocnih-korporacija\/","name":"Dogovor o globalnom porezu - \u010deka se odgovor mo\u0107nih korporacija - RADIO LJUBU\u0160KI","isPartOf":{"@id":"https:\/\/radioljubuski.ba\/#website"},"primaryImageOfPage":{"@id":"https:\/\/radioljubuski.ba\/index.php\/2021\/10\/09\/dogovor-o-globalnom-porezu-ceka-se-odgovor-mocnih-korporacija\/#primaryimage"},"image":{"@id":"https:\/\/radioljubuski.ba\/index.php\/2021\/10\/09\/dogovor-o-globalnom-porezu-ceka-se-odgovor-mocnih-korporacija\/#primaryimage"},"thumbnailUrl":"https:\/\/radioljubuski.ba\/wp-content\/uploads\/2021\/10\/2021-10-08t192218z-2140621093-rc2v5q92yqr1-rtrmadp-3-mexico-usa-blinken-20211009151659.jpg","datePublished":"2021-10-09T22:11:03+00:00","dateModified":"2021-10-09T22:11:04+00:00","breadcrumb":{"@id":"https:\/\/radioljubuski.ba\/index.php\/2021\/10\/09\/dogovor-o-globalnom-porezu-ceka-se-odgovor-mocnih-korporacija\/#breadcrumb"},"inLanguage":"hr","potentialAction":[{"@type":"ReadAction","target":["https:\/\/radioljubuski.ba\/index.php\/2021\/10\/09\/dogovor-o-globalnom-porezu-ceka-se-odgovor-mocnih-korporacija\/"]}]},{"@type":"ImageObject","inLanguage":"hr","@id":"https:\/\/radioljubuski.ba\/index.php\/2021\/10\/09\/dogovor-o-globalnom-porezu-ceka-se-odgovor-mocnih-korporacija\/#primaryimage","url":"https:\/\/radioljubuski.ba\/wp-content\/uploads\/2021\/10\/2021-10-08t192218z-2140621093-rc2v5q92yqr1-rtrmadp-3-mexico-usa-blinken-20211009151659.jpg","contentUrl":"https:\/\/radioljubuski.ba\/wp-content\/uploads\/2021\/10\/2021-10-08t192218z-2140621093-rc2v5q92yqr1-rtrmadp-3-mexico-usa-blinken-20211009151659.jpg","width":1200,"height":800},{"@type":"BreadcrumbList","@id":"https:\/\/radioljubuski.ba\/index.php\/2021\/10\/09\/dogovor-o-globalnom-porezu-ceka-se-odgovor-mocnih-korporacija\/#breadcrumb","itemListElement":[{"@type":"ListItem","position":1,"name":"Po\u010detna stranica","item":"https:\/\/radioljubuski.ba\/"},{"@type":"ListItem","position":2,"name":"Dogovor o globalnom porezu &#8211; \u010deka se odgovor mo\u0107nih korporacija"}]},{"@type":"WebSite","@id":"https:\/\/radioljubuski.ba\/#website","url":"https:\/\/radioljubuski.ba\/","name":"Radio Ljubu\u0161ki","description":"Sun\u010dana frekvencija Hercegovine","publisher":{"@id":"https:\/\/radioljubuski.ba\/#organization"},"potentialAction":[{"@type":"SearchAction","target":{"@type":"EntryPoint","urlTemplate":"https:\/\/radioljubuski.ba\/?s={search_term_string}"},"query-input":{"@type":"PropertyValueSpecification","valueRequired":true,"valueName":"search_term_string"}}],"inLanguage":"hr"},{"@type":"Organization","@id":"https:\/\/radioljubuski.ba\/#organization","name":"Radio Ljubu\u0161ki","url":"https:\/\/radioljubuski.ba\/","logo":{"@type":"ImageObject","inLanguage":"hr","@id":"https:\/\/radioljubuski.ba\/#\/schema\/logo\/image\/","url":"https:\/\/radioljubuski.ba\/wp-content\/uploads\/2021\/02\/cropped-Radio_Ljubuski_logo1.jpg","contentUrl":"https:\/\/radioljubuski.ba\/wp-content\/uploads\/2021\/02\/cropped-Radio_Ljubuski_logo1.jpg","width":512,"height":512,"caption":"Radio Ljubu\u0161ki"},"image":{"@id":"https:\/\/radioljubuski.ba\/#\/schema\/logo\/image\/"},"sameAs":["https:\/\/www.facebook.com\/Radiio-Ljubuski-1490835324566332","https:\/\/x.com\/radioljubuski","https:\/\/hr.linkedin.com\/company\/radio-ljubuski","https:\/\/www.youtube.com\/channel\/UCHYaeO_n0Db3tjNGudGpXyw"]},{"@type":"Person","@id":"https:\/\/radioljubuski.ba\/#\/schema\/person\/19fc700381a780f69665d7956c469e3b","name":"Radio Ljubu\u0161ki"}]}},"_links":{"self":[{"href":"https:\/\/radioljubuski.ba\/index.php\/wp-json\/wp\/v2\/posts\/73680","targetHints":{"allow":["GET"]}}],"collection":[{"href":"https:\/\/radioljubuski.ba\/index.php\/wp-json\/wp\/v2\/posts"}],"about":[{"href":"https:\/\/radioljubuski.ba\/index.php\/wp-json\/wp\/v2\/types\/post"}],"author":[{"embeddable":true,"href":"https:\/\/radioljubuski.ba\/index.php\/wp-json\/wp\/v2\/users\/2"}],"replies":[{"embeddable":true,"href":"https:\/\/radioljubuski.ba\/index.php\/wp-json\/wp\/v2\/comments?post=73680"}],"version-history":[{"count":1,"href":"https:\/\/radioljubuski.ba\/index.php\/wp-json\/wp\/v2\/posts\/73680\/revisions"}],"predecessor-version":[{"id":73682,"href":"https:\/\/radioljubuski.ba\/index.php\/wp-json\/wp\/v2\/posts\/73680\/revisions\/73682"}],"wp:featuredmedia":[{"embeddable":true,"href":"https:\/\/radioljubuski.ba\/index.php\/wp-json\/wp\/v2\/media\/73681"}],"wp:attachment":[{"href":"https:\/\/radioljubuski.ba\/index.php\/wp-json\/wp\/v2\/media?parent=73680"}],"wp:term":[{"taxonomy":"category","embeddable":true,"href":"https:\/\/radioljubuski.ba\/index.php\/wp-json\/wp\/v2\/categories?post=73680"},{"taxonomy":"post_tag","embeddable":true,"href":"https:\/\/radioljubuski.ba\/index.php\/wp-json\/wp\/v2\/tags?post=73680"}],"curies":[{"name":"wp","href":"https:\/\/api.w.org\/{rel}","templated":true}]}}