{"id":73689,"date":"2021-10-09T23:17:33","date_gmt":"2021-10-09T22:17:33","guid":{"rendered":"https:\/\/radioljubuski.ba\/?p=73689"},"modified":"2021-10-09T23:18:57","modified_gmt":"2021-10-09T22:18:57","slug":"milica-prije-deset-godina-otkrila-sam-prve-simptome-karcinoma-danas-sam-potpuno-zdrava-zena","status":"publish","type":"post","link":"https:\/\/radioljubuski.ba\/index.php\/2021\/10\/09\/milica-prije-deset-godina-otkrila-sam-prve-simptome-karcinoma-danas-sam-potpuno-zdrava-zena\/","title":{"rendered":"Milica: Prije deset godina otkrila sam prve simptome karcinoma, danas sam potpuno zdrava \u017eena"},"content":{"rendered":"\n<p><strong>Od raka dojke u Hrvatskoj oboli svaka deseta \u017eena, no u 98 posto slu\u010dajeva izlje\u010denje je mogu\u0107e ako se otkrije na vrijeme. Upravo je zato va\u017ena prevencija, a na nju se u listopadu &#8211; mjesecu borbe protiv raka dojke &#8211; upozorava razli\u010ditim akcijama. Predsjednica udruge &#8220;Biser&#8221; Milica Carek za Dnevnik HTV-a rekla je da je prije desetak godina otkrila karcinom dojke, a danas je na sre\u0107u zdrava osoba. Naglasila je kako su joj se prije desetak godina pojavili prvi simptomi, kvr\u017eica.<\/strong><\/p>\n\n\n\n<p>Odmah se javila lije\u010dniku, te je kroz tjedan dana bila i operirana. Milica je i\u0161la i na kemoterapije, ali i na zra\u010denja.<br><br>&#8211; Mislim da je sada sve u redu i da sam potpuno izlije\u010dena \u017eena, poru\u010dila je.<br><br>Dodala je kako je njezin okida\u010d bio veliki stres na poslu. Milica je istaknula kako se je promijenio i tretman oboljelih.<br><br>&#8211; Ima puno novih lijekova, pametnih lijekova, imunoterapije. Mislim da je sada izlje\u010denje puno ve\u0107e, nego je bilo prije. Danas lije\u010dnici daju puno od sebe da bi izlije\u010dili bolesne \u017eene, poru\u010dila je Milica.<\/p>\n\n\n\n<div style=\"width: 640px;\" class=\"wp-video\"><video class=\"wp-video-shortcode\" id=\"video-73689-1\" width=\"640\" height=\"360\" preload=\"metadata\" controls=\"controls\"><source type=\"video\/mp4\" src=\"https:\/\/api.hrt.hr\/media\/48\/36\/tvd2-dpx-bj-0910-20211009175632.mp4?_=1\" \/><a href=\"https:\/\/api.hrt.hr\/media\/48\/36\/tvd2-dpx-bj-0910-20211009175632.mp4\">https:\/\/api.hrt.hr\/media\/48\/36\/tvd2-dpx-bj-0910-20211009175632.mp4<\/a><\/video><\/div>\n\n\n\n<p>Hrvatska je ispod prosjeka Europske unije kada je u pitanju smrtnost od karcinoma dojke. Posljednje \u010detiri godine sve je manje smrt, na svu sre\u0107u.<br><br>Pomogao je i Nacionalni program ranog otkrivanja raka dojke. Milica je pozvala sve \u017eenske osobe da se odazovu pregledima, mla\u0111e na ultrazvuk, a starije neka se jave na mamografiju i da sprije\u010de te\u017ea oboljenja.<br><br>HRT-ova reporterka&nbsp;<strong>Suzana Balen&nbsp;<\/strong>kazala je kako je ve\u010deras bjelovarski paviljon postao ru\u017ei\u010dast u znak borbe protiv raka dojke i potpore svim oboljelima.<br><br>\u010clanice bjelovarske Udruge \u017eena lije\u010denih od karcinoma dojke &#8220;Biser&#8221; poslale su u nebo devet ru\u017ei\u010dastih balona u spomen na svoje preminule \u010dlanice.<\/p>\n\n\n\n<p>Izvor:hrt.hr<\/p>\n","protected":false},"excerpt":{"rendered":"<p>Od raka dojke u Hrvatskoj oboli svaka deseta \u017eena, no u 98 posto slu\u010dajeva izlje\u010denje je mogu\u0107e ako se otkrije na vrijeme. Upravo je zato va\u017ena prevencija, a na nju se u listopadu &#8211; mjesecu borbe protiv raka dojke &#8211; upozorava razli\u010ditim akcijama. Predsjednica udruge &#8220;Biser&#8221; Milica Carek za Dnevnik HTV-a rekla je da je [&hellip;]<\/p>\n","protected":false},"author":2,"featured_media":73690,"comment_status":"closed","ping_status":"closed","sticky":false,"template":"","format":"standard","meta":{"h5ap_radio_sources":[],"footnotes":""},"categories":[1],"tags":[],"class_list":["post-73689","post","type-post","status-publish","format-standard","has-post-thumbnail","hentry","category-bihiregija"],"yoast_head":"<!-- This site is optimized with the Yoast SEO plugin v27.5 - https:\/\/yoast.com\/product\/yoast-seo-wordpress\/ -->\n<title>Milica: Prije deset godina otkrila sam prve simptome karcinoma, danas sam potpuno zdrava \u017eena - RADIO LJUBU\u0160KI<\/title>\n<meta name=\"robots\" content=\"index, follow, max-snippet:-1, max-image-preview:large, max-video-preview:-1\" \/>\n<link rel=\"canonical\" href=\"https:\/\/radioljubuski.ba\/index.php\/2021\/10\/09\/milica-prije-deset-godina-otkrila-sam-prve-simptome-karcinoma-danas-sam-potpuno-zdrava-zena\/\" \/>\n<meta property=\"og:locale\" content=\"hr_HR\" \/>\n<meta property=\"og:type\" content=\"article\" \/>\n<meta property=\"og:title\" content=\"Milica: Prije deset godina otkrila sam prve simptome karcinoma, danas sam potpuno zdrava \u017eena - RADIO LJUBU\u0160KI\" \/>\n<meta property=\"og:description\" content=\"Od raka dojke u Hrvatskoj oboli svaka deseta \u017eena, no u 98 posto slu\u010dajeva izlje\u010denje je mogu\u0107e ako se otkrije na vrijeme. Upravo je zato va\u017ena prevencija, a na nju se u listopadu &#8211; mjesecu borbe protiv raka dojke &#8211; upozorava razli\u010ditim akcijama. Predsjednica udruge &#8220;Biser&#8221; Milica Carek za Dnevnik HTV-a rekla je da je [&hellip;]\" \/>\n<meta property=\"og:url\" content=\"https:\/\/radioljubuski.ba\/index.php\/2021\/10\/09\/milica-prije-deset-godina-otkrila-sam-prve-simptome-karcinoma-danas-sam-potpuno-zdrava-zena\/\" \/>\n<meta property=\"og:site_name\" content=\"RADIO LJUBU\u0160KI\" \/>\n<meta property=\"article:publisher\" content=\"https:\/\/www.facebook.com\/Radiio-Ljubuski-1490835324566332\" \/>\n<meta property=\"article:published_time\" content=\"2021-10-09T22:17:33+00:00\" \/>\n<meta property=\"article:modified_time\" content=\"2021-10-09T22:18:57+00:00\" \/>\n<meta property=\"og:image\" content=\"https:\/\/radioljubuski.ba\/wp-content\/uploads\/2021\/10\/tvd2-s-potpisima-frame-63102-20211009180411.jpg\" \/>\n\t<meta property=\"og:image:width\" content=\"800\" \/>\n\t<meta property=\"og:image:height\" content=\"646\" \/>\n\t<meta property=\"og:image:type\" content=\"image\/jpeg\" \/>\n<meta name=\"author\" content=\"Radio Ljubu\u0161ki\" \/>\n<meta name=\"twitter:card\" content=\"summary_large_image\" \/>\n<meta name=\"twitter:creator\" content=\"@radioljubuski\" \/>\n<meta name=\"twitter:site\" content=\"@radioljubuski\" \/>\n<meta name=\"twitter:label1\" content=\"Napisao\/la\" \/>\n\t<meta name=\"twitter:data1\" content=\"Radio Ljubu\u0161ki\" \/>\n\t<meta name=\"twitter:label2\" content=\"Procijenjeno vrijeme \u010ditanja\" \/>\n\t<meta name=\"twitter:data2\" content=\"2 minute\" \/>\n<script type=\"application\/ld+json\" class=\"yoast-schema-graph\">{\"@context\":\"https:\\\/\\\/schema.org\",\"@graph\":[{\"@type\":\"Article\",\"@id\":\"https:\\\/\\\/radioljubuski.ba\\\/index.php\\\/2021\\\/10\\\/09\\\/milica-prije-deset-godina-otkrila-sam-prve-simptome-karcinoma-danas-sam-potpuno-zdrava-zena\\\/#article\",\"isPartOf\":{\"@id\":\"https:\\\/\\\/radioljubuski.ba\\\/index.php\\\/2021\\\/10\\\/09\\\/milica-prije-deset-godina-otkrila-sam-prve-simptome-karcinoma-danas-sam-potpuno-zdrava-zena\\\/\"},\"author\":{\"name\":\"Radio Ljubu\u0161ki\",\"@id\":\"https:\\\/\\\/radioljubuski.ba\\\/#\\\/schema\\\/person\\\/19fc700381a780f69665d7956c469e3b\"},\"headline\":\"Milica: Prije deset godina otkrila sam prve simptome karcinoma, danas sam potpuno zdrava \u017eena\",\"datePublished\":\"2021-10-09T22:17:33+00:00\",\"dateModified\":\"2021-10-09T22:18:57+00:00\",\"mainEntityOfPage\":{\"@id\":\"https:\\\/\\\/radioljubuski.ba\\\/index.php\\\/2021\\\/10\\\/09\\\/milica-prije-deset-godina-otkrila-sam-prve-simptome-karcinoma-danas-sam-potpuno-zdrava-zena\\\/\"},\"wordCount\":330,\"publisher\":{\"@id\":\"https:\\\/\\\/radioljubuski.ba\\\/#organization\"},\"image\":{\"@id\":\"https:\\\/\\\/radioljubuski.ba\\\/index.php\\\/2021\\\/10\\\/09\\\/milica-prije-deset-godina-otkrila-sam-prve-simptome-karcinoma-danas-sam-potpuno-zdrava-zena\\\/#primaryimage\"},\"thumbnailUrl\":\"https:\\\/\\\/radioljubuski.ba\\\/wp-content\\\/uploads\\\/2021\\\/10\\\/tvd2-s-potpisima-frame-63102-20211009180411.jpg\",\"articleSection\":[\"BIH i regija\"],\"inLanguage\":\"hr\"},{\"@type\":\"WebPage\",\"@id\":\"https:\\\/\\\/radioljubuski.ba\\\/index.php\\\/2021\\\/10\\\/09\\\/milica-prije-deset-godina-otkrila-sam-prve-simptome-karcinoma-danas-sam-potpuno-zdrava-zena\\\/\",\"url\":\"https:\\\/\\\/radioljubuski.ba\\\/index.php\\\/2021\\\/10\\\/09\\\/milica-prije-deset-godina-otkrila-sam-prve-simptome-karcinoma-danas-sam-potpuno-zdrava-zena\\\/\",\"name\":\"Milica: Prije deset godina otkrila sam prve simptome karcinoma, danas sam potpuno zdrava \u017eena - RADIO LJUBU\u0160KI\",\"isPartOf\":{\"@id\":\"https:\\\/\\\/radioljubuski.ba\\\/#website\"},\"primaryImageOfPage\":{\"@id\":\"https:\\\/\\\/radioljubuski.ba\\\/index.php\\\/2021\\\/10\\\/09\\\/milica-prije-deset-godina-otkrila-sam-prve-simptome-karcinoma-danas-sam-potpuno-zdrava-zena\\\/#primaryimage\"},\"image\":{\"@id\":\"https:\\\/\\\/radioljubuski.ba\\\/index.php\\\/2021\\\/10\\\/09\\\/milica-prije-deset-godina-otkrila-sam-prve-simptome-karcinoma-danas-sam-potpuno-zdrava-zena\\\/#primaryimage\"},\"thumbnailUrl\":\"https:\\\/\\\/radioljubuski.ba\\\/wp-content\\\/uploads\\\/2021\\\/10\\\/tvd2-s-potpisima-frame-63102-20211009180411.jpg\",\"datePublished\":\"2021-10-09T22:17:33+00:00\",\"dateModified\":\"2021-10-09T22:18:57+00:00\",\"breadcrumb\":{\"@id\":\"https:\\\/\\\/radioljubuski.ba\\\/index.php\\\/2021\\\/10\\\/09\\\/milica-prije-deset-godina-otkrila-sam-prve-simptome-karcinoma-danas-sam-potpuno-zdrava-zena\\\/#breadcrumb\"},\"inLanguage\":\"hr\",\"potentialAction\":[{\"@type\":\"ReadAction\",\"target\":[\"https:\\\/\\\/radioljubuski.ba\\\/index.php\\\/2021\\\/10\\\/09\\\/milica-prije-deset-godina-otkrila-sam-prve-simptome-karcinoma-danas-sam-potpuno-zdrava-zena\\\/\"]}]},{\"@type\":\"ImageObject\",\"inLanguage\":\"hr\",\"@id\":\"https:\\\/\\\/radioljubuski.ba\\\/index.php\\\/2021\\\/10\\\/09\\\/milica-prije-deset-godina-otkrila-sam-prve-simptome-karcinoma-danas-sam-potpuno-zdrava-zena\\\/#primaryimage\",\"url\":\"https:\\\/\\\/radioljubuski.ba\\\/wp-content\\\/uploads\\\/2021\\\/10\\\/tvd2-s-potpisima-frame-63102-20211009180411.jpg\",\"contentUrl\":\"https:\\\/\\\/radioljubuski.ba\\\/wp-content\\\/uploads\\\/2021\\\/10\\\/tvd2-s-potpisima-frame-63102-20211009180411.jpg\",\"width\":800,\"height\":646},{\"@type\":\"BreadcrumbList\",\"@id\":\"https:\\\/\\\/radioljubuski.ba\\\/index.php\\\/2021\\\/10\\\/09\\\/milica-prije-deset-godina-otkrila-sam-prve-simptome-karcinoma-danas-sam-potpuno-zdrava-zena\\\/#breadcrumb\",\"itemListElement\":[{\"@type\":\"ListItem\",\"position\":1,\"name\":\"Po\u010detna stranica\",\"item\":\"https:\\\/\\\/radioljubuski.ba\\\/\"},{\"@type\":\"ListItem\",\"position\":2,\"name\":\"Milica: Prije deset godina otkrila sam prve simptome karcinoma, danas sam potpuno zdrava \u017eena\"}]},{\"@type\":\"WebSite\",\"@id\":\"https:\\\/\\\/radioljubuski.ba\\\/#website\",\"url\":\"https:\\\/\\\/radioljubuski.ba\\\/\",\"name\":\"Radio Ljubu\u0161ki\",\"description\":\"Sun\u010dana frekvencija Hercegovine\",\"publisher\":{\"@id\":\"https:\\\/\\\/radioljubuski.ba\\\/#organization\"},\"potentialAction\":[{\"@type\":\"SearchAction\",\"target\":{\"@type\":\"EntryPoint\",\"urlTemplate\":\"https:\\\/\\\/radioljubuski.ba\\\/?s={search_term_string}\"},\"query-input\":{\"@type\":\"PropertyValueSpecification\",\"valueRequired\":true,\"valueName\":\"search_term_string\"}}],\"inLanguage\":\"hr\"},{\"@type\":\"Organization\",\"@id\":\"https:\\\/\\\/radioljubuski.ba\\\/#organization\",\"name\":\"Radio Ljubu\u0161ki\",\"url\":\"https:\\\/\\\/radioljubuski.ba\\\/\",\"logo\":{\"@type\":\"ImageObject\",\"inLanguage\":\"hr\",\"@id\":\"https:\\\/\\\/radioljubuski.ba\\\/#\\\/schema\\\/logo\\\/image\\\/\",\"url\":\"https:\\\/\\\/radioljubuski.ba\\\/wp-content\\\/uploads\\\/2021\\\/02\\\/cropped-Radio_Ljubuski_logo1.jpg\",\"contentUrl\":\"https:\\\/\\\/radioljubuski.ba\\\/wp-content\\\/uploads\\\/2021\\\/02\\\/cropped-Radio_Ljubuski_logo1.jpg\",\"width\":512,\"height\":512,\"caption\":\"Radio Ljubu\u0161ki\"},\"image\":{\"@id\":\"https:\\\/\\\/radioljubuski.ba\\\/#\\\/schema\\\/logo\\\/image\\\/\"},\"sameAs\":[\"https:\\\/\\\/www.facebook.com\\\/Radiio-Ljubuski-1490835324566332\",\"https:\\\/\\\/x.com\\\/radioljubuski\",\"https:\\\/\\\/hr.linkedin.com\\\/company\\\/radio-ljubuski\",\"https:\\\/\\\/www.youtube.com\\\/channel\\\/UCHYaeO_n0Db3tjNGudGpXyw\"]},{\"@type\":\"Person\",\"@id\":\"https:\\\/\\\/radioljubuski.ba\\\/#\\\/schema\\\/person\\\/19fc700381a780f69665d7956c469e3b\",\"name\":\"Radio Ljubu\u0161ki\"}]}<\/script>\n<!-- \/ Yoast SEO plugin. -->","yoast_head_json":{"title":"Milica: Prije deset godina otkrila sam prve simptome karcinoma, danas sam potpuno zdrava \u017eena - RADIO LJUBU\u0160KI","robots":{"index":"index","follow":"follow","max-snippet":"max-snippet:-1","max-image-preview":"max-image-preview:large","max-video-preview":"max-video-preview:-1"},"canonical":"https:\/\/radioljubuski.ba\/index.php\/2021\/10\/09\/milica-prije-deset-godina-otkrila-sam-prve-simptome-karcinoma-danas-sam-potpuno-zdrava-zena\/","og_locale":"hr_HR","og_type":"article","og_title":"Milica: Prije deset godina otkrila sam prve simptome karcinoma, danas sam potpuno zdrava \u017eena - RADIO LJUBU\u0160KI","og_description":"Od raka dojke u Hrvatskoj oboli svaka deseta \u017eena, no u 98 posto slu\u010dajeva izlje\u010denje je mogu\u0107e ako se otkrije na vrijeme. Upravo je zato va\u017ena prevencija, a na nju se u listopadu &#8211; mjesecu borbe protiv raka dojke &#8211; upozorava razli\u010ditim akcijama. Predsjednica udruge &#8220;Biser&#8221; Milica Carek za Dnevnik HTV-a rekla je da je [&hellip;]","og_url":"https:\/\/radioljubuski.ba\/index.php\/2021\/10\/09\/milica-prije-deset-godina-otkrila-sam-prve-simptome-karcinoma-danas-sam-potpuno-zdrava-zena\/","og_site_name":"RADIO LJUBU\u0160KI","article_publisher":"https:\/\/www.facebook.com\/Radiio-Ljubuski-1490835324566332","article_published_time":"2021-10-09T22:17:33+00:00","article_modified_time":"2021-10-09T22:18:57+00:00","og_image":[{"width":800,"height":646,"url":"https:\/\/radioljubuski.ba\/wp-content\/uploads\/2021\/10\/tvd2-s-potpisima-frame-63102-20211009180411.jpg","type":"image\/jpeg"}],"author":"Radio Ljubu\u0161ki","twitter_card":"summary_large_image","twitter_creator":"@radioljubuski","twitter_site":"@radioljubuski","twitter_misc":{"Napisao\/la":"Radio Ljubu\u0161ki","Procijenjeno vrijeme \u010ditanja":"2 minute"},"schema":{"@context":"https:\/\/schema.org","@graph":[{"@type":"Article","@id":"https:\/\/radioljubuski.ba\/index.php\/2021\/10\/09\/milica-prije-deset-godina-otkrila-sam-prve-simptome-karcinoma-danas-sam-potpuno-zdrava-zena\/#article","isPartOf":{"@id":"https:\/\/radioljubuski.ba\/index.php\/2021\/10\/09\/milica-prije-deset-godina-otkrila-sam-prve-simptome-karcinoma-danas-sam-potpuno-zdrava-zena\/"},"author":{"name":"Radio Ljubu\u0161ki","@id":"https:\/\/radioljubuski.ba\/#\/schema\/person\/19fc700381a780f69665d7956c469e3b"},"headline":"Milica: Prije deset godina otkrila sam prve simptome karcinoma, danas sam potpuno zdrava \u017eena","datePublished":"2021-10-09T22:17:33+00:00","dateModified":"2021-10-09T22:18:57+00:00","mainEntityOfPage":{"@id":"https:\/\/radioljubuski.ba\/index.php\/2021\/10\/09\/milica-prije-deset-godina-otkrila-sam-prve-simptome-karcinoma-danas-sam-potpuno-zdrava-zena\/"},"wordCount":330,"publisher":{"@id":"https:\/\/radioljubuski.ba\/#organization"},"image":{"@id":"https:\/\/radioljubuski.ba\/index.php\/2021\/10\/09\/milica-prije-deset-godina-otkrila-sam-prve-simptome-karcinoma-danas-sam-potpuno-zdrava-zena\/#primaryimage"},"thumbnailUrl":"https:\/\/radioljubuski.ba\/wp-content\/uploads\/2021\/10\/tvd2-s-potpisima-frame-63102-20211009180411.jpg","articleSection":["BIH i regija"],"inLanguage":"hr"},{"@type":"WebPage","@id":"https:\/\/radioljubuski.ba\/index.php\/2021\/10\/09\/milica-prije-deset-godina-otkrila-sam-prve-simptome-karcinoma-danas-sam-potpuno-zdrava-zena\/","url":"https:\/\/radioljubuski.ba\/index.php\/2021\/10\/09\/milica-prije-deset-godina-otkrila-sam-prve-simptome-karcinoma-danas-sam-potpuno-zdrava-zena\/","name":"Milica: Prije deset godina otkrila sam prve simptome karcinoma, danas sam potpuno zdrava \u017eena - RADIO LJUBU\u0160KI","isPartOf":{"@id":"https:\/\/radioljubuski.ba\/#website"},"primaryImageOfPage":{"@id":"https:\/\/radioljubuski.ba\/index.php\/2021\/10\/09\/milica-prije-deset-godina-otkrila-sam-prve-simptome-karcinoma-danas-sam-potpuno-zdrava-zena\/#primaryimage"},"image":{"@id":"https:\/\/radioljubuski.ba\/index.php\/2021\/10\/09\/milica-prije-deset-godina-otkrila-sam-prve-simptome-karcinoma-danas-sam-potpuno-zdrava-zena\/#primaryimage"},"thumbnailUrl":"https:\/\/radioljubuski.ba\/wp-content\/uploads\/2021\/10\/tvd2-s-potpisima-frame-63102-20211009180411.jpg","datePublished":"2021-10-09T22:17:33+00:00","dateModified":"2021-10-09T22:18:57+00:00","breadcrumb":{"@id":"https:\/\/radioljubuski.ba\/index.php\/2021\/10\/09\/milica-prije-deset-godina-otkrila-sam-prve-simptome-karcinoma-danas-sam-potpuno-zdrava-zena\/#breadcrumb"},"inLanguage":"hr","potentialAction":[{"@type":"ReadAction","target":["https:\/\/radioljubuski.ba\/index.php\/2021\/10\/09\/milica-prije-deset-godina-otkrila-sam-prve-simptome-karcinoma-danas-sam-potpuno-zdrava-zena\/"]}]},{"@type":"ImageObject","inLanguage":"hr","@id":"https:\/\/radioljubuski.ba\/index.php\/2021\/10\/09\/milica-prije-deset-godina-otkrila-sam-prve-simptome-karcinoma-danas-sam-potpuno-zdrava-zena\/#primaryimage","url":"https:\/\/radioljubuski.ba\/wp-content\/uploads\/2021\/10\/tvd2-s-potpisima-frame-63102-20211009180411.jpg","contentUrl":"https:\/\/radioljubuski.ba\/wp-content\/uploads\/2021\/10\/tvd2-s-potpisima-frame-63102-20211009180411.jpg","width":800,"height":646},{"@type":"BreadcrumbList","@id":"https:\/\/radioljubuski.ba\/index.php\/2021\/10\/09\/milica-prije-deset-godina-otkrila-sam-prve-simptome-karcinoma-danas-sam-potpuno-zdrava-zena\/#breadcrumb","itemListElement":[{"@type":"ListItem","position":1,"name":"Po\u010detna stranica","item":"https:\/\/radioljubuski.ba\/"},{"@type":"ListItem","position":2,"name":"Milica: Prije deset godina otkrila sam prve simptome karcinoma, danas sam potpuno zdrava \u017eena"}]},{"@type":"WebSite","@id":"https:\/\/radioljubuski.ba\/#website","url":"https:\/\/radioljubuski.ba\/","name":"Radio Ljubu\u0161ki","description":"Sun\u010dana frekvencija Hercegovine","publisher":{"@id":"https:\/\/radioljubuski.ba\/#organization"},"potentialAction":[{"@type":"SearchAction","target":{"@type":"EntryPoint","urlTemplate":"https:\/\/radioljubuski.ba\/?s={search_term_string}"},"query-input":{"@type":"PropertyValueSpecification","valueRequired":true,"valueName":"search_term_string"}}],"inLanguage":"hr"},{"@type":"Organization","@id":"https:\/\/radioljubuski.ba\/#organization","name":"Radio Ljubu\u0161ki","url":"https:\/\/radioljubuski.ba\/","logo":{"@type":"ImageObject","inLanguage":"hr","@id":"https:\/\/radioljubuski.ba\/#\/schema\/logo\/image\/","url":"https:\/\/radioljubuski.ba\/wp-content\/uploads\/2021\/02\/cropped-Radio_Ljubuski_logo1.jpg","contentUrl":"https:\/\/radioljubuski.ba\/wp-content\/uploads\/2021\/02\/cropped-Radio_Ljubuski_logo1.jpg","width":512,"height":512,"caption":"Radio Ljubu\u0161ki"},"image":{"@id":"https:\/\/radioljubuski.ba\/#\/schema\/logo\/image\/"},"sameAs":["https:\/\/www.facebook.com\/Radiio-Ljubuski-1490835324566332","https:\/\/x.com\/radioljubuski","https:\/\/hr.linkedin.com\/company\/radio-ljubuski","https:\/\/www.youtube.com\/channel\/UCHYaeO_n0Db3tjNGudGpXyw"]},{"@type":"Person","@id":"https:\/\/radioljubuski.ba\/#\/schema\/person\/19fc700381a780f69665d7956c469e3b","name":"Radio Ljubu\u0161ki"}]}},"_links":{"self":[{"href":"https:\/\/radioljubuski.ba\/index.php\/wp-json\/wp\/v2\/posts\/73689","targetHints":{"allow":["GET"]}}],"collection":[{"href":"https:\/\/radioljubuski.ba\/index.php\/wp-json\/wp\/v2\/posts"}],"about":[{"href":"https:\/\/radioljubuski.ba\/index.php\/wp-json\/wp\/v2\/types\/post"}],"author":[{"embeddable":true,"href":"https:\/\/radioljubuski.ba\/index.php\/wp-json\/wp\/v2\/users\/2"}],"replies":[{"embeddable":true,"href":"https:\/\/radioljubuski.ba\/index.php\/wp-json\/wp\/v2\/comments?post=73689"}],"version-history":[{"count":1,"href":"https:\/\/radioljubuski.ba\/index.php\/wp-json\/wp\/v2\/posts\/73689\/revisions"}],"predecessor-version":[{"id":73691,"href":"https:\/\/radioljubuski.ba\/index.php\/wp-json\/wp\/v2\/posts\/73689\/revisions\/73691"}],"wp:featuredmedia":[{"embeddable":true,"href":"https:\/\/radioljubuski.ba\/index.php\/wp-json\/wp\/v2\/media\/73690"}],"wp:attachment":[{"href":"https:\/\/radioljubuski.ba\/index.php\/wp-json\/wp\/v2\/media?parent=73689"}],"wp:term":[{"taxonomy":"category","embeddable":true,"href":"https:\/\/radioljubuski.ba\/index.php\/wp-json\/wp\/v2\/categories?post=73689"},{"taxonomy":"post_tag","embeddable":true,"href":"https:\/\/radioljubuski.ba\/index.php\/wp-json\/wp\/v2\/tags?post=73689"}],"curies":[{"name":"wp","href":"https:\/\/api.w.org\/{rel}","templated":true}]}}