{"id":73695,"date":"2021-10-09T23:21:55","date_gmt":"2021-10-09T22:21:55","guid":{"rendered":"https:\/\/radioljubuski.ba\/?p=73695"},"modified":"2021-10-09T23:21:56","modified_gmt":"2021-10-09T22:21:56","slug":"igor-u-borbi-s-koronavirusom-bilo-je-tesko-najgora-je-neizvjesnost","status":"publish","type":"post","link":"https:\/\/radioljubuski.ba\/index.php\/2021\/10\/09\/igor-u-borbi-s-koronavirusom-bilo-je-tesko-najgora-je-neizvjesnost\/","title":{"rendered":"Igor u borbi s koronavirusom: Bilo je te\u0161ko, najgora je neizvjesnost"},"content":{"rendered":"\n<p><strong>Broj oboljelih od koronavirusa proteklih tjedana raste, a te\u0161ku klini\u010dku sliku sve \u010de\u0161\u0107e imaju i mla\u0111i pacijenti. Sve je po\u010delo u prosincu pro\u0161le godine. Bolovi u tijelu, temperatura i malaksalost. Test na koronavirus bio je pozitivan.&nbsp;<\/strong><\/p>\n\n\n\n<p>&#8211; Uzeo me krevet \u0161to bi se reklo, nisam se mogao maknuti. Nije me bilo briga za ni\u0161ta. Imao sam obostranu upalu plu\u0107a. Spu\u0161tao sam temperaturu, pio antibiotike, dexamethasone 35 dana. Bilo je te\u0161ko. Stalno sam mjerio kako di\u0161em. Ja sam dosta dobro disao, ali kad je bilo problema i\u0161ao sam u bolnicu. U tih 35 dana tri put sam i\u0161ao u bolnicu, rekao je\u00a0<strong>Igor Blaslov<\/strong>.<br><br>Ostati psihi\u010dki sna\u017ean bilo je najte\u017ee, ka\u017ee Igor.<br><br>&#8211; Dva dana nemate temperature i mislite, evo gotovo je. Me\u0111utim, opet temperatura, opet sve po starome i to vas deprimira. Ne znate gdje je tu kraj i kakav je kraj. Najgora je bila ta neizvjesnost. \u0160to \u0107e biti sutra, ho\u0107e li pro\u0107i ili \u0107e nekako druk\u010dije zavr\u0161iti, naglasio je Igor.<br><br>Zavr\u0161ilo je bez hospitalizacije. No posljedice i dalje osje\u0107a. I ovih dana je na pretragama.<br><br>&#8211; Uho, grlo, nos bio je pregled. Bila je gastroskopija. Sad idemo na sljede\u0107u pretragu &#8211; vidjet \u0107emo \u0161to je sa \u0161titnja\u010dom. Ja imam neke posljedice u grlu, gutanju i ne znam je l&#8217; bi to pripisao koroni ili ne ali u svakom slu\u010daju one su tu, dodao je Igor.<br><br>Zato se i cijepio. Dvjema dozama.<br><br>&#8211; Ja vjerujem medicini i vjerujem lije\u010dnicima. Danas kad vas ne\u0161to zaboli idemo u bolnicu, je l&#8217; tako, i zovemo hitnu pomo\u0107, tra\u017eimo pomo\u0107 od njih, istaknuo je Igor.<br><br>Pomogli su mu, ka\u017ee, i prije dvanaest godina, kad je isto tako te\u0161ko obolio.<br><br>&#8211; Godine 2009., radi se o hematolo\u0161koj bolesti, Non-Hodgkinov limfom. Lije\u010denje je trajalo godinu dana. Aktivno. Primao sam kemoterapije i nakon toga je bilo sve u redu. Idem na redovite kontrole, poru\u010dio je.<br><br>Unato\u010d svemu i dalje aktivno vodi zadarsku podru\u017enicu Udruge leukemija i limfomi. Nastavlja, ka\u017ee, svoju borbu i humanitarni rad.<\/p>\n\n\n\n<iframe loading=\"lazy\" src=\"https:\/\/www.facebook.com\/plugins\/video.php?height=476&#038;href=https%3A%2F%2Fwww.facebook.com%2FHRTvijesti%2Fvideos%2F1057542494785007%2F&#038;show_text=false&#038;width=476&#038;t=0\" width=\"476\" height=\"476\" style=\"border:none;overflow:hidden\" scrolling=\"no\" frameborder=\"0\" allowfullscreen=\"true\" allow=\"autoplay; clipboard-write; encrypted-media; picture-in-picture; web-share\" allowFullScreen=\"true\"><\/iframe>\n\n\n\n<p>Izvor:hrt.hr<\/p>\n","protected":false},"excerpt":{"rendered":"<p>Broj oboljelih od koronavirusa proteklih tjedana raste, a te\u0161ku klini\u010dku sliku sve \u010de\u0161\u0107e imaju i mla\u0111i pacijenti. Sve je po\u010delo u prosincu pro\u0161le godine. Bolovi u tijelu, temperatura i malaksalost. Test na koronavirus bio je pozitivan.&nbsp; &#8211; Uzeo me krevet \u0161to bi se reklo, nisam se mogao maknuti. Nije me bilo briga za ni\u0161ta. Imao [&hellip;]<\/p>\n","protected":false},"author":2,"featured_media":73696,"comment_status":"closed","ping_status":"closed","sticky":false,"template":"","format":"standard","meta":{"h5ap_radio_sources":[],"footnotes":""},"categories":[1],"tags":[],"class_list":["post-73695","post","type-post","status-publish","format-standard","has-post-thumbnail","hentry","category-bihiregija"],"yoast_head":"<!-- This site is optimized with the Yoast SEO plugin v27.5 - https:\/\/yoast.com\/product\/yoast-seo-wordpress\/ -->\n<title>Igor u borbi s koronavirusom: Bilo je te\u0161ko, najgora je neizvjesnost - RADIO LJUBU\u0160KI<\/title>\n<meta name=\"robots\" content=\"index, follow, max-snippet:-1, max-image-preview:large, max-video-preview:-1\" \/>\n<link rel=\"canonical\" href=\"https:\/\/radioljubuski.ba\/index.php\/2021\/10\/09\/igor-u-borbi-s-koronavirusom-bilo-je-tesko-najgora-je-neizvjesnost\/\" \/>\n<meta property=\"og:locale\" content=\"hr_HR\" \/>\n<meta property=\"og:type\" content=\"article\" \/>\n<meta property=\"og:title\" content=\"Igor u borbi s koronavirusom: Bilo je te\u0161ko, najgora je neizvjesnost - RADIO LJUBU\u0160KI\" \/>\n<meta property=\"og:description\" content=\"Broj oboljelih od koronavirusa proteklih tjedana raste, a te\u0161ku klini\u010dku sliku sve \u010de\u0161\u0107e imaju i mla\u0111i pacijenti. Sve je po\u010delo u prosincu pro\u0161le godine. Bolovi u tijelu, temperatura i malaksalost. Test na koronavirus bio je pozitivan.&nbsp; &#8211; Uzeo me krevet \u0161to bi se reklo, nisam se mogao maknuti. Nije me bilo briga za ni\u0161ta. Imao [&hellip;]\" \/>\n<meta property=\"og:url\" content=\"https:\/\/radioljubuski.ba\/index.php\/2021\/10\/09\/igor-u-borbi-s-koronavirusom-bilo-je-tesko-najgora-je-neizvjesnost\/\" \/>\n<meta property=\"og:site_name\" content=\"RADIO LJUBU\u0160KI\" \/>\n<meta property=\"article:publisher\" content=\"https:\/\/www.facebook.com\/Radiio-Ljubuski-1490835324566332\" \/>\n<meta property=\"article:published_time\" content=\"2021-10-09T22:21:55+00:00\" \/>\n<meta property=\"article:modified_time\" content=\"2021-10-09T22:21:56+00:00\" \/>\n<meta property=\"og:image\" content=\"https:\/\/radioljubuski.ba\/wp-content\/uploads\/2021\/10\/ispovijest-pacijentatransfer-frame-266-20211009154406.jpg\" \/>\n\t<meta property=\"og:image:width\" content=\"1920\" \/>\n\t<meta property=\"og:image:height\" content=\"1080\" \/>\n\t<meta property=\"og:image:type\" content=\"image\/jpeg\" \/>\n<meta name=\"author\" content=\"Radio Ljubu\u0161ki\" \/>\n<meta name=\"twitter:card\" content=\"summary_large_image\" \/>\n<meta name=\"twitter:creator\" content=\"@radioljubuski\" \/>\n<meta name=\"twitter:site\" content=\"@radioljubuski\" \/>\n<meta name=\"twitter:label1\" content=\"Napisao\/la\" \/>\n\t<meta name=\"twitter:data1\" content=\"Radio Ljubu\u0161ki\" \/>\n\t<meta name=\"twitter:label2\" content=\"Procijenjeno vrijeme \u010ditanja\" \/>\n\t<meta name=\"twitter:data2\" content=\"2 minute\" \/>\n<script type=\"application\/ld+json\" class=\"yoast-schema-graph\">{\"@context\":\"https:\\\/\\\/schema.org\",\"@graph\":[{\"@type\":\"Article\",\"@id\":\"https:\\\/\\\/radioljubuski.ba\\\/index.php\\\/2021\\\/10\\\/09\\\/igor-u-borbi-s-koronavirusom-bilo-je-tesko-najgora-je-neizvjesnost\\\/#article\",\"isPartOf\":{\"@id\":\"https:\\\/\\\/radioljubuski.ba\\\/index.php\\\/2021\\\/10\\\/09\\\/igor-u-borbi-s-koronavirusom-bilo-je-tesko-najgora-je-neizvjesnost\\\/\"},\"author\":{\"name\":\"Radio Ljubu\u0161ki\",\"@id\":\"https:\\\/\\\/radioljubuski.ba\\\/#\\\/schema\\\/person\\\/19fc700381a780f69665d7956c469e3b\"},\"headline\":\"Igor u borbi s koronavirusom: Bilo je te\u0161ko, najgora je neizvjesnost\",\"datePublished\":\"2021-10-09T22:21:55+00:00\",\"dateModified\":\"2021-10-09T22:21:56+00:00\",\"mainEntityOfPage\":{\"@id\":\"https:\\\/\\\/radioljubuski.ba\\\/index.php\\\/2021\\\/10\\\/09\\\/igor-u-borbi-s-koronavirusom-bilo-je-tesko-najgora-je-neizvjesnost\\\/\"},\"wordCount\":378,\"publisher\":{\"@id\":\"https:\\\/\\\/radioljubuski.ba\\\/#organization\"},\"image\":{\"@id\":\"https:\\\/\\\/radioljubuski.ba\\\/index.php\\\/2021\\\/10\\\/09\\\/igor-u-borbi-s-koronavirusom-bilo-je-tesko-najgora-je-neizvjesnost\\\/#primaryimage\"},\"thumbnailUrl\":\"https:\\\/\\\/radioljubuski.ba\\\/wp-content\\\/uploads\\\/2021\\\/10\\\/ispovijest-pacijentatransfer-frame-266-20211009154406.jpg\",\"articleSection\":[\"BIH i regija\"],\"inLanguage\":\"hr\"},{\"@type\":\"WebPage\",\"@id\":\"https:\\\/\\\/radioljubuski.ba\\\/index.php\\\/2021\\\/10\\\/09\\\/igor-u-borbi-s-koronavirusom-bilo-je-tesko-najgora-je-neizvjesnost\\\/\",\"url\":\"https:\\\/\\\/radioljubuski.ba\\\/index.php\\\/2021\\\/10\\\/09\\\/igor-u-borbi-s-koronavirusom-bilo-je-tesko-najgora-je-neizvjesnost\\\/\",\"name\":\"Igor u borbi s koronavirusom: Bilo je te\u0161ko, najgora je neizvjesnost - RADIO LJUBU\u0160KI\",\"isPartOf\":{\"@id\":\"https:\\\/\\\/radioljubuski.ba\\\/#website\"},\"primaryImageOfPage\":{\"@id\":\"https:\\\/\\\/radioljubuski.ba\\\/index.php\\\/2021\\\/10\\\/09\\\/igor-u-borbi-s-koronavirusom-bilo-je-tesko-najgora-je-neizvjesnost\\\/#primaryimage\"},\"image\":{\"@id\":\"https:\\\/\\\/radioljubuski.ba\\\/index.php\\\/2021\\\/10\\\/09\\\/igor-u-borbi-s-koronavirusom-bilo-je-tesko-najgora-je-neizvjesnost\\\/#primaryimage\"},\"thumbnailUrl\":\"https:\\\/\\\/radioljubuski.ba\\\/wp-content\\\/uploads\\\/2021\\\/10\\\/ispovijest-pacijentatransfer-frame-266-20211009154406.jpg\",\"datePublished\":\"2021-10-09T22:21:55+00:00\",\"dateModified\":\"2021-10-09T22:21:56+00:00\",\"breadcrumb\":{\"@id\":\"https:\\\/\\\/radioljubuski.ba\\\/index.php\\\/2021\\\/10\\\/09\\\/igor-u-borbi-s-koronavirusom-bilo-je-tesko-najgora-je-neizvjesnost\\\/#breadcrumb\"},\"inLanguage\":\"hr\",\"potentialAction\":[{\"@type\":\"ReadAction\",\"target\":[\"https:\\\/\\\/radioljubuski.ba\\\/index.php\\\/2021\\\/10\\\/09\\\/igor-u-borbi-s-koronavirusom-bilo-je-tesko-najgora-je-neizvjesnost\\\/\"]}]},{\"@type\":\"ImageObject\",\"inLanguage\":\"hr\",\"@id\":\"https:\\\/\\\/radioljubuski.ba\\\/index.php\\\/2021\\\/10\\\/09\\\/igor-u-borbi-s-koronavirusom-bilo-je-tesko-najgora-je-neizvjesnost\\\/#primaryimage\",\"url\":\"https:\\\/\\\/radioljubuski.ba\\\/wp-content\\\/uploads\\\/2021\\\/10\\\/ispovijest-pacijentatransfer-frame-266-20211009154406.jpg\",\"contentUrl\":\"https:\\\/\\\/radioljubuski.ba\\\/wp-content\\\/uploads\\\/2021\\\/10\\\/ispovijest-pacijentatransfer-frame-266-20211009154406.jpg\",\"width\":1920,\"height\":1080},{\"@type\":\"BreadcrumbList\",\"@id\":\"https:\\\/\\\/radioljubuski.ba\\\/index.php\\\/2021\\\/10\\\/09\\\/igor-u-borbi-s-koronavirusom-bilo-je-tesko-najgora-je-neizvjesnost\\\/#breadcrumb\",\"itemListElement\":[{\"@type\":\"ListItem\",\"position\":1,\"name\":\"Po\u010detna stranica\",\"item\":\"https:\\\/\\\/radioljubuski.ba\\\/\"},{\"@type\":\"ListItem\",\"position\":2,\"name\":\"Igor u borbi s koronavirusom: Bilo je te\u0161ko, najgora je neizvjesnost\"}]},{\"@type\":\"WebSite\",\"@id\":\"https:\\\/\\\/radioljubuski.ba\\\/#website\",\"url\":\"https:\\\/\\\/radioljubuski.ba\\\/\",\"name\":\"Radio Ljubu\u0161ki\",\"description\":\"Sun\u010dana frekvencija Hercegovine\",\"publisher\":{\"@id\":\"https:\\\/\\\/radioljubuski.ba\\\/#organization\"},\"potentialAction\":[{\"@type\":\"SearchAction\",\"target\":{\"@type\":\"EntryPoint\",\"urlTemplate\":\"https:\\\/\\\/radioljubuski.ba\\\/?s={search_term_string}\"},\"query-input\":{\"@type\":\"PropertyValueSpecification\",\"valueRequired\":true,\"valueName\":\"search_term_string\"}}],\"inLanguage\":\"hr\"},{\"@type\":\"Organization\",\"@id\":\"https:\\\/\\\/radioljubuski.ba\\\/#organization\",\"name\":\"Radio Ljubu\u0161ki\",\"url\":\"https:\\\/\\\/radioljubuski.ba\\\/\",\"logo\":{\"@type\":\"ImageObject\",\"inLanguage\":\"hr\",\"@id\":\"https:\\\/\\\/radioljubuski.ba\\\/#\\\/schema\\\/logo\\\/image\\\/\",\"url\":\"https:\\\/\\\/radioljubuski.ba\\\/wp-content\\\/uploads\\\/2021\\\/02\\\/cropped-Radio_Ljubuski_logo1.jpg\",\"contentUrl\":\"https:\\\/\\\/radioljubuski.ba\\\/wp-content\\\/uploads\\\/2021\\\/02\\\/cropped-Radio_Ljubuski_logo1.jpg\",\"width\":512,\"height\":512,\"caption\":\"Radio Ljubu\u0161ki\"},\"image\":{\"@id\":\"https:\\\/\\\/radioljubuski.ba\\\/#\\\/schema\\\/logo\\\/image\\\/\"},\"sameAs\":[\"https:\\\/\\\/www.facebook.com\\\/Radiio-Ljubuski-1490835324566332\",\"https:\\\/\\\/x.com\\\/radioljubuski\",\"https:\\\/\\\/hr.linkedin.com\\\/company\\\/radio-ljubuski\",\"https:\\\/\\\/www.youtube.com\\\/channel\\\/UCHYaeO_n0Db3tjNGudGpXyw\"]},{\"@type\":\"Person\",\"@id\":\"https:\\\/\\\/radioljubuski.ba\\\/#\\\/schema\\\/person\\\/19fc700381a780f69665d7956c469e3b\",\"name\":\"Radio Ljubu\u0161ki\"}]}<\/script>\n<!-- \/ Yoast SEO plugin. -->","yoast_head_json":{"title":"Igor u borbi s koronavirusom: Bilo je te\u0161ko, najgora je neizvjesnost - RADIO LJUBU\u0160KI","robots":{"index":"index","follow":"follow","max-snippet":"max-snippet:-1","max-image-preview":"max-image-preview:large","max-video-preview":"max-video-preview:-1"},"canonical":"https:\/\/radioljubuski.ba\/index.php\/2021\/10\/09\/igor-u-borbi-s-koronavirusom-bilo-je-tesko-najgora-je-neizvjesnost\/","og_locale":"hr_HR","og_type":"article","og_title":"Igor u borbi s koronavirusom: Bilo je te\u0161ko, najgora je neizvjesnost - RADIO LJUBU\u0160KI","og_description":"Broj oboljelih od koronavirusa proteklih tjedana raste, a te\u0161ku klini\u010dku sliku sve \u010de\u0161\u0107e imaju i mla\u0111i pacijenti. Sve je po\u010delo u prosincu pro\u0161le godine. Bolovi u tijelu, temperatura i malaksalost. Test na koronavirus bio je pozitivan.&nbsp; &#8211; Uzeo me krevet \u0161to bi se reklo, nisam se mogao maknuti. Nije me bilo briga za ni\u0161ta. Imao [&hellip;]","og_url":"https:\/\/radioljubuski.ba\/index.php\/2021\/10\/09\/igor-u-borbi-s-koronavirusom-bilo-je-tesko-najgora-je-neizvjesnost\/","og_site_name":"RADIO LJUBU\u0160KI","article_publisher":"https:\/\/www.facebook.com\/Radiio-Ljubuski-1490835324566332","article_published_time":"2021-10-09T22:21:55+00:00","article_modified_time":"2021-10-09T22:21:56+00:00","og_image":[{"width":1920,"height":1080,"url":"https:\/\/radioljubuski.ba\/wp-content\/uploads\/2021\/10\/ispovijest-pacijentatransfer-frame-266-20211009154406.jpg","type":"image\/jpeg"}],"author":"Radio Ljubu\u0161ki","twitter_card":"summary_large_image","twitter_creator":"@radioljubuski","twitter_site":"@radioljubuski","twitter_misc":{"Napisao\/la":"Radio Ljubu\u0161ki","Procijenjeno vrijeme \u010ditanja":"2 minute"},"schema":{"@context":"https:\/\/schema.org","@graph":[{"@type":"Article","@id":"https:\/\/radioljubuski.ba\/index.php\/2021\/10\/09\/igor-u-borbi-s-koronavirusom-bilo-je-tesko-najgora-je-neizvjesnost\/#article","isPartOf":{"@id":"https:\/\/radioljubuski.ba\/index.php\/2021\/10\/09\/igor-u-borbi-s-koronavirusom-bilo-je-tesko-najgora-je-neizvjesnost\/"},"author":{"name":"Radio Ljubu\u0161ki","@id":"https:\/\/radioljubuski.ba\/#\/schema\/person\/19fc700381a780f69665d7956c469e3b"},"headline":"Igor u borbi s koronavirusom: Bilo je te\u0161ko, najgora je neizvjesnost","datePublished":"2021-10-09T22:21:55+00:00","dateModified":"2021-10-09T22:21:56+00:00","mainEntityOfPage":{"@id":"https:\/\/radioljubuski.ba\/index.php\/2021\/10\/09\/igor-u-borbi-s-koronavirusom-bilo-je-tesko-najgora-je-neizvjesnost\/"},"wordCount":378,"publisher":{"@id":"https:\/\/radioljubuski.ba\/#organization"},"image":{"@id":"https:\/\/radioljubuski.ba\/index.php\/2021\/10\/09\/igor-u-borbi-s-koronavirusom-bilo-je-tesko-najgora-je-neizvjesnost\/#primaryimage"},"thumbnailUrl":"https:\/\/radioljubuski.ba\/wp-content\/uploads\/2021\/10\/ispovijest-pacijentatransfer-frame-266-20211009154406.jpg","articleSection":["BIH i regija"],"inLanguage":"hr"},{"@type":"WebPage","@id":"https:\/\/radioljubuski.ba\/index.php\/2021\/10\/09\/igor-u-borbi-s-koronavirusom-bilo-je-tesko-najgora-je-neizvjesnost\/","url":"https:\/\/radioljubuski.ba\/index.php\/2021\/10\/09\/igor-u-borbi-s-koronavirusom-bilo-je-tesko-najgora-je-neizvjesnost\/","name":"Igor u borbi s koronavirusom: Bilo je te\u0161ko, najgora je neizvjesnost - RADIO LJUBU\u0160KI","isPartOf":{"@id":"https:\/\/radioljubuski.ba\/#website"},"primaryImageOfPage":{"@id":"https:\/\/radioljubuski.ba\/index.php\/2021\/10\/09\/igor-u-borbi-s-koronavirusom-bilo-je-tesko-najgora-je-neizvjesnost\/#primaryimage"},"image":{"@id":"https:\/\/radioljubuski.ba\/index.php\/2021\/10\/09\/igor-u-borbi-s-koronavirusom-bilo-je-tesko-najgora-je-neizvjesnost\/#primaryimage"},"thumbnailUrl":"https:\/\/radioljubuski.ba\/wp-content\/uploads\/2021\/10\/ispovijest-pacijentatransfer-frame-266-20211009154406.jpg","datePublished":"2021-10-09T22:21:55+00:00","dateModified":"2021-10-09T22:21:56+00:00","breadcrumb":{"@id":"https:\/\/radioljubuski.ba\/index.php\/2021\/10\/09\/igor-u-borbi-s-koronavirusom-bilo-je-tesko-najgora-je-neizvjesnost\/#breadcrumb"},"inLanguage":"hr","potentialAction":[{"@type":"ReadAction","target":["https:\/\/radioljubuski.ba\/index.php\/2021\/10\/09\/igor-u-borbi-s-koronavirusom-bilo-je-tesko-najgora-je-neizvjesnost\/"]}]},{"@type":"ImageObject","inLanguage":"hr","@id":"https:\/\/radioljubuski.ba\/index.php\/2021\/10\/09\/igor-u-borbi-s-koronavirusom-bilo-je-tesko-najgora-je-neizvjesnost\/#primaryimage","url":"https:\/\/radioljubuski.ba\/wp-content\/uploads\/2021\/10\/ispovijest-pacijentatransfer-frame-266-20211009154406.jpg","contentUrl":"https:\/\/radioljubuski.ba\/wp-content\/uploads\/2021\/10\/ispovijest-pacijentatransfer-frame-266-20211009154406.jpg","width":1920,"height":1080},{"@type":"BreadcrumbList","@id":"https:\/\/radioljubuski.ba\/index.php\/2021\/10\/09\/igor-u-borbi-s-koronavirusom-bilo-je-tesko-najgora-je-neizvjesnost\/#breadcrumb","itemListElement":[{"@type":"ListItem","position":1,"name":"Po\u010detna stranica","item":"https:\/\/radioljubuski.ba\/"},{"@type":"ListItem","position":2,"name":"Igor u borbi s koronavirusom: Bilo je te\u0161ko, najgora je neizvjesnost"}]},{"@type":"WebSite","@id":"https:\/\/radioljubuski.ba\/#website","url":"https:\/\/radioljubuski.ba\/","name":"Radio Ljubu\u0161ki","description":"Sun\u010dana frekvencija Hercegovine","publisher":{"@id":"https:\/\/radioljubuski.ba\/#organization"},"potentialAction":[{"@type":"SearchAction","target":{"@type":"EntryPoint","urlTemplate":"https:\/\/radioljubuski.ba\/?s={search_term_string}"},"query-input":{"@type":"PropertyValueSpecification","valueRequired":true,"valueName":"search_term_string"}}],"inLanguage":"hr"},{"@type":"Organization","@id":"https:\/\/radioljubuski.ba\/#organization","name":"Radio Ljubu\u0161ki","url":"https:\/\/radioljubuski.ba\/","logo":{"@type":"ImageObject","inLanguage":"hr","@id":"https:\/\/radioljubuski.ba\/#\/schema\/logo\/image\/","url":"https:\/\/radioljubuski.ba\/wp-content\/uploads\/2021\/02\/cropped-Radio_Ljubuski_logo1.jpg","contentUrl":"https:\/\/radioljubuski.ba\/wp-content\/uploads\/2021\/02\/cropped-Radio_Ljubuski_logo1.jpg","width":512,"height":512,"caption":"Radio Ljubu\u0161ki"},"image":{"@id":"https:\/\/radioljubuski.ba\/#\/schema\/logo\/image\/"},"sameAs":["https:\/\/www.facebook.com\/Radiio-Ljubuski-1490835324566332","https:\/\/x.com\/radioljubuski","https:\/\/hr.linkedin.com\/company\/radio-ljubuski","https:\/\/www.youtube.com\/channel\/UCHYaeO_n0Db3tjNGudGpXyw"]},{"@type":"Person","@id":"https:\/\/radioljubuski.ba\/#\/schema\/person\/19fc700381a780f69665d7956c469e3b","name":"Radio Ljubu\u0161ki"}]}},"_links":{"self":[{"href":"https:\/\/radioljubuski.ba\/index.php\/wp-json\/wp\/v2\/posts\/73695","targetHints":{"allow":["GET"]}}],"collection":[{"href":"https:\/\/radioljubuski.ba\/index.php\/wp-json\/wp\/v2\/posts"}],"about":[{"href":"https:\/\/radioljubuski.ba\/index.php\/wp-json\/wp\/v2\/types\/post"}],"author":[{"embeddable":true,"href":"https:\/\/radioljubuski.ba\/index.php\/wp-json\/wp\/v2\/users\/2"}],"replies":[{"embeddable":true,"href":"https:\/\/radioljubuski.ba\/index.php\/wp-json\/wp\/v2\/comments?post=73695"}],"version-history":[{"count":1,"href":"https:\/\/radioljubuski.ba\/index.php\/wp-json\/wp\/v2\/posts\/73695\/revisions"}],"predecessor-version":[{"id":73697,"href":"https:\/\/radioljubuski.ba\/index.php\/wp-json\/wp\/v2\/posts\/73695\/revisions\/73697"}],"wp:featuredmedia":[{"embeddable":true,"href":"https:\/\/radioljubuski.ba\/index.php\/wp-json\/wp\/v2\/media\/73696"}],"wp:attachment":[{"href":"https:\/\/radioljubuski.ba\/index.php\/wp-json\/wp\/v2\/media?parent=73695"}],"wp:term":[{"taxonomy":"category","embeddable":true,"href":"https:\/\/radioljubuski.ba\/index.php\/wp-json\/wp\/v2\/categories?post=73695"},{"taxonomy":"post_tag","embeddable":true,"href":"https:\/\/radioljubuski.ba\/index.php\/wp-json\/wp\/v2\/tags?post=73695"}],"curies":[{"name":"wp","href":"https:\/\/api.w.org\/{rel}","templated":true}]}}