{"id":73803,"date":"2021-10-10T11:18:55","date_gmt":"2021-10-10T10:18:55","guid":{"rendered":"https:\/\/radioljubuski.ba\/?p=73803"},"modified":"2021-10-10T11:18:56","modified_gmt":"2021-10-10T10:18:56","slug":"rui-costa-izabran-za-novog-predsjednika-benfice","status":"publish","type":"post","link":"https:\/\/radioljubuski.ba\/index.php\/2021\/10\/10\/rui-costa-izabran-za-novog-predsjednika-benfice\/","title":{"rendered":"Rui Costa izabran za novog predsjednika Benfice"},"content":{"rendered":"\n<p><strong>Nekada\u0161nji proslavljeni portugalski nogometni reprezentativac 49-godi\u0161nji Rui Costa izabran je za novog predsjednika lisabonske Benfice dobiv\u0161i vi\u0161e od 84% glasova u izborima u kojima je sudjelovalo vi\u0161e od 40.000 \u010dlanova kluba.<\/strong><\/p>\n\n\n\n<p>Njegov protukandidat&nbsp;<strong>Francisco Benitez<\/strong>&nbsp;dobio je ne\u0161to vi\u0161e od 12% glasova.<br><br>Costa, koji je u dva navrata bio igra\u010d Benfice (1991. &#8211; 1994. i 2006. &#8211; 2008.), do srpnja ove godine je obna\u0161ao du\u017enost dopredsjednika, kad je postavljen za vr\u0161itelja du\u017enosti \u010delnog \u010dovjeka kluba.<br><br>Naime, tada je uhi\u0107en&nbsp;<strong>Luis Filipe Vieira<\/strong>&nbsp;koji je 18 godina vodio klub, ali je morao odstupiti nakon \u0161to ga je dr\u017eavno odvjetni\u0161tvo optu\u017eilo za vi\u0161estruke prevare, krivotvorenje, izbjegavanje pla\u0107anja poreza i pranje novca, u vrijednosti ve\u0107oj od 100 milijuna eura.<br><br>Rui Costa je dobio \u010detverogodi\u0161nji mandat do 2025.<\/p>\n\n\n\n<p>Izvor:hrt.hr<\/p>\n","protected":false},"excerpt":{"rendered":"<p>Nekada\u0161nji proslavljeni portugalski nogometni reprezentativac 49-godi\u0161nji Rui Costa izabran je za novog predsjednika lisabonske Benfice dobiv\u0161i vi\u0161e od 84% glasova u izborima u kojima je sudjelovalo vi\u0161e od 40.000 \u010dlanova kluba. Njegov protukandidat&nbsp;Francisco Benitez&nbsp;dobio je ne\u0161to vi\u0161e od 12% glasova. Costa, koji je u dva navrata bio igra\u010d Benfice (1991. &#8211; 1994. i 2006. &#8211; [&hellip;]<\/p>\n","protected":false},"author":2,"featured_media":73804,"comment_status":"closed","ping_status":"closed","sticky":false,"template":"","format":"standard","meta":{"h5ap_radio_sources":[],"footnotes":""},"categories":[7],"tags":[],"class_list":["post-73803","post","type-post","status-publish","format-standard","has-post-thumbnail","hentry","category-sport"],"yoast_head":"<!-- This site is optimized with the Yoast SEO plugin v27.5 - https:\/\/yoast.com\/product\/yoast-seo-wordpress\/ -->\n<title>Rui Costa izabran za novog predsjednika Benfice - RADIO LJUBU\u0160KI<\/title>\n<meta name=\"robots\" content=\"index, follow, max-snippet:-1, max-image-preview:large, max-video-preview:-1\" \/>\n<link rel=\"canonical\" href=\"https:\/\/radioljubuski.ba\/index.php\/2021\/10\/10\/rui-costa-izabran-za-novog-predsjednika-benfice\/\" \/>\n<meta property=\"og:locale\" content=\"hr_HR\" \/>\n<meta property=\"og:type\" content=\"article\" \/>\n<meta property=\"og:title\" content=\"Rui Costa izabran za novog predsjednika Benfice - RADIO LJUBU\u0160KI\" \/>\n<meta property=\"og:description\" content=\"Nekada\u0161nji proslavljeni portugalski nogometni reprezentativac 49-godi\u0161nji Rui Costa izabran je za novog predsjednika lisabonske Benfice dobiv\u0161i vi\u0161e od 84% glasova u izborima u kojima je sudjelovalo vi\u0161e od 40.000 \u010dlanova kluba. Njegov protukandidat&nbsp;Francisco Benitez&nbsp;dobio je ne\u0161to vi\u0161e od 12% glasova. Costa, koji je u dva navrata bio igra\u010d Benfice (1991. &#8211; 1994. i 2006. &#8211; [&hellip;]\" \/>\n<meta property=\"og:url\" content=\"https:\/\/radioljubuski.ba\/index.php\/2021\/10\/10\/rui-costa-izabran-za-novog-predsjednika-benfice\/\" \/>\n<meta property=\"og:site_name\" content=\"RADIO LJUBU\u0160KI\" \/>\n<meta property=\"article:publisher\" content=\"https:\/\/www.facebook.com\/Radiio-Ljubuski-1490835324566332\" \/>\n<meta property=\"article:published_time\" content=\"2021-10-10T10:18:55+00:00\" \/>\n<meta property=\"article:modified_time\" content=\"2021-10-10T10:18:56+00:00\" \/>\n<meta property=\"og:image\" content=\"https:\/\/radioljubuski.ba\/wp-content\/uploads\/2021\/10\/1633859508-25888364-750x500-1.jpg\" \/>\n\t<meta property=\"og:image:width\" content=\"750\" \/>\n\t<meta property=\"og:image:height\" content=\"500\" \/>\n\t<meta property=\"og:image:type\" content=\"image\/jpeg\" \/>\n<meta name=\"author\" content=\"Radio Ljubu\u0161ki\" \/>\n<meta name=\"twitter:card\" content=\"summary_large_image\" \/>\n<meta name=\"twitter:creator\" content=\"@radioljubuski\" \/>\n<meta name=\"twitter:site\" content=\"@radioljubuski\" \/>\n<meta name=\"twitter:label1\" content=\"Napisao\/la\" \/>\n\t<meta name=\"twitter:data1\" content=\"Radio Ljubu\u0161ki\" \/>\n\t<meta name=\"twitter:label2\" content=\"Procijenjeno vrijeme \u010ditanja\" \/>\n\t<meta name=\"twitter:data2\" content=\"1 minuta\" \/>\n<script type=\"application\/ld+json\" class=\"yoast-schema-graph\">{\"@context\":\"https:\\\/\\\/schema.org\",\"@graph\":[{\"@type\":\"Article\",\"@id\":\"https:\\\/\\\/radioljubuski.ba\\\/index.php\\\/2021\\\/10\\\/10\\\/rui-costa-izabran-za-novog-predsjednika-benfice\\\/#article\",\"isPartOf\":{\"@id\":\"https:\\\/\\\/radioljubuski.ba\\\/index.php\\\/2021\\\/10\\\/10\\\/rui-costa-izabran-za-novog-predsjednika-benfice\\\/\"},\"author\":{\"name\":\"Radio Ljubu\u0161ki\",\"@id\":\"https:\\\/\\\/radioljubuski.ba\\\/#\\\/schema\\\/person\\\/19fc700381a780f69665d7956c469e3b\"},\"headline\":\"Rui Costa izabran za novog predsjednika Benfice\",\"datePublished\":\"2021-10-10T10:18:55+00:00\",\"dateModified\":\"2021-10-10T10:18:56+00:00\",\"mainEntityOfPage\":{\"@id\":\"https:\\\/\\\/radioljubuski.ba\\\/index.php\\\/2021\\\/10\\\/10\\\/rui-costa-izabran-za-novog-predsjednika-benfice\\\/\"},\"wordCount\":147,\"publisher\":{\"@id\":\"https:\\\/\\\/radioljubuski.ba\\\/#organization\"},\"image\":{\"@id\":\"https:\\\/\\\/radioljubuski.ba\\\/index.php\\\/2021\\\/10\\\/10\\\/rui-costa-izabran-za-novog-predsjednika-benfice\\\/#primaryimage\"},\"thumbnailUrl\":\"https:\\\/\\\/radioljubuski.ba\\\/wp-content\\\/uploads\\\/2021\\\/10\\\/1633859508-25888364-750x500-1.jpg\",\"articleSection\":[\"\u0160port\"],\"inLanguage\":\"hr\"},{\"@type\":\"WebPage\",\"@id\":\"https:\\\/\\\/radioljubuski.ba\\\/index.php\\\/2021\\\/10\\\/10\\\/rui-costa-izabran-za-novog-predsjednika-benfice\\\/\",\"url\":\"https:\\\/\\\/radioljubuski.ba\\\/index.php\\\/2021\\\/10\\\/10\\\/rui-costa-izabran-za-novog-predsjednika-benfice\\\/\",\"name\":\"Rui Costa izabran za novog predsjednika Benfice - RADIO LJUBU\u0160KI\",\"isPartOf\":{\"@id\":\"https:\\\/\\\/radioljubuski.ba\\\/#website\"},\"primaryImageOfPage\":{\"@id\":\"https:\\\/\\\/radioljubuski.ba\\\/index.php\\\/2021\\\/10\\\/10\\\/rui-costa-izabran-za-novog-predsjednika-benfice\\\/#primaryimage\"},\"image\":{\"@id\":\"https:\\\/\\\/radioljubuski.ba\\\/index.php\\\/2021\\\/10\\\/10\\\/rui-costa-izabran-za-novog-predsjednika-benfice\\\/#primaryimage\"},\"thumbnailUrl\":\"https:\\\/\\\/radioljubuski.ba\\\/wp-content\\\/uploads\\\/2021\\\/10\\\/1633859508-25888364-750x500-1.jpg\",\"datePublished\":\"2021-10-10T10:18:55+00:00\",\"dateModified\":\"2021-10-10T10:18:56+00:00\",\"breadcrumb\":{\"@id\":\"https:\\\/\\\/radioljubuski.ba\\\/index.php\\\/2021\\\/10\\\/10\\\/rui-costa-izabran-za-novog-predsjednika-benfice\\\/#breadcrumb\"},\"inLanguage\":\"hr\",\"potentialAction\":[{\"@type\":\"ReadAction\",\"target\":[\"https:\\\/\\\/radioljubuski.ba\\\/index.php\\\/2021\\\/10\\\/10\\\/rui-costa-izabran-za-novog-predsjednika-benfice\\\/\"]}]},{\"@type\":\"ImageObject\",\"inLanguage\":\"hr\",\"@id\":\"https:\\\/\\\/radioljubuski.ba\\\/index.php\\\/2021\\\/10\\\/10\\\/rui-costa-izabran-za-novog-predsjednika-benfice\\\/#primaryimage\",\"url\":\"https:\\\/\\\/radioljubuski.ba\\\/wp-content\\\/uploads\\\/2021\\\/10\\\/1633859508-25888364-750x500-1.jpg\",\"contentUrl\":\"https:\\\/\\\/radioljubuski.ba\\\/wp-content\\\/uploads\\\/2021\\\/10\\\/1633859508-25888364-750x500-1.jpg\",\"width\":750,\"height\":500},{\"@type\":\"BreadcrumbList\",\"@id\":\"https:\\\/\\\/radioljubuski.ba\\\/index.php\\\/2021\\\/10\\\/10\\\/rui-costa-izabran-za-novog-predsjednika-benfice\\\/#breadcrumb\",\"itemListElement\":[{\"@type\":\"ListItem\",\"position\":1,\"name\":\"Po\u010detna stranica\",\"item\":\"https:\\\/\\\/radioljubuski.ba\\\/\"},{\"@type\":\"ListItem\",\"position\":2,\"name\":\"Rui Costa izabran za novog predsjednika Benfice\"}]},{\"@type\":\"WebSite\",\"@id\":\"https:\\\/\\\/radioljubuski.ba\\\/#website\",\"url\":\"https:\\\/\\\/radioljubuski.ba\\\/\",\"name\":\"Radio Ljubu\u0161ki\",\"description\":\"Sun\u010dana frekvencija Hercegovine\",\"publisher\":{\"@id\":\"https:\\\/\\\/radioljubuski.ba\\\/#organization\"},\"potentialAction\":[{\"@type\":\"SearchAction\",\"target\":{\"@type\":\"EntryPoint\",\"urlTemplate\":\"https:\\\/\\\/radioljubuski.ba\\\/?s={search_term_string}\"},\"query-input\":{\"@type\":\"PropertyValueSpecification\",\"valueRequired\":true,\"valueName\":\"search_term_string\"}}],\"inLanguage\":\"hr\"},{\"@type\":\"Organization\",\"@id\":\"https:\\\/\\\/radioljubuski.ba\\\/#organization\",\"name\":\"Radio Ljubu\u0161ki\",\"url\":\"https:\\\/\\\/radioljubuski.ba\\\/\",\"logo\":{\"@type\":\"ImageObject\",\"inLanguage\":\"hr\",\"@id\":\"https:\\\/\\\/radioljubuski.ba\\\/#\\\/schema\\\/logo\\\/image\\\/\",\"url\":\"https:\\\/\\\/radioljubuski.ba\\\/wp-content\\\/uploads\\\/2021\\\/02\\\/cropped-Radio_Ljubuski_logo1.jpg\",\"contentUrl\":\"https:\\\/\\\/radioljubuski.ba\\\/wp-content\\\/uploads\\\/2021\\\/02\\\/cropped-Radio_Ljubuski_logo1.jpg\",\"width\":512,\"height\":512,\"caption\":\"Radio Ljubu\u0161ki\"},\"image\":{\"@id\":\"https:\\\/\\\/radioljubuski.ba\\\/#\\\/schema\\\/logo\\\/image\\\/\"},\"sameAs\":[\"https:\\\/\\\/www.facebook.com\\\/Radiio-Ljubuski-1490835324566332\",\"https:\\\/\\\/x.com\\\/radioljubuski\",\"https:\\\/\\\/hr.linkedin.com\\\/company\\\/radio-ljubuski\",\"https:\\\/\\\/www.youtube.com\\\/channel\\\/UCHYaeO_n0Db3tjNGudGpXyw\"]},{\"@type\":\"Person\",\"@id\":\"https:\\\/\\\/radioljubuski.ba\\\/#\\\/schema\\\/person\\\/19fc700381a780f69665d7956c469e3b\",\"name\":\"Radio Ljubu\u0161ki\"}]}<\/script>\n<!-- \/ Yoast SEO plugin. -->","yoast_head_json":{"title":"Rui Costa izabran za novog predsjednika Benfice - RADIO LJUBU\u0160KI","robots":{"index":"index","follow":"follow","max-snippet":"max-snippet:-1","max-image-preview":"max-image-preview:large","max-video-preview":"max-video-preview:-1"},"canonical":"https:\/\/radioljubuski.ba\/index.php\/2021\/10\/10\/rui-costa-izabran-za-novog-predsjednika-benfice\/","og_locale":"hr_HR","og_type":"article","og_title":"Rui Costa izabran za novog predsjednika Benfice - RADIO LJUBU\u0160KI","og_description":"Nekada\u0161nji proslavljeni portugalski nogometni reprezentativac 49-godi\u0161nji Rui Costa izabran je za novog predsjednika lisabonske Benfice dobiv\u0161i vi\u0161e od 84% glasova u izborima u kojima je sudjelovalo vi\u0161e od 40.000 \u010dlanova kluba. Njegov protukandidat&nbsp;Francisco Benitez&nbsp;dobio je ne\u0161to vi\u0161e od 12% glasova. Costa, koji je u dva navrata bio igra\u010d Benfice (1991. &#8211; 1994. i 2006. &#8211; [&hellip;]","og_url":"https:\/\/radioljubuski.ba\/index.php\/2021\/10\/10\/rui-costa-izabran-za-novog-predsjednika-benfice\/","og_site_name":"RADIO LJUBU\u0160KI","article_publisher":"https:\/\/www.facebook.com\/Radiio-Ljubuski-1490835324566332","article_published_time":"2021-10-10T10:18:55+00:00","article_modified_time":"2021-10-10T10:18:56+00:00","og_image":[{"width":750,"height":500,"url":"https:\/\/radioljubuski.ba\/wp-content\/uploads\/2021\/10\/1633859508-25888364-750x500-1.jpg","type":"image\/jpeg"}],"author":"Radio Ljubu\u0161ki","twitter_card":"summary_large_image","twitter_creator":"@radioljubuski","twitter_site":"@radioljubuski","twitter_misc":{"Napisao\/la":"Radio Ljubu\u0161ki","Procijenjeno vrijeme \u010ditanja":"1 minuta"},"schema":{"@context":"https:\/\/schema.org","@graph":[{"@type":"Article","@id":"https:\/\/radioljubuski.ba\/index.php\/2021\/10\/10\/rui-costa-izabran-za-novog-predsjednika-benfice\/#article","isPartOf":{"@id":"https:\/\/radioljubuski.ba\/index.php\/2021\/10\/10\/rui-costa-izabran-za-novog-predsjednika-benfice\/"},"author":{"name":"Radio Ljubu\u0161ki","@id":"https:\/\/radioljubuski.ba\/#\/schema\/person\/19fc700381a780f69665d7956c469e3b"},"headline":"Rui Costa izabran za novog predsjednika Benfice","datePublished":"2021-10-10T10:18:55+00:00","dateModified":"2021-10-10T10:18:56+00:00","mainEntityOfPage":{"@id":"https:\/\/radioljubuski.ba\/index.php\/2021\/10\/10\/rui-costa-izabran-za-novog-predsjednika-benfice\/"},"wordCount":147,"publisher":{"@id":"https:\/\/radioljubuski.ba\/#organization"},"image":{"@id":"https:\/\/radioljubuski.ba\/index.php\/2021\/10\/10\/rui-costa-izabran-za-novog-predsjednika-benfice\/#primaryimage"},"thumbnailUrl":"https:\/\/radioljubuski.ba\/wp-content\/uploads\/2021\/10\/1633859508-25888364-750x500-1.jpg","articleSection":["\u0160port"],"inLanguage":"hr"},{"@type":"WebPage","@id":"https:\/\/radioljubuski.ba\/index.php\/2021\/10\/10\/rui-costa-izabran-za-novog-predsjednika-benfice\/","url":"https:\/\/radioljubuski.ba\/index.php\/2021\/10\/10\/rui-costa-izabran-za-novog-predsjednika-benfice\/","name":"Rui Costa izabran za novog predsjednika Benfice - RADIO LJUBU\u0160KI","isPartOf":{"@id":"https:\/\/radioljubuski.ba\/#website"},"primaryImageOfPage":{"@id":"https:\/\/radioljubuski.ba\/index.php\/2021\/10\/10\/rui-costa-izabran-za-novog-predsjednika-benfice\/#primaryimage"},"image":{"@id":"https:\/\/radioljubuski.ba\/index.php\/2021\/10\/10\/rui-costa-izabran-za-novog-predsjednika-benfice\/#primaryimage"},"thumbnailUrl":"https:\/\/radioljubuski.ba\/wp-content\/uploads\/2021\/10\/1633859508-25888364-750x500-1.jpg","datePublished":"2021-10-10T10:18:55+00:00","dateModified":"2021-10-10T10:18:56+00:00","breadcrumb":{"@id":"https:\/\/radioljubuski.ba\/index.php\/2021\/10\/10\/rui-costa-izabran-za-novog-predsjednika-benfice\/#breadcrumb"},"inLanguage":"hr","potentialAction":[{"@type":"ReadAction","target":["https:\/\/radioljubuski.ba\/index.php\/2021\/10\/10\/rui-costa-izabran-za-novog-predsjednika-benfice\/"]}]},{"@type":"ImageObject","inLanguage":"hr","@id":"https:\/\/radioljubuski.ba\/index.php\/2021\/10\/10\/rui-costa-izabran-za-novog-predsjednika-benfice\/#primaryimage","url":"https:\/\/radioljubuski.ba\/wp-content\/uploads\/2021\/10\/1633859508-25888364-750x500-1.jpg","contentUrl":"https:\/\/radioljubuski.ba\/wp-content\/uploads\/2021\/10\/1633859508-25888364-750x500-1.jpg","width":750,"height":500},{"@type":"BreadcrumbList","@id":"https:\/\/radioljubuski.ba\/index.php\/2021\/10\/10\/rui-costa-izabran-za-novog-predsjednika-benfice\/#breadcrumb","itemListElement":[{"@type":"ListItem","position":1,"name":"Po\u010detna stranica","item":"https:\/\/radioljubuski.ba\/"},{"@type":"ListItem","position":2,"name":"Rui Costa izabran za novog predsjednika Benfice"}]},{"@type":"WebSite","@id":"https:\/\/radioljubuski.ba\/#website","url":"https:\/\/radioljubuski.ba\/","name":"Radio Ljubu\u0161ki","description":"Sun\u010dana frekvencija Hercegovine","publisher":{"@id":"https:\/\/radioljubuski.ba\/#organization"},"potentialAction":[{"@type":"SearchAction","target":{"@type":"EntryPoint","urlTemplate":"https:\/\/radioljubuski.ba\/?s={search_term_string}"},"query-input":{"@type":"PropertyValueSpecification","valueRequired":true,"valueName":"search_term_string"}}],"inLanguage":"hr"},{"@type":"Organization","@id":"https:\/\/radioljubuski.ba\/#organization","name":"Radio Ljubu\u0161ki","url":"https:\/\/radioljubuski.ba\/","logo":{"@type":"ImageObject","inLanguage":"hr","@id":"https:\/\/radioljubuski.ba\/#\/schema\/logo\/image\/","url":"https:\/\/radioljubuski.ba\/wp-content\/uploads\/2021\/02\/cropped-Radio_Ljubuski_logo1.jpg","contentUrl":"https:\/\/radioljubuski.ba\/wp-content\/uploads\/2021\/02\/cropped-Radio_Ljubuski_logo1.jpg","width":512,"height":512,"caption":"Radio Ljubu\u0161ki"},"image":{"@id":"https:\/\/radioljubuski.ba\/#\/schema\/logo\/image\/"},"sameAs":["https:\/\/www.facebook.com\/Radiio-Ljubuski-1490835324566332","https:\/\/x.com\/radioljubuski","https:\/\/hr.linkedin.com\/company\/radio-ljubuski","https:\/\/www.youtube.com\/channel\/UCHYaeO_n0Db3tjNGudGpXyw"]},{"@type":"Person","@id":"https:\/\/radioljubuski.ba\/#\/schema\/person\/19fc700381a780f69665d7956c469e3b","name":"Radio Ljubu\u0161ki"}]}},"_links":{"self":[{"href":"https:\/\/radioljubuski.ba\/index.php\/wp-json\/wp\/v2\/posts\/73803","targetHints":{"allow":["GET"]}}],"collection":[{"href":"https:\/\/radioljubuski.ba\/index.php\/wp-json\/wp\/v2\/posts"}],"about":[{"href":"https:\/\/radioljubuski.ba\/index.php\/wp-json\/wp\/v2\/types\/post"}],"author":[{"embeddable":true,"href":"https:\/\/radioljubuski.ba\/index.php\/wp-json\/wp\/v2\/users\/2"}],"replies":[{"embeddable":true,"href":"https:\/\/radioljubuski.ba\/index.php\/wp-json\/wp\/v2\/comments?post=73803"}],"version-history":[{"count":1,"href":"https:\/\/radioljubuski.ba\/index.php\/wp-json\/wp\/v2\/posts\/73803\/revisions"}],"predecessor-version":[{"id":73805,"href":"https:\/\/radioljubuski.ba\/index.php\/wp-json\/wp\/v2\/posts\/73803\/revisions\/73805"}],"wp:featuredmedia":[{"embeddable":true,"href":"https:\/\/radioljubuski.ba\/index.php\/wp-json\/wp\/v2\/media\/73804"}],"wp:attachment":[{"href":"https:\/\/radioljubuski.ba\/index.php\/wp-json\/wp\/v2\/media?parent=73803"}],"wp:term":[{"taxonomy":"category","embeddable":true,"href":"https:\/\/radioljubuski.ba\/index.php\/wp-json\/wp\/v2\/categories?post=73803"},{"taxonomy":"post_tag","embeddable":true,"href":"https:\/\/radioljubuski.ba\/index.php\/wp-json\/wp\/v2\/tags?post=73803"}],"curies":[{"name":"wp","href":"https:\/\/api.w.org\/{rel}","templated":true}]}}