{"id":7381,"date":"2021-03-27T21:03:46","date_gmt":"2021-03-27T20:03:46","guid":{"rendered":"https:\/\/radioljubuski.ba\/?p=7381"},"modified":"2021-03-27T21:03:46","modified_gmt":"2021-03-27T20:03:46","slug":"rudnici-su-duzni-skoro-milijardu-km-izbor-je-reorganizacija-ili-stecaj","status":"publish","type":"post","link":"https:\/\/radioljubuski.ba\/index.php\/2021\/03\/27\/rudnici-su-duzni-skoro-milijardu-km-izbor-je-reorganizacija-ili-stecaj\/","title":{"rendered":"Rudnici su du\u017eni skoro milijardu KM, izbor je reorganizacija ili ste\u010daj"},"content":{"rendered":"\n<p><strong>Elektroprivreda BiH povodom posljednjih zbivanja i \u0161trajkova u rudnicima oglasila se priop\u0107enjem u kojem ka\u017eu da se ostavlja samo jedan izbor: reorganizacija rudnika ili ste\u010daj.<\/strong><\/p>\n\n\n\n<p>Elektroprivreda BiH kao vladaju\u0107e dru\u0161tvo Koncerna EPBiH redovito ispunjava i izmiruje sve obveze prema rudnicima, ka\u017eu oni, samostalnim gospodarskim dru\u0161tvima, koja svojom osnovnom djelatno\u0161\u0107u ostvaruju prihode i iz istih, izme\u0111u ostalog, ispla\u0107uju pla\u0107e radnicima.<\/p>\n\n\n\n<p>\u201cRazloge za neispla\u0107ivanje pla\u0107a treba tra\u017eiti u \u010dinjenici da rudnici Koncerna EPBiH ne ostvaruju planiranu proizvodnju, a time i prihode. Proces reorganizacije rudnika pokrenut je s ciljem osiguranja njihovog ekonomski odr\u017eivog poslovanja. U dosada\u0161njoj provedbi ovog procesa doneseni su pravilnici o organizaciji i dana je suglasnost vladaju\u0107eg dru\u0161tva na pravilnike o sistematizaciji radnih mjesta koji trebaju stupiti na snagu 1. svibnja 2021. godine. U tijeku je izrada i drugih akata, izme\u0111u ostalih, pravilnika o radu i pravilnika o radnom u\u010dinku\u201d, navodi se u priop\u0107enju EP BiH.<\/p>\n\n\n\n<p>Pokrenuti proces reorganizacije nailazi na velike otpore i protivljenja od strane rudnika i manifestira se kroz obustave rada, navode.<\/p>\n\n\n\n<p>\u201cZahtjevi sindikata rudnika \u010desto nemaju karakter sindikalnih aktivnosti. Reorganizacija rudnika je odgovoran proces i njena potpuna provedba zahtijeva punu anga\u017eiranosti svih uposlenih u Koncernu EPBiH. U slu\u010daju opstruiranja i neprovo\u0111enja ovog procesa, jedina opcija jeste ste\u010daj\u201d, nagla\u0161ava se u priop\u0107enju.<\/p>\n\n\n\n<p>Prema preliminarnim podacima na dan 31.12.2020.godine, ukupne obveze rudnika Koncerna EPBiH po svim osnovama, iznose 920 milijuna KM.<\/p>\n\n\n\n<p>\u201cOd ovog iznosa, dugovanja prema dr\u017eavi su blizu 495 milijuna KM. Pro\u0161lu godinu rudnici su okon\u010dali s ukupnim gubitkom u iznosu 79 milijuna KM. I pored vi\u0161e od pola milijarde KM koliko je Elektroprivreda BiH ulo\u017eila u rudnike, nije osigurano njihovo ekonomski odr\u017eivo poslovanje. Proces reorganizacije mora biti sveobuhvatan uklju\u010duju\u0107i reorganizaciju i optimizaciju radne snage i proizvodnih kapaciteta, \u0161to \u0107e rezultirati ekonomskom odr\u017eivo\u0161\u0107u\u201d, zaklju\u010duje se u priop\u0107enju EP BiH.<\/p>\n\n\n\n<p>\/HMS\/<\/p>\n","protected":false},"excerpt":{"rendered":"<p>Elektroprivreda BiH povodom posljednjih zbivanja i \u0161trajkova u rudnicima oglasila se priop\u0107enjem u kojem ka\u017eu da se ostavlja samo jedan izbor: reorganizacija rudnika ili ste\u010daj. Elektroprivreda BiH kao vladaju\u0107e dru\u0161tvo Koncerna EPBiH redovito ispunjava i izmiruje sve obveze prema rudnicima, ka\u017eu oni, samostalnim gospodarskim dru\u0161tvima, koja svojom osnovnom djelatno\u0161\u0107u ostvaruju prihode i iz istih, izme\u0111u [&hellip;]<\/p>\n","protected":false},"author":2,"featured_media":7382,"comment_status":"closed","ping_status":"closed","sticky":false,"template":"","format":"standard","meta":{"h5ap_radio_sources":[],"footnotes":""},"categories":[1],"tags":[],"class_list":["post-7381","post","type-post","status-publish","format-standard","has-post-thumbnail","hentry","category-bihiregija"],"yoast_head":"<!-- This site is optimized with the Yoast SEO plugin v27.5 - https:\/\/yoast.com\/product\/yoast-seo-wordpress\/ -->\n<title>Rudnici su du\u017eni skoro milijardu KM, izbor je reorganizacija ili ste\u010daj - RADIO LJUBU\u0160KI<\/title>\n<meta name=\"robots\" content=\"index, follow, max-snippet:-1, max-image-preview:large, max-video-preview:-1\" \/>\n<link rel=\"canonical\" href=\"https:\/\/radioljubuski.ba\/index.php\/2021\/03\/27\/rudnici-su-duzni-skoro-milijardu-km-izbor-je-reorganizacija-ili-stecaj\/\" \/>\n<meta property=\"og:locale\" content=\"hr_HR\" \/>\n<meta property=\"og:type\" content=\"article\" \/>\n<meta property=\"og:title\" content=\"Rudnici su du\u017eni skoro milijardu KM, izbor je reorganizacija ili ste\u010daj - RADIO LJUBU\u0160KI\" \/>\n<meta property=\"og:description\" content=\"Elektroprivreda BiH povodom posljednjih zbivanja i \u0161trajkova u rudnicima oglasila se priop\u0107enjem u kojem ka\u017eu da se ostavlja samo jedan izbor: reorganizacija rudnika ili ste\u010daj. Elektroprivreda BiH kao vladaju\u0107e dru\u0161tvo Koncerna EPBiH redovito ispunjava i izmiruje sve obveze prema rudnicima, ka\u017eu oni, samostalnim gospodarskim dru\u0161tvima, koja svojom osnovnom djelatno\u0161\u0107u ostvaruju prihode i iz istih, izme\u0111u [&hellip;]\" \/>\n<meta property=\"og:url\" content=\"https:\/\/radioljubuski.ba\/index.php\/2021\/03\/27\/rudnici-su-duzni-skoro-milijardu-km-izbor-je-reorganizacija-ili-stecaj\/\" \/>\n<meta property=\"og:site_name\" content=\"RADIO LJUBU\u0160KI\" \/>\n<meta property=\"article:publisher\" content=\"https:\/\/www.facebook.com\/Radiio-Ljubuski-1490835324566332\" \/>\n<meta property=\"article:published_time\" content=\"2021-03-27T20:03:46+00:00\" \/>\n<meta property=\"og:image\" content=\"https:\/\/radioljubuski.ba\/wp-content\/uploads\/2021\/03\/rudnik-1068x712-1.jpg\" \/>\n\t<meta property=\"og:image:width\" content=\"1068\" \/>\n\t<meta property=\"og:image:height\" content=\"712\" \/>\n\t<meta property=\"og:image:type\" content=\"image\/jpeg\" \/>\n<meta name=\"author\" content=\"Radio Ljubu\u0161ki\" \/>\n<meta name=\"twitter:card\" content=\"summary_large_image\" \/>\n<meta name=\"twitter:creator\" content=\"@radioljubuski\" \/>\n<meta name=\"twitter:site\" content=\"@radioljubuski\" \/>\n<meta name=\"twitter:label1\" content=\"Napisao\/la\" \/>\n\t<meta name=\"twitter:data1\" content=\"Radio Ljubu\u0161ki\" \/>\n\t<meta name=\"twitter:label2\" content=\"Procijenjeno vrijeme \u010ditanja\" \/>\n\t<meta name=\"twitter:data2\" content=\"2 minute\" \/>\n<script type=\"application\/ld+json\" class=\"yoast-schema-graph\">{\"@context\":\"https:\\\/\\\/schema.org\",\"@graph\":[{\"@type\":\"Article\",\"@id\":\"https:\\\/\\\/radioljubuski.ba\\\/index.php\\\/2021\\\/03\\\/27\\\/rudnici-su-duzni-skoro-milijardu-km-izbor-je-reorganizacija-ili-stecaj\\\/#article\",\"isPartOf\":{\"@id\":\"https:\\\/\\\/radioljubuski.ba\\\/index.php\\\/2021\\\/03\\\/27\\\/rudnici-su-duzni-skoro-milijardu-km-izbor-je-reorganizacija-ili-stecaj\\\/\"},\"author\":{\"name\":\"Radio Ljubu\u0161ki\",\"@id\":\"https:\\\/\\\/radioljubuski.ba\\\/#\\\/schema\\\/person\\\/19fc700381a780f69665d7956c469e3b\"},\"headline\":\"Rudnici su du\u017eni skoro milijardu KM, izbor je reorganizacija ili ste\u010daj\",\"datePublished\":\"2021-03-27T20:03:46+00:00\",\"mainEntityOfPage\":{\"@id\":\"https:\\\/\\\/radioljubuski.ba\\\/index.php\\\/2021\\\/03\\\/27\\\/rudnici-su-duzni-skoro-milijardu-km-izbor-je-reorganizacija-ili-stecaj\\\/\"},\"wordCount\":339,\"publisher\":{\"@id\":\"https:\\\/\\\/radioljubuski.ba\\\/#organization\"},\"image\":{\"@id\":\"https:\\\/\\\/radioljubuski.ba\\\/index.php\\\/2021\\\/03\\\/27\\\/rudnici-su-duzni-skoro-milijardu-km-izbor-je-reorganizacija-ili-stecaj\\\/#primaryimage\"},\"thumbnailUrl\":\"https:\\\/\\\/radioljubuski.ba\\\/wp-content\\\/uploads\\\/2021\\\/03\\\/rudnik-1068x712-1.jpg\",\"articleSection\":[\"BIH i regija\"],\"inLanguage\":\"hr\"},{\"@type\":\"WebPage\",\"@id\":\"https:\\\/\\\/radioljubuski.ba\\\/index.php\\\/2021\\\/03\\\/27\\\/rudnici-su-duzni-skoro-milijardu-km-izbor-je-reorganizacija-ili-stecaj\\\/\",\"url\":\"https:\\\/\\\/radioljubuski.ba\\\/index.php\\\/2021\\\/03\\\/27\\\/rudnici-su-duzni-skoro-milijardu-km-izbor-je-reorganizacija-ili-stecaj\\\/\",\"name\":\"Rudnici su du\u017eni skoro milijardu KM, izbor je reorganizacija ili ste\u010daj - RADIO LJUBU\u0160KI\",\"isPartOf\":{\"@id\":\"https:\\\/\\\/radioljubuski.ba\\\/#website\"},\"primaryImageOfPage\":{\"@id\":\"https:\\\/\\\/radioljubuski.ba\\\/index.php\\\/2021\\\/03\\\/27\\\/rudnici-su-duzni-skoro-milijardu-km-izbor-je-reorganizacija-ili-stecaj\\\/#primaryimage\"},\"image\":{\"@id\":\"https:\\\/\\\/radioljubuski.ba\\\/index.php\\\/2021\\\/03\\\/27\\\/rudnici-su-duzni-skoro-milijardu-km-izbor-je-reorganizacija-ili-stecaj\\\/#primaryimage\"},\"thumbnailUrl\":\"https:\\\/\\\/radioljubuski.ba\\\/wp-content\\\/uploads\\\/2021\\\/03\\\/rudnik-1068x712-1.jpg\",\"datePublished\":\"2021-03-27T20:03:46+00:00\",\"breadcrumb\":{\"@id\":\"https:\\\/\\\/radioljubuski.ba\\\/index.php\\\/2021\\\/03\\\/27\\\/rudnici-su-duzni-skoro-milijardu-km-izbor-je-reorganizacija-ili-stecaj\\\/#breadcrumb\"},\"inLanguage\":\"hr\",\"potentialAction\":[{\"@type\":\"ReadAction\",\"target\":[\"https:\\\/\\\/radioljubuski.ba\\\/index.php\\\/2021\\\/03\\\/27\\\/rudnici-su-duzni-skoro-milijardu-km-izbor-je-reorganizacija-ili-stecaj\\\/\"]}]},{\"@type\":\"ImageObject\",\"inLanguage\":\"hr\",\"@id\":\"https:\\\/\\\/radioljubuski.ba\\\/index.php\\\/2021\\\/03\\\/27\\\/rudnici-su-duzni-skoro-milijardu-km-izbor-je-reorganizacija-ili-stecaj\\\/#primaryimage\",\"url\":\"https:\\\/\\\/radioljubuski.ba\\\/wp-content\\\/uploads\\\/2021\\\/03\\\/rudnik-1068x712-1.jpg\",\"contentUrl\":\"https:\\\/\\\/radioljubuski.ba\\\/wp-content\\\/uploads\\\/2021\\\/03\\\/rudnik-1068x712-1.jpg\",\"width\":1068,\"height\":712},{\"@type\":\"BreadcrumbList\",\"@id\":\"https:\\\/\\\/radioljubuski.ba\\\/index.php\\\/2021\\\/03\\\/27\\\/rudnici-su-duzni-skoro-milijardu-km-izbor-je-reorganizacija-ili-stecaj\\\/#breadcrumb\",\"itemListElement\":[{\"@type\":\"ListItem\",\"position\":1,\"name\":\"Po\u010detna stranica\",\"item\":\"https:\\\/\\\/radioljubuski.ba\\\/\"},{\"@type\":\"ListItem\",\"position\":2,\"name\":\"Rudnici su du\u017eni skoro milijardu KM, izbor je reorganizacija ili ste\u010daj\"}]},{\"@type\":\"WebSite\",\"@id\":\"https:\\\/\\\/radioljubuski.ba\\\/#website\",\"url\":\"https:\\\/\\\/radioljubuski.ba\\\/\",\"name\":\"Radio Ljubu\u0161ki\",\"description\":\"Sun\u010dana frekvencija Hercegovine\",\"publisher\":{\"@id\":\"https:\\\/\\\/radioljubuski.ba\\\/#organization\"},\"potentialAction\":[{\"@type\":\"SearchAction\",\"target\":{\"@type\":\"EntryPoint\",\"urlTemplate\":\"https:\\\/\\\/radioljubuski.ba\\\/?s={search_term_string}\"},\"query-input\":{\"@type\":\"PropertyValueSpecification\",\"valueRequired\":true,\"valueName\":\"search_term_string\"}}],\"inLanguage\":\"hr\"},{\"@type\":\"Organization\",\"@id\":\"https:\\\/\\\/radioljubuski.ba\\\/#organization\",\"name\":\"Radio Ljubu\u0161ki\",\"url\":\"https:\\\/\\\/radioljubuski.ba\\\/\",\"logo\":{\"@type\":\"ImageObject\",\"inLanguage\":\"hr\",\"@id\":\"https:\\\/\\\/radioljubuski.ba\\\/#\\\/schema\\\/logo\\\/image\\\/\",\"url\":\"https:\\\/\\\/radioljubuski.ba\\\/wp-content\\\/uploads\\\/2021\\\/02\\\/cropped-Radio_Ljubuski_logo1.jpg\",\"contentUrl\":\"https:\\\/\\\/radioljubuski.ba\\\/wp-content\\\/uploads\\\/2021\\\/02\\\/cropped-Radio_Ljubuski_logo1.jpg\",\"width\":512,\"height\":512,\"caption\":\"Radio Ljubu\u0161ki\"},\"image\":{\"@id\":\"https:\\\/\\\/radioljubuski.ba\\\/#\\\/schema\\\/logo\\\/image\\\/\"},\"sameAs\":[\"https:\\\/\\\/www.facebook.com\\\/Radiio-Ljubuski-1490835324566332\",\"https:\\\/\\\/x.com\\\/radioljubuski\",\"https:\\\/\\\/hr.linkedin.com\\\/company\\\/radio-ljubuski\",\"https:\\\/\\\/www.youtube.com\\\/channel\\\/UCHYaeO_n0Db3tjNGudGpXyw\"]},{\"@type\":\"Person\",\"@id\":\"https:\\\/\\\/radioljubuski.ba\\\/#\\\/schema\\\/person\\\/19fc700381a780f69665d7956c469e3b\",\"name\":\"Radio Ljubu\u0161ki\"}]}<\/script>\n<!-- \/ Yoast SEO plugin. -->","yoast_head_json":{"title":"Rudnici su du\u017eni skoro milijardu KM, izbor je reorganizacija ili ste\u010daj - RADIO LJUBU\u0160KI","robots":{"index":"index","follow":"follow","max-snippet":"max-snippet:-1","max-image-preview":"max-image-preview:large","max-video-preview":"max-video-preview:-1"},"canonical":"https:\/\/radioljubuski.ba\/index.php\/2021\/03\/27\/rudnici-su-duzni-skoro-milijardu-km-izbor-je-reorganizacija-ili-stecaj\/","og_locale":"hr_HR","og_type":"article","og_title":"Rudnici su du\u017eni skoro milijardu KM, izbor je reorganizacija ili ste\u010daj - RADIO LJUBU\u0160KI","og_description":"Elektroprivreda BiH povodom posljednjih zbivanja i \u0161trajkova u rudnicima oglasila se priop\u0107enjem u kojem ka\u017eu da se ostavlja samo jedan izbor: reorganizacija rudnika ili ste\u010daj. Elektroprivreda BiH kao vladaju\u0107e dru\u0161tvo Koncerna EPBiH redovito ispunjava i izmiruje sve obveze prema rudnicima, ka\u017eu oni, samostalnim gospodarskim dru\u0161tvima, koja svojom osnovnom djelatno\u0161\u0107u ostvaruju prihode i iz istih, izme\u0111u [&hellip;]","og_url":"https:\/\/radioljubuski.ba\/index.php\/2021\/03\/27\/rudnici-su-duzni-skoro-milijardu-km-izbor-je-reorganizacija-ili-stecaj\/","og_site_name":"RADIO LJUBU\u0160KI","article_publisher":"https:\/\/www.facebook.com\/Radiio-Ljubuski-1490835324566332","article_published_time":"2021-03-27T20:03:46+00:00","og_image":[{"width":1068,"height":712,"url":"https:\/\/radioljubuski.ba\/wp-content\/uploads\/2021\/03\/rudnik-1068x712-1.jpg","type":"image\/jpeg"}],"author":"Radio Ljubu\u0161ki","twitter_card":"summary_large_image","twitter_creator":"@radioljubuski","twitter_site":"@radioljubuski","twitter_misc":{"Napisao\/la":"Radio Ljubu\u0161ki","Procijenjeno vrijeme \u010ditanja":"2 minute"},"schema":{"@context":"https:\/\/schema.org","@graph":[{"@type":"Article","@id":"https:\/\/radioljubuski.ba\/index.php\/2021\/03\/27\/rudnici-su-duzni-skoro-milijardu-km-izbor-je-reorganizacija-ili-stecaj\/#article","isPartOf":{"@id":"https:\/\/radioljubuski.ba\/index.php\/2021\/03\/27\/rudnici-su-duzni-skoro-milijardu-km-izbor-je-reorganizacija-ili-stecaj\/"},"author":{"name":"Radio Ljubu\u0161ki","@id":"https:\/\/radioljubuski.ba\/#\/schema\/person\/19fc700381a780f69665d7956c469e3b"},"headline":"Rudnici su du\u017eni skoro milijardu KM, izbor je reorganizacija ili ste\u010daj","datePublished":"2021-03-27T20:03:46+00:00","mainEntityOfPage":{"@id":"https:\/\/radioljubuski.ba\/index.php\/2021\/03\/27\/rudnici-su-duzni-skoro-milijardu-km-izbor-je-reorganizacija-ili-stecaj\/"},"wordCount":339,"publisher":{"@id":"https:\/\/radioljubuski.ba\/#organization"},"image":{"@id":"https:\/\/radioljubuski.ba\/index.php\/2021\/03\/27\/rudnici-su-duzni-skoro-milijardu-km-izbor-je-reorganizacija-ili-stecaj\/#primaryimage"},"thumbnailUrl":"https:\/\/radioljubuski.ba\/wp-content\/uploads\/2021\/03\/rudnik-1068x712-1.jpg","articleSection":["BIH i regija"],"inLanguage":"hr"},{"@type":"WebPage","@id":"https:\/\/radioljubuski.ba\/index.php\/2021\/03\/27\/rudnici-su-duzni-skoro-milijardu-km-izbor-je-reorganizacija-ili-stecaj\/","url":"https:\/\/radioljubuski.ba\/index.php\/2021\/03\/27\/rudnici-su-duzni-skoro-milijardu-km-izbor-je-reorganizacija-ili-stecaj\/","name":"Rudnici su du\u017eni skoro milijardu KM, izbor je reorganizacija ili ste\u010daj - RADIO LJUBU\u0160KI","isPartOf":{"@id":"https:\/\/radioljubuski.ba\/#website"},"primaryImageOfPage":{"@id":"https:\/\/radioljubuski.ba\/index.php\/2021\/03\/27\/rudnici-su-duzni-skoro-milijardu-km-izbor-je-reorganizacija-ili-stecaj\/#primaryimage"},"image":{"@id":"https:\/\/radioljubuski.ba\/index.php\/2021\/03\/27\/rudnici-su-duzni-skoro-milijardu-km-izbor-je-reorganizacija-ili-stecaj\/#primaryimage"},"thumbnailUrl":"https:\/\/radioljubuski.ba\/wp-content\/uploads\/2021\/03\/rudnik-1068x712-1.jpg","datePublished":"2021-03-27T20:03:46+00:00","breadcrumb":{"@id":"https:\/\/radioljubuski.ba\/index.php\/2021\/03\/27\/rudnici-su-duzni-skoro-milijardu-km-izbor-je-reorganizacija-ili-stecaj\/#breadcrumb"},"inLanguage":"hr","potentialAction":[{"@type":"ReadAction","target":["https:\/\/radioljubuski.ba\/index.php\/2021\/03\/27\/rudnici-su-duzni-skoro-milijardu-km-izbor-je-reorganizacija-ili-stecaj\/"]}]},{"@type":"ImageObject","inLanguage":"hr","@id":"https:\/\/radioljubuski.ba\/index.php\/2021\/03\/27\/rudnici-su-duzni-skoro-milijardu-km-izbor-je-reorganizacija-ili-stecaj\/#primaryimage","url":"https:\/\/radioljubuski.ba\/wp-content\/uploads\/2021\/03\/rudnik-1068x712-1.jpg","contentUrl":"https:\/\/radioljubuski.ba\/wp-content\/uploads\/2021\/03\/rudnik-1068x712-1.jpg","width":1068,"height":712},{"@type":"BreadcrumbList","@id":"https:\/\/radioljubuski.ba\/index.php\/2021\/03\/27\/rudnici-su-duzni-skoro-milijardu-km-izbor-je-reorganizacija-ili-stecaj\/#breadcrumb","itemListElement":[{"@type":"ListItem","position":1,"name":"Po\u010detna stranica","item":"https:\/\/radioljubuski.ba\/"},{"@type":"ListItem","position":2,"name":"Rudnici su du\u017eni skoro milijardu KM, izbor je reorganizacija ili ste\u010daj"}]},{"@type":"WebSite","@id":"https:\/\/radioljubuski.ba\/#website","url":"https:\/\/radioljubuski.ba\/","name":"Radio Ljubu\u0161ki","description":"Sun\u010dana frekvencija Hercegovine","publisher":{"@id":"https:\/\/radioljubuski.ba\/#organization"},"potentialAction":[{"@type":"SearchAction","target":{"@type":"EntryPoint","urlTemplate":"https:\/\/radioljubuski.ba\/?s={search_term_string}"},"query-input":{"@type":"PropertyValueSpecification","valueRequired":true,"valueName":"search_term_string"}}],"inLanguage":"hr"},{"@type":"Organization","@id":"https:\/\/radioljubuski.ba\/#organization","name":"Radio Ljubu\u0161ki","url":"https:\/\/radioljubuski.ba\/","logo":{"@type":"ImageObject","inLanguage":"hr","@id":"https:\/\/radioljubuski.ba\/#\/schema\/logo\/image\/","url":"https:\/\/radioljubuski.ba\/wp-content\/uploads\/2021\/02\/cropped-Radio_Ljubuski_logo1.jpg","contentUrl":"https:\/\/radioljubuski.ba\/wp-content\/uploads\/2021\/02\/cropped-Radio_Ljubuski_logo1.jpg","width":512,"height":512,"caption":"Radio Ljubu\u0161ki"},"image":{"@id":"https:\/\/radioljubuski.ba\/#\/schema\/logo\/image\/"},"sameAs":["https:\/\/www.facebook.com\/Radiio-Ljubuski-1490835324566332","https:\/\/x.com\/radioljubuski","https:\/\/hr.linkedin.com\/company\/radio-ljubuski","https:\/\/www.youtube.com\/channel\/UCHYaeO_n0Db3tjNGudGpXyw"]},{"@type":"Person","@id":"https:\/\/radioljubuski.ba\/#\/schema\/person\/19fc700381a780f69665d7956c469e3b","name":"Radio Ljubu\u0161ki"}]}},"_links":{"self":[{"href":"https:\/\/radioljubuski.ba\/index.php\/wp-json\/wp\/v2\/posts\/7381","targetHints":{"allow":["GET"]}}],"collection":[{"href":"https:\/\/radioljubuski.ba\/index.php\/wp-json\/wp\/v2\/posts"}],"about":[{"href":"https:\/\/radioljubuski.ba\/index.php\/wp-json\/wp\/v2\/types\/post"}],"author":[{"embeddable":true,"href":"https:\/\/radioljubuski.ba\/index.php\/wp-json\/wp\/v2\/users\/2"}],"replies":[{"embeddable":true,"href":"https:\/\/radioljubuski.ba\/index.php\/wp-json\/wp\/v2\/comments?post=7381"}],"version-history":[{"count":1,"href":"https:\/\/radioljubuski.ba\/index.php\/wp-json\/wp\/v2\/posts\/7381\/revisions"}],"predecessor-version":[{"id":7383,"href":"https:\/\/radioljubuski.ba\/index.php\/wp-json\/wp\/v2\/posts\/7381\/revisions\/7383"}],"wp:featuredmedia":[{"embeddable":true,"href":"https:\/\/radioljubuski.ba\/index.php\/wp-json\/wp\/v2\/media\/7382"}],"wp:attachment":[{"href":"https:\/\/radioljubuski.ba\/index.php\/wp-json\/wp\/v2\/media?parent=7381"}],"wp:term":[{"taxonomy":"category","embeddable":true,"href":"https:\/\/radioljubuski.ba\/index.php\/wp-json\/wp\/v2\/categories?post=7381"},{"taxonomy":"post_tag","embeddable":true,"href":"https:\/\/radioljubuski.ba\/index.php\/wp-json\/wp\/v2\/tags?post=7381"}],"curies":[{"name":"wp","href":"https:\/\/api.w.org\/{rel}","templated":true}]}}