{"id":74197,"date":"2021-10-11T07:53:05","date_gmt":"2021-10-11T06:53:05","guid":{"rendered":"https:\/\/radioljubuski.ba\/?p=74197"},"modified":"2021-10-12T09:47:51","modified_gmt":"2021-10-12T08:47:51","slug":"bhrt-o-ljubuskim-stolarima-video","status":"publish","type":"post","link":"https:\/\/radioljubuski.ba\/index.php\/2021\/10\/11\/bhrt-o-ljubuskim-stolarima-video\/","title":{"rendered":"BHRT o ljubu\u0161kim stolarima &#8211; video"},"content":{"rendered":"\n<h5 class=\"wp-block-heading\">Du\u017ei niz godina deficitarni su brojni zanati. <\/h5>\n\n\n\n<h5 class=\"wp-block-heading\">Kako bi odgovorili potrebama tr\u017ei\u0161ta rada, ali i sa\u010duvali od zaborava zanate kojima prijeti izumiranje, Srednja strukovna \u0161kola \u201cRu\u0111er Bo\u0161kovi\u0107\u201d iz Ljubu\u0161kog otvara smjerove za koje se pokazalo da budu\u0107nosti ima.<\/h5>\n\n\n\n<p>Jedno od njih je i&nbsp;<strong>stolar.<\/strong><\/p>\n\n\n\n<p>U u\u010dionici prakti\u010dne nastave u Srednjoj strukovnoj \u0161koli \u201cRu\u0111er Bo\u0161kovi\u0107\u201d u Ljubu\u0161kom<strong>&nbsp;nikada nije dosadno.<\/strong>&nbsp;<\/p>\n\n\n\n<p>U to se ve\u0107 prvoga dana uvjere novi u\u010denici. <\/p>\n\n\n\n<p>Novinari BHRT-a posjetili su budu\u0107e stolare i uvjerili se da nisu slu\u010dajno odabrali ovo zanimanje.<\/p>\n\n\n\n<p>Pogledajte prilog<\/p>\n\n\n\n<iframe loading=\"lazy\" src=\"https:\/\/www.youtube.com\/embed\/uKBcJyZfOuI\" title=\"YouTube video player\" allow=\"accelerometer; autoplay; clipboard-write; encrypted-media; gyroscope; picture-in-picture\" allowfullscreen=\"\" width=\"560\" height=\"315\" frameborder=\"0\"><\/iframe>\n\n\n\n<p><em>Tata mi trenutno jo\u0161 uvijek radi kao bravar i dao mi je poticaj da ja idem njegovim koracima. Kad sam bio mali,&nbsp;<strong>imali smo jednu veliku ku\u0107u i gara\u017eu<\/strong>&nbsp;i tata bi me stalno zvao da mu je trebala pomo\u0107 pa bi mu do\u0161ao<\/em>, kazao je u\u010denik prvog razreda&nbsp;<strong>Antonijo Malosavljevi\u0107.<\/strong><\/p>\n\n\n\n<p><em>Moj brat je isto upisao za stolara, on je sada drugi razred i&nbsp;<strong>svidjelo mi se to po\u0161to je ovaj predmet jako zanimljiv<\/strong>, ima puno strojeva, mo\u017ee se jako puno nau\u010diti oko toga, a volim jednostavno raditi s ru\u010dnim strojevima. Od malih nogu sam to volio i jo\u0161 volim<\/em>, isti\u010de u\u010denik prvog razreda<strong>&nbsp;Vlado Bok\u0161i\u0107.<\/strong><\/p>\n\n\n\n<p><strong>\u017delja i volja su neupitne kod ovih mladi\u0107a.<\/strong>&nbsp;Zato s rado\u0161\u0107u prave klupe i drugi namje\u0161taj koji krase \u0161kolu i njeno dvori\u0161te.<\/p>\n\n\n\n<p><em>Kad oni vide da oni to mogu \u2013 ispilati, sastaviti pod kutom, uraditi neke stvari koje prije nisu zami\u0161ljali da mogu uraditi, i onda&nbsp;<strong>budu zadovoljni i jo\u0161 pored toga dobiju ocjenu<\/strong>, a druga i tre\u0107a godina kad idu u tvrtku, oni dobiju naknadu za rad. Zna\u010di, imaju satnicu 2 KM, topli obrok i prijevoz<\/em>, kazao je<strong>&nbsp;Ivan Brekalo<\/strong>, profesor prakti\u010dne nastave u SS\u0160 \u201cRu\u0111er Bo\u0161kovi\u0107\u201d, Ljubu\u0161ki.<\/p>\n\n\n\n<p><em>Oni u svoje slobodno vrijeme odrade nekakav posao, neke proizvode<strong>&nbsp;gdje svoje talente poku\u0161avaju, isku\u0161avaju<\/strong>. Na\u0161i lokalni poduzetnici su to prepoznali i oni ih tra\u017ee<\/em>, kazala je&nbsp;ravnateljica SS\u0160 \u201cRu\u0111er Bo\u0161kovi\u0107\u201d&nbsp;<strong>Mila Primorac.<\/strong><\/p>\n\n\n\n<p>A, lokalni poduzetnici kroz&nbsp;<strong>Drvni klaster<\/strong>&nbsp;umnogome poma\u017ee i \u0161koli i budu\u0107im stolarima. Opremili su \u0161kolsku radionicu, a u\u010denici obilaze tvrtke prikupljaju\u0107i znanje za budu\u0107i rad.<\/p>\n\n\n\n<p><em>Jer svaka tvrtka nema isti stroj i nema isti sistem rada pa ih spremamo tako da<strong>&nbsp;mogu biti spremni za sve \u0161to ih \u010deka u \u017eivo<\/strong>tu<\/em>, dodao je profesor Ivan Brekalo.<\/p>\n\n\n\n<p><em>Vrlo rado bih volio raditi kao stolar<strong>&nbsp;jer to nije dosadno i mo\u017ee se mnogo toga nau\u010diti<\/strong>&nbsp;i vrlo lako se mo\u017ee na\u0107i posao poslije \u0161kole. Stolari su jako tra\u017eeni<\/em>, smatra Vlado Bok\u0161i\u0107.<\/p>\n\n\n\n<p>A, Antonijo ve\u0107 ima zamisao \u0161to \u017eeli,<strong>&nbsp;kad izu\u010di zanat, napraviti\u2026<\/strong><\/p>\n\n\n\n<p><strong>Izvor: Jabuka.tv<\/strong><\/p>\n","protected":false},"excerpt":{"rendered":"<p>Du\u017ei niz godina deficitarni su brojni zanati. Kako bi odgovorili potrebama tr\u017ei\u0161ta rada, ali i sa\u010duvali od zaborava zanate kojima prijeti izumiranje, Srednja strukovna \u0161kola \u201cRu\u0111er Bo\u0161kovi\u0107\u201d iz Ljubu\u0161kog otvara smjerove za koje se pokazalo da budu\u0107nosti ima. Jedno od njih je i&nbsp;stolar. U u\u010dionici prakti\u010dne nastave u Srednjoj strukovnoj \u0161koli \u201cRu\u0111er Bo\u0161kovi\u0107\u201d u Ljubu\u0161kom&nbsp;nikada [&hellip;]<\/p>\n","protected":false},"author":2,"featured_media":74198,"comment_status":"closed","ping_status":"closed","sticky":false,"template":"","format":"standard","meta":{"h5ap_radio_sources":[],"footnotes":""},"categories":[3],"tags":[],"class_list":["post-74197","post","type-post","status-publish","format-standard","has-post-thumbnail","hentry","category-ljubuski"],"yoast_head":"<!-- This site is optimized with the Yoast SEO plugin v27.5 - https:\/\/yoast.com\/product\/yoast-seo-wordpress\/ -->\n<title>BHRT o ljubu\u0161kim stolarima - video - RADIO LJUBU\u0160KI<\/title>\n<meta name=\"robots\" content=\"index, follow, max-snippet:-1, max-image-preview:large, max-video-preview:-1\" \/>\n<link rel=\"canonical\" href=\"https:\/\/radioljubuski.ba\/index.php\/2021\/10\/11\/bhrt-o-ljubuskim-stolarima-video\/\" \/>\n<meta property=\"og:locale\" content=\"hr_HR\" \/>\n<meta property=\"og:type\" content=\"article\" \/>\n<meta property=\"og:title\" content=\"BHRT o ljubu\u0161kim stolarima - video - RADIO LJUBU\u0160KI\" \/>\n<meta property=\"og:description\" content=\"Du\u017ei niz godina deficitarni su brojni zanati. Kako bi odgovorili potrebama tr\u017ei\u0161ta rada, ali i sa\u010duvali od zaborava zanate kojima prijeti izumiranje, Srednja strukovna \u0161kola \u201cRu\u0111er Bo\u0161kovi\u0107\u201d iz Ljubu\u0161kog otvara smjerove za koje se pokazalo da budu\u0107nosti ima. Jedno od njih je i&nbsp;stolar. U u\u010dionici prakti\u010dne nastave u Srednjoj strukovnoj \u0161koli \u201cRu\u0111er Bo\u0161kovi\u0107\u201d u Ljubu\u0161kom&nbsp;nikada [&hellip;]\" \/>\n<meta property=\"og:url\" content=\"https:\/\/radioljubuski.ba\/index.php\/2021\/10\/11\/bhrt-o-ljubuskim-stolarima-video\/\" \/>\n<meta property=\"og:site_name\" content=\"RADIO LJUBU\u0160KI\" \/>\n<meta property=\"article:publisher\" content=\"https:\/\/www.facebook.com\/Radiio-Ljubuski-1490835324566332\" \/>\n<meta property=\"article:published_time\" content=\"2021-10-11T06:53:05+00:00\" \/>\n<meta property=\"article:modified_time\" content=\"2021-10-12T08:47:51+00:00\" \/>\n<meta property=\"og:image\" content=\"https:\/\/radioljubuski.ba\/wp-content\/uploads\/2021\/10\/stolari.jpg\" \/>\n\t<meta property=\"og:image:width\" content=\"988\" \/>\n\t<meta property=\"og:image:height\" content=\"421\" \/>\n\t<meta property=\"og:image:type\" content=\"image\/jpeg\" \/>\n<meta name=\"author\" content=\"Radio Ljubu\u0161ki\" \/>\n<meta name=\"twitter:card\" content=\"summary_large_image\" \/>\n<meta name=\"twitter:creator\" content=\"@radioljubuski\" \/>\n<meta name=\"twitter:site\" content=\"@radioljubuski\" \/>\n<meta name=\"twitter:label1\" content=\"Napisao\/la\" \/>\n\t<meta name=\"twitter:data1\" content=\"Radio Ljubu\u0161ki\" \/>\n\t<meta name=\"twitter:label2\" content=\"Procijenjeno vrijeme \u010ditanja\" \/>\n\t<meta name=\"twitter:data2\" content=\"2 minute\" \/>\n<script type=\"application\/ld+json\" class=\"yoast-schema-graph\">{\"@context\":\"https:\\\/\\\/schema.org\",\"@graph\":[{\"@type\":\"Article\",\"@id\":\"https:\\\/\\\/radioljubuski.ba\\\/index.php\\\/2021\\\/10\\\/11\\\/bhrt-o-ljubuskim-stolarima-video\\\/#article\",\"isPartOf\":{\"@id\":\"https:\\\/\\\/radioljubuski.ba\\\/index.php\\\/2021\\\/10\\\/11\\\/bhrt-o-ljubuskim-stolarima-video\\\/\"},\"author\":{\"name\":\"Radio Ljubu\u0161ki\",\"@id\":\"https:\\\/\\\/radioljubuski.ba\\\/#\\\/schema\\\/person\\\/19fc700381a780f69665d7956c469e3b\"},\"headline\":\"BHRT o ljubu\u0161kim stolarima &#8211; video\",\"datePublished\":\"2021-10-11T06:53:05+00:00\",\"dateModified\":\"2021-10-12T08:47:51+00:00\",\"mainEntityOfPage\":{\"@id\":\"https:\\\/\\\/radioljubuski.ba\\\/index.php\\\/2021\\\/10\\\/11\\\/bhrt-o-ljubuskim-stolarima-video\\\/\"},\"wordCount\":498,\"publisher\":{\"@id\":\"https:\\\/\\\/radioljubuski.ba\\\/#organization\"},\"image\":{\"@id\":\"https:\\\/\\\/radioljubuski.ba\\\/index.php\\\/2021\\\/10\\\/11\\\/bhrt-o-ljubuskim-stolarima-video\\\/#primaryimage\"},\"thumbnailUrl\":\"https:\\\/\\\/radioljubuski.ba\\\/wp-content\\\/uploads\\\/2021\\\/10\\\/stolari.jpg\",\"articleSection\":[\"Ljubu\u0161ki\"],\"inLanguage\":\"hr\"},{\"@type\":\"WebPage\",\"@id\":\"https:\\\/\\\/radioljubuski.ba\\\/index.php\\\/2021\\\/10\\\/11\\\/bhrt-o-ljubuskim-stolarima-video\\\/\",\"url\":\"https:\\\/\\\/radioljubuski.ba\\\/index.php\\\/2021\\\/10\\\/11\\\/bhrt-o-ljubuskim-stolarima-video\\\/\",\"name\":\"BHRT o ljubu\u0161kim stolarima - video - RADIO LJUBU\u0160KI\",\"isPartOf\":{\"@id\":\"https:\\\/\\\/radioljubuski.ba\\\/#website\"},\"primaryImageOfPage\":{\"@id\":\"https:\\\/\\\/radioljubuski.ba\\\/index.php\\\/2021\\\/10\\\/11\\\/bhrt-o-ljubuskim-stolarima-video\\\/#primaryimage\"},\"image\":{\"@id\":\"https:\\\/\\\/radioljubuski.ba\\\/index.php\\\/2021\\\/10\\\/11\\\/bhrt-o-ljubuskim-stolarima-video\\\/#primaryimage\"},\"thumbnailUrl\":\"https:\\\/\\\/radioljubuski.ba\\\/wp-content\\\/uploads\\\/2021\\\/10\\\/stolari.jpg\",\"datePublished\":\"2021-10-11T06:53:05+00:00\",\"dateModified\":\"2021-10-12T08:47:51+00:00\",\"breadcrumb\":{\"@id\":\"https:\\\/\\\/radioljubuski.ba\\\/index.php\\\/2021\\\/10\\\/11\\\/bhrt-o-ljubuskim-stolarima-video\\\/#breadcrumb\"},\"inLanguage\":\"hr\",\"potentialAction\":[{\"@type\":\"ReadAction\",\"target\":[\"https:\\\/\\\/radioljubuski.ba\\\/index.php\\\/2021\\\/10\\\/11\\\/bhrt-o-ljubuskim-stolarima-video\\\/\"]}]},{\"@type\":\"ImageObject\",\"inLanguage\":\"hr\",\"@id\":\"https:\\\/\\\/radioljubuski.ba\\\/index.php\\\/2021\\\/10\\\/11\\\/bhrt-o-ljubuskim-stolarima-video\\\/#primaryimage\",\"url\":\"https:\\\/\\\/radioljubuski.ba\\\/wp-content\\\/uploads\\\/2021\\\/10\\\/stolari.jpg\",\"contentUrl\":\"https:\\\/\\\/radioljubuski.ba\\\/wp-content\\\/uploads\\\/2021\\\/10\\\/stolari.jpg\",\"width\":988,\"height\":421},{\"@type\":\"BreadcrumbList\",\"@id\":\"https:\\\/\\\/radioljubuski.ba\\\/index.php\\\/2021\\\/10\\\/11\\\/bhrt-o-ljubuskim-stolarima-video\\\/#breadcrumb\",\"itemListElement\":[{\"@type\":\"ListItem\",\"position\":1,\"name\":\"Po\u010detna stranica\",\"item\":\"https:\\\/\\\/radioljubuski.ba\\\/\"},{\"@type\":\"ListItem\",\"position\":2,\"name\":\"BHRT o ljubu\u0161kim stolarima &#8211; video\"}]},{\"@type\":\"WebSite\",\"@id\":\"https:\\\/\\\/radioljubuski.ba\\\/#website\",\"url\":\"https:\\\/\\\/radioljubuski.ba\\\/\",\"name\":\"Radio Ljubu\u0161ki\",\"description\":\"Sun\u010dana frekvencija Hercegovine\",\"publisher\":{\"@id\":\"https:\\\/\\\/radioljubuski.ba\\\/#organization\"},\"potentialAction\":[{\"@type\":\"SearchAction\",\"target\":{\"@type\":\"EntryPoint\",\"urlTemplate\":\"https:\\\/\\\/radioljubuski.ba\\\/?s={search_term_string}\"},\"query-input\":{\"@type\":\"PropertyValueSpecification\",\"valueRequired\":true,\"valueName\":\"search_term_string\"}}],\"inLanguage\":\"hr\"},{\"@type\":\"Organization\",\"@id\":\"https:\\\/\\\/radioljubuski.ba\\\/#organization\",\"name\":\"Radio Ljubu\u0161ki\",\"url\":\"https:\\\/\\\/radioljubuski.ba\\\/\",\"logo\":{\"@type\":\"ImageObject\",\"inLanguage\":\"hr\",\"@id\":\"https:\\\/\\\/radioljubuski.ba\\\/#\\\/schema\\\/logo\\\/image\\\/\",\"url\":\"https:\\\/\\\/radioljubuski.ba\\\/wp-content\\\/uploads\\\/2021\\\/02\\\/cropped-Radio_Ljubuski_logo1.jpg\",\"contentUrl\":\"https:\\\/\\\/radioljubuski.ba\\\/wp-content\\\/uploads\\\/2021\\\/02\\\/cropped-Radio_Ljubuski_logo1.jpg\",\"width\":512,\"height\":512,\"caption\":\"Radio Ljubu\u0161ki\"},\"image\":{\"@id\":\"https:\\\/\\\/radioljubuski.ba\\\/#\\\/schema\\\/logo\\\/image\\\/\"},\"sameAs\":[\"https:\\\/\\\/www.facebook.com\\\/Radiio-Ljubuski-1490835324566332\",\"https:\\\/\\\/x.com\\\/radioljubuski\",\"https:\\\/\\\/hr.linkedin.com\\\/company\\\/radio-ljubuski\",\"https:\\\/\\\/www.youtube.com\\\/channel\\\/UCHYaeO_n0Db3tjNGudGpXyw\"]},{\"@type\":\"Person\",\"@id\":\"https:\\\/\\\/radioljubuski.ba\\\/#\\\/schema\\\/person\\\/19fc700381a780f69665d7956c469e3b\",\"name\":\"Radio Ljubu\u0161ki\"}]}<\/script>\n<!-- \/ Yoast SEO plugin. -->","yoast_head_json":{"title":"BHRT o ljubu\u0161kim stolarima - video - RADIO LJUBU\u0160KI","robots":{"index":"index","follow":"follow","max-snippet":"max-snippet:-1","max-image-preview":"max-image-preview:large","max-video-preview":"max-video-preview:-1"},"canonical":"https:\/\/radioljubuski.ba\/index.php\/2021\/10\/11\/bhrt-o-ljubuskim-stolarima-video\/","og_locale":"hr_HR","og_type":"article","og_title":"BHRT o ljubu\u0161kim stolarima - video - RADIO LJUBU\u0160KI","og_description":"Du\u017ei niz godina deficitarni su brojni zanati. Kako bi odgovorili potrebama tr\u017ei\u0161ta rada, ali i sa\u010duvali od zaborava zanate kojima prijeti izumiranje, Srednja strukovna \u0161kola \u201cRu\u0111er Bo\u0161kovi\u0107\u201d iz Ljubu\u0161kog otvara smjerove za koje se pokazalo da budu\u0107nosti ima. Jedno od njih je i&nbsp;stolar. U u\u010dionici prakti\u010dne nastave u Srednjoj strukovnoj \u0161koli \u201cRu\u0111er Bo\u0161kovi\u0107\u201d u Ljubu\u0161kom&nbsp;nikada [&hellip;]","og_url":"https:\/\/radioljubuski.ba\/index.php\/2021\/10\/11\/bhrt-o-ljubuskim-stolarima-video\/","og_site_name":"RADIO LJUBU\u0160KI","article_publisher":"https:\/\/www.facebook.com\/Radiio-Ljubuski-1490835324566332","article_published_time":"2021-10-11T06:53:05+00:00","article_modified_time":"2021-10-12T08:47:51+00:00","og_image":[{"width":988,"height":421,"url":"https:\/\/radioljubuski.ba\/wp-content\/uploads\/2021\/10\/stolari.jpg","type":"image\/jpeg"}],"author":"Radio Ljubu\u0161ki","twitter_card":"summary_large_image","twitter_creator":"@radioljubuski","twitter_site":"@radioljubuski","twitter_misc":{"Napisao\/la":"Radio Ljubu\u0161ki","Procijenjeno vrijeme \u010ditanja":"2 minute"},"schema":{"@context":"https:\/\/schema.org","@graph":[{"@type":"Article","@id":"https:\/\/radioljubuski.ba\/index.php\/2021\/10\/11\/bhrt-o-ljubuskim-stolarima-video\/#article","isPartOf":{"@id":"https:\/\/radioljubuski.ba\/index.php\/2021\/10\/11\/bhrt-o-ljubuskim-stolarima-video\/"},"author":{"name":"Radio Ljubu\u0161ki","@id":"https:\/\/radioljubuski.ba\/#\/schema\/person\/19fc700381a780f69665d7956c469e3b"},"headline":"BHRT o ljubu\u0161kim stolarima &#8211; video","datePublished":"2021-10-11T06:53:05+00:00","dateModified":"2021-10-12T08:47:51+00:00","mainEntityOfPage":{"@id":"https:\/\/radioljubuski.ba\/index.php\/2021\/10\/11\/bhrt-o-ljubuskim-stolarima-video\/"},"wordCount":498,"publisher":{"@id":"https:\/\/radioljubuski.ba\/#organization"},"image":{"@id":"https:\/\/radioljubuski.ba\/index.php\/2021\/10\/11\/bhrt-o-ljubuskim-stolarima-video\/#primaryimage"},"thumbnailUrl":"https:\/\/radioljubuski.ba\/wp-content\/uploads\/2021\/10\/stolari.jpg","articleSection":["Ljubu\u0161ki"],"inLanguage":"hr"},{"@type":"WebPage","@id":"https:\/\/radioljubuski.ba\/index.php\/2021\/10\/11\/bhrt-o-ljubuskim-stolarima-video\/","url":"https:\/\/radioljubuski.ba\/index.php\/2021\/10\/11\/bhrt-o-ljubuskim-stolarima-video\/","name":"BHRT o ljubu\u0161kim stolarima - video - RADIO LJUBU\u0160KI","isPartOf":{"@id":"https:\/\/radioljubuski.ba\/#website"},"primaryImageOfPage":{"@id":"https:\/\/radioljubuski.ba\/index.php\/2021\/10\/11\/bhrt-o-ljubuskim-stolarima-video\/#primaryimage"},"image":{"@id":"https:\/\/radioljubuski.ba\/index.php\/2021\/10\/11\/bhrt-o-ljubuskim-stolarima-video\/#primaryimage"},"thumbnailUrl":"https:\/\/radioljubuski.ba\/wp-content\/uploads\/2021\/10\/stolari.jpg","datePublished":"2021-10-11T06:53:05+00:00","dateModified":"2021-10-12T08:47:51+00:00","breadcrumb":{"@id":"https:\/\/radioljubuski.ba\/index.php\/2021\/10\/11\/bhrt-o-ljubuskim-stolarima-video\/#breadcrumb"},"inLanguage":"hr","potentialAction":[{"@type":"ReadAction","target":["https:\/\/radioljubuski.ba\/index.php\/2021\/10\/11\/bhrt-o-ljubuskim-stolarima-video\/"]}]},{"@type":"ImageObject","inLanguage":"hr","@id":"https:\/\/radioljubuski.ba\/index.php\/2021\/10\/11\/bhrt-o-ljubuskim-stolarima-video\/#primaryimage","url":"https:\/\/radioljubuski.ba\/wp-content\/uploads\/2021\/10\/stolari.jpg","contentUrl":"https:\/\/radioljubuski.ba\/wp-content\/uploads\/2021\/10\/stolari.jpg","width":988,"height":421},{"@type":"BreadcrumbList","@id":"https:\/\/radioljubuski.ba\/index.php\/2021\/10\/11\/bhrt-o-ljubuskim-stolarima-video\/#breadcrumb","itemListElement":[{"@type":"ListItem","position":1,"name":"Po\u010detna stranica","item":"https:\/\/radioljubuski.ba\/"},{"@type":"ListItem","position":2,"name":"BHRT o ljubu\u0161kim stolarima &#8211; video"}]},{"@type":"WebSite","@id":"https:\/\/radioljubuski.ba\/#website","url":"https:\/\/radioljubuski.ba\/","name":"Radio Ljubu\u0161ki","description":"Sun\u010dana frekvencija Hercegovine","publisher":{"@id":"https:\/\/radioljubuski.ba\/#organization"},"potentialAction":[{"@type":"SearchAction","target":{"@type":"EntryPoint","urlTemplate":"https:\/\/radioljubuski.ba\/?s={search_term_string}"},"query-input":{"@type":"PropertyValueSpecification","valueRequired":true,"valueName":"search_term_string"}}],"inLanguage":"hr"},{"@type":"Organization","@id":"https:\/\/radioljubuski.ba\/#organization","name":"Radio Ljubu\u0161ki","url":"https:\/\/radioljubuski.ba\/","logo":{"@type":"ImageObject","inLanguage":"hr","@id":"https:\/\/radioljubuski.ba\/#\/schema\/logo\/image\/","url":"https:\/\/radioljubuski.ba\/wp-content\/uploads\/2021\/02\/cropped-Radio_Ljubuski_logo1.jpg","contentUrl":"https:\/\/radioljubuski.ba\/wp-content\/uploads\/2021\/02\/cropped-Radio_Ljubuski_logo1.jpg","width":512,"height":512,"caption":"Radio Ljubu\u0161ki"},"image":{"@id":"https:\/\/radioljubuski.ba\/#\/schema\/logo\/image\/"},"sameAs":["https:\/\/www.facebook.com\/Radiio-Ljubuski-1490835324566332","https:\/\/x.com\/radioljubuski","https:\/\/hr.linkedin.com\/company\/radio-ljubuski","https:\/\/www.youtube.com\/channel\/UCHYaeO_n0Db3tjNGudGpXyw"]},{"@type":"Person","@id":"https:\/\/radioljubuski.ba\/#\/schema\/person\/19fc700381a780f69665d7956c469e3b","name":"Radio Ljubu\u0161ki"}]}},"_links":{"self":[{"href":"https:\/\/radioljubuski.ba\/index.php\/wp-json\/wp\/v2\/posts\/74197","targetHints":{"allow":["GET"]}}],"collection":[{"href":"https:\/\/radioljubuski.ba\/index.php\/wp-json\/wp\/v2\/posts"}],"about":[{"href":"https:\/\/radioljubuski.ba\/index.php\/wp-json\/wp\/v2\/types\/post"}],"author":[{"embeddable":true,"href":"https:\/\/radioljubuski.ba\/index.php\/wp-json\/wp\/v2\/users\/2"}],"replies":[{"embeddable":true,"href":"https:\/\/radioljubuski.ba\/index.php\/wp-json\/wp\/v2\/comments?post=74197"}],"version-history":[{"count":2,"href":"https:\/\/radioljubuski.ba\/index.php\/wp-json\/wp\/v2\/posts\/74197\/revisions"}],"predecessor-version":[{"id":74205,"href":"https:\/\/radioljubuski.ba\/index.php\/wp-json\/wp\/v2\/posts\/74197\/revisions\/74205"}],"wp:featuredmedia":[{"embeddable":true,"href":"https:\/\/radioljubuski.ba\/index.php\/wp-json\/wp\/v2\/media\/74198"}],"wp:attachment":[{"href":"https:\/\/radioljubuski.ba\/index.php\/wp-json\/wp\/v2\/media?parent=74197"}],"wp:term":[{"taxonomy":"category","embeddable":true,"href":"https:\/\/radioljubuski.ba\/index.php\/wp-json\/wp\/v2\/categories?post=74197"},{"taxonomy":"post_tag","embeddable":true,"href":"https:\/\/radioljubuski.ba\/index.php\/wp-json\/wp\/v2\/tags?post=74197"}],"curies":[{"name":"wp","href":"https:\/\/api.w.org\/{rel}","templated":true}]}}