{"id":74206,"date":"2021-10-11T10:12:15","date_gmt":"2021-10-11T09:12:15","guid":{"rendered":"https:\/\/radioljubuski.ba\/?p=74206"},"modified":"2021-10-11T23:37:56","modified_gmt":"2021-10-11T22:37:56","slug":"bivsa-skautica-ceka-mig-izbornika-sostarica-cim-stigne-poziv-lovim-prvi-let-za-zagreb","status":"publish","type":"post","link":"https:\/\/radioljubuski.ba\/index.php\/2021\/10\/11\/bivsa-skautica-ceka-mig-izbornika-sostarica-cim-stigne-poziv-lovim-prvi-let-za-zagreb\/","title":{"rendered":"Biv\u0161a &#8220;Skautica&#8221; \u010deka mig izbornika \u0160o\u0161tari\u0107a: &#8220;\u010cim stigne poziv, lovim prvi let za Zagreb&#8221;"},"content":{"rendered":"\n<p>Kraljice \u0161oka opet su u akciji. Hrvatsku \u010deka te\u017eak posao u kvalifikacijama, ali i odlu\u010dnost da se izbori novi nastup na Euru te potvrdi da bronca pro\u0161le godine nije bila slu\u010dajna. Izbornik <strong>Nenad \u0160o\u0161tari\u0107 <\/strong>pozvao je 18 igra\u010dica, uz \u0161est djevojaka u pri\u010duvi. Me\u0111u njima je i desna vanjska <strong>Katarina Pavlovi\u0107<\/strong>, koja od ove sezone brani boje \u0161panjolske Rocase iz Gran Canarije.<\/p>\n\n\n\n<p>Ro\u0111ena \u010capljinka koj je prve rukometne korake napravila u ljubu\u0161kom Izvi\u0111a\u010du jo\u0161 2015. godine bila je na popisu izbornika <strong>Gorana Mr\u0111ena<\/strong>, tada kao igra\u010dica Zeline. U me\u0111uvremenu se \u010deli\u010dila u Bundesligi, prvo je igrala za HSG Blomberg, a posljednje \u010detiri sezone bila je nezamjenjiva u dresu BSV Sachsen Zwickaua&#8230;<\/p>\n\n\n\n<p>&#8211; Neizmjerno mi je drago \u0161to sam dobila povjerenje izbornika \u0160o\u0161tari\u0107a, pogotovo sada kada imamo odli\u010dnu reprezentaciju koja je nastupom na posljednjem Europskom prvenstvu zadivila rukometni svijet. Nastojat \u0107u se jo\u0161 vi\u0161e nametnuti svojim igrama. Velika je \u010dast dobiti novi poziv u reprezentaciju nakon toliko godina. Sad sam pri\u010duva, bodrim cure \u201cna daljinu\u201d, a vjerujem da \u0107u u idu\u0107im akcijama biti s njima. Najva\u017enije je da izbornik zna za mene, njegov poziv jo\u0161 vi\u0161e me motivirao &#8211; ka\u017ee Katarina Pavlovi\u0107.<\/p>\n\n\n\n<h1 class=\"wp-block-heading\">Sve u 15 minuta hoda<\/h1>\n\n\n\n<p>Sad ste u \u0160panjolskoj, u klubu koji je u samom vrhu vrlo jake \u0161panjolske lige. Pro\u0161le godine eliminirao je Grude u EHF kupu. Kako je u novoj sredini?<\/p>\n\n\n\n<p>&#8211; Za sada imam samo rije\u010di hvale. Prezadovoljna sam klubom, trenerom, ekipom, kao i cijelom \u0160panjolskom. Uvjeti su profesionalni, klub je ambiciozan i postavili smo visoke ciljeve. Treniramo naporno i posve\u0107ujem dosta pa\u017enje individualnom radu. Rocasa je jedan od najja\u010dih klubova u \u0160panjolskoj i uvijek cilja visoko. Iskreno, \u017eeljela bih osvojiti Prvenstvo i Kup, dok igramo i Europu te vjerujem da \u0107emo daleko dogurati. Ja \u017eelim jo\u0161 bolje igrati i jedva \u010dekam novi \u201cmig\u201d izbornika \u0160o\u0161tari\u0107a. \u010cim stigne poziv, lovim prvi zrakoplov za Zagreb.<\/p>\n\n\n\n<p>Iskustva s letovima imate, s Kanarskih otoka vrlo \u010desto letite na liga\u0161ke utakmice u \u0160panjolsku?<\/p>\n\n\n\n<p>&#8211; Gran Canaria je tre\u0107i po veli\u010dini u skupini Kanarskih otoka. Klub je u gradi\u0107u Teldu, blizu zra\u010dne luke. Zapravo, sve mi je blizu, dvorana, zra\u010dna luka, shopping centri, pla\u017ea, sve u 15 minuta hoda. Las Palmas je glavni grad Gran Canarie. Poznat po pla\u017eama, shoppingu, karnevalima. Posjetila sam u ova dva mjeseca nekoliko mjesta koja su me odu\u0161evila, Playa de Ingles, Maspalomas, pla\u017ee u Teldu. Cure su me prihvatile odmah, dosta je dobra atmosfera, imam osje\u0107aj da sam tu ve\u0107 nekoliko godina. Na utakmice se leti zrakoplovom svaki drugi vikend. Novo, zanimljivo iskustvo, unato\u010d ograni\u010denjima zbog Covida-19.<\/p>\n\n\n\n<h1 class=\"wp-block-heading\">Isi\u0107 na drugom otoku<\/h1>\n\n\n\n<p>Kako gledate na pet sezona u Njema\u010dkoj?<\/p>\n\n\n\n<p>&#8211; Napravila sam tamo jedan veliki korak, stekla puno iskustva, nau\u010dila neke nove stvari u rukometu koje ne bih mogla nigdje drugdje nau\u010diti. Bundesliga je vrlo zahtjevno natjecanje gdje se velika va\u017enost pridaje tjelesnoj spremi, izdr\u017eljivosti i disciplini u igri. To mi je dosta zna\u010dilo za korak dalje. Zahvalna sam svim trenerima i suigra\u010dicama na iskustvu i godinama provedenim u Njema\u010dkoj. Nisam bila sama, bilo je tu jo\u0161 djevojaka iz Hrvatske i Hercegovine, koje su potvrda da s na\u0161im talentom mo\u017eemo igrati rukomet i s najboljima.<\/p>\n\n\n\n<p>Ima li na Kanarima djevojaka iz na\u0161ih krajeva?<\/p>\n\n\n\n<p>&#8211; Tu je blizu mene, na jednom drugom otoku reprezentativka BiH <strong>Armina Isi\u0107<\/strong>. Ona igra za ekipu Zonzamas Balonmano. Jedna je od vode\u0107ih igra\u010dica u klubu, mo\u017ee se re\u0107i lider ekipe. Ranije je igrala za Tenerife. Ima veliko iskustvo najja\u010de \u0161panjolske lige. \u010cesto se \u010dujemo, u slobodno vrijeme i na\u0111emo. S Aminom se znam jo\u0161 iz srednjo\u0161kolskih dana, tako da me raduju susreti s njom. I ona je jedna od djevojaka iz Hercegovine, to\u010dnije iz Mostara, koja potvr\u0111uje kako se, kad se spoje talent, rad i upornost mogu posti\u0107i visoki ciljevi &#8211; zaklju\u010dila je Katarina Pavlovi\u0107.<\/p>\n\n\n\n<p><em>Brat Dragan kre\u0107e stopama sestre Katare<\/em><\/p>\n\n\n\n<p><em>Pavlovi\u0107i su prava rukometna obitelj. Uz Katarinu rukometom se bavi i njezin brat Dragan. Po\u010deo je u \u010capljini, da bi potom karijeru nastavio u Zrinjskom. Jednu sezonu odigrao je i za Konjuh iz Gra\u010danice, a ljetos je pre\u0161ao u slovenski Koper s kojim ima ugovor do kraja sezone. Dobre igre nisu ostale nezapa\u017eene. Izbornik BiH Ivica Obrvan pozvao ga je u reprezentaciju BiH.<br>&#8211; Brat je dobar, vrijedan je, trudi se, napreduje. Drago mi je da ide naprijed. Podr\u0161ka smo jedno drugome, premda smo zbog obveza rijetko zajedno. Bit \u0107e od njega ne\u0161to &#8211; nasmijat \u0107e se Katarina.<\/em><\/p>\n\n\n\n<p><em>Hercegovke DILJEM Europe<\/em><\/p>\n\n\n\n<p><em>Mostar i dolina Neretve pravi su rasadnici velikih rukometa\u0161a i rukometa\u0161ica. O de\u010dkima se odavno ve\u0107 sve zna, no djevojke su bile nekako u sjeni sve do igra\u010dke eksplozije Mostarke \u0106amile Mi\u010dijevi\u0107, koja je danas istinski vo\u0111a hrvatske reprezentacije i glavna uzdanica francuskog Metza.<br>Uz nju i tu spomenute Katarinu Pavlovi\u0107 i Arminu Isi\u0107 valja dodati i sestre Anicu i Mariju Gudelj, koje igraju za njema\u010dki SV Union Hall-Neustadt. Obje su reprezentativke BiH. U Njema\u010dkoj je, u berlinskom F\u00fcchseu i Ljubu\u0161anka Vesna Toli\u0107. Lijeva vanjska Nikolina \u010cutura, posljednjih pet godina najbolja rukometa\u0161ica Gruda, od ove sezone igra za \u0161vicarski LC Bruhl. Mlada Mostarka Lana Jarak uspje\u0161no igra za Dalmatinku iz Plo\u010da u Prvoj hrvatskoj ligi.<br>Iz hercegova\u010dkog rukometnog bazena pristi\u017eu nove curice, najvi\u0161e dara pokazuje kru\u017ena napada\u010dica Gruda Karla Lovri\u0107&#8230;<\/em><\/p>\n\n\n\n<p>Izvor:sportske.jutarnji.hr<\/p>\n","protected":false},"excerpt":{"rendered":"<p>Kraljice \u0161oka opet su u akciji. Hrvatsku \u010deka te\u017eak posao u kvalifikacijama, ali i odlu\u010dnost da se izbori novi nastup na Euru te potvrdi da bronca pro\u0161le godine nije bila slu\u010dajna. Izbornik Nenad \u0160o\u0161tari\u0107 pozvao je 18 igra\u010dica, uz \u0161est djevojaka u pri\u010duvi. Me\u0111u njima je i desna vanjska Katarina Pavlovi\u0107, koja od ove sezone [&hellip;]<\/p>\n","protected":false},"author":2,"featured_media":74207,"comment_status":"closed","ping_status":"closed","sticky":false,"template":"","format":"standard","meta":{"h5ap_radio_sources":[],"footnotes":""},"categories":[7],"tags":[],"class_list":["post-74206","post","type-post","status-publish","format-standard","has-post-thumbnail","hentry","category-sport"],"yoast_head":"<!-- This site is optimized with the Yoast SEO plugin v27.5 - https:\/\/yoast.com\/product\/yoast-seo-wordpress\/ -->\n<title>Biv\u0161a &quot;Skautica&quot; \u010deka mig izbornika \u0160o\u0161tari\u0107a: &quot;\u010cim stigne poziv, lovim prvi let za Zagreb&quot; - RADIO LJUBU\u0160KI<\/title>\n<meta name=\"robots\" content=\"index, follow, max-snippet:-1, max-image-preview:large, max-video-preview:-1\" \/>\n<link rel=\"canonical\" href=\"https:\/\/radioljubuski.ba\/index.php\/2021\/10\/11\/bivsa-skautica-ceka-mig-izbornika-sostarica-cim-stigne-poziv-lovim-prvi-let-za-zagreb\/\" \/>\n<meta property=\"og:locale\" content=\"hr_HR\" \/>\n<meta property=\"og:type\" content=\"article\" \/>\n<meta property=\"og:title\" content=\"Biv\u0161a &quot;Skautica&quot; \u010deka mig izbornika \u0160o\u0161tari\u0107a: &quot;\u010cim stigne poziv, lovim prvi let za Zagreb&quot; - RADIO LJUBU\u0160KI\" \/>\n<meta property=\"og:description\" content=\"Kraljice \u0161oka opet su u akciji. Hrvatsku \u010deka te\u017eak posao u kvalifikacijama, ali i odlu\u010dnost da se izbori novi nastup na Euru te potvrdi da bronca pro\u0161le godine nije bila slu\u010dajna. Izbornik Nenad \u0160o\u0161tari\u0107 pozvao je 18 igra\u010dica, uz \u0161est djevojaka u pri\u010duvi. Me\u0111u njima je i desna vanjska Katarina Pavlovi\u0107, koja od ove sezone [&hellip;]\" \/>\n<meta property=\"og:url\" content=\"https:\/\/radioljubuski.ba\/index.php\/2021\/10\/11\/bivsa-skautica-ceka-mig-izbornika-sostarica-cim-stigne-poziv-lovim-prvi-let-za-zagreb\/\" \/>\n<meta property=\"og:site_name\" content=\"RADIO LJUBU\u0160KI\" \/>\n<meta property=\"article:publisher\" content=\"https:\/\/www.facebook.com\/Radiio-Ljubuski-1490835324566332\" \/>\n<meta property=\"article:published_time\" content=\"2021-10-11T09:12:15+00:00\" \/>\n<meta property=\"article:modified_time\" content=\"2021-10-11T22:37:56+00:00\" \/>\n<meta property=\"og:image\" content=\"https:\/\/radioljubuski.ba\/wp-content\/uploads\/2021\/10\/f_7454677_1024.jpg\" \/>\n\t<meta property=\"og:image:width\" content=\"1024\" \/>\n\t<meta property=\"og:image:height\" content=\"536\" \/>\n\t<meta property=\"og:image:type\" content=\"image\/jpeg\" \/>\n<meta name=\"author\" content=\"Radio Ljubu\u0161ki\" \/>\n<meta name=\"twitter:card\" content=\"summary_large_image\" \/>\n<meta name=\"twitter:creator\" content=\"@radioljubuski\" \/>\n<meta name=\"twitter:site\" content=\"@radioljubuski\" \/>\n<meta name=\"twitter:label1\" content=\"Napisao\/la\" \/>\n\t<meta name=\"twitter:data1\" content=\"Radio Ljubu\u0161ki\" \/>\n\t<meta name=\"twitter:label2\" content=\"Procijenjeno vrijeme \u010ditanja\" \/>\n\t<meta name=\"twitter:data2\" content=\"4 minute\" \/>\n<script type=\"application\/ld+json\" class=\"yoast-schema-graph\">{\"@context\":\"https:\\\/\\\/schema.org\",\"@graph\":[{\"@type\":\"Article\",\"@id\":\"https:\\\/\\\/radioljubuski.ba\\\/index.php\\\/2021\\\/10\\\/11\\\/bivsa-skautica-ceka-mig-izbornika-sostarica-cim-stigne-poziv-lovim-prvi-let-za-zagreb\\\/#article\",\"isPartOf\":{\"@id\":\"https:\\\/\\\/radioljubuski.ba\\\/index.php\\\/2021\\\/10\\\/11\\\/bivsa-skautica-ceka-mig-izbornika-sostarica-cim-stigne-poziv-lovim-prvi-let-za-zagreb\\\/\"},\"author\":{\"name\":\"Radio Ljubu\u0161ki\",\"@id\":\"https:\\\/\\\/radioljubuski.ba\\\/#\\\/schema\\\/person\\\/19fc700381a780f69665d7956c469e3b\"},\"headline\":\"Biv\u0161a &#8220;Skautica&#8221; \u010deka mig izbornika \u0160o\u0161tari\u0107a: &#8220;\u010cim stigne poziv, lovim prvi let za Zagreb&#8221;\",\"datePublished\":\"2021-10-11T09:12:15+00:00\",\"dateModified\":\"2021-10-11T22:37:56+00:00\",\"mainEntityOfPage\":{\"@id\":\"https:\\\/\\\/radioljubuski.ba\\\/index.php\\\/2021\\\/10\\\/11\\\/bivsa-skautica-ceka-mig-izbornika-sostarica-cim-stigne-poziv-lovim-prvi-let-za-zagreb\\\/\"},\"wordCount\":968,\"publisher\":{\"@id\":\"https:\\\/\\\/radioljubuski.ba\\\/#organization\"},\"image\":{\"@id\":\"https:\\\/\\\/radioljubuski.ba\\\/index.php\\\/2021\\\/10\\\/11\\\/bivsa-skautica-ceka-mig-izbornika-sostarica-cim-stigne-poziv-lovim-prvi-let-za-zagreb\\\/#primaryimage\"},\"thumbnailUrl\":\"https:\\\/\\\/radioljubuski.ba\\\/wp-content\\\/uploads\\\/2021\\\/10\\\/f_7454677_1024.jpg\",\"articleSection\":[\"\u0160port\"],\"inLanguage\":\"hr\"},{\"@type\":\"WebPage\",\"@id\":\"https:\\\/\\\/radioljubuski.ba\\\/index.php\\\/2021\\\/10\\\/11\\\/bivsa-skautica-ceka-mig-izbornika-sostarica-cim-stigne-poziv-lovim-prvi-let-za-zagreb\\\/\",\"url\":\"https:\\\/\\\/radioljubuski.ba\\\/index.php\\\/2021\\\/10\\\/11\\\/bivsa-skautica-ceka-mig-izbornika-sostarica-cim-stigne-poziv-lovim-prvi-let-za-zagreb\\\/\",\"name\":\"Biv\u0161a \\\"Skautica\\\" \u010deka mig izbornika \u0160o\u0161tari\u0107a: \\\"\u010cim stigne poziv, lovim prvi let za Zagreb\\\" - RADIO LJUBU\u0160KI\",\"isPartOf\":{\"@id\":\"https:\\\/\\\/radioljubuski.ba\\\/#website\"},\"primaryImageOfPage\":{\"@id\":\"https:\\\/\\\/radioljubuski.ba\\\/index.php\\\/2021\\\/10\\\/11\\\/bivsa-skautica-ceka-mig-izbornika-sostarica-cim-stigne-poziv-lovim-prvi-let-za-zagreb\\\/#primaryimage\"},\"image\":{\"@id\":\"https:\\\/\\\/radioljubuski.ba\\\/index.php\\\/2021\\\/10\\\/11\\\/bivsa-skautica-ceka-mig-izbornika-sostarica-cim-stigne-poziv-lovim-prvi-let-za-zagreb\\\/#primaryimage\"},\"thumbnailUrl\":\"https:\\\/\\\/radioljubuski.ba\\\/wp-content\\\/uploads\\\/2021\\\/10\\\/f_7454677_1024.jpg\",\"datePublished\":\"2021-10-11T09:12:15+00:00\",\"dateModified\":\"2021-10-11T22:37:56+00:00\",\"breadcrumb\":{\"@id\":\"https:\\\/\\\/radioljubuski.ba\\\/index.php\\\/2021\\\/10\\\/11\\\/bivsa-skautica-ceka-mig-izbornika-sostarica-cim-stigne-poziv-lovim-prvi-let-za-zagreb\\\/#breadcrumb\"},\"inLanguage\":\"hr\",\"potentialAction\":[{\"@type\":\"ReadAction\",\"target\":[\"https:\\\/\\\/radioljubuski.ba\\\/index.php\\\/2021\\\/10\\\/11\\\/bivsa-skautica-ceka-mig-izbornika-sostarica-cim-stigne-poziv-lovim-prvi-let-za-zagreb\\\/\"]}]},{\"@type\":\"ImageObject\",\"inLanguage\":\"hr\",\"@id\":\"https:\\\/\\\/radioljubuski.ba\\\/index.php\\\/2021\\\/10\\\/11\\\/bivsa-skautica-ceka-mig-izbornika-sostarica-cim-stigne-poziv-lovim-prvi-let-za-zagreb\\\/#primaryimage\",\"url\":\"https:\\\/\\\/radioljubuski.ba\\\/wp-content\\\/uploads\\\/2021\\\/10\\\/f_7454677_1024.jpg\",\"contentUrl\":\"https:\\\/\\\/radioljubuski.ba\\\/wp-content\\\/uploads\\\/2021\\\/10\\\/f_7454677_1024.jpg\",\"width\":1024,\"height\":536},{\"@type\":\"BreadcrumbList\",\"@id\":\"https:\\\/\\\/radioljubuski.ba\\\/index.php\\\/2021\\\/10\\\/11\\\/bivsa-skautica-ceka-mig-izbornika-sostarica-cim-stigne-poziv-lovim-prvi-let-za-zagreb\\\/#breadcrumb\",\"itemListElement\":[{\"@type\":\"ListItem\",\"position\":1,\"name\":\"Po\u010detna stranica\",\"item\":\"https:\\\/\\\/radioljubuski.ba\\\/\"},{\"@type\":\"ListItem\",\"position\":2,\"name\":\"Biv\u0161a &#8220;Skautica&#8221; \u010deka mig izbornika \u0160o\u0161tari\u0107a: &#8220;\u010cim stigne poziv, lovim prvi let za Zagreb&#8221;\"}]},{\"@type\":\"WebSite\",\"@id\":\"https:\\\/\\\/radioljubuski.ba\\\/#website\",\"url\":\"https:\\\/\\\/radioljubuski.ba\\\/\",\"name\":\"Radio Ljubu\u0161ki\",\"description\":\"Sun\u010dana frekvencija Hercegovine\",\"publisher\":{\"@id\":\"https:\\\/\\\/radioljubuski.ba\\\/#organization\"},\"potentialAction\":[{\"@type\":\"SearchAction\",\"target\":{\"@type\":\"EntryPoint\",\"urlTemplate\":\"https:\\\/\\\/radioljubuski.ba\\\/?s={search_term_string}\"},\"query-input\":{\"@type\":\"PropertyValueSpecification\",\"valueRequired\":true,\"valueName\":\"search_term_string\"}}],\"inLanguage\":\"hr\"},{\"@type\":\"Organization\",\"@id\":\"https:\\\/\\\/radioljubuski.ba\\\/#organization\",\"name\":\"Radio Ljubu\u0161ki\",\"url\":\"https:\\\/\\\/radioljubuski.ba\\\/\",\"logo\":{\"@type\":\"ImageObject\",\"inLanguage\":\"hr\",\"@id\":\"https:\\\/\\\/radioljubuski.ba\\\/#\\\/schema\\\/logo\\\/image\\\/\",\"url\":\"https:\\\/\\\/radioljubuski.ba\\\/wp-content\\\/uploads\\\/2021\\\/02\\\/cropped-Radio_Ljubuski_logo1.jpg\",\"contentUrl\":\"https:\\\/\\\/radioljubuski.ba\\\/wp-content\\\/uploads\\\/2021\\\/02\\\/cropped-Radio_Ljubuski_logo1.jpg\",\"width\":512,\"height\":512,\"caption\":\"Radio Ljubu\u0161ki\"},\"image\":{\"@id\":\"https:\\\/\\\/radioljubuski.ba\\\/#\\\/schema\\\/logo\\\/image\\\/\"},\"sameAs\":[\"https:\\\/\\\/www.facebook.com\\\/Radiio-Ljubuski-1490835324566332\",\"https:\\\/\\\/x.com\\\/radioljubuski\",\"https:\\\/\\\/hr.linkedin.com\\\/company\\\/radio-ljubuski\",\"https:\\\/\\\/www.youtube.com\\\/channel\\\/UCHYaeO_n0Db3tjNGudGpXyw\"]},{\"@type\":\"Person\",\"@id\":\"https:\\\/\\\/radioljubuski.ba\\\/#\\\/schema\\\/person\\\/19fc700381a780f69665d7956c469e3b\",\"name\":\"Radio Ljubu\u0161ki\"}]}<\/script>\n<!-- \/ Yoast SEO plugin. -->","yoast_head_json":{"title":"Biv\u0161a \"Skautica\" \u010deka mig izbornika \u0160o\u0161tari\u0107a: \"\u010cim stigne poziv, lovim prvi let za Zagreb\" - RADIO LJUBU\u0160KI","robots":{"index":"index","follow":"follow","max-snippet":"max-snippet:-1","max-image-preview":"max-image-preview:large","max-video-preview":"max-video-preview:-1"},"canonical":"https:\/\/radioljubuski.ba\/index.php\/2021\/10\/11\/bivsa-skautica-ceka-mig-izbornika-sostarica-cim-stigne-poziv-lovim-prvi-let-za-zagreb\/","og_locale":"hr_HR","og_type":"article","og_title":"Biv\u0161a \"Skautica\" \u010deka mig izbornika \u0160o\u0161tari\u0107a: \"\u010cim stigne poziv, lovim prvi let za Zagreb\" - RADIO LJUBU\u0160KI","og_description":"Kraljice \u0161oka opet su u akciji. Hrvatsku \u010deka te\u017eak posao u kvalifikacijama, ali i odlu\u010dnost da se izbori novi nastup na Euru te potvrdi da bronca pro\u0161le godine nije bila slu\u010dajna. Izbornik Nenad \u0160o\u0161tari\u0107 pozvao je 18 igra\u010dica, uz \u0161est djevojaka u pri\u010duvi. Me\u0111u njima je i desna vanjska Katarina Pavlovi\u0107, koja od ove sezone [&hellip;]","og_url":"https:\/\/radioljubuski.ba\/index.php\/2021\/10\/11\/bivsa-skautica-ceka-mig-izbornika-sostarica-cim-stigne-poziv-lovim-prvi-let-za-zagreb\/","og_site_name":"RADIO LJUBU\u0160KI","article_publisher":"https:\/\/www.facebook.com\/Radiio-Ljubuski-1490835324566332","article_published_time":"2021-10-11T09:12:15+00:00","article_modified_time":"2021-10-11T22:37:56+00:00","og_image":[{"width":1024,"height":536,"url":"https:\/\/radioljubuski.ba\/wp-content\/uploads\/2021\/10\/f_7454677_1024.jpg","type":"image\/jpeg"}],"author":"Radio Ljubu\u0161ki","twitter_card":"summary_large_image","twitter_creator":"@radioljubuski","twitter_site":"@radioljubuski","twitter_misc":{"Napisao\/la":"Radio Ljubu\u0161ki","Procijenjeno vrijeme \u010ditanja":"4 minute"},"schema":{"@context":"https:\/\/schema.org","@graph":[{"@type":"Article","@id":"https:\/\/radioljubuski.ba\/index.php\/2021\/10\/11\/bivsa-skautica-ceka-mig-izbornika-sostarica-cim-stigne-poziv-lovim-prvi-let-za-zagreb\/#article","isPartOf":{"@id":"https:\/\/radioljubuski.ba\/index.php\/2021\/10\/11\/bivsa-skautica-ceka-mig-izbornika-sostarica-cim-stigne-poziv-lovim-prvi-let-za-zagreb\/"},"author":{"name":"Radio Ljubu\u0161ki","@id":"https:\/\/radioljubuski.ba\/#\/schema\/person\/19fc700381a780f69665d7956c469e3b"},"headline":"Biv\u0161a &#8220;Skautica&#8221; \u010deka mig izbornika \u0160o\u0161tari\u0107a: &#8220;\u010cim stigne poziv, lovim prvi let za Zagreb&#8221;","datePublished":"2021-10-11T09:12:15+00:00","dateModified":"2021-10-11T22:37:56+00:00","mainEntityOfPage":{"@id":"https:\/\/radioljubuski.ba\/index.php\/2021\/10\/11\/bivsa-skautica-ceka-mig-izbornika-sostarica-cim-stigne-poziv-lovim-prvi-let-za-zagreb\/"},"wordCount":968,"publisher":{"@id":"https:\/\/radioljubuski.ba\/#organization"},"image":{"@id":"https:\/\/radioljubuski.ba\/index.php\/2021\/10\/11\/bivsa-skautica-ceka-mig-izbornika-sostarica-cim-stigne-poziv-lovim-prvi-let-za-zagreb\/#primaryimage"},"thumbnailUrl":"https:\/\/radioljubuski.ba\/wp-content\/uploads\/2021\/10\/f_7454677_1024.jpg","articleSection":["\u0160port"],"inLanguage":"hr"},{"@type":"WebPage","@id":"https:\/\/radioljubuski.ba\/index.php\/2021\/10\/11\/bivsa-skautica-ceka-mig-izbornika-sostarica-cim-stigne-poziv-lovim-prvi-let-za-zagreb\/","url":"https:\/\/radioljubuski.ba\/index.php\/2021\/10\/11\/bivsa-skautica-ceka-mig-izbornika-sostarica-cim-stigne-poziv-lovim-prvi-let-za-zagreb\/","name":"Biv\u0161a \"Skautica\" \u010deka mig izbornika \u0160o\u0161tari\u0107a: \"\u010cim stigne poziv, lovim prvi let za Zagreb\" - RADIO LJUBU\u0160KI","isPartOf":{"@id":"https:\/\/radioljubuski.ba\/#website"},"primaryImageOfPage":{"@id":"https:\/\/radioljubuski.ba\/index.php\/2021\/10\/11\/bivsa-skautica-ceka-mig-izbornika-sostarica-cim-stigne-poziv-lovim-prvi-let-za-zagreb\/#primaryimage"},"image":{"@id":"https:\/\/radioljubuski.ba\/index.php\/2021\/10\/11\/bivsa-skautica-ceka-mig-izbornika-sostarica-cim-stigne-poziv-lovim-prvi-let-za-zagreb\/#primaryimage"},"thumbnailUrl":"https:\/\/radioljubuski.ba\/wp-content\/uploads\/2021\/10\/f_7454677_1024.jpg","datePublished":"2021-10-11T09:12:15+00:00","dateModified":"2021-10-11T22:37:56+00:00","breadcrumb":{"@id":"https:\/\/radioljubuski.ba\/index.php\/2021\/10\/11\/bivsa-skautica-ceka-mig-izbornika-sostarica-cim-stigne-poziv-lovim-prvi-let-za-zagreb\/#breadcrumb"},"inLanguage":"hr","potentialAction":[{"@type":"ReadAction","target":["https:\/\/radioljubuski.ba\/index.php\/2021\/10\/11\/bivsa-skautica-ceka-mig-izbornika-sostarica-cim-stigne-poziv-lovim-prvi-let-za-zagreb\/"]}]},{"@type":"ImageObject","inLanguage":"hr","@id":"https:\/\/radioljubuski.ba\/index.php\/2021\/10\/11\/bivsa-skautica-ceka-mig-izbornika-sostarica-cim-stigne-poziv-lovim-prvi-let-za-zagreb\/#primaryimage","url":"https:\/\/radioljubuski.ba\/wp-content\/uploads\/2021\/10\/f_7454677_1024.jpg","contentUrl":"https:\/\/radioljubuski.ba\/wp-content\/uploads\/2021\/10\/f_7454677_1024.jpg","width":1024,"height":536},{"@type":"BreadcrumbList","@id":"https:\/\/radioljubuski.ba\/index.php\/2021\/10\/11\/bivsa-skautica-ceka-mig-izbornika-sostarica-cim-stigne-poziv-lovim-prvi-let-za-zagreb\/#breadcrumb","itemListElement":[{"@type":"ListItem","position":1,"name":"Po\u010detna stranica","item":"https:\/\/radioljubuski.ba\/"},{"@type":"ListItem","position":2,"name":"Biv\u0161a &#8220;Skautica&#8221; \u010deka mig izbornika \u0160o\u0161tari\u0107a: &#8220;\u010cim stigne poziv, lovim prvi let za Zagreb&#8221;"}]},{"@type":"WebSite","@id":"https:\/\/radioljubuski.ba\/#website","url":"https:\/\/radioljubuski.ba\/","name":"Radio Ljubu\u0161ki","description":"Sun\u010dana frekvencija Hercegovine","publisher":{"@id":"https:\/\/radioljubuski.ba\/#organization"},"potentialAction":[{"@type":"SearchAction","target":{"@type":"EntryPoint","urlTemplate":"https:\/\/radioljubuski.ba\/?s={search_term_string}"},"query-input":{"@type":"PropertyValueSpecification","valueRequired":true,"valueName":"search_term_string"}}],"inLanguage":"hr"},{"@type":"Organization","@id":"https:\/\/radioljubuski.ba\/#organization","name":"Radio Ljubu\u0161ki","url":"https:\/\/radioljubuski.ba\/","logo":{"@type":"ImageObject","inLanguage":"hr","@id":"https:\/\/radioljubuski.ba\/#\/schema\/logo\/image\/","url":"https:\/\/radioljubuski.ba\/wp-content\/uploads\/2021\/02\/cropped-Radio_Ljubuski_logo1.jpg","contentUrl":"https:\/\/radioljubuski.ba\/wp-content\/uploads\/2021\/02\/cropped-Radio_Ljubuski_logo1.jpg","width":512,"height":512,"caption":"Radio Ljubu\u0161ki"},"image":{"@id":"https:\/\/radioljubuski.ba\/#\/schema\/logo\/image\/"},"sameAs":["https:\/\/www.facebook.com\/Radiio-Ljubuski-1490835324566332","https:\/\/x.com\/radioljubuski","https:\/\/hr.linkedin.com\/company\/radio-ljubuski","https:\/\/www.youtube.com\/channel\/UCHYaeO_n0Db3tjNGudGpXyw"]},{"@type":"Person","@id":"https:\/\/radioljubuski.ba\/#\/schema\/person\/19fc700381a780f69665d7956c469e3b","name":"Radio Ljubu\u0161ki"}]}},"_links":{"self":[{"href":"https:\/\/radioljubuski.ba\/index.php\/wp-json\/wp\/v2\/posts\/74206","targetHints":{"allow":["GET"]}}],"collection":[{"href":"https:\/\/radioljubuski.ba\/index.php\/wp-json\/wp\/v2\/posts"}],"about":[{"href":"https:\/\/radioljubuski.ba\/index.php\/wp-json\/wp\/v2\/types\/post"}],"author":[{"embeddable":true,"href":"https:\/\/radioljubuski.ba\/index.php\/wp-json\/wp\/v2\/users\/2"}],"replies":[{"embeddable":true,"href":"https:\/\/radioljubuski.ba\/index.php\/wp-json\/wp\/v2\/comments?post=74206"}],"version-history":[{"count":1,"href":"https:\/\/radioljubuski.ba\/index.php\/wp-json\/wp\/v2\/posts\/74206\/revisions"}],"predecessor-version":[{"id":74208,"href":"https:\/\/radioljubuski.ba\/index.php\/wp-json\/wp\/v2\/posts\/74206\/revisions\/74208"}],"wp:featuredmedia":[{"embeddable":true,"href":"https:\/\/radioljubuski.ba\/index.php\/wp-json\/wp\/v2\/media\/74207"}],"wp:attachment":[{"href":"https:\/\/radioljubuski.ba\/index.php\/wp-json\/wp\/v2\/media?parent=74206"}],"wp:term":[{"taxonomy":"category","embeddable":true,"href":"https:\/\/radioljubuski.ba\/index.php\/wp-json\/wp\/v2\/categories?post=74206"},{"taxonomy":"post_tag","embeddable":true,"href":"https:\/\/radioljubuski.ba\/index.php\/wp-json\/wp\/v2\/tags?post=74206"}],"curies":[{"name":"wp","href":"https:\/\/api.w.org\/{rel}","templated":true}]}}