{"id":74209,"date":"2021-10-11T10:15:18","date_gmt":"2021-10-11T09:15:18","guid":{"rendered":"https:\/\/radioljubuski.ba\/?p=74209"},"modified":"2021-10-11T10:15:18","modified_gmt":"2021-10-11T09:15:18","slug":"proizvodaci-cementa-zeljeza-celika-dubriva-aluminija-i-struje-morat-ce-od-2026-godine-placati-taksu-na-co2","status":"publish","type":"post","link":"https:\/\/radioljubuski.ba\/index.php\/2021\/10\/11\/proizvodaci-cementa-zeljeza-celika-dubriva-aluminija-i-struje-morat-ce-od-2026-godine-placati-taksu-na-co2\/","title":{"rendered":"Proizvo\u0111a\u010di cementa, \u017eeljeza, \u010delika, \u0111ubriva, aluminija i struje morat \u0107e, od 2026. godine, pla\u0107ati taksu na CO2"},"content":{"rendered":"\n<p>Proizvo\u0111a\u010di cementa, \u017eeljeza, \u010delika, \u0111ubriva, aluminija i elektri\u010dne energije na Zapadnom Balkanu imaju nekoliko godina da se pripreme za CBAM &#8211; prekograni\u010dnu taksu na CO2, koja bi se trebala postupno uvesti od 2023. do 2026. godine.&nbsp;<\/p>\n\n\n\n<p>Prekograni\u010dna taksa \u0107e se primjenjivati \u200b\u200bna uvoz robe iz zemalja koje nisu \u010dlanice Europske unije. CBAM \u0107e se zasad pla\u0107ati na direktne emisije, ali na kraju prijelaznog razdoblja koji traje od 2023. do 2026.<\/p>\n\n\n\n<p>Europska unija odlu\u010dila je da \u0107e se njen obim pro\u0161iriti na indirektne emisije, kao i na druge proizvode. Proizvo\u0111a\u010di elektri\u010dne energije iz Bosne i Hercegovine i drugih zemalja zapadnog Balkana koji izvoze u EU, morat \u0107e pla\u0107ati taksu na CO2.<\/p>\n\n\n\n<p>Profesor dr. Mirza Ku\u0161ljugi\u0107 za Faktor je pojasnio za\u0161to i kako \u0107e se oporezivati \u200b\u200bemisije CO2.<\/p>\n\n\n\n<p>&#8211; Najlak\u0161e je to pojasniti na proizvodnji struje. U Europskoj uniji prilikom proizvodnje struje za jednu proizvedenu tonu CO2 pla\u0107aju 62 eura, na ovaj na\u010din se vr\u0161i oporezivanje na CO2. To definitivno zna\u010di da firme iz zemalja koje nemaju ovaj sustav oporezivanja imaju privilegovan polo\u017eaj. Pretpostavimo da termoelektrana koja proizvodi struju u Europskoj uniji ima tro\u0161kove proizvodnje 50 eura i na to moraju dodati 62 eura po proizvedenoj toni CO2. To se u Bosni i Hercegovini ne pla\u0107a i termoelektrane u na\u0161oj zemlji imaju ekstra profit \u2013 ka\u017ee Ku\u0161ljugi\u0107.<\/p>\n\n\n\n<p>&#8211; Zato se priprema uvo\u0111enje prokograni\u010dne takse u kojoj se ka\u017ee da \u0107e se prijave primati do 2023. godine od proizvo\u0111a\u010da struje u dr\u017eavama koje nisu u Europskoj uniji. Dakle, od 1. sije\u010dnja 2026. godine po\u010det \u0107e se se napla\u0107ivati taksa na CO2. Ako takse ne uvedu, svi proizvo\u0111a\u010di struje do ovog roka, na granici prilikom izvoza struje morat \u0107e platiti dogovorenu taksu. Isto se odnosi i na proizvo\u0111a\u010de cementa, \u017eeljeza, \u010delika, \u0111ubriva i aluminija \u2013 zaklju\u010duje Ku\u0161ljugi\u0107.<\/p>\n\n\n\n<p>Europska unija je odlu\u010dila uvesti dodatne poreze i takse na trgovinu sa zemljama koje imaju neodgovornu klimatsku politiku. Izvoz iz takvih zemalja u Europsku uniju bit \u0107e pra\u0107en uvoznim carinama i drugim preprekama. Ne radi se samo o za\u0161titi vlastite industrije, koja je usred klimatske tranzicije, ve\u0107 i o poticaju drugim zemljama da po\u010dnu s odgovornim pona\u0161anjem prema klimi, poja\u0161njenje je iz Europske unije, pi\u0161e <a href=\"https:\/\/www.faktor.ba\/vijest\/proizvodaci-cementa-zeljeza-celika-dubriva-aluminija-i-struje-morat-ce-placati-taksu-na-co2\/140148\">Faktor<\/a>.<\/p>\n\n\n\n<p>Izvor:faktor.ba<\/p>\n","protected":false},"excerpt":{"rendered":"<p>Proizvo\u0111a\u010di cementa, \u017eeljeza, \u010delika, \u0111ubriva, aluminija i elektri\u010dne energije na Zapadnom Balkanu imaju nekoliko godina da se pripreme za CBAM &#8211; prekograni\u010dnu taksu na CO2, koja bi se trebala postupno uvesti od 2023. do 2026. godine.&nbsp; Prekograni\u010dna taksa \u0107e se primjenjivati \u200b\u200bna uvoz robe iz zemalja koje nisu \u010dlanice Europske unije. CBAM \u0107e se zasad [&hellip;]<\/p>\n","protected":false},"author":2,"featured_media":74210,"comment_status":"closed","ping_status":"closed","sticky":false,"template":"","format":"standard","meta":{"h5ap_radio_sources":[],"footnotes":""},"categories":[1],"tags":[],"class_list":["post-74209","post","type-post","status-publish","format-standard","has-post-thumbnail","hentry","category-bihiregija"],"yoast_head":"<!-- This site is optimized with the Yoast SEO plugin v27.5 - https:\/\/yoast.com\/product\/yoast-seo-wordpress\/ -->\n<title>Proizvo\u0111a\u010di cementa, \u017eeljeza, \u010delika, \u0111ubriva, aluminija i struje morat \u0107e, od 2026. godine, pla\u0107ati taksu na CO2 - RADIO LJUBU\u0160KI<\/title>\n<meta name=\"robots\" content=\"index, follow, max-snippet:-1, max-image-preview:large, max-video-preview:-1\" \/>\n<link rel=\"canonical\" href=\"https:\/\/radioljubuski.ba\/index.php\/2021\/10\/11\/proizvodaci-cementa-zeljeza-celika-dubriva-aluminija-i-struje-morat-ce-od-2026-godine-placati-taksu-na-co2\/\" \/>\n<meta property=\"og:locale\" content=\"hr_HR\" \/>\n<meta property=\"og:type\" content=\"article\" \/>\n<meta property=\"og:title\" content=\"Proizvo\u0111a\u010di cementa, \u017eeljeza, \u010delika, \u0111ubriva, aluminija i struje morat \u0107e, od 2026. godine, pla\u0107ati taksu na CO2 - RADIO LJUBU\u0160KI\" \/>\n<meta property=\"og:description\" content=\"Proizvo\u0111a\u010di cementa, \u017eeljeza, \u010delika, \u0111ubriva, aluminija i elektri\u010dne energije na Zapadnom Balkanu imaju nekoliko godina da se pripreme za CBAM &#8211; prekograni\u010dnu taksu na CO2, koja bi se trebala postupno uvesti od 2023. do 2026. godine.&nbsp; Prekograni\u010dna taksa \u0107e se primjenjivati \u200b\u200bna uvoz robe iz zemalja koje nisu \u010dlanice Europske unije. CBAM \u0107e se zasad [&hellip;]\" \/>\n<meta property=\"og:url\" content=\"https:\/\/radioljubuski.ba\/index.php\/2021\/10\/11\/proizvodaci-cementa-zeljeza-celika-dubriva-aluminija-i-struje-morat-ce-od-2026-godine-placati-taksu-na-co2\/\" \/>\n<meta property=\"og:site_name\" content=\"RADIO LJUBU\u0160KI\" \/>\n<meta property=\"article:publisher\" content=\"https:\/\/www.facebook.com\/Radiio-Ljubuski-1490835324566332\" \/>\n<meta property=\"article:published_time\" content=\"2021-10-11T09:15:18+00:00\" \/>\n<meta property=\"og:image\" content=\"https:\/\/radioljubuski.ba\/wp-content\/uploads\/2021\/10\/3-2021-10-11-09-54-09-16fad5fbde3b56302bc2e83e68e35c81.png\" \/>\n\t<meta property=\"og:image:width\" content=\"1000\" \/>\n\t<meta property=\"og:image:height\" content=\"625\" \/>\n\t<meta property=\"og:image:type\" content=\"image\/png\" \/>\n<meta name=\"author\" content=\"Radio Ljubu\u0161ki\" \/>\n<meta name=\"twitter:card\" content=\"summary_large_image\" \/>\n<meta name=\"twitter:creator\" content=\"@radioljubuski\" \/>\n<meta name=\"twitter:site\" content=\"@radioljubuski\" \/>\n<meta name=\"twitter:label1\" content=\"Napisao\/la\" \/>\n\t<meta name=\"twitter:data1\" content=\"Radio Ljubu\u0161ki\" \/>\n\t<meta name=\"twitter:label2\" content=\"Procijenjeno vrijeme \u010ditanja\" \/>\n\t<meta name=\"twitter:data2\" content=\"2 minute\" \/>\n<script type=\"application\/ld+json\" class=\"yoast-schema-graph\">{\"@context\":\"https:\\\/\\\/schema.org\",\"@graph\":[{\"@type\":\"Article\",\"@id\":\"https:\\\/\\\/radioljubuski.ba\\\/index.php\\\/2021\\\/10\\\/11\\\/proizvodaci-cementa-zeljeza-celika-dubriva-aluminija-i-struje-morat-ce-od-2026-godine-placati-taksu-na-co2\\\/#article\",\"isPartOf\":{\"@id\":\"https:\\\/\\\/radioljubuski.ba\\\/index.php\\\/2021\\\/10\\\/11\\\/proizvodaci-cementa-zeljeza-celika-dubriva-aluminija-i-struje-morat-ce-od-2026-godine-placati-taksu-na-co2\\\/\"},\"author\":{\"name\":\"Radio Ljubu\u0161ki\",\"@id\":\"https:\\\/\\\/radioljubuski.ba\\\/#\\\/schema\\\/person\\\/19fc700381a780f69665d7956c469e3b\"},\"headline\":\"Proizvo\u0111a\u010di cementa, \u017eeljeza, \u010delika, \u0111ubriva, aluminija i struje morat \u0107e, od 2026. godine, pla\u0107ati taksu na CO2\",\"datePublished\":\"2021-10-11T09:15:18+00:00\",\"mainEntityOfPage\":{\"@id\":\"https:\\\/\\\/radioljubuski.ba\\\/index.php\\\/2021\\\/10\\\/11\\\/proizvodaci-cementa-zeljeza-celika-dubriva-aluminija-i-struje-morat-ce-od-2026-godine-placati-taksu-na-co2\\\/\"},\"wordCount\":417,\"publisher\":{\"@id\":\"https:\\\/\\\/radioljubuski.ba\\\/#organization\"},\"image\":{\"@id\":\"https:\\\/\\\/radioljubuski.ba\\\/index.php\\\/2021\\\/10\\\/11\\\/proizvodaci-cementa-zeljeza-celika-dubriva-aluminija-i-struje-morat-ce-od-2026-godine-placati-taksu-na-co2\\\/#primaryimage\"},\"thumbnailUrl\":\"https:\\\/\\\/radioljubuski.ba\\\/wp-content\\\/uploads\\\/2021\\\/10\\\/3-2021-10-11-09-54-09-16fad5fbde3b56302bc2e83e68e35c81.png\",\"articleSection\":[\"BIH i regija\"],\"inLanguage\":\"hr\"},{\"@type\":\"WebPage\",\"@id\":\"https:\\\/\\\/radioljubuski.ba\\\/index.php\\\/2021\\\/10\\\/11\\\/proizvodaci-cementa-zeljeza-celika-dubriva-aluminija-i-struje-morat-ce-od-2026-godine-placati-taksu-na-co2\\\/\",\"url\":\"https:\\\/\\\/radioljubuski.ba\\\/index.php\\\/2021\\\/10\\\/11\\\/proizvodaci-cementa-zeljeza-celika-dubriva-aluminija-i-struje-morat-ce-od-2026-godine-placati-taksu-na-co2\\\/\",\"name\":\"Proizvo\u0111a\u010di cementa, \u017eeljeza, \u010delika, \u0111ubriva, aluminija i struje morat \u0107e, od 2026. godine, pla\u0107ati taksu na CO2 - RADIO LJUBU\u0160KI\",\"isPartOf\":{\"@id\":\"https:\\\/\\\/radioljubuski.ba\\\/#website\"},\"primaryImageOfPage\":{\"@id\":\"https:\\\/\\\/radioljubuski.ba\\\/index.php\\\/2021\\\/10\\\/11\\\/proizvodaci-cementa-zeljeza-celika-dubriva-aluminija-i-struje-morat-ce-od-2026-godine-placati-taksu-na-co2\\\/#primaryimage\"},\"image\":{\"@id\":\"https:\\\/\\\/radioljubuski.ba\\\/index.php\\\/2021\\\/10\\\/11\\\/proizvodaci-cementa-zeljeza-celika-dubriva-aluminija-i-struje-morat-ce-od-2026-godine-placati-taksu-na-co2\\\/#primaryimage\"},\"thumbnailUrl\":\"https:\\\/\\\/radioljubuski.ba\\\/wp-content\\\/uploads\\\/2021\\\/10\\\/3-2021-10-11-09-54-09-16fad5fbde3b56302bc2e83e68e35c81.png\",\"datePublished\":\"2021-10-11T09:15:18+00:00\",\"breadcrumb\":{\"@id\":\"https:\\\/\\\/radioljubuski.ba\\\/index.php\\\/2021\\\/10\\\/11\\\/proizvodaci-cementa-zeljeza-celika-dubriva-aluminija-i-struje-morat-ce-od-2026-godine-placati-taksu-na-co2\\\/#breadcrumb\"},\"inLanguage\":\"hr\",\"potentialAction\":[{\"@type\":\"ReadAction\",\"target\":[\"https:\\\/\\\/radioljubuski.ba\\\/index.php\\\/2021\\\/10\\\/11\\\/proizvodaci-cementa-zeljeza-celika-dubriva-aluminija-i-struje-morat-ce-od-2026-godine-placati-taksu-na-co2\\\/\"]}]},{\"@type\":\"ImageObject\",\"inLanguage\":\"hr\",\"@id\":\"https:\\\/\\\/radioljubuski.ba\\\/index.php\\\/2021\\\/10\\\/11\\\/proizvodaci-cementa-zeljeza-celika-dubriva-aluminija-i-struje-morat-ce-od-2026-godine-placati-taksu-na-co2\\\/#primaryimage\",\"url\":\"https:\\\/\\\/radioljubuski.ba\\\/wp-content\\\/uploads\\\/2021\\\/10\\\/3-2021-10-11-09-54-09-16fad5fbde3b56302bc2e83e68e35c81.png\",\"contentUrl\":\"https:\\\/\\\/radioljubuski.ba\\\/wp-content\\\/uploads\\\/2021\\\/10\\\/3-2021-10-11-09-54-09-16fad5fbde3b56302bc2e83e68e35c81.png\",\"width\":1000,\"height\":625},{\"@type\":\"BreadcrumbList\",\"@id\":\"https:\\\/\\\/radioljubuski.ba\\\/index.php\\\/2021\\\/10\\\/11\\\/proizvodaci-cementa-zeljeza-celika-dubriva-aluminija-i-struje-morat-ce-od-2026-godine-placati-taksu-na-co2\\\/#breadcrumb\",\"itemListElement\":[{\"@type\":\"ListItem\",\"position\":1,\"name\":\"Po\u010detna stranica\",\"item\":\"https:\\\/\\\/radioljubuski.ba\\\/\"},{\"@type\":\"ListItem\",\"position\":2,\"name\":\"Proizvo\u0111a\u010di cementa, \u017eeljeza, \u010delika, \u0111ubriva, aluminija i struje morat \u0107e, od 2026. godine, pla\u0107ati taksu na CO2\"}]},{\"@type\":\"WebSite\",\"@id\":\"https:\\\/\\\/radioljubuski.ba\\\/#website\",\"url\":\"https:\\\/\\\/radioljubuski.ba\\\/\",\"name\":\"Radio Ljubu\u0161ki\",\"description\":\"Sun\u010dana frekvencija Hercegovine\",\"publisher\":{\"@id\":\"https:\\\/\\\/radioljubuski.ba\\\/#organization\"},\"potentialAction\":[{\"@type\":\"SearchAction\",\"target\":{\"@type\":\"EntryPoint\",\"urlTemplate\":\"https:\\\/\\\/radioljubuski.ba\\\/?s={search_term_string}\"},\"query-input\":{\"@type\":\"PropertyValueSpecification\",\"valueRequired\":true,\"valueName\":\"search_term_string\"}}],\"inLanguage\":\"hr\"},{\"@type\":\"Organization\",\"@id\":\"https:\\\/\\\/radioljubuski.ba\\\/#organization\",\"name\":\"Radio Ljubu\u0161ki\",\"url\":\"https:\\\/\\\/radioljubuski.ba\\\/\",\"logo\":{\"@type\":\"ImageObject\",\"inLanguage\":\"hr\",\"@id\":\"https:\\\/\\\/radioljubuski.ba\\\/#\\\/schema\\\/logo\\\/image\\\/\",\"url\":\"https:\\\/\\\/radioljubuski.ba\\\/wp-content\\\/uploads\\\/2021\\\/02\\\/cropped-Radio_Ljubuski_logo1.jpg\",\"contentUrl\":\"https:\\\/\\\/radioljubuski.ba\\\/wp-content\\\/uploads\\\/2021\\\/02\\\/cropped-Radio_Ljubuski_logo1.jpg\",\"width\":512,\"height\":512,\"caption\":\"Radio Ljubu\u0161ki\"},\"image\":{\"@id\":\"https:\\\/\\\/radioljubuski.ba\\\/#\\\/schema\\\/logo\\\/image\\\/\"},\"sameAs\":[\"https:\\\/\\\/www.facebook.com\\\/Radiio-Ljubuski-1490835324566332\",\"https:\\\/\\\/x.com\\\/radioljubuski\",\"https:\\\/\\\/hr.linkedin.com\\\/company\\\/radio-ljubuski\",\"https:\\\/\\\/www.youtube.com\\\/channel\\\/UCHYaeO_n0Db3tjNGudGpXyw\"]},{\"@type\":\"Person\",\"@id\":\"https:\\\/\\\/radioljubuski.ba\\\/#\\\/schema\\\/person\\\/19fc700381a780f69665d7956c469e3b\",\"name\":\"Radio Ljubu\u0161ki\"}]}<\/script>\n<!-- \/ Yoast SEO plugin. -->","yoast_head_json":{"title":"Proizvo\u0111a\u010di cementa, \u017eeljeza, \u010delika, \u0111ubriva, aluminija i struje morat \u0107e, od 2026. godine, pla\u0107ati taksu na CO2 - RADIO LJUBU\u0160KI","robots":{"index":"index","follow":"follow","max-snippet":"max-snippet:-1","max-image-preview":"max-image-preview:large","max-video-preview":"max-video-preview:-1"},"canonical":"https:\/\/radioljubuski.ba\/index.php\/2021\/10\/11\/proizvodaci-cementa-zeljeza-celika-dubriva-aluminija-i-struje-morat-ce-od-2026-godine-placati-taksu-na-co2\/","og_locale":"hr_HR","og_type":"article","og_title":"Proizvo\u0111a\u010di cementa, \u017eeljeza, \u010delika, \u0111ubriva, aluminija i struje morat \u0107e, od 2026. godine, pla\u0107ati taksu na CO2 - RADIO LJUBU\u0160KI","og_description":"Proizvo\u0111a\u010di cementa, \u017eeljeza, \u010delika, \u0111ubriva, aluminija i elektri\u010dne energije na Zapadnom Balkanu imaju nekoliko godina da se pripreme za CBAM &#8211; prekograni\u010dnu taksu na CO2, koja bi se trebala postupno uvesti od 2023. do 2026. godine.&nbsp; Prekograni\u010dna taksa \u0107e se primjenjivati \u200b\u200bna uvoz robe iz zemalja koje nisu \u010dlanice Europske unije. CBAM \u0107e se zasad [&hellip;]","og_url":"https:\/\/radioljubuski.ba\/index.php\/2021\/10\/11\/proizvodaci-cementa-zeljeza-celika-dubriva-aluminija-i-struje-morat-ce-od-2026-godine-placati-taksu-na-co2\/","og_site_name":"RADIO LJUBU\u0160KI","article_publisher":"https:\/\/www.facebook.com\/Radiio-Ljubuski-1490835324566332","article_published_time":"2021-10-11T09:15:18+00:00","og_image":[{"width":1000,"height":625,"url":"https:\/\/radioljubuski.ba\/wp-content\/uploads\/2021\/10\/3-2021-10-11-09-54-09-16fad5fbde3b56302bc2e83e68e35c81.png","type":"image\/png"}],"author":"Radio Ljubu\u0161ki","twitter_card":"summary_large_image","twitter_creator":"@radioljubuski","twitter_site":"@radioljubuski","twitter_misc":{"Napisao\/la":"Radio Ljubu\u0161ki","Procijenjeno vrijeme \u010ditanja":"2 minute"},"schema":{"@context":"https:\/\/schema.org","@graph":[{"@type":"Article","@id":"https:\/\/radioljubuski.ba\/index.php\/2021\/10\/11\/proizvodaci-cementa-zeljeza-celika-dubriva-aluminija-i-struje-morat-ce-od-2026-godine-placati-taksu-na-co2\/#article","isPartOf":{"@id":"https:\/\/radioljubuski.ba\/index.php\/2021\/10\/11\/proizvodaci-cementa-zeljeza-celika-dubriva-aluminija-i-struje-morat-ce-od-2026-godine-placati-taksu-na-co2\/"},"author":{"name":"Radio Ljubu\u0161ki","@id":"https:\/\/radioljubuski.ba\/#\/schema\/person\/19fc700381a780f69665d7956c469e3b"},"headline":"Proizvo\u0111a\u010di cementa, \u017eeljeza, \u010delika, \u0111ubriva, aluminija i struje morat \u0107e, od 2026. godine, pla\u0107ati taksu na CO2","datePublished":"2021-10-11T09:15:18+00:00","mainEntityOfPage":{"@id":"https:\/\/radioljubuski.ba\/index.php\/2021\/10\/11\/proizvodaci-cementa-zeljeza-celika-dubriva-aluminija-i-struje-morat-ce-od-2026-godine-placati-taksu-na-co2\/"},"wordCount":417,"publisher":{"@id":"https:\/\/radioljubuski.ba\/#organization"},"image":{"@id":"https:\/\/radioljubuski.ba\/index.php\/2021\/10\/11\/proizvodaci-cementa-zeljeza-celika-dubriva-aluminija-i-struje-morat-ce-od-2026-godine-placati-taksu-na-co2\/#primaryimage"},"thumbnailUrl":"https:\/\/radioljubuski.ba\/wp-content\/uploads\/2021\/10\/3-2021-10-11-09-54-09-16fad5fbde3b56302bc2e83e68e35c81.png","articleSection":["BIH i regija"],"inLanguage":"hr"},{"@type":"WebPage","@id":"https:\/\/radioljubuski.ba\/index.php\/2021\/10\/11\/proizvodaci-cementa-zeljeza-celika-dubriva-aluminija-i-struje-morat-ce-od-2026-godine-placati-taksu-na-co2\/","url":"https:\/\/radioljubuski.ba\/index.php\/2021\/10\/11\/proizvodaci-cementa-zeljeza-celika-dubriva-aluminija-i-struje-morat-ce-od-2026-godine-placati-taksu-na-co2\/","name":"Proizvo\u0111a\u010di cementa, \u017eeljeza, \u010delika, \u0111ubriva, aluminija i struje morat \u0107e, od 2026. godine, pla\u0107ati taksu na CO2 - RADIO LJUBU\u0160KI","isPartOf":{"@id":"https:\/\/radioljubuski.ba\/#website"},"primaryImageOfPage":{"@id":"https:\/\/radioljubuski.ba\/index.php\/2021\/10\/11\/proizvodaci-cementa-zeljeza-celika-dubriva-aluminija-i-struje-morat-ce-od-2026-godine-placati-taksu-na-co2\/#primaryimage"},"image":{"@id":"https:\/\/radioljubuski.ba\/index.php\/2021\/10\/11\/proizvodaci-cementa-zeljeza-celika-dubriva-aluminija-i-struje-morat-ce-od-2026-godine-placati-taksu-na-co2\/#primaryimage"},"thumbnailUrl":"https:\/\/radioljubuski.ba\/wp-content\/uploads\/2021\/10\/3-2021-10-11-09-54-09-16fad5fbde3b56302bc2e83e68e35c81.png","datePublished":"2021-10-11T09:15:18+00:00","breadcrumb":{"@id":"https:\/\/radioljubuski.ba\/index.php\/2021\/10\/11\/proizvodaci-cementa-zeljeza-celika-dubriva-aluminija-i-struje-morat-ce-od-2026-godine-placati-taksu-na-co2\/#breadcrumb"},"inLanguage":"hr","potentialAction":[{"@type":"ReadAction","target":["https:\/\/radioljubuski.ba\/index.php\/2021\/10\/11\/proizvodaci-cementa-zeljeza-celika-dubriva-aluminija-i-struje-morat-ce-od-2026-godine-placati-taksu-na-co2\/"]}]},{"@type":"ImageObject","inLanguage":"hr","@id":"https:\/\/radioljubuski.ba\/index.php\/2021\/10\/11\/proizvodaci-cementa-zeljeza-celika-dubriva-aluminija-i-struje-morat-ce-od-2026-godine-placati-taksu-na-co2\/#primaryimage","url":"https:\/\/radioljubuski.ba\/wp-content\/uploads\/2021\/10\/3-2021-10-11-09-54-09-16fad5fbde3b56302bc2e83e68e35c81.png","contentUrl":"https:\/\/radioljubuski.ba\/wp-content\/uploads\/2021\/10\/3-2021-10-11-09-54-09-16fad5fbde3b56302bc2e83e68e35c81.png","width":1000,"height":625},{"@type":"BreadcrumbList","@id":"https:\/\/radioljubuski.ba\/index.php\/2021\/10\/11\/proizvodaci-cementa-zeljeza-celika-dubriva-aluminija-i-struje-morat-ce-od-2026-godine-placati-taksu-na-co2\/#breadcrumb","itemListElement":[{"@type":"ListItem","position":1,"name":"Po\u010detna stranica","item":"https:\/\/radioljubuski.ba\/"},{"@type":"ListItem","position":2,"name":"Proizvo\u0111a\u010di cementa, \u017eeljeza, \u010delika, \u0111ubriva, aluminija i struje morat \u0107e, od 2026. godine, pla\u0107ati taksu na CO2"}]},{"@type":"WebSite","@id":"https:\/\/radioljubuski.ba\/#website","url":"https:\/\/radioljubuski.ba\/","name":"Radio Ljubu\u0161ki","description":"Sun\u010dana frekvencija Hercegovine","publisher":{"@id":"https:\/\/radioljubuski.ba\/#organization"},"potentialAction":[{"@type":"SearchAction","target":{"@type":"EntryPoint","urlTemplate":"https:\/\/radioljubuski.ba\/?s={search_term_string}"},"query-input":{"@type":"PropertyValueSpecification","valueRequired":true,"valueName":"search_term_string"}}],"inLanguage":"hr"},{"@type":"Organization","@id":"https:\/\/radioljubuski.ba\/#organization","name":"Radio Ljubu\u0161ki","url":"https:\/\/radioljubuski.ba\/","logo":{"@type":"ImageObject","inLanguage":"hr","@id":"https:\/\/radioljubuski.ba\/#\/schema\/logo\/image\/","url":"https:\/\/radioljubuski.ba\/wp-content\/uploads\/2021\/02\/cropped-Radio_Ljubuski_logo1.jpg","contentUrl":"https:\/\/radioljubuski.ba\/wp-content\/uploads\/2021\/02\/cropped-Radio_Ljubuski_logo1.jpg","width":512,"height":512,"caption":"Radio Ljubu\u0161ki"},"image":{"@id":"https:\/\/radioljubuski.ba\/#\/schema\/logo\/image\/"},"sameAs":["https:\/\/www.facebook.com\/Radiio-Ljubuski-1490835324566332","https:\/\/x.com\/radioljubuski","https:\/\/hr.linkedin.com\/company\/radio-ljubuski","https:\/\/www.youtube.com\/channel\/UCHYaeO_n0Db3tjNGudGpXyw"]},{"@type":"Person","@id":"https:\/\/radioljubuski.ba\/#\/schema\/person\/19fc700381a780f69665d7956c469e3b","name":"Radio Ljubu\u0161ki"}]}},"_links":{"self":[{"href":"https:\/\/radioljubuski.ba\/index.php\/wp-json\/wp\/v2\/posts\/74209","targetHints":{"allow":["GET"]}}],"collection":[{"href":"https:\/\/radioljubuski.ba\/index.php\/wp-json\/wp\/v2\/posts"}],"about":[{"href":"https:\/\/radioljubuski.ba\/index.php\/wp-json\/wp\/v2\/types\/post"}],"author":[{"embeddable":true,"href":"https:\/\/radioljubuski.ba\/index.php\/wp-json\/wp\/v2\/users\/2"}],"replies":[{"embeddable":true,"href":"https:\/\/radioljubuski.ba\/index.php\/wp-json\/wp\/v2\/comments?post=74209"}],"version-history":[{"count":1,"href":"https:\/\/radioljubuski.ba\/index.php\/wp-json\/wp\/v2\/posts\/74209\/revisions"}],"predecessor-version":[{"id":74211,"href":"https:\/\/radioljubuski.ba\/index.php\/wp-json\/wp\/v2\/posts\/74209\/revisions\/74211"}],"wp:featuredmedia":[{"embeddable":true,"href":"https:\/\/radioljubuski.ba\/index.php\/wp-json\/wp\/v2\/media\/74210"}],"wp:attachment":[{"href":"https:\/\/radioljubuski.ba\/index.php\/wp-json\/wp\/v2\/media?parent=74209"}],"wp:term":[{"taxonomy":"category","embeddable":true,"href":"https:\/\/radioljubuski.ba\/index.php\/wp-json\/wp\/v2\/categories?post=74209"},{"taxonomy":"post_tag","embeddable":true,"href":"https:\/\/radioljubuski.ba\/index.php\/wp-json\/wp\/v2\/tags?post=74209"}],"curies":[{"name":"wp","href":"https:\/\/api.w.org\/{rel}","templated":true}]}}