{"id":74214,"date":"2021-10-11T10:17:33","date_gmt":"2021-10-11T09:17:33","guid":{"rendered":"https:\/\/radioljubuski.ba\/?p=74214"},"modified":"2021-10-11T10:17:34","modified_gmt":"2021-10-11T09:17:34","slug":"tri-napretkove-podruznice-predstavile-casopis-fojnicka-skrinja-i-knjigu-aforizama-kula-od-karata-zlata","status":"publish","type":"post","link":"https:\/\/radioljubuski.ba\/index.php\/2021\/10\/11\/tri-napretkove-podruznice-predstavile-casopis-fojnicka-skrinja-i-knjigu-aforizama-kula-od-karata-zlata\/","title":{"rendered":"Tri napretkove podru\u017enice  predstavile \u010dasopis \u201eFojni\u010dka \u0161krinja\u201c i knjigu aforizama \u201eKula od karata zlata\u201c"},"content":{"rendered":"\n<p>U organizaciji tri napretkove podru\u017enice, HKD Napredak Glavne podru\u017enice Mostar, HKD Napredak podru\u017enice Ljubu\u0161ki i HKD Napredak podru\u017enice Fojnica Knji\u017enici Ljubu\u0161ki u petak su predstavljeni \u010dasopis \u201eFojni\u010dka \u0161krinja\u201c te zbirka aforizama \u201cKula od karata zlata\u201d autora Ivana Vrlji\u0107a.<\/p>\n\n\n\n<p>Na predstavljanju su se okupili ljubitelji pisane rije\u010di, a nakon pozdravnog govora voditelja Knji\u017enice Ivice Vizentanera i obra\u0107anja Ivane Bari\u0161i\u0107, predsjednice ljubu\u0161ke podru\u017enice HKD Napredak, te Ljiljane Jurak, predsjenice HKD Napredak podru\u017enica Fojnica, glavni urednik Tomislav Bo\u0161njak te lektorica Nina Bo\u0161njak predstavili su &nbsp;\u201eFojni\u010dku \u0161krinju\u201c, \u010dasopis je kojeg je 2009. godine pokrenula skupina entuzijasta i koji se u novije vrijeme pokrenuo zahvaljuju\u0107i naporima HKD Napredak, koji je i nakladnik.&nbsp;<\/p>\n\n\n\n<p>Glavni urednik \u010dasopisa Fojni\u010dka \u0161krinja Bo\u0161njak &nbsp;i lektorica Bo\u0161njak govorili su o tome kako sakupljaju pri\u010de, o financijskim naporima oko izdavanja \u010dasopisa, njegovoj distribuciji kako u Fojnici tako i u dijaspori, te o tome koliko ovaj \u010dasopis zna\u010di za promociju malih \u017eivotnih pri\u010da iz Fojnice, napose o promociji i o\u010duvanju hrvatskog jezika te drugim aktivnostima vezanih za sam \u010dasopis. &nbsp;<br>Predsjednica Jurak zahvalila je doma\u0107inima na promociji te Sredi\u0161njoj upravi koja podr\u017eava ovaj projekt koji ima veliki zna\u010daj za Napredak u Fojnici, ali i cijelo dru\u0161tvo kada je u pitanju pisana rije\u010d i izdava\u0161tvo.<br>Miroslav Landeka, dopredsjednik HKD Napredak, tako\u0111er se obratio nazo\u010dnima te tom prigodom istaknuo kako tri napretkove podru\u017enice imaju Sporazum o suradnji, a koji nije tek puka forma, jer ovo je ve\u0107 \u010detvrti kulturni doga\u0111aj koji organiziraju u zadnje vrijeme.&nbsp;<\/p>\n\n\n\n<p>Dopredsjednik Landeka osvrnuo je se na prethodne bogate kulturne programe u organizaciji Napretka kao i skoro odr\u017eanu izvje\u0161tajnu Skup\u0161tinu u Mostaru te pritom najavio nove kulturne projekte koje radi Napredak i njegove podru\u017enice. Zahvalio je doma\u0107inima na odr\u017eavanju ove promocije te poklonio ravnatelju Knji\u017enice tri knjige na dar \u010ditateljima knji\u017enice, od kojih su dvije tiskane skoro u nakladi HKD Napredak.<\/p>\n\n\n\n<p>Nakon predstavljanja \u010dasopisa, uslijedilo je predstavljanje zbirke aforizama \u201cKula od karata zlata\u201d autora Ivana Vrlji\u0107a.<br>Svoj osvrt o zbirci aforizama najprije je dala prof. Ljiljana Herceg govore\u0107i kako Vrlji\u0107eva zbirka korespondira s o\u010ditim stilskim varijacijama jezika \u0161to ovu knjigu \u010dini krajnje zanimljivom za \u010ditanje i knji\u017eevno razmatranje.&nbsp;<\/p>\n\n\n\n<p>-Nakon pregleda pojedinih ciklusa mo\u017ee se zaklju\u010diti da se knji\u017eevne preokupacije knjige Kula od karata zlata kre\u0107u u domeni sagledavanja \u010dovjekova polo\u017eaja u svijetu te poku\u0161ajima da se knji\u017eevnim djelovanjem markiraju njegove slabosti. No, autor se ne prepu\u0161ta rezignaciji, ve\u0107 poziva na djelovanje:\u201cFilozofija mora biti djelovanje \u2013 u suprotnom je osu\u0111ena na propast.\u201d-kazala je na kraju predstavljanja.<br>Nakon toga je i sam autor pro\u010ditao nekoliko aforizama te se zahvalio svima koji su do\u0161li na predstavljanju knjige i \u010dasopisa uljep\u0161av\u0161i zajedni\u0161tvo i vezu Sredi\u0161nje Bosne i Hercegovine.&nbsp;<\/p>\n\n\n\n<p>Izvor:hkd.napredak<\/p>\n","protected":false},"excerpt":{"rendered":"<p>U organizaciji tri napretkove podru\u017enice, HKD Napredak Glavne podru\u017enice Mostar, HKD Napredak podru\u017enice Ljubu\u0161ki i HKD Napredak podru\u017enice Fojnica Knji\u017enici Ljubu\u0161ki u petak su predstavljeni \u010dasopis \u201eFojni\u010dka \u0161krinja\u201c te zbirka aforizama \u201cKula od karata zlata\u201d autora Ivana Vrlji\u0107a. Na predstavljanju su se okupili ljubitelji pisane rije\u010di, a nakon pozdravnog govora voditelja Knji\u017enice Ivice Vizentanera i [&hellip;]<\/p>\n","protected":false},"author":2,"featured_media":74215,"comment_status":"closed","ping_status":"closed","sticky":false,"template":"","format":"standard","meta":{"h5ap_radio_sources":[],"footnotes":""},"categories":[1],"tags":[],"class_list":["post-74214","post","type-post","status-publish","format-standard","has-post-thumbnail","hentry","category-bihiregija"],"yoast_head":"<!-- This site is optimized with the Yoast SEO plugin v27.5 - https:\/\/yoast.com\/product\/yoast-seo-wordpress\/ -->\n<title>Tri napretkove podru\u017enice predstavile \u010dasopis \u201eFojni\u010dka \u0161krinja\u201c i knjigu aforizama \u201eKula od karata zlata\u201c - RADIO LJUBU\u0160KI<\/title>\n<meta name=\"robots\" content=\"index, follow, max-snippet:-1, max-image-preview:large, max-video-preview:-1\" \/>\n<link rel=\"canonical\" href=\"https:\/\/radioljubuski.ba\/index.php\/2021\/10\/11\/tri-napretkove-podruznice-predstavile-casopis-fojnicka-skrinja-i-knjigu-aforizama-kula-od-karata-zlata\/\" \/>\n<meta property=\"og:locale\" content=\"hr_HR\" \/>\n<meta property=\"og:type\" content=\"article\" \/>\n<meta property=\"og:title\" content=\"Tri napretkove podru\u017enice predstavile \u010dasopis \u201eFojni\u010dka \u0161krinja\u201c i knjigu aforizama \u201eKula od karata zlata\u201c - RADIO LJUBU\u0160KI\" \/>\n<meta property=\"og:description\" content=\"U organizaciji tri napretkove podru\u017enice, HKD Napredak Glavne podru\u017enice Mostar, HKD Napredak podru\u017enice Ljubu\u0161ki i HKD Napredak podru\u017enice Fojnica Knji\u017enici Ljubu\u0161ki u petak su predstavljeni \u010dasopis \u201eFojni\u010dka \u0161krinja\u201c te zbirka aforizama \u201cKula od karata zlata\u201d autora Ivana Vrlji\u0107a. Na predstavljanju su se okupili ljubitelji pisane rije\u010di, a nakon pozdravnog govora voditelja Knji\u017enice Ivice Vizentanera i [&hellip;]\" \/>\n<meta property=\"og:url\" content=\"https:\/\/radioljubuski.ba\/index.php\/2021\/10\/11\/tri-napretkove-podruznice-predstavile-casopis-fojnicka-skrinja-i-knjigu-aforizama-kula-od-karata-zlata\/\" \/>\n<meta property=\"og:site_name\" content=\"RADIO LJUBU\u0160KI\" \/>\n<meta property=\"article:publisher\" content=\"https:\/\/www.facebook.com\/Radiio-Ljubuski-1490835324566332\" \/>\n<meta property=\"article:published_time\" content=\"2021-10-11T09:17:33+00:00\" \/>\n<meta property=\"article:modified_time\" content=\"2021-10-11T09:17:34+00:00\" \/>\n<meta property=\"og:image\" content=\"https:\/\/radioljubuski.ba\/wp-content\/uploads\/2021\/10\/3-2021-10-11-10-02-56-Promocija-knjige-i-casopisa-sudinici-promocije.jpg\" \/>\n\t<meta property=\"og:image:width\" content=\"1000\" \/>\n\t<meta property=\"og:image:height\" content=\"625\" \/>\n\t<meta property=\"og:image:type\" content=\"image\/jpeg\" \/>\n<meta name=\"author\" content=\"Radio Ljubu\u0161ki\" \/>\n<meta name=\"twitter:card\" content=\"summary_large_image\" \/>\n<meta name=\"twitter:creator\" content=\"@radioljubuski\" \/>\n<meta name=\"twitter:site\" content=\"@radioljubuski\" \/>\n<meta name=\"twitter:label1\" content=\"Napisao\/la\" \/>\n\t<meta name=\"twitter:data1\" content=\"Radio Ljubu\u0161ki\" \/>\n\t<meta name=\"twitter:label2\" content=\"Procijenjeno vrijeme \u010ditanja\" \/>\n\t<meta name=\"twitter:data2\" content=\"2 minute\" \/>\n<script type=\"application\/ld+json\" class=\"yoast-schema-graph\">{\"@context\":\"https:\\\/\\\/schema.org\",\"@graph\":[{\"@type\":\"Article\",\"@id\":\"https:\\\/\\\/radioljubuski.ba\\\/index.php\\\/2021\\\/10\\\/11\\\/tri-napretkove-podruznice-predstavile-casopis-fojnicka-skrinja-i-knjigu-aforizama-kula-od-karata-zlata\\\/#article\",\"isPartOf\":{\"@id\":\"https:\\\/\\\/radioljubuski.ba\\\/index.php\\\/2021\\\/10\\\/11\\\/tri-napretkove-podruznice-predstavile-casopis-fojnicka-skrinja-i-knjigu-aforizama-kula-od-karata-zlata\\\/\"},\"author\":{\"name\":\"Radio Ljubu\u0161ki\",\"@id\":\"https:\\\/\\\/radioljubuski.ba\\\/#\\\/schema\\\/person\\\/19fc700381a780f69665d7956c469e3b\"},\"headline\":\"Tri napretkove podru\u017enice predstavile \u010dasopis \u201eFojni\u010dka \u0161krinja\u201c i knjigu aforizama \u201eKula od karata zlata\u201c\",\"datePublished\":\"2021-10-11T09:17:33+00:00\",\"dateModified\":\"2021-10-11T09:17:34+00:00\",\"mainEntityOfPage\":{\"@id\":\"https:\\\/\\\/radioljubuski.ba\\\/index.php\\\/2021\\\/10\\\/11\\\/tri-napretkove-podruznice-predstavile-casopis-fojnicka-skrinja-i-knjigu-aforizama-kula-od-karata-zlata\\\/\"},\"wordCount\":523,\"publisher\":{\"@id\":\"https:\\\/\\\/radioljubuski.ba\\\/#organization\"},\"image\":{\"@id\":\"https:\\\/\\\/radioljubuski.ba\\\/index.php\\\/2021\\\/10\\\/11\\\/tri-napretkove-podruznice-predstavile-casopis-fojnicka-skrinja-i-knjigu-aforizama-kula-od-karata-zlata\\\/#primaryimage\"},\"thumbnailUrl\":\"https:\\\/\\\/radioljubuski.ba\\\/wp-content\\\/uploads\\\/2021\\\/10\\\/3-2021-10-11-10-02-56-Promocija-knjige-i-casopisa-sudinici-promocije.jpg\",\"articleSection\":[\"BIH i regija\"],\"inLanguage\":\"hr\"},{\"@type\":\"WebPage\",\"@id\":\"https:\\\/\\\/radioljubuski.ba\\\/index.php\\\/2021\\\/10\\\/11\\\/tri-napretkove-podruznice-predstavile-casopis-fojnicka-skrinja-i-knjigu-aforizama-kula-od-karata-zlata\\\/\",\"url\":\"https:\\\/\\\/radioljubuski.ba\\\/index.php\\\/2021\\\/10\\\/11\\\/tri-napretkove-podruznice-predstavile-casopis-fojnicka-skrinja-i-knjigu-aforizama-kula-od-karata-zlata\\\/\",\"name\":\"Tri napretkove podru\u017enice predstavile \u010dasopis \u201eFojni\u010dka \u0161krinja\u201c i knjigu aforizama \u201eKula od karata zlata\u201c - RADIO LJUBU\u0160KI\",\"isPartOf\":{\"@id\":\"https:\\\/\\\/radioljubuski.ba\\\/#website\"},\"primaryImageOfPage\":{\"@id\":\"https:\\\/\\\/radioljubuski.ba\\\/index.php\\\/2021\\\/10\\\/11\\\/tri-napretkove-podruznice-predstavile-casopis-fojnicka-skrinja-i-knjigu-aforizama-kula-od-karata-zlata\\\/#primaryimage\"},\"image\":{\"@id\":\"https:\\\/\\\/radioljubuski.ba\\\/index.php\\\/2021\\\/10\\\/11\\\/tri-napretkove-podruznice-predstavile-casopis-fojnicka-skrinja-i-knjigu-aforizama-kula-od-karata-zlata\\\/#primaryimage\"},\"thumbnailUrl\":\"https:\\\/\\\/radioljubuski.ba\\\/wp-content\\\/uploads\\\/2021\\\/10\\\/3-2021-10-11-10-02-56-Promocija-knjige-i-casopisa-sudinici-promocije.jpg\",\"datePublished\":\"2021-10-11T09:17:33+00:00\",\"dateModified\":\"2021-10-11T09:17:34+00:00\",\"breadcrumb\":{\"@id\":\"https:\\\/\\\/radioljubuski.ba\\\/index.php\\\/2021\\\/10\\\/11\\\/tri-napretkove-podruznice-predstavile-casopis-fojnicka-skrinja-i-knjigu-aforizama-kula-od-karata-zlata\\\/#breadcrumb\"},\"inLanguage\":\"hr\",\"potentialAction\":[{\"@type\":\"ReadAction\",\"target\":[\"https:\\\/\\\/radioljubuski.ba\\\/index.php\\\/2021\\\/10\\\/11\\\/tri-napretkove-podruznice-predstavile-casopis-fojnicka-skrinja-i-knjigu-aforizama-kula-od-karata-zlata\\\/\"]}]},{\"@type\":\"ImageObject\",\"inLanguage\":\"hr\",\"@id\":\"https:\\\/\\\/radioljubuski.ba\\\/index.php\\\/2021\\\/10\\\/11\\\/tri-napretkove-podruznice-predstavile-casopis-fojnicka-skrinja-i-knjigu-aforizama-kula-od-karata-zlata\\\/#primaryimage\",\"url\":\"https:\\\/\\\/radioljubuski.ba\\\/wp-content\\\/uploads\\\/2021\\\/10\\\/3-2021-10-11-10-02-56-Promocija-knjige-i-casopisa-sudinici-promocije.jpg\",\"contentUrl\":\"https:\\\/\\\/radioljubuski.ba\\\/wp-content\\\/uploads\\\/2021\\\/10\\\/3-2021-10-11-10-02-56-Promocija-knjige-i-casopisa-sudinici-promocije.jpg\",\"width\":1000,\"height\":625},{\"@type\":\"BreadcrumbList\",\"@id\":\"https:\\\/\\\/radioljubuski.ba\\\/index.php\\\/2021\\\/10\\\/11\\\/tri-napretkove-podruznice-predstavile-casopis-fojnicka-skrinja-i-knjigu-aforizama-kula-od-karata-zlata\\\/#breadcrumb\",\"itemListElement\":[{\"@type\":\"ListItem\",\"position\":1,\"name\":\"Po\u010detna stranica\",\"item\":\"https:\\\/\\\/radioljubuski.ba\\\/\"},{\"@type\":\"ListItem\",\"position\":2,\"name\":\"Tri napretkove podru\u017enice predstavile \u010dasopis \u201eFojni\u010dka \u0161krinja\u201c i knjigu aforizama \u201eKula od karata zlata\u201c\"}]},{\"@type\":\"WebSite\",\"@id\":\"https:\\\/\\\/radioljubuski.ba\\\/#website\",\"url\":\"https:\\\/\\\/radioljubuski.ba\\\/\",\"name\":\"Radio Ljubu\u0161ki\",\"description\":\"Sun\u010dana frekvencija Hercegovine\",\"publisher\":{\"@id\":\"https:\\\/\\\/radioljubuski.ba\\\/#organization\"},\"potentialAction\":[{\"@type\":\"SearchAction\",\"target\":{\"@type\":\"EntryPoint\",\"urlTemplate\":\"https:\\\/\\\/radioljubuski.ba\\\/?s={search_term_string}\"},\"query-input\":{\"@type\":\"PropertyValueSpecification\",\"valueRequired\":true,\"valueName\":\"search_term_string\"}}],\"inLanguage\":\"hr\"},{\"@type\":\"Organization\",\"@id\":\"https:\\\/\\\/radioljubuski.ba\\\/#organization\",\"name\":\"Radio Ljubu\u0161ki\",\"url\":\"https:\\\/\\\/radioljubuski.ba\\\/\",\"logo\":{\"@type\":\"ImageObject\",\"inLanguage\":\"hr\",\"@id\":\"https:\\\/\\\/radioljubuski.ba\\\/#\\\/schema\\\/logo\\\/image\\\/\",\"url\":\"https:\\\/\\\/radioljubuski.ba\\\/wp-content\\\/uploads\\\/2021\\\/02\\\/cropped-Radio_Ljubuski_logo1.jpg\",\"contentUrl\":\"https:\\\/\\\/radioljubuski.ba\\\/wp-content\\\/uploads\\\/2021\\\/02\\\/cropped-Radio_Ljubuski_logo1.jpg\",\"width\":512,\"height\":512,\"caption\":\"Radio Ljubu\u0161ki\"},\"image\":{\"@id\":\"https:\\\/\\\/radioljubuski.ba\\\/#\\\/schema\\\/logo\\\/image\\\/\"},\"sameAs\":[\"https:\\\/\\\/www.facebook.com\\\/Radiio-Ljubuski-1490835324566332\",\"https:\\\/\\\/x.com\\\/radioljubuski\",\"https:\\\/\\\/hr.linkedin.com\\\/company\\\/radio-ljubuski\",\"https:\\\/\\\/www.youtube.com\\\/channel\\\/UCHYaeO_n0Db3tjNGudGpXyw\"]},{\"@type\":\"Person\",\"@id\":\"https:\\\/\\\/radioljubuski.ba\\\/#\\\/schema\\\/person\\\/19fc700381a780f69665d7956c469e3b\",\"name\":\"Radio Ljubu\u0161ki\"}]}<\/script>\n<!-- \/ Yoast SEO plugin. -->","yoast_head_json":{"title":"Tri napretkove podru\u017enice predstavile \u010dasopis \u201eFojni\u010dka \u0161krinja\u201c i knjigu aforizama \u201eKula od karata zlata\u201c - RADIO LJUBU\u0160KI","robots":{"index":"index","follow":"follow","max-snippet":"max-snippet:-1","max-image-preview":"max-image-preview:large","max-video-preview":"max-video-preview:-1"},"canonical":"https:\/\/radioljubuski.ba\/index.php\/2021\/10\/11\/tri-napretkove-podruznice-predstavile-casopis-fojnicka-skrinja-i-knjigu-aforizama-kula-od-karata-zlata\/","og_locale":"hr_HR","og_type":"article","og_title":"Tri napretkove podru\u017enice predstavile \u010dasopis \u201eFojni\u010dka \u0161krinja\u201c i knjigu aforizama \u201eKula od karata zlata\u201c - RADIO LJUBU\u0160KI","og_description":"U organizaciji tri napretkove podru\u017enice, HKD Napredak Glavne podru\u017enice Mostar, HKD Napredak podru\u017enice Ljubu\u0161ki i HKD Napredak podru\u017enice Fojnica Knji\u017enici Ljubu\u0161ki u petak su predstavljeni \u010dasopis \u201eFojni\u010dka \u0161krinja\u201c te zbirka aforizama \u201cKula od karata zlata\u201d autora Ivana Vrlji\u0107a. Na predstavljanju su se okupili ljubitelji pisane rije\u010di, a nakon pozdravnog govora voditelja Knji\u017enice Ivice Vizentanera i [&hellip;]","og_url":"https:\/\/radioljubuski.ba\/index.php\/2021\/10\/11\/tri-napretkove-podruznice-predstavile-casopis-fojnicka-skrinja-i-knjigu-aforizama-kula-od-karata-zlata\/","og_site_name":"RADIO LJUBU\u0160KI","article_publisher":"https:\/\/www.facebook.com\/Radiio-Ljubuski-1490835324566332","article_published_time":"2021-10-11T09:17:33+00:00","article_modified_time":"2021-10-11T09:17:34+00:00","og_image":[{"width":1000,"height":625,"url":"https:\/\/radioljubuski.ba\/wp-content\/uploads\/2021\/10\/3-2021-10-11-10-02-56-Promocija-knjige-i-casopisa-sudinici-promocije.jpg","type":"image\/jpeg"}],"author":"Radio Ljubu\u0161ki","twitter_card":"summary_large_image","twitter_creator":"@radioljubuski","twitter_site":"@radioljubuski","twitter_misc":{"Napisao\/la":"Radio Ljubu\u0161ki","Procijenjeno vrijeme \u010ditanja":"2 minute"},"schema":{"@context":"https:\/\/schema.org","@graph":[{"@type":"Article","@id":"https:\/\/radioljubuski.ba\/index.php\/2021\/10\/11\/tri-napretkove-podruznice-predstavile-casopis-fojnicka-skrinja-i-knjigu-aforizama-kula-od-karata-zlata\/#article","isPartOf":{"@id":"https:\/\/radioljubuski.ba\/index.php\/2021\/10\/11\/tri-napretkove-podruznice-predstavile-casopis-fojnicka-skrinja-i-knjigu-aforizama-kula-od-karata-zlata\/"},"author":{"name":"Radio Ljubu\u0161ki","@id":"https:\/\/radioljubuski.ba\/#\/schema\/person\/19fc700381a780f69665d7956c469e3b"},"headline":"Tri napretkove podru\u017enice predstavile \u010dasopis \u201eFojni\u010dka \u0161krinja\u201c i knjigu aforizama \u201eKula od karata zlata\u201c","datePublished":"2021-10-11T09:17:33+00:00","dateModified":"2021-10-11T09:17:34+00:00","mainEntityOfPage":{"@id":"https:\/\/radioljubuski.ba\/index.php\/2021\/10\/11\/tri-napretkove-podruznice-predstavile-casopis-fojnicka-skrinja-i-knjigu-aforizama-kula-od-karata-zlata\/"},"wordCount":523,"publisher":{"@id":"https:\/\/radioljubuski.ba\/#organization"},"image":{"@id":"https:\/\/radioljubuski.ba\/index.php\/2021\/10\/11\/tri-napretkove-podruznice-predstavile-casopis-fojnicka-skrinja-i-knjigu-aforizama-kula-od-karata-zlata\/#primaryimage"},"thumbnailUrl":"https:\/\/radioljubuski.ba\/wp-content\/uploads\/2021\/10\/3-2021-10-11-10-02-56-Promocija-knjige-i-casopisa-sudinici-promocije.jpg","articleSection":["BIH i regija"],"inLanguage":"hr"},{"@type":"WebPage","@id":"https:\/\/radioljubuski.ba\/index.php\/2021\/10\/11\/tri-napretkove-podruznice-predstavile-casopis-fojnicka-skrinja-i-knjigu-aforizama-kula-od-karata-zlata\/","url":"https:\/\/radioljubuski.ba\/index.php\/2021\/10\/11\/tri-napretkove-podruznice-predstavile-casopis-fojnicka-skrinja-i-knjigu-aforizama-kula-od-karata-zlata\/","name":"Tri napretkove podru\u017enice predstavile \u010dasopis \u201eFojni\u010dka \u0161krinja\u201c i knjigu aforizama \u201eKula od karata zlata\u201c - RADIO LJUBU\u0160KI","isPartOf":{"@id":"https:\/\/radioljubuski.ba\/#website"},"primaryImageOfPage":{"@id":"https:\/\/radioljubuski.ba\/index.php\/2021\/10\/11\/tri-napretkove-podruznice-predstavile-casopis-fojnicka-skrinja-i-knjigu-aforizama-kula-od-karata-zlata\/#primaryimage"},"image":{"@id":"https:\/\/radioljubuski.ba\/index.php\/2021\/10\/11\/tri-napretkove-podruznice-predstavile-casopis-fojnicka-skrinja-i-knjigu-aforizama-kula-od-karata-zlata\/#primaryimage"},"thumbnailUrl":"https:\/\/radioljubuski.ba\/wp-content\/uploads\/2021\/10\/3-2021-10-11-10-02-56-Promocija-knjige-i-casopisa-sudinici-promocije.jpg","datePublished":"2021-10-11T09:17:33+00:00","dateModified":"2021-10-11T09:17:34+00:00","breadcrumb":{"@id":"https:\/\/radioljubuski.ba\/index.php\/2021\/10\/11\/tri-napretkove-podruznice-predstavile-casopis-fojnicka-skrinja-i-knjigu-aforizama-kula-od-karata-zlata\/#breadcrumb"},"inLanguage":"hr","potentialAction":[{"@type":"ReadAction","target":["https:\/\/radioljubuski.ba\/index.php\/2021\/10\/11\/tri-napretkove-podruznice-predstavile-casopis-fojnicka-skrinja-i-knjigu-aforizama-kula-od-karata-zlata\/"]}]},{"@type":"ImageObject","inLanguage":"hr","@id":"https:\/\/radioljubuski.ba\/index.php\/2021\/10\/11\/tri-napretkove-podruznice-predstavile-casopis-fojnicka-skrinja-i-knjigu-aforizama-kula-od-karata-zlata\/#primaryimage","url":"https:\/\/radioljubuski.ba\/wp-content\/uploads\/2021\/10\/3-2021-10-11-10-02-56-Promocija-knjige-i-casopisa-sudinici-promocije.jpg","contentUrl":"https:\/\/radioljubuski.ba\/wp-content\/uploads\/2021\/10\/3-2021-10-11-10-02-56-Promocija-knjige-i-casopisa-sudinici-promocije.jpg","width":1000,"height":625},{"@type":"BreadcrumbList","@id":"https:\/\/radioljubuski.ba\/index.php\/2021\/10\/11\/tri-napretkove-podruznice-predstavile-casopis-fojnicka-skrinja-i-knjigu-aforizama-kula-od-karata-zlata\/#breadcrumb","itemListElement":[{"@type":"ListItem","position":1,"name":"Po\u010detna stranica","item":"https:\/\/radioljubuski.ba\/"},{"@type":"ListItem","position":2,"name":"Tri napretkove podru\u017enice predstavile \u010dasopis \u201eFojni\u010dka \u0161krinja\u201c i knjigu aforizama \u201eKula od karata zlata\u201c"}]},{"@type":"WebSite","@id":"https:\/\/radioljubuski.ba\/#website","url":"https:\/\/radioljubuski.ba\/","name":"Radio Ljubu\u0161ki","description":"Sun\u010dana frekvencija Hercegovine","publisher":{"@id":"https:\/\/radioljubuski.ba\/#organization"},"potentialAction":[{"@type":"SearchAction","target":{"@type":"EntryPoint","urlTemplate":"https:\/\/radioljubuski.ba\/?s={search_term_string}"},"query-input":{"@type":"PropertyValueSpecification","valueRequired":true,"valueName":"search_term_string"}}],"inLanguage":"hr"},{"@type":"Organization","@id":"https:\/\/radioljubuski.ba\/#organization","name":"Radio Ljubu\u0161ki","url":"https:\/\/radioljubuski.ba\/","logo":{"@type":"ImageObject","inLanguage":"hr","@id":"https:\/\/radioljubuski.ba\/#\/schema\/logo\/image\/","url":"https:\/\/radioljubuski.ba\/wp-content\/uploads\/2021\/02\/cropped-Radio_Ljubuski_logo1.jpg","contentUrl":"https:\/\/radioljubuski.ba\/wp-content\/uploads\/2021\/02\/cropped-Radio_Ljubuski_logo1.jpg","width":512,"height":512,"caption":"Radio Ljubu\u0161ki"},"image":{"@id":"https:\/\/radioljubuski.ba\/#\/schema\/logo\/image\/"},"sameAs":["https:\/\/www.facebook.com\/Radiio-Ljubuski-1490835324566332","https:\/\/x.com\/radioljubuski","https:\/\/hr.linkedin.com\/company\/radio-ljubuski","https:\/\/www.youtube.com\/channel\/UCHYaeO_n0Db3tjNGudGpXyw"]},{"@type":"Person","@id":"https:\/\/radioljubuski.ba\/#\/schema\/person\/19fc700381a780f69665d7956c469e3b","name":"Radio Ljubu\u0161ki"}]}},"_links":{"self":[{"href":"https:\/\/radioljubuski.ba\/index.php\/wp-json\/wp\/v2\/posts\/74214","targetHints":{"allow":["GET"]}}],"collection":[{"href":"https:\/\/radioljubuski.ba\/index.php\/wp-json\/wp\/v2\/posts"}],"about":[{"href":"https:\/\/radioljubuski.ba\/index.php\/wp-json\/wp\/v2\/types\/post"}],"author":[{"embeddable":true,"href":"https:\/\/radioljubuski.ba\/index.php\/wp-json\/wp\/v2\/users\/2"}],"replies":[{"embeddable":true,"href":"https:\/\/radioljubuski.ba\/index.php\/wp-json\/wp\/v2\/comments?post=74214"}],"version-history":[{"count":1,"href":"https:\/\/radioljubuski.ba\/index.php\/wp-json\/wp\/v2\/posts\/74214\/revisions"}],"predecessor-version":[{"id":74216,"href":"https:\/\/radioljubuski.ba\/index.php\/wp-json\/wp\/v2\/posts\/74214\/revisions\/74216"}],"wp:featuredmedia":[{"embeddable":true,"href":"https:\/\/radioljubuski.ba\/index.php\/wp-json\/wp\/v2\/media\/74215"}],"wp:attachment":[{"href":"https:\/\/radioljubuski.ba\/index.php\/wp-json\/wp\/v2\/media?parent=74214"}],"wp:term":[{"taxonomy":"category","embeddable":true,"href":"https:\/\/radioljubuski.ba\/index.php\/wp-json\/wp\/v2\/categories?post=74214"},{"taxonomy":"post_tag","embeddable":true,"href":"https:\/\/radioljubuski.ba\/index.php\/wp-json\/wp\/v2\/tags?post=74214"}],"curies":[{"name":"wp","href":"https:\/\/api.w.org\/{rel}","templated":true}]}}