{"id":74233,"date":"2021-10-11T10:25:30","date_gmt":"2021-10-11T09:25:30","guid":{"rendered":"https:\/\/radioljubuski.ba\/?p=74233"},"modified":"2021-10-11T10:25:30","modified_gmt":"2021-10-11T09:25:30","slug":"benzemi-prvi-veliki-trofej-s-tricolorima-ovo-je-noc-iz-snova","status":"publish","type":"post","link":"https:\/\/radioljubuski.ba\/index.php\/2021\/10\/11\/benzemi-prvi-veliki-trofej-s-tricolorima-ovo-je-noc-iz-snova\/","title":{"rendered":"Benzemi prvi veliki trofej s Tricolorima: Ovo je no\u0107 iz snova"},"content":{"rendered":"\n<p>Bila je ovo no\u0107 iz snova, mi nikada ne odustajemo, kazao je napada\u010d francuske nogometne reprezentacije Karim Benzema nakon \u0161to su Tricolori osvojili Ligu nacija pobjedom protiv \u0160panjolske sa 2-1.<\/p>\n\n\n\n<p>Nakon \u0161to su u polufinalu okrenuli 0-2 protiv Belgije pobijediv\u0161i sa 3-2, Tricolori su i u finalu stigli do pobjede preokretom. Ovoga puta nadoknadili su pogodak zaostatka. \u0160panjolska je povela u 64. minuti golom <strong>Mikela Oyarzabala<\/strong>, dvije minute kasnije izjedna\u010dio je <strong>Karim Benzema<\/strong>, a pobjedu Francuzima donio je <strong>Kylian Mbappe<\/strong> u 80. minuti.<br><br>&#8211; Bila je ovo no\u0107 iz snova s \u200b\u200bosobnog i timskog stajali\u0161ta. Zaista sam \u017eelio osvojiti trofej s Francuskom, rekao je za M6 Benzema kojemu je ovo prvi veliki trofej u dresu Tricolora. Bio je i \u010dlan francuske U-17 reprezentacije koja je osvojila europski naslov prije 17 godina, ali ne i \u010dlan &#8220;Les Bluesa&#8221; koji su 2018. u Moskvi osvojili i svjetsku krunu.<\/p>\n\n\n\n<blockquote class=\"twitter-tweet\"><p lang=\"en\" dir=\"ltr\">\ud83c\uddeb\ud83c\uddf7 BIG GAME PLAYERS.<a href=\"https:\/\/twitter.com\/hashtag\/NationsLeague?src=hash&amp;ref_src=twsrc%5Etfw\">#NationsLeague<\/a> <a href=\"https:\/\/t.co\/AotEXWTq73\">https:\/\/t.co\/AotEXWTq73<\/a> <a href=\"https:\/\/t.co\/x0jGHpzsOy\">pic.twitter.com\/x0jGHpzsOy<\/a><\/p>&mdash; UEFA Nations League (@EURO2024) <a href=\"https:\/\/twitter.com\/EURO2024\/status\/1447310403663433732?ref_src=twsrc%5Etfw\">October 10, 2021<\/a><\/blockquote> <script async src=\"https:\/\/platform.twitter.com\/widgets.js\" charset=\"utf-8\"><\/script> \n\n\n\n<p>&#8211; Nije bilo lako, jo\u0161 jednom smo pokazali snagu karaktera ove mom\u010dadi. Nikada ne odustajemo. To je znak velikih mom\u010dadi da nikada ne pani\u010dare i budu strpljivi. Uspjeli smo posti\u0107i dva gola, dodao je napada\u010d Real Madrida.<br><br>&#8211; Po\u010deli smo lo\u0161e i u prvom poluvremenu dominirala je \u0160panjolska. Me\u0111utim, uspjeli smo reagirati nakon primljenog gola. Moramo odigrati bolje, ali na kraju dana ipak smo slavili. Uvijek je lijepo osvajati trofeje i uvijek si ih gladan, dodao je <strong>Paul Pogba<\/strong>.<br><br>Francuski strateg <strong>Didier Deschamps <\/strong>naglasio je kako je ponosan na svoju ekipu.<br><br>&#8211; Jako sam ponosan i jako sam sretan zbog igra\u010da. Gubili smo u obje utakmice. Danas smo brzo izjedna\u010dili nakon \u0161to smo primili gol. Osim talenta koji imamo, ova mom\u010dad ima i karakter i mentalitet, kazao je francuski izbornik za UEFA-u.<br><br>&#8211; U igri je bio trofej. Igra\u010di su natjecatelji, kao i ja. U\u010dinili smo sve \u0161to smo mogli da do\u0111emo ovdje, a kada si u finalu, uvijek je bolje pobijediti, poru\u010dio je Deschamps.<\/p>\n\n\n\n<p>Njegov kolega na suprotnoj strani <strong>Luis Enrique<\/strong>, bio je, o\u010dekivano, razo\u010daran nakon poraza.<br><br>&#8211; Bez obzira na to protiv koga igramo ili u kojoj situaciji, uvijek poku\u0161avamo igrati na svoj na\u010din &#8211; hrabro i napada\u010dki. Sada se ne radi samo o porazu, ve\u0107 i o tuzi jer smo igrali jako dobro. Ne samo da smo pobijedili europske prvake, ve\u0107 smo se sjajno nosili i sa svjetskim prvacima. \u0160teta \u0161to nismo du\u017ee obranili na\u0161e vodstvo, kazao je \u0161panjolski izbornik.<br><br>Jedan od najboljih \u0161panjolskih igra\u010da u finalu bio je strijelac Mikel Oyarzabal.<br><br>&#8211; Stvarno mislim da smo pru\u017eili sjajnu predstavu, no presudila su dva fantasti\u010dna poteza. Imali smo svoje prilike, no <strong>Lloris <\/strong>je u zavr\u0161nici imao dvije fantasti\u010dne obrane. Cijeli susret smo naporno radili i trebali bismo biti ponosni na ono \u0161to smo pokazali, rekao je napada\u010d Real Sociedada.<\/p>\n\n\n\n<p>Izvor:hrt.hr<\/p>\n","protected":false},"excerpt":{"rendered":"<p>Bila je ovo no\u0107 iz snova, mi nikada ne odustajemo, kazao je napada\u010d francuske nogometne reprezentacije Karim Benzema nakon \u0161to su Tricolori osvojili Ligu nacija pobjedom protiv \u0160panjolske sa 2-1. Nakon \u0161to su u polufinalu okrenuli 0-2 protiv Belgije pobijediv\u0161i sa 3-2, Tricolori su i u finalu stigli do pobjede preokretom. Ovoga puta nadoknadili su [&hellip;]<\/p>\n","protected":false},"author":2,"featured_media":74236,"comment_status":"closed","ping_status":"closed","sticky":false,"template":"","format":"standard","meta":{"h5ap_radio_sources":[],"footnotes":""},"categories":[7],"tags":[],"class_list":["post-74233","post","type-post","status-publish","format-standard","has-post-thumbnail","hentry","category-sport"],"yoast_head":"<!-- This site is optimized with the Yoast SEO plugin v27.5 - https:\/\/yoast.com\/product\/yoast-seo-wordpress\/ -->\n<title>Benzemi prvi veliki trofej s Tricolorima: Ovo je no\u0107 iz snova - RADIO LJUBU\u0160KI<\/title>\n<meta name=\"robots\" content=\"index, follow, max-snippet:-1, max-image-preview:large, max-video-preview:-1\" \/>\n<link rel=\"canonical\" href=\"https:\/\/radioljubuski.ba\/index.php\/2021\/10\/11\/benzemi-prvi-veliki-trofej-s-tricolorima-ovo-je-noc-iz-snova\/\" \/>\n<meta property=\"og:locale\" content=\"hr_HR\" \/>\n<meta property=\"og:type\" content=\"article\" \/>\n<meta property=\"og:title\" content=\"Benzemi prvi veliki trofej s Tricolorima: Ovo je no\u0107 iz snova - RADIO LJUBU\u0160KI\" \/>\n<meta property=\"og:description\" content=\"Bila je ovo no\u0107 iz snova, mi nikada ne odustajemo, kazao je napada\u010d francuske nogometne reprezentacije Karim Benzema nakon \u0161to su Tricolori osvojili Ligu nacija pobjedom protiv \u0160panjolske sa 2-1. Nakon \u0161to su u polufinalu okrenuli 0-2 protiv Belgije pobijediv\u0161i sa 3-2, Tricolori su i u finalu stigli do pobjede preokretom. Ovoga puta nadoknadili su [&hellip;]\" \/>\n<meta property=\"og:url\" content=\"https:\/\/radioljubuski.ba\/index.php\/2021\/10\/11\/benzemi-prvi-veliki-trofej-s-tricolorima-ovo-je-noc-iz-snova\/\" \/>\n<meta property=\"og:site_name\" content=\"RADIO LJUBU\u0160KI\" \/>\n<meta property=\"article:publisher\" content=\"https:\/\/www.facebook.com\/Radiio-Ljubuski-1490835324566332\" \/>\n<meta property=\"article:published_time\" content=\"2021-10-11T09:25:30+00:00\" \/>\n<meta property=\"og:image\" content=\"https:\/\/radioljubuski.ba\/wp-content\/uploads\/2021\/10\/22-3.jpg\" \/>\n\t<meta property=\"og:image:width\" content=\"268\" \/>\n\t<meta property=\"og:image:height\" content=\"188\" \/>\n\t<meta property=\"og:image:type\" content=\"image\/jpeg\" \/>\n<meta name=\"author\" content=\"Radio Ljubu\u0161ki\" \/>\n<meta name=\"twitter:card\" content=\"summary_large_image\" \/>\n<meta name=\"twitter:creator\" content=\"@radioljubuski\" \/>\n<meta name=\"twitter:site\" content=\"@radioljubuski\" \/>\n<meta name=\"twitter:label1\" content=\"Napisao\/la\" \/>\n\t<meta name=\"twitter:data1\" content=\"Radio Ljubu\u0161ki\" \/>\n\t<meta name=\"twitter:label2\" content=\"Procijenjeno vrijeme \u010ditanja\" \/>\n\t<meta name=\"twitter:data2\" content=\"2 minute\" \/>\n<script type=\"application\/ld+json\" class=\"yoast-schema-graph\">{\"@context\":\"https:\\\/\\\/schema.org\",\"@graph\":[{\"@type\":\"Article\",\"@id\":\"https:\\\/\\\/radioljubuski.ba\\\/index.php\\\/2021\\\/10\\\/11\\\/benzemi-prvi-veliki-trofej-s-tricolorima-ovo-je-noc-iz-snova\\\/#article\",\"isPartOf\":{\"@id\":\"https:\\\/\\\/radioljubuski.ba\\\/index.php\\\/2021\\\/10\\\/11\\\/benzemi-prvi-veliki-trofej-s-tricolorima-ovo-je-noc-iz-snova\\\/\"},\"author\":{\"name\":\"Radio Ljubu\u0161ki\",\"@id\":\"https:\\\/\\\/radioljubuski.ba\\\/#\\\/schema\\\/person\\\/19fc700381a780f69665d7956c469e3b\"},\"headline\":\"Benzemi prvi veliki trofej s Tricolorima: Ovo je no\u0107 iz snova\",\"datePublished\":\"2021-10-11T09:25:30+00:00\",\"mainEntityOfPage\":{\"@id\":\"https:\\\/\\\/radioljubuski.ba\\\/index.php\\\/2021\\\/10\\\/11\\\/benzemi-prvi-veliki-trofej-s-tricolorima-ovo-je-noc-iz-snova\\\/\"},\"wordCount\":506,\"publisher\":{\"@id\":\"https:\\\/\\\/radioljubuski.ba\\\/#organization\"},\"image\":{\"@id\":\"https:\\\/\\\/radioljubuski.ba\\\/index.php\\\/2021\\\/10\\\/11\\\/benzemi-prvi-veliki-trofej-s-tricolorima-ovo-je-noc-iz-snova\\\/#primaryimage\"},\"thumbnailUrl\":\"https:\\\/\\\/radioljubuski.ba\\\/wp-content\\\/uploads\\\/2021\\\/10\\\/22-3.jpg\",\"articleSection\":[\"\u0160port\"],\"inLanguage\":\"hr\"},{\"@type\":\"WebPage\",\"@id\":\"https:\\\/\\\/radioljubuski.ba\\\/index.php\\\/2021\\\/10\\\/11\\\/benzemi-prvi-veliki-trofej-s-tricolorima-ovo-je-noc-iz-snova\\\/\",\"url\":\"https:\\\/\\\/radioljubuski.ba\\\/index.php\\\/2021\\\/10\\\/11\\\/benzemi-prvi-veliki-trofej-s-tricolorima-ovo-je-noc-iz-snova\\\/\",\"name\":\"Benzemi prvi veliki trofej s Tricolorima: Ovo je no\u0107 iz snova - RADIO LJUBU\u0160KI\",\"isPartOf\":{\"@id\":\"https:\\\/\\\/radioljubuski.ba\\\/#website\"},\"primaryImageOfPage\":{\"@id\":\"https:\\\/\\\/radioljubuski.ba\\\/index.php\\\/2021\\\/10\\\/11\\\/benzemi-prvi-veliki-trofej-s-tricolorima-ovo-je-noc-iz-snova\\\/#primaryimage\"},\"image\":{\"@id\":\"https:\\\/\\\/radioljubuski.ba\\\/index.php\\\/2021\\\/10\\\/11\\\/benzemi-prvi-veliki-trofej-s-tricolorima-ovo-je-noc-iz-snova\\\/#primaryimage\"},\"thumbnailUrl\":\"https:\\\/\\\/radioljubuski.ba\\\/wp-content\\\/uploads\\\/2021\\\/10\\\/22-3.jpg\",\"datePublished\":\"2021-10-11T09:25:30+00:00\",\"breadcrumb\":{\"@id\":\"https:\\\/\\\/radioljubuski.ba\\\/index.php\\\/2021\\\/10\\\/11\\\/benzemi-prvi-veliki-trofej-s-tricolorima-ovo-je-noc-iz-snova\\\/#breadcrumb\"},\"inLanguage\":\"hr\",\"potentialAction\":[{\"@type\":\"ReadAction\",\"target\":[\"https:\\\/\\\/radioljubuski.ba\\\/index.php\\\/2021\\\/10\\\/11\\\/benzemi-prvi-veliki-trofej-s-tricolorima-ovo-je-noc-iz-snova\\\/\"]}]},{\"@type\":\"ImageObject\",\"inLanguage\":\"hr\",\"@id\":\"https:\\\/\\\/radioljubuski.ba\\\/index.php\\\/2021\\\/10\\\/11\\\/benzemi-prvi-veliki-trofej-s-tricolorima-ovo-je-noc-iz-snova\\\/#primaryimage\",\"url\":\"https:\\\/\\\/radioljubuski.ba\\\/wp-content\\\/uploads\\\/2021\\\/10\\\/22-3.jpg\",\"contentUrl\":\"https:\\\/\\\/radioljubuski.ba\\\/wp-content\\\/uploads\\\/2021\\\/10\\\/22-3.jpg\",\"width\":268,\"height\":188},{\"@type\":\"BreadcrumbList\",\"@id\":\"https:\\\/\\\/radioljubuski.ba\\\/index.php\\\/2021\\\/10\\\/11\\\/benzemi-prvi-veliki-trofej-s-tricolorima-ovo-je-noc-iz-snova\\\/#breadcrumb\",\"itemListElement\":[{\"@type\":\"ListItem\",\"position\":1,\"name\":\"Po\u010detna stranica\",\"item\":\"https:\\\/\\\/radioljubuski.ba\\\/\"},{\"@type\":\"ListItem\",\"position\":2,\"name\":\"Benzemi prvi veliki trofej s Tricolorima: Ovo je no\u0107 iz snova\"}]},{\"@type\":\"WebSite\",\"@id\":\"https:\\\/\\\/radioljubuski.ba\\\/#website\",\"url\":\"https:\\\/\\\/radioljubuski.ba\\\/\",\"name\":\"Radio Ljubu\u0161ki\",\"description\":\"Sun\u010dana frekvencija Hercegovine\",\"publisher\":{\"@id\":\"https:\\\/\\\/radioljubuski.ba\\\/#organization\"},\"potentialAction\":[{\"@type\":\"SearchAction\",\"target\":{\"@type\":\"EntryPoint\",\"urlTemplate\":\"https:\\\/\\\/radioljubuski.ba\\\/?s={search_term_string}\"},\"query-input\":{\"@type\":\"PropertyValueSpecification\",\"valueRequired\":true,\"valueName\":\"search_term_string\"}}],\"inLanguage\":\"hr\"},{\"@type\":\"Organization\",\"@id\":\"https:\\\/\\\/radioljubuski.ba\\\/#organization\",\"name\":\"Radio Ljubu\u0161ki\",\"url\":\"https:\\\/\\\/radioljubuski.ba\\\/\",\"logo\":{\"@type\":\"ImageObject\",\"inLanguage\":\"hr\",\"@id\":\"https:\\\/\\\/radioljubuski.ba\\\/#\\\/schema\\\/logo\\\/image\\\/\",\"url\":\"https:\\\/\\\/radioljubuski.ba\\\/wp-content\\\/uploads\\\/2021\\\/02\\\/cropped-Radio_Ljubuski_logo1.jpg\",\"contentUrl\":\"https:\\\/\\\/radioljubuski.ba\\\/wp-content\\\/uploads\\\/2021\\\/02\\\/cropped-Radio_Ljubuski_logo1.jpg\",\"width\":512,\"height\":512,\"caption\":\"Radio Ljubu\u0161ki\"},\"image\":{\"@id\":\"https:\\\/\\\/radioljubuski.ba\\\/#\\\/schema\\\/logo\\\/image\\\/\"},\"sameAs\":[\"https:\\\/\\\/www.facebook.com\\\/Radiio-Ljubuski-1490835324566332\",\"https:\\\/\\\/x.com\\\/radioljubuski\",\"https:\\\/\\\/hr.linkedin.com\\\/company\\\/radio-ljubuski\",\"https:\\\/\\\/www.youtube.com\\\/channel\\\/UCHYaeO_n0Db3tjNGudGpXyw\"]},{\"@type\":\"Person\",\"@id\":\"https:\\\/\\\/radioljubuski.ba\\\/#\\\/schema\\\/person\\\/19fc700381a780f69665d7956c469e3b\",\"name\":\"Radio Ljubu\u0161ki\"}]}<\/script>\n<!-- \/ Yoast SEO plugin. -->","yoast_head_json":{"title":"Benzemi prvi veliki trofej s Tricolorima: Ovo je no\u0107 iz snova - RADIO LJUBU\u0160KI","robots":{"index":"index","follow":"follow","max-snippet":"max-snippet:-1","max-image-preview":"max-image-preview:large","max-video-preview":"max-video-preview:-1"},"canonical":"https:\/\/radioljubuski.ba\/index.php\/2021\/10\/11\/benzemi-prvi-veliki-trofej-s-tricolorima-ovo-je-noc-iz-snova\/","og_locale":"hr_HR","og_type":"article","og_title":"Benzemi prvi veliki trofej s Tricolorima: Ovo je no\u0107 iz snova - RADIO LJUBU\u0160KI","og_description":"Bila je ovo no\u0107 iz snova, mi nikada ne odustajemo, kazao je napada\u010d francuske nogometne reprezentacije Karim Benzema nakon \u0161to su Tricolori osvojili Ligu nacija pobjedom protiv \u0160panjolske sa 2-1. Nakon \u0161to su u polufinalu okrenuli 0-2 protiv Belgije pobijediv\u0161i sa 3-2, Tricolori su i u finalu stigli do pobjede preokretom. Ovoga puta nadoknadili su [&hellip;]","og_url":"https:\/\/radioljubuski.ba\/index.php\/2021\/10\/11\/benzemi-prvi-veliki-trofej-s-tricolorima-ovo-je-noc-iz-snova\/","og_site_name":"RADIO LJUBU\u0160KI","article_publisher":"https:\/\/www.facebook.com\/Radiio-Ljubuski-1490835324566332","article_published_time":"2021-10-11T09:25:30+00:00","og_image":[{"width":268,"height":188,"url":"https:\/\/radioljubuski.ba\/wp-content\/uploads\/2021\/10\/22-3.jpg","type":"image\/jpeg"}],"author":"Radio Ljubu\u0161ki","twitter_card":"summary_large_image","twitter_creator":"@radioljubuski","twitter_site":"@radioljubuski","twitter_misc":{"Napisao\/la":"Radio Ljubu\u0161ki","Procijenjeno vrijeme \u010ditanja":"2 minute"},"schema":{"@context":"https:\/\/schema.org","@graph":[{"@type":"Article","@id":"https:\/\/radioljubuski.ba\/index.php\/2021\/10\/11\/benzemi-prvi-veliki-trofej-s-tricolorima-ovo-je-noc-iz-snova\/#article","isPartOf":{"@id":"https:\/\/radioljubuski.ba\/index.php\/2021\/10\/11\/benzemi-prvi-veliki-trofej-s-tricolorima-ovo-je-noc-iz-snova\/"},"author":{"name":"Radio Ljubu\u0161ki","@id":"https:\/\/radioljubuski.ba\/#\/schema\/person\/19fc700381a780f69665d7956c469e3b"},"headline":"Benzemi prvi veliki trofej s Tricolorima: Ovo je no\u0107 iz snova","datePublished":"2021-10-11T09:25:30+00:00","mainEntityOfPage":{"@id":"https:\/\/radioljubuski.ba\/index.php\/2021\/10\/11\/benzemi-prvi-veliki-trofej-s-tricolorima-ovo-je-noc-iz-snova\/"},"wordCount":506,"publisher":{"@id":"https:\/\/radioljubuski.ba\/#organization"},"image":{"@id":"https:\/\/radioljubuski.ba\/index.php\/2021\/10\/11\/benzemi-prvi-veliki-trofej-s-tricolorima-ovo-je-noc-iz-snova\/#primaryimage"},"thumbnailUrl":"https:\/\/radioljubuski.ba\/wp-content\/uploads\/2021\/10\/22-3.jpg","articleSection":["\u0160port"],"inLanguage":"hr"},{"@type":"WebPage","@id":"https:\/\/radioljubuski.ba\/index.php\/2021\/10\/11\/benzemi-prvi-veliki-trofej-s-tricolorima-ovo-je-noc-iz-snova\/","url":"https:\/\/radioljubuski.ba\/index.php\/2021\/10\/11\/benzemi-prvi-veliki-trofej-s-tricolorima-ovo-je-noc-iz-snova\/","name":"Benzemi prvi veliki trofej s Tricolorima: Ovo je no\u0107 iz snova - RADIO LJUBU\u0160KI","isPartOf":{"@id":"https:\/\/radioljubuski.ba\/#website"},"primaryImageOfPage":{"@id":"https:\/\/radioljubuski.ba\/index.php\/2021\/10\/11\/benzemi-prvi-veliki-trofej-s-tricolorima-ovo-je-noc-iz-snova\/#primaryimage"},"image":{"@id":"https:\/\/radioljubuski.ba\/index.php\/2021\/10\/11\/benzemi-prvi-veliki-trofej-s-tricolorima-ovo-je-noc-iz-snova\/#primaryimage"},"thumbnailUrl":"https:\/\/radioljubuski.ba\/wp-content\/uploads\/2021\/10\/22-3.jpg","datePublished":"2021-10-11T09:25:30+00:00","breadcrumb":{"@id":"https:\/\/radioljubuski.ba\/index.php\/2021\/10\/11\/benzemi-prvi-veliki-trofej-s-tricolorima-ovo-je-noc-iz-snova\/#breadcrumb"},"inLanguage":"hr","potentialAction":[{"@type":"ReadAction","target":["https:\/\/radioljubuski.ba\/index.php\/2021\/10\/11\/benzemi-prvi-veliki-trofej-s-tricolorima-ovo-je-noc-iz-snova\/"]}]},{"@type":"ImageObject","inLanguage":"hr","@id":"https:\/\/radioljubuski.ba\/index.php\/2021\/10\/11\/benzemi-prvi-veliki-trofej-s-tricolorima-ovo-je-noc-iz-snova\/#primaryimage","url":"https:\/\/radioljubuski.ba\/wp-content\/uploads\/2021\/10\/22-3.jpg","contentUrl":"https:\/\/radioljubuski.ba\/wp-content\/uploads\/2021\/10\/22-3.jpg","width":268,"height":188},{"@type":"BreadcrumbList","@id":"https:\/\/radioljubuski.ba\/index.php\/2021\/10\/11\/benzemi-prvi-veliki-trofej-s-tricolorima-ovo-je-noc-iz-snova\/#breadcrumb","itemListElement":[{"@type":"ListItem","position":1,"name":"Po\u010detna stranica","item":"https:\/\/radioljubuski.ba\/"},{"@type":"ListItem","position":2,"name":"Benzemi prvi veliki trofej s Tricolorima: Ovo je no\u0107 iz snova"}]},{"@type":"WebSite","@id":"https:\/\/radioljubuski.ba\/#website","url":"https:\/\/radioljubuski.ba\/","name":"Radio Ljubu\u0161ki","description":"Sun\u010dana frekvencija Hercegovine","publisher":{"@id":"https:\/\/radioljubuski.ba\/#organization"},"potentialAction":[{"@type":"SearchAction","target":{"@type":"EntryPoint","urlTemplate":"https:\/\/radioljubuski.ba\/?s={search_term_string}"},"query-input":{"@type":"PropertyValueSpecification","valueRequired":true,"valueName":"search_term_string"}}],"inLanguage":"hr"},{"@type":"Organization","@id":"https:\/\/radioljubuski.ba\/#organization","name":"Radio Ljubu\u0161ki","url":"https:\/\/radioljubuski.ba\/","logo":{"@type":"ImageObject","inLanguage":"hr","@id":"https:\/\/radioljubuski.ba\/#\/schema\/logo\/image\/","url":"https:\/\/radioljubuski.ba\/wp-content\/uploads\/2021\/02\/cropped-Radio_Ljubuski_logo1.jpg","contentUrl":"https:\/\/radioljubuski.ba\/wp-content\/uploads\/2021\/02\/cropped-Radio_Ljubuski_logo1.jpg","width":512,"height":512,"caption":"Radio Ljubu\u0161ki"},"image":{"@id":"https:\/\/radioljubuski.ba\/#\/schema\/logo\/image\/"},"sameAs":["https:\/\/www.facebook.com\/Radiio-Ljubuski-1490835324566332","https:\/\/x.com\/radioljubuski","https:\/\/hr.linkedin.com\/company\/radio-ljubuski","https:\/\/www.youtube.com\/channel\/UCHYaeO_n0Db3tjNGudGpXyw"]},{"@type":"Person","@id":"https:\/\/radioljubuski.ba\/#\/schema\/person\/19fc700381a780f69665d7956c469e3b","name":"Radio Ljubu\u0161ki"}]}},"_links":{"self":[{"href":"https:\/\/radioljubuski.ba\/index.php\/wp-json\/wp\/v2\/posts\/74233","targetHints":{"allow":["GET"]}}],"collection":[{"href":"https:\/\/radioljubuski.ba\/index.php\/wp-json\/wp\/v2\/posts"}],"about":[{"href":"https:\/\/radioljubuski.ba\/index.php\/wp-json\/wp\/v2\/types\/post"}],"author":[{"embeddable":true,"href":"https:\/\/radioljubuski.ba\/index.php\/wp-json\/wp\/v2\/users\/2"}],"replies":[{"embeddable":true,"href":"https:\/\/radioljubuski.ba\/index.php\/wp-json\/wp\/v2\/comments?post=74233"}],"version-history":[{"count":1,"href":"https:\/\/radioljubuski.ba\/index.php\/wp-json\/wp\/v2\/posts\/74233\/revisions"}],"predecessor-version":[{"id":74237,"href":"https:\/\/radioljubuski.ba\/index.php\/wp-json\/wp\/v2\/posts\/74233\/revisions\/74237"}],"wp:featuredmedia":[{"embeddable":true,"href":"https:\/\/radioljubuski.ba\/index.php\/wp-json\/wp\/v2\/media\/74236"}],"wp:attachment":[{"href":"https:\/\/radioljubuski.ba\/index.php\/wp-json\/wp\/v2\/media?parent=74233"}],"wp:term":[{"taxonomy":"category","embeddable":true,"href":"https:\/\/radioljubuski.ba\/index.php\/wp-json\/wp\/v2\/categories?post=74233"},{"taxonomy":"post_tag","embeddable":true,"href":"https:\/\/radioljubuski.ba\/index.php\/wp-json\/wp\/v2\/tags?post=74233"}],"curies":[{"name":"wp","href":"https:\/\/api.w.org\/{rel}","templated":true}]}}