{"id":74274,"date":"2021-10-11T10:48:35","date_gmt":"2021-10-11T09:48:35","guid":{"rendered":"https:\/\/radioljubuski.ba\/?p=74274"},"modified":"2021-10-11T10:48:36","modified_gmt":"2021-10-11T09:48:36","slug":"sydney-nakon-107-dana-dozvolio-izlazak-iz-karantene-cijepljenima-a-necijepljeni-ne-smiju-van","status":"publish","type":"post","link":"https:\/\/radioljubuski.ba\/index.php\/2021\/10\/11\/sydney-nakon-107-dana-dozvolio-izlazak-iz-karantene-cijepljenima-a-necijepljeni-ne-smiju-van\/","title":{"rendered":"Sydney nakon 107 dana dozvolio izlazak iz karantene cijepljenima, a necijepljeni \u2013 ne smiju van"},"content":{"rendered":"\n<p>Najve\u0107em australskom gradu Sydneyju dopu\u0161teno je iza\u0107i iz lockdowna nakon \u0161to je dr\u017eava Novi Ju\u017eni Wales (NSW) dosegla cilj od 70% cijepljenih me\u0111u starijima od 16 godina.&nbsp;<\/p>\n\n\n\n<p>Izlazak iz 107 dana dugog i strogog lockdowna vrijedi za one koji su cijepljeni s dvije doze cjepiva. Me\u0111utim, jo\u0161 uvijek nisu maknuta sva ograni\u010denja, a dodatno popu\u0161tanje o\u010dekuje se kada 80% starijih od 16 godina bude potpuno cijepljeno. Trenutno je vi\u0161e od 90% stanovnika primilo prvu dozu.<\/p>\n\n\n\n<p>Ina\u010de je za vrijeme strogih mjera vrijedila zabrana posje\u0107ivanja ku\u0107anstava i putovanja izvan zone od 5 km \u0161to je razdvojilo mnoge obitelji.&nbsp;<\/p>\n\n\n\n<p>Nove slobode uvedene u ponedjeljak uklju\u010duju posje\u0107ivanje doma, odlazak u restorane i barove te ponovno otvaranje ve\u0107ine maloprodajnih i uslu\u017enih djelatnosti \u2013 uklju\u010duju\u0107i brija\u010de i frizere.<\/p>\n\n\n\n<p>Novi premijer NSW-a Dominic Perrottet najavio je zna\u010dajne izmjene zbog karantene koju je najavila njegova prethodnica Gladys Berejiklian po\u010detkom rujna, daju\u0107i potpuno cijepljenim stanovnicima ve\u0107e slobode nego \u0161to je prvo planirano.<\/p>\n\n\n\n<p>Nova pravila primjenjuju se na sve starije od 16 godina. Djeca mla\u0111a od 16 godina koja jo\u0161 nisu cijepljena mogu do\u0107i na mjesta koja su ponovno otvorena, pod uvjetom da su u pratnji odrasle osobe iz svog ku\u0107anstva koja je potpuno cijepljena.&nbsp;Necijepljene odrasle osobe s valjanim lije\u010dni\u010dkim izuze\u0107em tako\u0111er \u0107e u\u017eivati \u200b\u200bslobode.<\/p>\n\n\n\n<p>Pomaknut je povratak u \u0161kole, s tim da \u0107e se vrti\u0107i i ni\u017ei razredi \u0161kole vratiti od 18. listopada, a svi preostali u\u010denici \u0107e se vratiti od 25. listopada.<\/p>\n\n\n\n<p>\u201cVidjet \u0107emo pove\u0107anje hospitalizacija \u2026 ali moramo nau\u010diti \u017eivjeti zajedno s virusom\u201d, rekao je Dominic Perrottet, premijer Novog Ju\u017enog Walesa, prenosi <a href=\"https:\/\/www.bbc.com\/news\/world-australia-58866464\">BBC<\/a>.<\/p>\n\n\n\n<p>U Australiji su i drugi gradovi pod strogim mjerama protiv koronavirusa. Glavni grad Canberra bi u petak trebala iza\u0107i iz karantene, dok se Melbourne ponovno otvara krajem listopada.&nbsp;<\/p>\n\n\n\n<p>Vlasti su tako\u0111er objavile da bi Australci koji \u017eive u inozemstvu mogli putovati natrag u Sydney sljede\u0107eg mjeseca, jer se granice ponovo otvaraju.<\/p>\n\n\n\n<p>Necijepljeni ljudi potpuno su izostavljeni iz prvog vala sloboda, a radi se svima od 16 godina na vi\u0161e. Prema ubla\u017eenim pravilima, 10 potpuno cijepljenih ljudi mo\u017ee se okupiti u ku\u0107ama, dok 100 mo\u017ee prisustvovati vjen\u010danjima i sprovodima, necijepljeni ne mogu ni\u0161ta od toga.<\/p>\n\n\n\n<p><br>Zatvaranje Sydneya zapo\u010delo je krajem lipnja nakon \u0161to je zavladala epidemija Delta varijante koronavirusa, \u0161to je do sada dovelo do preko 50.000 zara\u017eenih i 439 smrtnih slu\u010dajeva.<\/p>\n\n\n\n<p><em>Izvor: narod.hr<\/em><\/p>\n","protected":false},"excerpt":{"rendered":"<p>Najve\u0107em australskom gradu Sydneyju dopu\u0161teno je iza\u0107i iz lockdowna nakon \u0161to je dr\u017eava Novi Ju\u017eni Wales (NSW) dosegla cilj od 70% cijepljenih me\u0111u starijima od 16 godina.&nbsp; Izlazak iz 107 dana dugog i strogog lockdowna vrijedi za one koji su cijepljeni s dvije doze cjepiva. Me\u0111utim, jo\u0161 uvijek nisu maknuta sva ograni\u010denja, a dodatno popu\u0161tanje [&hellip;]<\/p>\n","protected":false},"author":2,"featured_media":74275,"comment_status":"closed","ping_status":"closed","sticky":false,"template":"","format":"standard","meta":{"h5ap_radio_sources":[],"footnotes":""},"categories":[1],"tags":[],"class_list":["post-74274","post","type-post","status-publish","format-standard","has-post-thumbnail","hentry","category-bihiregija"],"yoast_head":"<!-- This site is optimized with the Yoast SEO plugin v27.5 - https:\/\/yoast.com\/product\/yoast-seo-wordpress\/ -->\n<title>Sydney nakon 107 dana dozvolio izlazak iz karantene cijepljenima, a necijepljeni \u2013 ne smiju van - RADIO LJUBU\u0160KI<\/title>\n<meta name=\"robots\" content=\"index, follow, max-snippet:-1, max-image-preview:large, max-video-preview:-1\" \/>\n<link rel=\"canonical\" href=\"https:\/\/radioljubuski.ba\/index.php\/2021\/10\/11\/sydney-nakon-107-dana-dozvolio-izlazak-iz-karantene-cijepljenima-a-necijepljeni-ne-smiju-van\/\" \/>\n<meta property=\"og:locale\" content=\"hr_HR\" \/>\n<meta property=\"og:type\" content=\"article\" \/>\n<meta property=\"og:title\" content=\"Sydney nakon 107 dana dozvolio izlazak iz karantene cijepljenima, a necijepljeni \u2013 ne smiju van - RADIO LJUBU\u0160KI\" \/>\n<meta property=\"og:description\" content=\"Najve\u0107em australskom gradu Sydneyju dopu\u0161teno je iza\u0107i iz lockdowna nakon \u0161to je dr\u017eava Novi Ju\u017eni Wales (NSW) dosegla cilj od 70% cijepljenih me\u0111u starijima od 16 godina.&nbsp; Izlazak iz 107 dana dugog i strogog lockdowna vrijedi za one koji su cijepljeni s dvije doze cjepiva. Me\u0111utim, jo\u0161 uvijek nisu maknuta sva ograni\u010denja, a dodatno popu\u0161tanje [&hellip;]\" \/>\n<meta property=\"og:url\" content=\"https:\/\/radioljubuski.ba\/index.php\/2021\/10\/11\/sydney-nakon-107-dana-dozvolio-izlazak-iz-karantene-cijepljenima-a-necijepljeni-ne-smiju-van\/\" \/>\n<meta property=\"og:site_name\" content=\"RADIO LJUBU\u0160KI\" \/>\n<meta property=\"article:publisher\" content=\"https:\/\/www.facebook.com\/Radiio-Ljubuski-1490835324566332\" \/>\n<meta property=\"article:published_time\" content=\"2021-10-11T09:48:35+00:00\" \/>\n<meta property=\"article:modified_time\" content=\"2021-10-11T09:48:36+00:00\" \/>\n<meta property=\"og:image\" content=\"https:\/\/radioljubuski.ba\/wp-content\/uploads\/2021\/10\/HN20210712116296-696x464-1.jpg\" \/>\n\t<meta property=\"og:image:width\" content=\"696\" \/>\n\t<meta property=\"og:image:height\" content=\"464\" \/>\n\t<meta property=\"og:image:type\" content=\"image\/jpeg\" \/>\n<meta name=\"author\" content=\"Radio Ljubu\u0161ki\" \/>\n<meta name=\"twitter:card\" content=\"summary_large_image\" \/>\n<meta name=\"twitter:creator\" content=\"@radioljubuski\" \/>\n<meta name=\"twitter:site\" content=\"@radioljubuski\" \/>\n<meta name=\"twitter:label1\" content=\"Napisao\/la\" \/>\n\t<meta name=\"twitter:data1\" content=\"Radio Ljubu\u0161ki\" \/>\n\t<meta name=\"twitter:label2\" content=\"Procijenjeno vrijeme \u010ditanja\" \/>\n\t<meta name=\"twitter:data2\" content=\"2 minute\" \/>\n<script type=\"application\/ld+json\" class=\"yoast-schema-graph\">{\"@context\":\"https:\\\/\\\/schema.org\",\"@graph\":[{\"@type\":\"Article\",\"@id\":\"https:\\\/\\\/radioljubuski.ba\\\/index.php\\\/2021\\\/10\\\/11\\\/sydney-nakon-107-dana-dozvolio-izlazak-iz-karantene-cijepljenima-a-necijepljeni-ne-smiju-van\\\/#article\",\"isPartOf\":{\"@id\":\"https:\\\/\\\/radioljubuski.ba\\\/index.php\\\/2021\\\/10\\\/11\\\/sydney-nakon-107-dana-dozvolio-izlazak-iz-karantene-cijepljenima-a-necijepljeni-ne-smiju-van\\\/\"},\"author\":{\"name\":\"Radio Ljubu\u0161ki\",\"@id\":\"https:\\\/\\\/radioljubuski.ba\\\/#\\\/schema\\\/person\\\/19fc700381a780f69665d7956c469e3b\"},\"headline\":\"Sydney nakon 107 dana dozvolio izlazak iz karantene cijepljenima, a necijepljeni \u2013 ne smiju van\",\"datePublished\":\"2021-10-11T09:48:35+00:00\",\"dateModified\":\"2021-10-11T09:48:36+00:00\",\"mainEntityOfPage\":{\"@id\":\"https:\\\/\\\/radioljubuski.ba\\\/index.php\\\/2021\\\/10\\\/11\\\/sydney-nakon-107-dana-dozvolio-izlazak-iz-karantene-cijepljenima-a-necijepljeni-ne-smiju-van\\\/\"},\"wordCount\":433,\"publisher\":{\"@id\":\"https:\\\/\\\/radioljubuski.ba\\\/#organization\"},\"image\":{\"@id\":\"https:\\\/\\\/radioljubuski.ba\\\/index.php\\\/2021\\\/10\\\/11\\\/sydney-nakon-107-dana-dozvolio-izlazak-iz-karantene-cijepljenima-a-necijepljeni-ne-smiju-van\\\/#primaryimage\"},\"thumbnailUrl\":\"https:\\\/\\\/radioljubuski.ba\\\/wp-content\\\/uploads\\\/2021\\\/10\\\/HN20210712116296-696x464-1.jpg\",\"articleSection\":[\"BIH i regija\"],\"inLanguage\":\"hr\"},{\"@type\":\"WebPage\",\"@id\":\"https:\\\/\\\/radioljubuski.ba\\\/index.php\\\/2021\\\/10\\\/11\\\/sydney-nakon-107-dana-dozvolio-izlazak-iz-karantene-cijepljenima-a-necijepljeni-ne-smiju-van\\\/\",\"url\":\"https:\\\/\\\/radioljubuski.ba\\\/index.php\\\/2021\\\/10\\\/11\\\/sydney-nakon-107-dana-dozvolio-izlazak-iz-karantene-cijepljenima-a-necijepljeni-ne-smiju-van\\\/\",\"name\":\"Sydney nakon 107 dana dozvolio izlazak iz karantene cijepljenima, a necijepljeni \u2013 ne smiju van - RADIO LJUBU\u0160KI\",\"isPartOf\":{\"@id\":\"https:\\\/\\\/radioljubuski.ba\\\/#website\"},\"primaryImageOfPage\":{\"@id\":\"https:\\\/\\\/radioljubuski.ba\\\/index.php\\\/2021\\\/10\\\/11\\\/sydney-nakon-107-dana-dozvolio-izlazak-iz-karantene-cijepljenima-a-necijepljeni-ne-smiju-van\\\/#primaryimage\"},\"image\":{\"@id\":\"https:\\\/\\\/radioljubuski.ba\\\/index.php\\\/2021\\\/10\\\/11\\\/sydney-nakon-107-dana-dozvolio-izlazak-iz-karantene-cijepljenima-a-necijepljeni-ne-smiju-van\\\/#primaryimage\"},\"thumbnailUrl\":\"https:\\\/\\\/radioljubuski.ba\\\/wp-content\\\/uploads\\\/2021\\\/10\\\/HN20210712116296-696x464-1.jpg\",\"datePublished\":\"2021-10-11T09:48:35+00:00\",\"dateModified\":\"2021-10-11T09:48:36+00:00\",\"breadcrumb\":{\"@id\":\"https:\\\/\\\/radioljubuski.ba\\\/index.php\\\/2021\\\/10\\\/11\\\/sydney-nakon-107-dana-dozvolio-izlazak-iz-karantene-cijepljenima-a-necijepljeni-ne-smiju-van\\\/#breadcrumb\"},\"inLanguage\":\"hr\",\"potentialAction\":[{\"@type\":\"ReadAction\",\"target\":[\"https:\\\/\\\/radioljubuski.ba\\\/index.php\\\/2021\\\/10\\\/11\\\/sydney-nakon-107-dana-dozvolio-izlazak-iz-karantene-cijepljenima-a-necijepljeni-ne-smiju-van\\\/\"]}]},{\"@type\":\"ImageObject\",\"inLanguage\":\"hr\",\"@id\":\"https:\\\/\\\/radioljubuski.ba\\\/index.php\\\/2021\\\/10\\\/11\\\/sydney-nakon-107-dana-dozvolio-izlazak-iz-karantene-cijepljenima-a-necijepljeni-ne-smiju-van\\\/#primaryimage\",\"url\":\"https:\\\/\\\/radioljubuski.ba\\\/wp-content\\\/uploads\\\/2021\\\/10\\\/HN20210712116296-696x464-1.jpg\",\"contentUrl\":\"https:\\\/\\\/radioljubuski.ba\\\/wp-content\\\/uploads\\\/2021\\\/10\\\/HN20210712116296-696x464-1.jpg\",\"width\":696,\"height\":464},{\"@type\":\"BreadcrumbList\",\"@id\":\"https:\\\/\\\/radioljubuski.ba\\\/index.php\\\/2021\\\/10\\\/11\\\/sydney-nakon-107-dana-dozvolio-izlazak-iz-karantene-cijepljenima-a-necijepljeni-ne-smiju-van\\\/#breadcrumb\",\"itemListElement\":[{\"@type\":\"ListItem\",\"position\":1,\"name\":\"Po\u010detna stranica\",\"item\":\"https:\\\/\\\/radioljubuski.ba\\\/\"},{\"@type\":\"ListItem\",\"position\":2,\"name\":\"Sydney nakon 107 dana dozvolio izlazak iz karantene cijepljenima, a necijepljeni \u2013 ne smiju van\"}]},{\"@type\":\"WebSite\",\"@id\":\"https:\\\/\\\/radioljubuski.ba\\\/#website\",\"url\":\"https:\\\/\\\/radioljubuski.ba\\\/\",\"name\":\"Radio Ljubu\u0161ki\",\"description\":\"Sun\u010dana frekvencija Hercegovine\",\"publisher\":{\"@id\":\"https:\\\/\\\/radioljubuski.ba\\\/#organization\"},\"potentialAction\":[{\"@type\":\"SearchAction\",\"target\":{\"@type\":\"EntryPoint\",\"urlTemplate\":\"https:\\\/\\\/radioljubuski.ba\\\/?s={search_term_string}\"},\"query-input\":{\"@type\":\"PropertyValueSpecification\",\"valueRequired\":true,\"valueName\":\"search_term_string\"}}],\"inLanguage\":\"hr\"},{\"@type\":\"Organization\",\"@id\":\"https:\\\/\\\/radioljubuski.ba\\\/#organization\",\"name\":\"Radio Ljubu\u0161ki\",\"url\":\"https:\\\/\\\/radioljubuski.ba\\\/\",\"logo\":{\"@type\":\"ImageObject\",\"inLanguage\":\"hr\",\"@id\":\"https:\\\/\\\/radioljubuski.ba\\\/#\\\/schema\\\/logo\\\/image\\\/\",\"url\":\"https:\\\/\\\/radioljubuski.ba\\\/wp-content\\\/uploads\\\/2021\\\/02\\\/cropped-Radio_Ljubuski_logo1.jpg\",\"contentUrl\":\"https:\\\/\\\/radioljubuski.ba\\\/wp-content\\\/uploads\\\/2021\\\/02\\\/cropped-Radio_Ljubuski_logo1.jpg\",\"width\":512,\"height\":512,\"caption\":\"Radio Ljubu\u0161ki\"},\"image\":{\"@id\":\"https:\\\/\\\/radioljubuski.ba\\\/#\\\/schema\\\/logo\\\/image\\\/\"},\"sameAs\":[\"https:\\\/\\\/www.facebook.com\\\/Radiio-Ljubuski-1490835324566332\",\"https:\\\/\\\/x.com\\\/radioljubuski\",\"https:\\\/\\\/hr.linkedin.com\\\/company\\\/radio-ljubuski\",\"https:\\\/\\\/www.youtube.com\\\/channel\\\/UCHYaeO_n0Db3tjNGudGpXyw\"]},{\"@type\":\"Person\",\"@id\":\"https:\\\/\\\/radioljubuski.ba\\\/#\\\/schema\\\/person\\\/19fc700381a780f69665d7956c469e3b\",\"name\":\"Radio Ljubu\u0161ki\"}]}<\/script>\n<!-- \/ Yoast SEO plugin. -->","yoast_head_json":{"title":"Sydney nakon 107 dana dozvolio izlazak iz karantene cijepljenima, a necijepljeni \u2013 ne smiju van - RADIO LJUBU\u0160KI","robots":{"index":"index","follow":"follow","max-snippet":"max-snippet:-1","max-image-preview":"max-image-preview:large","max-video-preview":"max-video-preview:-1"},"canonical":"https:\/\/radioljubuski.ba\/index.php\/2021\/10\/11\/sydney-nakon-107-dana-dozvolio-izlazak-iz-karantene-cijepljenima-a-necijepljeni-ne-smiju-van\/","og_locale":"hr_HR","og_type":"article","og_title":"Sydney nakon 107 dana dozvolio izlazak iz karantene cijepljenima, a necijepljeni \u2013 ne smiju van - RADIO LJUBU\u0160KI","og_description":"Najve\u0107em australskom gradu Sydneyju dopu\u0161teno je iza\u0107i iz lockdowna nakon \u0161to je dr\u017eava Novi Ju\u017eni Wales (NSW) dosegla cilj od 70% cijepljenih me\u0111u starijima od 16 godina.&nbsp; Izlazak iz 107 dana dugog i strogog lockdowna vrijedi za one koji su cijepljeni s dvije doze cjepiva. Me\u0111utim, jo\u0161 uvijek nisu maknuta sva ograni\u010denja, a dodatno popu\u0161tanje [&hellip;]","og_url":"https:\/\/radioljubuski.ba\/index.php\/2021\/10\/11\/sydney-nakon-107-dana-dozvolio-izlazak-iz-karantene-cijepljenima-a-necijepljeni-ne-smiju-van\/","og_site_name":"RADIO LJUBU\u0160KI","article_publisher":"https:\/\/www.facebook.com\/Radiio-Ljubuski-1490835324566332","article_published_time":"2021-10-11T09:48:35+00:00","article_modified_time":"2021-10-11T09:48:36+00:00","og_image":[{"width":696,"height":464,"url":"https:\/\/radioljubuski.ba\/wp-content\/uploads\/2021\/10\/HN20210712116296-696x464-1.jpg","type":"image\/jpeg"}],"author":"Radio Ljubu\u0161ki","twitter_card":"summary_large_image","twitter_creator":"@radioljubuski","twitter_site":"@radioljubuski","twitter_misc":{"Napisao\/la":"Radio Ljubu\u0161ki","Procijenjeno vrijeme \u010ditanja":"2 minute"},"schema":{"@context":"https:\/\/schema.org","@graph":[{"@type":"Article","@id":"https:\/\/radioljubuski.ba\/index.php\/2021\/10\/11\/sydney-nakon-107-dana-dozvolio-izlazak-iz-karantene-cijepljenima-a-necijepljeni-ne-smiju-van\/#article","isPartOf":{"@id":"https:\/\/radioljubuski.ba\/index.php\/2021\/10\/11\/sydney-nakon-107-dana-dozvolio-izlazak-iz-karantene-cijepljenima-a-necijepljeni-ne-smiju-van\/"},"author":{"name":"Radio Ljubu\u0161ki","@id":"https:\/\/radioljubuski.ba\/#\/schema\/person\/19fc700381a780f69665d7956c469e3b"},"headline":"Sydney nakon 107 dana dozvolio izlazak iz karantene cijepljenima, a necijepljeni \u2013 ne smiju van","datePublished":"2021-10-11T09:48:35+00:00","dateModified":"2021-10-11T09:48:36+00:00","mainEntityOfPage":{"@id":"https:\/\/radioljubuski.ba\/index.php\/2021\/10\/11\/sydney-nakon-107-dana-dozvolio-izlazak-iz-karantene-cijepljenima-a-necijepljeni-ne-smiju-van\/"},"wordCount":433,"publisher":{"@id":"https:\/\/radioljubuski.ba\/#organization"},"image":{"@id":"https:\/\/radioljubuski.ba\/index.php\/2021\/10\/11\/sydney-nakon-107-dana-dozvolio-izlazak-iz-karantene-cijepljenima-a-necijepljeni-ne-smiju-van\/#primaryimage"},"thumbnailUrl":"https:\/\/radioljubuski.ba\/wp-content\/uploads\/2021\/10\/HN20210712116296-696x464-1.jpg","articleSection":["BIH i regija"],"inLanguage":"hr"},{"@type":"WebPage","@id":"https:\/\/radioljubuski.ba\/index.php\/2021\/10\/11\/sydney-nakon-107-dana-dozvolio-izlazak-iz-karantene-cijepljenima-a-necijepljeni-ne-smiju-van\/","url":"https:\/\/radioljubuski.ba\/index.php\/2021\/10\/11\/sydney-nakon-107-dana-dozvolio-izlazak-iz-karantene-cijepljenima-a-necijepljeni-ne-smiju-van\/","name":"Sydney nakon 107 dana dozvolio izlazak iz karantene cijepljenima, a necijepljeni \u2013 ne smiju van - RADIO LJUBU\u0160KI","isPartOf":{"@id":"https:\/\/radioljubuski.ba\/#website"},"primaryImageOfPage":{"@id":"https:\/\/radioljubuski.ba\/index.php\/2021\/10\/11\/sydney-nakon-107-dana-dozvolio-izlazak-iz-karantene-cijepljenima-a-necijepljeni-ne-smiju-van\/#primaryimage"},"image":{"@id":"https:\/\/radioljubuski.ba\/index.php\/2021\/10\/11\/sydney-nakon-107-dana-dozvolio-izlazak-iz-karantene-cijepljenima-a-necijepljeni-ne-smiju-van\/#primaryimage"},"thumbnailUrl":"https:\/\/radioljubuski.ba\/wp-content\/uploads\/2021\/10\/HN20210712116296-696x464-1.jpg","datePublished":"2021-10-11T09:48:35+00:00","dateModified":"2021-10-11T09:48:36+00:00","breadcrumb":{"@id":"https:\/\/radioljubuski.ba\/index.php\/2021\/10\/11\/sydney-nakon-107-dana-dozvolio-izlazak-iz-karantene-cijepljenima-a-necijepljeni-ne-smiju-van\/#breadcrumb"},"inLanguage":"hr","potentialAction":[{"@type":"ReadAction","target":["https:\/\/radioljubuski.ba\/index.php\/2021\/10\/11\/sydney-nakon-107-dana-dozvolio-izlazak-iz-karantene-cijepljenima-a-necijepljeni-ne-smiju-van\/"]}]},{"@type":"ImageObject","inLanguage":"hr","@id":"https:\/\/radioljubuski.ba\/index.php\/2021\/10\/11\/sydney-nakon-107-dana-dozvolio-izlazak-iz-karantene-cijepljenima-a-necijepljeni-ne-smiju-van\/#primaryimage","url":"https:\/\/radioljubuski.ba\/wp-content\/uploads\/2021\/10\/HN20210712116296-696x464-1.jpg","contentUrl":"https:\/\/radioljubuski.ba\/wp-content\/uploads\/2021\/10\/HN20210712116296-696x464-1.jpg","width":696,"height":464},{"@type":"BreadcrumbList","@id":"https:\/\/radioljubuski.ba\/index.php\/2021\/10\/11\/sydney-nakon-107-dana-dozvolio-izlazak-iz-karantene-cijepljenima-a-necijepljeni-ne-smiju-van\/#breadcrumb","itemListElement":[{"@type":"ListItem","position":1,"name":"Po\u010detna stranica","item":"https:\/\/radioljubuski.ba\/"},{"@type":"ListItem","position":2,"name":"Sydney nakon 107 dana dozvolio izlazak iz karantene cijepljenima, a necijepljeni \u2013 ne smiju van"}]},{"@type":"WebSite","@id":"https:\/\/radioljubuski.ba\/#website","url":"https:\/\/radioljubuski.ba\/","name":"Radio Ljubu\u0161ki","description":"Sun\u010dana frekvencija Hercegovine","publisher":{"@id":"https:\/\/radioljubuski.ba\/#organization"},"potentialAction":[{"@type":"SearchAction","target":{"@type":"EntryPoint","urlTemplate":"https:\/\/radioljubuski.ba\/?s={search_term_string}"},"query-input":{"@type":"PropertyValueSpecification","valueRequired":true,"valueName":"search_term_string"}}],"inLanguage":"hr"},{"@type":"Organization","@id":"https:\/\/radioljubuski.ba\/#organization","name":"Radio Ljubu\u0161ki","url":"https:\/\/radioljubuski.ba\/","logo":{"@type":"ImageObject","inLanguage":"hr","@id":"https:\/\/radioljubuski.ba\/#\/schema\/logo\/image\/","url":"https:\/\/radioljubuski.ba\/wp-content\/uploads\/2021\/02\/cropped-Radio_Ljubuski_logo1.jpg","contentUrl":"https:\/\/radioljubuski.ba\/wp-content\/uploads\/2021\/02\/cropped-Radio_Ljubuski_logo1.jpg","width":512,"height":512,"caption":"Radio Ljubu\u0161ki"},"image":{"@id":"https:\/\/radioljubuski.ba\/#\/schema\/logo\/image\/"},"sameAs":["https:\/\/www.facebook.com\/Radiio-Ljubuski-1490835324566332","https:\/\/x.com\/radioljubuski","https:\/\/hr.linkedin.com\/company\/radio-ljubuski","https:\/\/www.youtube.com\/channel\/UCHYaeO_n0Db3tjNGudGpXyw"]},{"@type":"Person","@id":"https:\/\/radioljubuski.ba\/#\/schema\/person\/19fc700381a780f69665d7956c469e3b","name":"Radio Ljubu\u0161ki"}]}},"_links":{"self":[{"href":"https:\/\/radioljubuski.ba\/index.php\/wp-json\/wp\/v2\/posts\/74274","targetHints":{"allow":["GET"]}}],"collection":[{"href":"https:\/\/radioljubuski.ba\/index.php\/wp-json\/wp\/v2\/posts"}],"about":[{"href":"https:\/\/radioljubuski.ba\/index.php\/wp-json\/wp\/v2\/types\/post"}],"author":[{"embeddable":true,"href":"https:\/\/radioljubuski.ba\/index.php\/wp-json\/wp\/v2\/users\/2"}],"replies":[{"embeddable":true,"href":"https:\/\/radioljubuski.ba\/index.php\/wp-json\/wp\/v2\/comments?post=74274"}],"version-history":[{"count":1,"href":"https:\/\/radioljubuski.ba\/index.php\/wp-json\/wp\/v2\/posts\/74274\/revisions"}],"predecessor-version":[{"id":74276,"href":"https:\/\/radioljubuski.ba\/index.php\/wp-json\/wp\/v2\/posts\/74274\/revisions\/74276"}],"wp:featuredmedia":[{"embeddable":true,"href":"https:\/\/radioljubuski.ba\/index.php\/wp-json\/wp\/v2\/media\/74275"}],"wp:attachment":[{"href":"https:\/\/radioljubuski.ba\/index.php\/wp-json\/wp\/v2\/media?parent=74274"}],"wp:term":[{"taxonomy":"category","embeddable":true,"href":"https:\/\/radioljubuski.ba\/index.php\/wp-json\/wp\/v2\/categories?post=74274"},{"taxonomy":"post_tag","embeddable":true,"href":"https:\/\/radioljubuski.ba\/index.php\/wp-json\/wp\/v2\/tags?post=74274"}],"curies":[{"name":"wp","href":"https:\/\/api.w.org\/{rel}","templated":true}]}}