{"id":74322,"date":"2021-10-11T12:48:04","date_gmt":"2021-10-11T11:48:04","guid":{"rendered":"https:\/\/radioljubuski.ba\/?p=74322"},"modified":"2021-10-11T12:48:05","modified_gmt":"2021-10-11T11:48:05","slug":"festival-knjizevnosti-i-kulture-poligon-pocinje-u-cetvrtak","status":"publish","type":"post","link":"https:\/\/radioljubuski.ba\/index.php\/2021\/10\/11\/festival-knjizevnosti-i-kulture-poligon-pocinje-u-cetvrtak\/","title":{"rendered":"Festival knji\u017eevnosti i kulture &#8216;Poligon&#8217; po\u010dinje u \u010detvrtak"},"content":{"rendered":"\n<p>Festival knji\u017eevnosti i kulture &#8220;Poligon&#8221; po\u010dinje u \u010detvrtak, 14. listopada, u Mostaru, a tema ovogodi\u0161njeg festivala je &#8220;Europa- obe\u0107anje budu\u0107nosti&#8221;.<\/p>\n\n\n\n<p>I ove godine, na nekoliko lokacija u Mostaru, &#8220;Poligon&#8221; \u0107e ugostit neka od najve\u0107a imena regionalne knji\u017eevne scene pa \u0107e tako festival u \u010detvrtak otvoriti Monika Herceg i Namik Kabil u Hrvatskom domu hercega Stjepana Kosa\u010de.<\/p>\n\n\n\n<p>Ovogodi\u0161nja tema &#8220;Poligona&#8221; bavi se svime s \u010dime se suo\u010davamo u ovo doba epidemije i njezinim u\u010dincima na umjetnost i knji\u017eevnost.<\/p>\n\n\n\n<p>\u010cak i u normalnim uvjetima mnogi projekti, autori i autorice, umjetnici i umjetnice imaju problema s dobivanjem sredstava ili podr\u0161ke za svoj rad, \u0161to utje\u010de na cjelokupan ekosustav kulture a sada je to jo\u0161 nagla\u0161enije, priop\u0107ili su organizatori.<\/p>\n\n\n\n<p>&#8220;Izuzetno sam sretan da \u0107e se festival odr\u017eati i ove godine, \u0161esti put za redom, usprkos pandemiji i svemu \u0161to \u017eivimo posljednje dvije godine. Od pro\u0161logodi\u0161njeg Poligona do danas, svijet se mnogo promijenio i morali smo po\u010deti promi\u0161ljati zbilju na druge na\u010dine. Upravo odatle je do\u0161la ideja za ovogodi\u0161nju temu festivala, kako bismo sagledali sve probleme s kojima se suo\u010davaju knji\u017eevnici i knji\u017eevnice, ali i promislili perspektivu budu\u0107nosti&#8221;, kazao je direktor festivala Mirko Bo\u017ei\u0107.<\/p>\n\n\n\n<p>U petak, 15. listopada, odr\u017eat \u0107e se likovna radionica s Majom Rubini\u0107 s po\u010detkom u 10 sati u Osnovnoj \u0161koli Petra Bakule i performans na \u0161etali\u0161tu u 18 sati Anteja Jelini\u0107a i Matka Abramovi\u0107a<\/p>\n\n\n\n<p>Istoga dana predstavit \u0107e se hercegova\u010dki knji\u017eevnici Adnan \u017detica i Adnan Repe\u0161a u 20 sati u Narodnom pozori\u0161tu u Mostaru.<\/p>\n\n\n\n<p>Festival u subotu zatvaraju Radmila Petrovi\u0107 i Ivana Maksi\u0107 u 20 sati na maloj sceni Hrvatskog narodnog kazali\u0161ta Mostar.<\/p>\n\n\n\n<p>Kao uvod u festivalske aktivnosti ve\u010deras \u0107e u knji\u017eari Ivo Andri\u0107 u Mostaru biti uprili\u010den program &#8220;Poligon offline&#8221;. Knji\u017eevnik i direktor festivala Mirko Bo\u017ei\u0107 razgovarat \u0107e s mostarskom pjesnikinjom Anitom Paji\u0107 o njenoj posljednjoj zbirci poezije &#8220;Redukcije&#8221;.<\/p>\n\n\n\n<p>Izvor:pogled.ba<\/p>\n","protected":false},"excerpt":{"rendered":"<p>Festival knji\u017eevnosti i kulture &#8220;Poligon&#8221; po\u010dinje u \u010detvrtak, 14. listopada, u Mostaru, a tema ovogodi\u0161njeg festivala je &#8220;Europa- obe\u0107anje budu\u0107nosti&#8221;. I ove godine, na nekoliko lokacija u Mostaru, &#8220;Poligon&#8221; \u0107e ugostit neka od najve\u0107a imena regionalne knji\u017eevne scene pa \u0107e tako festival u \u010detvrtak otvoriti Monika Herceg i Namik Kabil u Hrvatskom domu hercega Stjepana [&hellip;]<\/p>\n","protected":false},"author":2,"featured_media":74323,"comment_status":"closed","ping_status":"closed","sticky":false,"template":"","format":"standard","meta":{"h5ap_radio_sources":[],"footnotes":""},"categories":[1],"tags":[],"class_list":["post-74322","post","type-post","status-publish","format-standard","has-post-thumbnail","hentry","category-bihiregija"],"yoast_head":"<!-- This site is optimized with the Yoast SEO plugin v27.5 - https:\/\/yoast.com\/product\/yoast-seo-wordpress\/ -->\n<title>Festival knji\u017eevnosti i kulture &#039;Poligon&#039; po\u010dinje u \u010detvrtak - RADIO LJUBU\u0160KI<\/title>\n<meta name=\"robots\" content=\"index, follow, max-snippet:-1, max-image-preview:large, max-video-preview:-1\" \/>\n<link rel=\"canonical\" href=\"https:\/\/radioljubuski.ba\/index.php\/2021\/10\/11\/festival-knjizevnosti-i-kulture-poligon-pocinje-u-cetvrtak\/\" \/>\n<meta property=\"og:locale\" content=\"hr_HR\" \/>\n<meta property=\"og:type\" content=\"article\" \/>\n<meta property=\"og:title\" content=\"Festival knji\u017eevnosti i kulture &#039;Poligon&#039; po\u010dinje u \u010detvrtak - RADIO LJUBU\u0160KI\" \/>\n<meta property=\"og:description\" content=\"Festival knji\u017eevnosti i kulture &#8220;Poligon&#8221; po\u010dinje u \u010detvrtak, 14. listopada, u Mostaru, a tema ovogodi\u0161njeg festivala je &#8220;Europa- obe\u0107anje budu\u0107nosti&#8221;. I ove godine, na nekoliko lokacija u Mostaru, &#8220;Poligon&#8221; \u0107e ugostit neka od najve\u0107a imena regionalne knji\u017eevne scene pa \u0107e tako festival u \u010detvrtak otvoriti Monika Herceg i Namik Kabil u Hrvatskom domu hercega Stjepana [&hellip;]\" \/>\n<meta property=\"og:url\" content=\"https:\/\/radioljubuski.ba\/index.php\/2021\/10\/11\/festival-knjizevnosti-i-kulture-poligon-pocinje-u-cetvrtak\/\" \/>\n<meta property=\"og:site_name\" content=\"RADIO LJUBU\u0160KI\" \/>\n<meta property=\"article:publisher\" content=\"https:\/\/www.facebook.com\/Radiio-Ljubuski-1490835324566332\" \/>\n<meta property=\"article:published_time\" content=\"2021-10-11T11:48:04+00:00\" \/>\n<meta property=\"article:modified_time\" content=\"2021-10-11T11:48:05+00:00\" \/>\n<meta property=\"og:image\" content=\"https:\/\/radioljubuski.ba\/wp-content\/uploads\/2021\/10\/3-2021-10-11-11-05-07-Otvoren-Poligon-Ivan-Rozic-foto.jpg\" \/>\n\t<meta property=\"og:image:width\" content=\"1000\" \/>\n\t<meta property=\"og:image:height\" content=\"625\" \/>\n\t<meta property=\"og:image:type\" content=\"image\/jpeg\" \/>\n<meta name=\"author\" content=\"Radio Ljubu\u0161ki\" \/>\n<meta name=\"twitter:card\" content=\"summary_large_image\" \/>\n<meta name=\"twitter:creator\" content=\"@radioljubuski\" \/>\n<meta name=\"twitter:site\" content=\"@radioljubuski\" \/>\n<meta name=\"twitter:label1\" content=\"Napisao\/la\" \/>\n\t<meta name=\"twitter:data1\" content=\"Radio Ljubu\u0161ki\" \/>\n\t<meta name=\"twitter:label2\" content=\"Procijenjeno vrijeme \u010ditanja\" \/>\n\t<meta name=\"twitter:data2\" content=\"2 minute\" \/>\n<script type=\"application\/ld+json\" class=\"yoast-schema-graph\">{\"@context\":\"https:\\\/\\\/schema.org\",\"@graph\":[{\"@type\":\"Article\",\"@id\":\"https:\\\/\\\/radioljubuski.ba\\\/index.php\\\/2021\\\/10\\\/11\\\/festival-knjizevnosti-i-kulture-poligon-pocinje-u-cetvrtak\\\/#article\",\"isPartOf\":{\"@id\":\"https:\\\/\\\/radioljubuski.ba\\\/index.php\\\/2021\\\/10\\\/11\\\/festival-knjizevnosti-i-kulture-poligon-pocinje-u-cetvrtak\\\/\"},\"author\":{\"name\":\"Radio Ljubu\u0161ki\",\"@id\":\"https:\\\/\\\/radioljubuski.ba\\\/#\\\/schema\\\/person\\\/19fc700381a780f69665d7956c469e3b\"},\"headline\":\"Festival knji\u017eevnosti i kulture &#8216;Poligon&#8217; po\u010dinje u \u010detvrtak\",\"datePublished\":\"2021-10-11T11:48:04+00:00\",\"dateModified\":\"2021-10-11T11:48:05+00:00\",\"mainEntityOfPage\":{\"@id\":\"https:\\\/\\\/radioljubuski.ba\\\/index.php\\\/2021\\\/10\\\/11\\\/festival-knjizevnosti-i-kulture-poligon-pocinje-u-cetvrtak\\\/\"},\"wordCount\":350,\"publisher\":{\"@id\":\"https:\\\/\\\/radioljubuski.ba\\\/#organization\"},\"image\":{\"@id\":\"https:\\\/\\\/radioljubuski.ba\\\/index.php\\\/2021\\\/10\\\/11\\\/festival-knjizevnosti-i-kulture-poligon-pocinje-u-cetvrtak\\\/#primaryimage\"},\"thumbnailUrl\":\"https:\\\/\\\/radioljubuski.ba\\\/wp-content\\\/uploads\\\/2021\\\/10\\\/3-2021-10-11-11-05-07-Otvoren-Poligon-Ivan-Rozic-foto.jpg\",\"articleSection\":[\"BIH i regija\"],\"inLanguage\":\"hr\"},{\"@type\":\"WebPage\",\"@id\":\"https:\\\/\\\/radioljubuski.ba\\\/index.php\\\/2021\\\/10\\\/11\\\/festival-knjizevnosti-i-kulture-poligon-pocinje-u-cetvrtak\\\/\",\"url\":\"https:\\\/\\\/radioljubuski.ba\\\/index.php\\\/2021\\\/10\\\/11\\\/festival-knjizevnosti-i-kulture-poligon-pocinje-u-cetvrtak\\\/\",\"name\":\"Festival knji\u017eevnosti i kulture 'Poligon' po\u010dinje u \u010detvrtak - RADIO LJUBU\u0160KI\",\"isPartOf\":{\"@id\":\"https:\\\/\\\/radioljubuski.ba\\\/#website\"},\"primaryImageOfPage\":{\"@id\":\"https:\\\/\\\/radioljubuski.ba\\\/index.php\\\/2021\\\/10\\\/11\\\/festival-knjizevnosti-i-kulture-poligon-pocinje-u-cetvrtak\\\/#primaryimage\"},\"image\":{\"@id\":\"https:\\\/\\\/radioljubuski.ba\\\/index.php\\\/2021\\\/10\\\/11\\\/festival-knjizevnosti-i-kulture-poligon-pocinje-u-cetvrtak\\\/#primaryimage\"},\"thumbnailUrl\":\"https:\\\/\\\/radioljubuski.ba\\\/wp-content\\\/uploads\\\/2021\\\/10\\\/3-2021-10-11-11-05-07-Otvoren-Poligon-Ivan-Rozic-foto.jpg\",\"datePublished\":\"2021-10-11T11:48:04+00:00\",\"dateModified\":\"2021-10-11T11:48:05+00:00\",\"breadcrumb\":{\"@id\":\"https:\\\/\\\/radioljubuski.ba\\\/index.php\\\/2021\\\/10\\\/11\\\/festival-knjizevnosti-i-kulture-poligon-pocinje-u-cetvrtak\\\/#breadcrumb\"},\"inLanguage\":\"hr\",\"potentialAction\":[{\"@type\":\"ReadAction\",\"target\":[\"https:\\\/\\\/radioljubuski.ba\\\/index.php\\\/2021\\\/10\\\/11\\\/festival-knjizevnosti-i-kulture-poligon-pocinje-u-cetvrtak\\\/\"]}]},{\"@type\":\"ImageObject\",\"inLanguage\":\"hr\",\"@id\":\"https:\\\/\\\/radioljubuski.ba\\\/index.php\\\/2021\\\/10\\\/11\\\/festival-knjizevnosti-i-kulture-poligon-pocinje-u-cetvrtak\\\/#primaryimage\",\"url\":\"https:\\\/\\\/radioljubuski.ba\\\/wp-content\\\/uploads\\\/2021\\\/10\\\/3-2021-10-11-11-05-07-Otvoren-Poligon-Ivan-Rozic-foto.jpg\",\"contentUrl\":\"https:\\\/\\\/radioljubuski.ba\\\/wp-content\\\/uploads\\\/2021\\\/10\\\/3-2021-10-11-11-05-07-Otvoren-Poligon-Ivan-Rozic-foto.jpg\",\"width\":1000,\"height\":625},{\"@type\":\"BreadcrumbList\",\"@id\":\"https:\\\/\\\/radioljubuski.ba\\\/index.php\\\/2021\\\/10\\\/11\\\/festival-knjizevnosti-i-kulture-poligon-pocinje-u-cetvrtak\\\/#breadcrumb\",\"itemListElement\":[{\"@type\":\"ListItem\",\"position\":1,\"name\":\"Po\u010detna stranica\",\"item\":\"https:\\\/\\\/radioljubuski.ba\\\/\"},{\"@type\":\"ListItem\",\"position\":2,\"name\":\"Festival knji\u017eevnosti i kulture &#8216;Poligon&#8217; po\u010dinje u \u010detvrtak\"}]},{\"@type\":\"WebSite\",\"@id\":\"https:\\\/\\\/radioljubuski.ba\\\/#website\",\"url\":\"https:\\\/\\\/radioljubuski.ba\\\/\",\"name\":\"Radio Ljubu\u0161ki\",\"description\":\"Sun\u010dana frekvencija Hercegovine\",\"publisher\":{\"@id\":\"https:\\\/\\\/radioljubuski.ba\\\/#organization\"},\"potentialAction\":[{\"@type\":\"SearchAction\",\"target\":{\"@type\":\"EntryPoint\",\"urlTemplate\":\"https:\\\/\\\/radioljubuski.ba\\\/?s={search_term_string}\"},\"query-input\":{\"@type\":\"PropertyValueSpecification\",\"valueRequired\":true,\"valueName\":\"search_term_string\"}}],\"inLanguage\":\"hr\"},{\"@type\":\"Organization\",\"@id\":\"https:\\\/\\\/radioljubuski.ba\\\/#organization\",\"name\":\"Radio Ljubu\u0161ki\",\"url\":\"https:\\\/\\\/radioljubuski.ba\\\/\",\"logo\":{\"@type\":\"ImageObject\",\"inLanguage\":\"hr\",\"@id\":\"https:\\\/\\\/radioljubuski.ba\\\/#\\\/schema\\\/logo\\\/image\\\/\",\"url\":\"https:\\\/\\\/radioljubuski.ba\\\/wp-content\\\/uploads\\\/2021\\\/02\\\/cropped-Radio_Ljubuski_logo1.jpg\",\"contentUrl\":\"https:\\\/\\\/radioljubuski.ba\\\/wp-content\\\/uploads\\\/2021\\\/02\\\/cropped-Radio_Ljubuski_logo1.jpg\",\"width\":512,\"height\":512,\"caption\":\"Radio Ljubu\u0161ki\"},\"image\":{\"@id\":\"https:\\\/\\\/radioljubuski.ba\\\/#\\\/schema\\\/logo\\\/image\\\/\"},\"sameAs\":[\"https:\\\/\\\/www.facebook.com\\\/Radiio-Ljubuski-1490835324566332\",\"https:\\\/\\\/x.com\\\/radioljubuski\",\"https:\\\/\\\/hr.linkedin.com\\\/company\\\/radio-ljubuski\",\"https:\\\/\\\/www.youtube.com\\\/channel\\\/UCHYaeO_n0Db3tjNGudGpXyw\"]},{\"@type\":\"Person\",\"@id\":\"https:\\\/\\\/radioljubuski.ba\\\/#\\\/schema\\\/person\\\/19fc700381a780f69665d7956c469e3b\",\"name\":\"Radio Ljubu\u0161ki\"}]}<\/script>\n<!-- \/ Yoast SEO plugin. -->","yoast_head_json":{"title":"Festival knji\u017eevnosti i kulture 'Poligon' po\u010dinje u \u010detvrtak - RADIO LJUBU\u0160KI","robots":{"index":"index","follow":"follow","max-snippet":"max-snippet:-1","max-image-preview":"max-image-preview:large","max-video-preview":"max-video-preview:-1"},"canonical":"https:\/\/radioljubuski.ba\/index.php\/2021\/10\/11\/festival-knjizevnosti-i-kulture-poligon-pocinje-u-cetvrtak\/","og_locale":"hr_HR","og_type":"article","og_title":"Festival knji\u017eevnosti i kulture 'Poligon' po\u010dinje u \u010detvrtak - RADIO LJUBU\u0160KI","og_description":"Festival knji\u017eevnosti i kulture &#8220;Poligon&#8221; po\u010dinje u \u010detvrtak, 14. listopada, u Mostaru, a tema ovogodi\u0161njeg festivala je &#8220;Europa- obe\u0107anje budu\u0107nosti&#8221;. I ove godine, na nekoliko lokacija u Mostaru, &#8220;Poligon&#8221; \u0107e ugostit neka od najve\u0107a imena regionalne knji\u017eevne scene pa \u0107e tako festival u \u010detvrtak otvoriti Monika Herceg i Namik Kabil u Hrvatskom domu hercega Stjepana [&hellip;]","og_url":"https:\/\/radioljubuski.ba\/index.php\/2021\/10\/11\/festival-knjizevnosti-i-kulture-poligon-pocinje-u-cetvrtak\/","og_site_name":"RADIO LJUBU\u0160KI","article_publisher":"https:\/\/www.facebook.com\/Radiio-Ljubuski-1490835324566332","article_published_time":"2021-10-11T11:48:04+00:00","article_modified_time":"2021-10-11T11:48:05+00:00","og_image":[{"width":1000,"height":625,"url":"https:\/\/radioljubuski.ba\/wp-content\/uploads\/2021\/10\/3-2021-10-11-11-05-07-Otvoren-Poligon-Ivan-Rozic-foto.jpg","type":"image\/jpeg"}],"author":"Radio Ljubu\u0161ki","twitter_card":"summary_large_image","twitter_creator":"@radioljubuski","twitter_site":"@radioljubuski","twitter_misc":{"Napisao\/la":"Radio Ljubu\u0161ki","Procijenjeno vrijeme \u010ditanja":"2 minute"},"schema":{"@context":"https:\/\/schema.org","@graph":[{"@type":"Article","@id":"https:\/\/radioljubuski.ba\/index.php\/2021\/10\/11\/festival-knjizevnosti-i-kulture-poligon-pocinje-u-cetvrtak\/#article","isPartOf":{"@id":"https:\/\/radioljubuski.ba\/index.php\/2021\/10\/11\/festival-knjizevnosti-i-kulture-poligon-pocinje-u-cetvrtak\/"},"author":{"name":"Radio Ljubu\u0161ki","@id":"https:\/\/radioljubuski.ba\/#\/schema\/person\/19fc700381a780f69665d7956c469e3b"},"headline":"Festival knji\u017eevnosti i kulture &#8216;Poligon&#8217; po\u010dinje u \u010detvrtak","datePublished":"2021-10-11T11:48:04+00:00","dateModified":"2021-10-11T11:48:05+00:00","mainEntityOfPage":{"@id":"https:\/\/radioljubuski.ba\/index.php\/2021\/10\/11\/festival-knjizevnosti-i-kulture-poligon-pocinje-u-cetvrtak\/"},"wordCount":350,"publisher":{"@id":"https:\/\/radioljubuski.ba\/#organization"},"image":{"@id":"https:\/\/radioljubuski.ba\/index.php\/2021\/10\/11\/festival-knjizevnosti-i-kulture-poligon-pocinje-u-cetvrtak\/#primaryimage"},"thumbnailUrl":"https:\/\/radioljubuski.ba\/wp-content\/uploads\/2021\/10\/3-2021-10-11-11-05-07-Otvoren-Poligon-Ivan-Rozic-foto.jpg","articleSection":["BIH i regija"],"inLanguage":"hr"},{"@type":"WebPage","@id":"https:\/\/radioljubuski.ba\/index.php\/2021\/10\/11\/festival-knjizevnosti-i-kulture-poligon-pocinje-u-cetvrtak\/","url":"https:\/\/radioljubuski.ba\/index.php\/2021\/10\/11\/festival-knjizevnosti-i-kulture-poligon-pocinje-u-cetvrtak\/","name":"Festival knji\u017eevnosti i kulture 'Poligon' po\u010dinje u \u010detvrtak - RADIO LJUBU\u0160KI","isPartOf":{"@id":"https:\/\/radioljubuski.ba\/#website"},"primaryImageOfPage":{"@id":"https:\/\/radioljubuski.ba\/index.php\/2021\/10\/11\/festival-knjizevnosti-i-kulture-poligon-pocinje-u-cetvrtak\/#primaryimage"},"image":{"@id":"https:\/\/radioljubuski.ba\/index.php\/2021\/10\/11\/festival-knjizevnosti-i-kulture-poligon-pocinje-u-cetvrtak\/#primaryimage"},"thumbnailUrl":"https:\/\/radioljubuski.ba\/wp-content\/uploads\/2021\/10\/3-2021-10-11-11-05-07-Otvoren-Poligon-Ivan-Rozic-foto.jpg","datePublished":"2021-10-11T11:48:04+00:00","dateModified":"2021-10-11T11:48:05+00:00","breadcrumb":{"@id":"https:\/\/radioljubuski.ba\/index.php\/2021\/10\/11\/festival-knjizevnosti-i-kulture-poligon-pocinje-u-cetvrtak\/#breadcrumb"},"inLanguage":"hr","potentialAction":[{"@type":"ReadAction","target":["https:\/\/radioljubuski.ba\/index.php\/2021\/10\/11\/festival-knjizevnosti-i-kulture-poligon-pocinje-u-cetvrtak\/"]}]},{"@type":"ImageObject","inLanguage":"hr","@id":"https:\/\/radioljubuski.ba\/index.php\/2021\/10\/11\/festival-knjizevnosti-i-kulture-poligon-pocinje-u-cetvrtak\/#primaryimage","url":"https:\/\/radioljubuski.ba\/wp-content\/uploads\/2021\/10\/3-2021-10-11-11-05-07-Otvoren-Poligon-Ivan-Rozic-foto.jpg","contentUrl":"https:\/\/radioljubuski.ba\/wp-content\/uploads\/2021\/10\/3-2021-10-11-11-05-07-Otvoren-Poligon-Ivan-Rozic-foto.jpg","width":1000,"height":625},{"@type":"BreadcrumbList","@id":"https:\/\/radioljubuski.ba\/index.php\/2021\/10\/11\/festival-knjizevnosti-i-kulture-poligon-pocinje-u-cetvrtak\/#breadcrumb","itemListElement":[{"@type":"ListItem","position":1,"name":"Po\u010detna stranica","item":"https:\/\/radioljubuski.ba\/"},{"@type":"ListItem","position":2,"name":"Festival knji\u017eevnosti i kulture &#8216;Poligon&#8217; po\u010dinje u \u010detvrtak"}]},{"@type":"WebSite","@id":"https:\/\/radioljubuski.ba\/#website","url":"https:\/\/radioljubuski.ba\/","name":"Radio Ljubu\u0161ki","description":"Sun\u010dana frekvencija Hercegovine","publisher":{"@id":"https:\/\/radioljubuski.ba\/#organization"},"potentialAction":[{"@type":"SearchAction","target":{"@type":"EntryPoint","urlTemplate":"https:\/\/radioljubuski.ba\/?s={search_term_string}"},"query-input":{"@type":"PropertyValueSpecification","valueRequired":true,"valueName":"search_term_string"}}],"inLanguage":"hr"},{"@type":"Organization","@id":"https:\/\/radioljubuski.ba\/#organization","name":"Radio Ljubu\u0161ki","url":"https:\/\/radioljubuski.ba\/","logo":{"@type":"ImageObject","inLanguage":"hr","@id":"https:\/\/radioljubuski.ba\/#\/schema\/logo\/image\/","url":"https:\/\/radioljubuski.ba\/wp-content\/uploads\/2021\/02\/cropped-Radio_Ljubuski_logo1.jpg","contentUrl":"https:\/\/radioljubuski.ba\/wp-content\/uploads\/2021\/02\/cropped-Radio_Ljubuski_logo1.jpg","width":512,"height":512,"caption":"Radio Ljubu\u0161ki"},"image":{"@id":"https:\/\/radioljubuski.ba\/#\/schema\/logo\/image\/"},"sameAs":["https:\/\/www.facebook.com\/Radiio-Ljubuski-1490835324566332","https:\/\/x.com\/radioljubuski","https:\/\/hr.linkedin.com\/company\/radio-ljubuski","https:\/\/www.youtube.com\/channel\/UCHYaeO_n0Db3tjNGudGpXyw"]},{"@type":"Person","@id":"https:\/\/radioljubuski.ba\/#\/schema\/person\/19fc700381a780f69665d7956c469e3b","name":"Radio Ljubu\u0161ki"}]}},"_links":{"self":[{"href":"https:\/\/radioljubuski.ba\/index.php\/wp-json\/wp\/v2\/posts\/74322","targetHints":{"allow":["GET"]}}],"collection":[{"href":"https:\/\/radioljubuski.ba\/index.php\/wp-json\/wp\/v2\/posts"}],"about":[{"href":"https:\/\/radioljubuski.ba\/index.php\/wp-json\/wp\/v2\/types\/post"}],"author":[{"embeddable":true,"href":"https:\/\/radioljubuski.ba\/index.php\/wp-json\/wp\/v2\/users\/2"}],"replies":[{"embeddable":true,"href":"https:\/\/radioljubuski.ba\/index.php\/wp-json\/wp\/v2\/comments?post=74322"}],"version-history":[{"count":1,"href":"https:\/\/radioljubuski.ba\/index.php\/wp-json\/wp\/v2\/posts\/74322\/revisions"}],"predecessor-version":[{"id":74324,"href":"https:\/\/radioljubuski.ba\/index.php\/wp-json\/wp\/v2\/posts\/74322\/revisions\/74324"}],"wp:featuredmedia":[{"embeddable":true,"href":"https:\/\/radioljubuski.ba\/index.php\/wp-json\/wp\/v2\/media\/74323"}],"wp:attachment":[{"href":"https:\/\/radioljubuski.ba\/index.php\/wp-json\/wp\/v2\/media?parent=74322"}],"wp:term":[{"taxonomy":"category","embeddable":true,"href":"https:\/\/radioljubuski.ba\/index.php\/wp-json\/wp\/v2\/categories?post=74322"},{"taxonomy":"post_tag","embeddable":true,"href":"https:\/\/radioljubuski.ba\/index.php\/wp-json\/wp\/v2\/tags?post=74322"}],"curies":[{"name":"wp","href":"https:\/\/api.w.org\/{rel}","templated":true}]}}