{"id":74325,"date":"2021-10-11T12:49:11","date_gmt":"2021-10-11T11:49:11","guid":{"rendered":"https:\/\/radioljubuski.ba\/?p=74325"},"modified":"2021-10-11T12:49:12","modified_gmt":"2021-10-11T11:49:12","slug":"koktel-lijekova-astrazenece-uspjesan-u-lijecenju-i-prevenciji-covida","status":"publish","type":"post","link":"https:\/\/radioljubuski.ba\/index.php\/2021\/10\/11\/koktel-lijekova-astrazenece-uspjesan-u-lijecenju-i-prevenciji-covida\/","title":{"rendered":"Koktel lijekova AstraZenece uspje\u0161an u lije\u010denju i prevenciji Covida"},"content":{"rendered":"\n<p>Eksperimentalni koktel s lijekovima protiv koronavirusa tvrtke AstraZeneca zabilje\u017eio je uspjeh u kasnoj fazi studije ispitivanja kako bi ubla\u017eili simptome kod osoba sa oslabljenim imunitetom ili smrt kod pacijenata koji nisu hospitalizirani, priop\u0107ili su danas iz ove tvrtke.<\/p>\n\n\n\n<p>Lijek, nazvan AZD7442, smanjio je rizik od razvoja te\u0161kih simptoma koronavirusa ili smrti za 50 posto kod pacijenata koji su imali simptome sedam dana ili manje, \u0161to je bio i glavni cilj ispitivanja.<\/p>\n\n\n\n<p>-Rana intervencija sa antitijelima mo\u017ee zna\u010dajno smanjiti progresiju te\u0161ke bolesti, uz kontinuiranu za\u0161titu vi\u0161e od \u0161est mjeseci &#8211; rekla je Mene Pangalos, izvr\u0161na potpredsjednica za istra\u017eivanje i razvoj biofarmaceutike u AstraZeneci, javlja Reuters.<\/p>\n\n\n\n<p>Tvrka \u0107e ove podatke iznijeti zdravstvenim vlastima, dodala je ona.<\/p>\n\n\n\n<p>AstraZeneca tako\u0111er razvija koktel lijekova kao terapiju za za\u0161titu ljudi koji nemaju dovoljno jak imunolo\u0161ki odgovor na cjepiva protiv COVID-19. Tvrtka je pro\u0161log tjedna zatra\u017eila hitno odobrenje ameri\u010dkih regulatora za njegovu upotrebu kao lijeka za prevenciju.<\/p>\n\n\n\n<p>Izvor.pogled.ba<\/p>\n","protected":false},"excerpt":{"rendered":"<p>Eksperimentalni koktel s lijekovima protiv koronavirusa tvrtke AstraZeneca zabilje\u017eio je uspjeh u kasnoj fazi studije ispitivanja kako bi ubla\u017eili simptome kod osoba sa oslabljenim imunitetom ili smrt kod pacijenata koji nisu hospitalizirani, priop\u0107ili su danas iz ove tvrtke. Lijek, nazvan AZD7442, smanjio je rizik od razvoja te\u0161kih simptoma koronavirusa ili smrti za 50 posto kod [&hellip;]<\/p>\n","protected":false},"author":2,"featured_media":74326,"comment_status":"closed","ping_status":"closed","sticky":false,"template":"","format":"standard","meta":{"h5ap_radio_sources":[],"footnotes":""},"categories":[1],"tags":[],"class_list":["post-74325","post","type-post","status-publish","format-standard","has-post-thumbnail","hentry","category-bihiregija"],"yoast_head":"<!-- This site is optimized with the Yoast SEO plugin v27.5 - https:\/\/yoast.com\/product\/yoast-seo-wordpress\/ -->\n<title>Koktel lijekova AstraZenece uspje\u0161an u lije\u010denju i prevenciji Covida - RADIO LJUBU\u0160KI<\/title>\n<meta name=\"robots\" content=\"index, follow, max-snippet:-1, max-image-preview:large, max-video-preview:-1\" \/>\n<link rel=\"canonical\" href=\"https:\/\/radioljubuski.ba\/index.php\/2021\/10\/11\/koktel-lijekova-astrazenece-uspjesan-u-lijecenju-i-prevenciji-covida\/\" \/>\n<meta property=\"og:locale\" content=\"hr_HR\" \/>\n<meta property=\"og:type\" content=\"article\" \/>\n<meta property=\"og:title\" content=\"Koktel lijekova AstraZenece uspje\u0161an u lije\u010denju i prevenciji Covida - RADIO LJUBU\u0160KI\" \/>\n<meta property=\"og:description\" content=\"Eksperimentalni koktel s lijekovima protiv koronavirusa tvrtke AstraZeneca zabilje\u017eio je uspjeh u kasnoj fazi studije ispitivanja kako bi ubla\u017eili simptome kod osoba sa oslabljenim imunitetom ili smrt kod pacijenata koji nisu hospitalizirani, priop\u0107ili su danas iz ove tvrtke. Lijek, nazvan AZD7442, smanjio je rizik od razvoja te\u0161kih simptoma koronavirusa ili smrti za 50 posto kod [&hellip;]\" \/>\n<meta property=\"og:url\" content=\"https:\/\/radioljubuski.ba\/index.php\/2021\/10\/11\/koktel-lijekova-astrazenece-uspjesan-u-lijecenju-i-prevenciji-covida\/\" \/>\n<meta property=\"og:site_name\" content=\"RADIO LJUBU\u0160KI\" \/>\n<meta property=\"article:publisher\" content=\"https:\/\/www.facebook.com\/Radiio-Ljubuski-1490835324566332\" \/>\n<meta property=\"article:published_time\" content=\"2021-10-11T11:49:11+00:00\" \/>\n<meta property=\"article:modified_time\" content=\"2021-10-11T11:49:12+00:00\" \/>\n<meta property=\"og:image\" content=\"https:\/\/radioljubuski.ba\/wp-content\/uploads\/2021\/10\/3-2021-10-11-11-18-14-ASTRA.jpg\" \/>\n\t<meta property=\"og:image:width\" content=\"1000\" \/>\n\t<meta property=\"og:image:height\" content=\"625\" \/>\n\t<meta property=\"og:image:type\" content=\"image\/jpeg\" \/>\n<meta name=\"author\" content=\"Radio Ljubu\u0161ki\" \/>\n<meta name=\"twitter:card\" content=\"summary_large_image\" \/>\n<meta name=\"twitter:creator\" content=\"@radioljubuski\" \/>\n<meta name=\"twitter:site\" content=\"@radioljubuski\" \/>\n<meta name=\"twitter:label1\" content=\"Napisao\/la\" \/>\n\t<meta name=\"twitter:data1\" content=\"Radio Ljubu\u0161ki\" \/>\n\t<meta name=\"twitter:label2\" content=\"Procijenjeno vrijeme \u010ditanja\" \/>\n\t<meta name=\"twitter:data2\" content=\"1 minuta\" \/>\n<script type=\"application\/ld+json\" class=\"yoast-schema-graph\">{\"@context\":\"https:\\\/\\\/schema.org\",\"@graph\":[{\"@type\":\"Article\",\"@id\":\"https:\\\/\\\/radioljubuski.ba\\\/index.php\\\/2021\\\/10\\\/11\\\/koktel-lijekova-astrazenece-uspjesan-u-lijecenju-i-prevenciji-covida\\\/#article\",\"isPartOf\":{\"@id\":\"https:\\\/\\\/radioljubuski.ba\\\/index.php\\\/2021\\\/10\\\/11\\\/koktel-lijekova-astrazenece-uspjesan-u-lijecenju-i-prevenciji-covida\\\/\"},\"author\":{\"name\":\"Radio Ljubu\u0161ki\",\"@id\":\"https:\\\/\\\/radioljubuski.ba\\\/#\\\/schema\\\/person\\\/19fc700381a780f69665d7956c469e3b\"},\"headline\":\"Koktel lijekova AstraZenece uspje\u0161an u lije\u010denju i prevenciji Covida\",\"datePublished\":\"2021-10-11T11:49:11+00:00\",\"dateModified\":\"2021-10-11T11:49:12+00:00\",\"mainEntityOfPage\":{\"@id\":\"https:\\\/\\\/radioljubuski.ba\\\/index.php\\\/2021\\\/10\\\/11\\\/koktel-lijekova-astrazenece-uspjesan-u-lijecenju-i-prevenciji-covida\\\/\"},\"wordCount\":180,\"publisher\":{\"@id\":\"https:\\\/\\\/radioljubuski.ba\\\/#organization\"},\"image\":{\"@id\":\"https:\\\/\\\/radioljubuski.ba\\\/index.php\\\/2021\\\/10\\\/11\\\/koktel-lijekova-astrazenece-uspjesan-u-lijecenju-i-prevenciji-covida\\\/#primaryimage\"},\"thumbnailUrl\":\"https:\\\/\\\/radioljubuski.ba\\\/wp-content\\\/uploads\\\/2021\\\/10\\\/3-2021-10-11-11-18-14-ASTRA.jpg\",\"articleSection\":[\"BIH i regija\"],\"inLanguage\":\"hr\"},{\"@type\":\"WebPage\",\"@id\":\"https:\\\/\\\/radioljubuski.ba\\\/index.php\\\/2021\\\/10\\\/11\\\/koktel-lijekova-astrazenece-uspjesan-u-lijecenju-i-prevenciji-covida\\\/\",\"url\":\"https:\\\/\\\/radioljubuski.ba\\\/index.php\\\/2021\\\/10\\\/11\\\/koktel-lijekova-astrazenece-uspjesan-u-lijecenju-i-prevenciji-covida\\\/\",\"name\":\"Koktel lijekova AstraZenece uspje\u0161an u lije\u010denju i prevenciji Covida - RADIO LJUBU\u0160KI\",\"isPartOf\":{\"@id\":\"https:\\\/\\\/radioljubuski.ba\\\/#website\"},\"primaryImageOfPage\":{\"@id\":\"https:\\\/\\\/radioljubuski.ba\\\/index.php\\\/2021\\\/10\\\/11\\\/koktel-lijekova-astrazenece-uspjesan-u-lijecenju-i-prevenciji-covida\\\/#primaryimage\"},\"image\":{\"@id\":\"https:\\\/\\\/radioljubuski.ba\\\/index.php\\\/2021\\\/10\\\/11\\\/koktel-lijekova-astrazenece-uspjesan-u-lijecenju-i-prevenciji-covida\\\/#primaryimage\"},\"thumbnailUrl\":\"https:\\\/\\\/radioljubuski.ba\\\/wp-content\\\/uploads\\\/2021\\\/10\\\/3-2021-10-11-11-18-14-ASTRA.jpg\",\"datePublished\":\"2021-10-11T11:49:11+00:00\",\"dateModified\":\"2021-10-11T11:49:12+00:00\",\"breadcrumb\":{\"@id\":\"https:\\\/\\\/radioljubuski.ba\\\/index.php\\\/2021\\\/10\\\/11\\\/koktel-lijekova-astrazenece-uspjesan-u-lijecenju-i-prevenciji-covida\\\/#breadcrumb\"},\"inLanguage\":\"hr\",\"potentialAction\":[{\"@type\":\"ReadAction\",\"target\":[\"https:\\\/\\\/radioljubuski.ba\\\/index.php\\\/2021\\\/10\\\/11\\\/koktel-lijekova-astrazenece-uspjesan-u-lijecenju-i-prevenciji-covida\\\/\"]}]},{\"@type\":\"ImageObject\",\"inLanguage\":\"hr\",\"@id\":\"https:\\\/\\\/radioljubuski.ba\\\/index.php\\\/2021\\\/10\\\/11\\\/koktel-lijekova-astrazenece-uspjesan-u-lijecenju-i-prevenciji-covida\\\/#primaryimage\",\"url\":\"https:\\\/\\\/radioljubuski.ba\\\/wp-content\\\/uploads\\\/2021\\\/10\\\/3-2021-10-11-11-18-14-ASTRA.jpg\",\"contentUrl\":\"https:\\\/\\\/radioljubuski.ba\\\/wp-content\\\/uploads\\\/2021\\\/10\\\/3-2021-10-11-11-18-14-ASTRA.jpg\",\"width\":1000,\"height\":625},{\"@type\":\"BreadcrumbList\",\"@id\":\"https:\\\/\\\/radioljubuski.ba\\\/index.php\\\/2021\\\/10\\\/11\\\/koktel-lijekova-astrazenece-uspjesan-u-lijecenju-i-prevenciji-covida\\\/#breadcrumb\",\"itemListElement\":[{\"@type\":\"ListItem\",\"position\":1,\"name\":\"Po\u010detna stranica\",\"item\":\"https:\\\/\\\/radioljubuski.ba\\\/\"},{\"@type\":\"ListItem\",\"position\":2,\"name\":\"Koktel lijekova AstraZenece uspje\u0161an u lije\u010denju i prevenciji Covida\"}]},{\"@type\":\"WebSite\",\"@id\":\"https:\\\/\\\/radioljubuski.ba\\\/#website\",\"url\":\"https:\\\/\\\/radioljubuski.ba\\\/\",\"name\":\"Radio Ljubu\u0161ki\",\"description\":\"Sun\u010dana frekvencija Hercegovine\",\"publisher\":{\"@id\":\"https:\\\/\\\/radioljubuski.ba\\\/#organization\"},\"potentialAction\":[{\"@type\":\"SearchAction\",\"target\":{\"@type\":\"EntryPoint\",\"urlTemplate\":\"https:\\\/\\\/radioljubuski.ba\\\/?s={search_term_string}\"},\"query-input\":{\"@type\":\"PropertyValueSpecification\",\"valueRequired\":true,\"valueName\":\"search_term_string\"}}],\"inLanguage\":\"hr\"},{\"@type\":\"Organization\",\"@id\":\"https:\\\/\\\/radioljubuski.ba\\\/#organization\",\"name\":\"Radio Ljubu\u0161ki\",\"url\":\"https:\\\/\\\/radioljubuski.ba\\\/\",\"logo\":{\"@type\":\"ImageObject\",\"inLanguage\":\"hr\",\"@id\":\"https:\\\/\\\/radioljubuski.ba\\\/#\\\/schema\\\/logo\\\/image\\\/\",\"url\":\"https:\\\/\\\/radioljubuski.ba\\\/wp-content\\\/uploads\\\/2021\\\/02\\\/cropped-Radio_Ljubuski_logo1.jpg\",\"contentUrl\":\"https:\\\/\\\/radioljubuski.ba\\\/wp-content\\\/uploads\\\/2021\\\/02\\\/cropped-Radio_Ljubuski_logo1.jpg\",\"width\":512,\"height\":512,\"caption\":\"Radio Ljubu\u0161ki\"},\"image\":{\"@id\":\"https:\\\/\\\/radioljubuski.ba\\\/#\\\/schema\\\/logo\\\/image\\\/\"},\"sameAs\":[\"https:\\\/\\\/www.facebook.com\\\/Radiio-Ljubuski-1490835324566332\",\"https:\\\/\\\/x.com\\\/radioljubuski\",\"https:\\\/\\\/hr.linkedin.com\\\/company\\\/radio-ljubuski\",\"https:\\\/\\\/www.youtube.com\\\/channel\\\/UCHYaeO_n0Db3tjNGudGpXyw\"]},{\"@type\":\"Person\",\"@id\":\"https:\\\/\\\/radioljubuski.ba\\\/#\\\/schema\\\/person\\\/19fc700381a780f69665d7956c469e3b\",\"name\":\"Radio Ljubu\u0161ki\"}]}<\/script>\n<!-- \/ Yoast SEO plugin. -->","yoast_head_json":{"title":"Koktel lijekova AstraZenece uspje\u0161an u lije\u010denju i prevenciji Covida - RADIO LJUBU\u0160KI","robots":{"index":"index","follow":"follow","max-snippet":"max-snippet:-1","max-image-preview":"max-image-preview:large","max-video-preview":"max-video-preview:-1"},"canonical":"https:\/\/radioljubuski.ba\/index.php\/2021\/10\/11\/koktel-lijekova-astrazenece-uspjesan-u-lijecenju-i-prevenciji-covida\/","og_locale":"hr_HR","og_type":"article","og_title":"Koktel lijekova AstraZenece uspje\u0161an u lije\u010denju i prevenciji Covida - RADIO LJUBU\u0160KI","og_description":"Eksperimentalni koktel s lijekovima protiv koronavirusa tvrtke AstraZeneca zabilje\u017eio je uspjeh u kasnoj fazi studije ispitivanja kako bi ubla\u017eili simptome kod osoba sa oslabljenim imunitetom ili smrt kod pacijenata koji nisu hospitalizirani, priop\u0107ili su danas iz ove tvrtke. Lijek, nazvan AZD7442, smanjio je rizik od razvoja te\u0161kih simptoma koronavirusa ili smrti za 50 posto kod [&hellip;]","og_url":"https:\/\/radioljubuski.ba\/index.php\/2021\/10\/11\/koktel-lijekova-astrazenece-uspjesan-u-lijecenju-i-prevenciji-covida\/","og_site_name":"RADIO LJUBU\u0160KI","article_publisher":"https:\/\/www.facebook.com\/Radiio-Ljubuski-1490835324566332","article_published_time":"2021-10-11T11:49:11+00:00","article_modified_time":"2021-10-11T11:49:12+00:00","og_image":[{"width":1000,"height":625,"url":"https:\/\/radioljubuski.ba\/wp-content\/uploads\/2021\/10\/3-2021-10-11-11-18-14-ASTRA.jpg","type":"image\/jpeg"}],"author":"Radio Ljubu\u0161ki","twitter_card":"summary_large_image","twitter_creator":"@radioljubuski","twitter_site":"@radioljubuski","twitter_misc":{"Napisao\/la":"Radio Ljubu\u0161ki","Procijenjeno vrijeme \u010ditanja":"1 minuta"},"schema":{"@context":"https:\/\/schema.org","@graph":[{"@type":"Article","@id":"https:\/\/radioljubuski.ba\/index.php\/2021\/10\/11\/koktel-lijekova-astrazenece-uspjesan-u-lijecenju-i-prevenciji-covida\/#article","isPartOf":{"@id":"https:\/\/radioljubuski.ba\/index.php\/2021\/10\/11\/koktel-lijekova-astrazenece-uspjesan-u-lijecenju-i-prevenciji-covida\/"},"author":{"name":"Radio Ljubu\u0161ki","@id":"https:\/\/radioljubuski.ba\/#\/schema\/person\/19fc700381a780f69665d7956c469e3b"},"headline":"Koktel lijekova AstraZenece uspje\u0161an u lije\u010denju i prevenciji Covida","datePublished":"2021-10-11T11:49:11+00:00","dateModified":"2021-10-11T11:49:12+00:00","mainEntityOfPage":{"@id":"https:\/\/radioljubuski.ba\/index.php\/2021\/10\/11\/koktel-lijekova-astrazenece-uspjesan-u-lijecenju-i-prevenciji-covida\/"},"wordCount":180,"publisher":{"@id":"https:\/\/radioljubuski.ba\/#organization"},"image":{"@id":"https:\/\/radioljubuski.ba\/index.php\/2021\/10\/11\/koktel-lijekova-astrazenece-uspjesan-u-lijecenju-i-prevenciji-covida\/#primaryimage"},"thumbnailUrl":"https:\/\/radioljubuski.ba\/wp-content\/uploads\/2021\/10\/3-2021-10-11-11-18-14-ASTRA.jpg","articleSection":["BIH i regija"],"inLanguage":"hr"},{"@type":"WebPage","@id":"https:\/\/radioljubuski.ba\/index.php\/2021\/10\/11\/koktel-lijekova-astrazenece-uspjesan-u-lijecenju-i-prevenciji-covida\/","url":"https:\/\/radioljubuski.ba\/index.php\/2021\/10\/11\/koktel-lijekova-astrazenece-uspjesan-u-lijecenju-i-prevenciji-covida\/","name":"Koktel lijekova AstraZenece uspje\u0161an u lije\u010denju i prevenciji Covida - RADIO LJUBU\u0160KI","isPartOf":{"@id":"https:\/\/radioljubuski.ba\/#website"},"primaryImageOfPage":{"@id":"https:\/\/radioljubuski.ba\/index.php\/2021\/10\/11\/koktel-lijekova-astrazenece-uspjesan-u-lijecenju-i-prevenciji-covida\/#primaryimage"},"image":{"@id":"https:\/\/radioljubuski.ba\/index.php\/2021\/10\/11\/koktel-lijekova-astrazenece-uspjesan-u-lijecenju-i-prevenciji-covida\/#primaryimage"},"thumbnailUrl":"https:\/\/radioljubuski.ba\/wp-content\/uploads\/2021\/10\/3-2021-10-11-11-18-14-ASTRA.jpg","datePublished":"2021-10-11T11:49:11+00:00","dateModified":"2021-10-11T11:49:12+00:00","breadcrumb":{"@id":"https:\/\/radioljubuski.ba\/index.php\/2021\/10\/11\/koktel-lijekova-astrazenece-uspjesan-u-lijecenju-i-prevenciji-covida\/#breadcrumb"},"inLanguage":"hr","potentialAction":[{"@type":"ReadAction","target":["https:\/\/radioljubuski.ba\/index.php\/2021\/10\/11\/koktel-lijekova-astrazenece-uspjesan-u-lijecenju-i-prevenciji-covida\/"]}]},{"@type":"ImageObject","inLanguage":"hr","@id":"https:\/\/radioljubuski.ba\/index.php\/2021\/10\/11\/koktel-lijekova-astrazenece-uspjesan-u-lijecenju-i-prevenciji-covida\/#primaryimage","url":"https:\/\/radioljubuski.ba\/wp-content\/uploads\/2021\/10\/3-2021-10-11-11-18-14-ASTRA.jpg","contentUrl":"https:\/\/radioljubuski.ba\/wp-content\/uploads\/2021\/10\/3-2021-10-11-11-18-14-ASTRA.jpg","width":1000,"height":625},{"@type":"BreadcrumbList","@id":"https:\/\/radioljubuski.ba\/index.php\/2021\/10\/11\/koktel-lijekova-astrazenece-uspjesan-u-lijecenju-i-prevenciji-covida\/#breadcrumb","itemListElement":[{"@type":"ListItem","position":1,"name":"Po\u010detna stranica","item":"https:\/\/radioljubuski.ba\/"},{"@type":"ListItem","position":2,"name":"Koktel lijekova AstraZenece uspje\u0161an u lije\u010denju i prevenciji Covida"}]},{"@type":"WebSite","@id":"https:\/\/radioljubuski.ba\/#website","url":"https:\/\/radioljubuski.ba\/","name":"Radio Ljubu\u0161ki","description":"Sun\u010dana frekvencija Hercegovine","publisher":{"@id":"https:\/\/radioljubuski.ba\/#organization"},"potentialAction":[{"@type":"SearchAction","target":{"@type":"EntryPoint","urlTemplate":"https:\/\/radioljubuski.ba\/?s={search_term_string}"},"query-input":{"@type":"PropertyValueSpecification","valueRequired":true,"valueName":"search_term_string"}}],"inLanguage":"hr"},{"@type":"Organization","@id":"https:\/\/radioljubuski.ba\/#organization","name":"Radio Ljubu\u0161ki","url":"https:\/\/radioljubuski.ba\/","logo":{"@type":"ImageObject","inLanguage":"hr","@id":"https:\/\/radioljubuski.ba\/#\/schema\/logo\/image\/","url":"https:\/\/radioljubuski.ba\/wp-content\/uploads\/2021\/02\/cropped-Radio_Ljubuski_logo1.jpg","contentUrl":"https:\/\/radioljubuski.ba\/wp-content\/uploads\/2021\/02\/cropped-Radio_Ljubuski_logo1.jpg","width":512,"height":512,"caption":"Radio Ljubu\u0161ki"},"image":{"@id":"https:\/\/radioljubuski.ba\/#\/schema\/logo\/image\/"},"sameAs":["https:\/\/www.facebook.com\/Radiio-Ljubuski-1490835324566332","https:\/\/x.com\/radioljubuski","https:\/\/hr.linkedin.com\/company\/radio-ljubuski","https:\/\/www.youtube.com\/channel\/UCHYaeO_n0Db3tjNGudGpXyw"]},{"@type":"Person","@id":"https:\/\/radioljubuski.ba\/#\/schema\/person\/19fc700381a780f69665d7956c469e3b","name":"Radio Ljubu\u0161ki"}]}},"_links":{"self":[{"href":"https:\/\/radioljubuski.ba\/index.php\/wp-json\/wp\/v2\/posts\/74325","targetHints":{"allow":["GET"]}}],"collection":[{"href":"https:\/\/radioljubuski.ba\/index.php\/wp-json\/wp\/v2\/posts"}],"about":[{"href":"https:\/\/radioljubuski.ba\/index.php\/wp-json\/wp\/v2\/types\/post"}],"author":[{"embeddable":true,"href":"https:\/\/radioljubuski.ba\/index.php\/wp-json\/wp\/v2\/users\/2"}],"replies":[{"embeddable":true,"href":"https:\/\/radioljubuski.ba\/index.php\/wp-json\/wp\/v2\/comments?post=74325"}],"version-history":[{"count":1,"href":"https:\/\/radioljubuski.ba\/index.php\/wp-json\/wp\/v2\/posts\/74325\/revisions"}],"predecessor-version":[{"id":74327,"href":"https:\/\/radioljubuski.ba\/index.php\/wp-json\/wp\/v2\/posts\/74325\/revisions\/74327"}],"wp:featuredmedia":[{"embeddable":true,"href":"https:\/\/radioljubuski.ba\/index.php\/wp-json\/wp\/v2\/media\/74326"}],"wp:attachment":[{"href":"https:\/\/radioljubuski.ba\/index.php\/wp-json\/wp\/v2\/media?parent=74325"}],"wp:term":[{"taxonomy":"category","embeddable":true,"href":"https:\/\/radioljubuski.ba\/index.php\/wp-json\/wp\/v2\/categories?post=74325"},{"taxonomy":"post_tag","embeddable":true,"href":"https:\/\/radioljubuski.ba\/index.php\/wp-json\/wp\/v2\/tags?post=74325"}],"curies":[{"name":"wp","href":"https:\/\/api.w.org\/{rel}","templated":true}]}}