{"id":74339,"date":"2021-10-11T12:55:36","date_gmt":"2021-10-11T11:55:36","guid":{"rendered":"https:\/\/radioljubuski.ba\/?p=74339"},"modified":"2021-10-11T12:57:43","modified_gmt":"2021-10-11T11:57:43","slug":"cijena-peleta-veca-za-cak-20-posto","status":"publish","type":"post","link":"https:\/\/radioljubuski.ba\/index.php\/2021\/10\/11\/cijena-peleta-veca-za-cak-20-posto\/","title":{"rendered":"Cijena peleta ve\u0107a za \u010dak 20 posto"},"content":{"rendered":"\n<p>Zbog pove\u0107ane potra\u017enje \u0161irom BiH, do\u0161lo je do vi\u0161ih cijena peleta za 20 posto, potvrdile su tvrtke koje se bave proizvodnjom ovog energenta.<\/p>\n\n\n\n<p>Naime, kako ka\u017eu, sada se cijene kre\u0107u od 350 do 390 KM za tonu, ovisno od vrste, ali i kvaliteta. U tvrtci \u201cEnsa BH\u201d iz Srpaca potvrdili su da su cijene peleta vi\u0161e za 20 posto nego u ljetnim mjesecima.<\/p>\n\n\n\n<p>\u201cI pored vi\u0161ih cijena ovog energenta, trenutno imamo pove\u0107anu isporuku, tako da smo koli\u010dine koje smo imali unaprijed prodali\u201d, ka\u017eu iz ove tvrtke za \u201cNezavisne novine\u201d.<\/p>\n\n\n\n<p>Zbog velike potra\u017enje kupci su prinu\u0111eni da na isporuku, kako obja\u0161njavaju, \u010dekaju po 20 i vi\u0161e dana. Dodaju da tona peleta sada ko\u0161ta 355 KM.<\/p>\n\n\n\n<p>Da su cijene peleta vi\u0161e za 20 posto, potvrdili su iz tvrtke \u201cDrvosje\u010da\u201d Sarajevo, ali isti\u010du da poskupljenje nije uticalo na potra\u017enju.<\/p>\n\n\n\n<p>\u201cSad tona peleta ko\u0161ta 390 KM. U krugu od 50 kilometara \u010deka se na isporuku do 10 dana, a isporuka za dalje relacije \u010deka se 20-30 dana. Potra\u017enja jeste ve\u0107a, jer je vi\u0161e ljudi pre\u0161lo na grijanje ovim energentom. Mi ga ne izvozimo u strane zemlje i podmirujemo na\u0161e tr\u017ei\u0161te, jer je gu\u017eva i ne mo\u017eemo sti\u0107i izvoziti\u201d, ka\u017eu u ovoj tvrtci za \u201cNezavisne novine\u201d.<\/p>\n\n\n\n<p>Iz poduze\u0107a \u201cDI Kara\u0107\u201d Aleksandrovac, koje se bavi prodajom peleta, ka\u017eu da paleta od 990 kg bez prevoza ko\u0161ta 345 KM te da je skuplji nego pro\u0161le godine.<\/p>\n\n\n\n<p>Iz poduze\u0107a \u201cDrvoprodex\u201d Banja Luka, koje se bavi proizvodnjom peleta, ka\u017eu da kupci svakodnevno zovu radi kupovine peleta te da je velika potra\u017enja za njim, jer su mnogi gra\u0111ani pre\u0161li na ovaj energent.<\/p>\n\n\n\n<p>Izvor:nezavisne.com<\/p>\n","protected":false},"excerpt":{"rendered":"<p>Zbog pove\u0107ane potra\u017enje \u0161irom BiH, do\u0161lo je do vi\u0161ih cijena peleta za 20 posto, potvrdile su tvrtke koje se bave proizvodnjom ovog energenta. Naime, kako ka\u017eu, sada se cijene kre\u0107u od 350 do 390 KM za tonu, ovisno od vrste, ali i kvaliteta. U tvrtci \u201cEnsa BH\u201d iz Srpaca potvrdili su da su cijene peleta [&hellip;]<\/p>\n","protected":false},"author":2,"featured_media":74340,"comment_status":"closed","ping_status":"closed","sticky":false,"template":"","format":"standard","meta":{"h5ap_radio_sources":[],"footnotes":""},"categories":[1],"tags":[],"class_list":["post-74339","post","type-post","status-publish","format-standard","has-post-thumbnail","hentry","category-bihiregija"],"yoast_head":"<!-- This site is optimized with the Yoast SEO plugin v27.5 - https:\/\/yoast.com\/product\/yoast-seo-wordpress\/ -->\n<title>Cijena peleta ve\u0107a za \u010dak 20 posto - RADIO LJUBU\u0160KI<\/title>\n<meta name=\"robots\" content=\"index, follow, max-snippet:-1, max-image-preview:large, max-video-preview:-1\" \/>\n<link rel=\"canonical\" href=\"https:\/\/radioljubuski.ba\/index.php\/2021\/10\/11\/cijena-peleta-veca-za-cak-20-posto\/\" \/>\n<meta property=\"og:locale\" content=\"hr_HR\" \/>\n<meta property=\"og:type\" content=\"article\" \/>\n<meta property=\"og:title\" content=\"Cijena peleta ve\u0107a za \u010dak 20 posto - RADIO LJUBU\u0160KI\" \/>\n<meta property=\"og:description\" content=\"Zbog pove\u0107ane potra\u017enje \u0161irom BiH, do\u0161lo je do vi\u0161ih cijena peleta za 20 posto, potvrdile su tvrtke koje se bave proizvodnjom ovog energenta. Naime, kako ka\u017eu, sada se cijene kre\u0107u od 350 do 390 KM za tonu, ovisno od vrste, ali i kvaliteta. U tvrtci \u201cEnsa BH\u201d iz Srpaca potvrdili su da su cijene peleta [&hellip;]\" \/>\n<meta property=\"og:url\" content=\"https:\/\/radioljubuski.ba\/index.php\/2021\/10\/11\/cijena-peleta-veca-za-cak-20-posto\/\" \/>\n<meta property=\"og:site_name\" content=\"RADIO LJUBU\u0160KI\" \/>\n<meta property=\"article:publisher\" content=\"https:\/\/www.facebook.com\/Radiio-Ljubuski-1490835324566332\" \/>\n<meta property=\"article:published_time\" content=\"2021-10-11T11:55:36+00:00\" \/>\n<meta property=\"article:modified_time\" content=\"2021-10-11T11:57:43+00:00\" \/>\n<meta property=\"og:image\" content=\"https:\/\/radioljubuski.ba\/wp-content\/uploads\/2021\/10\/tO71RIxB_pelet_grijanje1.jpg\" \/>\n\t<meta property=\"og:image:width\" content=\"1000\" \/>\n\t<meta property=\"og:image:height\" content=\"625\" \/>\n\t<meta property=\"og:image:type\" content=\"image\/jpeg\" \/>\n<meta name=\"author\" content=\"Radio Ljubu\u0161ki\" \/>\n<meta name=\"twitter:card\" content=\"summary_large_image\" \/>\n<meta name=\"twitter:creator\" content=\"@radioljubuski\" \/>\n<meta name=\"twitter:site\" content=\"@radioljubuski\" \/>\n<meta name=\"twitter:label1\" content=\"Napisao\/la\" \/>\n\t<meta name=\"twitter:data1\" content=\"Radio Ljubu\u0161ki\" \/>\n\t<meta name=\"twitter:label2\" content=\"Procijenjeno vrijeme \u010ditanja\" \/>\n\t<meta name=\"twitter:data2\" content=\"2 minute\" \/>\n<script type=\"application\/ld+json\" class=\"yoast-schema-graph\">{\"@context\":\"https:\\\/\\\/schema.org\",\"@graph\":[{\"@type\":\"Article\",\"@id\":\"https:\\\/\\\/radioljubuski.ba\\\/index.php\\\/2021\\\/10\\\/11\\\/cijena-peleta-veca-za-cak-20-posto\\\/#article\",\"isPartOf\":{\"@id\":\"https:\\\/\\\/radioljubuski.ba\\\/index.php\\\/2021\\\/10\\\/11\\\/cijena-peleta-veca-za-cak-20-posto\\\/\"},\"author\":{\"name\":\"Radio Ljubu\u0161ki\",\"@id\":\"https:\\\/\\\/radioljubuski.ba\\\/#\\\/schema\\\/person\\\/19fc700381a780f69665d7956c469e3b\"},\"headline\":\"Cijena peleta ve\u0107a za \u010dak 20 posto\",\"datePublished\":\"2021-10-11T11:55:36+00:00\",\"dateModified\":\"2021-10-11T11:57:43+00:00\",\"mainEntityOfPage\":{\"@id\":\"https:\\\/\\\/radioljubuski.ba\\\/index.php\\\/2021\\\/10\\\/11\\\/cijena-peleta-veca-za-cak-20-posto\\\/\"},\"wordCount\":301,\"publisher\":{\"@id\":\"https:\\\/\\\/radioljubuski.ba\\\/#organization\"},\"image\":{\"@id\":\"https:\\\/\\\/radioljubuski.ba\\\/index.php\\\/2021\\\/10\\\/11\\\/cijena-peleta-veca-za-cak-20-posto\\\/#primaryimage\"},\"thumbnailUrl\":\"https:\\\/\\\/radioljubuski.ba\\\/wp-content\\\/uploads\\\/2021\\\/10\\\/tO71RIxB_pelet_grijanje1.jpg\",\"articleSection\":[\"BIH i regija\"],\"inLanguage\":\"hr\"},{\"@type\":\"WebPage\",\"@id\":\"https:\\\/\\\/radioljubuski.ba\\\/index.php\\\/2021\\\/10\\\/11\\\/cijena-peleta-veca-za-cak-20-posto\\\/\",\"url\":\"https:\\\/\\\/radioljubuski.ba\\\/index.php\\\/2021\\\/10\\\/11\\\/cijena-peleta-veca-za-cak-20-posto\\\/\",\"name\":\"Cijena peleta ve\u0107a za \u010dak 20 posto - RADIO LJUBU\u0160KI\",\"isPartOf\":{\"@id\":\"https:\\\/\\\/radioljubuski.ba\\\/#website\"},\"primaryImageOfPage\":{\"@id\":\"https:\\\/\\\/radioljubuski.ba\\\/index.php\\\/2021\\\/10\\\/11\\\/cijena-peleta-veca-za-cak-20-posto\\\/#primaryimage\"},\"image\":{\"@id\":\"https:\\\/\\\/radioljubuski.ba\\\/index.php\\\/2021\\\/10\\\/11\\\/cijena-peleta-veca-za-cak-20-posto\\\/#primaryimage\"},\"thumbnailUrl\":\"https:\\\/\\\/radioljubuski.ba\\\/wp-content\\\/uploads\\\/2021\\\/10\\\/tO71RIxB_pelet_grijanje1.jpg\",\"datePublished\":\"2021-10-11T11:55:36+00:00\",\"dateModified\":\"2021-10-11T11:57:43+00:00\",\"breadcrumb\":{\"@id\":\"https:\\\/\\\/radioljubuski.ba\\\/index.php\\\/2021\\\/10\\\/11\\\/cijena-peleta-veca-za-cak-20-posto\\\/#breadcrumb\"},\"inLanguage\":\"hr\",\"potentialAction\":[{\"@type\":\"ReadAction\",\"target\":[\"https:\\\/\\\/radioljubuski.ba\\\/index.php\\\/2021\\\/10\\\/11\\\/cijena-peleta-veca-za-cak-20-posto\\\/\"]}]},{\"@type\":\"ImageObject\",\"inLanguage\":\"hr\",\"@id\":\"https:\\\/\\\/radioljubuski.ba\\\/index.php\\\/2021\\\/10\\\/11\\\/cijena-peleta-veca-za-cak-20-posto\\\/#primaryimage\",\"url\":\"https:\\\/\\\/radioljubuski.ba\\\/wp-content\\\/uploads\\\/2021\\\/10\\\/tO71RIxB_pelet_grijanje1.jpg\",\"contentUrl\":\"https:\\\/\\\/radioljubuski.ba\\\/wp-content\\\/uploads\\\/2021\\\/10\\\/tO71RIxB_pelet_grijanje1.jpg\",\"width\":1000,\"height\":625},{\"@type\":\"BreadcrumbList\",\"@id\":\"https:\\\/\\\/radioljubuski.ba\\\/index.php\\\/2021\\\/10\\\/11\\\/cijena-peleta-veca-za-cak-20-posto\\\/#breadcrumb\",\"itemListElement\":[{\"@type\":\"ListItem\",\"position\":1,\"name\":\"Po\u010detna stranica\",\"item\":\"https:\\\/\\\/radioljubuski.ba\\\/\"},{\"@type\":\"ListItem\",\"position\":2,\"name\":\"Cijena peleta ve\u0107a za \u010dak 20 posto\"}]},{\"@type\":\"WebSite\",\"@id\":\"https:\\\/\\\/radioljubuski.ba\\\/#website\",\"url\":\"https:\\\/\\\/radioljubuski.ba\\\/\",\"name\":\"Radio Ljubu\u0161ki\",\"description\":\"Sun\u010dana frekvencija Hercegovine\",\"publisher\":{\"@id\":\"https:\\\/\\\/radioljubuski.ba\\\/#organization\"},\"potentialAction\":[{\"@type\":\"SearchAction\",\"target\":{\"@type\":\"EntryPoint\",\"urlTemplate\":\"https:\\\/\\\/radioljubuski.ba\\\/?s={search_term_string}\"},\"query-input\":{\"@type\":\"PropertyValueSpecification\",\"valueRequired\":true,\"valueName\":\"search_term_string\"}}],\"inLanguage\":\"hr\"},{\"@type\":\"Organization\",\"@id\":\"https:\\\/\\\/radioljubuski.ba\\\/#organization\",\"name\":\"Radio Ljubu\u0161ki\",\"url\":\"https:\\\/\\\/radioljubuski.ba\\\/\",\"logo\":{\"@type\":\"ImageObject\",\"inLanguage\":\"hr\",\"@id\":\"https:\\\/\\\/radioljubuski.ba\\\/#\\\/schema\\\/logo\\\/image\\\/\",\"url\":\"https:\\\/\\\/radioljubuski.ba\\\/wp-content\\\/uploads\\\/2021\\\/02\\\/cropped-Radio_Ljubuski_logo1.jpg\",\"contentUrl\":\"https:\\\/\\\/radioljubuski.ba\\\/wp-content\\\/uploads\\\/2021\\\/02\\\/cropped-Radio_Ljubuski_logo1.jpg\",\"width\":512,\"height\":512,\"caption\":\"Radio Ljubu\u0161ki\"},\"image\":{\"@id\":\"https:\\\/\\\/radioljubuski.ba\\\/#\\\/schema\\\/logo\\\/image\\\/\"},\"sameAs\":[\"https:\\\/\\\/www.facebook.com\\\/Radiio-Ljubuski-1490835324566332\",\"https:\\\/\\\/x.com\\\/radioljubuski\",\"https:\\\/\\\/hr.linkedin.com\\\/company\\\/radio-ljubuski\",\"https:\\\/\\\/www.youtube.com\\\/channel\\\/UCHYaeO_n0Db3tjNGudGpXyw\"]},{\"@type\":\"Person\",\"@id\":\"https:\\\/\\\/radioljubuski.ba\\\/#\\\/schema\\\/person\\\/19fc700381a780f69665d7956c469e3b\",\"name\":\"Radio Ljubu\u0161ki\"}]}<\/script>\n<!-- \/ Yoast SEO plugin. -->","yoast_head_json":{"title":"Cijena peleta ve\u0107a za \u010dak 20 posto - RADIO LJUBU\u0160KI","robots":{"index":"index","follow":"follow","max-snippet":"max-snippet:-1","max-image-preview":"max-image-preview:large","max-video-preview":"max-video-preview:-1"},"canonical":"https:\/\/radioljubuski.ba\/index.php\/2021\/10\/11\/cijena-peleta-veca-za-cak-20-posto\/","og_locale":"hr_HR","og_type":"article","og_title":"Cijena peleta ve\u0107a za \u010dak 20 posto - RADIO LJUBU\u0160KI","og_description":"Zbog pove\u0107ane potra\u017enje \u0161irom BiH, do\u0161lo je do vi\u0161ih cijena peleta za 20 posto, potvrdile su tvrtke koje se bave proizvodnjom ovog energenta. Naime, kako ka\u017eu, sada se cijene kre\u0107u od 350 do 390 KM za tonu, ovisno od vrste, ali i kvaliteta. U tvrtci \u201cEnsa BH\u201d iz Srpaca potvrdili su da su cijene peleta [&hellip;]","og_url":"https:\/\/radioljubuski.ba\/index.php\/2021\/10\/11\/cijena-peleta-veca-za-cak-20-posto\/","og_site_name":"RADIO LJUBU\u0160KI","article_publisher":"https:\/\/www.facebook.com\/Radiio-Ljubuski-1490835324566332","article_published_time":"2021-10-11T11:55:36+00:00","article_modified_time":"2021-10-11T11:57:43+00:00","og_image":[{"width":1000,"height":625,"url":"https:\/\/radioljubuski.ba\/wp-content\/uploads\/2021\/10\/tO71RIxB_pelet_grijanje1.jpg","type":"image\/jpeg"}],"author":"Radio Ljubu\u0161ki","twitter_card":"summary_large_image","twitter_creator":"@radioljubuski","twitter_site":"@radioljubuski","twitter_misc":{"Napisao\/la":"Radio Ljubu\u0161ki","Procijenjeno vrijeme \u010ditanja":"2 minute"},"schema":{"@context":"https:\/\/schema.org","@graph":[{"@type":"Article","@id":"https:\/\/radioljubuski.ba\/index.php\/2021\/10\/11\/cijena-peleta-veca-za-cak-20-posto\/#article","isPartOf":{"@id":"https:\/\/radioljubuski.ba\/index.php\/2021\/10\/11\/cijena-peleta-veca-za-cak-20-posto\/"},"author":{"name":"Radio Ljubu\u0161ki","@id":"https:\/\/radioljubuski.ba\/#\/schema\/person\/19fc700381a780f69665d7956c469e3b"},"headline":"Cijena peleta ve\u0107a za \u010dak 20 posto","datePublished":"2021-10-11T11:55:36+00:00","dateModified":"2021-10-11T11:57:43+00:00","mainEntityOfPage":{"@id":"https:\/\/radioljubuski.ba\/index.php\/2021\/10\/11\/cijena-peleta-veca-za-cak-20-posto\/"},"wordCount":301,"publisher":{"@id":"https:\/\/radioljubuski.ba\/#organization"},"image":{"@id":"https:\/\/radioljubuski.ba\/index.php\/2021\/10\/11\/cijena-peleta-veca-za-cak-20-posto\/#primaryimage"},"thumbnailUrl":"https:\/\/radioljubuski.ba\/wp-content\/uploads\/2021\/10\/tO71RIxB_pelet_grijanje1.jpg","articleSection":["BIH i regija"],"inLanguage":"hr"},{"@type":"WebPage","@id":"https:\/\/radioljubuski.ba\/index.php\/2021\/10\/11\/cijena-peleta-veca-za-cak-20-posto\/","url":"https:\/\/radioljubuski.ba\/index.php\/2021\/10\/11\/cijena-peleta-veca-za-cak-20-posto\/","name":"Cijena peleta ve\u0107a za \u010dak 20 posto - RADIO LJUBU\u0160KI","isPartOf":{"@id":"https:\/\/radioljubuski.ba\/#website"},"primaryImageOfPage":{"@id":"https:\/\/radioljubuski.ba\/index.php\/2021\/10\/11\/cijena-peleta-veca-za-cak-20-posto\/#primaryimage"},"image":{"@id":"https:\/\/radioljubuski.ba\/index.php\/2021\/10\/11\/cijena-peleta-veca-za-cak-20-posto\/#primaryimage"},"thumbnailUrl":"https:\/\/radioljubuski.ba\/wp-content\/uploads\/2021\/10\/tO71RIxB_pelet_grijanje1.jpg","datePublished":"2021-10-11T11:55:36+00:00","dateModified":"2021-10-11T11:57:43+00:00","breadcrumb":{"@id":"https:\/\/radioljubuski.ba\/index.php\/2021\/10\/11\/cijena-peleta-veca-za-cak-20-posto\/#breadcrumb"},"inLanguage":"hr","potentialAction":[{"@type":"ReadAction","target":["https:\/\/radioljubuski.ba\/index.php\/2021\/10\/11\/cijena-peleta-veca-za-cak-20-posto\/"]}]},{"@type":"ImageObject","inLanguage":"hr","@id":"https:\/\/radioljubuski.ba\/index.php\/2021\/10\/11\/cijena-peleta-veca-za-cak-20-posto\/#primaryimage","url":"https:\/\/radioljubuski.ba\/wp-content\/uploads\/2021\/10\/tO71RIxB_pelet_grijanje1.jpg","contentUrl":"https:\/\/radioljubuski.ba\/wp-content\/uploads\/2021\/10\/tO71RIxB_pelet_grijanje1.jpg","width":1000,"height":625},{"@type":"BreadcrumbList","@id":"https:\/\/radioljubuski.ba\/index.php\/2021\/10\/11\/cijena-peleta-veca-za-cak-20-posto\/#breadcrumb","itemListElement":[{"@type":"ListItem","position":1,"name":"Po\u010detna stranica","item":"https:\/\/radioljubuski.ba\/"},{"@type":"ListItem","position":2,"name":"Cijena peleta ve\u0107a za \u010dak 20 posto"}]},{"@type":"WebSite","@id":"https:\/\/radioljubuski.ba\/#website","url":"https:\/\/radioljubuski.ba\/","name":"Radio Ljubu\u0161ki","description":"Sun\u010dana frekvencija Hercegovine","publisher":{"@id":"https:\/\/radioljubuski.ba\/#organization"},"potentialAction":[{"@type":"SearchAction","target":{"@type":"EntryPoint","urlTemplate":"https:\/\/radioljubuski.ba\/?s={search_term_string}"},"query-input":{"@type":"PropertyValueSpecification","valueRequired":true,"valueName":"search_term_string"}}],"inLanguage":"hr"},{"@type":"Organization","@id":"https:\/\/radioljubuski.ba\/#organization","name":"Radio Ljubu\u0161ki","url":"https:\/\/radioljubuski.ba\/","logo":{"@type":"ImageObject","inLanguage":"hr","@id":"https:\/\/radioljubuski.ba\/#\/schema\/logo\/image\/","url":"https:\/\/radioljubuski.ba\/wp-content\/uploads\/2021\/02\/cropped-Radio_Ljubuski_logo1.jpg","contentUrl":"https:\/\/radioljubuski.ba\/wp-content\/uploads\/2021\/02\/cropped-Radio_Ljubuski_logo1.jpg","width":512,"height":512,"caption":"Radio Ljubu\u0161ki"},"image":{"@id":"https:\/\/radioljubuski.ba\/#\/schema\/logo\/image\/"},"sameAs":["https:\/\/www.facebook.com\/Radiio-Ljubuski-1490835324566332","https:\/\/x.com\/radioljubuski","https:\/\/hr.linkedin.com\/company\/radio-ljubuski","https:\/\/www.youtube.com\/channel\/UCHYaeO_n0Db3tjNGudGpXyw"]},{"@type":"Person","@id":"https:\/\/radioljubuski.ba\/#\/schema\/person\/19fc700381a780f69665d7956c469e3b","name":"Radio Ljubu\u0161ki"}]}},"_links":{"self":[{"href":"https:\/\/radioljubuski.ba\/index.php\/wp-json\/wp\/v2\/posts\/74339","targetHints":{"allow":["GET"]}}],"collection":[{"href":"https:\/\/radioljubuski.ba\/index.php\/wp-json\/wp\/v2\/posts"}],"about":[{"href":"https:\/\/radioljubuski.ba\/index.php\/wp-json\/wp\/v2\/types\/post"}],"author":[{"embeddable":true,"href":"https:\/\/radioljubuski.ba\/index.php\/wp-json\/wp\/v2\/users\/2"}],"replies":[{"embeddable":true,"href":"https:\/\/radioljubuski.ba\/index.php\/wp-json\/wp\/v2\/comments?post=74339"}],"version-history":[{"count":1,"href":"https:\/\/radioljubuski.ba\/index.php\/wp-json\/wp\/v2\/posts\/74339\/revisions"}],"predecessor-version":[{"id":74341,"href":"https:\/\/radioljubuski.ba\/index.php\/wp-json\/wp\/v2\/posts\/74339\/revisions\/74341"}],"wp:featuredmedia":[{"embeddable":true,"href":"https:\/\/radioljubuski.ba\/index.php\/wp-json\/wp\/v2\/media\/74340"}],"wp:attachment":[{"href":"https:\/\/radioljubuski.ba\/index.php\/wp-json\/wp\/v2\/media?parent=74339"}],"wp:term":[{"taxonomy":"category","embeddable":true,"href":"https:\/\/radioljubuski.ba\/index.php\/wp-json\/wp\/v2\/categories?post=74339"},{"taxonomy":"post_tag","embeddable":true,"href":"https:\/\/radioljubuski.ba\/index.php\/wp-json\/wp\/v2\/tags?post=74339"}],"curies":[{"name":"wp","href":"https:\/\/api.w.org\/{rel}","templated":true}]}}