{"id":74373,"date":"2021-10-11T13:24:22","date_gmt":"2021-10-11T12:24:22","guid":{"rendered":"https:\/\/radioljubuski.ba\/?p=74373"},"modified":"2021-10-11T13:24:23","modified_gmt":"2021-10-11T12:24:23","slug":"cavlovic-podnio-ostavku-lukic-novi-direktor-cibone","status":"publish","type":"post","link":"https:\/\/radioljubuski.ba\/index.php\/2021\/10\/11\/cavlovic-podnio-ostavku-lukic-novi-direktor-cibone\/","title":{"rendered":"\u010cavlovi\u0107 podnio ostavku, Luki\u0107 novi direktor Cibone"},"content":{"rendered":"\n<p>Dosada\u0161nji direktor Ko\u0161arka\u0161kog kluba Cibona Domagoj \u010cavlovi\u0107 podnio je ostavku na tu du\u017enost iz osobnih razloga neposredno prije odr\u017eavanja Skup\u0161tine kluba u ponedjeljak, a umjesto njega je na to mjesto kao vr\u0161itelj du\u017enosti imenovan Mauro Luki\u0107.<\/p>\n\n\n\n<p>Na Skup\u0161tini KK Cibona imenovani su novi \u010dlanovi Skup\u0161tine, formirani su Nadzorni odbor i Upravni odbor, izvr\u0161ena su imenovanja njihovih \u010dlanova te je prihva\u0107ena ostavka dosada\u0161njeg direktora iz osobnih razloga.<br><br>Dosada\u0161nji direktor Domagoj \u010cavlovi\u0107 povodom svoje ostavke obratio se \u010dlanovima Skup\u0161tine te ujedno i navija\u010dima, \u010dlanovima i simpatizerima Ko\u0161arka\u0161kog kluba Cibona:<br><br>&#8211; Po\u0161tovani! Neposredno prije dana\u0161nje Skup\u0161tine KK Cibona podnio sam ostavku iz osobnih razloga na mjesto direktora kluba koji su motivirani s jedne strane pat pozicijom u kojoj se nalazi klub u odnosu na pojedina tijela iznad samog kluba, a s druge strane iz razloga negativnih utjecaja na moju obitelj i neprimjerenih pritisaka na mene kao direktora kluba. Ne \u017eele\u0107i da taj pritisak utje\u010de na kolege iz kluba, igra\u010de, stru\u010dni sto\u017eer te na na\u0161e sada\u0161nje i budu\u0107e partnere podnio sam ostavku \u017eele\u0107i klubu ostvarenje svih zacrtanih ciljeva i puno sportskih uspjeha. Ujedno se zahvaljujem svim suradnicima s kojima sam sve ove godine zajedni\u010dki pro\u017eivljavao poneke ne\u017eeljene trenutke, ali i puno lijepih trenutaka zbog kojih \u0107e Cibona ostati zauvijek u mom srcu, stoji izme\u0111u ostaloga u ostavci Domagoja \u010cavlovi\u0107a.<\/p>\n\n\n\n<blockquote class=\"twitter-tweet\"><p lang=\"und\" dir=\"ltr\">Danas je odr\u017eana Skup\u0161tina kluba na kojoj je doneseno vi\u0161e bitnih odluka oko vodstva KK Cibona. \ud83d\udc3a\ud83d\udc99<br><br>Sve informacije pro\u010ditajte na linku ni\u017ee. \ud83d\udd87\u2b07\ufe0f<a href=\"https:\/\/t.co\/hLLDV4DqBD\">https:\/\/t.co\/hLLDV4DqBD<\/a><a href=\"https:\/\/twitter.com\/hashtag\/HejaHejaCibosi?src=hash&amp;ref_src=twsrc%5Etfw\">#HejaHejaCibosi<\/a> <a href=\"https:\/\/twitter.com\/hashtag\/KKCibona?src=hash&amp;ref_src=twsrc%5Etfw\">#KKCibona<\/a> <a href=\"https:\/\/t.co\/ODsl9JSoZh\">pic.twitter.com\/ODsl9JSoZh<\/a><\/p>&mdash; KK Cibona (@kk_cibona) <a href=\"https:\/\/twitter.com\/kk_cibona\/status\/1447500642612879361?ref_src=twsrc%5Etfw\">October 11, 2021<\/a><\/blockquote> <script async src=\"https:\/\/platform.twitter.com\/widgets.js\" charset=\"utf-8\"><\/script> \n\n\n\n<p>U ponedjeljak su se \u010dlanovima skup\u0161tine <strong>Kre\u0161imiru Gunja\u010di<\/strong>, \u010dlanu Uprave Erste Banke, <strong>Danielu Per\u0161i\u0107u<\/strong> iz KK Cibona i predsjedniku <strong>Mladenu Bu\u0161i\u0107u<\/strong>, imenovanjem pridru\u017eili <strong>Ivan Artukovi\u0107<\/strong>, predsjednik Uprave Franck d.d. i <strong>Jasmin Jurkovac<\/strong>, direktor prodaje u tvrtki Badel 1862. dok je iz skup\u0161tine na osobni zahtjev oti\u0161ao <strong>Vjekoslav \u0160afrani\u0107<\/strong>.<br><br>Za \u010dlanove Nadzornog odbora imenovani su <strong>Ivan Id\u017eojti\u0107<\/strong> i <strong>Velimir Vuga<\/strong>, dok Upravni odbor \u010dine Mauro Luki\u0107, <strong>Sa\u0161a Turkalj<\/strong> i <strong>Luka Krko\u010d<\/strong>.<br><br>&#8211; Zadovoljan sam provedbom novih imenovanja u tijela kluba koja vidim kao veliki poticaj za jo\u0161 uspje\u0161niji razvoj i napredak KK Cibona. Pridru\u017eili su nam se iskusni stru\u010dnjaci za koje sam uvjeren kako \u0107e znanjem i liderskim vje\u0161tinama doprinijeti uspje\u0161nom djelovanju kluba. S druge strane, iako u potpunosti razumijem njegove osobne razloge, nisam nimalo sretan zbog ostavke direktora kluba. Unato\u010d nekim neprimjerenim vanjskim pritiscima i pojedina\u010dnim prozivkama, mi\u0161ljenja sam kako je direktor \u010cavlovi\u0107 bio glavno vezivno tkivo svih sastavnica kluba te kako je, u iznimno turbulentnih osam godina za klub ostvario puno bitnih doprinosa za KK Cibonu, kulminacija kojih se ponajbolje reflektira i na vrlo uspje\u0161an start nove natjecateljske sezone, izjavio je nakon skup\u0161tine predsjednik Cibone <strong>Mladen Bu\u0161i\u0107<\/strong>.<\/p>\n\n\n\n<p>Izvor.hrt.hr<\/p>\n","protected":false},"excerpt":{"rendered":"<p>Dosada\u0161nji direktor Ko\u0161arka\u0161kog kluba Cibona Domagoj \u010cavlovi\u0107 podnio je ostavku na tu du\u017enost iz osobnih razloga neposredno prije odr\u017eavanja Skup\u0161tine kluba u ponedjeljak, a umjesto njega je na to mjesto kao vr\u0161itelj du\u017enosti imenovan Mauro Luki\u0107. Na Skup\u0161tini KK Cibona imenovani su novi \u010dlanovi Skup\u0161tine, formirani su Nadzorni odbor i Upravni odbor, izvr\u0161ena su imenovanja [&hellip;]<\/p>\n","protected":false},"author":2,"featured_media":74374,"comment_status":"closed","ping_status":"closed","sticky":false,"template":"","format":"standard","meta":{"h5ap_radio_sources":[],"footnotes":""},"categories":[7],"tags":[],"class_list":["post-74373","post","type-post","status-publish","format-standard","has-post-thumbnail","hentry","category-sport"],"yoast_head":"<!-- This site is optimized with the Yoast SEO plugin v27.4 - https:\/\/yoast.com\/product\/yoast-seo-wordpress\/ -->\n<title>\u010cavlovi\u0107 podnio ostavku, Luki\u0107 novi direktor Cibone - RADIO LJUBU\u0160KI<\/title>\n<meta name=\"robots\" content=\"index, follow, max-snippet:-1, max-image-preview:large, max-video-preview:-1\" \/>\n<link rel=\"canonical\" href=\"https:\/\/radioljubuski.ba\/index.php\/2021\/10\/11\/cavlovic-podnio-ostavku-lukic-novi-direktor-cibone\/\" \/>\n<meta property=\"og:locale\" content=\"hr_HR\" \/>\n<meta property=\"og:type\" content=\"article\" \/>\n<meta property=\"og:title\" content=\"\u010cavlovi\u0107 podnio ostavku, Luki\u0107 novi direktor Cibone - RADIO LJUBU\u0160KI\" \/>\n<meta property=\"og:description\" content=\"Dosada\u0161nji direktor Ko\u0161arka\u0161kog kluba Cibona Domagoj \u010cavlovi\u0107 podnio je ostavku na tu du\u017enost iz osobnih razloga neposredno prije odr\u017eavanja Skup\u0161tine kluba u ponedjeljak, a umjesto njega je na to mjesto kao vr\u0161itelj du\u017enosti imenovan Mauro Luki\u0107. Na Skup\u0161tini KK Cibona imenovani su novi \u010dlanovi Skup\u0161tine, formirani su Nadzorni odbor i Upravni odbor, izvr\u0161ena su imenovanja [&hellip;]\" \/>\n<meta property=\"og:url\" content=\"https:\/\/radioljubuski.ba\/index.php\/2021\/10\/11\/cavlovic-podnio-ostavku-lukic-novi-direktor-cibone\/\" \/>\n<meta property=\"og:site_name\" content=\"RADIO LJUBU\u0160KI\" \/>\n<meta property=\"article:publisher\" content=\"https:\/\/www.facebook.com\/Radiio-Ljubuski-1490835324566332\" \/>\n<meta property=\"article:published_time\" content=\"2021-10-11T12:24:22+00:00\" \/>\n<meta property=\"article:modified_time\" content=\"2021-10-11T12:24:23+00:00\" \/>\n<meta property=\"og:image\" content=\"https:\/\/radioljubuski.ba\/wp-content\/uploads\/2021\/10\/FBaOKUPWYAASbOl.jpg\" \/>\n\t<meta property=\"og:image:width\" content=\"680\" \/>\n\t<meta property=\"og:image:height\" content=\"680\" \/>\n\t<meta property=\"og:image:type\" content=\"image\/jpeg\" \/>\n<meta name=\"author\" content=\"Radio Ljubu\u0161ki\" \/>\n<meta name=\"twitter:card\" content=\"summary_large_image\" \/>\n<meta name=\"twitter:creator\" content=\"@radioljubuski\" \/>\n<meta name=\"twitter:site\" content=\"@radioljubuski\" \/>\n<meta name=\"twitter:label1\" content=\"Napisao\/la\" \/>\n\t<meta name=\"twitter:data1\" content=\"Radio Ljubu\u0161ki\" \/>\n\t<meta name=\"twitter:label2\" content=\"Procijenjeno vrijeme \u010ditanja\" \/>\n\t<meta name=\"twitter:data2\" content=\"2 minute\" \/>\n<script type=\"application\/ld+json\" class=\"yoast-schema-graph\">{\"@context\":\"https:\\\/\\\/schema.org\",\"@graph\":[{\"@type\":\"Article\",\"@id\":\"https:\\\/\\\/radioljubuski.ba\\\/index.php\\\/2021\\\/10\\\/11\\\/cavlovic-podnio-ostavku-lukic-novi-direktor-cibone\\\/#article\",\"isPartOf\":{\"@id\":\"https:\\\/\\\/radioljubuski.ba\\\/index.php\\\/2021\\\/10\\\/11\\\/cavlovic-podnio-ostavku-lukic-novi-direktor-cibone\\\/\"},\"author\":{\"name\":\"Radio Ljubu\u0161ki\",\"@id\":\"https:\\\/\\\/radioljubuski.ba\\\/#\\\/schema\\\/person\\\/19fc700381a780f69665d7956c469e3b\"},\"headline\":\"\u010cavlovi\u0107 podnio ostavku, Luki\u0107 novi direktor Cibone\",\"datePublished\":\"2021-10-11T12:24:22+00:00\",\"dateModified\":\"2021-10-11T12:24:23+00:00\",\"mainEntityOfPage\":{\"@id\":\"https:\\\/\\\/radioljubuski.ba\\\/index.php\\\/2021\\\/10\\\/11\\\/cavlovic-podnio-ostavku-lukic-novi-direktor-cibone\\\/\"},\"wordCount\":515,\"publisher\":{\"@id\":\"https:\\\/\\\/radioljubuski.ba\\\/#organization\"},\"image\":{\"@id\":\"https:\\\/\\\/radioljubuski.ba\\\/index.php\\\/2021\\\/10\\\/11\\\/cavlovic-podnio-ostavku-lukic-novi-direktor-cibone\\\/#primaryimage\"},\"thumbnailUrl\":\"https:\\\/\\\/radioljubuski.ba\\\/wp-content\\\/uploads\\\/2021\\\/10\\\/FBaOKUPWYAASbOl.jpg\",\"articleSection\":[\"\u0160port\"],\"inLanguage\":\"hr\"},{\"@type\":\"WebPage\",\"@id\":\"https:\\\/\\\/radioljubuski.ba\\\/index.php\\\/2021\\\/10\\\/11\\\/cavlovic-podnio-ostavku-lukic-novi-direktor-cibone\\\/\",\"url\":\"https:\\\/\\\/radioljubuski.ba\\\/index.php\\\/2021\\\/10\\\/11\\\/cavlovic-podnio-ostavku-lukic-novi-direktor-cibone\\\/\",\"name\":\"\u010cavlovi\u0107 podnio ostavku, Luki\u0107 novi direktor Cibone - RADIO LJUBU\u0160KI\",\"isPartOf\":{\"@id\":\"https:\\\/\\\/radioljubuski.ba\\\/#website\"},\"primaryImageOfPage\":{\"@id\":\"https:\\\/\\\/radioljubuski.ba\\\/index.php\\\/2021\\\/10\\\/11\\\/cavlovic-podnio-ostavku-lukic-novi-direktor-cibone\\\/#primaryimage\"},\"image\":{\"@id\":\"https:\\\/\\\/radioljubuski.ba\\\/index.php\\\/2021\\\/10\\\/11\\\/cavlovic-podnio-ostavku-lukic-novi-direktor-cibone\\\/#primaryimage\"},\"thumbnailUrl\":\"https:\\\/\\\/radioljubuski.ba\\\/wp-content\\\/uploads\\\/2021\\\/10\\\/FBaOKUPWYAASbOl.jpg\",\"datePublished\":\"2021-10-11T12:24:22+00:00\",\"dateModified\":\"2021-10-11T12:24:23+00:00\",\"breadcrumb\":{\"@id\":\"https:\\\/\\\/radioljubuski.ba\\\/index.php\\\/2021\\\/10\\\/11\\\/cavlovic-podnio-ostavku-lukic-novi-direktor-cibone\\\/#breadcrumb\"},\"inLanguage\":\"hr\",\"potentialAction\":[{\"@type\":\"ReadAction\",\"target\":[\"https:\\\/\\\/radioljubuski.ba\\\/index.php\\\/2021\\\/10\\\/11\\\/cavlovic-podnio-ostavku-lukic-novi-direktor-cibone\\\/\"]}]},{\"@type\":\"ImageObject\",\"inLanguage\":\"hr\",\"@id\":\"https:\\\/\\\/radioljubuski.ba\\\/index.php\\\/2021\\\/10\\\/11\\\/cavlovic-podnio-ostavku-lukic-novi-direktor-cibone\\\/#primaryimage\",\"url\":\"https:\\\/\\\/radioljubuski.ba\\\/wp-content\\\/uploads\\\/2021\\\/10\\\/FBaOKUPWYAASbOl.jpg\",\"contentUrl\":\"https:\\\/\\\/radioljubuski.ba\\\/wp-content\\\/uploads\\\/2021\\\/10\\\/FBaOKUPWYAASbOl.jpg\",\"width\":680,\"height\":680},{\"@type\":\"BreadcrumbList\",\"@id\":\"https:\\\/\\\/radioljubuski.ba\\\/index.php\\\/2021\\\/10\\\/11\\\/cavlovic-podnio-ostavku-lukic-novi-direktor-cibone\\\/#breadcrumb\",\"itemListElement\":[{\"@type\":\"ListItem\",\"position\":1,\"name\":\"Po\u010detna stranica\",\"item\":\"https:\\\/\\\/radioljubuski.ba\\\/\"},{\"@type\":\"ListItem\",\"position\":2,\"name\":\"\u010cavlovi\u0107 podnio ostavku, Luki\u0107 novi direktor Cibone\"}]},{\"@type\":\"WebSite\",\"@id\":\"https:\\\/\\\/radioljubuski.ba\\\/#website\",\"url\":\"https:\\\/\\\/radioljubuski.ba\\\/\",\"name\":\"Radio Ljubu\u0161ki\",\"description\":\"Sun\u010dana frekvencija Hercegovine\",\"publisher\":{\"@id\":\"https:\\\/\\\/radioljubuski.ba\\\/#organization\"},\"potentialAction\":[{\"@type\":\"SearchAction\",\"target\":{\"@type\":\"EntryPoint\",\"urlTemplate\":\"https:\\\/\\\/radioljubuski.ba\\\/?s={search_term_string}\"},\"query-input\":{\"@type\":\"PropertyValueSpecification\",\"valueRequired\":true,\"valueName\":\"search_term_string\"}}],\"inLanguage\":\"hr\"},{\"@type\":\"Organization\",\"@id\":\"https:\\\/\\\/radioljubuski.ba\\\/#organization\",\"name\":\"Radio Ljubu\u0161ki\",\"url\":\"https:\\\/\\\/radioljubuski.ba\\\/\",\"logo\":{\"@type\":\"ImageObject\",\"inLanguage\":\"hr\",\"@id\":\"https:\\\/\\\/radioljubuski.ba\\\/#\\\/schema\\\/logo\\\/image\\\/\",\"url\":\"https:\\\/\\\/radioljubuski.ba\\\/wp-content\\\/uploads\\\/2021\\\/02\\\/cropped-Radio_Ljubuski_logo1.jpg\",\"contentUrl\":\"https:\\\/\\\/radioljubuski.ba\\\/wp-content\\\/uploads\\\/2021\\\/02\\\/cropped-Radio_Ljubuski_logo1.jpg\",\"width\":512,\"height\":512,\"caption\":\"Radio Ljubu\u0161ki\"},\"image\":{\"@id\":\"https:\\\/\\\/radioljubuski.ba\\\/#\\\/schema\\\/logo\\\/image\\\/\"},\"sameAs\":[\"https:\\\/\\\/www.facebook.com\\\/Radiio-Ljubuski-1490835324566332\",\"https:\\\/\\\/x.com\\\/radioljubuski\",\"https:\\\/\\\/hr.linkedin.com\\\/company\\\/radio-ljubuski\",\"https:\\\/\\\/www.youtube.com\\\/channel\\\/UCHYaeO_n0Db3tjNGudGpXyw\"]},{\"@type\":\"Person\",\"@id\":\"https:\\\/\\\/radioljubuski.ba\\\/#\\\/schema\\\/person\\\/19fc700381a780f69665d7956c469e3b\",\"name\":\"Radio Ljubu\u0161ki\"}]}<\/script>\n<!-- \/ Yoast SEO plugin. -->","yoast_head_json":{"title":"\u010cavlovi\u0107 podnio ostavku, Luki\u0107 novi direktor Cibone - RADIO LJUBU\u0160KI","robots":{"index":"index","follow":"follow","max-snippet":"max-snippet:-1","max-image-preview":"max-image-preview:large","max-video-preview":"max-video-preview:-1"},"canonical":"https:\/\/radioljubuski.ba\/index.php\/2021\/10\/11\/cavlovic-podnio-ostavku-lukic-novi-direktor-cibone\/","og_locale":"hr_HR","og_type":"article","og_title":"\u010cavlovi\u0107 podnio ostavku, Luki\u0107 novi direktor Cibone - RADIO LJUBU\u0160KI","og_description":"Dosada\u0161nji direktor Ko\u0161arka\u0161kog kluba Cibona Domagoj \u010cavlovi\u0107 podnio je ostavku na tu du\u017enost iz osobnih razloga neposredno prije odr\u017eavanja Skup\u0161tine kluba u ponedjeljak, a umjesto njega je na to mjesto kao vr\u0161itelj du\u017enosti imenovan Mauro Luki\u0107. Na Skup\u0161tini KK Cibona imenovani su novi \u010dlanovi Skup\u0161tine, formirani su Nadzorni odbor i Upravni odbor, izvr\u0161ena su imenovanja [&hellip;]","og_url":"https:\/\/radioljubuski.ba\/index.php\/2021\/10\/11\/cavlovic-podnio-ostavku-lukic-novi-direktor-cibone\/","og_site_name":"RADIO LJUBU\u0160KI","article_publisher":"https:\/\/www.facebook.com\/Radiio-Ljubuski-1490835324566332","article_published_time":"2021-10-11T12:24:22+00:00","article_modified_time":"2021-10-11T12:24:23+00:00","og_image":[{"width":680,"height":680,"url":"https:\/\/radioljubuski.ba\/wp-content\/uploads\/2021\/10\/FBaOKUPWYAASbOl.jpg","type":"image\/jpeg"}],"author":"Radio Ljubu\u0161ki","twitter_card":"summary_large_image","twitter_creator":"@radioljubuski","twitter_site":"@radioljubuski","twitter_misc":{"Napisao\/la":"Radio Ljubu\u0161ki","Procijenjeno vrijeme \u010ditanja":"2 minute"},"schema":{"@context":"https:\/\/schema.org","@graph":[{"@type":"Article","@id":"https:\/\/radioljubuski.ba\/index.php\/2021\/10\/11\/cavlovic-podnio-ostavku-lukic-novi-direktor-cibone\/#article","isPartOf":{"@id":"https:\/\/radioljubuski.ba\/index.php\/2021\/10\/11\/cavlovic-podnio-ostavku-lukic-novi-direktor-cibone\/"},"author":{"name":"Radio Ljubu\u0161ki","@id":"https:\/\/radioljubuski.ba\/#\/schema\/person\/19fc700381a780f69665d7956c469e3b"},"headline":"\u010cavlovi\u0107 podnio ostavku, Luki\u0107 novi direktor Cibone","datePublished":"2021-10-11T12:24:22+00:00","dateModified":"2021-10-11T12:24:23+00:00","mainEntityOfPage":{"@id":"https:\/\/radioljubuski.ba\/index.php\/2021\/10\/11\/cavlovic-podnio-ostavku-lukic-novi-direktor-cibone\/"},"wordCount":515,"publisher":{"@id":"https:\/\/radioljubuski.ba\/#organization"},"image":{"@id":"https:\/\/radioljubuski.ba\/index.php\/2021\/10\/11\/cavlovic-podnio-ostavku-lukic-novi-direktor-cibone\/#primaryimage"},"thumbnailUrl":"https:\/\/radioljubuski.ba\/wp-content\/uploads\/2021\/10\/FBaOKUPWYAASbOl.jpg","articleSection":["\u0160port"],"inLanguage":"hr"},{"@type":"WebPage","@id":"https:\/\/radioljubuski.ba\/index.php\/2021\/10\/11\/cavlovic-podnio-ostavku-lukic-novi-direktor-cibone\/","url":"https:\/\/radioljubuski.ba\/index.php\/2021\/10\/11\/cavlovic-podnio-ostavku-lukic-novi-direktor-cibone\/","name":"\u010cavlovi\u0107 podnio ostavku, Luki\u0107 novi direktor Cibone - RADIO LJUBU\u0160KI","isPartOf":{"@id":"https:\/\/radioljubuski.ba\/#website"},"primaryImageOfPage":{"@id":"https:\/\/radioljubuski.ba\/index.php\/2021\/10\/11\/cavlovic-podnio-ostavku-lukic-novi-direktor-cibone\/#primaryimage"},"image":{"@id":"https:\/\/radioljubuski.ba\/index.php\/2021\/10\/11\/cavlovic-podnio-ostavku-lukic-novi-direktor-cibone\/#primaryimage"},"thumbnailUrl":"https:\/\/radioljubuski.ba\/wp-content\/uploads\/2021\/10\/FBaOKUPWYAASbOl.jpg","datePublished":"2021-10-11T12:24:22+00:00","dateModified":"2021-10-11T12:24:23+00:00","breadcrumb":{"@id":"https:\/\/radioljubuski.ba\/index.php\/2021\/10\/11\/cavlovic-podnio-ostavku-lukic-novi-direktor-cibone\/#breadcrumb"},"inLanguage":"hr","potentialAction":[{"@type":"ReadAction","target":["https:\/\/radioljubuski.ba\/index.php\/2021\/10\/11\/cavlovic-podnio-ostavku-lukic-novi-direktor-cibone\/"]}]},{"@type":"ImageObject","inLanguage":"hr","@id":"https:\/\/radioljubuski.ba\/index.php\/2021\/10\/11\/cavlovic-podnio-ostavku-lukic-novi-direktor-cibone\/#primaryimage","url":"https:\/\/radioljubuski.ba\/wp-content\/uploads\/2021\/10\/FBaOKUPWYAASbOl.jpg","contentUrl":"https:\/\/radioljubuski.ba\/wp-content\/uploads\/2021\/10\/FBaOKUPWYAASbOl.jpg","width":680,"height":680},{"@type":"BreadcrumbList","@id":"https:\/\/radioljubuski.ba\/index.php\/2021\/10\/11\/cavlovic-podnio-ostavku-lukic-novi-direktor-cibone\/#breadcrumb","itemListElement":[{"@type":"ListItem","position":1,"name":"Po\u010detna stranica","item":"https:\/\/radioljubuski.ba\/"},{"@type":"ListItem","position":2,"name":"\u010cavlovi\u0107 podnio ostavku, Luki\u0107 novi direktor Cibone"}]},{"@type":"WebSite","@id":"https:\/\/radioljubuski.ba\/#website","url":"https:\/\/radioljubuski.ba\/","name":"Radio Ljubu\u0161ki","description":"Sun\u010dana frekvencija Hercegovine","publisher":{"@id":"https:\/\/radioljubuski.ba\/#organization"},"potentialAction":[{"@type":"SearchAction","target":{"@type":"EntryPoint","urlTemplate":"https:\/\/radioljubuski.ba\/?s={search_term_string}"},"query-input":{"@type":"PropertyValueSpecification","valueRequired":true,"valueName":"search_term_string"}}],"inLanguage":"hr"},{"@type":"Organization","@id":"https:\/\/radioljubuski.ba\/#organization","name":"Radio Ljubu\u0161ki","url":"https:\/\/radioljubuski.ba\/","logo":{"@type":"ImageObject","inLanguage":"hr","@id":"https:\/\/radioljubuski.ba\/#\/schema\/logo\/image\/","url":"https:\/\/radioljubuski.ba\/wp-content\/uploads\/2021\/02\/cropped-Radio_Ljubuski_logo1.jpg","contentUrl":"https:\/\/radioljubuski.ba\/wp-content\/uploads\/2021\/02\/cropped-Radio_Ljubuski_logo1.jpg","width":512,"height":512,"caption":"Radio Ljubu\u0161ki"},"image":{"@id":"https:\/\/radioljubuski.ba\/#\/schema\/logo\/image\/"},"sameAs":["https:\/\/www.facebook.com\/Radiio-Ljubuski-1490835324566332","https:\/\/x.com\/radioljubuski","https:\/\/hr.linkedin.com\/company\/radio-ljubuski","https:\/\/www.youtube.com\/channel\/UCHYaeO_n0Db3tjNGudGpXyw"]},{"@type":"Person","@id":"https:\/\/radioljubuski.ba\/#\/schema\/person\/19fc700381a780f69665d7956c469e3b","name":"Radio Ljubu\u0161ki"}]}},"_links":{"self":[{"href":"https:\/\/radioljubuski.ba\/index.php\/wp-json\/wp\/v2\/posts\/74373","targetHints":{"allow":["GET"]}}],"collection":[{"href":"https:\/\/radioljubuski.ba\/index.php\/wp-json\/wp\/v2\/posts"}],"about":[{"href":"https:\/\/radioljubuski.ba\/index.php\/wp-json\/wp\/v2\/types\/post"}],"author":[{"embeddable":true,"href":"https:\/\/radioljubuski.ba\/index.php\/wp-json\/wp\/v2\/users\/2"}],"replies":[{"embeddable":true,"href":"https:\/\/radioljubuski.ba\/index.php\/wp-json\/wp\/v2\/comments?post=74373"}],"version-history":[{"count":1,"href":"https:\/\/radioljubuski.ba\/index.php\/wp-json\/wp\/v2\/posts\/74373\/revisions"}],"predecessor-version":[{"id":74375,"href":"https:\/\/radioljubuski.ba\/index.php\/wp-json\/wp\/v2\/posts\/74373\/revisions\/74375"}],"wp:featuredmedia":[{"embeddable":true,"href":"https:\/\/radioljubuski.ba\/index.php\/wp-json\/wp\/v2\/media\/74374"}],"wp:attachment":[{"href":"https:\/\/radioljubuski.ba\/index.php\/wp-json\/wp\/v2\/media?parent=74373"}],"wp:term":[{"taxonomy":"category","embeddable":true,"href":"https:\/\/radioljubuski.ba\/index.php\/wp-json\/wp\/v2\/categories?post=74373"},{"taxonomy":"post_tag","embeddable":true,"href":"https:\/\/radioljubuski.ba\/index.php\/wp-json\/wp\/v2\/tags?post=74373"}],"curies":[{"name":"wp","href":"https:\/\/api.w.org\/{rel}","templated":true}]}}