{"id":74385,"date":"2021-10-11T22:47:55","date_gmt":"2021-10-11T21:47:55","guid":{"rendered":"https:\/\/radioljubuski.ba\/?p=74385"},"modified":"2021-10-11T22:47:57","modified_gmt":"2021-10-11T21:47:57","slug":"grabar-kitarovic-predsjednica-povjerenstva-za-izbor-domacina-oi-ja","status":"publish","type":"post","link":"https:\/\/radioljubuski.ba\/index.php\/2021\/10\/11\/grabar-kitarovic-predsjednica-povjerenstva-za-izbor-domacina-oi-ja\/","title":{"rendered":"Grabar-Kitarovi\u0107 predsjednica Povjerenstva za izbor doma\u0107ina OI-ja"},"content":{"rendered":"\n<p><strong>\u010celnik Me\u0111unarodnog olimpijskog odbora (MOO) Thomas Bach imenovao je \u010dlanicu MOO-a iz Hrvatske Kolindu Grabar-Kitarovi\u0107 predsjedavateljicom Povjerenstva za izbor budu\u0107ih doma\u0107ina olimpijskih i paraolimpijskih igara, objavio je Hrvatski olimpijski odbor.<\/strong><\/p>\n\n\n\n<p>To je novo veliko priznanje biv\u0161oj predsjednici Republike Hrvatske, nakon \u0161to je pro\u0161le godine primljena u \u010dlanstvo Me\u0111unarodnog olimpijskog odbora.\u00a0<br><br>Dosada\u0161nja predsjedavateljica spomenutog povjerenstva,\u00a0<strong>Kristin Kloster Aasen<\/strong>, podnijela je ostavku na du\u017enost nakon izbora u Izvr\u0161ni odbor MOO-a jer nijedan \u010dlan vode\u0107eg tijela ne mo\u017ee raditi u povjerenstvima za izbor doma\u0107ina Igara, kako bi se osiguralo \u0161to \u0161ire sudjelovanje \u010dlanova MOO-a u postupku odabira.<br><br>&#8211; Zahvalna sam na ovoj prilici za suradnju s potencijalnim doma\u0107inima na olimpijskim projektima, \u0161to \u0107e im pomo\u0107i i u postizanju njihovih dugoro\u010dnih ciljeva za razvoj, javno zdravstvo te uklju\u010divanje i sudjelovanje u sportu. To je uzbudljiva prilika za razvoj inovativnih na\u010dina usmjeravanja olimpijskih igara u budu\u0107nost i istra\u017eivanje izazova s \u200b\u200bkojima se susre\u0107u budu\u0107i doma\u0107ini, a jedan od njih su i klimatske promjene, izjavila je nova \u010delnica MOO-ova presti\u017enog povjerenstva Kolinda Grabar-Kitarovi\u0107.<\/p>\n\n\n\n<iframe loading=\"lazy\" src=\"https:\/\/www.facebook.com\/plugins\/post.php?href=https%3A%2F%2Fwww.facebook.com%2FHrvatskiolimpijskiodbor%2Fposts%2F4461003623979918&#038;show_text=true&#038;width=500\" width=\"500\" height=\"683\" style=\"border:none;overflow:hidden\" scrolling=\"no\" frameborder=\"0\" allowfullscreen=\"true\" allow=\"autoplay; clipboard-write; encrypted-media; picture-in-picture; web-share\"><\/iframe>\n\n\n\n<p>Odluku izvr\u0161nog odbora o imenovanju hrvatskog du\u017enosnika pozdravio je i predsjednik MOO-a Thomas Bach.<br><br>&#8211; Povjerenstva za odabir budu\u0107ih doma\u0107ina imaju va\u017enu ulogu u oblikovanju budu\u0107nosti olimpijskog pokreta. Kolinda Grabar-Kitarovi\u0107 donijet \u0107e bogate i raznolike vje\u0161tine i iskustvo, uklju\u010duju\u0107i i ono na najvi\u0161im razinama vlasti i u me\u0111unarodnim odnosima. Kao \u010dlanica istog povjerenstva ve\u0107 je pridonijela uspje\u0161nom provo\u0111enju prvih izbora prema novom pristupu izbora olimpijskih i paraolimpijskih doma\u0107ina, odabirom Brisbanea za doma\u0107ina ljetnih Olimpijskih igara 2032. godine, izjavio je Bach.&nbsp;<\/p>\n\n\n\n<p>Izvor:hrt.hr<\/p>\n","protected":false},"excerpt":{"rendered":"<p>\u010celnik Me\u0111unarodnog olimpijskog odbora (MOO) Thomas Bach imenovao je \u010dlanicu MOO-a iz Hrvatske Kolindu Grabar-Kitarovi\u0107 predsjedavateljicom Povjerenstva za izbor budu\u0107ih doma\u0107ina olimpijskih i paraolimpijskih igara, objavio je Hrvatski olimpijski odbor. To je novo veliko priznanje biv\u0161oj predsjednici Republike Hrvatske, nakon \u0161to je pro\u0161le godine primljena u \u010dlanstvo Me\u0111unarodnog olimpijskog odbora.\u00a0 Dosada\u0161nja predsjedavateljica spomenutog povjerenstva,\u00a0Kristin Kloster [&hellip;]<\/p>\n","protected":false},"author":2,"featured_media":0,"comment_status":"closed","ping_status":"closed","sticky":false,"template":"","format":"standard","meta":{"h5ap_radio_sources":[],"footnotes":""},"categories":[7],"tags":[],"class_list":["post-74385","post","type-post","status-publish","format-standard","hentry","category-sport"],"yoast_head":"<!-- This site is optimized with the Yoast SEO plugin v27.4 - https:\/\/yoast.com\/product\/yoast-seo-wordpress\/ -->\n<title>Grabar-Kitarovi\u0107 predsjednica Povjerenstva za izbor doma\u0107ina OI-ja - RADIO LJUBU\u0160KI<\/title>\n<meta name=\"robots\" content=\"index, follow, max-snippet:-1, max-image-preview:large, max-video-preview:-1\" \/>\n<link rel=\"canonical\" href=\"https:\/\/radioljubuski.ba\/index.php\/2021\/10\/11\/grabar-kitarovic-predsjednica-povjerenstva-za-izbor-domacina-oi-ja\/\" \/>\n<meta property=\"og:locale\" content=\"hr_HR\" \/>\n<meta property=\"og:type\" content=\"article\" \/>\n<meta property=\"og:title\" content=\"Grabar-Kitarovi\u0107 predsjednica Povjerenstva za izbor doma\u0107ina OI-ja - RADIO LJUBU\u0160KI\" \/>\n<meta property=\"og:description\" content=\"\u010celnik Me\u0111unarodnog olimpijskog odbora (MOO) Thomas Bach imenovao je \u010dlanicu MOO-a iz Hrvatske Kolindu Grabar-Kitarovi\u0107 predsjedavateljicom Povjerenstva za izbor budu\u0107ih doma\u0107ina olimpijskih i paraolimpijskih igara, objavio je Hrvatski olimpijski odbor. To je novo veliko priznanje biv\u0161oj predsjednici Republike Hrvatske, nakon \u0161to je pro\u0161le godine primljena u \u010dlanstvo Me\u0111unarodnog olimpijskog odbora.\u00a0 Dosada\u0161nja predsjedavateljica spomenutog povjerenstva,\u00a0Kristin Kloster [&hellip;]\" \/>\n<meta property=\"og:url\" content=\"https:\/\/radioljubuski.ba\/index.php\/2021\/10\/11\/grabar-kitarovic-predsjednica-povjerenstva-za-izbor-domacina-oi-ja\/\" \/>\n<meta property=\"og:site_name\" content=\"RADIO LJUBU\u0160KI\" \/>\n<meta property=\"article:publisher\" content=\"https:\/\/www.facebook.com\/Radiio-Ljubuski-1490835324566332\" \/>\n<meta property=\"article:published_time\" content=\"2021-10-11T21:47:55+00:00\" \/>\n<meta property=\"article:modified_time\" content=\"2021-10-11T21:47:57+00:00\" \/>\n<meta property=\"og:image\" content=\"https:\/\/radioljubuski.ba\/wp-content\/uploads\/2021\/10\/kolinda-grabar-kitarovic-20211011123616.jpg\" \/>\n\t<meta property=\"og:image:width\" content=\"873\" \/>\n\t<meta property=\"og:image:height\" content=\"567\" \/>\n\t<meta property=\"og:image:type\" content=\"image\/jpeg\" \/>\n<meta name=\"author\" content=\"Radio Ljubu\u0161ki\" \/>\n<meta name=\"twitter:card\" content=\"summary_large_image\" \/>\n<meta name=\"twitter:creator\" content=\"@radioljubuski\" \/>\n<meta name=\"twitter:site\" content=\"@radioljubuski\" \/>\n<meta name=\"twitter:label1\" content=\"Napisao\/la\" \/>\n\t<meta name=\"twitter:data1\" content=\"Radio Ljubu\u0161ki\" \/>\n\t<meta name=\"twitter:label2\" content=\"Procijenjeno vrijeme \u010ditanja\" \/>\n\t<meta name=\"twitter:data2\" content=\"2 minute\" \/>\n<script type=\"application\/ld+json\" class=\"yoast-schema-graph\">{\"@context\":\"https:\\\/\\\/schema.org\",\"@graph\":[{\"@type\":\"Article\",\"@id\":\"https:\\\/\\\/radioljubuski.ba\\\/index.php\\\/2021\\\/10\\\/11\\\/grabar-kitarovic-predsjednica-povjerenstva-za-izbor-domacina-oi-ja\\\/#article\",\"isPartOf\":{\"@id\":\"https:\\\/\\\/radioljubuski.ba\\\/index.php\\\/2021\\\/10\\\/11\\\/grabar-kitarovic-predsjednica-povjerenstva-za-izbor-domacina-oi-ja\\\/\"},\"author\":{\"name\":\"Radio Ljubu\u0161ki\",\"@id\":\"https:\\\/\\\/radioljubuski.ba\\\/#\\\/schema\\\/person\\\/19fc700381a780f69665d7956c469e3b\"},\"headline\":\"Grabar-Kitarovi\u0107 predsjednica Povjerenstva za izbor doma\u0107ina OI-ja\",\"datePublished\":\"2021-10-11T21:47:55+00:00\",\"dateModified\":\"2021-10-11T21:47:57+00:00\",\"mainEntityOfPage\":{\"@id\":\"https:\\\/\\\/radioljubuski.ba\\\/index.php\\\/2021\\\/10\\\/11\\\/grabar-kitarovic-predsjednica-povjerenstva-za-izbor-domacina-oi-ja\\\/\"},\"wordCount\":296,\"publisher\":{\"@id\":\"https:\\\/\\\/radioljubuski.ba\\\/#organization\"},\"articleSection\":[\"\u0160port\"],\"inLanguage\":\"hr\"},{\"@type\":\"WebPage\",\"@id\":\"https:\\\/\\\/radioljubuski.ba\\\/index.php\\\/2021\\\/10\\\/11\\\/grabar-kitarovic-predsjednica-povjerenstva-za-izbor-domacina-oi-ja\\\/\",\"url\":\"https:\\\/\\\/radioljubuski.ba\\\/index.php\\\/2021\\\/10\\\/11\\\/grabar-kitarovic-predsjednica-povjerenstva-za-izbor-domacina-oi-ja\\\/\",\"name\":\"Grabar-Kitarovi\u0107 predsjednica Povjerenstva za izbor doma\u0107ina OI-ja - RADIO LJUBU\u0160KI\",\"isPartOf\":{\"@id\":\"https:\\\/\\\/radioljubuski.ba\\\/#website\"},\"datePublished\":\"2021-10-11T21:47:55+00:00\",\"dateModified\":\"2021-10-11T21:47:57+00:00\",\"breadcrumb\":{\"@id\":\"https:\\\/\\\/radioljubuski.ba\\\/index.php\\\/2021\\\/10\\\/11\\\/grabar-kitarovic-predsjednica-povjerenstva-za-izbor-domacina-oi-ja\\\/#breadcrumb\"},\"inLanguage\":\"hr\",\"potentialAction\":[{\"@type\":\"ReadAction\",\"target\":[\"https:\\\/\\\/radioljubuski.ba\\\/index.php\\\/2021\\\/10\\\/11\\\/grabar-kitarovic-predsjednica-povjerenstva-za-izbor-domacina-oi-ja\\\/\"]}]},{\"@type\":\"BreadcrumbList\",\"@id\":\"https:\\\/\\\/radioljubuski.ba\\\/index.php\\\/2021\\\/10\\\/11\\\/grabar-kitarovic-predsjednica-povjerenstva-za-izbor-domacina-oi-ja\\\/#breadcrumb\",\"itemListElement\":[{\"@type\":\"ListItem\",\"position\":1,\"name\":\"Po\u010detna stranica\",\"item\":\"https:\\\/\\\/radioljubuski.ba\\\/\"},{\"@type\":\"ListItem\",\"position\":2,\"name\":\"Grabar-Kitarovi\u0107 predsjednica Povjerenstva za izbor doma\u0107ina OI-ja\"}]},{\"@type\":\"WebSite\",\"@id\":\"https:\\\/\\\/radioljubuski.ba\\\/#website\",\"url\":\"https:\\\/\\\/radioljubuski.ba\\\/\",\"name\":\"Radio Ljubu\u0161ki\",\"description\":\"Sun\u010dana frekvencija Hercegovine\",\"publisher\":{\"@id\":\"https:\\\/\\\/radioljubuski.ba\\\/#organization\"},\"potentialAction\":[{\"@type\":\"SearchAction\",\"target\":{\"@type\":\"EntryPoint\",\"urlTemplate\":\"https:\\\/\\\/radioljubuski.ba\\\/?s={search_term_string}\"},\"query-input\":{\"@type\":\"PropertyValueSpecification\",\"valueRequired\":true,\"valueName\":\"search_term_string\"}}],\"inLanguage\":\"hr\"},{\"@type\":\"Organization\",\"@id\":\"https:\\\/\\\/radioljubuski.ba\\\/#organization\",\"name\":\"Radio Ljubu\u0161ki\",\"url\":\"https:\\\/\\\/radioljubuski.ba\\\/\",\"logo\":{\"@type\":\"ImageObject\",\"inLanguage\":\"hr\",\"@id\":\"https:\\\/\\\/radioljubuski.ba\\\/#\\\/schema\\\/logo\\\/image\\\/\",\"url\":\"https:\\\/\\\/radioljubuski.ba\\\/wp-content\\\/uploads\\\/2021\\\/02\\\/cropped-Radio_Ljubuski_logo1.jpg\",\"contentUrl\":\"https:\\\/\\\/radioljubuski.ba\\\/wp-content\\\/uploads\\\/2021\\\/02\\\/cropped-Radio_Ljubuski_logo1.jpg\",\"width\":512,\"height\":512,\"caption\":\"Radio Ljubu\u0161ki\"},\"image\":{\"@id\":\"https:\\\/\\\/radioljubuski.ba\\\/#\\\/schema\\\/logo\\\/image\\\/\"},\"sameAs\":[\"https:\\\/\\\/www.facebook.com\\\/Radiio-Ljubuski-1490835324566332\",\"https:\\\/\\\/x.com\\\/radioljubuski\",\"https:\\\/\\\/hr.linkedin.com\\\/company\\\/radio-ljubuski\",\"https:\\\/\\\/www.youtube.com\\\/channel\\\/UCHYaeO_n0Db3tjNGudGpXyw\"]},{\"@type\":\"Person\",\"@id\":\"https:\\\/\\\/radioljubuski.ba\\\/#\\\/schema\\\/person\\\/19fc700381a780f69665d7956c469e3b\",\"name\":\"Radio Ljubu\u0161ki\"}]}<\/script>\n<!-- \/ Yoast SEO plugin. -->","yoast_head_json":{"title":"Grabar-Kitarovi\u0107 predsjednica Povjerenstva za izbor doma\u0107ina OI-ja - RADIO LJUBU\u0160KI","robots":{"index":"index","follow":"follow","max-snippet":"max-snippet:-1","max-image-preview":"max-image-preview:large","max-video-preview":"max-video-preview:-1"},"canonical":"https:\/\/radioljubuski.ba\/index.php\/2021\/10\/11\/grabar-kitarovic-predsjednica-povjerenstva-za-izbor-domacina-oi-ja\/","og_locale":"hr_HR","og_type":"article","og_title":"Grabar-Kitarovi\u0107 predsjednica Povjerenstva za izbor doma\u0107ina OI-ja - RADIO LJUBU\u0160KI","og_description":"\u010celnik Me\u0111unarodnog olimpijskog odbora (MOO) Thomas Bach imenovao je \u010dlanicu MOO-a iz Hrvatske Kolindu Grabar-Kitarovi\u0107 predsjedavateljicom Povjerenstva za izbor budu\u0107ih doma\u0107ina olimpijskih i paraolimpijskih igara, objavio je Hrvatski olimpijski odbor. To je novo veliko priznanje biv\u0161oj predsjednici Republike Hrvatske, nakon \u0161to je pro\u0161le godine primljena u \u010dlanstvo Me\u0111unarodnog olimpijskog odbora.\u00a0 Dosada\u0161nja predsjedavateljica spomenutog povjerenstva,\u00a0Kristin Kloster [&hellip;]","og_url":"https:\/\/radioljubuski.ba\/index.php\/2021\/10\/11\/grabar-kitarovic-predsjednica-povjerenstva-za-izbor-domacina-oi-ja\/","og_site_name":"RADIO LJUBU\u0160KI","article_publisher":"https:\/\/www.facebook.com\/Radiio-Ljubuski-1490835324566332","article_published_time":"2021-10-11T21:47:55+00:00","article_modified_time":"2021-10-11T21:47:57+00:00","og_image":[{"width":873,"height":567,"url":"https:\/\/radioljubuski.ba\/wp-content\/uploads\/2021\/10\/kolinda-grabar-kitarovic-20211011123616.jpg","type":"image\/jpeg"}],"author":"Radio Ljubu\u0161ki","twitter_card":"summary_large_image","twitter_creator":"@radioljubuski","twitter_site":"@radioljubuski","twitter_misc":{"Napisao\/la":"Radio Ljubu\u0161ki","Procijenjeno vrijeme \u010ditanja":"2 minute"},"schema":{"@context":"https:\/\/schema.org","@graph":[{"@type":"Article","@id":"https:\/\/radioljubuski.ba\/index.php\/2021\/10\/11\/grabar-kitarovic-predsjednica-povjerenstva-za-izbor-domacina-oi-ja\/#article","isPartOf":{"@id":"https:\/\/radioljubuski.ba\/index.php\/2021\/10\/11\/grabar-kitarovic-predsjednica-povjerenstva-za-izbor-domacina-oi-ja\/"},"author":{"name":"Radio Ljubu\u0161ki","@id":"https:\/\/radioljubuski.ba\/#\/schema\/person\/19fc700381a780f69665d7956c469e3b"},"headline":"Grabar-Kitarovi\u0107 predsjednica Povjerenstva za izbor doma\u0107ina OI-ja","datePublished":"2021-10-11T21:47:55+00:00","dateModified":"2021-10-11T21:47:57+00:00","mainEntityOfPage":{"@id":"https:\/\/radioljubuski.ba\/index.php\/2021\/10\/11\/grabar-kitarovic-predsjednica-povjerenstva-za-izbor-domacina-oi-ja\/"},"wordCount":296,"publisher":{"@id":"https:\/\/radioljubuski.ba\/#organization"},"articleSection":["\u0160port"],"inLanguage":"hr"},{"@type":"WebPage","@id":"https:\/\/radioljubuski.ba\/index.php\/2021\/10\/11\/grabar-kitarovic-predsjednica-povjerenstva-za-izbor-domacina-oi-ja\/","url":"https:\/\/radioljubuski.ba\/index.php\/2021\/10\/11\/grabar-kitarovic-predsjednica-povjerenstva-za-izbor-domacina-oi-ja\/","name":"Grabar-Kitarovi\u0107 predsjednica Povjerenstva za izbor doma\u0107ina OI-ja - RADIO LJUBU\u0160KI","isPartOf":{"@id":"https:\/\/radioljubuski.ba\/#website"},"datePublished":"2021-10-11T21:47:55+00:00","dateModified":"2021-10-11T21:47:57+00:00","breadcrumb":{"@id":"https:\/\/radioljubuski.ba\/index.php\/2021\/10\/11\/grabar-kitarovic-predsjednica-povjerenstva-za-izbor-domacina-oi-ja\/#breadcrumb"},"inLanguage":"hr","potentialAction":[{"@type":"ReadAction","target":["https:\/\/radioljubuski.ba\/index.php\/2021\/10\/11\/grabar-kitarovic-predsjednica-povjerenstva-za-izbor-domacina-oi-ja\/"]}]},{"@type":"BreadcrumbList","@id":"https:\/\/radioljubuski.ba\/index.php\/2021\/10\/11\/grabar-kitarovic-predsjednica-povjerenstva-za-izbor-domacina-oi-ja\/#breadcrumb","itemListElement":[{"@type":"ListItem","position":1,"name":"Po\u010detna stranica","item":"https:\/\/radioljubuski.ba\/"},{"@type":"ListItem","position":2,"name":"Grabar-Kitarovi\u0107 predsjednica Povjerenstva za izbor doma\u0107ina OI-ja"}]},{"@type":"WebSite","@id":"https:\/\/radioljubuski.ba\/#website","url":"https:\/\/radioljubuski.ba\/","name":"Radio Ljubu\u0161ki","description":"Sun\u010dana frekvencija Hercegovine","publisher":{"@id":"https:\/\/radioljubuski.ba\/#organization"},"potentialAction":[{"@type":"SearchAction","target":{"@type":"EntryPoint","urlTemplate":"https:\/\/radioljubuski.ba\/?s={search_term_string}"},"query-input":{"@type":"PropertyValueSpecification","valueRequired":true,"valueName":"search_term_string"}}],"inLanguage":"hr"},{"@type":"Organization","@id":"https:\/\/radioljubuski.ba\/#organization","name":"Radio Ljubu\u0161ki","url":"https:\/\/radioljubuski.ba\/","logo":{"@type":"ImageObject","inLanguage":"hr","@id":"https:\/\/radioljubuski.ba\/#\/schema\/logo\/image\/","url":"https:\/\/radioljubuski.ba\/wp-content\/uploads\/2021\/02\/cropped-Radio_Ljubuski_logo1.jpg","contentUrl":"https:\/\/radioljubuski.ba\/wp-content\/uploads\/2021\/02\/cropped-Radio_Ljubuski_logo1.jpg","width":512,"height":512,"caption":"Radio Ljubu\u0161ki"},"image":{"@id":"https:\/\/radioljubuski.ba\/#\/schema\/logo\/image\/"},"sameAs":["https:\/\/www.facebook.com\/Radiio-Ljubuski-1490835324566332","https:\/\/x.com\/radioljubuski","https:\/\/hr.linkedin.com\/company\/radio-ljubuski","https:\/\/www.youtube.com\/channel\/UCHYaeO_n0Db3tjNGudGpXyw"]},{"@type":"Person","@id":"https:\/\/radioljubuski.ba\/#\/schema\/person\/19fc700381a780f69665d7956c469e3b","name":"Radio Ljubu\u0161ki"}]}},"_links":{"self":[{"href":"https:\/\/radioljubuski.ba\/index.php\/wp-json\/wp\/v2\/posts\/74385","targetHints":{"allow":["GET"]}}],"collection":[{"href":"https:\/\/radioljubuski.ba\/index.php\/wp-json\/wp\/v2\/posts"}],"about":[{"href":"https:\/\/radioljubuski.ba\/index.php\/wp-json\/wp\/v2\/types\/post"}],"author":[{"embeddable":true,"href":"https:\/\/radioljubuski.ba\/index.php\/wp-json\/wp\/v2\/users\/2"}],"replies":[{"embeddable":true,"href":"https:\/\/radioljubuski.ba\/index.php\/wp-json\/wp\/v2\/comments?post=74385"}],"version-history":[{"count":1,"href":"https:\/\/radioljubuski.ba\/index.php\/wp-json\/wp\/v2\/posts\/74385\/revisions"}],"predecessor-version":[{"id":74387,"href":"https:\/\/radioljubuski.ba\/index.php\/wp-json\/wp\/v2\/posts\/74385\/revisions\/74387"}],"wp:attachment":[{"href":"https:\/\/radioljubuski.ba\/index.php\/wp-json\/wp\/v2\/media?parent=74385"}],"wp:term":[{"taxonomy":"category","embeddable":true,"href":"https:\/\/radioljubuski.ba\/index.php\/wp-json\/wp\/v2\/categories?post=74385"},{"taxonomy":"post_tag","embeddable":true,"href":"https:\/\/radioljubuski.ba\/index.php\/wp-json\/wp\/v2\/tags?post=74385"}],"curies":[{"name":"wp","href":"https:\/\/api.w.org\/{rel}","templated":true}]}}