{"id":74388,"date":"2021-10-11T22:49:05","date_gmt":"2021-10-11T21:49:05","guid":{"rendered":"https:\/\/radioljubuski.ba\/?p=74388"},"modified":"2021-10-11T22:49:06","modified_gmt":"2021-10-11T21:49:06","slug":"hamilton-ne-ocekujte-da-cu-biti-fin-i-pristojan-dok-traje-utrka","status":"publish","type":"post","link":"https:\/\/radioljubuski.ba\/index.php\/2021\/10\/11\/hamilton-ne-ocekujte-da-cu-biti-fin-i-pristojan-dok-traje-utrka\/","title":{"rendered":"Hamilton: Ne o\u010dekujte da \u0107u biti fin i pristojan dok traje utrka"},"content":{"rendered":"\n<p><strong>Britanac Lewis Hamilton izjavio je u ponedjeljak da nije bio bijesan na svoj tim nakon \u0161to ga je njihova strategija stajanja u boksu stajala pobjedni\u010dkog postolja na nedjeljnoj VN Turske, rekav\u0161i da je njegov bijes, koji se mogao \u010duti na radiju, do\u0161ao u \u017earu trenutka dok se borio za poziciju.<\/strong><\/p>\n\n\n\n<p>Sedmerostruki svjetski prvak, koji je zbog kazne jer je mijenjao motor utrku po\u010deo s 11. mjesta, lovio je tre\u0107u poziciju kada mu je re\u010deno da se ode u boks na promjenu guma, protivno njegovoj \u017eelji da ostane na stazi i poku\u0161a susti\u0107i Nizozemca<strong>&nbsp;Maxa Verstappena<\/strong>&nbsp;u Red Bullu.<\/p>\n\n\n\n<p>Hamilton je bio ljut kada je otkrio da je izgubio dva mjesta u boksu, zbog \u010dega je utrku zavr\u0161io kao peti i to se moglo \u010duti preko radija. Kako je Verstappen bio drugi na kraju u ukupnom poretku se popeo na prvo mjesto i ima \u0161est bodova prednosti ispred Hamiltona.<\/p>\n\n\n\n<p>&#8211; Nikada nemojte o\u010dekivati da \u0107u biti uljudan i smiren na radiju dok se utrkujem, svi smo jako strastveni i u \u017earu trenutka ta strast mo\u017ee iza\u0107i na vidjelo, kao i kod svih voza\u010da, napisao je Hamilton na Instagramu u ponedjeljak obja\u0161njavaju\u0107i svoju reakciju.<\/p>\n\n\n\n<p>&#8211; Moje srce i duh su vani na stazi, vatra u meni je ta koja me dovela dovde, ali svaka tjeskoba se brzo zaboravi i razgovarali smo o tome, ve\u0107 gledamo prema sljede\u0107im utrkama, dodao je.<\/p>\n\n\n\n<p>Dobavlja\u010d guma Formule 1 Pirelli podr\u017eao je u nedjelju strategiju Mercedesa, a&nbsp;<strong>Mario Isola<\/strong>&nbsp;je rekao da je bilo opasno da Hamilton svih 58 krugova vozi na istim gumama.<\/p>\n\n\n\n<p>Hamilton je nakon utrke rekao da mu je bilo te\u0161ko odustati od pozicije jer nije imao potpunu sliku.<\/p>\n\n\n\n<p>&#8211; Nije istina da sam bijesan na svoj tim, dodao je.&nbsp;<\/p>\n\n\n\n<p>&#8211; Kao tim naporno radimo na izgradnji najbolje mogu\u0107e strategije, ali kako utrka napreduje, morate donositi podijeljene odluke, puno se \u010dimbenika stalno mijenja.<\/p>\n\n\n\n<p>&#8211; Ju\u010der smo riskirali da ostanemo vani nadaju\u0107i se da \u0107e se staza osu\u0161iti, ali nije. Htio sam riskirati i poku\u0161ati oti\u0107i do kraja, ali to je bila moja odluka i ona nije prihva\u0107ena. Na kraju smo se odlu\u010dili za stajanje u boksu i to je bilo najsigurnije, rekao je na kraju Hamilton.&nbsp;<\/p>\n\n\n\n<p>Izvor:hrt.hr<\/p>\n","protected":false},"excerpt":{"rendered":"<p>Britanac Lewis Hamilton izjavio je u ponedjeljak da nije bio bijesan na svoj tim nakon \u0161to ga je njihova strategija stajanja u boksu stajala pobjedni\u010dkog postolja na nedjeljnoj VN Turske, rekav\u0161i da je njegov bijes, koji se mogao \u010duti na radiju, do\u0161ao u \u017earu trenutka dok se borio za poziciju. Sedmerostruki svjetski prvak, koji je [&hellip;]<\/p>\n","protected":false},"author":2,"featured_media":0,"comment_status":"closed","ping_status":"closed","sticky":false,"template":"","format":"standard","meta":{"h5ap_radio_sources":[],"footnotes":""},"categories":[7],"tags":[],"class_list":["post-74388","post","type-post","status-publish","format-standard","hentry","category-sport"],"yoast_head":"<!-- This site is optimized with the Yoast SEO plugin v27.4 - https:\/\/yoast.com\/product\/yoast-seo-wordpress\/ -->\n<title>Hamilton: Ne o\u010dekujte da \u0107u biti fin i pristojan dok traje utrka - RADIO LJUBU\u0160KI<\/title>\n<meta name=\"robots\" content=\"index, follow, max-snippet:-1, max-image-preview:large, max-video-preview:-1\" \/>\n<link rel=\"canonical\" href=\"https:\/\/radioljubuski.ba\/index.php\/2021\/10\/11\/hamilton-ne-ocekujte-da-cu-biti-fin-i-pristojan-dok-traje-utrka\/\" \/>\n<meta property=\"og:locale\" content=\"hr_HR\" \/>\n<meta property=\"og:type\" content=\"article\" \/>\n<meta property=\"og:title\" content=\"Hamilton: Ne o\u010dekujte da \u0107u biti fin i pristojan dok traje utrka - RADIO LJUBU\u0160KI\" \/>\n<meta property=\"og:description\" content=\"Britanac Lewis Hamilton izjavio je u ponedjeljak da nije bio bijesan na svoj tim nakon \u0161to ga je njihova strategija stajanja u boksu stajala pobjedni\u010dkog postolja na nedjeljnoj VN Turske, rekav\u0161i da je njegov bijes, koji se mogao \u010duti na radiju, do\u0161ao u \u017earu trenutka dok se borio za poziciju. Sedmerostruki svjetski prvak, koji je [&hellip;]\" \/>\n<meta property=\"og:url\" content=\"https:\/\/radioljubuski.ba\/index.php\/2021\/10\/11\/hamilton-ne-ocekujte-da-cu-biti-fin-i-pristojan-dok-traje-utrka\/\" \/>\n<meta property=\"og:site_name\" content=\"RADIO LJUBU\u0160KI\" \/>\n<meta property=\"article:publisher\" content=\"https:\/\/www.facebook.com\/Radiio-Ljubuski-1490835324566332\" \/>\n<meta property=\"article:published_time\" content=\"2021-10-11T21:49:05+00:00\" \/>\n<meta property=\"article:modified_time\" content=\"2021-10-11T21:49:06+00:00\" \/>\n<meta property=\"og:image\" content=\"https:\/\/radioljubuski.ba\/wp-content\/uploads\/2021\/10\/lewis-h-2021-10-10t114934z-163746408-up1ehaa0wuk5d-rtrmadp-3-motor-f1-turkey-20211011154403.jpg\" \/>\n\t<meta property=\"og:image:width\" content=\"1200\" \/>\n\t<meta property=\"og:image:height\" content=\"773\" \/>\n\t<meta property=\"og:image:type\" content=\"image\/jpeg\" \/>\n<meta name=\"author\" content=\"Radio Ljubu\u0161ki\" \/>\n<meta name=\"twitter:card\" content=\"summary_large_image\" \/>\n<meta name=\"twitter:creator\" content=\"@radioljubuski\" \/>\n<meta name=\"twitter:site\" content=\"@radioljubuski\" \/>\n<meta name=\"twitter:label1\" content=\"Napisao\/la\" \/>\n\t<meta name=\"twitter:data1\" content=\"Radio Ljubu\u0161ki\" \/>\n\t<meta name=\"twitter:label2\" content=\"Procijenjeno vrijeme \u010ditanja\" \/>\n\t<meta name=\"twitter:data2\" content=\"2 minute\" \/>\n<script type=\"application\/ld+json\" class=\"yoast-schema-graph\">{\"@context\":\"https:\\\/\\\/schema.org\",\"@graph\":[{\"@type\":\"Article\",\"@id\":\"https:\\\/\\\/radioljubuski.ba\\\/index.php\\\/2021\\\/10\\\/11\\\/hamilton-ne-ocekujte-da-cu-biti-fin-i-pristojan-dok-traje-utrka\\\/#article\",\"isPartOf\":{\"@id\":\"https:\\\/\\\/radioljubuski.ba\\\/index.php\\\/2021\\\/10\\\/11\\\/hamilton-ne-ocekujte-da-cu-biti-fin-i-pristojan-dok-traje-utrka\\\/\"},\"author\":{\"name\":\"Radio Ljubu\u0161ki\",\"@id\":\"https:\\\/\\\/radioljubuski.ba\\\/#\\\/schema\\\/person\\\/19fc700381a780f69665d7956c469e3b\"},\"headline\":\"Hamilton: Ne o\u010dekujte da \u0107u biti fin i pristojan dok traje utrka\",\"datePublished\":\"2021-10-11T21:49:05+00:00\",\"dateModified\":\"2021-10-11T21:49:06+00:00\",\"mainEntityOfPage\":{\"@id\":\"https:\\\/\\\/radioljubuski.ba\\\/index.php\\\/2021\\\/10\\\/11\\\/hamilton-ne-ocekujte-da-cu-biti-fin-i-pristojan-dok-traje-utrka\\\/\"},\"wordCount\":407,\"publisher\":{\"@id\":\"https:\\\/\\\/radioljubuski.ba\\\/#organization\"},\"articleSection\":[\"\u0160port\"],\"inLanguage\":\"hr\"},{\"@type\":\"WebPage\",\"@id\":\"https:\\\/\\\/radioljubuski.ba\\\/index.php\\\/2021\\\/10\\\/11\\\/hamilton-ne-ocekujte-da-cu-biti-fin-i-pristojan-dok-traje-utrka\\\/\",\"url\":\"https:\\\/\\\/radioljubuski.ba\\\/index.php\\\/2021\\\/10\\\/11\\\/hamilton-ne-ocekujte-da-cu-biti-fin-i-pristojan-dok-traje-utrka\\\/\",\"name\":\"Hamilton: Ne o\u010dekujte da \u0107u biti fin i pristojan dok traje utrka - RADIO LJUBU\u0160KI\",\"isPartOf\":{\"@id\":\"https:\\\/\\\/radioljubuski.ba\\\/#website\"},\"datePublished\":\"2021-10-11T21:49:05+00:00\",\"dateModified\":\"2021-10-11T21:49:06+00:00\",\"breadcrumb\":{\"@id\":\"https:\\\/\\\/radioljubuski.ba\\\/index.php\\\/2021\\\/10\\\/11\\\/hamilton-ne-ocekujte-da-cu-biti-fin-i-pristojan-dok-traje-utrka\\\/#breadcrumb\"},\"inLanguage\":\"hr\",\"potentialAction\":[{\"@type\":\"ReadAction\",\"target\":[\"https:\\\/\\\/radioljubuski.ba\\\/index.php\\\/2021\\\/10\\\/11\\\/hamilton-ne-ocekujte-da-cu-biti-fin-i-pristojan-dok-traje-utrka\\\/\"]}]},{\"@type\":\"BreadcrumbList\",\"@id\":\"https:\\\/\\\/radioljubuski.ba\\\/index.php\\\/2021\\\/10\\\/11\\\/hamilton-ne-ocekujte-da-cu-biti-fin-i-pristojan-dok-traje-utrka\\\/#breadcrumb\",\"itemListElement\":[{\"@type\":\"ListItem\",\"position\":1,\"name\":\"Po\u010detna stranica\",\"item\":\"https:\\\/\\\/radioljubuski.ba\\\/\"},{\"@type\":\"ListItem\",\"position\":2,\"name\":\"Hamilton: Ne o\u010dekujte da \u0107u biti fin i pristojan dok traje utrka\"}]},{\"@type\":\"WebSite\",\"@id\":\"https:\\\/\\\/radioljubuski.ba\\\/#website\",\"url\":\"https:\\\/\\\/radioljubuski.ba\\\/\",\"name\":\"Radio Ljubu\u0161ki\",\"description\":\"Sun\u010dana frekvencija Hercegovine\",\"publisher\":{\"@id\":\"https:\\\/\\\/radioljubuski.ba\\\/#organization\"},\"potentialAction\":[{\"@type\":\"SearchAction\",\"target\":{\"@type\":\"EntryPoint\",\"urlTemplate\":\"https:\\\/\\\/radioljubuski.ba\\\/?s={search_term_string}\"},\"query-input\":{\"@type\":\"PropertyValueSpecification\",\"valueRequired\":true,\"valueName\":\"search_term_string\"}}],\"inLanguage\":\"hr\"},{\"@type\":\"Organization\",\"@id\":\"https:\\\/\\\/radioljubuski.ba\\\/#organization\",\"name\":\"Radio Ljubu\u0161ki\",\"url\":\"https:\\\/\\\/radioljubuski.ba\\\/\",\"logo\":{\"@type\":\"ImageObject\",\"inLanguage\":\"hr\",\"@id\":\"https:\\\/\\\/radioljubuski.ba\\\/#\\\/schema\\\/logo\\\/image\\\/\",\"url\":\"https:\\\/\\\/radioljubuski.ba\\\/wp-content\\\/uploads\\\/2021\\\/02\\\/cropped-Radio_Ljubuski_logo1.jpg\",\"contentUrl\":\"https:\\\/\\\/radioljubuski.ba\\\/wp-content\\\/uploads\\\/2021\\\/02\\\/cropped-Radio_Ljubuski_logo1.jpg\",\"width\":512,\"height\":512,\"caption\":\"Radio Ljubu\u0161ki\"},\"image\":{\"@id\":\"https:\\\/\\\/radioljubuski.ba\\\/#\\\/schema\\\/logo\\\/image\\\/\"},\"sameAs\":[\"https:\\\/\\\/www.facebook.com\\\/Radiio-Ljubuski-1490835324566332\",\"https:\\\/\\\/x.com\\\/radioljubuski\",\"https:\\\/\\\/hr.linkedin.com\\\/company\\\/radio-ljubuski\",\"https:\\\/\\\/www.youtube.com\\\/channel\\\/UCHYaeO_n0Db3tjNGudGpXyw\"]},{\"@type\":\"Person\",\"@id\":\"https:\\\/\\\/radioljubuski.ba\\\/#\\\/schema\\\/person\\\/19fc700381a780f69665d7956c469e3b\",\"name\":\"Radio Ljubu\u0161ki\"}]}<\/script>\n<!-- \/ Yoast SEO plugin. -->","yoast_head_json":{"title":"Hamilton: Ne o\u010dekujte da \u0107u biti fin i pristojan dok traje utrka - RADIO LJUBU\u0160KI","robots":{"index":"index","follow":"follow","max-snippet":"max-snippet:-1","max-image-preview":"max-image-preview:large","max-video-preview":"max-video-preview:-1"},"canonical":"https:\/\/radioljubuski.ba\/index.php\/2021\/10\/11\/hamilton-ne-ocekujte-da-cu-biti-fin-i-pristojan-dok-traje-utrka\/","og_locale":"hr_HR","og_type":"article","og_title":"Hamilton: Ne o\u010dekujte da \u0107u biti fin i pristojan dok traje utrka - RADIO LJUBU\u0160KI","og_description":"Britanac Lewis Hamilton izjavio je u ponedjeljak da nije bio bijesan na svoj tim nakon \u0161to ga je njihova strategija stajanja u boksu stajala pobjedni\u010dkog postolja na nedjeljnoj VN Turske, rekav\u0161i da je njegov bijes, koji se mogao \u010duti na radiju, do\u0161ao u \u017earu trenutka dok se borio za poziciju. Sedmerostruki svjetski prvak, koji je [&hellip;]","og_url":"https:\/\/radioljubuski.ba\/index.php\/2021\/10\/11\/hamilton-ne-ocekujte-da-cu-biti-fin-i-pristojan-dok-traje-utrka\/","og_site_name":"RADIO LJUBU\u0160KI","article_publisher":"https:\/\/www.facebook.com\/Radiio-Ljubuski-1490835324566332","article_published_time":"2021-10-11T21:49:05+00:00","article_modified_time":"2021-10-11T21:49:06+00:00","og_image":[{"width":1200,"height":773,"url":"https:\/\/radioljubuski.ba\/wp-content\/uploads\/2021\/10\/lewis-h-2021-10-10t114934z-163746408-up1ehaa0wuk5d-rtrmadp-3-motor-f1-turkey-20211011154403.jpg","type":"image\/jpeg"}],"author":"Radio Ljubu\u0161ki","twitter_card":"summary_large_image","twitter_creator":"@radioljubuski","twitter_site":"@radioljubuski","twitter_misc":{"Napisao\/la":"Radio Ljubu\u0161ki","Procijenjeno vrijeme \u010ditanja":"2 minute"},"schema":{"@context":"https:\/\/schema.org","@graph":[{"@type":"Article","@id":"https:\/\/radioljubuski.ba\/index.php\/2021\/10\/11\/hamilton-ne-ocekujte-da-cu-biti-fin-i-pristojan-dok-traje-utrka\/#article","isPartOf":{"@id":"https:\/\/radioljubuski.ba\/index.php\/2021\/10\/11\/hamilton-ne-ocekujte-da-cu-biti-fin-i-pristojan-dok-traje-utrka\/"},"author":{"name":"Radio Ljubu\u0161ki","@id":"https:\/\/radioljubuski.ba\/#\/schema\/person\/19fc700381a780f69665d7956c469e3b"},"headline":"Hamilton: Ne o\u010dekujte da \u0107u biti fin i pristojan dok traje utrka","datePublished":"2021-10-11T21:49:05+00:00","dateModified":"2021-10-11T21:49:06+00:00","mainEntityOfPage":{"@id":"https:\/\/radioljubuski.ba\/index.php\/2021\/10\/11\/hamilton-ne-ocekujte-da-cu-biti-fin-i-pristojan-dok-traje-utrka\/"},"wordCount":407,"publisher":{"@id":"https:\/\/radioljubuski.ba\/#organization"},"articleSection":["\u0160port"],"inLanguage":"hr"},{"@type":"WebPage","@id":"https:\/\/radioljubuski.ba\/index.php\/2021\/10\/11\/hamilton-ne-ocekujte-da-cu-biti-fin-i-pristojan-dok-traje-utrka\/","url":"https:\/\/radioljubuski.ba\/index.php\/2021\/10\/11\/hamilton-ne-ocekujte-da-cu-biti-fin-i-pristojan-dok-traje-utrka\/","name":"Hamilton: Ne o\u010dekujte da \u0107u biti fin i pristojan dok traje utrka - RADIO LJUBU\u0160KI","isPartOf":{"@id":"https:\/\/radioljubuski.ba\/#website"},"datePublished":"2021-10-11T21:49:05+00:00","dateModified":"2021-10-11T21:49:06+00:00","breadcrumb":{"@id":"https:\/\/radioljubuski.ba\/index.php\/2021\/10\/11\/hamilton-ne-ocekujte-da-cu-biti-fin-i-pristojan-dok-traje-utrka\/#breadcrumb"},"inLanguage":"hr","potentialAction":[{"@type":"ReadAction","target":["https:\/\/radioljubuski.ba\/index.php\/2021\/10\/11\/hamilton-ne-ocekujte-da-cu-biti-fin-i-pristojan-dok-traje-utrka\/"]}]},{"@type":"BreadcrumbList","@id":"https:\/\/radioljubuski.ba\/index.php\/2021\/10\/11\/hamilton-ne-ocekujte-da-cu-biti-fin-i-pristojan-dok-traje-utrka\/#breadcrumb","itemListElement":[{"@type":"ListItem","position":1,"name":"Po\u010detna stranica","item":"https:\/\/radioljubuski.ba\/"},{"@type":"ListItem","position":2,"name":"Hamilton: Ne o\u010dekujte da \u0107u biti fin i pristojan dok traje utrka"}]},{"@type":"WebSite","@id":"https:\/\/radioljubuski.ba\/#website","url":"https:\/\/radioljubuski.ba\/","name":"Radio Ljubu\u0161ki","description":"Sun\u010dana frekvencija Hercegovine","publisher":{"@id":"https:\/\/radioljubuski.ba\/#organization"},"potentialAction":[{"@type":"SearchAction","target":{"@type":"EntryPoint","urlTemplate":"https:\/\/radioljubuski.ba\/?s={search_term_string}"},"query-input":{"@type":"PropertyValueSpecification","valueRequired":true,"valueName":"search_term_string"}}],"inLanguage":"hr"},{"@type":"Organization","@id":"https:\/\/radioljubuski.ba\/#organization","name":"Radio Ljubu\u0161ki","url":"https:\/\/radioljubuski.ba\/","logo":{"@type":"ImageObject","inLanguage":"hr","@id":"https:\/\/radioljubuski.ba\/#\/schema\/logo\/image\/","url":"https:\/\/radioljubuski.ba\/wp-content\/uploads\/2021\/02\/cropped-Radio_Ljubuski_logo1.jpg","contentUrl":"https:\/\/radioljubuski.ba\/wp-content\/uploads\/2021\/02\/cropped-Radio_Ljubuski_logo1.jpg","width":512,"height":512,"caption":"Radio Ljubu\u0161ki"},"image":{"@id":"https:\/\/radioljubuski.ba\/#\/schema\/logo\/image\/"},"sameAs":["https:\/\/www.facebook.com\/Radiio-Ljubuski-1490835324566332","https:\/\/x.com\/radioljubuski","https:\/\/hr.linkedin.com\/company\/radio-ljubuski","https:\/\/www.youtube.com\/channel\/UCHYaeO_n0Db3tjNGudGpXyw"]},{"@type":"Person","@id":"https:\/\/radioljubuski.ba\/#\/schema\/person\/19fc700381a780f69665d7956c469e3b","name":"Radio Ljubu\u0161ki"}]}},"_links":{"self":[{"href":"https:\/\/radioljubuski.ba\/index.php\/wp-json\/wp\/v2\/posts\/74388","targetHints":{"allow":["GET"]}}],"collection":[{"href":"https:\/\/radioljubuski.ba\/index.php\/wp-json\/wp\/v2\/posts"}],"about":[{"href":"https:\/\/radioljubuski.ba\/index.php\/wp-json\/wp\/v2\/types\/post"}],"author":[{"embeddable":true,"href":"https:\/\/radioljubuski.ba\/index.php\/wp-json\/wp\/v2\/users\/2"}],"replies":[{"embeddable":true,"href":"https:\/\/radioljubuski.ba\/index.php\/wp-json\/wp\/v2\/comments?post=74388"}],"version-history":[{"count":1,"href":"https:\/\/radioljubuski.ba\/index.php\/wp-json\/wp\/v2\/posts\/74388\/revisions"}],"predecessor-version":[{"id":74390,"href":"https:\/\/radioljubuski.ba\/index.php\/wp-json\/wp\/v2\/posts\/74388\/revisions\/74390"}],"wp:attachment":[{"href":"https:\/\/radioljubuski.ba\/index.php\/wp-json\/wp\/v2\/media?parent=74388"}],"wp:term":[{"taxonomy":"category","embeddable":true,"href":"https:\/\/radioljubuski.ba\/index.php\/wp-json\/wp\/v2\/categories?post=74388"},{"taxonomy":"post_tag","embeddable":true,"href":"https:\/\/radioljubuski.ba\/index.php\/wp-json\/wp\/v2\/tags?post=74388"}],"curies":[{"name":"wp","href":"https:\/\/api.w.org\/{rel}","templated":true}]}}