{"id":7441,"date":"2021-03-28T01:15:58","date_gmt":"2021-03-28T00:15:58","guid":{"rendered":"https:\/\/radioljubuski.ba\/?p=7441"},"modified":"2021-03-28T01:16:00","modified_gmt":"2021-03-28T00:16:00","slug":"svi-pricaju-o-kolagenu-evo-zasto-ga-morate-isprobati","status":"publish","type":"post","link":"https:\/\/radioljubuski.ba\/index.php\/2021\/03\/28\/svi-pricaju-o-kolagenu-evo-zasto-ga-morate-isprobati\/","title":{"rendered":"Svi pri\u010daju o kolagenu \u2013 evo za\u0161to ga morate isprobati!"},"content":{"rendered":"\n<p><strong>Kolagen mo\u017eda prepoznajete kao sastojak va\u0161eg omiljenog losiona za tijelo ili kao sastav u dodacima prehrani. No, manji broj ljudi uop\u0107e zna \u0161to je to\u010dno kolagen i kako ga mo\u017ee uvrstiti u svakodnevni \u017eivot.<\/strong><\/p>\n\n\n\n<h2 class=\"wp-block-heading\">\u0160to je kolagen?<\/h2>\n\n\n\n<p>Kolagen je najbrojniji protein u na\u0161em tijelu. Nalazi se u kostima, mi\u0161i\u0107ima, ko\u017ei, krvnim \u017eilama, probavnom sustavu i tetivama. Kolagen poti\u010de ja\u010danje i elasti\u010dnost ko\u017ee, a kada je rije\u010d o zglobovima i tetivama, kolagen slu\u017ei kao \u201eljepilo\u201c za tijelo, pi\u0161e Centarzdravlja.hr.<\/p>\n\n\n\n<p><strong>Kolagen poti\u010de zdravlje ko\u017ee i kose, smanjuje degeneraciju i bol u zglobovima, ja\u010da metabolizam, mi\u0161i\u0107nu masu, kosti i daje energiju.<\/strong><\/p>\n\n\n\n<p>S godinama se proizvodnja kolagena usporava. To utje\u010de na pojavu bora, opu\u0161tanje ko\u017ee, pojavu boli u zglobovima zbog slabije ili stanjene hrskavice. Na smanjenu proizvodnju kolagena mogu utjecati i nezdrava prehrana, visoki unos \u0161e\u0107era u organizam, pu\u0161enje i preveliko izlaganje suncu. Isto tako, kolagen se mo\u017ee manje proizvoditi u tijelu ako imate takvu genetiku, manje unosite namirnice bogate kolagenom ili imate probavne smetnje.<\/p>\n\n\n\n<h2 class=\"wp-block-heading\">Kolagen \u2013 osnovni tipovi<\/h2>\n\n\n\n<p>Postoji nekoliko vrsta kolagena, a one su klasificirane kao kolagen tipa 1, 2 i 3.<\/p>\n\n\n\n<ul class=\"wp-block-list\"><li>Kolagen tipa 1 \u2013 90% ovog kolagena se nalazi u ko\u017ei, kosi, noktima, organima, kostima i ligamentima.<\/li><li>Kolagen tipa 2 \u2013 odnosi se na hrskavice.<\/li><li>Kolagen tipa 3 \u2013 odnosi se na proteine \u200b\u200bu kostima, hrskavicama, tetivama i drugim vezivnim tkivima.<\/li><\/ul>\n\n\n\n<p>Postoje mnogi oblici kolagena, a u organizam ga mo\u017eemo unositi putem hrane, kao dodatak prehrani u kapsulama, teku\u0107em obliku ili u prahu, ili koristiti neki od kozmeti\u010dkih preparata koji ima kolagen u sebi.<\/p>\n\n\n\n<p>\/HMS\/<\/p>\n","protected":false},"excerpt":{"rendered":"<p>Kolagen mo\u017eda prepoznajete kao sastojak va\u0161eg omiljenog losiona za tijelo ili kao sastav u dodacima prehrani. No, manji broj ljudi uop\u0107e zna \u0161to je to\u010dno kolagen i kako ga mo\u017ee uvrstiti u svakodnevni \u017eivot. \u0160to je kolagen? Kolagen je najbrojniji protein u na\u0161em tijelu. Nalazi se u kostima, mi\u0161i\u0107ima, ko\u017ei, krvnim \u017eilama, probavnom sustavu i [&hellip;]<\/p>\n","protected":false},"author":2,"featured_media":7442,"comment_status":"closed","ping_status":"closed","sticky":false,"template":"","format":"standard","meta":{"h5ap_radio_sources":[],"footnotes":""},"categories":[1],"tags":[],"class_list":["post-7441","post","type-post","status-publish","format-standard","has-post-thumbnail","hentry","category-bihiregija"],"yoast_head":"<!-- This site is optimized with the Yoast SEO plugin v27.4 - https:\/\/yoast.com\/product\/yoast-seo-wordpress\/ -->\n<title>Svi pri\u010daju o kolagenu \u2013 evo za\u0161to ga morate isprobati! - RADIO LJUBU\u0160KI<\/title>\n<meta name=\"robots\" content=\"index, follow, max-snippet:-1, max-image-preview:large, max-video-preview:-1\" \/>\n<link rel=\"canonical\" href=\"https:\/\/radioljubuski.ba\/index.php\/2021\/03\/28\/svi-pricaju-o-kolagenu-evo-zasto-ga-morate-isprobati\/\" \/>\n<meta property=\"og:locale\" content=\"hr_HR\" \/>\n<meta property=\"og:type\" content=\"article\" \/>\n<meta property=\"og:title\" content=\"Svi pri\u010daju o kolagenu \u2013 evo za\u0161to ga morate isprobati! - RADIO LJUBU\u0160KI\" \/>\n<meta property=\"og:description\" content=\"Kolagen mo\u017eda prepoznajete kao sastojak va\u0161eg omiljenog losiona za tijelo ili kao sastav u dodacima prehrani. No, manji broj ljudi uop\u0107e zna \u0161to je to\u010dno kolagen i kako ga mo\u017ee uvrstiti u svakodnevni \u017eivot. \u0160to je kolagen? Kolagen je najbrojniji protein u na\u0161em tijelu. Nalazi se u kostima, mi\u0161i\u0107ima, ko\u017ei, krvnim \u017eilama, probavnom sustavu i [&hellip;]\" \/>\n<meta property=\"og:url\" content=\"https:\/\/radioljubuski.ba\/index.php\/2021\/03\/28\/svi-pricaju-o-kolagenu-evo-zasto-ga-morate-isprobati\/\" \/>\n<meta property=\"og:site_name\" content=\"RADIO LJUBU\u0160KI\" \/>\n<meta property=\"article:publisher\" content=\"https:\/\/www.facebook.com\/Radiio-Ljubuski-1490835324566332\" \/>\n<meta property=\"article:published_time\" content=\"2021-03-28T00:15:58+00:00\" \/>\n<meta property=\"article:modified_time\" content=\"2021-03-28T00:16:00+00:00\" \/>\n<meta property=\"og:image\" content=\"https:\/\/radioljubuski.ba\/wp-content\/uploads\/2021\/03\/kolagen_za_zene.875x480.jpg\" \/>\n\t<meta property=\"og:image:width\" content=\"875\" \/>\n\t<meta property=\"og:image:height\" content=\"480\" \/>\n\t<meta property=\"og:image:type\" content=\"image\/jpeg\" \/>\n<meta name=\"author\" content=\"Radio Ljubu\u0161ki\" \/>\n<meta name=\"twitter:card\" content=\"summary_large_image\" \/>\n<meta name=\"twitter:creator\" content=\"@radioljubuski\" \/>\n<meta name=\"twitter:site\" content=\"@radioljubuski\" \/>\n<meta name=\"twitter:label1\" content=\"Napisao\/la\" \/>\n\t<meta name=\"twitter:data1\" content=\"Radio Ljubu\u0161ki\" \/>\n\t<meta name=\"twitter:label2\" content=\"Procijenjeno vrijeme \u010ditanja\" \/>\n\t<meta name=\"twitter:data2\" content=\"2 minute\" \/>\n<script type=\"application\/ld+json\" class=\"yoast-schema-graph\">{\"@context\":\"https:\\\/\\\/schema.org\",\"@graph\":[{\"@type\":\"Article\",\"@id\":\"https:\\\/\\\/radioljubuski.ba\\\/index.php\\\/2021\\\/03\\\/28\\\/svi-pricaju-o-kolagenu-evo-zasto-ga-morate-isprobati\\\/#article\",\"isPartOf\":{\"@id\":\"https:\\\/\\\/radioljubuski.ba\\\/index.php\\\/2021\\\/03\\\/28\\\/svi-pricaju-o-kolagenu-evo-zasto-ga-morate-isprobati\\\/\"},\"author\":{\"name\":\"Radio Ljubu\u0161ki\",\"@id\":\"https:\\\/\\\/radioljubuski.ba\\\/#\\\/schema\\\/person\\\/19fc700381a780f69665d7956c469e3b\"},\"headline\":\"Svi pri\u010daju o kolagenu \u2013 evo za\u0161to ga morate isprobati!\",\"datePublished\":\"2021-03-28T00:15:58+00:00\",\"dateModified\":\"2021-03-28T00:16:00+00:00\",\"mainEntityOfPage\":{\"@id\":\"https:\\\/\\\/radioljubuski.ba\\\/index.php\\\/2021\\\/03\\\/28\\\/svi-pricaju-o-kolagenu-evo-zasto-ga-morate-isprobati\\\/\"},\"wordCount\":286,\"publisher\":{\"@id\":\"https:\\\/\\\/radioljubuski.ba\\\/#organization\"},\"image\":{\"@id\":\"https:\\\/\\\/radioljubuski.ba\\\/index.php\\\/2021\\\/03\\\/28\\\/svi-pricaju-o-kolagenu-evo-zasto-ga-morate-isprobati\\\/#primaryimage\"},\"thumbnailUrl\":\"https:\\\/\\\/radioljubuski.ba\\\/wp-content\\\/uploads\\\/2021\\\/03\\\/kolagen_za_zene.875x480.jpg\",\"articleSection\":[\"BIH i regija\"],\"inLanguage\":\"hr\"},{\"@type\":\"WebPage\",\"@id\":\"https:\\\/\\\/radioljubuski.ba\\\/index.php\\\/2021\\\/03\\\/28\\\/svi-pricaju-o-kolagenu-evo-zasto-ga-morate-isprobati\\\/\",\"url\":\"https:\\\/\\\/radioljubuski.ba\\\/index.php\\\/2021\\\/03\\\/28\\\/svi-pricaju-o-kolagenu-evo-zasto-ga-morate-isprobati\\\/\",\"name\":\"Svi pri\u010daju o kolagenu \u2013 evo za\u0161to ga morate isprobati! - RADIO LJUBU\u0160KI\",\"isPartOf\":{\"@id\":\"https:\\\/\\\/radioljubuski.ba\\\/#website\"},\"primaryImageOfPage\":{\"@id\":\"https:\\\/\\\/radioljubuski.ba\\\/index.php\\\/2021\\\/03\\\/28\\\/svi-pricaju-o-kolagenu-evo-zasto-ga-morate-isprobati\\\/#primaryimage\"},\"image\":{\"@id\":\"https:\\\/\\\/radioljubuski.ba\\\/index.php\\\/2021\\\/03\\\/28\\\/svi-pricaju-o-kolagenu-evo-zasto-ga-morate-isprobati\\\/#primaryimage\"},\"thumbnailUrl\":\"https:\\\/\\\/radioljubuski.ba\\\/wp-content\\\/uploads\\\/2021\\\/03\\\/kolagen_za_zene.875x480.jpg\",\"datePublished\":\"2021-03-28T00:15:58+00:00\",\"dateModified\":\"2021-03-28T00:16:00+00:00\",\"breadcrumb\":{\"@id\":\"https:\\\/\\\/radioljubuski.ba\\\/index.php\\\/2021\\\/03\\\/28\\\/svi-pricaju-o-kolagenu-evo-zasto-ga-morate-isprobati\\\/#breadcrumb\"},\"inLanguage\":\"hr\",\"potentialAction\":[{\"@type\":\"ReadAction\",\"target\":[\"https:\\\/\\\/radioljubuski.ba\\\/index.php\\\/2021\\\/03\\\/28\\\/svi-pricaju-o-kolagenu-evo-zasto-ga-morate-isprobati\\\/\"]}]},{\"@type\":\"ImageObject\",\"inLanguage\":\"hr\",\"@id\":\"https:\\\/\\\/radioljubuski.ba\\\/index.php\\\/2021\\\/03\\\/28\\\/svi-pricaju-o-kolagenu-evo-zasto-ga-morate-isprobati\\\/#primaryimage\",\"url\":\"https:\\\/\\\/radioljubuski.ba\\\/wp-content\\\/uploads\\\/2021\\\/03\\\/kolagen_za_zene.875x480.jpg\",\"contentUrl\":\"https:\\\/\\\/radioljubuski.ba\\\/wp-content\\\/uploads\\\/2021\\\/03\\\/kolagen_za_zene.875x480.jpg\",\"width\":875,\"height\":480},{\"@type\":\"BreadcrumbList\",\"@id\":\"https:\\\/\\\/radioljubuski.ba\\\/index.php\\\/2021\\\/03\\\/28\\\/svi-pricaju-o-kolagenu-evo-zasto-ga-morate-isprobati\\\/#breadcrumb\",\"itemListElement\":[{\"@type\":\"ListItem\",\"position\":1,\"name\":\"Po\u010detna stranica\",\"item\":\"https:\\\/\\\/radioljubuski.ba\\\/\"},{\"@type\":\"ListItem\",\"position\":2,\"name\":\"Svi pri\u010daju o kolagenu \u2013 evo za\u0161to ga morate isprobati!\"}]},{\"@type\":\"WebSite\",\"@id\":\"https:\\\/\\\/radioljubuski.ba\\\/#website\",\"url\":\"https:\\\/\\\/radioljubuski.ba\\\/\",\"name\":\"Radio Ljubu\u0161ki\",\"description\":\"Sun\u010dana frekvencija Hercegovine\",\"publisher\":{\"@id\":\"https:\\\/\\\/radioljubuski.ba\\\/#organization\"},\"potentialAction\":[{\"@type\":\"SearchAction\",\"target\":{\"@type\":\"EntryPoint\",\"urlTemplate\":\"https:\\\/\\\/radioljubuski.ba\\\/?s={search_term_string}\"},\"query-input\":{\"@type\":\"PropertyValueSpecification\",\"valueRequired\":true,\"valueName\":\"search_term_string\"}}],\"inLanguage\":\"hr\"},{\"@type\":\"Organization\",\"@id\":\"https:\\\/\\\/radioljubuski.ba\\\/#organization\",\"name\":\"Radio Ljubu\u0161ki\",\"url\":\"https:\\\/\\\/radioljubuski.ba\\\/\",\"logo\":{\"@type\":\"ImageObject\",\"inLanguage\":\"hr\",\"@id\":\"https:\\\/\\\/radioljubuski.ba\\\/#\\\/schema\\\/logo\\\/image\\\/\",\"url\":\"https:\\\/\\\/radioljubuski.ba\\\/wp-content\\\/uploads\\\/2021\\\/02\\\/cropped-Radio_Ljubuski_logo1.jpg\",\"contentUrl\":\"https:\\\/\\\/radioljubuski.ba\\\/wp-content\\\/uploads\\\/2021\\\/02\\\/cropped-Radio_Ljubuski_logo1.jpg\",\"width\":512,\"height\":512,\"caption\":\"Radio Ljubu\u0161ki\"},\"image\":{\"@id\":\"https:\\\/\\\/radioljubuski.ba\\\/#\\\/schema\\\/logo\\\/image\\\/\"},\"sameAs\":[\"https:\\\/\\\/www.facebook.com\\\/Radiio-Ljubuski-1490835324566332\",\"https:\\\/\\\/x.com\\\/radioljubuski\",\"https:\\\/\\\/hr.linkedin.com\\\/company\\\/radio-ljubuski\",\"https:\\\/\\\/www.youtube.com\\\/channel\\\/UCHYaeO_n0Db3tjNGudGpXyw\"]},{\"@type\":\"Person\",\"@id\":\"https:\\\/\\\/radioljubuski.ba\\\/#\\\/schema\\\/person\\\/19fc700381a780f69665d7956c469e3b\",\"name\":\"Radio Ljubu\u0161ki\"}]}<\/script>\n<!-- \/ Yoast SEO plugin. -->","yoast_head_json":{"title":"Svi pri\u010daju o kolagenu \u2013 evo za\u0161to ga morate isprobati! - RADIO LJUBU\u0160KI","robots":{"index":"index","follow":"follow","max-snippet":"max-snippet:-1","max-image-preview":"max-image-preview:large","max-video-preview":"max-video-preview:-1"},"canonical":"https:\/\/radioljubuski.ba\/index.php\/2021\/03\/28\/svi-pricaju-o-kolagenu-evo-zasto-ga-morate-isprobati\/","og_locale":"hr_HR","og_type":"article","og_title":"Svi pri\u010daju o kolagenu \u2013 evo za\u0161to ga morate isprobati! - RADIO LJUBU\u0160KI","og_description":"Kolagen mo\u017eda prepoznajete kao sastojak va\u0161eg omiljenog losiona za tijelo ili kao sastav u dodacima prehrani. No, manji broj ljudi uop\u0107e zna \u0161to je to\u010dno kolagen i kako ga mo\u017ee uvrstiti u svakodnevni \u017eivot. \u0160to je kolagen? Kolagen je najbrojniji protein u na\u0161em tijelu. Nalazi se u kostima, mi\u0161i\u0107ima, ko\u017ei, krvnim \u017eilama, probavnom sustavu i [&hellip;]","og_url":"https:\/\/radioljubuski.ba\/index.php\/2021\/03\/28\/svi-pricaju-o-kolagenu-evo-zasto-ga-morate-isprobati\/","og_site_name":"RADIO LJUBU\u0160KI","article_publisher":"https:\/\/www.facebook.com\/Radiio-Ljubuski-1490835324566332","article_published_time":"2021-03-28T00:15:58+00:00","article_modified_time":"2021-03-28T00:16:00+00:00","og_image":[{"width":875,"height":480,"url":"https:\/\/radioljubuski.ba\/wp-content\/uploads\/2021\/03\/kolagen_za_zene.875x480.jpg","type":"image\/jpeg"}],"author":"Radio Ljubu\u0161ki","twitter_card":"summary_large_image","twitter_creator":"@radioljubuski","twitter_site":"@radioljubuski","twitter_misc":{"Napisao\/la":"Radio Ljubu\u0161ki","Procijenjeno vrijeme \u010ditanja":"2 minute"},"schema":{"@context":"https:\/\/schema.org","@graph":[{"@type":"Article","@id":"https:\/\/radioljubuski.ba\/index.php\/2021\/03\/28\/svi-pricaju-o-kolagenu-evo-zasto-ga-morate-isprobati\/#article","isPartOf":{"@id":"https:\/\/radioljubuski.ba\/index.php\/2021\/03\/28\/svi-pricaju-o-kolagenu-evo-zasto-ga-morate-isprobati\/"},"author":{"name":"Radio Ljubu\u0161ki","@id":"https:\/\/radioljubuski.ba\/#\/schema\/person\/19fc700381a780f69665d7956c469e3b"},"headline":"Svi pri\u010daju o kolagenu \u2013 evo za\u0161to ga morate isprobati!","datePublished":"2021-03-28T00:15:58+00:00","dateModified":"2021-03-28T00:16:00+00:00","mainEntityOfPage":{"@id":"https:\/\/radioljubuski.ba\/index.php\/2021\/03\/28\/svi-pricaju-o-kolagenu-evo-zasto-ga-morate-isprobati\/"},"wordCount":286,"publisher":{"@id":"https:\/\/radioljubuski.ba\/#organization"},"image":{"@id":"https:\/\/radioljubuski.ba\/index.php\/2021\/03\/28\/svi-pricaju-o-kolagenu-evo-zasto-ga-morate-isprobati\/#primaryimage"},"thumbnailUrl":"https:\/\/radioljubuski.ba\/wp-content\/uploads\/2021\/03\/kolagen_za_zene.875x480.jpg","articleSection":["BIH i regija"],"inLanguage":"hr"},{"@type":"WebPage","@id":"https:\/\/radioljubuski.ba\/index.php\/2021\/03\/28\/svi-pricaju-o-kolagenu-evo-zasto-ga-morate-isprobati\/","url":"https:\/\/radioljubuski.ba\/index.php\/2021\/03\/28\/svi-pricaju-o-kolagenu-evo-zasto-ga-morate-isprobati\/","name":"Svi pri\u010daju o kolagenu \u2013 evo za\u0161to ga morate isprobati! - RADIO LJUBU\u0160KI","isPartOf":{"@id":"https:\/\/radioljubuski.ba\/#website"},"primaryImageOfPage":{"@id":"https:\/\/radioljubuski.ba\/index.php\/2021\/03\/28\/svi-pricaju-o-kolagenu-evo-zasto-ga-morate-isprobati\/#primaryimage"},"image":{"@id":"https:\/\/radioljubuski.ba\/index.php\/2021\/03\/28\/svi-pricaju-o-kolagenu-evo-zasto-ga-morate-isprobati\/#primaryimage"},"thumbnailUrl":"https:\/\/radioljubuski.ba\/wp-content\/uploads\/2021\/03\/kolagen_za_zene.875x480.jpg","datePublished":"2021-03-28T00:15:58+00:00","dateModified":"2021-03-28T00:16:00+00:00","breadcrumb":{"@id":"https:\/\/radioljubuski.ba\/index.php\/2021\/03\/28\/svi-pricaju-o-kolagenu-evo-zasto-ga-morate-isprobati\/#breadcrumb"},"inLanguage":"hr","potentialAction":[{"@type":"ReadAction","target":["https:\/\/radioljubuski.ba\/index.php\/2021\/03\/28\/svi-pricaju-o-kolagenu-evo-zasto-ga-morate-isprobati\/"]}]},{"@type":"ImageObject","inLanguage":"hr","@id":"https:\/\/radioljubuski.ba\/index.php\/2021\/03\/28\/svi-pricaju-o-kolagenu-evo-zasto-ga-morate-isprobati\/#primaryimage","url":"https:\/\/radioljubuski.ba\/wp-content\/uploads\/2021\/03\/kolagen_za_zene.875x480.jpg","contentUrl":"https:\/\/radioljubuski.ba\/wp-content\/uploads\/2021\/03\/kolagen_za_zene.875x480.jpg","width":875,"height":480},{"@type":"BreadcrumbList","@id":"https:\/\/radioljubuski.ba\/index.php\/2021\/03\/28\/svi-pricaju-o-kolagenu-evo-zasto-ga-morate-isprobati\/#breadcrumb","itemListElement":[{"@type":"ListItem","position":1,"name":"Po\u010detna stranica","item":"https:\/\/radioljubuski.ba\/"},{"@type":"ListItem","position":2,"name":"Svi pri\u010daju o kolagenu \u2013 evo za\u0161to ga morate isprobati!"}]},{"@type":"WebSite","@id":"https:\/\/radioljubuski.ba\/#website","url":"https:\/\/radioljubuski.ba\/","name":"Radio Ljubu\u0161ki","description":"Sun\u010dana frekvencija Hercegovine","publisher":{"@id":"https:\/\/radioljubuski.ba\/#organization"},"potentialAction":[{"@type":"SearchAction","target":{"@type":"EntryPoint","urlTemplate":"https:\/\/radioljubuski.ba\/?s={search_term_string}"},"query-input":{"@type":"PropertyValueSpecification","valueRequired":true,"valueName":"search_term_string"}}],"inLanguage":"hr"},{"@type":"Organization","@id":"https:\/\/radioljubuski.ba\/#organization","name":"Radio Ljubu\u0161ki","url":"https:\/\/radioljubuski.ba\/","logo":{"@type":"ImageObject","inLanguage":"hr","@id":"https:\/\/radioljubuski.ba\/#\/schema\/logo\/image\/","url":"https:\/\/radioljubuski.ba\/wp-content\/uploads\/2021\/02\/cropped-Radio_Ljubuski_logo1.jpg","contentUrl":"https:\/\/radioljubuski.ba\/wp-content\/uploads\/2021\/02\/cropped-Radio_Ljubuski_logo1.jpg","width":512,"height":512,"caption":"Radio Ljubu\u0161ki"},"image":{"@id":"https:\/\/radioljubuski.ba\/#\/schema\/logo\/image\/"},"sameAs":["https:\/\/www.facebook.com\/Radiio-Ljubuski-1490835324566332","https:\/\/x.com\/radioljubuski","https:\/\/hr.linkedin.com\/company\/radio-ljubuski","https:\/\/www.youtube.com\/channel\/UCHYaeO_n0Db3tjNGudGpXyw"]},{"@type":"Person","@id":"https:\/\/radioljubuski.ba\/#\/schema\/person\/19fc700381a780f69665d7956c469e3b","name":"Radio Ljubu\u0161ki"}]}},"_links":{"self":[{"href":"https:\/\/radioljubuski.ba\/index.php\/wp-json\/wp\/v2\/posts\/7441","targetHints":{"allow":["GET"]}}],"collection":[{"href":"https:\/\/radioljubuski.ba\/index.php\/wp-json\/wp\/v2\/posts"}],"about":[{"href":"https:\/\/radioljubuski.ba\/index.php\/wp-json\/wp\/v2\/types\/post"}],"author":[{"embeddable":true,"href":"https:\/\/radioljubuski.ba\/index.php\/wp-json\/wp\/v2\/users\/2"}],"replies":[{"embeddable":true,"href":"https:\/\/radioljubuski.ba\/index.php\/wp-json\/wp\/v2\/comments?post=7441"}],"version-history":[{"count":1,"href":"https:\/\/radioljubuski.ba\/index.php\/wp-json\/wp\/v2\/posts\/7441\/revisions"}],"predecessor-version":[{"id":7443,"href":"https:\/\/radioljubuski.ba\/index.php\/wp-json\/wp\/v2\/posts\/7441\/revisions\/7443"}],"wp:featuredmedia":[{"embeddable":true,"href":"https:\/\/radioljubuski.ba\/index.php\/wp-json\/wp\/v2\/media\/7442"}],"wp:attachment":[{"href":"https:\/\/radioljubuski.ba\/index.php\/wp-json\/wp\/v2\/media?parent=7441"}],"wp:term":[{"taxonomy":"category","embeddable":true,"href":"https:\/\/radioljubuski.ba\/index.php\/wp-json\/wp\/v2\/categories?post=7441"},{"taxonomy":"post_tag","embeddable":true,"href":"https:\/\/radioljubuski.ba\/index.php\/wp-json\/wp\/v2\/tags?post=7441"}],"curies":[{"name":"wp","href":"https:\/\/api.w.org\/{rel}","templated":true}]}}