{"id":74453,"date":"2021-10-11T23:26:24","date_gmt":"2021-10-11T22:26:24","guid":{"rendered":"https:\/\/radioljubuski.ba\/?p=74453"},"modified":"2021-10-11T23:26:25","modified_gmt":"2021-10-11T22:26:25","slug":"izetbegovic-ako-se-ukloni-blokada-i-usvoji-proracun-bih-tada-cemo-sjesti-i-u-troje","status":"publish","type":"post","link":"https:\/\/radioljubuski.ba\/index.php\/2021\/10\/11\/izetbegovic-ako-se-ukloni-blokada-i-usvoji-proracun-bih-tada-cemo-sjesti-i-u-troje\/","title":{"rendered":"Izetbegovi\u0107: Ako se ukloni blokada i usvoji prora\u010dun BiH, tada \u0107emo sjesti i u troje"},"content":{"rendered":"\n<p><strong>Lider SDA Bakir Izetbegovi\u0107 izjavio je danas kako izlazak iz krize u kojoj se nalazi Bosna i Hercegovina vidi u tome \u0161to \u0107e Dodik prestati da radi ovakve stvari te poru\u010dio da \u201covo nije normalno pona\u0161anje, to je unesre\u0107ilo zemlju i entitet RS\u201d.<\/strong><\/p>\n\n\n\n<p>Kako je naveo u svome obra\u0107anju javnosti, europski prijatelji su tra\u017eili da se odr\u017ei sastanak jer se mora razgovarati o ovakvoj situaciji, odnosno krizi u kakvoj se nalazi Bosna i Hercegovina, prenosi N1.<\/p>\n\n\n\n<p>\u201cTrebali su biti prisutni kao medijatori europski prijatelji, me\u0111utim Dodik je meni poslao poruku da je on raspolo\u017een za takav jedan sastanak, ali bez stranaca \u2013 kako je on kazao \u2013 bez tutora, \u0161to sam ja odbio. Dodik je napravio situaciju koju je napravio i sad o\u010dekuje od mene da sazovem sastanak i da tra\u017eimo rje\u0161enja u troje. Sjedati ne\u0107emo, izuzev ako Dodik odustane od blokade koju je u ovom \u010dasu napravio dr\u017eavi. Ako se ukloni blokada i usvoji prora\u010dun BiH, tada \u0107emo sjesti i u troje\u201c, izri\u010dito je kazao Izetbegovi\u0107.<\/p>\n\n\n\n<p>Dodao je kako on ne \u017eeli razgovarati pod blokadama.<\/p>\n\n\n\n<p>\u201cTako sam postupio i kad je \u010covi\u0107 napravio sli\u010dnu stvar i onda bi da pregovora. Ne\u0107emo pregovarati pod pritiscima i ultimatumima\u201c, poru\u010dio je lider SDA.<\/p>\n\n\n\n<p><strong>\u201cNe mogu raditi posao OHR-a\u201d<\/strong><\/p>\n\n\n\n<p>Naglasio je da su neophodni prijatelji iz me\u0111unarodne zajednice u vezi s ovom situacijom, te rekao zbog kojeg razloga:<\/p>\n\n\n\n<p>\u201cOvaj problem koji imamo je izme\u0111u OHR-a i strane koju predvodi Dodik i vlasti u RS. OHR je zadu\u017een konkretno za rje\u0161avanje ovakvih situacija. Ne mogu ja raditi OHR-ov posao, niti mogu raditi posao Parlamentarne skup\u0161tine, niti raditi posao Tu\u017eiteljstva ili bh. Suda a za sve njih ovdje ima posla. Jer, sve ovo \u0161to Dodik nagovje\u0161tava, to vodi u napad na ustavni poredak, podrivanje vojne mo\u0107i, protuzakonito formiranje vojnih zakona\u2026 Ukoliko silom zaustavi rad SIPA-e ili prisustvo Oru\u017eanih snaga na teritoriji RS, onda je to ustavni poredak\u201c, zaklju\u010dio je Izetbegovi\u0107.<\/p>\n\n\n\n<p>Na pitanje novinara podr\u017eava li inicijativu federalnog ministra unutarnjih poslova Aljo\u0161e \u010campare koji je zatra\u017eio od Ustavnog suda Bosne i Hercegovine da pokrene proceduru utvr\u0111ivanja privremene nesposobnosti Milorada Dodika za vr\u0161enje funkcije \u010dlana Predsjedni\u0161tva Bosne i Hercegovine, Izetbegovi\u0107 je odgovorio da on \u201cne podr\u017eava ni\u0161ta \u0161to predla\u017ee \u010campara\u201d.<\/p>\n\n\n\n<p>\u201cAko imate stranu u BiH koja misli da ima pravo negirati genocid, slaviti ratne zlo\u010dince, ne po\u0161tovati vladavinu zakona, teritorijalni integritet, onda te\u0161ko da se s njima mo\u017eete dogovarati i to je razlog za\u0161to ne \u017eelim sjediti s \u010covi\u0107em i Dodikom. Oko bazi\u010dnih stvari nema pregovora. Da nije bilo politike Dodika u zadnjih 15 godina, ovo bi bila puno manje nesretna zemlja, uklju\u010duju\u0107i RS koja ima najsiroma\u0161nijeg umirovljenika u Europi i najvi\u0161u smrtnost od korone na svijetu i koju intenzivnije napu\u0161taju mladi nego u Federaciji BiH. Takva jedna neodgovorna politika koja te\u017ei da nas u konflikt dovede, to je sve proizvod Dodika i onih koji ga podr\u017eavaju i glasaju za njega. Sami snose posljedice kako trenutno \u017eive\u201c, naglasio je lider SDA.<\/p>\n\n\n\n<p><strong>\u201cUnesre\u0107io je entitet RS\u201d<\/strong><\/p>\n\n\n\n<p>Govorio je o tome i kako on vidi izlaz iz krize.<\/p>\n\n\n\n<p>\u201cU tome \u0161to \u0107emo se urazumiti, \u0161to \u0107e Dodik prestati da radi ovakve stvari. Ovo nije normalno pona\u0161anje, to je unesre\u0107ilo zemlju i entitet RS. Najsiroma\u0161niji umirovljenici i dalje glasaju za Dodika\u201c, rekao je.<\/p>\n\n\n\n<p>Izzetbegovi\u0107 je naveo i to kako ne\u0107e imati sastanak s \u010covi\u0107em, kako je on to najavio.<\/p>\n\n\n\n<p>\u201cPopit \u0107u kavu sa \u0160piri\u0107em i \u010covi\u0107em, to nije sastanak\u201d, zaklju\u010dio je.<\/p>\n\n\n\n<p>\/HMS\/<\/p>\n","protected":false},"excerpt":{"rendered":"<p>Lider SDA Bakir Izetbegovi\u0107 izjavio je danas kako izlazak iz krize u kojoj se nalazi Bosna i Hercegovina vidi u tome \u0161to \u0107e Dodik prestati da radi ovakve stvari te poru\u010dio da \u201covo nije normalno pona\u0161anje, to je unesre\u0107ilo zemlju i entitet RS\u201d. Kako je naveo u svome obra\u0107anju javnosti, europski prijatelji su tra\u017eili da [&hellip;]<\/p>\n","protected":false},"author":2,"featured_media":0,"comment_status":"closed","ping_status":"closed","sticky":false,"template":"","format":"standard","meta":{"h5ap_radio_sources":[],"footnotes":""},"categories":[1],"tags":[],"class_list":["post-74453","post","type-post","status-publish","format-standard","hentry","category-bihiregija"],"yoast_head":"<!-- This site is optimized with the Yoast SEO plugin v27.4 - https:\/\/yoast.com\/product\/yoast-seo-wordpress\/ -->\n<title>Izetbegovi\u0107: Ako se ukloni blokada i usvoji prora\u010dun BiH, tada \u0107emo sjesti i u troje - RADIO LJUBU\u0160KI<\/title>\n<meta name=\"robots\" content=\"index, follow, max-snippet:-1, max-image-preview:large, max-video-preview:-1\" \/>\n<link rel=\"canonical\" href=\"https:\/\/radioljubuski.ba\/index.php\/2021\/10\/11\/izetbegovic-ako-se-ukloni-blokada-i-usvoji-proracun-bih-tada-cemo-sjesti-i-u-troje\/\" \/>\n<meta property=\"og:locale\" content=\"hr_HR\" \/>\n<meta property=\"og:type\" content=\"article\" \/>\n<meta property=\"og:title\" content=\"Izetbegovi\u0107: Ako se ukloni blokada i usvoji prora\u010dun BiH, tada \u0107emo sjesti i u troje - RADIO LJUBU\u0160KI\" \/>\n<meta property=\"og:description\" content=\"Lider SDA Bakir Izetbegovi\u0107 izjavio je danas kako izlazak iz krize u kojoj se nalazi Bosna i Hercegovina vidi u tome \u0161to \u0107e Dodik prestati da radi ovakve stvari te poru\u010dio da \u201covo nije normalno pona\u0161anje, to je unesre\u0107ilo zemlju i entitet RS\u201d. Kako je naveo u svome obra\u0107anju javnosti, europski prijatelji su tra\u017eili da [&hellip;]\" \/>\n<meta property=\"og:url\" content=\"https:\/\/radioljubuski.ba\/index.php\/2021\/10\/11\/izetbegovic-ako-se-ukloni-blokada-i-usvoji-proracun-bih-tada-cemo-sjesti-i-u-troje\/\" \/>\n<meta property=\"og:site_name\" content=\"RADIO LJUBU\u0160KI\" \/>\n<meta property=\"article:publisher\" content=\"https:\/\/www.facebook.com\/Radiio-Ljubuski-1490835324566332\" \/>\n<meta property=\"article:published_time\" content=\"2021-10-11T22:26:24+00:00\" \/>\n<meta property=\"article:modified_time\" content=\"2021-10-11T22:26:25+00:00\" \/>\n<meta property=\"og:image\" content=\"https:\/\/radioljubuski.ba\/wp-content\/uploads\/2021\/06\/tMKaB0Lr_BAKIRS.jpg\" \/>\n\t<meta property=\"og:image:width\" content=\"1000\" \/>\n\t<meta property=\"og:image:height\" content=\"625\" \/>\n\t<meta property=\"og:image:type\" content=\"image\/jpeg\" \/>\n<meta name=\"author\" content=\"Radio Ljubu\u0161ki\" \/>\n<meta name=\"twitter:card\" content=\"summary_large_image\" \/>\n<meta name=\"twitter:creator\" content=\"@radioljubuski\" \/>\n<meta name=\"twitter:site\" content=\"@radioljubuski\" \/>\n<meta name=\"twitter:label1\" content=\"Napisao\/la\" \/>\n\t<meta name=\"twitter:data1\" content=\"Radio Ljubu\u0161ki\" \/>\n\t<meta name=\"twitter:label2\" content=\"Procijenjeno vrijeme \u010ditanja\" \/>\n\t<meta name=\"twitter:data2\" content=\"3 minute\" \/>\n<script type=\"application\/ld+json\" class=\"yoast-schema-graph\">{\"@context\":\"https:\\\/\\\/schema.org\",\"@graph\":[{\"@type\":\"Article\",\"@id\":\"https:\\\/\\\/radioljubuski.ba\\\/index.php\\\/2021\\\/10\\\/11\\\/izetbegovic-ako-se-ukloni-blokada-i-usvoji-proracun-bih-tada-cemo-sjesti-i-u-troje\\\/#article\",\"isPartOf\":{\"@id\":\"https:\\\/\\\/radioljubuski.ba\\\/index.php\\\/2021\\\/10\\\/11\\\/izetbegovic-ako-se-ukloni-blokada-i-usvoji-proracun-bih-tada-cemo-sjesti-i-u-troje\\\/\"},\"author\":{\"name\":\"Radio Ljubu\u0161ki\",\"@id\":\"https:\\\/\\\/radioljubuski.ba\\\/#\\\/schema\\\/person\\\/19fc700381a780f69665d7956c469e3b\"},\"headline\":\"Izetbegovi\u0107: Ako se ukloni blokada i usvoji prora\u010dun BiH, tada \u0107emo sjesti i u troje\",\"datePublished\":\"2021-10-11T22:26:24+00:00\",\"dateModified\":\"2021-10-11T22:26:25+00:00\",\"mainEntityOfPage\":{\"@id\":\"https:\\\/\\\/radioljubuski.ba\\\/index.php\\\/2021\\\/10\\\/11\\\/izetbegovic-ako-se-ukloni-blokada-i-usvoji-proracun-bih-tada-cemo-sjesti-i-u-troje\\\/\"},\"wordCount\":635,\"publisher\":{\"@id\":\"https:\\\/\\\/radioljubuski.ba\\\/#organization\"},\"articleSection\":[\"BIH i regija\"],\"inLanguage\":\"hr\"},{\"@type\":\"WebPage\",\"@id\":\"https:\\\/\\\/radioljubuski.ba\\\/index.php\\\/2021\\\/10\\\/11\\\/izetbegovic-ako-se-ukloni-blokada-i-usvoji-proracun-bih-tada-cemo-sjesti-i-u-troje\\\/\",\"url\":\"https:\\\/\\\/radioljubuski.ba\\\/index.php\\\/2021\\\/10\\\/11\\\/izetbegovic-ako-se-ukloni-blokada-i-usvoji-proracun-bih-tada-cemo-sjesti-i-u-troje\\\/\",\"name\":\"Izetbegovi\u0107: Ako se ukloni blokada i usvoji prora\u010dun BiH, tada \u0107emo sjesti i u troje - RADIO LJUBU\u0160KI\",\"isPartOf\":{\"@id\":\"https:\\\/\\\/radioljubuski.ba\\\/#website\"},\"datePublished\":\"2021-10-11T22:26:24+00:00\",\"dateModified\":\"2021-10-11T22:26:25+00:00\",\"breadcrumb\":{\"@id\":\"https:\\\/\\\/radioljubuski.ba\\\/index.php\\\/2021\\\/10\\\/11\\\/izetbegovic-ako-se-ukloni-blokada-i-usvoji-proracun-bih-tada-cemo-sjesti-i-u-troje\\\/#breadcrumb\"},\"inLanguage\":\"hr\",\"potentialAction\":[{\"@type\":\"ReadAction\",\"target\":[\"https:\\\/\\\/radioljubuski.ba\\\/index.php\\\/2021\\\/10\\\/11\\\/izetbegovic-ako-se-ukloni-blokada-i-usvoji-proracun-bih-tada-cemo-sjesti-i-u-troje\\\/\"]}]},{\"@type\":\"BreadcrumbList\",\"@id\":\"https:\\\/\\\/radioljubuski.ba\\\/index.php\\\/2021\\\/10\\\/11\\\/izetbegovic-ako-se-ukloni-blokada-i-usvoji-proracun-bih-tada-cemo-sjesti-i-u-troje\\\/#breadcrumb\",\"itemListElement\":[{\"@type\":\"ListItem\",\"position\":1,\"name\":\"Po\u010detna stranica\",\"item\":\"https:\\\/\\\/radioljubuski.ba\\\/\"},{\"@type\":\"ListItem\",\"position\":2,\"name\":\"Izetbegovi\u0107: Ako se ukloni blokada i usvoji prora\u010dun BiH, tada \u0107emo sjesti i u troje\"}]},{\"@type\":\"WebSite\",\"@id\":\"https:\\\/\\\/radioljubuski.ba\\\/#website\",\"url\":\"https:\\\/\\\/radioljubuski.ba\\\/\",\"name\":\"Radio Ljubu\u0161ki\",\"description\":\"Sun\u010dana frekvencija Hercegovine\",\"publisher\":{\"@id\":\"https:\\\/\\\/radioljubuski.ba\\\/#organization\"},\"potentialAction\":[{\"@type\":\"SearchAction\",\"target\":{\"@type\":\"EntryPoint\",\"urlTemplate\":\"https:\\\/\\\/radioljubuski.ba\\\/?s={search_term_string}\"},\"query-input\":{\"@type\":\"PropertyValueSpecification\",\"valueRequired\":true,\"valueName\":\"search_term_string\"}}],\"inLanguage\":\"hr\"},{\"@type\":\"Organization\",\"@id\":\"https:\\\/\\\/radioljubuski.ba\\\/#organization\",\"name\":\"Radio Ljubu\u0161ki\",\"url\":\"https:\\\/\\\/radioljubuski.ba\\\/\",\"logo\":{\"@type\":\"ImageObject\",\"inLanguage\":\"hr\",\"@id\":\"https:\\\/\\\/radioljubuski.ba\\\/#\\\/schema\\\/logo\\\/image\\\/\",\"url\":\"https:\\\/\\\/radioljubuski.ba\\\/wp-content\\\/uploads\\\/2021\\\/02\\\/cropped-Radio_Ljubuski_logo1.jpg\",\"contentUrl\":\"https:\\\/\\\/radioljubuski.ba\\\/wp-content\\\/uploads\\\/2021\\\/02\\\/cropped-Radio_Ljubuski_logo1.jpg\",\"width\":512,\"height\":512,\"caption\":\"Radio Ljubu\u0161ki\"},\"image\":{\"@id\":\"https:\\\/\\\/radioljubuski.ba\\\/#\\\/schema\\\/logo\\\/image\\\/\"},\"sameAs\":[\"https:\\\/\\\/www.facebook.com\\\/Radiio-Ljubuski-1490835324566332\",\"https:\\\/\\\/x.com\\\/radioljubuski\",\"https:\\\/\\\/hr.linkedin.com\\\/company\\\/radio-ljubuski\",\"https:\\\/\\\/www.youtube.com\\\/channel\\\/UCHYaeO_n0Db3tjNGudGpXyw\"]},{\"@type\":\"Person\",\"@id\":\"https:\\\/\\\/radioljubuski.ba\\\/#\\\/schema\\\/person\\\/19fc700381a780f69665d7956c469e3b\",\"name\":\"Radio Ljubu\u0161ki\"}]}<\/script>\n<!-- \/ Yoast SEO plugin. -->","yoast_head_json":{"title":"Izetbegovi\u0107: Ako se ukloni blokada i usvoji prora\u010dun BiH, tada \u0107emo sjesti i u troje - RADIO LJUBU\u0160KI","robots":{"index":"index","follow":"follow","max-snippet":"max-snippet:-1","max-image-preview":"max-image-preview:large","max-video-preview":"max-video-preview:-1"},"canonical":"https:\/\/radioljubuski.ba\/index.php\/2021\/10\/11\/izetbegovic-ako-se-ukloni-blokada-i-usvoji-proracun-bih-tada-cemo-sjesti-i-u-troje\/","og_locale":"hr_HR","og_type":"article","og_title":"Izetbegovi\u0107: Ako se ukloni blokada i usvoji prora\u010dun BiH, tada \u0107emo sjesti i u troje - RADIO LJUBU\u0160KI","og_description":"Lider SDA Bakir Izetbegovi\u0107 izjavio je danas kako izlazak iz krize u kojoj se nalazi Bosna i Hercegovina vidi u tome \u0161to \u0107e Dodik prestati da radi ovakve stvari te poru\u010dio da \u201covo nije normalno pona\u0161anje, to je unesre\u0107ilo zemlju i entitet RS\u201d. Kako je naveo u svome obra\u0107anju javnosti, europski prijatelji su tra\u017eili da [&hellip;]","og_url":"https:\/\/radioljubuski.ba\/index.php\/2021\/10\/11\/izetbegovic-ako-se-ukloni-blokada-i-usvoji-proracun-bih-tada-cemo-sjesti-i-u-troje\/","og_site_name":"RADIO LJUBU\u0160KI","article_publisher":"https:\/\/www.facebook.com\/Radiio-Ljubuski-1490835324566332","article_published_time":"2021-10-11T22:26:24+00:00","article_modified_time":"2021-10-11T22:26:25+00:00","og_image":[{"width":1000,"height":625,"url":"https:\/\/radioljubuski.ba\/wp-content\/uploads\/2021\/06\/tMKaB0Lr_BAKIRS.jpg","type":"image\/jpeg"}],"author":"Radio Ljubu\u0161ki","twitter_card":"summary_large_image","twitter_creator":"@radioljubuski","twitter_site":"@radioljubuski","twitter_misc":{"Napisao\/la":"Radio Ljubu\u0161ki","Procijenjeno vrijeme \u010ditanja":"3 minute"},"schema":{"@context":"https:\/\/schema.org","@graph":[{"@type":"Article","@id":"https:\/\/radioljubuski.ba\/index.php\/2021\/10\/11\/izetbegovic-ako-se-ukloni-blokada-i-usvoji-proracun-bih-tada-cemo-sjesti-i-u-troje\/#article","isPartOf":{"@id":"https:\/\/radioljubuski.ba\/index.php\/2021\/10\/11\/izetbegovic-ako-se-ukloni-blokada-i-usvoji-proracun-bih-tada-cemo-sjesti-i-u-troje\/"},"author":{"name":"Radio Ljubu\u0161ki","@id":"https:\/\/radioljubuski.ba\/#\/schema\/person\/19fc700381a780f69665d7956c469e3b"},"headline":"Izetbegovi\u0107: Ako se ukloni blokada i usvoji prora\u010dun BiH, tada \u0107emo sjesti i u troje","datePublished":"2021-10-11T22:26:24+00:00","dateModified":"2021-10-11T22:26:25+00:00","mainEntityOfPage":{"@id":"https:\/\/radioljubuski.ba\/index.php\/2021\/10\/11\/izetbegovic-ako-se-ukloni-blokada-i-usvoji-proracun-bih-tada-cemo-sjesti-i-u-troje\/"},"wordCount":635,"publisher":{"@id":"https:\/\/radioljubuski.ba\/#organization"},"articleSection":["BIH i regija"],"inLanguage":"hr"},{"@type":"WebPage","@id":"https:\/\/radioljubuski.ba\/index.php\/2021\/10\/11\/izetbegovic-ako-se-ukloni-blokada-i-usvoji-proracun-bih-tada-cemo-sjesti-i-u-troje\/","url":"https:\/\/radioljubuski.ba\/index.php\/2021\/10\/11\/izetbegovic-ako-se-ukloni-blokada-i-usvoji-proracun-bih-tada-cemo-sjesti-i-u-troje\/","name":"Izetbegovi\u0107: Ako se ukloni blokada i usvoji prora\u010dun BiH, tada \u0107emo sjesti i u troje - RADIO LJUBU\u0160KI","isPartOf":{"@id":"https:\/\/radioljubuski.ba\/#website"},"datePublished":"2021-10-11T22:26:24+00:00","dateModified":"2021-10-11T22:26:25+00:00","breadcrumb":{"@id":"https:\/\/radioljubuski.ba\/index.php\/2021\/10\/11\/izetbegovic-ako-se-ukloni-blokada-i-usvoji-proracun-bih-tada-cemo-sjesti-i-u-troje\/#breadcrumb"},"inLanguage":"hr","potentialAction":[{"@type":"ReadAction","target":["https:\/\/radioljubuski.ba\/index.php\/2021\/10\/11\/izetbegovic-ako-se-ukloni-blokada-i-usvoji-proracun-bih-tada-cemo-sjesti-i-u-troje\/"]}]},{"@type":"BreadcrumbList","@id":"https:\/\/radioljubuski.ba\/index.php\/2021\/10\/11\/izetbegovic-ako-se-ukloni-blokada-i-usvoji-proracun-bih-tada-cemo-sjesti-i-u-troje\/#breadcrumb","itemListElement":[{"@type":"ListItem","position":1,"name":"Po\u010detna stranica","item":"https:\/\/radioljubuski.ba\/"},{"@type":"ListItem","position":2,"name":"Izetbegovi\u0107: Ako se ukloni blokada i usvoji prora\u010dun BiH, tada \u0107emo sjesti i u troje"}]},{"@type":"WebSite","@id":"https:\/\/radioljubuski.ba\/#website","url":"https:\/\/radioljubuski.ba\/","name":"Radio Ljubu\u0161ki","description":"Sun\u010dana frekvencija Hercegovine","publisher":{"@id":"https:\/\/radioljubuski.ba\/#organization"},"potentialAction":[{"@type":"SearchAction","target":{"@type":"EntryPoint","urlTemplate":"https:\/\/radioljubuski.ba\/?s={search_term_string}"},"query-input":{"@type":"PropertyValueSpecification","valueRequired":true,"valueName":"search_term_string"}}],"inLanguage":"hr"},{"@type":"Organization","@id":"https:\/\/radioljubuski.ba\/#organization","name":"Radio Ljubu\u0161ki","url":"https:\/\/radioljubuski.ba\/","logo":{"@type":"ImageObject","inLanguage":"hr","@id":"https:\/\/radioljubuski.ba\/#\/schema\/logo\/image\/","url":"https:\/\/radioljubuski.ba\/wp-content\/uploads\/2021\/02\/cropped-Radio_Ljubuski_logo1.jpg","contentUrl":"https:\/\/radioljubuski.ba\/wp-content\/uploads\/2021\/02\/cropped-Radio_Ljubuski_logo1.jpg","width":512,"height":512,"caption":"Radio Ljubu\u0161ki"},"image":{"@id":"https:\/\/radioljubuski.ba\/#\/schema\/logo\/image\/"},"sameAs":["https:\/\/www.facebook.com\/Radiio-Ljubuski-1490835324566332","https:\/\/x.com\/radioljubuski","https:\/\/hr.linkedin.com\/company\/radio-ljubuski","https:\/\/www.youtube.com\/channel\/UCHYaeO_n0Db3tjNGudGpXyw"]},{"@type":"Person","@id":"https:\/\/radioljubuski.ba\/#\/schema\/person\/19fc700381a780f69665d7956c469e3b","name":"Radio Ljubu\u0161ki"}]}},"_links":{"self":[{"href":"https:\/\/radioljubuski.ba\/index.php\/wp-json\/wp\/v2\/posts\/74453","targetHints":{"allow":["GET"]}}],"collection":[{"href":"https:\/\/radioljubuski.ba\/index.php\/wp-json\/wp\/v2\/posts"}],"about":[{"href":"https:\/\/radioljubuski.ba\/index.php\/wp-json\/wp\/v2\/types\/post"}],"author":[{"embeddable":true,"href":"https:\/\/radioljubuski.ba\/index.php\/wp-json\/wp\/v2\/users\/2"}],"replies":[{"embeddable":true,"href":"https:\/\/radioljubuski.ba\/index.php\/wp-json\/wp\/v2\/comments?post=74453"}],"version-history":[{"count":1,"href":"https:\/\/radioljubuski.ba\/index.php\/wp-json\/wp\/v2\/posts\/74453\/revisions"}],"predecessor-version":[{"id":74454,"href":"https:\/\/radioljubuski.ba\/index.php\/wp-json\/wp\/v2\/posts\/74453\/revisions\/74454"}],"wp:attachment":[{"href":"https:\/\/radioljubuski.ba\/index.php\/wp-json\/wp\/v2\/media?parent=74453"}],"wp:term":[{"taxonomy":"category","embeddable":true,"href":"https:\/\/radioljubuski.ba\/index.php\/wp-json\/wp\/v2\/categories?post=74453"},{"taxonomy":"post_tag","embeddable":true,"href":"https:\/\/radioljubuski.ba\/index.php\/wp-json\/wp\/v2\/tags?post=74453"}],"curies":[{"name":"wp","href":"https:\/\/api.w.org\/{rel}","templated":true}]}}