{"id":74458,"date":"2021-10-11T23:28:21","date_gmt":"2021-10-11T22:28:21","guid":{"rendered":"https:\/\/radioljubuski.ba\/?p=74458"},"modified":"2021-10-11T23:28:21","modified_gmt":"2021-10-11T22:28:21","slug":"uskoro-tematska-sjednica-vlade-fbih-o-formiranju-cijena-elektricne-energije","status":"publish","type":"post","link":"https:\/\/radioljubuski.ba\/index.php\/2021\/10\/11\/uskoro-tematska-sjednica-vlade-fbih-o-formiranju-cijena-elektricne-energije\/","title":{"rendered":"Uskoro tematska sjednica Vlade FBiH o formiranju cijena elektri\u010dne energije"},"content":{"rendered":"\n<p><strong>Ministar energetike, rudarstva i industrije FBiH Nermin D\u017eindi\u0107 najavio je danas u Sarajevu odr\u017eavanje tematske sjednice Vlade FBiH o formiranju cijena elektri\u010dne energije za gospodarska dru\u0161tva, u narednih 15 dana.<\/strong><\/p>\n\n\n\n<p>Nakon sastanka s predstavnicima Udru\u017eenja poslodavaca FBiH i elektroprivreda, D\u017eindi\u0107 je rekao da \u0107e biti razmotreni svi zakoni koji definiraju tu oblast i predlo\u017eene mjere za podr\u0161ku gospodarstvu radi prema\u0161ivanja te\u0161kog trenutka vezanog za rast cijene struje, PRENOSI fENA.<\/p>\n\n\n\n<p>\u2013 Tako\u0111er, bit \u0107e razmotrene cijene za javnu opskrbu jer Udru\u017eenje poslodavaca ima primjedbe da je ta cijena ispod proizvodne cijene elektri\u010dne energije \u2013 istakao je D\u017eindi\u0107.<\/p>\n\n\n\n<p>Dodao je da postoji mogu\u0107nost uvo\u0111enja diferencirane stope za formiranje cijene za razli\u010dite sektore privrede, ako analize poka\u017eu opravdanost takvog pristupa.<\/p>\n\n\n\n<p>Predsjednik Udru\u017eenja poslodavaca FBiH Adnan Smailbegovi\u0107 izjavio je da se radi o kompleksnoj materiji i da elektroprivrede imaju argumente za svoje zahtjeve.<\/p>\n\n\n\n<p>Ipak, on o\u010dekuje da udar izazvan pove\u0107anjem cijena bude smanjen kako ne bi do\u0161lo do negativnih posljedica po gospodarstvo.<\/p>\n\n\n\n<p>Smailbegovi\u0107 je naveo da su razgovori dosad bili konstruktivni i izrazio nadu da \u0107e biti postignuto optimalno rje\u0161enje.<\/p>\n\n\n\n<p>\/HMS\/<\/p>\n","protected":false},"excerpt":{"rendered":"<p>Ministar energetike, rudarstva i industrije FBiH Nermin D\u017eindi\u0107 najavio je danas u Sarajevu odr\u017eavanje tematske sjednice Vlade FBiH o formiranju cijena elektri\u010dne energije za gospodarska dru\u0161tva, u narednih 15 dana. Nakon sastanka s predstavnicima Udru\u017eenja poslodavaca FBiH i elektroprivreda, D\u017eindi\u0107 je rekao da \u0107e biti razmotreni svi zakoni koji definiraju tu oblast i predlo\u017eene mjere [&hellip;]<\/p>\n","protected":false},"author":2,"featured_media":74459,"comment_status":"closed","ping_status":"closed","sticky":false,"template":"","format":"standard","meta":{"h5ap_radio_sources":[],"footnotes":""},"categories":[1],"tags":[],"class_list":["post-74458","post","type-post","status-publish","format-standard","has-post-thumbnail","hentry","category-bihiregija"],"yoast_head":"<!-- This site is optimized with the Yoast SEO plugin v27.4 - https:\/\/yoast.com\/product\/yoast-seo-wordpress\/ -->\n<title>Uskoro tematska sjednica Vlade FBiH o formiranju cijena elektri\u010dne energije - RADIO LJUBU\u0160KI<\/title>\n<meta name=\"robots\" content=\"index, follow, max-snippet:-1, max-image-preview:large, max-video-preview:-1\" \/>\n<link rel=\"canonical\" href=\"https:\/\/radioljubuski.ba\/index.php\/2021\/10\/11\/uskoro-tematska-sjednica-vlade-fbih-o-formiranju-cijena-elektricne-energije\/\" \/>\n<meta property=\"og:locale\" content=\"hr_HR\" \/>\n<meta property=\"og:type\" content=\"article\" \/>\n<meta property=\"og:title\" content=\"Uskoro tematska sjednica Vlade FBiH o formiranju cijena elektri\u010dne energije - RADIO LJUBU\u0160KI\" \/>\n<meta property=\"og:description\" content=\"Ministar energetike, rudarstva i industrije FBiH Nermin D\u017eindi\u0107 najavio je danas u Sarajevu odr\u017eavanje tematske sjednice Vlade FBiH o formiranju cijena elektri\u010dne energije za gospodarska dru\u0161tva, u narednih 15 dana. Nakon sastanka s predstavnicima Udru\u017eenja poslodavaca FBiH i elektroprivreda, D\u017eindi\u0107 je rekao da \u0107e biti razmotreni svi zakoni koji definiraju tu oblast i predlo\u017eene mjere [&hellip;]\" \/>\n<meta property=\"og:url\" content=\"https:\/\/radioljubuski.ba\/index.php\/2021\/10\/11\/uskoro-tematska-sjednica-vlade-fbih-o-formiranju-cijena-elektricne-energije\/\" \/>\n<meta property=\"og:site_name\" content=\"RADIO LJUBU\u0160KI\" \/>\n<meta property=\"article:publisher\" content=\"https:\/\/www.facebook.com\/Radiio-Ljubuski-1490835324566332\" \/>\n<meta property=\"article:published_time\" content=\"2021-10-11T22:28:21+00:00\" \/>\n<meta property=\"og:image\" content=\"https:\/\/radioljubuski.ba\/wp-content\/uploads\/2021\/10\/nermin-dzindic-1.jpg\" \/>\n\t<meta property=\"og:image:width\" content=\"800\" \/>\n\t<meta property=\"og:image:height\" content=\"550\" \/>\n\t<meta property=\"og:image:type\" content=\"image\/jpeg\" \/>\n<meta name=\"author\" content=\"Radio Ljubu\u0161ki\" \/>\n<meta name=\"twitter:card\" content=\"summary_large_image\" \/>\n<meta name=\"twitter:creator\" content=\"@radioljubuski\" \/>\n<meta name=\"twitter:site\" content=\"@radioljubuski\" \/>\n<meta name=\"twitter:label1\" content=\"Napisao\/la\" \/>\n\t<meta name=\"twitter:data1\" content=\"Radio Ljubu\u0161ki\" \/>\n\t<meta name=\"twitter:label2\" content=\"Procijenjeno vrijeme \u010ditanja\" \/>\n\t<meta name=\"twitter:data2\" content=\"1 minuta\" \/>\n<script type=\"application\/ld+json\" class=\"yoast-schema-graph\">{\"@context\":\"https:\\\/\\\/schema.org\",\"@graph\":[{\"@type\":\"Article\",\"@id\":\"https:\\\/\\\/radioljubuski.ba\\\/index.php\\\/2021\\\/10\\\/11\\\/uskoro-tematska-sjednica-vlade-fbih-o-formiranju-cijena-elektricne-energije\\\/#article\",\"isPartOf\":{\"@id\":\"https:\\\/\\\/radioljubuski.ba\\\/index.php\\\/2021\\\/10\\\/11\\\/uskoro-tematska-sjednica-vlade-fbih-o-formiranju-cijena-elektricne-energije\\\/\"},\"author\":{\"name\":\"Radio Ljubu\u0161ki\",\"@id\":\"https:\\\/\\\/radioljubuski.ba\\\/#\\\/schema\\\/person\\\/19fc700381a780f69665d7956c469e3b\"},\"headline\":\"Uskoro tematska sjednica Vlade FBiH o formiranju cijena elektri\u010dne energije\",\"datePublished\":\"2021-10-11T22:28:21+00:00\",\"mainEntityOfPage\":{\"@id\":\"https:\\\/\\\/radioljubuski.ba\\\/index.php\\\/2021\\\/10\\\/11\\\/uskoro-tematska-sjednica-vlade-fbih-o-formiranju-cijena-elektricne-energije\\\/\"},\"wordCount\":208,\"publisher\":{\"@id\":\"https:\\\/\\\/radioljubuski.ba\\\/#organization\"},\"image\":{\"@id\":\"https:\\\/\\\/radioljubuski.ba\\\/index.php\\\/2021\\\/10\\\/11\\\/uskoro-tematska-sjednica-vlade-fbih-o-formiranju-cijena-elektricne-energije\\\/#primaryimage\"},\"thumbnailUrl\":\"https:\\\/\\\/radioljubuski.ba\\\/wp-content\\\/uploads\\\/2021\\\/10\\\/nermin-dzindic-1.jpg\",\"articleSection\":[\"BIH i regija\"],\"inLanguage\":\"hr\"},{\"@type\":\"WebPage\",\"@id\":\"https:\\\/\\\/radioljubuski.ba\\\/index.php\\\/2021\\\/10\\\/11\\\/uskoro-tematska-sjednica-vlade-fbih-o-formiranju-cijena-elektricne-energije\\\/\",\"url\":\"https:\\\/\\\/radioljubuski.ba\\\/index.php\\\/2021\\\/10\\\/11\\\/uskoro-tematska-sjednica-vlade-fbih-o-formiranju-cijena-elektricne-energije\\\/\",\"name\":\"Uskoro tematska sjednica Vlade FBiH o formiranju cijena elektri\u010dne energije - RADIO LJUBU\u0160KI\",\"isPartOf\":{\"@id\":\"https:\\\/\\\/radioljubuski.ba\\\/#website\"},\"primaryImageOfPage\":{\"@id\":\"https:\\\/\\\/radioljubuski.ba\\\/index.php\\\/2021\\\/10\\\/11\\\/uskoro-tematska-sjednica-vlade-fbih-o-formiranju-cijena-elektricne-energije\\\/#primaryimage\"},\"image\":{\"@id\":\"https:\\\/\\\/radioljubuski.ba\\\/index.php\\\/2021\\\/10\\\/11\\\/uskoro-tematska-sjednica-vlade-fbih-o-formiranju-cijena-elektricne-energije\\\/#primaryimage\"},\"thumbnailUrl\":\"https:\\\/\\\/radioljubuski.ba\\\/wp-content\\\/uploads\\\/2021\\\/10\\\/nermin-dzindic-1.jpg\",\"datePublished\":\"2021-10-11T22:28:21+00:00\",\"breadcrumb\":{\"@id\":\"https:\\\/\\\/radioljubuski.ba\\\/index.php\\\/2021\\\/10\\\/11\\\/uskoro-tematska-sjednica-vlade-fbih-o-formiranju-cijena-elektricne-energije\\\/#breadcrumb\"},\"inLanguage\":\"hr\",\"potentialAction\":[{\"@type\":\"ReadAction\",\"target\":[\"https:\\\/\\\/radioljubuski.ba\\\/index.php\\\/2021\\\/10\\\/11\\\/uskoro-tematska-sjednica-vlade-fbih-o-formiranju-cijena-elektricne-energije\\\/\"]}]},{\"@type\":\"ImageObject\",\"inLanguage\":\"hr\",\"@id\":\"https:\\\/\\\/radioljubuski.ba\\\/index.php\\\/2021\\\/10\\\/11\\\/uskoro-tematska-sjednica-vlade-fbih-o-formiranju-cijena-elektricne-energije\\\/#primaryimage\",\"url\":\"https:\\\/\\\/radioljubuski.ba\\\/wp-content\\\/uploads\\\/2021\\\/10\\\/nermin-dzindic-1.jpg\",\"contentUrl\":\"https:\\\/\\\/radioljubuski.ba\\\/wp-content\\\/uploads\\\/2021\\\/10\\\/nermin-dzindic-1.jpg\",\"width\":800,\"height\":550},{\"@type\":\"BreadcrumbList\",\"@id\":\"https:\\\/\\\/radioljubuski.ba\\\/index.php\\\/2021\\\/10\\\/11\\\/uskoro-tematska-sjednica-vlade-fbih-o-formiranju-cijena-elektricne-energije\\\/#breadcrumb\",\"itemListElement\":[{\"@type\":\"ListItem\",\"position\":1,\"name\":\"Po\u010detna stranica\",\"item\":\"https:\\\/\\\/radioljubuski.ba\\\/\"},{\"@type\":\"ListItem\",\"position\":2,\"name\":\"Uskoro tematska sjednica Vlade FBiH o formiranju cijena elektri\u010dne energije\"}]},{\"@type\":\"WebSite\",\"@id\":\"https:\\\/\\\/radioljubuski.ba\\\/#website\",\"url\":\"https:\\\/\\\/radioljubuski.ba\\\/\",\"name\":\"Radio Ljubu\u0161ki\",\"description\":\"Sun\u010dana frekvencija Hercegovine\",\"publisher\":{\"@id\":\"https:\\\/\\\/radioljubuski.ba\\\/#organization\"},\"potentialAction\":[{\"@type\":\"SearchAction\",\"target\":{\"@type\":\"EntryPoint\",\"urlTemplate\":\"https:\\\/\\\/radioljubuski.ba\\\/?s={search_term_string}\"},\"query-input\":{\"@type\":\"PropertyValueSpecification\",\"valueRequired\":true,\"valueName\":\"search_term_string\"}}],\"inLanguage\":\"hr\"},{\"@type\":\"Organization\",\"@id\":\"https:\\\/\\\/radioljubuski.ba\\\/#organization\",\"name\":\"Radio Ljubu\u0161ki\",\"url\":\"https:\\\/\\\/radioljubuski.ba\\\/\",\"logo\":{\"@type\":\"ImageObject\",\"inLanguage\":\"hr\",\"@id\":\"https:\\\/\\\/radioljubuski.ba\\\/#\\\/schema\\\/logo\\\/image\\\/\",\"url\":\"https:\\\/\\\/radioljubuski.ba\\\/wp-content\\\/uploads\\\/2021\\\/02\\\/cropped-Radio_Ljubuski_logo1.jpg\",\"contentUrl\":\"https:\\\/\\\/radioljubuski.ba\\\/wp-content\\\/uploads\\\/2021\\\/02\\\/cropped-Radio_Ljubuski_logo1.jpg\",\"width\":512,\"height\":512,\"caption\":\"Radio Ljubu\u0161ki\"},\"image\":{\"@id\":\"https:\\\/\\\/radioljubuski.ba\\\/#\\\/schema\\\/logo\\\/image\\\/\"},\"sameAs\":[\"https:\\\/\\\/www.facebook.com\\\/Radiio-Ljubuski-1490835324566332\",\"https:\\\/\\\/x.com\\\/radioljubuski\",\"https:\\\/\\\/hr.linkedin.com\\\/company\\\/radio-ljubuski\",\"https:\\\/\\\/www.youtube.com\\\/channel\\\/UCHYaeO_n0Db3tjNGudGpXyw\"]},{\"@type\":\"Person\",\"@id\":\"https:\\\/\\\/radioljubuski.ba\\\/#\\\/schema\\\/person\\\/19fc700381a780f69665d7956c469e3b\",\"name\":\"Radio Ljubu\u0161ki\"}]}<\/script>\n<!-- \/ Yoast SEO plugin. -->","yoast_head_json":{"title":"Uskoro tematska sjednica Vlade FBiH o formiranju cijena elektri\u010dne energije - RADIO LJUBU\u0160KI","robots":{"index":"index","follow":"follow","max-snippet":"max-snippet:-1","max-image-preview":"max-image-preview:large","max-video-preview":"max-video-preview:-1"},"canonical":"https:\/\/radioljubuski.ba\/index.php\/2021\/10\/11\/uskoro-tematska-sjednica-vlade-fbih-o-formiranju-cijena-elektricne-energije\/","og_locale":"hr_HR","og_type":"article","og_title":"Uskoro tematska sjednica Vlade FBiH o formiranju cijena elektri\u010dne energije - RADIO LJUBU\u0160KI","og_description":"Ministar energetike, rudarstva i industrije FBiH Nermin D\u017eindi\u0107 najavio je danas u Sarajevu odr\u017eavanje tematske sjednice Vlade FBiH o formiranju cijena elektri\u010dne energije za gospodarska dru\u0161tva, u narednih 15 dana. Nakon sastanka s predstavnicima Udru\u017eenja poslodavaca FBiH i elektroprivreda, D\u017eindi\u0107 je rekao da \u0107e biti razmotreni svi zakoni koji definiraju tu oblast i predlo\u017eene mjere [&hellip;]","og_url":"https:\/\/radioljubuski.ba\/index.php\/2021\/10\/11\/uskoro-tematska-sjednica-vlade-fbih-o-formiranju-cijena-elektricne-energije\/","og_site_name":"RADIO LJUBU\u0160KI","article_publisher":"https:\/\/www.facebook.com\/Radiio-Ljubuski-1490835324566332","article_published_time":"2021-10-11T22:28:21+00:00","og_image":[{"width":800,"height":550,"url":"https:\/\/radioljubuski.ba\/wp-content\/uploads\/2021\/10\/nermin-dzindic-1.jpg","type":"image\/jpeg"}],"author":"Radio Ljubu\u0161ki","twitter_card":"summary_large_image","twitter_creator":"@radioljubuski","twitter_site":"@radioljubuski","twitter_misc":{"Napisao\/la":"Radio Ljubu\u0161ki","Procijenjeno vrijeme \u010ditanja":"1 minuta"},"schema":{"@context":"https:\/\/schema.org","@graph":[{"@type":"Article","@id":"https:\/\/radioljubuski.ba\/index.php\/2021\/10\/11\/uskoro-tematska-sjednica-vlade-fbih-o-formiranju-cijena-elektricne-energije\/#article","isPartOf":{"@id":"https:\/\/radioljubuski.ba\/index.php\/2021\/10\/11\/uskoro-tematska-sjednica-vlade-fbih-o-formiranju-cijena-elektricne-energije\/"},"author":{"name":"Radio Ljubu\u0161ki","@id":"https:\/\/radioljubuski.ba\/#\/schema\/person\/19fc700381a780f69665d7956c469e3b"},"headline":"Uskoro tematska sjednica Vlade FBiH o formiranju cijena elektri\u010dne energije","datePublished":"2021-10-11T22:28:21+00:00","mainEntityOfPage":{"@id":"https:\/\/radioljubuski.ba\/index.php\/2021\/10\/11\/uskoro-tematska-sjednica-vlade-fbih-o-formiranju-cijena-elektricne-energije\/"},"wordCount":208,"publisher":{"@id":"https:\/\/radioljubuski.ba\/#organization"},"image":{"@id":"https:\/\/radioljubuski.ba\/index.php\/2021\/10\/11\/uskoro-tematska-sjednica-vlade-fbih-o-formiranju-cijena-elektricne-energije\/#primaryimage"},"thumbnailUrl":"https:\/\/radioljubuski.ba\/wp-content\/uploads\/2021\/10\/nermin-dzindic-1.jpg","articleSection":["BIH i regija"],"inLanguage":"hr"},{"@type":"WebPage","@id":"https:\/\/radioljubuski.ba\/index.php\/2021\/10\/11\/uskoro-tematska-sjednica-vlade-fbih-o-formiranju-cijena-elektricne-energije\/","url":"https:\/\/radioljubuski.ba\/index.php\/2021\/10\/11\/uskoro-tematska-sjednica-vlade-fbih-o-formiranju-cijena-elektricne-energije\/","name":"Uskoro tematska sjednica Vlade FBiH o formiranju cijena elektri\u010dne energije - RADIO LJUBU\u0160KI","isPartOf":{"@id":"https:\/\/radioljubuski.ba\/#website"},"primaryImageOfPage":{"@id":"https:\/\/radioljubuski.ba\/index.php\/2021\/10\/11\/uskoro-tematska-sjednica-vlade-fbih-o-formiranju-cijena-elektricne-energije\/#primaryimage"},"image":{"@id":"https:\/\/radioljubuski.ba\/index.php\/2021\/10\/11\/uskoro-tematska-sjednica-vlade-fbih-o-formiranju-cijena-elektricne-energije\/#primaryimage"},"thumbnailUrl":"https:\/\/radioljubuski.ba\/wp-content\/uploads\/2021\/10\/nermin-dzindic-1.jpg","datePublished":"2021-10-11T22:28:21+00:00","breadcrumb":{"@id":"https:\/\/radioljubuski.ba\/index.php\/2021\/10\/11\/uskoro-tematska-sjednica-vlade-fbih-o-formiranju-cijena-elektricne-energije\/#breadcrumb"},"inLanguage":"hr","potentialAction":[{"@type":"ReadAction","target":["https:\/\/radioljubuski.ba\/index.php\/2021\/10\/11\/uskoro-tematska-sjednica-vlade-fbih-o-formiranju-cijena-elektricne-energije\/"]}]},{"@type":"ImageObject","inLanguage":"hr","@id":"https:\/\/radioljubuski.ba\/index.php\/2021\/10\/11\/uskoro-tematska-sjednica-vlade-fbih-o-formiranju-cijena-elektricne-energije\/#primaryimage","url":"https:\/\/radioljubuski.ba\/wp-content\/uploads\/2021\/10\/nermin-dzindic-1.jpg","contentUrl":"https:\/\/radioljubuski.ba\/wp-content\/uploads\/2021\/10\/nermin-dzindic-1.jpg","width":800,"height":550},{"@type":"BreadcrumbList","@id":"https:\/\/radioljubuski.ba\/index.php\/2021\/10\/11\/uskoro-tematska-sjednica-vlade-fbih-o-formiranju-cijena-elektricne-energije\/#breadcrumb","itemListElement":[{"@type":"ListItem","position":1,"name":"Po\u010detna stranica","item":"https:\/\/radioljubuski.ba\/"},{"@type":"ListItem","position":2,"name":"Uskoro tematska sjednica Vlade FBiH o formiranju cijena elektri\u010dne energije"}]},{"@type":"WebSite","@id":"https:\/\/radioljubuski.ba\/#website","url":"https:\/\/radioljubuski.ba\/","name":"Radio Ljubu\u0161ki","description":"Sun\u010dana frekvencija Hercegovine","publisher":{"@id":"https:\/\/radioljubuski.ba\/#organization"},"potentialAction":[{"@type":"SearchAction","target":{"@type":"EntryPoint","urlTemplate":"https:\/\/radioljubuski.ba\/?s={search_term_string}"},"query-input":{"@type":"PropertyValueSpecification","valueRequired":true,"valueName":"search_term_string"}}],"inLanguage":"hr"},{"@type":"Organization","@id":"https:\/\/radioljubuski.ba\/#organization","name":"Radio Ljubu\u0161ki","url":"https:\/\/radioljubuski.ba\/","logo":{"@type":"ImageObject","inLanguage":"hr","@id":"https:\/\/radioljubuski.ba\/#\/schema\/logo\/image\/","url":"https:\/\/radioljubuski.ba\/wp-content\/uploads\/2021\/02\/cropped-Radio_Ljubuski_logo1.jpg","contentUrl":"https:\/\/radioljubuski.ba\/wp-content\/uploads\/2021\/02\/cropped-Radio_Ljubuski_logo1.jpg","width":512,"height":512,"caption":"Radio Ljubu\u0161ki"},"image":{"@id":"https:\/\/radioljubuski.ba\/#\/schema\/logo\/image\/"},"sameAs":["https:\/\/www.facebook.com\/Radiio-Ljubuski-1490835324566332","https:\/\/x.com\/radioljubuski","https:\/\/hr.linkedin.com\/company\/radio-ljubuski","https:\/\/www.youtube.com\/channel\/UCHYaeO_n0Db3tjNGudGpXyw"]},{"@type":"Person","@id":"https:\/\/radioljubuski.ba\/#\/schema\/person\/19fc700381a780f69665d7956c469e3b","name":"Radio Ljubu\u0161ki"}]}},"_links":{"self":[{"href":"https:\/\/radioljubuski.ba\/index.php\/wp-json\/wp\/v2\/posts\/74458","targetHints":{"allow":["GET"]}}],"collection":[{"href":"https:\/\/radioljubuski.ba\/index.php\/wp-json\/wp\/v2\/posts"}],"about":[{"href":"https:\/\/radioljubuski.ba\/index.php\/wp-json\/wp\/v2\/types\/post"}],"author":[{"embeddable":true,"href":"https:\/\/radioljubuski.ba\/index.php\/wp-json\/wp\/v2\/users\/2"}],"replies":[{"embeddable":true,"href":"https:\/\/radioljubuski.ba\/index.php\/wp-json\/wp\/v2\/comments?post=74458"}],"version-history":[{"count":1,"href":"https:\/\/radioljubuski.ba\/index.php\/wp-json\/wp\/v2\/posts\/74458\/revisions"}],"predecessor-version":[{"id":74460,"href":"https:\/\/radioljubuski.ba\/index.php\/wp-json\/wp\/v2\/posts\/74458\/revisions\/74460"}],"wp:featuredmedia":[{"embeddable":true,"href":"https:\/\/radioljubuski.ba\/index.php\/wp-json\/wp\/v2\/media\/74459"}],"wp:attachment":[{"href":"https:\/\/radioljubuski.ba\/index.php\/wp-json\/wp\/v2\/media?parent=74458"}],"wp:term":[{"taxonomy":"category","embeddable":true,"href":"https:\/\/radioljubuski.ba\/index.php\/wp-json\/wp\/v2\/categories?post=74458"},{"taxonomy":"post_tag","embeddable":true,"href":"https:\/\/radioljubuski.ba\/index.php\/wp-json\/wp\/v2\/tags?post=74458"}],"curies":[{"name":"wp","href":"https:\/\/api.w.org\/{rel}","templated":true}]}}