{"id":74464,"date":"2021-10-11T23:30:41","date_gmt":"2021-10-11T22:30:41","guid":{"rendered":"https:\/\/radioljubuski.ba\/?p=74464"},"modified":"2021-10-11T23:30:42","modified_gmt":"2021-10-11T22:30:42","slug":"puhovski-izetbegovic-hoce-gradansku-opciju-a-istovremeno-njegova-stranka-radikalno-cisti-tamo-gdje-ima-kontrolu","status":"publish","type":"post","link":"https:\/\/radioljubuski.ba\/index.php\/2021\/10\/11\/puhovski-izetbegovic-hoce-gradansku-opciju-a-istovremeno-njegova-stranka-radikalno-cisti-tamo-gdje-ima-kontrolu\/","title":{"rendered":"Puhovski: Izetbegovi\u0107 ho\u0107e gra\u0111ansku opciju, a istovremeno njegova stranka radikalno \u010disti tamo gdje ima kontrolu"},"content":{"rendered":"\n<p><strong>U posljednjim istupima bh. politi\u010dara, sveu\u010dili\u0161ni profesor, politi\u010dki analiti\u010dar i filozof \u017darko Puhovski iz Zagreba vidi samo dosadni igrokaz koji se ponavlja. Puhovski isti\u010de da je jedina opasnost stalno ponavljati kako nema izlaza, da je BiH u \u0107orsokaku.<\/strong><\/p>\n\n\n\n<p>\u2013 Ja ne mislim da se nekakva neposredna katastrofa primi\u010de u smislu rata ili oru\u017eanih sukoba, nego se nastavlja ovo dugo crkavanje. Jedinim mogu\u0107im izlazom mi se \u010dini masivna intervencija SAD, jer EU je izgubila ugled. Ona ni sama ne zna koja je njena pozicija prema vani, jer je iznutra ne mo\u017ee formirati i kao takva ne mo\u017ee biti dovoljno jasan \u010dimbenik u rje\u0161avanju problema u BiH. To bi mogla biti administracija SAD uz uvjet da se na\u0111e motiv \u2013 dodaje Puhovski, za Dnevni avaz.<\/p>\n\n\n\n<p>Ugledni profesor iz Zagreba navodi da su se osnovne kategorije i u svjetskim razmjerama izvitoperile, pa je intervencija SAD, nagla\u0161ava, jedino mogu\u0107e rje\u0161enje u BiH.<\/p>\n\n\n\n<p>Minimalni smisao nesvrstanih<\/p>\n\n\n\n<p>\u2013 Mi \u017eivimo u potpuno perverznom svijetu u kojem mo\u017eemo vidjeti da se Rusija pojavljuje na skupu nesvrstanih, a \u010ditav smisao Nesvrstanih je bio protiv Sovjetskog Saveza i SAD. I da se Tita pitalo, vjerojatno i vi\u0161e protiv SSSR-a jer mu je bio bli\u017ei pa mu je zato bio opasniji. Pojavljuje se govornik iz Turske, kao \u010dlanice NATO pakta. Minimalni smisao nesvrstanih je bio da su to zemlje koje nisu \u010dlanice blokova. Zato ponavljam da ne vidim nikakvog drugog izlaza osim eventualne masivne intervencije SAD, koja jedina ima autoritet kod sve tri strane. Dodik bi malo gun\u0111ao, vjerojatno bi ga se moglo preko Vu\u010di\u0107a natjerati da slu\u0161a. I da im onda, \u0161to bi se reklo, u pero diktiraju novi sporazum \u2013 isti\u010de profesor \u017darko Puhovski.<\/p>\n\n\n\n<p>Ipak, u kontekstu najava o stvaranju velikih dr\u017eava na Balkanu, profesora Puhovskog upitan je koliko takvi apetiti s razli\u010ditih strana, jedan drugog mogu nahraniti i ohrabriti, pa da se u nova prekrajanja granica ipak krene.<\/p>\n\n\n\n<p>Nikakvih promjena granica BiH ne\u0107e biti<\/p>\n\n\n\n<p>\u2013 Ja sam siguran da nikakvih promjena granica BiH ne\u0107e biti. Siguran sam da ne\u0107e biti velike Hrvatske, a gotovo sam sasvim siguran da ne\u0107e biti ni velike Srbije. Ja mislim da su pri\u010de o \u201csrpskom svetu\u201d kao izvoru opasnosti dio histerije iz NATO-ove propagande nakon poraza u Afganistanu i ne\u0161to manjeg u Crnoj Gori. Tu se pokazalo da NATO nema smisla i sad se moraju izmi\u0161ljati neprijatelji \u2013 ka\u017ee Puhovski.<\/p>\n\n\n\n<p>Poja\u0161njava da, u situaciji kada unutar BiH nitko nije u stanju donositi odluke u interesu dr\u017eave, a NATO, nakon Afganistana i Crne Gore, nije jamac sigurnosti, rje\u0161enje mo\u017ee biti samo u anga\u017emanu SAD-a, kao velike svjetske sile.<\/p>\n\n\n\n<p>\u2013 \u010covi\u0107 ima stalno istu pri\u010du \u2013 ho\u0107emo novi izborni zakon. Izetbegovi\u0107 i Kom\u0161i\u0107 ka\u017eu \u2013 ne\u0107emo novi izborni zakon. Dodik ka\u017ee da bi htio izborni zakon, ali ne bih htio BiH tako da uop\u0107e nije jasno za koga bi se izborni zakon donosio. A dan nakon \u0161to je rekao da ne bi htio BiH po\u010dinje raspravljati o tome kako bi se preuredili odnosi u BiH. Izetbegovi\u0107 ho\u0107e gra\u0111ansku opciju, kao i Kom\u0161i\u0107 koji smatra da etni\u010dki prefiksi nisu bitni, a istovremeno njegova stranka radikalno \u010disti tamo gdje ima kontrolu nad lokalnim sredinama, onima koji po etni\u010dkom sastavu ne odgovaraju njihovom konceptu \u2013 kazao je profesor Puhovski.<\/p>\n\n\n\n<p>\/HMS\/<\/p>\n","protected":false},"excerpt":{"rendered":"<p>U posljednjim istupima bh. politi\u010dara, sveu\u010dili\u0161ni profesor, politi\u010dki analiti\u010dar i filozof \u017darko Puhovski iz Zagreba vidi samo dosadni igrokaz koji se ponavlja. Puhovski isti\u010de da je jedina opasnost stalno ponavljati kako nema izlaza, da je BiH u \u0107orsokaku. \u2013 Ja ne mislim da se nekakva neposredna katastrofa primi\u010de u smislu rata ili oru\u017eanih sukoba, nego [&hellip;]<\/p>\n","protected":false},"author":2,"featured_media":74465,"comment_status":"closed","ping_status":"closed","sticky":false,"template":"","format":"standard","meta":{"h5ap_radio_sources":[],"footnotes":""},"categories":[1],"tags":[],"class_list":["post-74464","post","type-post","status-publish","format-standard","has-post-thumbnail","hentry","category-bihiregija"],"yoast_head":"<!-- This site is optimized with the Yoast SEO plugin v27.4 - https:\/\/yoast.com\/product\/yoast-seo-wordpress\/ -->\n<title>Puhovski: Izetbegovi\u0107 ho\u0107e gra\u0111ansku opciju, a istovremeno njegova stranka radikalno \u010disti tamo gdje ima kontrolu - RADIO LJUBU\u0160KI<\/title>\n<meta name=\"robots\" content=\"index, follow, max-snippet:-1, max-image-preview:large, max-video-preview:-1\" \/>\n<link rel=\"canonical\" href=\"https:\/\/radioljubuski.ba\/index.php\/2021\/10\/11\/puhovski-izetbegovic-hoce-gradansku-opciju-a-istovremeno-njegova-stranka-radikalno-cisti-tamo-gdje-ima-kontrolu\/\" \/>\n<meta property=\"og:locale\" content=\"hr_HR\" \/>\n<meta property=\"og:type\" content=\"article\" \/>\n<meta property=\"og:title\" content=\"Puhovski: Izetbegovi\u0107 ho\u0107e gra\u0111ansku opciju, a istovremeno njegova stranka radikalno \u010disti tamo gdje ima kontrolu - RADIO LJUBU\u0160KI\" \/>\n<meta property=\"og:description\" content=\"U posljednjim istupima bh. politi\u010dara, sveu\u010dili\u0161ni profesor, politi\u010dki analiti\u010dar i filozof \u017darko Puhovski iz Zagreba vidi samo dosadni igrokaz koji se ponavlja. Puhovski isti\u010de da je jedina opasnost stalno ponavljati kako nema izlaza, da je BiH u \u0107orsokaku. \u2013 Ja ne mislim da se nekakva neposredna katastrofa primi\u010de u smislu rata ili oru\u017eanih sukoba, nego [&hellip;]\" \/>\n<meta property=\"og:url\" content=\"https:\/\/radioljubuski.ba\/index.php\/2021\/10\/11\/puhovski-izetbegovic-hoce-gradansku-opciju-a-istovremeno-njegova-stranka-radikalno-cisti-tamo-gdje-ima-kontrolu\/\" \/>\n<meta property=\"og:site_name\" content=\"RADIO LJUBU\u0160KI\" \/>\n<meta property=\"article:publisher\" content=\"https:\/\/www.facebook.com\/Radiio-Ljubuski-1490835324566332\" \/>\n<meta property=\"article:published_time\" content=\"2021-10-11T22:30:41+00:00\" \/>\n<meta property=\"article:modified_time\" content=\"2021-10-11T22:30:42+00:00\" \/>\n<meta property=\"og:image\" content=\"https:\/\/radioljubuski.ba\/wp-content\/uploads\/2021\/10\/puhovski.jpg\" \/>\n\t<meta property=\"og:image:width\" content=\"1024\" \/>\n\t<meta property=\"og:image:height\" content=\"682\" \/>\n\t<meta property=\"og:image:type\" content=\"image\/jpeg\" \/>\n<meta name=\"author\" content=\"Radio Ljubu\u0161ki\" \/>\n<meta name=\"twitter:card\" content=\"summary_large_image\" \/>\n<meta name=\"twitter:creator\" content=\"@radioljubuski\" \/>\n<meta name=\"twitter:site\" content=\"@radioljubuski\" \/>\n<meta name=\"twitter:label1\" content=\"Napisao\/la\" \/>\n\t<meta name=\"twitter:data1\" content=\"Radio Ljubu\u0161ki\" \/>\n\t<meta name=\"twitter:label2\" content=\"Procijenjeno vrijeme \u010ditanja\" \/>\n\t<meta name=\"twitter:data2\" content=\"3 minute\" \/>\n<script type=\"application\/ld+json\" class=\"yoast-schema-graph\">{\"@context\":\"https:\\\/\\\/schema.org\",\"@graph\":[{\"@type\":\"Article\",\"@id\":\"https:\\\/\\\/radioljubuski.ba\\\/index.php\\\/2021\\\/10\\\/11\\\/puhovski-izetbegovic-hoce-gradansku-opciju-a-istovremeno-njegova-stranka-radikalno-cisti-tamo-gdje-ima-kontrolu\\\/#article\",\"isPartOf\":{\"@id\":\"https:\\\/\\\/radioljubuski.ba\\\/index.php\\\/2021\\\/10\\\/11\\\/puhovski-izetbegovic-hoce-gradansku-opciju-a-istovremeno-njegova-stranka-radikalno-cisti-tamo-gdje-ima-kontrolu\\\/\"},\"author\":{\"name\":\"Radio Ljubu\u0161ki\",\"@id\":\"https:\\\/\\\/radioljubuski.ba\\\/#\\\/schema\\\/person\\\/19fc700381a780f69665d7956c469e3b\"},\"headline\":\"Puhovski: Izetbegovi\u0107 ho\u0107e gra\u0111ansku opciju, a istovremeno njegova stranka radikalno \u010disti tamo gdje ima kontrolu\",\"datePublished\":\"2021-10-11T22:30:41+00:00\",\"dateModified\":\"2021-10-11T22:30:42+00:00\",\"mainEntityOfPage\":{\"@id\":\"https:\\\/\\\/radioljubuski.ba\\\/index.php\\\/2021\\\/10\\\/11\\\/puhovski-izetbegovic-hoce-gradansku-opciju-a-istovremeno-njegova-stranka-radikalno-cisti-tamo-gdje-ima-kontrolu\\\/\"},\"wordCount\":592,\"publisher\":{\"@id\":\"https:\\\/\\\/radioljubuski.ba\\\/#organization\"},\"image\":{\"@id\":\"https:\\\/\\\/radioljubuski.ba\\\/index.php\\\/2021\\\/10\\\/11\\\/puhovski-izetbegovic-hoce-gradansku-opciju-a-istovremeno-njegova-stranka-radikalno-cisti-tamo-gdje-ima-kontrolu\\\/#primaryimage\"},\"thumbnailUrl\":\"https:\\\/\\\/radioljubuski.ba\\\/wp-content\\\/uploads\\\/2021\\\/10\\\/puhovski.jpg\",\"articleSection\":[\"BIH i regija\"],\"inLanguage\":\"hr\"},{\"@type\":\"WebPage\",\"@id\":\"https:\\\/\\\/radioljubuski.ba\\\/index.php\\\/2021\\\/10\\\/11\\\/puhovski-izetbegovic-hoce-gradansku-opciju-a-istovremeno-njegova-stranka-radikalno-cisti-tamo-gdje-ima-kontrolu\\\/\",\"url\":\"https:\\\/\\\/radioljubuski.ba\\\/index.php\\\/2021\\\/10\\\/11\\\/puhovski-izetbegovic-hoce-gradansku-opciju-a-istovremeno-njegova-stranka-radikalno-cisti-tamo-gdje-ima-kontrolu\\\/\",\"name\":\"Puhovski: Izetbegovi\u0107 ho\u0107e gra\u0111ansku opciju, a istovremeno njegova stranka radikalno \u010disti tamo gdje ima kontrolu - RADIO LJUBU\u0160KI\",\"isPartOf\":{\"@id\":\"https:\\\/\\\/radioljubuski.ba\\\/#website\"},\"primaryImageOfPage\":{\"@id\":\"https:\\\/\\\/radioljubuski.ba\\\/index.php\\\/2021\\\/10\\\/11\\\/puhovski-izetbegovic-hoce-gradansku-opciju-a-istovremeno-njegova-stranka-radikalno-cisti-tamo-gdje-ima-kontrolu\\\/#primaryimage\"},\"image\":{\"@id\":\"https:\\\/\\\/radioljubuski.ba\\\/index.php\\\/2021\\\/10\\\/11\\\/puhovski-izetbegovic-hoce-gradansku-opciju-a-istovremeno-njegova-stranka-radikalno-cisti-tamo-gdje-ima-kontrolu\\\/#primaryimage\"},\"thumbnailUrl\":\"https:\\\/\\\/radioljubuski.ba\\\/wp-content\\\/uploads\\\/2021\\\/10\\\/puhovski.jpg\",\"datePublished\":\"2021-10-11T22:30:41+00:00\",\"dateModified\":\"2021-10-11T22:30:42+00:00\",\"breadcrumb\":{\"@id\":\"https:\\\/\\\/radioljubuski.ba\\\/index.php\\\/2021\\\/10\\\/11\\\/puhovski-izetbegovic-hoce-gradansku-opciju-a-istovremeno-njegova-stranka-radikalno-cisti-tamo-gdje-ima-kontrolu\\\/#breadcrumb\"},\"inLanguage\":\"hr\",\"potentialAction\":[{\"@type\":\"ReadAction\",\"target\":[\"https:\\\/\\\/radioljubuski.ba\\\/index.php\\\/2021\\\/10\\\/11\\\/puhovski-izetbegovic-hoce-gradansku-opciju-a-istovremeno-njegova-stranka-radikalno-cisti-tamo-gdje-ima-kontrolu\\\/\"]}]},{\"@type\":\"ImageObject\",\"inLanguage\":\"hr\",\"@id\":\"https:\\\/\\\/radioljubuski.ba\\\/index.php\\\/2021\\\/10\\\/11\\\/puhovski-izetbegovic-hoce-gradansku-opciju-a-istovremeno-njegova-stranka-radikalno-cisti-tamo-gdje-ima-kontrolu\\\/#primaryimage\",\"url\":\"https:\\\/\\\/radioljubuski.ba\\\/wp-content\\\/uploads\\\/2021\\\/10\\\/puhovski.jpg\",\"contentUrl\":\"https:\\\/\\\/radioljubuski.ba\\\/wp-content\\\/uploads\\\/2021\\\/10\\\/puhovski.jpg\",\"width\":1024,\"height\":682},{\"@type\":\"BreadcrumbList\",\"@id\":\"https:\\\/\\\/radioljubuski.ba\\\/index.php\\\/2021\\\/10\\\/11\\\/puhovski-izetbegovic-hoce-gradansku-opciju-a-istovremeno-njegova-stranka-radikalno-cisti-tamo-gdje-ima-kontrolu\\\/#breadcrumb\",\"itemListElement\":[{\"@type\":\"ListItem\",\"position\":1,\"name\":\"Po\u010detna stranica\",\"item\":\"https:\\\/\\\/radioljubuski.ba\\\/\"},{\"@type\":\"ListItem\",\"position\":2,\"name\":\"Puhovski: Izetbegovi\u0107 ho\u0107e gra\u0111ansku opciju, a istovremeno njegova stranka radikalno \u010disti tamo gdje ima kontrolu\"}]},{\"@type\":\"WebSite\",\"@id\":\"https:\\\/\\\/radioljubuski.ba\\\/#website\",\"url\":\"https:\\\/\\\/radioljubuski.ba\\\/\",\"name\":\"Radio Ljubu\u0161ki\",\"description\":\"Sun\u010dana frekvencija Hercegovine\",\"publisher\":{\"@id\":\"https:\\\/\\\/radioljubuski.ba\\\/#organization\"},\"potentialAction\":[{\"@type\":\"SearchAction\",\"target\":{\"@type\":\"EntryPoint\",\"urlTemplate\":\"https:\\\/\\\/radioljubuski.ba\\\/?s={search_term_string}\"},\"query-input\":{\"@type\":\"PropertyValueSpecification\",\"valueRequired\":true,\"valueName\":\"search_term_string\"}}],\"inLanguage\":\"hr\"},{\"@type\":\"Organization\",\"@id\":\"https:\\\/\\\/radioljubuski.ba\\\/#organization\",\"name\":\"Radio Ljubu\u0161ki\",\"url\":\"https:\\\/\\\/radioljubuski.ba\\\/\",\"logo\":{\"@type\":\"ImageObject\",\"inLanguage\":\"hr\",\"@id\":\"https:\\\/\\\/radioljubuski.ba\\\/#\\\/schema\\\/logo\\\/image\\\/\",\"url\":\"https:\\\/\\\/radioljubuski.ba\\\/wp-content\\\/uploads\\\/2021\\\/02\\\/cropped-Radio_Ljubuski_logo1.jpg\",\"contentUrl\":\"https:\\\/\\\/radioljubuski.ba\\\/wp-content\\\/uploads\\\/2021\\\/02\\\/cropped-Radio_Ljubuski_logo1.jpg\",\"width\":512,\"height\":512,\"caption\":\"Radio Ljubu\u0161ki\"},\"image\":{\"@id\":\"https:\\\/\\\/radioljubuski.ba\\\/#\\\/schema\\\/logo\\\/image\\\/\"},\"sameAs\":[\"https:\\\/\\\/www.facebook.com\\\/Radiio-Ljubuski-1490835324566332\",\"https:\\\/\\\/x.com\\\/radioljubuski\",\"https:\\\/\\\/hr.linkedin.com\\\/company\\\/radio-ljubuski\",\"https:\\\/\\\/www.youtube.com\\\/channel\\\/UCHYaeO_n0Db3tjNGudGpXyw\"]},{\"@type\":\"Person\",\"@id\":\"https:\\\/\\\/radioljubuski.ba\\\/#\\\/schema\\\/person\\\/19fc700381a780f69665d7956c469e3b\",\"name\":\"Radio Ljubu\u0161ki\"}]}<\/script>\n<!-- \/ Yoast SEO plugin. -->","yoast_head_json":{"title":"Puhovski: Izetbegovi\u0107 ho\u0107e gra\u0111ansku opciju, a istovremeno njegova stranka radikalno \u010disti tamo gdje ima kontrolu - RADIO LJUBU\u0160KI","robots":{"index":"index","follow":"follow","max-snippet":"max-snippet:-1","max-image-preview":"max-image-preview:large","max-video-preview":"max-video-preview:-1"},"canonical":"https:\/\/radioljubuski.ba\/index.php\/2021\/10\/11\/puhovski-izetbegovic-hoce-gradansku-opciju-a-istovremeno-njegova-stranka-radikalno-cisti-tamo-gdje-ima-kontrolu\/","og_locale":"hr_HR","og_type":"article","og_title":"Puhovski: Izetbegovi\u0107 ho\u0107e gra\u0111ansku opciju, a istovremeno njegova stranka radikalno \u010disti tamo gdje ima kontrolu - RADIO LJUBU\u0160KI","og_description":"U posljednjim istupima bh. politi\u010dara, sveu\u010dili\u0161ni profesor, politi\u010dki analiti\u010dar i filozof \u017darko Puhovski iz Zagreba vidi samo dosadni igrokaz koji se ponavlja. Puhovski isti\u010de da je jedina opasnost stalno ponavljati kako nema izlaza, da je BiH u \u0107orsokaku. \u2013 Ja ne mislim da se nekakva neposredna katastrofa primi\u010de u smislu rata ili oru\u017eanih sukoba, nego [&hellip;]","og_url":"https:\/\/radioljubuski.ba\/index.php\/2021\/10\/11\/puhovski-izetbegovic-hoce-gradansku-opciju-a-istovremeno-njegova-stranka-radikalno-cisti-tamo-gdje-ima-kontrolu\/","og_site_name":"RADIO LJUBU\u0160KI","article_publisher":"https:\/\/www.facebook.com\/Radiio-Ljubuski-1490835324566332","article_published_time":"2021-10-11T22:30:41+00:00","article_modified_time":"2021-10-11T22:30:42+00:00","og_image":[{"width":1024,"height":682,"url":"https:\/\/radioljubuski.ba\/wp-content\/uploads\/2021\/10\/puhovski.jpg","type":"image\/jpeg"}],"author":"Radio Ljubu\u0161ki","twitter_card":"summary_large_image","twitter_creator":"@radioljubuski","twitter_site":"@radioljubuski","twitter_misc":{"Napisao\/la":"Radio Ljubu\u0161ki","Procijenjeno vrijeme \u010ditanja":"3 minute"},"schema":{"@context":"https:\/\/schema.org","@graph":[{"@type":"Article","@id":"https:\/\/radioljubuski.ba\/index.php\/2021\/10\/11\/puhovski-izetbegovic-hoce-gradansku-opciju-a-istovremeno-njegova-stranka-radikalno-cisti-tamo-gdje-ima-kontrolu\/#article","isPartOf":{"@id":"https:\/\/radioljubuski.ba\/index.php\/2021\/10\/11\/puhovski-izetbegovic-hoce-gradansku-opciju-a-istovremeno-njegova-stranka-radikalno-cisti-tamo-gdje-ima-kontrolu\/"},"author":{"name":"Radio Ljubu\u0161ki","@id":"https:\/\/radioljubuski.ba\/#\/schema\/person\/19fc700381a780f69665d7956c469e3b"},"headline":"Puhovski: Izetbegovi\u0107 ho\u0107e gra\u0111ansku opciju, a istovremeno njegova stranka radikalno \u010disti tamo gdje ima kontrolu","datePublished":"2021-10-11T22:30:41+00:00","dateModified":"2021-10-11T22:30:42+00:00","mainEntityOfPage":{"@id":"https:\/\/radioljubuski.ba\/index.php\/2021\/10\/11\/puhovski-izetbegovic-hoce-gradansku-opciju-a-istovremeno-njegova-stranka-radikalno-cisti-tamo-gdje-ima-kontrolu\/"},"wordCount":592,"publisher":{"@id":"https:\/\/radioljubuski.ba\/#organization"},"image":{"@id":"https:\/\/radioljubuski.ba\/index.php\/2021\/10\/11\/puhovski-izetbegovic-hoce-gradansku-opciju-a-istovremeno-njegova-stranka-radikalno-cisti-tamo-gdje-ima-kontrolu\/#primaryimage"},"thumbnailUrl":"https:\/\/radioljubuski.ba\/wp-content\/uploads\/2021\/10\/puhovski.jpg","articleSection":["BIH i regija"],"inLanguage":"hr"},{"@type":"WebPage","@id":"https:\/\/radioljubuski.ba\/index.php\/2021\/10\/11\/puhovski-izetbegovic-hoce-gradansku-opciju-a-istovremeno-njegova-stranka-radikalno-cisti-tamo-gdje-ima-kontrolu\/","url":"https:\/\/radioljubuski.ba\/index.php\/2021\/10\/11\/puhovski-izetbegovic-hoce-gradansku-opciju-a-istovremeno-njegova-stranka-radikalno-cisti-tamo-gdje-ima-kontrolu\/","name":"Puhovski: Izetbegovi\u0107 ho\u0107e gra\u0111ansku opciju, a istovremeno njegova stranka radikalno \u010disti tamo gdje ima kontrolu - RADIO LJUBU\u0160KI","isPartOf":{"@id":"https:\/\/radioljubuski.ba\/#website"},"primaryImageOfPage":{"@id":"https:\/\/radioljubuski.ba\/index.php\/2021\/10\/11\/puhovski-izetbegovic-hoce-gradansku-opciju-a-istovremeno-njegova-stranka-radikalno-cisti-tamo-gdje-ima-kontrolu\/#primaryimage"},"image":{"@id":"https:\/\/radioljubuski.ba\/index.php\/2021\/10\/11\/puhovski-izetbegovic-hoce-gradansku-opciju-a-istovremeno-njegova-stranka-radikalno-cisti-tamo-gdje-ima-kontrolu\/#primaryimage"},"thumbnailUrl":"https:\/\/radioljubuski.ba\/wp-content\/uploads\/2021\/10\/puhovski.jpg","datePublished":"2021-10-11T22:30:41+00:00","dateModified":"2021-10-11T22:30:42+00:00","breadcrumb":{"@id":"https:\/\/radioljubuski.ba\/index.php\/2021\/10\/11\/puhovski-izetbegovic-hoce-gradansku-opciju-a-istovremeno-njegova-stranka-radikalno-cisti-tamo-gdje-ima-kontrolu\/#breadcrumb"},"inLanguage":"hr","potentialAction":[{"@type":"ReadAction","target":["https:\/\/radioljubuski.ba\/index.php\/2021\/10\/11\/puhovski-izetbegovic-hoce-gradansku-opciju-a-istovremeno-njegova-stranka-radikalno-cisti-tamo-gdje-ima-kontrolu\/"]}]},{"@type":"ImageObject","inLanguage":"hr","@id":"https:\/\/radioljubuski.ba\/index.php\/2021\/10\/11\/puhovski-izetbegovic-hoce-gradansku-opciju-a-istovremeno-njegova-stranka-radikalno-cisti-tamo-gdje-ima-kontrolu\/#primaryimage","url":"https:\/\/radioljubuski.ba\/wp-content\/uploads\/2021\/10\/puhovski.jpg","contentUrl":"https:\/\/radioljubuski.ba\/wp-content\/uploads\/2021\/10\/puhovski.jpg","width":1024,"height":682},{"@type":"BreadcrumbList","@id":"https:\/\/radioljubuski.ba\/index.php\/2021\/10\/11\/puhovski-izetbegovic-hoce-gradansku-opciju-a-istovremeno-njegova-stranka-radikalno-cisti-tamo-gdje-ima-kontrolu\/#breadcrumb","itemListElement":[{"@type":"ListItem","position":1,"name":"Po\u010detna stranica","item":"https:\/\/radioljubuski.ba\/"},{"@type":"ListItem","position":2,"name":"Puhovski: Izetbegovi\u0107 ho\u0107e gra\u0111ansku opciju, a istovremeno njegova stranka radikalno \u010disti tamo gdje ima kontrolu"}]},{"@type":"WebSite","@id":"https:\/\/radioljubuski.ba\/#website","url":"https:\/\/radioljubuski.ba\/","name":"Radio Ljubu\u0161ki","description":"Sun\u010dana frekvencija Hercegovine","publisher":{"@id":"https:\/\/radioljubuski.ba\/#organization"},"potentialAction":[{"@type":"SearchAction","target":{"@type":"EntryPoint","urlTemplate":"https:\/\/radioljubuski.ba\/?s={search_term_string}"},"query-input":{"@type":"PropertyValueSpecification","valueRequired":true,"valueName":"search_term_string"}}],"inLanguage":"hr"},{"@type":"Organization","@id":"https:\/\/radioljubuski.ba\/#organization","name":"Radio Ljubu\u0161ki","url":"https:\/\/radioljubuski.ba\/","logo":{"@type":"ImageObject","inLanguage":"hr","@id":"https:\/\/radioljubuski.ba\/#\/schema\/logo\/image\/","url":"https:\/\/radioljubuski.ba\/wp-content\/uploads\/2021\/02\/cropped-Radio_Ljubuski_logo1.jpg","contentUrl":"https:\/\/radioljubuski.ba\/wp-content\/uploads\/2021\/02\/cropped-Radio_Ljubuski_logo1.jpg","width":512,"height":512,"caption":"Radio Ljubu\u0161ki"},"image":{"@id":"https:\/\/radioljubuski.ba\/#\/schema\/logo\/image\/"},"sameAs":["https:\/\/www.facebook.com\/Radiio-Ljubuski-1490835324566332","https:\/\/x.com\/radioljubuski","https:\/\/hr.linkedin.com\/company\/radio-ljubuski","https:\/\/www.youtube.com\/channel\/UCHYaeO_n0Db3tjNGudGpXyw"]},{"@type":"Person","@id":"https:\/\/radioljubuski.ba\/#\/schema\/person\/19fc700381a780f69665d7956c469e3b","name":"Radio Ljubu\u0161ki"}]}},"_links":{"self":[{"href":"https:\/\/radioljubuski.ba\/index.php\/wp-json\/wp\/v2\/posts\/74464","targetHints":{"allow":["GET"]}}],"collection":[{"href":"https:\/\/radioljubuski.ba\/index.php\/wp-json\/wp\/v2\/posts"}],"about":[{"href":"https:\/\/radioljubuski.ba\/index.php\/wp-json\/wp\/v2\/types\/post"}],"author":[{"embeddable":true,"href":"https:\/\/radioljubuski.ba\/index.php\/wp-json\/wp\/v2\/users\/2"}],"replies":[{"embeddable":true,"href":"https:\/\/radioljubuski.ba\/index.php\/wp-json\/wp\/v2\/comments?post=74464"}],"version-history":[{"count":1,"href":"https:\/\/radioljubuski.ba\/index.php\/wp-json\/wp\/v2\/posts\/74464\/revisions"}],"predecessor-version":[{"id":74466,"href":"https:\/\/radioljubuski.ba\/index.php\/wp-json\/wp\/v2\/posts\/74464\/revisions\/74466"}],"wp:featuredmedia":[{"embeddable":true,"href":"https:\/\/radioljubuski.ba\/index.php\/wp-json\/wp\/v2\/media\/74465"}],"wp:attachment":[{"href":"https:\/\/radioljubuski.ba\/index.php\/wp-json\/wp\/v2\/media?parent=74464"}],"wp:term":[{"taxonomy":"category","embeddable":true,"href":"https:\/\/radioljubuski.ba\/index.php\/wp-json\/wp\/v2\/categories?post=74464"},{"taxonomy":"post_tag","embeddable":true,"href":"https:\/\/radioljubuski.ba\/index.php\/wp-json\/wp\/v2\/tags?post=74464"}],"curies":[{"name":"wp","href":"https:\/\/api.w.org\/{rel}","templated":true}]}}