{"id":74473,"date":"2021-10-11T23:35:01","date_gmt":"2021-10-11T22:35:01","guid":{"rendered":"https:\/\/radioljubuski.ba\/?p=74473"},"modified":"2021-10-11T23:35:03","modified_gmt":"2021-10-11T22:35:03","slug":"izetbegovic-od-mene-i-bosnjaka-ocekuju-se-neprihvatljive-koncesije-manjina-nece-moci-nametati-volju-vecini","status":"publish","type":"post","link":"https:\/\/radioljubuski.ba\/index.php\/2021\/10\/11\/izetbegovic-od-mene-i-bosnjaka-ocekuju-se-neprihvatljive-koncesije-manjina-nece-moci-nametati-volju-vecini\/","title":{"rendered":"Izetbegovi\u0107: Od mene i Bo\u0161njaka o\u010dekuju se neprihvatljive koncesije, manjina ne\u0107e mo\u0107i nametati volju ve\u0107ini"},"content":{"rendered":"\n<p><strong>-Od Bo\u0161njaka, SDA i mene se o\u010dekuju velike koncesije, u ovakvim okolnostima prevelike i neprihvatljive. Rje\u0161enje \u0107e biti mogu\u0107e tek uz uvjet koji uporno ponavljamo \u2013 Dom naroda ne\u0107e mo\u0107i ostati nadre\u0111en Zastupni\u010dkom domu, manjina u Parlamentu ne\u0107e mo\u0107i nametati ve\u0107ini volju u pitanjima koja se ne odnose na za\u0161titu vitalnog nacionalnog interesa\u201d, kazao je Izetbegovi\u0107, rekao je Bakir Izetbegovi\u0107, predsjednik SDA u intervjuu radikalnom pro SDA-ovsmom listu \u201cStav\u201d. Koriste\u0107i pojam manjina, naravno, mislio je na Hrvate dok pod ve\u0107inom podrazumijeva Bo\u0161njake.<\/strong><\/p>\n\n\n\n<p>Novinar Strava ustvrdio je da je mnoge je iznenadilo otopljavanje odnosa izme\u0111u predsjednika RH Zorana Milanovi\u0107a i Izetbegovi\u0107a. Upitan \u201ckoliko ovaj susret ima veze s bujanjem srpskog novoprobu\u0111enog nacionalizma, a koliko s procesom promjena Izbornog zakona, Izetbegovi\u0107 ka\u017ee da su tijekom jednog od ranijih susreta Stipe Mesi\u0107 i on razgovarali o odnosima BiH i Hrvatske, o potrebi da se ti odnosi poprave.<\/p>\n\n\n\n<p>-Mesi\u0107 mi je tada kazao da on ima komunikaciju s Milanovi\u0107em i ponudio organizira sastanak utroje, \u0161to sam ja prihvatio. Postoji mnogo razloga za dijalog i unapre\u0111enje odnosa sa susjednom Hrvatskom, me\u0111u njima i dva koja ste spomenuli. Milanovi\u0107 ima svoje vi\u0111enje odnosa Hrvatske prema Bosni, kao i odnosa Bo\u0161njaka i Hrvata u BiH, i ono je pojednostavljeno, jednostrano. On \u017eeli vjerovati da je Hrvatska isklju\u010divo pomagala BiH tijekom rata, da nije bilo agresije. Tako\u0111er, jedino \u0161to vidi iz zagreba\u010dke udaljenosti jeste izbor \u017deljka Kom\u0161i\u0107a, za kojeg su Bo\u0161njaci masovno glasovali. Mesi\u0107 i ja smo poku\u0161ali napraviti balans unutar ove dvije teme, Mesi\u0107 u vezi s agresijom, dogovora u Kara\u0111or\u0111evu, njegovog otpora takvoj Tu\u0111manovoj politici, a ja u vezi s polo\u017eajem Hrvata u BiH. Iznio sam podatke koje utjecajni hrvatski politi\u010dari o\u010digledno nisu imali prilike saznati, recimo da bi unutar 340 bitnih pozicija na dr\u017eavnom i federalnom nivou, u skladu s Ustavom i posljednjim popisom, Hrvati trebali biti imenovani na maksimalno 70 pozicija, ali trenuta\u010dno obna\u0161aju 110. Dakle, 40 pozicija ravnatelja bitnih institucija i agencija preko ustavnog okvira, plus paritet u Vije\u0107u ministara i poja\u010dana pozicija Hrvata u Vladi FBiH je u zbroju sigurno puno ja\u010de od pozicije jednog \u010dlana Predsjedni\u0161tva BiH, rekao je Izetbegovi\u0107.<\/p>\n\n\n\n<p>Ustvrdiv\u0161i da se susretom Milanovi\u0107a i Izetbegovi\u0107a hrvatska politika ustvari \u0161alje neku vrstu poruke Draganu \u010covi\u0107u, novinar Stava pitao je Izetbegovi\u0107a je li predsjednik HDZ-a BiH, Dragan \u010covi\u0107, upoznat sa sadr\u017eajem ovog sastanka u Zagrebu Izetbegovi\u0107 je odgovorio potvrdno zaklju\u010div\u0161i to po argumentaciji koju je koristio Milanovi\u0107, a koja je, kako ka\u017ee, veoma sli\u010dna \u010covi\u0107evoj.<\/p>\n\n\n\n<p>Upitan kakve signale dobiva od Amerikanaca s obzirom na to da je Palmer ponovio da zasigurno nitko ne\u0107e biti zadovoljan s kona\u010dnim rje\u0161enjem te \u010dime bi to mogli biti nezadovoljni Bo\u0161njaci, \u010dime Hrvati, a \u010dime Srbi, Izetbegovi\u0107 ka\u017ee da \u0107e pritisak \u0107e i\u0107i na sve tri, odnosno, kako on uobi\u010dajeno i zlonamjerno obmanjuje javnost, \u010detiri strane.<\/p>\n\n\n\n<p>\u201cJer, i ljevi\u010darski blok stranaka, prete\u017eno situiran u Sarajevu, morat \u0107e biti dijelom rje\u0161enja, i to je jasno svakome tko \u017eeli dobro ovoj zemlji. I oni \u0107e morati preuzeti dio odgovornosti, kombinaciju u kojoj se ne\u0161to dobiva, a ne\u0161to gubi. Koliko mogu procijeniti, najve\u0107i pritisak je fokusiran na mene i na Milorada Dodika. Od Dodika se tra\u017ei minimum, to jest da se pona\u0161a normalno, da po\u0161tuje Ustav i zakone, da prestane praviti probleme i sebi i drugima. Od Bo\u0161njaka, SDA i mene se o\u010dekuju velike koncesije, u ovakvim okolnostima prevelike i neprihvatljive. Rje\u0161enje \u0107e biti mogu\u0107e tek uz uvjet koji uporno ponavljamo \u2013 Dom naroda ne\u0107e mo\u0107i ostati nadre\u0111en Zastupni\u010dkom domu, manjina u Parlamentu ne\u0107e mo\u0107i nametati ve\u0107ini volju u pitanjima koja se ne odnose na za\u0161titu vitalnog nacionalnog interesa\u201d, kazao je Izetbegovi\u0107.<\/p>\n\n\n\n<p>Po Izetbegovi\u0107evom mi\u0161ljenju do dogovora oko Izbornog zakona ne dolazi prije svega u sve manjoj spremnosti na kompromis od strane srpskih i hrvatskih predstavnika.<\/p>\n\n\n\n<p>-Lakmus-papir za to je \u201cTravanjski paket\u201d od prije 15 godina, na koji ni jedni ni drugi nisu vi\u0161e spremni staviti potpis. Podigli su ljestvicu zahtjeva. Nema \u0161anse za prolaz \u010dak niti bitno reducirani \u201cTravanjski paket\u201d, koji su bili spremni prihvatiti kompletnog prije desetlje\u0107e i pol. Nadam se da je ova neosporna \u010dinjenica kona\u010dno otvorila o\u010di onima koji su tvrdili da je ovaj paket ustavnih reformi bio lo\u0161 za Bo\u0161njake i Bosnu i Hercegovinu, kazao je Izetbegovi\u0107.<\/p>\n\n\n\n<p><a href=\"https:\/\/stav.ba\/vijest\/bakir-izetbegovic-od-bosnjaka-ne-ocekujte-neprihvatljive-ustupke\/4979\">OVDJE<\/a>&nbsp;pogledajte integralni intervju Bakira Izetbegovi\u0107a za Stav.<\/p>\n\n\n\n<p>\/HMS\/<\/p>\n","protected":false},"excerpt":{"rendered":"<p>-Od Bo\u0161njaka, SDA i mene se o\u010dekuju velike koncesije, u ovakvim okolnostima prevelike i neprihvatljive. Rje\u0161enje \u0107e biti mogu\u0107e tek uz uvjet koji uporno ponavljamo \u2013 Dom naroda ne\u0107e mo\u0107i ostati nadre\u0111en Zastupni\u010dkom domu, manjina u Parlamentu ne\u0107e mo\u0107i nametati ve\u0107ini volju u pitanjima koja se ne odnose na za\u0161titu vitalnog nacionalnog interesa\u201d, kazao je [&hellip;]<\/p>\n","protected":false},"author":2,"featured_media":0,"comment_status":"closed","ping_status":"closed","sticky":false,"template":"","format":"standard","meta":{"h5ap_radio_sources":[],"footnotes":""},"categories":[1],"tags":[],"class_list":["post-74473","post","type-post","status-publish","format-standard","hentry","category-bihiregija"],"yoast_head":"<!-- This site is optimized with the Yoast SEO plugin v27.4 - https:\/\/yoast.com\/product\/yoast-seo-wordpress\/ -->\n<title>Izetbegovi\u0107: Od mene i Bo\u0161njaka o\u010dekuju se neprihvatljive koncesije, manjina ne\u0107e mo\u0107i nametati volju ve\u0107ini - RADIO LJUBU\u0160KI<\/title>\n<meta name=\"robots\" content=\"index, follow, max-snippet:-1, max-image-preview:large, max-video-preview:-1\" \/>\n<link rel=\"canonical\" href=\"https:\/\/radioljubuski.ba\/index.php\/2021\/10\/11\/izetbegovic-od-mene-i-bosnjaka-ocekuju-se-neprihvatljive-koncesije-manjina-nece-moci-nametati-volju-vecini\/\" \/>\n<meta property=\"og:locale\" content=\"hr_HR\" \/>\n<meta property=\"og:type\" content=\"article\" \/>\n<meta property=\"og:title\" content=\"Izetbegovi\u0107: Od mene i Bo\u0161njaka o\u010dekuju se neprihvatljive koncesije, manjina ne\u0107e mo\u0107i nametati volju ve\u0107ini - RADIO LJUBU\u0160KI\" \/>\n<meta property=\"og:description\" content=\"-Od Bo\u0161njaka, SDA i mene se o\u010dekuju velike koncesije, u ovakvim okolnostima prevelike i neprihvatljive. Rje\u0161enje \u0107e biti mogu\u0107e tek uz uvjet koji uporno ponavljamo \u2013 Dom naroda ne\u0107e mo\u0107i ostati nadre\u0111en Zastupni\u010dkom domu, manjina u Parlamentu ne\u0107e mo\u0107i nametati ve\u0107ini volju u pitanjima koja se ne odnose na za\u0161titu vitalnog nacionalnog interesa\u201d, kazao je [&hellip;]\" \/>\n<meta property=\"og:url\" content=\"https:\/\/radioljubuski.ba\/index.php\/2021\/10\/11\/izetbegovic-od-mene-i-bosnjaka-ocekuju-se-neprihvatljive-koncesije-manjina-nece-moci-nametati-volju-vecini\/\" \/>\n<meta property=\"og:site_name\" content=\"RADIO LJUBU\u0160KI\" \/>\n<meta property=\"article:publisher\" content=\"https:\/\/www.facebook.com\/Radiio-Ljubuski-1490835324566332\" \/>\n<meta property=\"article:published_time\" content=\"2021-10-11T22:35:01+00:00\" \/>\n<meta property=\"article:modified_time\" content=\"2021-10-11T22:35:03+00:00\" \/>\n<meta property=\"og:image\" content=\"https:\/\/radioljubuski.ba\/wp-content\/uploads\/2021\/10\/bakir.jpg\" \/>\n\t<meta property=\"og:image:width\" content=\"1024\" \/>\n\t<meta property=\"og:image:height\" content=\"683\" \/>\n\t<meta property=\"og:image:type\" content=\"image\/jpeg\" \/>\n<meta name=\"author\" content=\"Radio Ljubu\u0161ki\" \/>\n<meta name=\"twitter:card\" content=\"summary_large_image\" \/>\n<meta name=\"twitter:creator\" content=\"@radioljubuski\" \/>\n<meta name=\"twitter:site\" content=\"@radioljubuski\" \/>\n<meta name=\"twitter:label1\" content=\"Napisao\/la\" \/>\n\t<meta name=\"twitter:data1\" content=\"Radio Ljubu\u0161ki\" \/>\n\t<meta name=\"twitter:label2\" content=\"Procijenjeno vrijeme \u010ditanja\" \/>\n\t<meta name=\"twitter:data2\" content=\"4 minute\" \/>\n<script type=\"application\/ld+json\" class=\"yoast-schema-graph\">{\"@context\":\"https:\\\/\\\/schema.org\",\"@graph\":[{\"@type\":\"Article\",\"@id\":\"https:\\\/\\\/radioljubuski.ba\\\/index.php\\\/2021\\\/10\\\/11\\\/izetbegovic-od-mene-i-bosnjaka-ocekuju-se-neprihvatljive-koncesije-manjina-nece-moci-nametati-volju-vecini\\\/#article\",\"isPartOf\":{\"@id\":\"https:\\\/\\\/radioljubuski.ba\\\/index.php\\\/2021\\\/10\\\/11\\\/izetbegovic-od-mene-i-bosnjaka-ocekuju-se-neprihvatljive-koncesije-manjina-nece-moci-nametati-volju-vecini\\\/\"},\"author\":{\"name\":\"Radio Ljubu\u0161ki\",\"@id\":\"https:\\\/\\\/radioljubuski.ba\\\/#\\\/schema\\\/person\\\/19fc700381a780f69665d7956c469e3b\"},\"headline\":\"Izetbegovi\u0107: Od mene i Bo\u0161njaka o\u010dekuju se neprihvatljive koncesije, manjina ne\u0107e mo\u0107i nametati volju ve\u0107ini\",\"datePublished\":\"2021-10-11T22:35:01+00:00\",\"dateModified\":\"2021-10-11T22:35:03+00:00\",\"mainEntityOfPage\":{\"@id\":\"https:\\\/\\\/radioljubuski.ba\\\/index.php\\\/2021\\\/10\\\/11\\\/izetbegovic-od-mene-i-bosnjaka-ocekuju-se-neprihvatljive-koncesije-manjina-nece-moci-nametati-volju-vecini\\\/\"},\"wordCount\":808,\"publisher\":{\"@id\":\"https:\\\/\\\/radioljubuski.ba\\\/#organization\"},\"articleSection\":[\"BIH i regija\"],\"inLanguage\":\"hr\"},{\"@type\":\"WebPage\",\"@id\":\"https:\\\/\\\/radioljubuski.ba\\\/index.php\\\/2021\\\/10\\\/11\\\/izetbegovic-od-mene-i-bosnjaka-ocekuju-se-neprihvatljive-koncesije-manjina-nece-moci-nametati-volju-vecini\\\/\",\"url\":\"https:\\\/\\\/radioljubuski.ba\\\/index.php\\\/2021\\\/10\\\/11\\\/izetbegovic-od-mene-i-bosnjaka-ocekuju-se-neprihvatljive-koncesije-manjina-nece-moci-nametati-volju-vecini\\\/\",\"name\":\"Izetbegovi\u0107: Od mene i Bo\u0161njaka o\u010dekuju se neprihvatljive koncesije, manjina ne\u0107e mo\u0107i nametati volju ve\u0107ini - RADIO LJUBU\u0160KI\",\"isPartOf\":{\"@id\":\"https:\\\/\\\/radioljubuski.ba\\\/#website\"},\"datePublished\":\"2021-10-11T22:35:01+00:00\",\"dateModified\":\"2021-10-11T22:35:03+00:00\",\"breadcrumb\":{\"@id\":\"https:\\\/\\\/radioljubuski.ba\\\/index.php\\\/2021\\\/10\\\/11\\\/izetbegovic-od-mene-i-bosnjaka-ocekuju-se-neprihvatljive-koncesije-manjina-nece-moci-nametati-volju-vecini\\\/#breadcrumb\"},\"inLanguage\":\"hr\",\"potentialAction\":[{\"@type\":\"ReadAction\",\"target\":[\"https:\\\/\\\/radioljubuski.ba\\\/index.php\\\/2021\\\/10\\\/11\\\/izetbegovic-od-mene-i-bosnjaka-ocekuju-se-neprihvatljive-koncesije-manjina-nece-moci-nametati-volju-vecini\\\/\"]}]},{\"@type\":\"BreadcrumbList\",\"@id\":\"https:\\\/\\\/radioljubuski.ba\\\/index.php\\\/2021\\\/10\\\/11\\\/izetbegovic-od-mene-i-bosnjaka-ocekuju-se-neprihvatljive-koncesije-manjina-nece-moci-nametati-volju-vecini\\\/#breadcrumb\",\"itemListElement\":[{\"@type\":\"ListItem\",\"position\":1,\"name\":\"Po\u010detna stranica\",\"item\":\"https:\\\/\\\/radioljubuski.ba\\\/\"},{\"@type\":\"ListItem\",\"position\":2,\"name\":\"Izetbegovi\u0107: Od mene i Bo\u0161njaka o\u010dekuju se neprihvatljive koncesije, manjina ne\u0107e mo\u0107i nametati volju ve\u0107ini\"}]},{\"@type\":\"WebSite\",\"@id\":\"https:\\\/\\\/radioljubuski.ba\\\/#website\",\"url\":\"https:\\\/\\\/radioljubuski.ba\\\/\",\"name\":\"Radio Ljubu\u0161ki\",\"description\":\"Sun\u010dana frekvencija Hercegovine\",\"publisher\":{\"@id\":\"https:\\\/\\\/radioljubuski.ba\\\/#organization\"},\"potentialAction\":[{\"@type\":\"SearchAction\",\"target\":{\"@type\":\"EntryPoint\",\"urlTemplate\":\"https:\\\/\\\/radioljubuski.ba\\\/?s={search_term_string}\"},\"query-input\":{\"@type\":\"PropertyValueSpecification\",\"valueRequired\":true,\"valueName\":\"search_term_string\"}}],\"inLanguage\":\"hr\"},{\"@type\":\"Organization\",\"@id\":\"https:\\\/\\\/radioljubuski.ba\\\/#organization\",\"name\":\"Radio Ljubu\u0161ki\",\"url\":\"https:\\\/\\\/radioljubuski.ba\\\/\",\"logo\":{\"@type\":\"ImageObject\",\"inLanguage\":\"hr\",\"@id\":\"https:\\\/\\\/radioljubuski.ba\\\/#\\\/schema\\\/logo\\\/image\\\/\",\"url\":\"https:\\\/\\\/radioljubuski.ba\\\/wp-content\\\/uploads\\\/2021\\\/02\\\/cropped-Radio_Ljubuski_logo1.jpg\",\"contentUrl\":\"https:\\\/\\\/radioljubuski.ba\\\/wp-content\\\/uploads\\\/2021\\\/02\\\/cropped-Radio_Ljubuski_logo1.jpg\",\"width\":512,\"height\":512,\"caption\":\"Radio Ljubu\u0161ki\"},\"image\":{\"@id\":\"https:\\\/\\\/radioljubuski.ba\\\/#\\\/schema\\\/logo\\\/image\\\/\"},\"sameAs\":[\"https:\\\/\\\/www.facebook.com\\\/Radiio-Ljubuski-1490835324566332\",\"https:\\\/\\\/x.com\\\/radioljubuski\",\"https:\\\/\\\/hr.linkedin.com\\\/company\\\/radio-ljubuski\",\"https:\\\/\\\/www.youtube.com\\\/channel\\\/UCHYaeO_n0Db3tjNGudGpXyw\"]},{\"@type\":\"Person\",\"@id\":\"https:\\\/\\\/radioljubuski.ba\\\/#\\\/schema\\\/person\\\/19fc700381a780f69665d7956c469e3b\",\"name\":\"Radio Ljubu\u0161ki\"}]}<\/script>\n<!-- \/ Yoast SEO plugin. -->","yoast_head_json":{"title":"Izetbegovi\u0107: Od mene i Bo\u0161njaka o\u010dekuju se neprihvatljive koncesije, manjina ne\u0107e mo\u0107i nametati volju ve\u0107ini - RADIO LJUBU\u0160KI","robots":{"index":"index","follow":"follow","max-snippet":"max-snippet:-1","max-image-preview":"max-image-preview:large","max-video-preview":"max-video-preview:-1"},"canonical":"https:\/\/radioljubuski.ba\/index.php\/2021\/10\/11\/izetbegovic-od-mene-i-bosnjaka-ocekuju-se-neprihvatljive-koncesije-manjina-nece-moci-nametati-volju-vecini\/","og_locale":"hr_HR","og_type":"article","og_title":"Izetbegovi\u0107: Od mene i Bo\u0161njaka o\u010dekuju se neprihvatljive koncesije, manjina ne\u0107e mo\u0107i nametati volju ve\u0107ini - RADIO LJUBU\u0160KI","og_description":"-Od Bo\u0161njaka, SDA i mene se o\u010dekuju velike koncesije, u ovakvim okolnostima prevelike i neprihvatljive. Rje\u0161enje \u0107e biti mogu\u0107e tek uz uvjet koji uporno ponavljamo \u2013 Dom naroda ne\u0107e mo\u0107i ostati nadre\u0111en Zastupni\u010dkom domu, manjina u Parlamentu ne\u0107e mo\u0107i nametati ve\u0107ini volju u pitanjima koja se ne odnose na za\u0161titu vitalnog nacionalnog interesa\u201d, kazao je [&hellip;]","og_url":"https:\/\/radioljubuski.ba\/index.php\/2021\/10\/11\/izetbegovic-od-mene-i-bosnjaka-ocekuju-se-neprihvatljive-koncesije-manjina-nece-moci-nametati-volju-vecini\/","og_site_name":"RADIO LJUBU\u0160KI","article_publisher":"https:\/\/www.facebook.com\/Radiio-Ljubuski-1490835324566332","article_published_time":"2021-10-11T22:35:01+00:00","article_modified_time":"2021-10-11T22:35:03+00:00","og_image":[{"width":1024,"height":683,"url":"https:\/\/radioljubuski.ba\/wp-content\/uploads\/2021\/10\/bakir.jpg","type":"image\/jpeg"}],"author":"Radio Ljubu\u0161ki","twitter_card":"summary_large_image","twitter_creator":"@radioljubuski","twitter_site":"@radioljubuski","twitter_misc":{"Napisao\/la":"Radio Ljubu\u0161ki","Procijenjeno vrijeme \u010ditanja":"4 minute"},"schema":{"@context":"https:\/\/schema.org","@graph":[{"@type":"Article","@id":"https:\/\/radioljubuski.ba\/index.php\/2021\/10\/11\/izetbegovic-od-mene-i-bosnjaka-ocekuju-se-neprihvatljive-koncesije-manjina-nece-moci-nametati-volju-vecini\/#article","isPartOf":{"@id":"https:\/\/radioljubuski.ba\/index.php\/2021\/10\/11\/izetbegovic-od-mene-i-bosnjaka-ocekuju-se-neprihvatljive-koncesije-manjina-nece-moci-nametati-volju-vecini\/"},"author":{"name":"Radio Ljubu\u0161ki","@id":"https:\/\/radioljubuski.ba\/#\/schema\/person\/19fc700381a780f69665d7956c469e3b"},"headline":"Izetbegovi\u0107: Od mene i Bo\u0161njaka o\u010dekuju se neprihvatljive koncesije, manjina ne\u0107e mo\u0107i nametati volju ve\u0107ini","datePublished":"2021-10-11T22:35:01+00:00","dateModified":"2021-10-11T22:35:03+00:00","mainEntityOfPage":{"@id":"https:\/\/radioljubuski.ba\/index.php\/2021\/10\/11\/izetbegovic-od-mene-i-bosnjaka-ocekuju-se-neprihvatljive-koncesije-manjina-nece-moci-nametati-volju-vecini\/"},"wordCount":808,"publisher":{"@id":"https:\/\/radioljubuski.ba\/#organization"},"articleSection":["BIH i regija"],"inLanguage":"hr"},{"@type":"WebPage","@id":"https:\/\/radioljubuski.ba\/index.php\/2021\/10\/11\/izetbegovic-od-mene-i-bosnjaka-ocekuju-se-neprihvatljive-koncesije-manjina-nece-moci-nametati-volju-vecini\/","url":"https:\/\/radioljubuski.ba\/index.php\/2021\/10\/11\/izetbegovic-od-mene-i-bosnjaka-ocekuju-se-neprihvatljive-koncesije-manjina-nece-moci-nametati-volju-vecini\/","name":"Izetbegovi\u0107: Od mene i Bo\u0161njaka o\u010dekuju se neprihvatljive koncesije, manjina ne\u0107e mo\u0107i nametati volju ve\u0107ini - RADIO LJUBU\u0160KI","isPartOf":{"@id":"https:\/\/radioljubuski.ba\/#website"},"datePublished":"2021-10-11T22:35:01+00:00","dateModified":"2021-10-11T22:35:03+00:00","breadcrumb":{"@id":"https:\/\/radioljubuski.ba\/index.php\/2021\/10\/11\/izetbegovic-od-mene-i-bosnjaka-ocekuju-se-neprihvatljive-koncesije-manjina-nece-moci-nametati-volju-vecini\/#breadcrumb"},"inLanguage":"hr","potentialAction":[{"@type":"ReadAction","target":["https:\/\/radioljubuski.ba\/index.php\/2021\/10\/11\/izetbegovic-od-mene-i-bosnjaka-ocekuju-se-neprihvatljive-koncesije-manjina-nece-moci-nametati-volju-vecini\/"]}]},{"@type":"BreadcrumbList","@id":"https:\/\/radioljubuski.ba\/index.php\/2021\/10\/11\/izetbegovic-od-mene-i-bosnjaka-ocekuju-se-neprihvatljive-koncesije-manjina-nece-moci-nametati-volju-vecini\/#breadcrumb","itemListElement":[{"@type":"ListItem","position":1,"name":"Po\u010detna stranica","item":"https:\/\/radioljubuski.ba\/"},{"@type":"ListItem","position":2,"name":"Izetbegovi\u0107: Od mene i Bo\u0161njaka o\u010dekuju se neprihvatljive koncesije, manjina ne\u0107e mo\u0107i nametati volju ve\u0107ini"}]},{"@type":"WebSite","@id":"https:\/\/radioljubuski.ba\/#website","url":"https:\/\/radioljubuski.ba\/","name":"Radio Ljubu\u0161ki","description":"Sun\u010dana frekvencija Hercegovine","publisher":{"@id":"https:\/\/radioljubuski.ba\/#organization"},"potentialAction":[{"@type":"SearchAction","target":{"@type":"EntryPoint","urlTemplate":"https:\/\/radioljubuski.ba\/?s={search_term_string}"},"query-input":{"@type":"PropertyValueSpecification","valueRequired":true,"valueName":"search_term_string"}}],"inLanguage":"hr"},{"@type":"Organization","@id":"https:\/\/radioljubuski.ba\/#organization","name":"Radio Ljubu\u0161ki","url":"https:\/\/radioljubuski.ba\/","logo":{"@type":"ImageObject","inLanguage":"hr","@id":"https:\/\/radioljubuski.ba\/#\/schema\/logo\/image\/","url":"https:\/\/radioljubuski.ba\/wp-content\/uploads\/2021\/02\/cropped-Radio_Ljubuski_logo1.jpg","contentUrl":"https:\/\/radioljubuski.ba\/wp-content\/uploads\/2021\/02\/cropped-Radio_Ljubuski_logo1.jpg","width":512,"height":512,"caption":"Radio Ljubu\u0161ki"},"image":{"@id":"https:\/\/radioljubuski.ba\/#\/schema\/logo\/image\/"},"sameAs":["https:\/\/www.facebook.com\/Radiio-Ljubuski-1490835324566332","https:\/\/x.com\/radioljubuski","https:\/\/hr.linkedin.com\/company\/radio-ljubuski","https:\/\/www.youtube.com\/channel\/UCHYaeO_n0Db3tjNGudGpXyw"]},{"@type":"Person","@id":"https:\/\/radioljubuski.ba\/#\/schema\/person\/19fc700381a780f69665d7956c469e3b","name":"Radio Ljubu\u0161ki"}]}},"_links":{"self":[{"href":"https:\/\/radioljubuski.ba\/index.php\/wp-json\/wp\/v2\/posts\/74473","targetHints":{"allow":["GET"]}}],"collection":[{"href":"https:\/\/radioljubuski.ba\/index.php\/wp-json\/wp\/v2\/posts"}],"about":[{"href":"https:\/\/radioljubuski.ba\/index.php\/wp-json\/wp\/v2\/types\/post"}],"author":[{"embeddable":true,"href":"https:\/\/radioljubuski.ba\/index.php\/wp-json\/wp\/v2\/users\/2"}],"replies":[{"embeddable":true,"href":"https:\/\/radioljubuski.ba\/index.php\/wp-json\/wp\/v2\/comments?post=74473"}],"version-history":[{"count":1,"href":"https:\/\/radioljubuski.ba\/index.php\/wp-json\/wp\/v2\/posts\/74473\/revisions"}],"predecessor-version":[{"id":74475,"href":"https:\/\/radioljubuski.ba\/index.php\/wp-json\/wp\/v2\/posts\/74473\/revisions\/74475"}],"wp:attachment":[{"href":"https:\/\/radioljubuski.ba\/index.php\/wp-json\/wp\/v2\/media?parent=74473"}],"wp:term":[{"taxonomy":"category","embeddable":true,"href":"https:\/\/radioljubuski.ba\/index.php\/wp-json\/wp\/v2\/categories?post=74473"},{"taxonomy":"post_tag","embeddable":true,"href":"https:\/\/radioljubuski.ba\/index.php\/wp-json\/wp\/v2\/tags?post=74473"}],"curies":[{"name":"wp","href":"https:\/\/api.w.org\/{rel}","templated":true}]}}