{"id":74476,"date":"2021-10-11T23:36:48","date_gmt":"2021-10-11T22:36:48","guid":{"rendered":"https:\/\/radioljubuski.ba\/?p=74476"},"modified":"2021-10-11T23:36:49","modified_gmt":"2021-10-11T22:36:49","slug":"covic-iz-federalnog-proracuna-hrvati-povlace-tek-7-posto-sredstava-u-fbih-je-bar-desetak-ministarstava-i-agencija-u-kojima-nema-hrvata","status":"publish","type":"post","link":"https:\/\/radioljubuski.ba\/index.php\/2021\/10\/11\/covic-iz-federalnog-proracuna-hrvati-povlace-tek-7-posto-sredstava-u-fbih-je-bar-desetak-ministarstava-i-agencija-u-kojima-nema-hrvata\/","title":{"rendered":"\u010covi\u0107: Iz Federalnog prora\u010duna Hrvati povla\u010de tek 7 posto sredstava, u FBiH je bar desetak ministarstava i agencija u kojima nema Hrvata"},"content":{"rendered":"\n<p><strong>Lider HDZ BiH i HNS BiH Dragan \u010covi\u0107 osvrnuo se na izjave predsjednika SDA Bakira Izetbegovi\u0107a kako su Hrvati prezastupljeni u Federaciji BiH.<\/strong><\/p>\n\n\n\n<iframe loading=\"lazy\" title=\"RTV HB | Dragan \u010covi\u0107 \/ Dnevnik PLUS\" width=\"640\" height=\"360\" src=\"https:\/\/www.youtube.com\/embed\/f4dJ5uY3YBU?feature=oembed\" frameborder=\"0\" allow=\"accelerometer; autoplay; clipboard-write; encrypted-media; gyroscope; picture-in-picture; web-share\" referrerpolicy=\"strict-origin-when-cross-origin\" allowfullscreen><\/iframe>\n\n\n\n<p>-Hrvatski iz Federalnog prora\u010duna povla\u010de tek 7 posto sredstava \u0161to je mnogo manje nego \u0161to nam pripada. I du\u017enosnika u FBiH imamo puno manje nego \u0161to nam pripada. U Federaciji imate bar desetak ministarstava i agencija u kojima nemate ni jednog Hrvata, ili po jednog kojeg su doveli za pokazati, kazao je \u010covi\u0107, prenosi Hrvatski Medijski Servis.<\/p>\n\n\n\n<p>Dodao je, gostuju\u0107i u Dnevniku plus RTV Herceg Bosne, kako je odgovaraju\u0107a nacionalna zastupljenost Hrvata samo u institucijama na \u010dijem su \u010delu Hrvati.<\/p>\n\n\n\n<p>-Ravnote\u017eu smo uspjeli o\u010duvati u ministarstvima (federalnim op hms) na \u010dijem su \u010delu Hrvati- to je kultura, financije, pravda, prostorno ure\u0111enje, promet,\u2026 kazao je \u010covi\u0107.<\/p>\n\n\n\n<p>Upitan zbog \u010dega Izetbegovi\u0107 stalno onda isti\u010de kako su Hrvati prezastupljeni, \u010covi\u0107 je kazao kako to \u010dini da bi poslao poruku \u201cevo pogledate dali smo im i previ\u0161e, ne trebamo im vi\u0161e davati\u201d.<\/p>\n\n\n\n<p>\u2013 Nitko ni\u0161ta nama ne treba davati ni Izetbegovi\u0107 ni bilo tko drugi. Mi tra\u017eimo samo ono \u0161to nam po Ustavu pripada. Ranije u emisiji je podsjetio kako je to, uz ostalo pravo da biraju svog predstavnika u Predsjedni\u0161tvo BiH i svih 17 izaslanika u Klub Hrvata Federalnog doma naroda.<\/p>\n\n\n\n<p>\u010covi\u0107 je kazao kako je cilj bo\u0161nja\u010dke politike ovladati Klubom Hrvata Parlamenta FBiH, kako bi se uz pomo\u0107 jedne tre\u0107ine u hrvatskom klubu izabrane od strane Bo\u0161njaka ovladali cijelom Federacijom.- E to tako ne\u0107e i\u0107i, dodao je.<\/p>\n\n\n\n<p>Istaknuo je i kako je cilj bo\u0161nja\u010dke politike da Federaciju BiH izgleda kao glavni grad Sarajevo.<\/p>\n\n\n\n<p>-Oni se vole hvaliti kako imaju d\u017eamiju, katoli\u010dku katedralu, pravoslavnu crkvu, a u Sarajevu danas \u017eivi manje od 5 posto nebo\u0161njaka, kazao je \u010covi\u0107.<\/p>\n\n\n\n<p>Podsjetio je kako se 97 posto du\u017enosnika u predstavni\u010dka tijela bira po gra\u0161anskom modelu, a samo tri posto po etni\u010dkom- a to su Predsjedni\u0161tvo i domovi naroda.<\/p>\n\n\n\n<p>\u2013 Ja sam im rekao ho\u017eete gra\u0111ansko u Federaciji- napravite onda dvije federalne jedinice, kazao je \u010covi\u0107.<\/p>\n\n\n\n<p>Cijeli razgovor pogledajte u videu.<\/p>\n\n\n\n<p>\/HMS\/<\/p>\n","protected":false},"excerpt":{"rendered":"<p>Lider HDZ BiH i HNS BiH Dragan \u010covi\u0107 osvrnuo se na izjave predsjednika SDA Bakira Izetbegovi\u0107a kako su Hrvati prezastupljeni u Federaciji BiH. -Hrvatski iz Federalnog prora\u010duna povla\u010de tek 7 posto sredstava \u0161to je mnogo manje nego \u0161to nam pripada. I du\u017enosnika u FBiH imamo puno manje nego \u0161to nam pripada. U Federaciji imate bar [&hellip;]<\/p>\n","protected":false},"author":2,"featured_media":74477,"comment_status":"closed","ping_status":"closed","sticky":false,"template":"","format":"standard","meta":{"h5ap_radio_sources":[],"footnotes":""},"categories":[1],"tags":[],"class_list":["post-74476","post","type-post","status-publish","format-standard","has-post-thumbnail","hentry","category-bihiregija"],"yoast_head":"<!-- This site is optimized with the Yoast SEO plugin v27.4 - https:\/\/yoast.com\/product\/yoast-seo-wordpress\/ -->\n<title>\u010covi\u0107: Iz Federalnog prora\u010duna Hrvati povla\u010de tek 7 posto sredstava, u FBiH je bar desetak ministarstava i agencija u kojima nema Hrvata - RADIO LJUBU\u0160KI<\/title>\n<meta name=\"robots\" content=\"index, follow, max-snippet:-1, max-image-preview:large, max-video-preview:-1\" \/>\n<link rel=\"canonical\" href=\"https:\/\/radioljubuski.ba\/index.php\/2021\/10\/11\/covic-iz-federalnog-proracuna-hrvati-povlace-tek-7-posto-sredstava-u-fbih-je-bar-desetak-ministarstava-i-agencija-u-kojima-nema-hrvata\/\" \/>\n<meta property=\"og:locale\" content=\"hr_HR\" \/>\n<meta property=\"og:type\" content=\"article\" \/>\n<meta property=\"og:title\" content=\"\u010covi\u0107: Iz Federalnog prora\u010duna Hrvati povla\u010de tek 7 posto sredstava, u FBiH je bar desetak ministarstava i agencija u kojima nema Hrvata - RADIO LJUBU\u0160KI\" \/>\n<meta property=\"og:description\" content=\"Lider HDZ BiH i HNS BiH Dragan \u010covi\u0107 osvrnuo se na izjave predsjednika SDA Bakira Izetbegovi\u0107a kako su Hrvati prezastupljeni u Federaciji BiH. -Hrvatski iz Federalnog prora\u010duna povla\u010de tek 7 posto sredstava \u0161to je mnogo manje nego \u0161to nam pripada. I du\u017enosnika u FBiH imamo puno manje nego \u0161to nam pripada. U Federaciji imate bar [&hellip;]\" \/>\n<meta property=\"og:url\" content=\"https:\/\/radioljubuski.ba\/index.php\/2021\/10\/11\/covic-iz-federalnog-proracuna-hrvati-povlace-tek-7-posto-sredstava-u-fbih-je-bar-desetak-ministarstava-i-agencija-u-kojima-nema-hrvata\/\" \/>\n<meta property=\"og:site_name\" content=\"RADIO LJUBU\u0160KI\" \/>\n<meta property=\"article:publisher\" content=\"https:\/\/www.facebook.com\/Radiio-Ljubuski-1490835324566332\" \/>\n<meta property=\"article:published_time\" content=\"2021-10-11T22:36:48+00:00\" \/>\n<meta property=\"article:modified_time\" content=\"2021-10-11T22:36:49+00:00\" \/>\n<meta property=\"og:image\" content=\"https:\/\/radioljubuski.ba\/wp-content\/uploads\/2021\/10\/maxresdefault-3.jpg\" \/>\n\t<meta property=\"og:image:width\" content=\"1280\" \/>\n\t<meta property=\"og:image:height\" content=\"720\" \/>\n\t<meta property=\"og:image:type\" content=\"image\/jpeg\" \/>\n<meta name=\"author\" content=\"Radio Ljubu\u0161ki\" \/>\n<meta name=\"twitter:card\" content=\"summary_large_image\" \/>\n<meta name=\"twitter:creator\" content=\"@radioljubuski\" \/>\n<meta name=\"twitter:site\" content=\"@radioljubuski\" \/>\n<meta name=\"twitter:label1\" content=\"Napisao\/la\" \/>\n\t<meta name=\"twitter:data1\" content=\"Radio Ljubu\u0161ki\" \/>\n\t<meta name=\"twitter:label2\" content=\"Procijenjeno vrijeme \u010ditanja\" \/>\n\t<meta name=\"twitter:data2\" content=\"2 minute\" \/>\n<script type=\"application\/ld+json\" class=\"yoast-schema-graph\">{\"@context\":\"https:\\\/\\\/schema.org\",\"@graph\":[{\"@type\":\"Article\",\"@id\":\"https:\\\/\\\/radioljubuski.ba\\\/index.php\\\/2021\\\/10\\\/11\\\/covic-iz-federalnog-proracuna-hrvati-povlace-tek-7-posto-sredstava-u-fbih-je-bar-desetak-ministarstava-i-agencija-u-kojima-nema-hrvata\\\/#article\",\"isPartOf\":{\"@id\":\"https:\\\/\\\/radioljubuski.ba\\\/index.php\\\/2021\\\/10\\\/11\\\/covic-iz-federalnog-proracuna-hrvati-povlace-tek-7-posto-sredstava-u-fbih-je-bar-desetak-ministarstava-i-agencija-u-kojima-nema-hrvata\\\/\"},\"author\":{\"name\":\"Radio Ljubu\u0161ki\",\"@id\":\"https:\\\/\\\/radioljubuski.ba\\\/#\\\/schema\\\/person\\\/19fc700381a780f69665d7956c469e3b\"},\"headline\":\"\u010covi\u0107: Iz Federalnog prora\u010duna Hrvati povla\u010de tek 7 posto sredstava, u FBiH je bar desetak ministarstava i agencija u kojima nema Hrvata\",\"datePublished\":\"2021-10-11T22:36:48+00:00\",\"dateModified\":\"2021-10-11T22:36:49+00:00\",\"mainEntityOfPage\":{\"@id\":\"https:\\\/\\\/radioljubuski.ba\\\/index.php\\\/2021\\\/10\\\/11\\\/covic-iz-federalnog-proracuna-hrvati-povlace-tek-7-posto-sredstava-u-fbih-je-bar-desetak-ministarstava-i-agencija-u-kojima-nema-hrvata\\\/\"},\"wordCount\":399,\"publisher\":{\"@id\":\"https:\\\/\\\/radioljubuski.ba\\\/#organization\"},\"image\":{\"@id\":\"https:\\\/\\\/radioljubuski.ba\\\/index.php\\\/2021\\\/10\\\/11\\\/covic-iz-federalnog-proracuna-hrvati-povlace-tek-7-posto-sredstava-u-fbih-je-bar-desetak-ministarstava-i-agencija-u-kojima-nema-hrvata\\\/#primaryimage\"},\"thumbnailUrl\":\"https:\\\/\\\/radioljubuski.ba\\\/wp-content\\\/uploads\\\/2021\\\/10\\\/maxresdefault-3.jpg\",\"articleSection\":[\"BIH i regija\"],\"inLanguage\":\"hr\"},{\"@type\":\"WebPage\",\"@id\":\"https:\\\/\\\/radioljubuski.ba\\\/index.php\\\/2021\\\/10\\\/11\\\/covic-iz-federalnog-proracuna-hrvati-povlace-tek-7-posto-sredstava-u-fbih-je-bar-desetak-ministarstava-i-agencija-u-kojima-nema-hrvata\\\/\",\"url\":\"https:\\\/\\\/radioljubuski.ba\\\/index.php\\\/2021\\\/10\\\/11\\\/covic-iz-federalnog-proracuna-hrvati-povlace-tek-7-posto-sredstava-u-fbih-je-bar-desetak-ministarstava-i-agencija-u-kojima-nema-hrvata\\\/\",\"name\":\"\u010covi\u0107: Iz Federalnog prora\u010duna Hrvati povla\u010de tek 7 posto sredstava, u FBiH je bar desetak ministarstava i agencija u kojima nema Hrvata - RADIO LJUBU\u0160KI\",\"isPartOf\":{\"@id\":\"https:\\\/\\\/radioljubuski.ba\\\/#website\"},\"primaryImageOfPage\":{\"@id\":\"https:\\\/\\\/radioljubuski.ba\\\/index.php\\\/2021\\\/10\\\/11\\\/covic-iz-federalnog-proracuna-hrvati-povlace-tek-7-posto-sredstava-u-fbih-je-bar-desetak-ministarstava-i-agencija-u-kojima-nema-hrvata\\\/#primaryimage\"},\"image\":{\"@id\":\"https:\\\/\\\/radioljubuski.ba\\\/index.php\\\/2021\\\/10\\\/11\\\/covic-iz-federalnog-proracuna-hrvati-povlace-tek-7-posto-sredstava-u-fbih-je-bar-desetak-ministarstava-i-agencija-u-kojima-nema-hrvata\\\/#primaryimage\"},\"thumbnailUrl\":\"https:\\\/\\\/radioljubuski.ba\\\/wp-content\\\/uploads\\\/2021\\\/10\\\/maxresdefault-3.jpg\",\"datePublished\":\"2021-10-11T22:36:48+00:00\",\"dateModified\":\"2021-10-11T22:36:49+00:00\",\"breadcrumb\":{\"@id\":\"https:\\\/\\\/radioljubuski.ba\\\/index.php\\\/2021\\\/10\\\/11\\\/covic-iz-federalnog-proracuna-hrvati-povlace-tek-7-posto-sredstava-u-fbih-je-bar-desetak-ministarstava-i-agencija-u-kojima-nema-hrvata\\\/#breadcrumb\"},\"inLanguage\":\"hr\",\"potentialAction\":[{\"@type\":\"ReadAction\",\"target\":[\"https:\\\/\\\/radioljubuski.ba\\\/index.php\\\/2021\\\/10\\\/11\\\/covic-iz-federalnog-proracuna-hrvati-povlace-tek-7-posto-sredstava-u-fbih-je-bar-desetak-ministarstava-i-agencija-u-kojima-nema-hrvata\\\/\"]}]},{\"@type\":\"ImageObject\",\"inLanguage\":\"hr\",\"@id\":\"https:\\\/\\\/radioljubuski.ba\\\/index.php\\\/2021\\\/10\\\/11\\\/covic-iz-federalnog-proracuna-hrvati-povlace-tek-7-posto-sredstava-u-fbih-je-bar-desetak-ministarstava-i-agencija-u-kojima-nema-hrvata\\\/#primaryimage\",\"url\":\"https:\\\/\\\/radioljubuski.ba\\\/wp-content\\\/uploads\\\/2021\\\/10\\\/maxresdefault-3.jpg\",\"contentUrl\":\"https:\\\/\\\/radioljubuski.ba\\\/wp-content\\\/uploads\\\/2021\\\/10\\\/maxresdefault-3.jpg\",\"width\":1280,\"height\":720},{\"@type\":\"BreadcrumbList\",\"@id\":\"https:\\\/\\\/radioljubuski.ba\\\/index.php\\\/2021\\\/10\\\/11\\\/covic-iz-federalnog-proracuna-hrvati-povlace-tek-7-posto-sredstava-u-fbih-je-bar-desetak-ministarstava-i-agencija-u-kojima-nema-hrvata\\\/#breadcrumb\",\"itemListElement\":[{\"@type\":\"ListItem\",\"position\":1,\"name\":\"Po\u010detna stranica\",\"item\":\"https:\\\/\\\/radioljubuski.ba\\\/\"},{\"@type\":\"ListItem\",\"position\":2,\"name\":\"\u010covi\u0107: Iz Federalnog prora\u010duna Hrvati povla\u010de tek 7 posto sredstava, u FBiH je bar desetak ministarstava i agencija u kojima nema Hrvata\"}]},{\"@type\":\"WebSite\",\"@id\":\"https:\\\/\\\/radioljubuski.ba\\\/#website\",\"url\":\"https:\\\/\\\/radioljubuski.ba\\\/\",\"name\":\"Radio Ljubu\u0161ki\",\"description\":\"Sun\u010dana frekvencija Hercegovine\",\"publisher\":{\"@id\":\"https:\\\/\\\/radioljubuski.ba\\\/#organization\"},\"potentialAction\":[{\"@type\":\"SearchAction\",\"target\":{\"@type\":\"EntryPoint\",\"urlTemplate\":\"https:\\\/\\\/radioljubuski.ba\\\/?s={search_term_string}\"},\"query-input\":{\"@type\":\"PropertyValueSpecification\",\"valueRequired\":true,\"valueName\":\"search_term_string\"}}],\"inLanguage\":\"hr\"},{\"@type\":\"Organization\",\"@id\":\"https:\\\/\\\/radioljubuski.ba\\\/#organization\",\"name\":\"Radio Ljubu\u0161ki\",\"url\":\"https:\\\/\\\/radioljubuski.ba\\\/\",\"logo\":{\"@type\":\"ImageObject\",\"inLanguage\":\"hr\",\"@id\":\"https:\\\/\\\/radioljubuski.ba\\\/#\\\/schema\\\/logo\\\/image\\\/\",\"url\":\"https:\\\/\\\/radioljubuski.ba\\\/wp-content\\\/uploads\\\/2021\\\/02\\\/cropped-Radio_Ljubuski_logo1.jpg\",\"contentUrl\":\"https:\\\/\\\/radioljubuski.ba\\\/wp-content\\\/uploads\\\/2021\\\/02\\\/cropped-Radio_Ljubuski_logo1.jpg\",\"width\":512,\"height\":512,\"caption\":\"Radio Ljubu\u0161ki\"},\"image\":{\"@id\":\"https:\\\/\\\/radioljubuski.ba\\\/#\\\/schema\\\/logo\\\/image\\\/\"},\"sameAs\":[\"https:\\\/\\\/www.facebook.com\\\/Radiio-Ljubuski-1490835324566332\",\"https:\\\/\\\/x.com\\\/radioljubuski\",\"https:\\\/\\\/hr.linkedin.com\\\/company\\\/radio-ljubuski\",\"https:\\\/\\\/www.youtube.com\\\/channel\\\/UCHYaeO_n0Db3tjNGudGpXyw\"]},{\"@type\":\"Person\",\"@id\":\"https:\\\/\\\/radioljubuski.ba\\\/#\\\/schema\\\/person\\\/19fc700381a780f69665d7956c469e3b\",\"name\":\"Radio Ljubu\u0161ki\"}]}<\/script>\n<!-- \/ Yoast SEO plugin. -->","yoast_head_json":{"title":"\u010covi\u0107: Iz Federalnog prora\u010duna Hrvati povla\u010de tek 7 posto sredstava, u FBiH je bar desetak ministarstava i agencija u kojima nema Hrvata - RADIO LJUBU\u0160KI","robots":{"index":"index","follow":"follow","max-snippet":"max-snippet:-1","max-image-preview":"max-image-preview:large","max-video-preview":"max-video-preview:-1"},"canonical":"https:\/\/radioljubuski.ba\/index.php\/2021\/10\/11\/covic-iz-federalnog-proracuna-hrvati-povlace-tek-7-posto-sredstava-u-fbih-je-bar-desetak-ministarstava-i-agencija-u-kojima-nema-hrvata\/","og_locale":"hr_HR","og_type":"article","og_title":"\u010covi\u0107: Iz Federalnog prora\u010duna Hrvati povla\u010de tek 7 posto sredstava, u FBiH je bar desetak ministarstava i agencija u kojima nema Hrvata - RADIO LJUBU\u0160KI","og_description":"Lider HDZ BiH i HNS BiH Dragan \u010covi\u0107 osvrnuo se na izjave predsjednika SDA Bakira Izetbegovi\u0107a kako su Hrvati prezastupljeni u Federaciji BiH. -Hrvatski iz Federalnog prora\u010duna povla\u010de tek 7 posto sredstava \u0161to je mnogo manje nego \u0161to nam pripada. I du\u017enosnika u FBiH imamo puno manje nego \u0161to nam pripada. U Federaciji imate bar [&hellip;]","og_url":"https:\/\/radioljubuski.ba\/index.php\/2021\/10\/11\/covic-iz-federalnog-proracuna-hrvati-povlace-tek-7-posto-sredstava-u-fbih-je-bar-desetak-ministarstava-i-agencija-u-kojima-nema-hrvata\/","og_site_name":"RADIO LJUBU\u0160KI","article_publisher":"https:\/\/www.facebook.com\/Radiio-Ljubuski-1490835324566332","article_published_time":"2021-10-11T22:36:48+00:00","article_modified_time":"2021-10-11T22:36:49+00:00","og_image":[{"width":1280,"height":720,"url":"https:\/\/radioljubuski.ba\/wp-content\/uploads\/2021\/10\/maxresdefault-3.jpg","type":"image\/jpeg"}],"author":"Radio Ljubu\u0161ki","twitter_card":"summary_large_image","twitter_creator":"@radioljubuski","twitter_site":"@radioljubuski","twitter_misc":{"Napisao\/la":"Radio Ljubu\u0161ki","Procijenjeno vrijeme \u010ditanja":"2 minute"},"schema":{"@context":"https:\/\/schema.org","@graph":[{"@type":"Article","@id":"https:\/\/radioljubuski.ba\/index.php\/2021\/10\/11\/covic-iz-federalnog-proracuna-hrvati-povlace-tek-7-posto-sredstava-u-fbih-je-bar-desetak-ministarstava-i-agencija-u-kojima-nema-hrvata\/#article","isPartOf":{"@id":"https:\/\/radioljubuski.ba\/index.php\/2021\/10\/11\/covic-iz-federalnog-proracuna-hrvati-povlace-tek-7-posto-sredstava-u-fbih-je-bar-desetak-ministarstava-i-agencija-u-kojima-nema-hrvata\/"},"author":{"name":"Radio Ljubu\u0161ki","@id":"https:\/\/radioljubuski.ba\/#\/schema\/person\/19fc700381a780f69665d7956c469e3b"},"headline":"\u010covi\u0107: Iz Federalnog prora\u010duna Hrvati povla\u010de tek 7 posto sredstava, u FBiH je bar desetak ministarstava i agencija u kojima nema Hrvata","datePublished":"2021-10-11T22:36:48+00:00","dateModified":"2021-10-11T22:36:49+00:00","mainEntityOfPage":{"@id":"https:\/\/radioljubuski.ba\/index.php\/2021\/10\/11\/covic-iz-federalnog-proracuna-hrvati-povlace-tek-7-posto-sredstava-u-fbih-je-bar-desetak-ministarstava-i-agencija-u-kojima-nema-hrvata\/"},"wordCount":399,"publisher":{"@id":"https:\/\/radioljubuski.ba\/#organization"},"image":{"@id":"https:\/\/radioljubuski.ba\/index.php\/2021\/10\/11\/covic-iz-federalnog-proracuna-hrvati-povlace-tek-7-posto-sredstava-u-fbih-je-bar-desetak-ministarstava-i-agencija-u-kojima-nema-hrvata\/#primaryimage"},"thumbnailUrl":"https:\/\/radioljubuski.ba\/wp-content\/uploads\/2021\/10\/maxresdefault-3.jpg","articleSection":["BIH i regija"],"inLanguage":"hr"},{"@type":"WebPage","@id":"https:\/\/radioljubuski.ba\/index.php\/2021\/10\/11\/covic-iz-federalnog-proracuna-hrvati-povlace-tek-7-posto-sredstava-u-fbih-je-bar-desetak-ministarstava-i-agencija-u-kojima-nema-hrvata\/","url":"https:\/\/radioljubuski.ba\/index.php\/2021\/10\/11\/covic-iz-federalnog-proracuna-hrvati-povlace-tek-7-posto-sredstava-u-fbih-je-bar-desetak-ministarstava-i-agencija-u-kojima-nema-hrvata\/","name":"\u010covi\u0107: Iz Federalnog prora\u010duna Hrvati povla\u010de tek 7 posto sredstava, u FBiH je bar desetak ministarstava i agencija u kojima nema Hrvata - RADIO LJUBU\u0160KI","isPartOf":{"@id":"https:\/\/radioljubuski.ba\/#website"},"primaryImageOfPage":{"@id":"https:\/\/radioljubuski.ba\/index.php\/2021\/10\/11\/covic-iz-federalnog-proracuna-hrvati-povlace-tek-7-posto-sredstava-u-fbih-je-bar-desetak-ministarstava-i-agencija-u-kojima-nema-hrvata\/#primaryimage"},"image":{"@id":"https:\/\/radioljubuski.ba\/index.php\/2021\/10\/11\/covic-iz-federalnog-proracuna-hrvati-povlace-tek-7-posto-sredstava-u-fbih-je-bar-desetak-ministarstava-i-agencija-u-kojima-nema-hrvata\/#primaryimage"},"thumbnailUrl":"https:\/\/radioljubuski.ba\/wp-content\/uploads\/2021\/10\/maxresdefault-3.jpg","datePublished":"2021-10-11T22:36:48+00:00","dateModified":"2021-10-11T22:36:49+00:00","breadcrumb":{"@id":"https:\/\/radioljubuski.ba\/index.php\/2021\/10\/11\/covic-iz-federalnog-proracuna-hrvati-povlace-tek-7-posto-sredstava-u-fbih-je-bar-desetak-ministarstava-i-agencija-u-kojima-nema-hrvata\/#breadcrumb"},"inLanguage":"hr","potentialAction":[{"@type":"ReadAction","target":["https:\/\/radioljubuski.ba\/index.php\/2021\/10\/11\/covic-iz-federalnog-proracuna-hrvati-povlace-tek-7-posto-sredstava-u-fbih-je-bar-desetak-ministarstava-i-agencija-u-kojima-nema-hrvata\/"]}]},{"@type":"ImageObject","inLanguage":"hr","@id":"https:\/\/radioljubuski.ba\/index.php\/2021\/10\/11\/covic-iz-federalnog-proracuna-hrvati-povlace-tek-7-posto-sredstava-u-fbih-je-bar-desetak-ministarstava-i-agencija-u-kojima-nema-hrvata\/#primaryimage","url":"https:\/\/radioljubuski.ba\/wp-content\/uploads\/2021\/10\/maxresdefault-3.jpg","contentUrl":"https:\/\/radioljubuski.ba\/wp-content\/uploads\/2021\/10\/maxresdefault-3.jpg","width":1280,"height":720},{"@type":"BreadcrumbList","@id":"https:\/\/radioljubuski.ba\/index.php\/2021\/10\/11\/covic-iz-federalnog-proracuna-hrvati-povlace-tek-7-posto-sredstava-u-fbih-je-bar-desetak-ministarstava-i-agencija-u-kojima-nema-hrvata\/#breadcrumb","itemListElement":[{"@type":"ListItem","position":1,"name":"Po\u010detna stranica","item":"https:\/\/radioljubuski.ba\/"},{"@type":"ListItem","position":2,"name":"\u010covi\u0107: Iz Federalnog prora\u010duna Hrvati povla\u010de tek 7 posto sredstava, u FBiH je bar desetak ministarstava i agencija u kojima nema Hrvata"}]},{"@type":"WebSite","@id":"https:\/\/radioljubuski.ba\/#website","url":"https:\/\/radioljubuski.ba\/","name":"Radio Ljubu\u0161ki","description":"Sun\u010dana frekvencija Hercegovine","publisher":{"@id":"https:\/\/radioljubuski.ba\/#organization"},"potentialAction":[{"@type":"SearchAction","target":{"@type":"EntryPoint","urlTemplate":"https:\/\/radioljubuski.ba\/?s={search_term_string}"},"query-input":{"@type":"PropertyValueSpecification","valueRequired":true,"valueName":"search_term_string"}}],"inLanguage":"hr"},{"@type":"Organization","@id":"https:\/\/radioljubuski.ba\/#organization","name":"Radio Ljubu\u0161ki","url":"https:\/\/radioljubuski.ba\/","logo":{"@type":"ImageObject","inLanguage":"hr","@id":"https:\/\/radioljubuski.ba\/#\/schema\/logo\/image\/","url":"https:\/\/radioljubuski.ba\/wp-content\/uploads\/2021\/02\/cropped-Radio_Ljubuski_logo1.jpg","contentUrl":"https:\/\/radioljubuski.ba\/wp-content\/uploads\/2021\/02\/cropped-Radio_Ljubuski_logo1.jpg","width":512,"height":512,"caption":"Radio Ljubu\u0161ki"},"image":{"@id":"https:\/\/radioljubuski.ba\/#\/schema\/logo\/image\/"},"sameAs":["https:\/\/www.facebook.com\/Radiio-Ljubuski-1490835324566332","https:\/\/x.com\/radioljubuski","https:\/\/hr.linkedin.com\/company\/radio-ljubuski","https:\/\/www.youtube.com\/channel\/UCHYaeO_n0Db3tjNGudGpXyw"]},{"@type":"Person","@id":"https:\/\/radioljubuski.ba\/#\/schema\/person\/19fc700381a780f69665d7956c469e3b","name":"Radio Ljubu\u0161ki"}]}},"_links":{"self":[{"href":"https:\/\/radioljubuski.ba\/index.php\/wp-json\/wp\/v2\/posts\/74476","targetHints":{"allow":["GET"]}}],"collection":[{"href":"https:\/\/radioljubuski.ba\/index.php\/wp-json\/wp\/v2\/posts"}],"about":[{"href":"https:\/\/radioljubuski.ba\/index.php\/wp-json\/wp\/v2\/types\/post"}],"author":[{"embeddable":true,"href":"https:\/\/radioljubuski.ba\/index.php\/wp-json\/wp\/v2\/users\/2"}],"replies":[{"embeddable":true,"href":"https:\/\/radioljubuski.ba\/index.php\/wp-json\/wp\/v2\/comments?post=74476"}],"version-history":[{"count":1,"href":"https:\/\/radioljubuski.ba\/index.php\/wp-json\/wp\/v2\/posts\/74476\/revisions"}],"predecessor-version":[{"id":74478,"href":"https:\/\/radioljubuski.ba\/index.php\/wp-json\/wp\/v2\/posts\/74476\/revisions\/74478"}],"wp:featuredmedia":[{"embeddable":true,"href":"https:\/\/radioljubuski.ba\/index.php\/wp-json\/wp\/v2\/media\/74477"}],"wp:attachment":[{"href":"https:\/\/radioljubuski.ba\/index.php\/wp-json\/wp\/v2\/media?parent=74476"}],"wp:term":[{"taxonomy":"category","embeddable":true,"href":"https:\/\/radioljubuski.ba\/index.php\/wp-json\/wp\/v2\/categories?post=74476"},{"taxonomy":"post_tag","embeddable":true,"href":"https:\/\/radioljubuski.ba\/index.php\/wp-json\/wp\/v2\/tags?post=74476"}],"curies":[{"name":"wp","href":"https:\/\/api.w.org\/{rel}","templated":true}]}}