{"id":74499,"date":"2021-10-12T00:22:59","date_gmt":"2021-10-11T23:22:59","guid":{"rendered":"https:\/\/radioljubuski.ba\/?p=74499"},"modified":"2021-10-12T00:23:00","modified_gmt":"2021-10-11T23:23:00","slug":"lavrov-moskva-se-ne-mijesa-u-unutarnje-stvari-drzava-zapadnog-balkana","status":"publish","type":"post","link":"https:\/\/radioljubuski.ba\/index.php\/2021\/10\/12\/lavrov-moskva-se-ne-mijesa-u-unutarnje-stvari-drzava-zapadnog-balkana\/","title":{"rendered":"Lavrov: Moskva se ne mije\u0161a u unutarnje stvari dr\u017eava zapadnog Balkana"},"content":{"rendered":"\n<p><strong>Ruski \u0161ef diplomacije Sergej Lavrov odbacio je u nedjelju tvrdnje pojedinih du\u017enosnika me\u0111unarodne zajednice da se Moskva poku\u0161ava mije\u0161ati u unutarnje stvari zemalja zapadnog Balkana kako bi ostvarila svoj utjecaj u regiji, ustvrdiv\u0161i da Moskva sa svima ima odnose koje se temelje na uzajamnim interesima.<\/strong><\/p>\n\n\n\n<p>\u201cNavikli smo na tvrdnje da se Rusija, navodno, poku\u0161ava mije\u0161ati u \u017eivot zapadnog Balkana. Imamo odnose sa Srbijom i drugim zemljama regije koji se temelje na uzajamnoj koristi, odnosno balansu interesa\u201c, rekao je Lavrov na zajedni\u010dkoj tiskovnoj konferenciji nakon razgovora s predsjednikom Srbije Aleksandrom Vu\u010di\u0107em.<\/p>\n\n\n\n<p>Lavrov je u nedjelju nave\u010der doputovao u Beograd gdje \u0107e na dvodnevnom skupu predstavljati Rusiju kao zemlju promatra\u010da na skupu u povodu obilje\u017eavanja 60. obljetnice prve konferencije Pokreta nesvrstanih kojoj je Srbija doma\u0107in.<\/p>\n\n\n\n<p>Lavrov je, u kontekstu utjecaja u regiji, rekao kao upravo iz Bruxellesa pokazuju interes za regiju, osporavaju\u0107i ga drugima.<\/p>\n\n\n\n<p>\u201eRanija \u0161efica eurodiplomacije Federica Mogherini rekla je da kada EU negdje sudjeluje drugi nemaju \u0161to tra\u017eiti, a EU dr\u017ei da mo\u017ee provoditi svoju politiku, koja je daleko od konstruktivne, i u regijama koje su daleko od Europe\u201d, rekao je Lavrov.<\/p>\n\n\n\n<p>Nama govore da, tamo gdje oni imaju interese, mi tamo ne trebamo imati inicijativu, istaknuo je ruski \u0161ef diplomacije, ocijeniv\u0161i da je to \u201cneokolonijalno razmi\u0161ljanje\u201d.<\/p>\n\n\n\n<p>Lavrov je, kako ka\u017ee, na nedavnom zasjedanju Op\u0107e skup\u0161tine UN-a, u razgovoru sa \u0161efom eurodiplomacije Josephom Borellom, izravno zatra\u017eio da ako netko konkretnim \u010dinjenicama mo\u017ee potvrditi neutemeljene optu\u017ebe kako Rusija kr\u0161i norme me\u0111unarodnog prava na zapadnom Balkanu ili gdje god \u201ctreba to i pokazati\u201d, izvijestila je agencija Tanjug.<\/p>\n\n\n\n<p>Ruski \u0161ef diplomcije potvrdio je da se Kremlj nepromjenjivo zala\u017ee da se rje\u0161enje kosovskog problema temelji na osnovu po\u0161tivanja Rezolucije UN-a 1244 i u okviru izravnog dijaloga Beograda i Pri\u0161tine, a da ga odobri Vije\u0107e sigurnosti UN-a.<\/p>\n\n\n\n<p>To je, kako nagla\u0161ava, \u201c\u010dvrst stav Rusije\u201d koji je vi\u0161e puta istaknuo i predsjednik Vladimir Putin, poru\u010div\u0161i da \u0107e Rusija prihvatiti \u201cbilo koje rje\u0161enje koje odgovara Srbiji i srpskom narodu\u201d.<\/p>\n\n\n\n<p>Srbijanski predsjednik Aleksandar Vu\u010di\u0107 je, zahvaliv\u0161i Lavrovu i Rusiji za potporu teritorijalnom integritetu i suverenitetu Srbije u rje\u0161avanju kosovskog pitanja, istaknuo da je Srbija zahvalna i na inzistiranju da se pitanje Kosova mo\u017ee rije\u0161iti \u201csamo pronala\u017eenjem kompromisa, a ne nametanjem diktata Srbiji\u201d<\/p>\n\n\n\n<p>Vu\u010di\u0107 je rekao kako Srbija ima iznimno dobre odnose s Rusijom i da \u201cto ne krije za razliku od onih koji se stide ili se pla\u0161e to priznati\u201d, istaknuv\u0161i zadovoljstvo bilateralnim odnosima i potporom Rusije u svim me\u0111unarodnim organizacijama i institucijama.<\/p>\n\n\n\n<p>On je, kako ka\u017ee, upoznao Lavrova i \u201cs objektivnim strahovima\u201d koji se ti\u010du pozicije Srbije i srpskog naroda u regiji, navode\u0107i da je od ruskog \u0161efa diplomacije \u201cdobio vi\u0111enje Ruske Federacije\u201d i \u201cva\u017ene savjete\u201d.<\/p>\n\n\n\n<p>Vu\u010di\u0107 je istaknuo da \u0107e Srbija ostati vojno neutralna zemlja, te da \u0107e sukladno tome razvijati svoje obrambene kapacitete kako bi odvratila svakog potencijalnog agresora \u201cod namjere da ugrozi slobodu Srbije\u201d.<\/p>\n\n\n\n<p>Vu\u010di\u0107 se poglavito zahvalio Rusiji jer je pomogla da se osigura energetska sigurnost Srbije i poru\u010dio kako se nada da \u0107e Beograd od Moskve dobiti \u201cnajpovoljniju cijenu plina\u201d u Europi, o\u010dekuju\u0107i da \u0107e Lavrov predsjedniku Vladimiru Putinu prenijeti ta nadanja.<\/p>\n\n\n\n<p>Istaknuv\u0161i kako je \u201cenergetsko pitanje u ovom trenutku veoma va\u017eno\u201d, Vu\u010di\u0107 je rekao kako ga \u201cnije sramota to tra\u017eiti i moliti za Srbiju\u201d.<\/p>\n\n\n\n<p>Komentiraju\u0107i energetsku krizu u svijetu Vu\u010di\u0107 je ocijenio da joj je uzrok to \u0161to europske zemlje \u201ciz politi\u010dkih razloga\u201d nisu potpisale dugoro\u010dne ugovore s Rusijom o isporuci plina.<\/p>\n\n\n\n<p>\/Hina\/HMS\/<\/p>\n","protected":false},"excerpt":{"rendered":"<p>Ruski \u0161ef diplomacije Sergej Lavrov odbacio je u nedjelju tvrdnje pojedinih du\u017enosnika me\u0111unarodne zajednice da se Moskva poku\u0161ava mije\u0161ati u unutarnje stvari zemalja zapadnog Balkana kako bi ostvarila svoj utjecaj u regiji, ustvrdiv\u0161i da Moskva sa svima ima odnose koje se temelje na uzajamnim interesima. \u201cNavikli smo na tvrdnje da se Rusija, navodno, poku\u0161ava mije\u0161ati [&hellip;]<\/p>\n","protected":false},"author":2,"featured_media":74500,"comment_status":"closed","ping_status":"closed","sticky":false,"template":"","format":"standard","meta":{"h5ap_radio_sources":[],"footnotes":""},"categories":[1],"tags":[],"class_list":["post-74499","post","type-post","status-publish","format-standard","has-post-thumbnail","hentry","category-bihiregija"],"yoast_head":"<!-- This site is optimized with the Yoast SEO plugin v27.4 - https:\/\/yoast.com\/product\/yoast-seo-wordpress\/ -->\n<title>Lavrov: Moskva se ne mije\u0161a u unutarnje stvari dr\u017eava zapadnog Balkana - RADIO LJUBU\u0160KI<\/title>\n<meta name=\"robots\" content=\"index, follow, max-snippet:-1, max-image-preview:large, max-video-preview:-1\" \/>\n<link rel=\"canonical\" href=\"https:\/\/radioljubuski.ba\/index.php\/2021\/10\/12\/lavrov-moskva-se-ne-mijesa-u-unutarnje-stvari-drzava-zapadnog-balkana\/\" \/>\n<meta property=\"og:locale\" content=\"hr_HR\" \/>\n<meta property=\"og:type\" content=\"article\" \/>\n<meta property=\"og:title\" content=\"Lavrov: Moskva se ne mije\u0161a u unutarnje stvari dr\u017eava zapadnog Balkana - RADIO LJUBU\u0160KI\" \/>\n<meta property=\"og:description\" content=\"Ruski \u0161ef diplomacije Sergej Lavrov odbacio je u nedjelju tvrdnje pojedinih du\u017enosnika me\u0111unarodne zajednice da se Moskva poku\u0161ava mije\u0161ati u unutarnje stvari zemalja zapadnog Balkana kako bi ostvarila svoj utjecaj u regiji, ustvrdiv\u0161i da Moskva sa svima ima odnose koje se temelje na uzajamnim interesima. \u201cNavikli smo na tvrdnje da se Rusija, navodno, poku\u0161ava mije\u0161ati [&hellip;]\" \/>\n<meta property=\"og:url\" content=\"https:\/\/radioljubuski.ba\/index.php\/2021\/10\/12\/lavrov-moskva-se-ne-mijesa-u-unutarnje-stvari-drzava-zapadnog-balkana\/\" \/>\n<meta property=\"og:site_name\" content=\"RADIO LJUBU\u0160KI\" \/>\n<meta property=\"article:publisher\" content=\"https:\/\/www.facebook.com\/Radiio-Ljubuski-1490835324566332\" \/>\n<meta property=\"article:published_time\" content=\"2021-10-11T23:22:59+00:00\" \/>\n<meta property=\"article:modified_time\" content=\"2021-10-11T23:23:00+00:00\" \/>\n<meta property=\"og:image\" content=\"https:\/\/radioljubuski.ba\/wp-content\/uploads\/2021\/10\/lavrov.jpg\" \/>\n\t<meta property=\"og:image:width\" content=\"658\" \/>\n\t<meta property=\"og:image:height\" content=\"494\" \/>\n\t<meta property=\"og:image:type\" content=\"image\/jpeg\" \/>\n<meta name=\"author\" content=\"Radio Ljubu\u0161ki\" \/>\n<meta name=\"twitter:card\" content=\"summary_large_image\" \/>\n<meta name=\"twitter:creator\" content=\"@radioljubuski\" \/>\n<meta name=\"twitter:site\" content=\"@radioljubuski\" \/>\n<meta name=\"twitter:label1\" content=\"Napisao\/la\" \/>\n\t<meta name=\"twitter:data1\" content=\"Radio Ljubu\u0161ki\" \/>\n\t<meta name=\"twitter:label2\" content=\"Procijenjeno vrijeme \u010ditanja\" \/>\n\t<meta name=\"twitter:data2\" content=\"3 minute\" \/>\n<script type=\"application\/ld+json\" class=\"yoast-schema-graph\">{\"@context\":\"https:\\\/\\\/schema.org\",\"@graph\":[{\"@type\":\"Article\",\"@id\":\"https:\\\/\\\/radioljubuski.ba\\\/index.php\\\/2021\\\/10\\\/12\\\/lavrov-moskva-se-ne-mijesa-u-unutarnje-stvari-drzava-zapadnog-balkana\\\/#article\",\"isPartOf\":{\"@id\":\"https:\\\/\\\/radioljubuski.ba\\\/index.php\\\/2021\\\/10\\\/12\\\/lavrov-moskva-se-ne-mijesa-u-unutarnje-stvari-drzava-zapadnog-balkana\\\/\"},\"author\":{\"name\":\"Radio Ljubu\u0161ki\",\"@id\":\"https:\\\/\\\/radioljubuski.ba\\\/#\\\/schema\\\/person\\\/19fc700381a780f69665d7956c469e3b\"},\"headline\":\"Lavrov: Moskva se ne mije\u0161a u unutarnje stvari dr\u017eava zapadnog Balkana\",\"datePublished\":\"2021-10-11T23:22:59+00:00\",\"dateModified\":\"2021-10-11T23:23:00+00:00\",\"mainEntityOfPage\":{\"@id\":\"https:\\\/\\\/radioljubuski.ba\\\/index.php\\\/2021\\\/10\\\/12\\\/lavrov-moskva-se-ne-mijesa-u-unutarnje-stvari-drzava-zapadnog-balkana\\\/\"},\"wordCount\":640,\"publisher\":{\"@id\":\"https:\\\/\\\/radioljubuski.ba\\\/#organization\"},\"image\":{\"@id\":\"https:\\\/\\\/radioljubuski.ba\\\/index.php\\\/2021\\\/10\\\/12\\\/lavrov-moskva-se-ne-mijesa-u-unutarnje-stvari-drzava-zapadnog-balkana\\\/#primaryimage\"},\"thumbnailUrl\":\"https:\\\/\\\/radioljubuski.ba\\\/wp-content\\\/uploads\\\/2021\\\/10\\\/lavrov.jpg\",\"articleSection\":[\"BIH i regija\"],\"inLanguage\":\"hr\"},{\"@type\":\"WebPage\",\"@id\":\"https:\\\/\\\/radioljubuski.ba\\\/index.php\\\/2021\\\/10\\\/12\\\/lavrov-moskva-se-ne-mijesa-u-unutarnje-stvari-drzava-zapadnog-balkana\\\/\",\"url\":\"https:\\\/\\\/radioljubuski.ba\\\/index.php\\\/2021\\\/10\\\/12\\\/lavrov-moskva-se-ne-mijesa-u-unutarnje-stvari-drzava-zapadnog-balkana\\\/\",\"name\":\"Lavrov: Moskva se ne mije\u0161a u unutarnje stvari dr\u017eava zapadnog Balkana - RADIO LJUBU\u0160KI\",\"isPartOf\":{\"@id\":\"https:\\\/\\\/radioljubuski.ba\\\/#website\"},\"primaryImageOfPage\":{\"@id\":\"https:\\\/\\\/radioljubuski.ba\\\/index.php\\\/2021\\\/10\\\/12\\\/lavrov-moskva-se-ne-mijesa-u-unutarnje-stvari-drzava-zapadnog-balkana\\\/#primaryimage\"},\"image\":{\"@id\":\"https:\\\/\\\/radioljubuski.ba\\\/index.php\\\/2021\\\/10\\\/12\\\/lavrov-moskva-se-ne-mijesa-u-unutarnje-stvari-drzava-zapadnog-balkana\\\/#primaryimage\"},\"thumbnailUrl\":\"https:\\\/\\\/radioljubuski.ba\\\/wp-content\\\/uploads\\\/2021\\\/10\\\/lavrov.jpg\",\"datePublished\":\"2021-10-11T23:22:59+00:00\",\"dateModified\":\"2021-10-11T23:23:00+00:00\",\"breadcrumb\":{\"@id\":\"https:\\\/\\\/radioljubuski.ba\\\/index.php\\\/2021\\\/10\\\/12\\\/lavrov-moskva-se-ne-mijesa-u-unutarnje-stvari-drzava-zapadnog-balkana\\\/#breadcrumb\"},\"inLanguage\":\"hr\",\"potentialAction\":[{\"@type\":\"ReadAction\",\"target\":[\"https:\\\/\\\/radioljubuski.ba\\\/index.php\\\/2021\\\/10\\\/12\\\/lavrov-moskva-se-ne-mijesa-u-unutarnje-stvari-drzava-zapadnog-balkana\\\/\"]}]},{\"@type\":\"ImageObject\",\"inLanguage\":\"hr\",\"@id\":\"https:\\\/\\\/radioljubuski.ba\\\/index.php\\\/2021\\\/10\\\/12\\\/lavrov-moskva-se-ne-mijesa-u-unutarnje-stvari-drzava-zapadnog-balkana\\\/#primaryimage\",\"url\":\"https:\\\/\\\/radioljubuski.ba\\\/wp-content\\\/uploads\\\/2021\\\/10\\\/lavrov.jpg\",\"contentUrl\":\"https:\\\/\\\/radioljubuski.ba\\\/wp-content\\\/uploads\\\/2021\\\/10\\\/lavrov.jpg\",\"width\":658,\"height\":494},{\"@type\":\"BreadcrumbList\",\"@id\":\"https:\\\/\\\/radioljubuski.ba\\\/index.php\\\/2021\\\/10\\\/12\\\/lavrov-moskva-se-ne-mijesa-u-unutarnje-stvari-drzava-zapadnog-balkana\\\/#breadcrumb\",\"itemListElement\":[{\"@type\":\"ListItem\",\"position\":1,\"name\":\"Po\u010detna stranica\",\"item\":\"https:\\\/\\\/radioljubuski.ba\\\/\"},{\"@type\":\"ListItem\",\"position\":2,\"name\":\"Lavrov: Moskva se ne mije\u0161a u unutarnje stvari dr\u017eava zapadnog Balkana\"}]},{\"@type\":\"WebSite\",\"@id\":\"https:\\\/\\\/radioljubuski.ba\\\/#website\",\"url\":\"https:\\\/\\\/radioljubuski.ba\\\/\",\"name\":\"Radio Ljubu\u0161ki\",\"description\":\"Sun\u010dana frekvencija Hercegovine\",\"publisher\":{\"@id\":\"https:\\\/\\\/radioljubuski.ba\\\/#organization\"},\"potentialAction\":[{\"@type\":\"SearchAction\",\"target\":{\"@type\":\"EntryPoint\",\"urlTemplate\":\"https:\\\/\\\/radioljubuski.ba\\\/?s={search_term_string}\"},\"query-input\":{\"@type\":\"PropertyValueSpecification\",\"valueRequired\":true,\"valueName\":\"search_term_string\"}}],\"inLanguage\":\"hr\"},{\"@type\":\"Organization\",\"@id\":\"https:\\\/\\\/radioljubuski.ba\\\/#organization\",\"name\":\"Radio Ljubu\u0161ki\",\"url\":\"https:\\\/\\\/radioljubuski.ba\\\/\",\"logo\":{\"@type\":\"ImageObject\",\"inLanguage\":\"hr\",\"@id\":\"https:\\\/\\\/radioljubuski.ba\\\/#\\\/schema\\\/logo\\\/image\\\/\",\"url\":\"https:\\\/\\\/radioljubuski.ba\\\/wp-content\\\/uploads\\\/2021\\\/02\\\/cropped-Radio_Ljubuski_logo1.jpg\",\"contentUrl\":\"https:\\\/\\\/radioljubuski.ba\\\/wp-content\\\/uploads\\\/2021\\\/02\\\/cropped-Radio_Ljubuski_logo1.jpg\",\"width\":512,\"height\":512,\"caption\":\"Radio Ljubu\u0161ki\"},\"image\":{\"@id\":\"https:\\\/\\\/radioljubuski.ba\\\/#\\\/schema\\\/logo\\\/image\\\/\"},\"sameAs\":[\"https:\\\/\\\/www.facebook.com\\\/Radiio-Ljubuski-1490835324566332\",\"https:\\\/\\\/x.com\\\/radioljubuski\",\"https:\\\/\\\/hr.linkedin.com\\\/company\\\/radio-ljubuski\",\"https:\\\/\\\/www.youtube.com\\\/channel\\\/UCHYaeO_n0Db3tjNGudGpXyw\"]},{\"@type\":\"Person\",\"@id\":\"https:\\\/\\\/radioljubuski.ba\\\/#\\\/schema\\\/person\\\/19fc700381a780f69665d7956c469e3b\",\"name\":\"Radio Ljubu\u0161ki\"}]}<\/script>\n<!-- \/ Yoast SEO plugin. -->","yoast_head_json":{"title":"Lavrov: Moskva se ne mije\u0161a u unutarnje stvari dr\u017eava zapadnog Balkana - RADIO LJUBU\u0160KI","robots":{"index":"index","follow":"follow","max-snippet":"max-snippet:-1","max-image-preview":"max-image-preview:large","max-video-preview":"max-video-preview:-1"},"canonical":"https:\/\/radioljubuski.ba\/index.php\/2021\/10\/12\/lavrov-moskva-se-ne-mijesa-u-unutarnje-stvari-drzava-zapadnog-balkana\/","og_locale":"hr_HR","og_type":"article","og_title":"Lavrov: Moskva se ne mije\u0161a u unutarnje stvari dr\u017eava zapadnog Balkana - RADIO LJUBU\u0160KI","og_description":"Ruski \u0161ef diplomacije Sergej Lavrov odbacio je u nedjelju tvrdnje pojedinih du\u017enosnika me\u0111unarodne zajednice da se Moskva poku\u0161ava mije\u0161ati u unutarnje stvari zemalja zapadnog Balkana kako bi ostvarila svoj utjecaj u regiji, ustvrdiv\u0161i da Moskva sa svima ima odnose koje se temelje na uzajamnim interesima. \u201cNavikli smo na tvrdnje da se Rusija, navodno, poku\u0161ava mije\u0161ati [&hellip;]","og_url":"https:\/\/radioljubuski.ba\/index.php\/2021\/10\/12\/lavrov-moskva-se-ne-mijesa-u-unutarnje-stvari-drzava-zapadnog-balkana\/","og_site_name":"RADIO LJUBU\u0160KI","article_publisher":"https:\/\/www.facebook.com\/Radiio-Ljubuski-1490835324566332","article_published_time":"2021-10-11T23:22:59+00:00","article_modified_time":"2021-10-11T23:23:00+00:00","og_image":[{"width":658,"height":494,"url":"https:\/\/radioljubuski.ba\/wp-content\/uploads\/2021\/10\/lavrov.jpg","type":"image\/jpeg"}],"author":"Radio Ljubu\u0161ki","twitter_card":"summary_large_image","twitter_creator":"@radioljubuski","twitter_site":"@radioljubuski","twitter_misc":{"Napisao\/la":"Radio Ljubu\u0161ki","Procijenjeno vrijeme \u010ditanja":"3 minute"},"schema":{"@context":"https:\/\/schema.org","@graph":[{"@type":"Article","@id":"https:\/\/radioljubuski.ba\/index.php\/2021\/10\/12\/lavrov-moskva-se-ne-mijesa-u-unutarnje-stvari-drzava-zapadnog-balkana\/#article","isPartOf":{"@id":"https:\/\/radioljubuski.ba\/index.php\/2021\/10\/12\/lavrov-moskva-se-ne-mijesa-u-unutarnje-stvari-drzava-zapadnog-balkana\/"},"author":{"name":"Radio Ljubu\u0161ki","@id":"https:\/\/radioljubuski.ba\/#\/schema\/person\/19fc700381a780f69665d7956c469e3b"},"headline":"Lavrov: Moskva se ne mije\u0161a u unutarnje stvari dr\u017eava zapadnog Balkana","datePublished":"2021-10-11T23:22:59+00:00","dateModified":"2021-10-11T23:23:00+00:00","mainEntityOfPage":{"@id":"https:\/\/radioljubuski.ba\/index.php\/2021\/10\/12\/lavrov-moskva-se-ne-mijesa-u-unutarnje-stvari-drzava-zapadnog-balkana\/"},"wordCount":640,"publisher":{"@id":"https:\/\/radioljubuski.ba\/#organization"},"image":{"@id":"https:\/\/radioljubuski.ba\/index.php\/2021\/10\/12\/lavrov-moskva-se-ne-mijesa-u-unutarnje-stvari-drzava-zapadnog-balkana\/#primaryimage"},"thumbnailUrl":"https:\/\/radioljubuski.ba\/wp-content\/uploads\/2021\/10\/lavrov.jpg","articleSection":["BIH i regija"],"inLanguage":"hr"},{"@type":"WebPage","@id":"https:\/\/radioljubuski.ba\/index.php\/2021\/10\/12\/lavrov-moskva-se-ne-mijesa-u-unutarnje-stvari-drzava-zapadnog-balkana\/","url":"https:\/\/radioljubuski.ba\/index.php\/2021\/10\/12\/lavrov-moskva-se-ne-mijesa-u-unutarnje-stvari-drzava-zapadnog-balkana\/","name":"Lavrov: Moskva se ne mije\u0161a u unutarnje stvari dr\u017eava zapadnog Balkana - RADIO LJUBU\u0160KI","isPartOf":{"@id":"https:\/\/radioljubuski.ba\/#website"},"primaryImageOfPage":{"@id":"https:\/\/radioljubuski.ba\/index.php\/2021\/10\/12\/lavrov-moskva-se-ne-mijesa-u-unutarnje-stvari-drzava-zapadnog-balkana\/#primaryimage"},"image":{"@id":"https:\/\/radioljubuski.ba\/index.php\/2021\/10\/12\/lavrov-moskva-se-ne-mijesa-u-unutarnje-stvari-drzava-zapadnog-balkana\/#primaryimage"},"thumbnailUrl":"https:\/\/radioljubuski.ba\/wp-content\/uploads\/2021\/10\/lavrov.jpg","datePublished":"2021-10-11T23:22:59+00:00","dateModified":"2021-10-11T23:23:00+00:00","breadcrumb":{"@id":"https:\/\/radioljubuski.ba\/index.php\/2021\/10\/12\/lavrov-moskva-se-ne-mijesa-u-unutarnje-stvari-drzava-zapadnog-balkana\/#breadcrumb"},"inLanguage":"hr","potentialAction":[{"@type":"ReadAction","target":["https:\/\/radioljubuski.ba\/index.php\/2021\/10\/12\/lavrov-moskva-se-ne-mijesa-u-unutarnje-stvari-drzava-zapadnog-balkana\/"]}]},{"@type":"ImageObject","inLanguage":"hr","@id":"https:\/\/radioljubuski.ba\/index.php\/2021\/10\/12\/lavrov-moskva-se-ne-mijesa-u-unutarnje-stvari-drzava-zapadnog-balkana\/#primaryimage","url":"https:\/\/radioljubuski.ba\/wp-content\/uploads\/2021\/10\/lavrov.jpg","contentUrl":"https:\/\/radioljubuski.ba\/wp-content\/uploads\/2021\/10\/lavrov.jpg","width":658,"height":494},{"@type":"BreadcrumbList","@id":"https:\/\/radioljubuski.ba\/index.php\/2021\/10\/12\/lavrov-moskva-se-ne-mijesa-u-unutarnje-stvari-drzava-zapadnog-balkana\/#breadcrumb","itemListElement":[{"@type":"ListItem","position":1,"name":"Po\u010detna stranica","item":"https:\/\/radioljubuski.ba\/"},{"@type":"ListItem","position":2,"name":"Lavrov: Moskva se ne mije\u0161a u unutarnje stvari dr\u017eava zapadnog Balkana"}]},{"@type":"WebSite","@id":"https:\/\/radioljubuski.ba\/#website","url":"https:\/\/radioljubuski.ba\/","name":"Radio Ljubu\u0161ki","description":"Sun\u010dana frekvencija Hercegovine","publisher":{"@id":"https:\/\/radioljubuski.ba\/#organization"},"potentialAction":[{"@type":"SearchAction","target":{"@type":"EntryPoint","urlTemplate":"https:\/\/radioljubuski.ba\/?s={search_term_string}"},"query-input":{"@type":"PropertyValueSpecification","valueRequired":true,"valueName":"search_term_string"}}],"inLanguage":"hr"},{"@type":"Organization","@id":"https:\/\/radioljubuski.ba\/#organization","name":"Radio Ljubu\u0161ki","url":"https:\/\/radioljubuski.ba\/","logo":{"@type":"ImageObject","inLanguage":"hr","@id":"https:\/\/radioljubuski.ba\/#\/schema\/logo\/image\/","url":"https:\/\/radioljubuski.ba\/wp-content\/uploads\/2021\/02\/cropped-Radio_Ljubuski_logo1.jpg","contentUrl":"https:\/\/radioljubuski.ba\/wp-content\/uploads\/2021\/02\/cropped-Radio_Ljubuski_logo1.jpg","width":512,"height":512,"caption":"Radio Ljubu\u0161ki"},"image":{"@id":"https:\/\/radioljubuski.ba\/#\/schema\/logo\/image\/"},"sameAs":["https:\/\/www.facebook.com\/Radiio-Ljubuski-1490835324566332","https:\/\/x.com\/radioljubuski","https:\/\/hr.linkedin.com\/company\/radio-ljubuski","https:\/\/www.youtube.com\/channel\/UCHYaeO_n0Db3tjNGudGpXyw"]},{"@type":"Person","@id":"https:\/\/radioljubuski.ba\/#\/schema\/person\/19fc700381a780f69665d7956c469e3b","name":"Radio Ljubu\u0161ki"}]}},"_links":{"self":[{"href":"https:\/\/radioljubuski.ba\/index.php\/wp-json\/wp\/v2\/posts\/74499","targetHints":{"allow":["GET"]}}],"collection":[{"href":"https:\/\/radioljubuski.ba\/index.php\/wp-json\/wp\/v2\/posts"}],"about":[{"href":"https:\/\/radioljubuski.ba\/index.php\/wp-json\/wp\/v2\/types\/post"}],"author":[{"embeddable":true,"href":"https:\/\/radioljubuski.ba\/index.php\/wp-json\/wp\/v2\/users\/2"}],"replies":[{"embeddable":true,"href":"https:\/\/radioljubuski.ba\/index.php\/wp-json\/wp\/v2\/comments?post=74499"}],"version-history":[{"count":1,"href":"https:\/\/radioljubuski.ba\/index.php\/wp-json\/wp\/v2\/posts\/74499\/revisions"}],"predecessor-version":[{"id":74501,"href":"https:\/\/radioljubuski.ba\/index.php\/wp-json\/wp\/v2\/posts\/74499\/revisions\/74501"}],"wp:featuredmedia":[{"embeddable":true,"href":"https:\/\/radioljubuski.ba\/index.php\/wp-json\/wp\/v2\/media\/74500"}],"wp:attachment":[{"href":"https:\/\/radioljubuski.ba\/index.php\/wp-json\/wp\/v2\/media?parent=74499"}],"wp:term":[{"taxonomy":"category","embeddable":true,"href":"https:\/\/radioljubuski.ba\/index.php\/wp-json\/wp\/v2\/categories?post=74499"},{"taxonomy":"post_tag","embeddable":true,"href":"https:\/\/radioljubuski.ba\/index.php\/wp-json\/wp\/v2\/tags?post=74499"}],"curies":[{"name":"wp","href":"https:\/\/api.w.org\/{rel}","templated":true}]}}