{"id":74512,"date":"2021-10-12T00:29:06","date_gmt":"2021-10-11T23:29:06","guid":{"rendered":"https:\/\/radioljubuski.ba\/?p=74512"},"modified":"2021-10-12T00:29:07","modified_gmt":"2021-10-11T23:29:07","slug":"u-hotelu-park-odrzana-radionica-na-temu-zene-u-poduzetnistvu","status":"publish","type":"post","link":"https:\/\/radioljubuski.ba\/index.php\/2021\/10\/12\/u-hotelu-park-odrzana-radionica-na-temu-zene-u-poduzetnistvu\/","title":{"rendered":"U Hotelu \u201cPark\u201d odr\u017eana radionica na temu: \u017dene u poduzetni\u0161tvu"},"content":{"rendered":"\n<p><strong>U \u0161irokobrije\u0161kom hotelu \u201cPark\u201d u nedjelju je odr\u017eana radionica na temu: \u201c\u017dene u poduzetni\u0161tvu\u201d na kojoj je sudjelovalo zna\u010dajan broj \u017eena sa zajedni\u010dkom vizijom izgradnje pozitivnog poduzetni\u010dkog okru\u017eenja sa jednakim prilikama za oba spola.<\/strong><\/p>\n\n\n\n<p>\u2043 \u017densko poduzetni\u0161tvo je prepoznato kao va\u017ean element gospodarskog rasta i u\u010dinkovita metoda postizanja demokratskog dru\u0161tva utemeljenog na osna\u017eivanju \u017eena i jednakosti spolova. Nu\u017eno je osigurati poslove za ve\u0107i broj \u017eena kako bi se izgradilo poduzetni\u010dko okru\u017eenje zasnovano na jednakim prilikama za oba spola. \u017densko poduzetni\u0161tvo ima mo\u0107 transformacije gospodarstva i dru\u0161tva budu\u0107i da stvara nova radna mjesta i nove sektore te donosi inovativnost, kreativnost i raznolikost. \u2013 poru\u010dila je Antonija Bano\u017ei\u0107, vije\u0107nica u Gradskom vije\u0107u \u0160irokog Brijega i ujedno koordinatorica ovog projekta.<\/p>\n\n\n\n<figure class=\"wp-block-image\"><img decoding=\"async\" src=\"https:\/\/borak.info\/wp-content\/uploads\/2021\/10\/CBB6D180-8365-426A-81FC-9C05F8DE4833-1024x682.jpeg\" alt=\"\"\/><\/figure>\n\n\n\n<p>Radionica je odr\u017eana uz podr\u0161ku fondacije Pro budu\u0107nost i Instituta za razvoj mladih KULT. Ovo je jedna je ovo od tri radionice koje se odr\u017eavaju na podru\u010dju Hercegovine.<\/p>\n\n\n\n<p>Kako doznajemo ostvarena je i odli\u010dna suradnja na polju poljoprivrednog poduzetni\u0161tva gdje su \u017eene iz \u0160irokog Brijega prije mjesec dana posjetile plastenike raj\u010dica u Nevesinju koje uspje\u0161no sa svojim kolegicama vodi Aleksandra Kravi\u0107, predsjednica udruge \u201cHercegovka\u201d, a dana\u0161nja radionica je nastavak te suradnje i upu\u0107ivanje \u017eena na koji na\u010din, ako se odva\u017ee u poljoprivredi ili drugim djelatnostima, mogu od svog hobija napraviti uspje\u0161ne poslove, pi\u0161e Borak.info.<\/p>\n\n\n\n<p>Procedure otvaranja obrta i tvrtki \u017eenama je predo\u010dila \u017dana Alpeza, mentorica u razvojnoj agenciji \u201cHerag\u201d na podru\u010dju strategija i planiranja tr\u017ei\u0161ta. Na radionici je donijet zaklju\u010dak da sve razine vlasti u Bosni i Hercegovini trebaju mjerama i poticajima olak\u0161ati samozapo\u0161ljavanje i poduzetni\u0161tvo, s posebnim naglaskom na \u017eene u poduzetni\u0161tvu.<\/p>\n\n\n\n<p>\/HMS\/<\/p>\n","protected":false},"excerpt":{"rendered":"<p>U \u0161irokobrije\u0161kom hotelu \u201cPark\u201d u nedjelju je odr\u017eana radionica na temu: \u201c\u017dene u poduzetni\u0161tvu\u201d na kojoj je sudjelovalo zna\u010dajan broj \u017eena sa zajedni\u010dkom vizijom izgradnje pozitivnog poduzetni\u010dkog okru\u017eenja sa jednakim prilikama za oba spola. \u2043 \u017densko poduzetni\u0161tvo je prepoznato kao va\u017ean element gospodarskog rasta i u\u010dinkovita metoda postizanja demokratskog dru\u0161tva utemeljenog na osna\u017eivanju \u017eena i [&hellip;]<\/p>\n","protected":false},"author":2,"featured_media":74513,"comment_status":"closed","ping_status":"closed","sticky":false,"template":"","format":"standard","meta":{"h5ap_radio_sources":[],"footnotes":""},"categories":[1],"tags":[],"class_list":["post-74512","post","type-post","status-publish","format-standard","has-post-thumbnail","hentry","category-bihiregija"],"yoast_head":"<!-- This site is optimized with the Yoast SEO plugin v27.4 - https:\/\/yoast.com\/product\/yoast-seo-wordpress\/ -->\n<title>U Hotelu \u201cPark\u201d odr\u017eana radionica na temu: \u017dene u poduzetni\u0161tvu - RADIO LJUBU\u0160KI<\/title>\n<meta name=\"robots\" content=\"index, follow, max-snippet:-1, max-image-preview:large, max-video-preview:-1\" \/>\n<link rel=\"canonical\" href=\"https:\/\/radioljubuski.ba\/index.php\/2021\/10\/12\/u-hotelu-park-odrzana-radionica-na-temu-zene-u-poduzetnistvu\/\" \/>\n<meta property=\"og:locale\" content=\"hr_HR\" \/>\n<meta property=\"og:type\" content=\"article\" \/>\n<meta property=\"og:title\" content=\"U Hotelu \u201cPark\u201d odr\u017eana radionica na temu: \u017dene u poduzetni\u0161tvu - RADIO LJUBU\u0160KI\" \/>\n<meta property=\"og:description\" content=\"U \u0161irokobrije\u0161kom hotelu \u201cPark\u201d u nedjelju je odr\u017eana radionica na temu: \u201c\u017dene u poduzetni\u0161tvu\u201d na kojoj je sudjelovalo zna\u010dajan broj \u017eena sa zajedni\u010dkom vizijom izgradnje pozitivnog poduzetni\u010dkog okru\u017eenja sa jednakim prilikama za oba spola. \u2043 \u017densko poduzetni\u0161tvo je prepoznato kao va\u017ean element gospodarskog rasta i u\u010dinkovita metoda postizanja demokratskog dru\u0161tva utemeljenog na osna\u017eivanju \u017eena i [&hellip;]\" \/>\n<meta property=\"og:url\" content=\"https:\/\/radioljubuski.ba\/index.php\/2021\/10\/12\/u-hotelu-park-odrzana-radionica-na-temu-zene-u-poduzetnistvu\/\" \/>\n<meta property=\"og:site_name\" content=\"RADIO LJUBU\u0160KI\" \/>\n<meta property=\"article:publisher\" content=\"https:\/\/www.facebook.com\/Radiio-Ljubuski-1490835324566332\" \/>\n<meta property=\"article:published_time\" content=\"2021-10-11T23:29:06+00:00\" \/>\n<meta property=\"article:modified_time\" content=\"2021-10-11T23:29:07+00:00\" \/>\n<meta property=\"og:image\" content=\"https:\/\/radioljubuski.ba\/wp-content\/uploads\/2021\/10\/CD902EE0-073D-47D0-BAAE-7CB949EA4CF4-1024x682-1.jpeg\" \/>\n\t<meta property=\"og:image:width\" content=\"1024\" \/>\n\t<meta property=\"og:image:height\" content=\"682\" \/>\n\t<meta property=\"og:image:type\" content=\"image\/jpeg\" \/>\n<meta name=\"author\" content=\"Radio Ljubu\u0161ki\" \/>\n<meta name=\"twitter:card\" content=\"summary_large_image\" \/>\n<meta name=\"twitter:creator\" content=\"@radioljubuski\" \/>\n<meta name=\"twitter:site\" content=\"@radioljubuski\" \/>\n<meta name=\"twitter:label1\" content=\"Napisao\/la\" \/>\n\t<meta name=\"twitter:data1\" content=\"Radio Ljubu\u0161ki\" \/>\n\t<meta name=\"twitter:label2\" content=\"Procijenjeno vrijeme \u010ditanja\" \/>\n\t<meta name=\"twitter:data2\" content=\"2 minute\" \/>\n<script type=\"application\/ld+json\" class=\"yoast-schema-graph\">{\"@context\":\"https:\\\/\\\/schema.org\",\"@graph\":[{\"@type\":\"Article\",\"@id\":\"https:\\\/\\\/radioljubuski.ba\\\/index.php\\\/2021\\\/10\\\/12\\\/u-hotelu-park-odrzana-radionica-na-temu-zene-u-poduzetnistvu\\\/#article\",\"isPartOf\":{\"@id\":\"https:\\\/\\\/radioljubuski.ba\\\/index.php\\\/2021\\\/10\\\/12\\\/u-hotelu-park-odrzana-radionica-na-temu-zene-u-poduzetnistvu\\\/\"},\"author\":{\"name\":\"Radio Ljubu\u0161ki\",\"@id\":\"https:\\\/\\\/radioljubuski.ba\\\/#\\\/schema\\\/person\\\/19fc700381a780f69665d7956c469e3b\"},\"headline\":\"U Hotelu \u201cPark\u201d odr\u017eana radionica na temu: \u017dene u poduzetni\u0161tvu\",\"datePublished\":\"2021-10-11T23:29:06+00:00\",\"dateModified\":\"2021-10-11T23:29:07+00:00\",\"mainEntityOfPage\":{\"@id\":\"https:\\\/\\\/radioljubuski.ba\\\/index.php\\\/2021\\\/10\\\/12\\\/u-hotelu-park-odrzana-radionica-na-temu-zene-u-poduzetnistvu\\\/\"},\"wordCount\":319,\"publisher\":{\"@id\":\"https:\\\/\\\/radioljubuski.ba\\\/#organization\"},\"image\":{\"@id\":\"https:\\\/\\\/radioljubuski.ba\\\/index.php\\\/2021\\\/10\\\/12\\\/u-hotelu-park-odrzana-radionica-na-temu-zene-u-poduzetnistvu\\\/#primaryimage\"},\"thumbnailUrl\":\"https:\\\/\\\/radioljubuski.ba\\\/wp-content\\\/uploads\\\/2021\\\/10\\\/CD902EE0-073D-47D0-BAAE-7CB949EA4CF4-1024x682-1.jpeg\",\"articleSection\":[\"BIH i regija\"],\"inLanguage\":\"hr\"},{\"@type\":\"WebPage\",\"@id\":\"https:\\\/\\\/radioljubuski.ba\\\/index.php\\\/2021\\\/10\\\/12\\\/u-hotelu-park-odrzana-radionica-na-temu-zene-u-poduzetnistvu\\\/\",\"url\":\"https:\\\/\\\/radioljubuski.ba\\\/index.php\\\/2021\\\/10\\\/12\\\/u-hotelu-park-odrzana-radionica-na-temu-zene-u-poduzetnistvu\\\/\",\"name\":\"U Hotelu \u201cPark\u201d odr\u017eana radionica na temu: \u017dene u poduzetni\u0161tvu - RADIO LJUBU\u0160KI\",\"isPartOf\":{\"@id\":\"https:\\\/\\\/radioljubuski.ba\\\/#website\"},\"primaryImageOfPage\":{\"@id\":\"https:\\\/\\\/radioljubuski.ba\\\/index.php\\\/2021\\\/10\\\/12\\\/u-hotelu-park-odrzana-radionica-na-temu-zene-u-poduzetnistvu\\\/#primaryimage\"},\"image\":{\"@id\":\"https:\\\/\\\/radioljubuski.ba\\\/index.php\\\/2021\\\/10\\\/12\\\/u-hotelu-park-odrzana-radionica-na-temu-zene-u-poduzetnistvu\\\/#primaryimage\"},\"thumbnailUrl\":\"https:\\\/\\\/radioljubuski.ba\\\/wp-content\\\/uploads\\\/2021\\\/10\\\/CD902EE0-073D-47D0-BAAE-7CB949EA4CF4-1024x682-1.jpeg\",\"datePublished\":\"2021-10-11T23:29:06+00:00\",\"dateModified\":\"2021-10-11T23:29:07+00:00\",\"breadcrumb\":{\"@id\":\"https:\\\/\\\/radioljubuski.ba\\\/index.php\\\/2021\\\/10\\\/12\\\/u-hotelu-park-odrzana-radionica-na-temu-zene-u-poduzetnistvu\\\/#breadcrumb\"},\"inLanguage\":\"hr\",\"potentialAction\":[{\"@type\":\"ReadAction\",\"target\":[\"https:\\\/\\\/radioljubuski.ba\\\/index.php\\\/2021\\\/10\\\/12\\\/u-hotelu-park-odrzana-radionica-na-temu-zene-u-poduzetnistvu\\\/\"]}]},{\"@type\":\"ImageObject\",\"inLanguage\":\"hr\",\"@id\":\"https:\\\/\\\/radioljubuski.ba\\\/index.php\\\/2021\\\/10\\\/12\\\/u-hotelu-park-odrzana-radionica-na-temu-zene-u-poduzetnistvu\\\/#primaryimage\",\"url\":\"https:\\\/\\\/radioljubuski.ba\\\/wp-content\\\/uploads\\\/2021\\\/10\\\/CD902EE0-073D-47D0-BAAE-7CB949EA4CF4-1024x682-1.jpeg\",\"contentUrl\":\"https:\\\/\\\/radioljubuski.ba\\\/wp-content\\\/uploads\\\/2021\\\/10\\\/CD902EE0-073D-47D0-BAAE-7CB949EA4CF4-1024x682-1.jpeg\",\"width\":1024,\"height\":682},{\"@type\":\"BreadcrumbList\",\"@id\":\"https:\\\/\\\/radioljubuski.ba\\\/index.php\\\/2021\\\/10\\\/12\\\/u-hotelu-park-odrzana-radionica-na-temu-zene-u-poduzetnistvu\\\/#breadcrumb\",\"itemListElement\":[{\"@type\":\"ListItem\",\"position\":1,\"name\":\"Po\u010detna stranica\",\"item\":\"https:\\\/\\\/radioljubuski.ba\\\/\"},{\"@type\":\"ListItem\",\"position\":2,\"name\":\"U Hotelu \u201cPark\u201d odr\u017eana radionica na temu: \u017dene u poduzetni\u0161tvu\"}]},{\"@type\":\"WebSite\",\"@id\":\"https:\\\/\\\/radioljubuski.ba\\\/#website\",\"url\":\"https:\\\/\\\/radioljubuski.ba\\\/\",\"name\":\"Radio Ljubu\u0161ki\",\"description\":\"Sun\u010dana frekvencija Hercegovine\",\"publisher\":{\"@id\":\"https:\\\/\\\/radioljubuski.ba\\\/#organization\"},\"potentialAction\":[{\"@type\":\"SearchAction\",\"target\":{\"@type\":\"EntryPoint\",\"urlTemplate\":\"https:\\\/\\\/radioljubuski.ba\\\/?s={search_term_string}\"},\"query-input\":{\"@type\":\"PropertyValueSpecification\",\"valueRequired\":true,\"valueName\":\"search_term_string\"}}],\"inLanguage\":\"hr\"},{\"@type\":\"Organization\",\"@id\":\"https:\\\/\\\/radioljubuski.ba\\\/#organization\",\"name\":\"Radio Ljubu\u0161ki\",\"url\":\"https:\\\/\\\/radioljubuski.ba\\\/\",\"logo\":{\"@type\":\"ImageObject\",\"inLanguage\":\"hr\",\"@id\":\"https:\\\/\\\/radioljubuski.ba\\\/#\\\/schema\\\/logo\\\/image\\\/\",\"url\":\"https:\\\/\\\/radioljubuski.ba\\\/wp-content\\\/uploads\\\/2021\\\/02\\\/cropped-Radio_Ljubuski_logo1.jpg\",\"contentUrl\":\"https:\\\/\\\/radioljubuski.ba\\\/wp-content\\\/uploads\\\/2021\\\/02\\\/cropped-Radio_Ljubuski_logo1.jpg\",\"width\":512,\"height\":512,\"caption\":\"Radio Ljubu\u0161ki\"},\"image\":{\"@id\":\"https:\\\/\\\/radioljubuski.ba\\\/#\\\/schema\\\/logo\\\/image\\\/\"},\"sameAs\":[\"https:\\\/\\\/www.facebook.com\\\/Radiio-Ljubuski-1490835324566332\",\"https:\\\/\\\/x.com\\\/radioljubuski\",\"https:\\\/\\\/hr.linkedin.com\\\/company\\\/radio-ljubuski\",\"https:\\\/\\\/www.youtube.com\\\/channel\\\/UCHYaeO_n0Db3tjNGudGpXyw\"]},{\"@type\":\"Person\",\"@id\":\"https:\\\/\\\/radioljubuski.ba\\\/#\\\/schema\\\/person\\\/19fc700381a780f69665d7956c469e3b\",\"name\":\"Radio Ljubu\u0161ki\"}]}<\/script>\n<!-- \/ Yoast SEO plugin. -->","yoast_head_json":{"title":"U Hotelu \u201cPark\u201d odr\u017eana radionica na temu: \u017dene u poduzetni\u0161tvu - RADIO LJUBU\u0160KI","robots":{"index":"index","follow":"follow","max-snippet":"max-snippet:-1","max-image-preview":"max-image-preview:large","max-video-preview":"max-video-preview:-1"},"canonical":"https:\/\/radioljubuski.ba\/index.php\/2021\/10\/12\/u-hotelu-park-odrzana-radionica-na-temu-zene-u-poduzetnistvu\/","og_locale":"hr_HR","og_type":"article","og_title":"U Hotelu \u201cPark\u201d odr\u017eana radionica na temu: \u017dene u poduzetni\u0161tvu - RADIO LJUBU\u0160KI","og_description":"U \u0161irokobrije\u0161kom hotelu \u201cPark\u201d u nedjelju je odr\u017eana radionica na temu: \u201c\u017dene u poduzetni\u0161tvu\u201d na kojoj je sudjelovalo zna\u010dajan broj \u017eena sa zajedni\u010dkom vizijom izgradnje pozitivnog poduzetni\u010dkog okru\u017eenja sa jednakim prilikama za oba spola. \u2043 \u017densko poduzetni\u0161tvo je prepoznato kao va\u017ean element gospodarskog rasta i u\u010dinkovita metoda postizanja demokratskog dru\u0161tva utemeljenog na osna\u017eivanju \u017eena i [&hellip;]","og_url":"https:\/\/radioljubuski.ba\/index.php\/2021\/10\/12\/u-hotelu-park-odrzana-radionica-na-temu-zene-u-poduzetnistvu\/","og_site_name":"RADIO LJUBU\u0160KI","article_publisher":"https:\/\/www.facebook.com\/Radiio-Ljubuski-1490835324566332","article_published_time":"2021-10-11T23:29:06+00:00","article_modified_time":"2021-10-11T23:29:07+00:00","og_image":[{"width":1024,"height":682,"url":"https:\/\/radioljubuski.ba\/wp-content\/uploads\/2021\/10\/CD902EE0-073D-47D0-BAAE-7CB949EA4CF4-1024x682-1.jpeg","type":"image\/jpeg"}],"author":"Radio Ljubu\u0161ki","twitter_card":"summary_large_image","twitter_creator":"@radioljubuski","twitter_site":"@radioljubuski","twitter_misc":{"Napisao\/la":"Radio Ljubu\u0161ki","Procijenjeno vrijeme \u010ditanja":"2 minute"},"schema":{"@context":"https:\/\/schema.org","@graph":[{"@type":"Article","@id":"https:\/\/radioljubuski.ba\/index.php\/2021\/10\/12\/u-hotelu-park-odrzana-radionica-na-temu-zene-u-poduzetnistvu\/#article","isPartOf":{"@id":"https:\/\/radioljubuski.ba\/index.php\/2021\/10\/12\/u-hotelu-park-odrzana-radionica-na-temu-zene-u-poduzetnistvu\/"},"author":{"name":"Radio Ljubu\u0161ki","@id":"https:\/\/radioljubuski.ba\/#\/schema\/person\/19fc700381a780f69665d7956c469e3b"},"headline":"U Hotelu \u201cPark\u201d odr\u017eana radionica na temu: \u017dene u poduzetni\u0161tvu","datePublished":"2021-10-11T23:29:06+00:00","dateModified":"2021-10-11T23:29:07+00:00","mainEntityOfPage":{"@id":"https:\/\/radioljubuski.ba\/index.php\/2021\/10\/12\/u-hotelu-park-odrzana-radionica-na-temu-zene-u-poduzetnistvu\/"},"wordCount":319,"publisher":{"@id":"https:\/\/radioljubuski.ba\/#organization"},"image":{"@id":"https:\/\/radioljubuski.ba\/index.php\/2021\/10\/12\/u-hotelu-park-odrzana-radionica-na-temu-zene-u-poduzetnistvu\/#primaryimage"},"thumbnailUrl":"https:\/\/radioljubuski.ba\/wp-content\/uploads\/2021\/10\/CD902EE0-073D-47D0-BAAE-7CB949EA4CF4-1024x682-1.jpeg","articleSection":["BIH i regija"],"inLanguage":"hr"},{"@type":"WebPage","@id":"https:\/\/radioljubuski.ba\/index.php\/2021\/10\/12\/u-hotelu-park-odrzana-radionica-na-temu-zene-u-poduzetnistvu\/","url":"https:\/\/radioljubuski.ba\/index.php\/2021\/10\/12\/u-hotelu-park-odrzana-radionica-na-temu-zene-u-poduzetnistvu\/","name":"U Hotelu \u201cPark\u201d odr\u017eana radionica na temu: \u017dene u poduzetni\u0161tvu - RADIO LJUBU\u0160KI","isPartOf":{"@id":"https:\/\/radioljubuski.ba\/#website"},"primaryImageOfPage":{"@id":"https:\/\/radioljubuski.ba\/index.php\/2021\/10\/12\/u-hotelu-park-odrzana-radionica-na-temu-zene-u-poduzetnistvu\/#primaryimage"},"image":{"@id":"https:\/\/radioljubuski.ba\/index.php\/2021\/10\/12\/u-hotelu-park-odrzana-radionica-na-temu-zene-u-poduzetnistvu\/#primaryimage"},"thumbnailUrl":"https:\/\/radioljubuski.ba\/wp-content\/uploads\/2021\/10\/CD902EE0-073D-47D0-BAAE-7CB949EA4CF4-1024x682-1.jpeg","datePublished":"2021-10-11T23:29:06+00:00","dateModified":"2021-10-11T23:29:07+00:00","breadcrumb":{"@id":"https:\/\/radioljubuski.ba\/index.php\/2021\/10\/12\/u-hotelu-park-odrzana-radionica-na-temu-zene-u-poduzetnistvu\/#breadcrumb"},"inLanguage":"hr","potentialAction":[{"@type":"ReadAction","target":["https:\/\/radioljubuski.ba\/index.php\/2021\/10\/12\/u-hotelu-park-odrzana-radionica-na-temu-zene-u-poduzetnistvu\/"]}]},{"@type":"ImageObject","inLanguage":"hr","@id":"https:\/\/radioljubuski.ba\/index.php\/2021\/10\/12\/u-hotelu-park-odrzana-radionica-na-temu-zene-u-poduzetnistvu\/#primaryimage","url":"https:\/\/radioljubuski.ba\/wp-content\/uploads\/2021\/10\/CD902EE0-073D-47D0-BAAE-7CB949EA4CF4-1024x682-1.jpeg","contentUrl":"https:\/\/radioljubuski.ba\/wp-content\/uploads\/2021\/10\/CD902EE0-073D-47D0-BAAE-7CB949EA4CF4-1024x682-1.jpeg","width":1024,"height":682},{"@type":"BreadcrumbList","@id":"https:\/\/radioljubuski.ba\/index.php\/2021\/10\/12\/u-hotelu-park-odrzana-radionica-na-temu-zene-u-poduzetnistvu\/#breadcrumb","itemListElement":[{"@type":"ListItem","position":1,"name":"Po\u010detna stranica","item":"https:\/\/radioljubuski.ba\/"},{"@type":"ListItem","position":2,"name":"U Hotelu \u201cPark\u201d odr\u017eana radionica na temu: \u017dene u poduzetni\u0161tvu"}]},{"@type":"WebSite","@id":"https:\/\/radioljubuski.ba\/#website","url":"https:\/\/radioljubuski.ba\/","name":"Radio Ljubu\u0161ki","description":"Sun\u010dana frekvencija Hercegovine","publisher":{"@id":"https:\/\/radioljubuski.ba\/#organization"},"potentialAction":[{"@type":"SearchAction","target":{"@type":"EntryPoint","urlTemplate":"https:\/\/radioljubuski.ba\/?s={search_term_string}"},"query-input":{"@type":"PropertyValueSpecification","valueRequired":true,"valueName":"search_term_string"}}],"inLanguage":"hr"},{"@type":"Organization","@id":"https:\/\/radioljubuski.ba\/#organization","name":"Radio Ljubu\u0161ki","url":"https:\/\/radioljubuski.ba\/","logo":{"@type":"ImageObject","inLanguage":"hr","@id":"https:\/\/radioljubuski.ba\/#\/schema\/logo\/image\/","url":"https:\/\/radioljubuski.ba\/wp-content\/uploads\/2021\/02\/cropped-Radio_Ljubuski_logo1.jpg","contentUrl":"https:\/\/radioljubuski.ba\/wp-content\/uploads\/2021\/02\/cropped-Radio_Ljubuski_logo1.jpg","width":512,"height":512,"caption":"Radio Ljubu\u0161ki"},"image":{"@id":"https:\/\/radioljubuski.ba\/#\/schema\/logo\/image\/"},"sameAs":["https:\/\/www.facebook.com\/Radiio-Ljubuski-1490835324566332","https:\/\/x.com\/radioljubuski","https:\/\/hr.linkedin.com\/company\/radio-ljubuski","https:\/\/www.youtube.com\/channel\/UCHYaeO_n0Db3tjNGudGpXyw"]},{"@type":"Person","@id":"https:\/\/radioljubuski.ba\/#\/schema\/person\/19fc700381a780f69665d7956c469e3b","name":"Radio Ljubu\u0161ki"}]}},"_links":{"self":[{"href":"https:\/\/radioljubuski.ba\/index.php\/wp-json\/wp\/v2\/posts\/74512","targetHints":{"allow":["GET"]}}],"collection":[{"href":"https:\/\/radioljubuski.ba\/index.php\/wp-json\/wp\/v2\/posts"}],"about":[{"href":"https:\/\/radioljubuski.ba\/index.php\/wp-json\/wp\/v2\/types\/post"}],"author":[{"embeddable":true,"href":"https:\/\/radioljubuski.ba\/index.php\/wp-json\/wp\/v2\/users\/2"}],"replies":[{"embeddable":true,"href":"https:\/\/radioljubuski.ba\/index.php\/wp-json\/wp\/v2\/comments?post=74512"}],"version-history":[{"count":1,"href":"https:\/\/radioljubuski.ba\/index.php\/wp-json\/wp\/v2\/posts\/74512\/revisions"}],"predecessor-version":[{"id":74514,"href":"https:\/\/radioljubuski.ba\/index.php\/wp-json\/wp\/v2\/posts\/74512\/revisions\/74514"}],"wp:featuredmedia":[{"embeddable":true,"href":"https:\/\/radioljubuski.ba\/index.php\/wp-json\/wp\/v2\/media\/74513"}],"wp:attachment":[{"href":"https:\/\/radioljubuski.ba\/index.php\/wp-json\/wp\/v2\/media?parent=74512"}],"wp:term":[{"taxonomy":"category","embeddable":true,"href":"https:\/\/radioljubuski.ba\/index.php\/wp-json\/wp\/v2\/categories?post=74512"},{"taxonomy":"post_tag","embeddable":true,"href":"https:\/\/radioljubuski.ba\/index.php\/wp-json\/wp\/v2\/tags?post=74512"}],"curies":[{"name":"wp","href":"https:\/\/api.w.org\/{rel}","templated":true}]}}