{"id":74521,"date":"2021-10-12T00:32:50","date_gmt":"2021-10-11T23:32:50","guid":{"rendered":"https:\/\/radioljubuski.ba\/?p=74521"},"modified":"2021-10-12T00:32:51","modified_gmt":"2021-10-11T23:32:51","slug":"poskupljenje-struje-moglo-bi-biti-razlicito-za-velika-i-mala-gospodarska-drustva","status":"publish","type":"post","link":"https:\/\/radioljubuski.ba\/index.php\/2021\/10\/12\/poskupljenje-struje-moglo-bi-biti-razlicito-za-velika-i-mala-gospodarska-drustva\/","title":{"rendered":"Poskupljenje struje moglo bi biti razli\u010dito za velika i mala gospodarska dru\u0161tva"},"content":{"rendered":"\n<p>Poskupljenje elektri\u010dne energije bila je tema sastanka Udru\u017eenja poslodavaca FBiH sa predstavnicima Vlade FBiH i Ministarstva energije, rudarstva i industrije, a na sastanku je dogovoreno da \u0107e se u narednom periodu poku\u0161ati na\u0107i najbolje rje\u0161enje kako poskupljenje ne bi bilo ogroman udar na gospodarstvo.<\/p>\n\n\n\n<p>Kako je kazao ministar energije, rudarstva i industrije FBiH Nermin D\u017eindi\u0107, u narednih 7 do 10 dana bit \u0107e odr\u017eana tematska sjednica Vlade FBiH na kojoj \u0107e biti i predstavnici elektroprivreda i poslodavaca, ali i stru\u010dnjaci iz ove oblasti, a na kojoj \u0107e glavna tema biti poskupljenje elektri\u010dne energije.<\/p>\n\n\n\n<p>&#8220;Tra\u017eit \u0107emo na\u010din kako da pomognemo gospodarstvu da prevazi\u0111e ovo poskupljenje, razmotrit \u0107emo sve zakonske propise i predlo\u017eiti mjere pomo\u0107i. Ono \u0161to je \u010dinjenica jeste da od 10.000 korisnika, deset njih tro\u0161i 70 \u2013 80 posto energije i da \u0107e ta gospodarska dru\u0161tva osjetiti najve\u0107i udar, \u0161to nam govori da trebamo napraviti detaljnu analizu toga kako da tim kompanijama pomognemo, ali i da se ostalima pomogne na neki drugi na\u010din. Dakle, moramo voditi ra\u010duna i o tome da ne ugrozimo postojanje nijedne elektroprivrede, a moramo pomo\u0107i i gospodarstvenicima jer elektroprivrede i postoje zbog tih gospodarstvenika, ako njih nema nemaju ni one kome prodavati energiju&#8221;, kazao je D\u017eindi\u0107.<\/p>\n\n\n\n<p>Podsjetio je D\u017eindi\u0107 kako je zakon jasno definirao na\u010din formiranja cijena, te kazao kako se mora ili promijeniti zakon ili donijeti uredba kojom \u0107e se neka pravila promijeniti, kao \u0161to se radi i u drugim zemljama. Me\u0111utim, \u010dinjenica je, dodao je, da \u0107e do poskupljenja morati do\u0107i i da se svi moraju prilagoditi promjenama.<\/p>\n\n\n\n<p>&#8220;Nije lako do\u0107i do finalnog rje\u0161enja, ne mo\u017eemo tek tako preuzeti odgovornost da to uradimo na brzinu bez da se o tome detaljno ne razgovara i ne naprave se detaljne analize&#8221;, kazao je D\u017eindi\u0107.<\/p>\n\n\n\n<p>Predsjednik Udru\u017eenja poslodavaca FBiH Adnan Smailbegovi\u0107 kazao je kako je ovo veoma kompleksno pitanje, kako svi imaju svoje argumente, ali postoje i zakonske norme koje se moraju po\u0161tovati.<\/p>\n\n\n\n<p>&#8220;Gospodarstvo o\u010dekuje da se taj udar smanji i da se ne do\u0111e do negativnih efekata. Vlada FBiH \u0107e morati napraviti presjek i analizu, a za to treba vremena i nije nam problem sa\u010dekati 10 do 15 dana kako bi se to na najbolji mogu\u0107i na\u010din rije\u0161ilo&#8221;, istakao je Smailbegovi\u0107.<\/p>\n\n\n\n<p>Podsjetio je kako je pojedinim gospodarstvenicima ve\u0107 istekao ugovor sa Elektroprivredom, te kako su morali potpisivati novi kako im ne bi bila isklju\u010dena struja, te istakao kako \u0107e i oni biti uklju\u010deni u pregovore o formiranju dalje cijene struje.<\/p>\n\n\n\n<p>&#8220;Nadam se da \u0107emo uspjeti do\u0107i do najoptimalnijeg rje\u0161enja. Sve \u0161to je u okvirima poskupljenja koje gospodarstvo mo\u017ee podnijeti to je u redu, jer imate kompanija koje \u0107e mo\u0107i izdr\u017eati 20 do 30 posto, a nekima je puno i ako struja poskupi i za tri do \u010detiri posto. Zbog toga Vlada dogovara neki diferencirani pristup, da poskupljenje ne bude isto za velike i za male kompanije. Me\u0111utim, vidjet \u0107emo i \u0161ta ka\u017eu analize i stru\u010dnjaci, a nadam se da \u0107e rezultat biti prihvatljiv za sve&#8221;, poru\u010dio je Smailbegovi\u0107, prenosi Klix.<\/p>\n\n\n\n<p>Izvor:klix.ba<\/p>\n","protected":false},"excerpt":{"rendered":"<p>Poskupljenje elektri\u010dne energije bila je tema sastanka Udru\u017eenja poslodavaca FBiH sa predstavnicima Vlade FBiH i Ministarstva energije, rudarstva i industrije, a na sastanku je dogovoreno da \u0107e se u narednom periodu poku\u0161ati na\u0107i najbolje rje\u0161enje kako poskupljenje ne bi bilo ogroman udar na gospodarstvo. Kako je kazao ministar energije, rudarstva i industrije FBiH Nermin D\u017eindi\u0107, [&hellip;]<\/p>\n","protected":false},"author":2,"featured_media":74522,"comment_status":"closed","ping_status":"closed","sticky":false,"template":"","format":"standard","meta":{"h5ap_radio_sources":[],"footnotes":""},"categories":[1],"tags":[],"class_list":["post-74521","post","type-post","status-publish","format-standard","has-post-thumbnail","hentry","category-bihiregija"],"yoast_head":"<!-- This site is optimized with the Yoast SEO plugin v27.4 - https:\/\/yoast.com\/product\/yoast-seo-wordpress\/ -->\n<title>Poskupljenje struje moglo bi biti razli\u010dito za velika i mala gospodarska dru\u0161tva - RADIO LJUBU\u0160KI<\/title>\n<meta name=\"robots\" content=\"index, follow, max-snippet:-1, max-image-preview:large, max-video-preview:-1\" \/>\n<link rel=\"canonical\" href=\"https:\/\/radioljubuski.ba\/index.php\/2021\/10\/12\/poskupljenje-struje-moglo-bi-biti-razlicito-za-velika-i-mala-gospodarska-drustva\/\" \/>\n<meta property=\"og:locale\" content=\"hr_HR\" \/>\n<meta property=\"og:type\" content=\"article\" \/>\n<meta property=\"og:title\" content=\"Poskupljenje struje moglo bi biti razli\u010dito za velika i mala gospodarska dru\u0161tva - RADIO LJUBU\u0160KI\" \/>\n<meta property=\"og:description\" content=\"Poskupljenje elektri\u010dne energije bila je tema sastanka Udru\u017eenja poslodavaca FBiH sa predstavnicima Vlade FBiH i Ministarstva energije, rudarstva i industrije, a na sastanku je dogovoreno da \u0107e se u narednom periodu poku\u0161ati na\u0107i najbolje rje\u0161enje kako poskupljenje ne bi bilo ogroman udar na gospodarstvo. Kako je kazao ministar energije, rudarstva i industrije FBiH Nermin D\u017eindi\u0107, [&hellip;]\" \/>\n<meta property=\"og:url\" content=\"https:\/\/radioljubuski.ba\/index.php\/2021\/10\/12\/poskupljenje-struje-moglo-bi-biti-razlicito-za-velika-i-mala-gospodarska-drustva\/\" \/>\n<meta property=\"og:site_name\" content=\"RADIO LJUBU\u0160KI\" \/>\n<meta property=\"article:publisher\" content=\"https:\/\/www.facebook.com\/Radiio-Ljubuski-1490835324566332\" \/>\n<meta property=\"article:published_time\" content=\"2021-10-11T23:32:50+00:00\" \/>\n<meta property=\"article:modified_time\" content=\"2021-10-11T23:32:51+00:00\" \/>\n<meta property=\"og:image\" content=\"https:\/\/radioljubuski.ba\/wp-content\/uploads\/2021\/10\/LuRG4VCP_struja_cijena-1.jpg\" \/>\n\t<meta property=\"og:image:width\" content=\"1000\" \/>\n\t<meta property=\"og:image:height\" content=\"625\" \/>\n\t<meta property=\"og:image:type\" content=\"image\/jpeg\" \/>\n<meta name=\"author\" content=\"Radio Ljubu\u0161ki\" \/>\n<meta name=\"twitter:card\" content=\"summary_large_image\" \/>\n<meta name=\"twitter:creator\" content=\"@radioljubuski\" \/>\n<meta name=\"twitter:site\" content=\"@radioljubuski\" \/>\n<meta name=\"twitter:label1\" content=\"Napisao\/la\" \/>\n\t<meta name=\"twitter:data1\" content=\"Radio Ljubu\u0161ki\" \/>\n\t<meta name=\"twitter:label2\" content=\"Procijenjeno vrijeme \u010ditanja\" \/>\n\t<meta name=\"twitter:data2\" content=\"3 minute\" \/>\n<script type=\"application\/ld+json\" class=\"yoast-schema-graph\">{\"@context\":\"https:\\\/\\\/schema.org\",\"@graph\":[{\"@type\":\"Article\",\"@id\":\"https:\\\/\\\/radioljubuski.ba\\\/index.php\\\/2021\\\/10\\\/12\\\/poskupljenje-struje-moglo-bi-biti-razlicito-za-velika-i-mala-gospodarska-drustva\\\/#article\",\"isPartOf\":{\"@id\":\"https:\\\/\\\/radioljubuski.ba\\\/index.php\\\/2021\\\/10\\\/12\\\/poskupljenje-struje-moglo-bi-biti-razlicito-za-velika-i-mala-gospodarska-drustva\\\/\"},\"author\":{\"name\":\"Radio Ljubu\u0161ki\",\"@id\":\"https:\\\/\\\/radioljubuski.ba\\\/#\\\/schema\\\/person\\\/19fc700381a780f69665d7956c469e3b\"},\"headline\":\"Poskupljenje struje moglo bi biti razli\u010dito za velika i mala gospodarska dru\u0161tva\",\"datePublished\":\"2021-10-11T23:32:50+00:00\",\"dateModified\":\"2021-10-11T23:32:51+00:00\",\"mainEntityOfPage\":{\"@id\":\"https:\\\/\\\/radioljubuski.ba\\\/index.php\\\/2021\\\/10\\\/12\\\/poskupljenje-struje-moglo-bi-biti-razlicito-za-velika-i-mala-gospodarska-drustva\\\/\"},\"wordCount\":549,\"publisher\":{\"@id\":\"https:\\\/\\\/radioljubuski.ba\\\/#organization\"},\"image\":{\"@id\":\"https:\\\/\\\/radioljubuski.ba\\\/index.php\\\/2021\\\/10\\\/12\\\/poskupljenje-struje-moglo-bi-biti-razlicito-za-velika-i-mala-gospodarska-drustva\\\/#primaryimage\"},\"thumbnailUrl\":\"https:\\\/\\\/radioljubuski.ba\\\/wp-content\\\/uploads\\\/2021\\\/10\\\/LuRG4VCP_struja_cijena-1.jpg\",\"articleSection\":[\"BIH i regija\"],\"inLanguage\":\"hr\"},{\"@type\":\"WebPage\",\"@id\":\"https:\\\/\\\/radioljubuski.ba\\\/index.php\\\/2021\\\/10\\\/12\\\/poskupljenje-struje-moglo-bi-biti-razlicito-za-velika-i-mala-gospodarska-drustva\\\/\",\"url\":\"https:\\\/\\\/radioljubuski.ba\\\/index.php\\\/2021\\\/10\\\/12\\\/poskupljenje-struje-moglo-bi-biti-razlicito-za-velika-i-mala-gospodarska-drustva\\\/\",\"name\":\"Poskupljenje struje moglo bi biti razli\u010dito za velika i mala gospodarska dru\u0161tva - RADIO LJUBU\u0160KI\",\"isPartOf\":{\"@id\":\"https:\\\/\\\/radioljubuski.ba\\\/#website\"},\"primaryImageOfPage\":{\"@id\":\"https:\\\/\\\/radioljubuski.ba\\\/index.php\\\/2021\\\/10\\\/12\\\/poskupljenje-struje-moglo-bi-biti-razlicito-za-velika-i-mala-gospodarska-drustva\\\/#primaryimage\"},\"image\":{\"@id\":\"https:\\\/\\\/radioljubuski.ba\\\/index.php\\\/2021\\\/10\\\/12\\\/poskupljenje-struje-moglo-bi-biti-razlicito-za-velika-i-mala-gospodarska-drustva\\\/#primaryimage\"},\"thumbnailUrl\":\"https:\\\/\\\/radioljubuski.ba\\\/wp-content\\\/uploads\\\/2021\\\/10\\\/LuRG4VCP_struja_cijena-1.jpg\",\"datePublished\":\"2021-10-11T23:32:50+00:00\",\"dateModified\":\"2021-10-11T23:32:51+00:00\",\"breadcrumb\":{\"@id\":\"https:\\\/\\\/radioljubuski.ba\\\/index.php\\\/2021\\\/10\\\/12\\\/poskupljenje-struje-moglo-bi-biti-razlicito-za-velika-i-mala-gospodarska-drustva\\\/#breadcrumb\"},\"inLanguage\":\"hr\",\"potentialAction\":[{\"@type\":\"ReadAction\",\"target\":[\"https:\\\/\\\/radioljubuski.ba\\\/index.php\\\/2021\\\/10\\\/12\\\/poskupljenje-struje-moglo-bi-biti-razlicito-za-velika-i-mala-gospodarska-drustva\\\/\"]}]},{\"@type\":\"ImageObject\",\"inLanguage\":\"hr\",\"@id\":\"https:\\\/\\\/radioljubuski.ba\\\/index.php\\\/2021\\\/10\\\/12\\\/poskupljenje-struje-moglo-bi-biti-razlicito-za-velika-i-mala-gospodarska-drustva\\\/#primaryimage\",\"url\":\"https:\\\/\\\/radioljubuski.ba\\\/wp-content\\\/uploads\\\/2021\\\/10\\\/LuRG4VCP_struja_cijena-1.jpg\",\"contentUrl\":\"https:\\\/\\\/radioljubuski.ba\\\/wp-content\\\/uploads\\\/2021\\\/10\\\/LuRG4VCP_struja_cijena-1.jpg\",\"width\":1000,\"height\":625},{\"@type\":\"BreadcrumbList\",\"@id\":\"https:\\\/\\\/radioljubuski.ba\\\/index.php\\\/2021\\\/10\\\/12\\\/poskupljenje-struje-moglo-bi-biti-razlicito-za-velika-i-mala-gospodarska-drustva\\\/#breadcrumb\",\"itemListElement\":[{\"@type\":\"ListItem\",\"position\":1,\"name\":\"Po\u010detna stranica\",\"item\":\"https:\\\/\\\/radioljubuski.ba\\\/\"},{\"@type\":\"ListItem\",\"position\":2,\"name\":\"Poskupljenje struje moglo bi biti razli\u010dito za velika i mala gospodarska dru\u0161tva\"}]},{\"@type\":\"WebSite\",\"@id\":\"https:\\\/\\\/radioljubuski.ba\\\/#website\",\"url\":\"https:\\\/\\\/radioljubuski.ba\\\/\",\"name\":\"Radio Ljubu\u0161ki\",\"description\":\"Sun\u010dana frekvencija Hercegovine\",\"publisher\":{\"@id\":\"https:\\\/\\\/radioljubuski.ba\\\/#organization\"},\"potentialAction\":[{\"@type\":\"SearchAction\",\"target\":{\"@type\":\"EntryPoint\",\"urlTemplate\":\"https:\\\/\\\/radioljubuski.ba\\\/?s={search_term_string}\"},\"query-input\":{\"@type\":\"PropertyValueSpecification\",\"valueRequired\":true,\"valueName\":\"search_term_string\"}}],\"inLanguage\":\"hr\"},{\"@type\":\"Organization\",\"@id\":\"https:\\\/\\\/radioljubuski.ba\\\/#organization\",\"name\":\"Radio Ljubu\u0161ki\",\"url\":\"https:\\\/\\\/radioljubuski.ba\\\/\",\"logo\":{\"@type\":\"ImageObject\",\"inLanguage\":\"hr\",\"@id\":\"https:\\\/\\\/radioljubuski.ba\\\/#\\\/schema\\\/logo\\\/image\\\/\",\"url\":\"https:\\\/\\\/radioljubuski.ba\\\/wp-content\\\/uploads\\\/2021\\\/02\\\/cropped-Radio_Ljubuski_logo1.jpg\",\"contentUrl\":\"https:\\\/\\\/radioljubuski.ba\\\/wp-content\\\/uploads\\\/2021\\\/02\\\/cropped-Radio_Ljubuski_logo1.jpg\",\"width\":512,\"height\":512,\"caption\":\"Radio Ljubu\u0161ki\"},\"image\":{\"@id\":\"https:\\\/\\\/radioljubuski.ba\\\/#\\\/schema\\\/logo\\\/image\\\/\"},\"sameAs\":[\"https:\\\/\\\/www.facebook.com\\\/Radiio-Ljubuski-1490835324566332\",\"https:\\\/\\\/x.com\\\/radioljubuski\",\"https:\\\/\\\/hr.linkedin.com\\\/company\\\/radio-ljubuski\",\"https:\\\/\\\/www.youtube.com\\\/channel\\\/UCHYaeO_n0Db3tjNGudGpXyw\"]},{\"@type\":\"Person\",\"@id\":\"https:\\\/\\\/radioljubuski.ba\\\/#\\\/schema\\\/person\\\/19fc700381a780f69665d7956c469e3b\",\"name\":\"Radio Ljubu\u0161ki\"}]}<\/script>\n<!-- \/ Yoast SEO plugin. -->","yoast_head_json":{"title":"Poskupljenje struje moglo bi biti razli\u010dito za velika i mala gospodarska dru\u0161tva - RADIO LJUBU\u0160KI","robots":{"index":"index","follow":"follow","max-snippet":"max-snippet:-1","max-image-preview":"max-image-preview:large","max-video-preview":"max-video-preview:-1"},"canonical":"https:\/\/radioljubuski.ba\/index.php\/2021\/10\/12\/poskupljenje-struje-moglo-bi-biti-razlicito-za-velika-i-mala-gospodarska-drustva\/","og_locale":"hr_HR","og_type":"article","og_title":"Poskupljenje struje moglo bi biti razli\u010dito za velika i mala gospodarska dru\u0161tva - RADIO LJUBU\u0160KI","og_description":"Poskupljenje elektri\u010dne energije bila je tema sastanka Udru\u017eenja poslodavaca FBiH sa predstavnicima Vlade FBiH i Ministarstva energije, rudarstva i industrije, a na sastanku je dogovoreno da \u0107e se u narednom periodu poku\u0161ati na\u0107i najbolje rje\u0161enje kako poskupljenje ne bi bilo ogroman udar na gospodarstvo. Kako je kazao ministar energije, rudarstva i industrije FBiH Nermin D\u017eindi\u0107, [&hellip;]","og_url":"https:\/\/radioljubuski.ba\/index.php\/2021\/10\/12\/poskupljenje-struje-moglo-bi-biti-razlicito-za-velika-i-mala-gospodarska-drustva\/","og_site_name":"RADIO LJUBU\u0160KI","article_publisher":"https:\/\/www.facebook.com\/Radiio-Ljubuski-1490835324566332","article_published_time":"2021-10-11T23:32:50+00:00","article_modified_time":"2021-10-11T23:32:51+00:00","og_image":[{"width":1000,"height":625,"url":"https:\/\/radioljubuski.ba\/wp-content\/uploads\/2021\/10\/LuRG4VCP_struja_cijena-1.jpg","type":"image\/jpeg"}],"author":"Radio Ljubu\u0161ki","twitter_card":"summary_large_image","twitter_creator":"@radioljubuski","twitter_site":"@radioljubuski","twitter_misc":{"Napisao\/la":"Radio Ljubu\u0161ki","Procijenjeno vrijeme \u010ditanja":"3 minute"},"schema":{"@context":"https:\/\/schema.org","@graph":[{"@type":"Article","@id":"https:\/\/radioljubuski.ba\/index.php\/2021\/10\/12\/poskupljenje-struje-moglo-bi-biti-razlicito-za-velika-i-mala-gospodarska-drustva\/#article","isPartOf":{"@id":"https:\/\/radioljubuski.ba\/index.php\/2021\/10\/12\/poskupljenje-struje-moglo-bi-biti-razlicito-za-velika-i-mala-gospodarska-drustva\/"},"author":{"name":"Radio Ljubu\u0161ki","@id":"https:\/\/radioljubuski.ba\/#\/schema\/person\/19fc700381a780f69665d7956c469e3b"},"headline":"Poskupljenje struje moglo bi biti razli\u010dito za velika i mala gospodarska dru\u0161tva","datePublished":"2021-10-11T23:32:50+00:00","dateModified":"2021-10-11T23:32:51+00:00","mainEntityOfPage":{"@id":"https:\/\/radioljubuski.ba\/index.php\/2021\/10\/12\/poskupljenje-struje-moglo-bi-biti-razlicito-za-velika-i-mala-gospodarska-drustva\/"},"wordCount":549,"publisher":{"@id":"https:\/\/radioljubuski.ba\/#organization"},"image":{"@id":"https:\/\/radioljubuski.ba\/index.php\/2021\/10\/12\/poskupljenje-struje-moglo-bi-biti-razlicito-za-velika-i-mala-gospodarska-drustva\/#primaryimage"},"thumbnailUrl":"https:\/\/radioljubuski.ba\/wp-content\/uploads\/2021\/10\/LuRG4VCP_struja_cijena-1.jpg","articleSection":["BIH i regija"],"inLanguage":"hr"},{"@type":"WebPage","@id":"https:\/\/radioljubuski.ba\/index.php\/2021\/10\/12\/poskupljenje-struje-moglo-bi-biti-razlicito-za-velika-i-mala-gospodarska-drustva\/","url":"https:\/\/radioljubuski.ba\/index.php\/2021\/10\/12\/poskupljenje-struje-moglo-bi-biti-razlicito-za-velika-i-mala-gospodarska-drustva\/","name":"Poskupljenje struje moglo bi biti razli\u010dito za velika i mala gospodarska dru\u0161tva - RADIO LJUBU\u0160KI","isPartOf":{"@id":"https:\/\/radioljubuski.ba\/#website"},"primaryImageOfPage":{"@id":"https:\/\/radioljubuski.ba\/index.php\/2021\/10\/12\/poskupljenje-struje-moglo-bi-biti-razlicito-za-velika-i-mala-gospodarska-drustva\/#primaryimage"},"image":{"@id":"https:\/\/radioljubuski.ba\/index.php\/2021\/10\/12\/poskupljenje-struje-moglo-bi-biti-razlicito-za-velika-i-mala-gospodarska-drustva\/#primaryimage"},"thumbnailUrl":"https:\/\/radioljubuski.ba\/wp-content\/uploads\/2021\/10\/LuRG4VCP_struja_cijena-1.jpg","datePublished":"2021-10-11T23:32:50+00:00","dateModified":"2021-10-11T23:32:51+00:00","breadcrumb":{"@id":"https:\/\/radioljubuski.ba\/index.php\/2021\/10\/12\/poskupljenje-struje-moglo-bi-biti-razlicito-za-velika-i-mala-gospodarska-drustva\/#breadcrumb"},"inLanguage":"hr","potentialAction":[{"@type":"ReadAction","target":["https:\/\/radioljubuski.ba\/index.php\/2021\/10\/12\/poskupljenje-struje-moglo-bi-biti-razlicito-za-velika-i-mala-gospodarska-drustva\/"]}]},{"@type":"ImageObject","inLanguage":"hr","@id":"https:\/\/radioljubuski.ba\/index.php\/2021\/10\/12\/poskupljenje-struje-moglo-bi-biti-razlicito-za-velika-i-mala-gospodarska-drustva\/#primaryimage","url":"https:\/\/radioljubuski.ba\/wp-content\/uploads\/2021\/10\/LuRG4VCP_struja_cijena-1.jpg","contentUrl":"https:\/\/radioljubuski.ba\/wp-content\/uploads\/2021\/10\/LuRG4VCP_struja_cijena-1.jpg","width":1000,"height":625},{"@type":"BreadcrumbList","@id":"https:\/\/radioljubuski.ba\/index.php\/2021\/10\/12\/poskupljenje-struje-moglo-bi-biti-razlicito-za-velika-i-mala-gospodarska-drustva\/#breadcrumb","itemListElement":[{"@type":"ListItem","position":1,"name":"Po\u010detna stranica","item":"https:\/\/radioljubuski.ba\/"},{"@type":"ListItem","position":2,"name":"Poskupljenje struje moglo bi biti razli\u010dito za velika i mala gospodarska dru\u0161tva"}]},{"@type":"WebSite","@id":"https:\/\/radioljubuski.ba\/#website","url":"https:\/\/radioljubuski.ba\/","name":"Radio Ljubu\u0161ki","description":"Sun\u010dana frekvencija Hercegovine","publisher":{"@id":"https:\/\/radioljubuski.ba\/#organization"},"potentialAction":[{"@type":"SearchAction","target":{"@type":"EntryPoint","urlTemplate":"https:\/\/radioljubuski.ba\/?s={search_term_string}"},"query-input":{"@type":"PropertyValueSpecification","valueRequired":true,"valueName":"search_term_string"}}],"inLanguage":"hr"},{"@type":"Organization","@id":"https:\/\/radioljubuski.ba\/#organization","name":"Radio Ljubu\u0161ki","url":"https:\/\/radioljubuski.ba\/","logo":{"@type":"ImageObject","inLanguage":"hr","@id":"https:\/\/radioljubuski.ba\/#\/schema\/logo\/image\/","url":"https:\/\/radioljubuski.ba\/wp-content\/uploads\/2021\/02\/cropped-Radio_Ljubuski_logo1.jpg","contentUrl":"https:\/\/radioljubuski.ba\/wp-content\/uploads\/2021\/02\/cropped-Radio_Ljubuski_logo1.jpg","width":512,"height":512,"caption":"Radio Ljubu\u0161ki"},"image":{"@id":"https:\/\/radioljubuski.ba\/#\/schema\/logo\/image\/"},"sameAs":["https:\/\/www.facebook.com\/Radiio-Ljubuski-1490835324566332","https:\/\/x.com\/radioljubuski","https:\/\/hr.linkedin.com\/company\/radio-ljubuski","https:\/\/www.youtube.com\/channel\/UCHYaeO_n0Db3tjNGudGpXyw"]},{"@type":"Person","@id":"https:\/\/radioljubuski.ba\/#\/schema\/person\/19fc700381a780f69665d7956c469e3b","name":"Radio Ljubu\u0161ki"}]}},"_links":{"self":[{"href":"https:\/\/radioljubuski.ba\/index.php\/wp-json\/wp\/v2\/posts\/74521","targetHints":{"allow":["GET"]}}],"collection":[{"href":"https:\/\/radioljubuski.ba\/index.php\/wp-json\/wp\/v2\/posts"}],"about":[{"href":"https:\/\/radioljubuski.ba\/index.php\/wp-json\/wp\/v2\/types\/post"}],"author":[{"embeddable":true,"href":"https:\/\/radioljubuski.ba\/index.php\/wp-json\/wp\/v2\/users\/2"}],"replies":[{"embeddable":true,"href":"https:\/\/radioljubuski.ba\/index.php\/wp-json\/wp\/v2\/comments?post=74521"}],"version-history":[{"count":1,"href":"https:\/\/radioljubuski.ba\/index.php\/wp-json\/wp\/v2\/posts\/74521\/revisions"}],"predecessor-version":[{"id":74523,"href":"https:\/\/radioljubuski.ba\/index.php\/wp-json\/wp\/v2\/posts\/74521\/revisions\/74523"}],"wp:featuredmedia":[{"embeddable":true,"href":"https:\/\/radioljubuski.ba\/index.php\/wp-json\/wp\/v2\/media\/74522"}],"wp:attachment":[{"href":"https:\/\/radioljubuski.ba\/index.php\/wp-json\/wp\/v2\/media?parent=74521"}],"wp:term":[{"taxonomy":"category","embeddable":true,"href":"https:\/\/radioljubuski.ba\/index.php\/wp-json\/wp\/v2\/categories?post=74521"},{"taxonomy":"post_tag","embeddable":true,"href":"https:\/\/radioljubuski.ba\/index.php\/wp-json\/wp\/v2\/tags?post=74521"}],"curies":[{"name":"wp","href":"https:\/\/api.w.org\/{rel}","templated":true}]}}