{"id":74524,"date":"2021-10-12T00:33:51","date_gmt":"2021-10-11T23:33:51","guid":{"rendered":"https:\/\/radioljubuski.ba\/?p=74524"},"modified":"2021-10-12T00:33:52","modified_gmt":"2021-10-11T23:33:52","slug":"zovko-za-zapadni-balkan-vise-od-14-milijardi-eura-vazna-suradnja-s-bih","status":"publish","type":"post","link":"https:\/\/radioljubuski.ba\/index.php\/2021\/10\/12\/zovko-za-zapadni-balkan-vise-od-14-milijardi-eura-vazna-suradnja-s-bih\/","title":{"rendered":"Zovko: Za Zapadni Balkan vi\u0161e od 14 milijardi eura- va\u017ena suradnja s BiH"},"content":{"rendered":"\n<p>Zemljama zapadnog Balkana \u0107e u sljede\u0107em sedmogodi\u0161njem razdoblju biti na &nbsp;raspolaganju vi\u0161e od 14 milijardi eura iz europskih fondova kao pretpristupna pomo\u0107 za njihovo uklju\u010divanje u EU, a ta sredstva \u0107e mo\u0107i koristiti i pograni\u010dna podru\u010dja s BiH, re\u010deno je &nbsp;u ponedjeljak u na konferenciji &#8220;IPA III za povezivanje ljudi unato\u010d granicama.&#8221;<\/p>\n\n\n\n<p>&#8220;IPA III bit \u0107e najzna\u010dajniji &nbsp;instrument &nbsp;Europske unije u njezinoj politici pro\u0161irenja &nbsp;u sljede\u0107im godinama, S povijesnim prora\u010dunom od vi\u0161e od 14 milijardi eura, Europska je unija jo\u0161 jedanput potvrdila da je posve\u0107ena pru\u017eanju potpore zemljama zapadnog Balkan u provo\u0111enju reformi i napretku na njihovom putu prema \u010dlanstvu u Europskoj uniji,&#8221; rekla je &nbsp;hrvatska eurozastupnica \u017deljana Zovko, potpredsjednica &nbsp;Odbora za vanjske poslove i suizvjestiteljica za pretpristupni instrument IPA III (Instrument pretpristupne pomo\u0107i)<\/p>\n\n\n\n<p>Ona je istaknula kako ta sredstva imaju veliku va\u017enost za prekograni\u010dnu suradnju &nbsp;Hrvatske s Bosnom i Hercegovinom.<\/p>\n\n\n\n<p>Konferenciji u Splitu, osim \u010delnika Splita i Splitsko-dalmatinske \u017eupanije, &nbsp;nazo\u010dili su i &nbsp;predsjednici vlada triju pograni\u010dnih \u017eupanija u susjednoj &nbsp;Bosni i Hercegovini: Nevenko Herceg (Hercegova\u010dko-neretvanska \u017eupanija), Zdenko \u0106osi\u0107 (Zapadno-hercegova\u010dka \u017eupanija) i Ivan Vukadin (Herceg-bosanska \u017eupanija).<\/p>\n\n\n\n<p>&#8220;Novci iz IPA III &nbsp;\u0107e se mo\u0107i koristiti i za pograni\u010dna &nbsp;podru\u010dja Splitsko-dalmatinske \u017eupanije u Hrvatskoj i za pograni\u010dna podru\u010dja susjednih triju \u017eupanija u BiH i sad nam se pru\u017ea prilika da iskoristimo ova sredstva. Na nama je kako \u0107emo se pripremiti pa zato i organiziramo ovu &nbsp;dana\u0161nju konferenciju u Splitu,&#8221; objasnila je Zovko.<\/p>\n\n\n\n<p>Najve\u0107i dio ovih sredstava predvi\u0111en je za ekonomski i investicijski plan koji je osmi\u0161ljen za otvaranje novih radnih mjesta, pobolj\u0161anje infrastrukture, osna\u017eivanje ljudskih i socijalnih kapaciteta i razvoj gospodarstva u regiji, rekla je Zovko.<\/p>\n\n\n\n<p>&#8220;Iz IPA-e III \u0107e se financirati projekti koji ula\u017eu u obrazovanje i mogu\u0107nost zapo\u0161ljavanja za mlade, sa ciljem sprje\u010davanja daljnjeg odljeva mozgova,&#8221; istaknula je Zovko.<\/p>\n\n\n\n<p>Objasnila je kako se novost IPA-e III &nbsp;odnosi na ukidanje dosada\u0161njih omotnica s fiksnim sredstvima za dr\u017eave i uvo\u0111enje raspodjele sredstava po &nbsp;tematskim projektima.<\/p>\n\n\n\n<p>To zna\u010di kako \u0107e najvi\u0161e sredstava iz IPA-e III dobiti oni koji su spremniji u kreiranju prekograni\u010dnih projekata.<\/p>\n\n\n\n<p>Na novinarski upit postoji li program koliko \u0107e &nbsp;novca od ovih vi\u0161e od 14 milijardi kuna koristiti za neke projekte, Zovko je podsjetila kakao je predsjednica Europske komisiji Ursula von der Leyen nedavno rekla da \u0107e sedam milijardi eura iz ovog paketa biti usmjereno na izgradnju puteva &nbsp;a ostala sredstva \u0107e se raspore\u0111ivati po tematskim cjelinama.<\/p>\n\n\n\n<p>Ravnateljica &nbsp;Uprave za europsku teritorijalnu suradnju u hrvatskom Ministarstvu regionalnog razvoja i fondova Europske unije Stella Arneri je rekla kako se prvi poziv &nbsp;za sredstava u sjede\u0107oj &nbsp;financijskoj perspektivi, u kojima su i ona iz IPA-e III, &nbsp;o\u010dekuje &nbsp;idu\u0107e &nbsp;godine.<\/p>\n\n\n\n<p>&#8220;Prema trenutnom vremenskom rasporedu u procesu programiranja\/odobrenja budu\u0107eg programa od strane Europske komisije, prvi poziv u sljede\u0107oj financijskoj perspektivi o\u010dekuje se tijekom 2022. godine,&#8221; kazala je Arneri.<\/p>\n\n\n\n<p>Izvor:pogled.ba<\/p>\n","protected":false},"excerpt":{"rendered":"<p>Zemljama zapadnog Balkana \u0107e u sljede\u0107em sedmogodi\u0161njem razdoblju biti na &nbsp;raspolaganju vi\u0161e od 14 milijardi eura iz europskih fondova kao pretpristupna pomo\u0107 za njihovo uklju\u010divanje u EU, a ta sredstva \u0107e mo\u0107i koristiti i pograni\u010dna podru\u010dja s BiH, re\u010deno je &nbsp;u ponedjeljak u na konferenciji &#8220;IPA III za povezivanje ljudi unato\u010d granicama.&#8221; &#8220;IPA III bit [&hellip;]<\/p>\n","protected":false},"author":2,"featured_media":18245,"comment_status":"closed","ping_status":"closed","sticky":false,"template":"","format":"standard","meta":{"h5ap_radio_sources":[],"footnotes":""},"categories":[1],"tags":[],"class_list":["post-74524","post","type-post","status-publish","format-standard","has-post-thumbnail","hentry","category-bihiregija"],"yoast_head":"<!-- This site is optimized with the Yoast SEO plugin v27.4 - https:\/\/yoast.com\/product\/yoast-seo-wordpress\/ -->\n<title>Zovko: Za Zapadni Balkan vi\u0161e od 14 milijardi eura- va\u017ena suradnja s BiH - RADIO LJUBU\u0160KI<\/title>\n<meta name=\"robots\" content=\"index, follow, max-snippet:-1, max-image-preview:large, max-video-preview:-1\" \/>\n<link rel=\"canonical\" href=\"https:\/\/radioljubuski.ba\/index.php\/2021\/10\/12\/zovko-za-zapadni-balkan-vise-od-14-milijardi-eura-vazna-suradnja-s-bih\/\" \/>\n<meta property=\"og:locale\" content=\"hr_HR\" \/>\n<meta property=\"og:type\" content=\"article\" \/>\n<meta property=\"og:title\" content=\"Zovko: Za Zapadni Balkan vi\u0161e od 14 milijardi eura- va\u017ena suradnja s BiH - RADIO LJUBU\u0160KI\" \/>\n<meta property=\"og:description\" content=\"Zemljama zapadnog Balkana \u0107e u sljede\u0107em sedmogodi\u0161njem razdoblju biti na &nbsp;raspolaganju vi\u0161e od 14 milijardi eura iz europskih fondova kao pretpristupna pomo\u0107 za njihovo uklju\u010divanje u EU, a ta sredstva \u0107e mo\u0107i koristiti i pograni\u010dna podru\u010dja s BiH, re\u010deno je &nbsp;u ponedjeljak u na konferenciji &#8220;IPA III za povezivanje ljudi unato\u010d granicama.&#8221; &#8220;IPA III bit [&hellip;]\" \/>\n<meta property=\"og:url\" content=\"https:\/\/radioljubuski.ba\/index.php\/2021\/10\/12\/zovko-za-zapadni-balkan-vise-od-14-milijardi-eura-vazna-suradnja-s-bih\/\" \/>\n<meta property=\"og:site_name\" content=\"RADIO LJUBU\u0160KI\" \/>\n<meta property=\"article:publisher\" content=\"https:\/\/www.facebook.com\/Radiio-Ljubuski-1490835324566332\" \/>\n<meta property=\"article:published_time\" content=\"2021-10-11T23:33:51+00:00\" \/>\n<meta property=\"article:modified_time\" content=\"2021-10-11T23:33:52+00:00\" \/>\n<meta property=\"og:image\" content=\"https:\/\/radioljubuski.ba\/wp-content\/uploads\/2021\/05\/gwyPs516_20_10_07_Zovko_Portrait_Bxl_52.jpg\" \/>\n\t<meta property=\"og:image:width\" content=\"1000\" \/>\n\t<meta property=\"og:image:height\" content=\"625\" \/>\n\t<meta property=\"og:image:type\" content=\"image\/jpeg\" \/>\n<meta name=\"author\" content=\"Radio Ljubu\u0161ki\" \/>\n<meta name=\"twitter:card\" content=\"summary_large_image\" \/>\n<meta name=\"twitter:creator\" content=\"@radioljubuski\" \/>\n<meta name=\"twitter:site\" content=\"@radioljubuski\" \/>\n<meta name=\"twitter:label1\" content=\"Napisao\/la\" \/>\n\t<meta name=\"twitter:data1\" content=\"Radio Ljubu\u0161ki\" \/>\n\t<meta name=\"twitter:label2\" content=\"Procijenjeno vrijeme \u010ditanja\" \/>\n\t<meta name=\"twitter:data2\" content=\"2 minute\" \/>\n<script type=\"application\/ld+json\" class=\"yoast-schema-graph\">{\"@context\":\"https:\\\/\\\/schema.org\",\"@graph\":[{\"@type\":\"Article\",\"@id\":\"https:\\\/\\\/radioljubuski.ba\\\/index.php\\\/2021\\\/10\\\/12\\\/zovko-za-zapadni-balkan-vise-od-14-milijardi-eura-vazna-suradnja-s-bih\\\/#article\",\"isPartOf\":{\"@id\":\"https:\\\/\\\/radioljubuski.ba\\\/index.php\\\/2021\\\/10\\\/12\\\/zovko-za-zapadni-balkan-vise-od-14-milijardi-eura-vazna-suradnja-s-bih\\\/\"},\"author\":{\"name\":\"Radio Ljubu\u0161ki\",\"@id\":\"https:\\\/\\\/radioljubuski.ba\\\/#\\\/schema\\\/person\\\/19fc700381a780f69665d7956c469e3b\"},\"headline\":\"Zovko: Za Zapadni Balkan vi\u0161e od 14 milijardi eura- va\u017ena suradnja s BiH\",\"datePublished\":\"2021-10-11T23:33:51+00:00\",\"dateModified\":\"2021-10-11T23:33:52+00:00\",\"mainEntityOfPage\":{\"@id\":\"https:\\\/\\\/radioljubuski.ba\\\/index.php\\\/2021\\\/10\\\/12\\\/zovko-za-zapadni-balkan-vise-od-14-milijardi-eura-vazna-suradnja-s-bih\\\/\"},\"wordCount\":545,\"publisher\":{\"@id\":\"https:\\\/\\\/radioljubuski.ba\\\/#organization\"},\"image\":{\"@id\":\"https:\\\/\\\/radioljubuski.ba\\\/index.php\\\/2021\\\/10\\\/12\\\/zovko-za-zapadni-balkan-vise-od-14-milijardi-eura-vazna-suradnja-s-bih\\\/#primaryimage\"},\"thumbnailUrl\":\"https:\\\/\\\/radioljubuski.ba\\\/wp-content\\\/uploads\\\/2021\\\/05\\\/gwyPs516_20_10_07_Zovko_Portrait_Bxl_52.jpg\",\"articleSection\":[\"BIH i regija\"],\"inLanguage\":\"hr\"},{\"@type\":\"WebPage\",\"@id\":\"https:\\\/\\\/radioljubuski.ba\\\/index.php\\\/2021\\\/10\\\/12\\\/zovko-za-zapadni-balkan-vise-od-14-milijardi-eura-vazna-suradnja-s-bih\\\/\",\"url\":\"https:\\\/\\\/radioljubuski.ba\\\/index.php\\\/2021\\\/10\\\/12\\\/zovko-za-zapadni-balkan-vise-od-14-milijardi-eura-vazna-suradnja-s-bih\\\/\",\"name\":\"Zovko: Za Zapadni Balkan vi\u0161e od 14 milijardi eura- va\u017ena suradnja s BiH - RADIO LJUBU\u0160KI\",\"isPartOf\":{\"@id\":\"https:\\\/\\\/radioljubuski.ba\\\/#website\"},\"primaryImageOfPage\":{\"@id\":\"https:\\\/\\\/radioljubuski.ba\\\/index.php\\\/2021\\\/10\\\/12\\\/zovko-za-zapadni-balkan-vise-od-14-milijardi-eura-vazna-suradnja-s-bih\\\/#primaryimage\"},\"image\":{\"@id\":\"https:\\\/\\\/radioljubuski.ba\\\/index.php\\\/2021\\\/10\\\/12\\\/zovko-za-zapadni-balkan-vise-od-14-milijardi-eura-vazna-suradnja-s-bih\\\/#primaryimage\"},\"thumbnailUrl\":\"https:\\\/\\\/radioljubuski.ba\\\/wp-content\\\/uploads\\\/2021\\\/05\\\/gwyPs516_20_10_07_Zovko_Portrait_Bxl_52.jpg\",\"datePublished\":\"2021-10-11T23:33:51+00:00\",\"dateModified\":\"2021-10-11T23:33:52+00:00\",\"breadcrumb\":{\"@id\":\"https:\\\/\\\/radioljubuski.ba\\\/index.php\\\/2021\\\/10\\\/12\\\/zovko-za-zapadni-balkan-vise-od-14-milijardi-eura-vazna-suradnja-s-bih\\\/#breadcrumb\"},\"inLanguage\":\"hr\",\"potentialAction\":[{\"@type\":\"ReadAction\",\"target\":[\"https:\\\/\\\/radioljubuski.ba\\\/index.php\\\/2021\\\/10\\\/12\\\/zovko-za-zapadni-balkan-vise-od-14-milijardi-eura-vazna-suradnja-s-bih\\\/\"]}]},{\"@type\":\"ImageObject\",\"inLanguage\":\"hr\",\"@id\":\"https:\\\/\\\/radioljubuski.ba\\\/index.php\\\/2021\\\/10\\\/12\\\/zovko-za-zapadni-balkan-vise-od-14-milijardi-eura-vazna-suradnja-s-bih\\\/#primaryimage\",\"url\":\"https:\\\/\\\/radioljubuski.ba\\\/wp-content\\\/uploads\\\/2021\\\/05\\\/gwyPs516_20_10_07_Zovko_Portrait_Bxl_52.jpg\",\"contentUrl\":\"https:\\\/\\\/radioljubuski.ba\\\/wp-content\\\/uploads\\\/2021\\\/05\\\/gwyPs516_20_10_07_Zovko_Portrait_Bxl_52.jpg\",\"width\":1000,\"height\":625},{\"@type\":\"BreadcrumbList\",\"@id\":\"https:\\\/\\\/radioljubuski.ba\\\/index.php\\\/2021\\\/10\\\/12\\\/zovko-za-zapadni-balkan-vise-od-14-milijardi-eura-vazna-suradnja-s-bih\\\/#breadcrumb\",\"itemListElement\":[{\"@type\":\"ListItem\",\"position\":1,\"name\":\"Po\u010detna stranica\",\"item\":\"https:\\\/\\\/radioljubuski.ba\\\/\"},{\"@type\":\"ListItem\",\"position\":2,\"name\":\"Zovko: Za Zapadni Balkan vi\u0161e od 14 milijardi eura- va\u017ena suradnja s BiH\"}]},{\"@type\":\"WebSite\",\"@id\":\"https:\\\/\\\/radioljubuski.ba\\\/#website\",\"url\":\"https:\\\/\\\/radioljubuski.ba\\\/\",\"name\":\"Radio Ljubu\u0161ki\",\"description\":\"Sun\u010dana frekvencija Hercegovine\",\"publisher\":{\"@id\":\"https:\\\/\\\/radioljubuski.ba\\\/#organization\"},\"potentialAction\":[{\"@type\":\"SearchAction\",\"target\":{\"@type\":\"EntryPoint\",\"urlTemplate\":\"https:\\\/\\\/radioljubuski.ba\\\/?s={search_term_string}\"},\"query-input\":{\"@type\":\"PropertyValueSpecification\",\"valueRequired\":true,\"valueName\":\"search_term_string\"}}],\"inLanguage\":\"hr\"},{\"@type\":\"Organization\",\"@id\":\"https:\\\/\\\/radioljubuski.ba\\\/#organization\",\"name\":\"Radio Ljubu\u0161ki\",\"url\":\"https:\\\/\\\/radioljubuski.ba\\\/\",\"logo\":{\"@type\":\"ImageObject\",\"inLanguage\":\"hr\",\"@id\":\"https:\\\/\\\/radioljubuski.ba\\\/#\\\/schema\\\/logo\\\/image\\\/\",\"url\":\"https:\\\/\\\/radioljubuski.ba\\\/wp-content\\\/uploads\\\/2021\\\/02\\\/cropped-Radio_Ljubuski_logo1.jpg\",\"contentUrl\":\"https:\\\/\\\/radioljubuski.ba\\\/wp-content\\\/uploads\\\/2021\\\/02\\\/cropped-Radio_Ljubuski_logo1.jpg\",\"width\":512,\"height\":512,\"caption\":\"Radio Ljubu\u0161ki\"},\"image\":{\"@id\":\"https:\\\/\\\/radioljubuski.ba\\\/#\\\/schema\\\/logo\\\/image\\\/\"},\"sameAs\":[\"https:\\\/\\\/www.facebook.com\\\/Radiio-Ljubuski-1490835324566332\",\"https:\\\/\\\/x.com\\\/radioljubuski\",\"https:\\\/\\\/hr.linkedin.com\\\/company\\\/radio-ljubuski\",\"https:\\\/\\\/www.youtube.com\\\/channel\\\/UCHYaeO_n0Db3tjNGudGpXyw\"]},{\"@type\":\"Person\",\"@id\":\"https:\\\/\\\/radioljubuski.ba\\\/#\\\/schema\\\/person\\\/19fc700381a780f69665d7956c469e3b\",\"name\":\"Radio Ljubu\u0161ki\"}]}<\/script>\n<!-- \/ Yoast SEO plugin. -->","yoast_head_json":{"title":"Zovko: Za Zapadni Balkan vi\u0161e od 14 milijardi eura- va\u017ena suradnja s BiH - RADIO LJUBU\u0160KI","robots":{"index":"index","follow":"follow","max-snippet":"max-snippet:-1","max-image-preview":"max-image-preview:large","max-video-preview":"max-video-preview:-1"},"canonical":"https:\/\/radioljubuski.ba\/index.php\/2021\/10\/12\/zovko-za-zapadni-balkan-vise-od-14-milijardi-eura-vazna-suradnja-s-bih\/","og_locale":"hr_HR","og_type":"article","og_title":"Zovko: Za Zapadni Balkan vi\u0161e od 14 milijardi eura- va\u017ena suradnja s BiH - RADIO LJUBU\u0160KI","og_description":"Zemljama zapadnog Balkana \u0107e u sljede\u0107em sedmogodi\u0161njem razdoblju biti na &nbsp;raspolaganju vi\u0161e od 14 milijardi eura iz europskih fondova kao pretpristupna pomo\u0107 za njihovo uklju\u010divanje u EU, a ta sredstva \u0107e mo\u0107i koristiti i pograni\u010dna podru\u010dja s BiH, re\u010deno je &nbsp;u ponedjeljak u na konferenciji &#8220;IPA III za povezivanje ljudi unato\u010d granicama.&#8221; &#8220;IPA III bit [&hellip;]","og_url":"https:\/\/radioljubuski.ba\/index.php\/2021\/10\/12\/zovko-za-zapadni-balkan-vise-od-14-milijardi-eura-vazna-suradnja-s-bih\/","og_site_name":"RADIO LJUBU\u0160KI","article_publisher":"https:\/\/www.facebook.com\/Radiio-Ljubuski-1490835324566332","article_published_time":"2021-10-11T23:33:51+00:00","article_modified_time":"2021-10-11T23:33:52+00:00","og_image":[{"width":1000,"height":625,"url":"https:\/\/radioljubuski.ba\/wp-content\/uploads\/2021\/05\/gwyPs516_20_10_07_Zovko_Portrait_Bxl_52.jpg","type":"image\/jpeg"}],"author":"Radio Ljubu\u0161ki","twitter_card":"summary_large_image","twitter_creator":"@radioljubuski","twitter_site":"@radioljubuski","twitter_misc":{"Napisao\/la":"Radio Ljubu\u0161ki","Procijenjeno vrijeme \u010ditanja":"2 minute"},"schema":{"@context":"https:\/\/schema.org","@graph":[{"@type":"Article","@id":"https:\/\/radioljubuski.ba\/index.php\/2021\/10\/12\/zovko-za-zapadni-balkan-vise-od-14-milijardi-eura-vazna-suradnja-s-bih\/#article","isPartOf":{"@id":"https:\/\/radioljubuski.ba\/index.php\/2021\/10\/12\/zovko-za-zapadni-balkan-vise-od-14-milijardi-eura-vazna-suradnja-s-bih\/"},"author":{"name":"Radio Ljubu\u0161ki","@id":"https:\/\/radioljubuski.ba\/#\/schema\/person\/19fc700381a780f69665d7956c469e3b"},"headline":"Zovko: Za Zapadni Balkan vi\u0161e od 14 milijardi eura- va\u017ena suradnja s BiH","datePublished":"2021-10-11T23:33:51+00:00","dateModified":"2021-10-11T23:33:52+00:00","mainEntityOfPage":{"@id":"https:\/\/radioljubuski.ba\/index.php\/2021\/10\/12\/zovko-za-zapadni-balkan-vise-od-14-milijardi-eura-vazna-suradnja-s-bih\/"},"wordCount":545,"publisher":{"@id":"https:\/\/radioljubuski.ba\/#organization"},"image":{"@id":"https:\/\/radioljubuski.ba\/index.php\/2021\/10\/12\/zovko-za-zapadni-balkan-vise-od-14-milijardi-eura-vazna-suradnja-s-bih\/#primaryimage"},"thumbnailUrl":"https:\/\/radioljubuski.ba\/wp-content\/uploads\/2021\/05\/gwyPs516_20_10_07_Zovko_Portrait_Bxl_52.jpg","articleSection":["BIH i regija"],"inLanguage":"hr"},{"@type":"WebPage","@id":"https:\/\/radioljubuski.ba\/index.php\/2021\/10\/12\/zovko-za-zapadni-balkan-vise-od-14-milijardi-eura-vazna-suradnja-s-bih\/","url":"https:\/\/radioljubuski.ba\/index.php\/2021\/10\/12\/zovko-za-zapadni-balkan-vise-od-14-milijardi-eura-vazna-suradnja-s-bih\/","name":"Zovko: Za Zapadni Balkan vi\u0161e od 14 milijardi eura- va\u017ena suradnja s BiH - RADIO LJUBU\u0160KI","isPartOf":{"@id":"https:\/\/radioljubuski.ba\/#website"},"primaryImageOfPage":{"@id":"https:\/\/radioljubuski.ba\/index.php\/2021\/10\/12\/zovko-za-zapadni-balkan-vise-od-14-milijardi-eura-vazna-suradnja-s-bih\/#primaryimage"},"image":{"@id":"https:\/\/radioljubuski.ba\/index.php\/2021\/10\/12\/zovko-za-zapadni-balkan-vise-od-14-milijardi-eura-vazna-suradnja-s-bih\/#primaryimage"},"thumbnailUrl":"https:\/\/radioljubuski.ba\/wp-content\/uploads\/2021\/05\/gwyPs516_20_10_07_Zovko_Portrait_Bxl_52.jpg","datePublished":"2021-10-11T23:33:51+00:00","dateModified":"2021-10-11T23:33:52+00:00","breadcrumb":{"@id":"https:\/\/radioljubuski.ba\/index.php\/2021\/10\/12\/zovko-za-zapadni-balkan-vise-od-14-milijardi-eura-vazna-suradnja-s-bih\/#breadcrumb"},"inLanguage":"hr","potentialAction":[{"@type":"ReadAction","target":["https:\/\/radioljubuski.ba\/index.php\/2021\/10\/12\/zovko-za-zapadni-balkan-vise-od-14-milijardi-eura-vazna-suradnja-s-bih\/"]}]},{"@type":"ImageObject","inLanguage":"hr","@id":"https:\/\/radioljubuski.ba\/index.php\/2021\/10\/12\/zovko-za-zapadni-balkan-vise-od-14-milijardi-eura-vazna-suradnja-s-bih\/#primaryimage","url":"https:\/\/radioljubuski.ba\/wp-content\/uploads\/2021\/05\/gwyPs516_20_10_07_Zovko_Portrait_Bxl_52.jpg","contentUrl":"https:\/\/radioljubuski.ba\/wp-content\/uploads\/2021\/05\/gwyPs516_20_10_07_Zovko_Portrait_Bxl_52.jpg","width":1000,"height":625},{"@type":"BreadcrumbList","@id":"https:\/\/radioljubuski.ba\/index.php\/2021\/10\/12\/zovko-za-zapadni-balkan-vise-od-14-milijardi-eura-vazna-suradnja-s-bih\/#breadcrumb","itemListElement":[{"@type":"ListItem","position":1,"name":"Po\u010detna stranica","item":"https:\/\/radioljubuski.ba\/"},{"@type":"ListItem","position":2,"name":"Zovko: Za Zapadni Balkan vi\u0161e od 14 milijardi eura- va\u017ena suradnja s BiH"}]},{"@type":"WebSite","@id":"https:\/\/radioljubuski.ba\/#website","url":"https:\/\/radioljubuski.ba\/","name":"Radio Ljubu\u0161ki","description":"Sun\u010dana frekvencija Hercegovine","publisher":{"@id":"https:\/\/radioljubuski.ba\/#organization"},"potentialAction":[{"@type":"SearchAction","target":{"@type":"EntryPoint","urlTemplate":"https:\/\/radioljubuski.ba\/?s={search_term_string}"},"query-input":{"@type":"PropertyValueSpecification","valueRequired":true,"valueName":"search_term_string"}}],"inLanguage":"hr"},{"@type":"Organization","@id":"https:\/\/radioljubuski.ba\/#organization","name":"Radio Ljubu\u0161ki","url":"https:\/\/radioljubuski.ba\/","logo":{"@type":"ImageObject","inLanguage":"hr","@id":"https:\/\/radioljubuski.ba\/#\/schema\/logo\/image\/","url":"https:\/\/radioljubuski.ba\/wp-content\/uploads\/2021\/02\/cropped-Radio_Ljubuski_logo1.jpg","contentUrl":"https:\/\/radioljubuski.ba\/wp-content\/uploads\/2021\/02\/cropped-Radio_Ljubuski_logo1.jpg","width":512,"height":512,"caption":"Radio Ljubu\u0161ki"},"image":{"@id":"https:\/\/radioljubuski.ba\/#\/schema\/logo\/image\/"},"sameAs":["https:\/\/www.facebook.com\/Radiio-Ljubuski-1490835324566332","https:\/\/x.com\/radioljubuski","https:\/\/hr.linkedin.com\/company\/radio-ljubuski","https:\/\/www.youtube.com\/channel\/UCHYaeO_n0Db3tjNGudGpXyw"]},{"@type":"Person","@id":"https:\/\/radioljubuski.ba\/#\/schema\/person\/19fc700381a780f69665d7956c469e3b","name":"Radio Ljubu\u0161ki"}]}},"_links":{"self":[{"href":"https:\/\/radioljubuski.ba\/index.php\/wp-json\/wp\/v2\/posts\/74524","targetHints":{"allow":["GET"]}}],"collection":[{"href":"https:\/\/radioljubuski.ba\/index.php\/wp-json\/wp\/v2\/posts"}],"about":[{"href":"https:\/\/radioljubuski.ba\/index.php\/wp-json\/wp\/v2\/types\/post"}],"author":[{"embeddable":true,"href":"https:\/\/radioljubuski.ba\/index.php\/wp-json\/wp\/v2\/users\/2"}],"replies":[{"embeddable":true,"href":"https:\/\/radioljubuski.ba\/index.php\/wp-json\/wp\/v2\/comments?post=74524"}],"version-history":[{"count":1,"href":"https:\/\/radioljubuski.ba\/index.php\/wp-json\/wp\/v2\/posts\/74524\/revisions"}],"predecessor-version":[{"id":74525,"href":"https:\/\/radioljubuski.ba\/index.php\/wp-json\/wp\/v2\/posts\/74524\/revisions\/74525"}],"wp:featuredmedia":[{"embeddable":true,"href":"https:\/\/radioljubuski.ba\/index.php\/wp-json\/wp\/v2\/media\/18245"}],"wp:attachment":[{"href":"https:\/\/radioljubuski.ba\/index.php\/wp-json\/wp\/v2\/media?parent=74524"}],"wp:term":[{"taxonomy":"category","embeddable":true,"href":"https:\/\/radioljubuski.ba\/index.php\/wp-json\/wp\/v2\/categories?post=74524"},{"taxonomy":"post_tag","embeddable":true,"href":"https:\/\/radioljubuski.ba\/index.php\/wp-json\/wp\/v2\/tags?post=74524"}],"curies":[{"name":"wp","href":"https:\/\/api.w.org\/{rel}","templated":true}]}}