{"id":74605,"date":"2021-10-12T08:05:47","date_gmt":"2021-10-12T07:05:47","guid":{"rendered":"https:\/\/radioljubuski.ba\/?p=74605"},"modified":"2021-10-12T08:05:48","modified_gmt":"2021-10-12T07:05:48","slug":"cia-bih-je-zemlja-staraca-koju-ceka-krah-mirovinskog-sustava","status":"publish","type":"post","link":"https:\/\/radioljubuski.ba\/index.php\/2021\/10\/12\/cia-bih-je-zemlja-staraca-koju-ceka-krah-mirovinskog-sustava\/","title":{"rendered":"CIA: BiH je zemlja staraca koju \u010deka krah mirovinskog sustava"},"content":{"rendered":"\n<p>Bosna i Hercegovina godinama bilje\u017ei negativnu stopu prirodnog prira\u0161taja, zbog \u010dega postaje zemlja staraca. <\/p>\n\n\n\n<p>Na ovakav razvoj doga\u0111aja upozorila je i Centralna obavje\u0161tajna agencija (CIA) Sjedinjenih Ameri\u010dkih Dr\u017eava. <\/p>\n\n\n\n<p>Prema njihovim podacima, BiH se nalazi na tre\u0107em mjestu na Balkanu prema starosti stanovni\u0161tva, a navodi se da u na\u0161oj dr\u017eavi od ukupnog broja stanovnika njih 16 posto pripada kategoriji tre\u0107e \u017eivotne dobi. Prema podacima iz lipnja ove godine, ameri\u010dka CIA procjenjuje da u BiH \u017eive 3.824.782 stanovnika. <\/p>\n\n\n\n<p>U starosnoj dobi do 14 godina BiH ima 13,18 posto stanovni\u0161tva, javljaju agencije. U dobi od 15 do 24 godine imamo 10,83 posto. <\/p>\n\n\n\n<p>Najbrojnija populacija u BiH je u \u017eivotnoj dobi od 25 do 54 godine (44,52 posto). BiH ima i 15,24 posto stanovni\u0161tva u \u017eivotnoj dobi od 55 do 64 godine starosti, a umirovljeni\u010dki dio (iznad 65 godina) \u010dini 16,22 posto stanovni\u0161tva. Tako\u0111er, BiH je zemlja iz koje ljudi odlaze, i to najvi\u0161e mladi, koji bi trebali zasnivati obitelji, a to\u010dnih podataka o tome nema. Stru\u010dnjaci upozoravaju da se situacija tokom pandemije koronavirusa dodatno pogor\u0161ala. <\/p>\n\n\n\n<p>Ekonomista Admir \u010cavali\u0107 kazao je za \u201eAvaz\u201c da na\u0161a zemlja ve\u0107 ima probleme zbog \u010dinjenica koje su navedene u izvje\u0161\u0107u CIA-e. <\/p>\n\n\n\n<p>&#8221;Evidentno je da ve\u0107 sad imamo nedostatak odre\u0111ene radne snage, tu je i niska produktivnost radnika. O\u010dekuje se da \u0107e u narednih 15 godina novih 300.000 korisnika u\u0107i ili, bolje re\u0107i, ste\u0107i prava na kori\u0161tenje sustava MIO&#8221;, pojasnio je \u010cavali\u0107. Dodao je da zabrinjava to \u0161to potencijalni, budu\u0107i ekonomski prosperitet ne garantira unapre\u0111enje demografskih pokazatelja, izuzev usporavanja trenda odlaska ljudi. <\/p>\n\n\n\n<p>&#8221;Iskustva drugih zemalja pokazuju da pronatalitetne politike ne daju rezultate u kratkom roku. Zbog toga smatram da bismo uskoro mogli uvoziti radnu snagu, i to s ciljem odr\u017eavanja ekonomskih odnosa. Vlast \u0107e se morati odlu\u010diti na taj potez, prvenstveno radi stabilnosti velikih socijalnih sistema. Treba naglasiti da se na\u0161i socijalni sistemi zasnivaju na me\u0111ugeneracijskoj solidarnosti. To je koncept koji ne funkcionira ako nema nove generacije koja bi se solidarizirala&#8221;, zaklju\u010dio je \u010cavali\u0107. <\/p>\n\n\n\n<p>Najvi\u0161e starih osoba na podru\u010dju zapadnog Balkana ima Republika Hrvatska. Radi se o 21 posto. Srbija je na drugom mjestu, Crna Gora na \u010detvrtom, Sjeverna Makedonija na petom, slijedi Albanija i posljednje je Kosovo s osam posto starih. <\/p>\n\n\n\n<p><strong>Izvor: Bljesak.info<\/strong><\/p>\n","protected":false},"excerpt":{"rendered":"<p>Bosna i Hercegovina godinama bilje\u017ei negativnu stopu prirodnog prira\u0161taja, zbog \u010dega postaje zemlja staraca. Na ovakav razvoj doga\u0111aja upozorila je i Centralna obavje\u0161tajna agencija (CIA) Sjedinjenih Ameri\u010dkih Dr\u017eava. Prema njihovim podacima, BiH se nalazi na tre\u0107em mjestu na Balkanu prema starosti stanovni\u0161tva, a navodi se da u na\u0161oj dr\u017eavi od ukupnog broja stanovnika njih 16 [&hellip;]<\/p>\n","protected":false},"author":2,"featured_media":62509,"comment_status":"closed","ping_status":"closed","sticky":false,"template":"","format":"standard","meta":{"h5ap_radio_sources":[],"footnotes":""},"categories":[1],"tags":[],"class_list":["post-74605","post","type-post","status-publish","format-standard","has-post-thumbnail","hentry","category-bihiregija"],"yoast_head":"<!-- This site is optimized with the Yoast SEO plugin v27.4 - https:\/\/yoast.com\/product\/yoast-seo-wordpress\/ -->\n<title>CIA: BiH je zemlja staraca koju \u010deka krah mirovinskog sustava - RADIO LJUBU\u0160KI<\/title>\n<meta name=\"robots\" content=\"index, follow, max-snippet:-1, max-image-preview:large, max-video-preview:-1\" \/>\n<link rel=\"canonical\" href=\"https:\/\/radioljubuski.ba\/index.php\/2021\/10\/12\/cia-bih-je-zemlja-staraca-koju-ceka-krah-mirovinskog-sustava\/\" \/>\n<meta property=\"og:locale\" content=\"hr_HR\" \/>\n<meta property=\"og:type\" content=\"article\" \/>\n<meta property=\"og:title\" content=\"CIA: BiH je zemlja staraca koju \u010deka krah mirovinskog sustava - RADIO LJUBU\u0160KI\" \/>\n<meta property=\"og:description\" content=\"Bosna i Hercegovina godinama bilje\u017ei negativnu stopu prirodnog prira\u0161taja, zbog \u010dega postaje zemlja staraca. Na ovakav razvoj doga\u0111aja upozorila je i Centralna obavje\u0161tajna agencija (CIA) Sjedinjenih Ameri\u010dkih Dr\u017eava. Prema njihovim podacima, BiH se nalazi na tre\u0107em mjestu na Balkanu prema starosti stanovni\u0161tva, a navodi se da u na\u0161oj dr\u017eavi od ukupnog broja stanovnika njih 16 [&hellip;]\" \/>\n<meta property=\"og:url\" content=\"https:\/\/radioljubuski.ba\/index.php\/2021\/10\/12\/cia-bih-je-zemlja-staraca-koju-ceka-krah-mirovinskog-sustava\/\" \/>\n<meta property=\"og:site_name\" content=\"RADIO LJUBU\u0160KI\" \/>\n<meta property=\"article:publisher\" content=\"https:\/\/www.facebook.com\/Radiio-Ljubuski-1490835324566332\" \/>\n<meta property=\"article:published_time\" content=\"2021-10-12T07:05:47+00:00\" \/>\n<meta property=\"article:modified_time\" content=\"2021-10-12T07:05:48+00:00\" \/>\n<meta property=\"og:image\" content=\"https:\/\/radioljubuski.ba\/wp-content\/uploads\/2021\/09\/umirovljenici.jpg\" \/>\n\t<meta property=\"og:image:width\" content=\"1000\" \/>\n\t<meta property=\"og:image:height\" content=\"625\" \/>\n\t<meta property=\"og:image:type\" content=\"image\/jpeg\" \/>\n<meta name=\"author\" content=\"Radio Ljubu\u0161ki\" \/>\n<meta name=\"twitter:card\" content=\"summary_large_image\" \/>\n<meta name=\"twitter:creator\" content=\"@radioljubuski\" \/>\n<meta name=\"twitter:site\" content=\"@radioljubuski\" \/>\n<meta name=\"twitter:label1\" content=\"Napisao\/la\" \/>\n\t<meta name=\"twitter:data1\" content=\"Radio Ljubu\u0161ki\" \/>\n\t<meta name=\"twitter:label2\" content=\"Procijenjeno vrijeme \u010ditanja\" \/>\n\t<meta name=\"twitter:data2\" content=\"2 minute\" \/>\n<script type=\"application\/ld+json\" class=\"yoast-schema-graph\">{\"@context\":\"https:\\\/\\\/schema.org\",\"@graph\":[{\"@type\":\"Article\",\"@id\":\"https:\\\/\\\/radioljubuski.ba\\\/index.php\\\/2021\\\/10\\\/12\\\/cia-bih-je-zemlja-staraca-koju-ceka-krah-mirovinskog-sustava\\\/#article\",\"isPartOf\":{\"@id\":\"https:\\\/\\\/radioljubuski.ba\\\/index.php\\\/2021\\\/10\\\/12\\\/cia-bih-je-zemlja-staraca-koju-ceka-krah-mirovinskog-sustava\\\/\"},\"author\":{\"name\":\"Radio Ljubu\u0161ki\",\"@id\":\"https:\\\/\\\/radioljubuski.ba\\\/#\\\/schema\\\/person\\\/19fc700381a780f69665d7956c469e3b\"},\"headline\":\"CIA: BiH je zemlja staraca koju \u010deka krah mirovinskog sustava\",\"datePublished\":\"2021-10-12T07:05:47+00:00\",\"dateModified\":\"2021-10-12T07:05:48+00:00\",\"mainEntityOfPage\":{\"@id\":\"https:\\\/\\\/radioljubuski.ba\\\/index.php\\\/2021\\\/10\\\/12\\\/cia-bih-je-zemlja-staraca-koju-ceka-krah-mirovinskog-sustava\\\/\"},\"wordCount\":396,\"publisher\":{\"@id\":\"https:\\\/\\\/radioljubuski.ba\\\/#organization\"},\"image\":{\"@id\":\"https:\\\/\\\/radioljubuski.ba\\\/index.php\\\/2021\\\/10\\\/12\\\/cia-bih-je-zemlja-staraca-koju-ceka-krah-mirovinskog-sustava\\\/#primaryimage\"},\"thumbnailUrl\":\"https:\\\/\\\/radioljubuski.ba\\\/wp-content\\\/uploads\\\/2021\\\/09\\\/umirovljenici.jpg\",\"articleSection\":[\"BIH i regija\"],\"inLanguage\":\"hr\"},{\"@type\":\"WebPage\",\"@id\":\"https:\\\/\\\/radioljubuski.ba\\\/index.php\\\/2021\\\/10\\\/12\\\/cia-bih-je-zemlja-staraca-koju-ceka-krah-mirovinskog-sustava\\\/\",\"url\":\"https:\\\/\\\/radioljubuski.ba\\\/index.php\\\/2021\\\/10\\\/12\\\/cia-bih-je-zemlja-staraca-koju-ceka-krah-mirovinskog-sustava\\\/\",\"name\":\"CIA: BiH je zemlja staraca koju \u010deka krah mirovinskog sustava - RADIO LJUBU\u0160KI\",\"isPartOf\":{\"@id\":\"https:\\\/\\\/radioljubuski.ba\\\/#website\"},\"primaryImageOfPage\":{\"@id\":\"https:\\\/\\\/radioljubuski.ba\\\/index.php\\\/2021\\\/10\\\/12\\\/cia-bih-je-zemlja-staraca-koju-ceka-krah-mirovinskog-sustava\\\/#primaryimage\"},\"image\":{\"@id\":\"https:\\\/\\\/radioljubuski.ba\\\/index.php\\\/2021\\\/10\\\/12\\\/cia-bih-je-zemlja-staraca-koju-ceka-krah-mirovinskog-sustava\\\/#primaryimage\"},\"thumbnailUrl\":\"https:\\\/\\\/radioljubuski.ba\\\/wp-content\\\/uploads\\\/2021\\\/09\\\/umirovljenici.jpg\",\"datePublished\":\"2021-10-12T07:05:47+00:00\",\"dateModified\":\"2021-10-12T07:05:48+00:00\",\"breadcrumb\":{\"@id\":\"https:\\\/\\\/radioljubuski.ba\\\/index.php\\\/2021\\\/10\\\/12\\\/cia-bih-je-zemlja-staraca-koju-ceka-krah-mirovinskog-sustava\\\/#breadcrumb\"},\"inLanguage\":\"hr\",\"potentialAction\":[{\"@type\":\"ReadAction\",\"target\":[\"https:\\\/\\\/radioljubuski.ba\\\/index.php\\\/2021\\\/10\\\/12\\\/cia-bih-je-zemlja-staraca-koju-ceka-krah-mirovinskog-sustava\\\/\"]}]},{\"@type\":\"ImageObject\",\"inLanguage\":\"hr\",\"@id\":\"https:\\\/\\\/radioljubuski.ba\\\/index.php\\\/2021\\\/10\\\/12\\\/cia-bih-je-zemlja-staraca-koju-ceka-krah-mirovinskog-sustava\\\/#primaryimage\",\"url\":\"https:\\\/\\\/radioljubuski.ba\\\/wp-content\\\/uploads\\\/2021\\\/09\\\/umirovljenici.jpg\",\"contentUrl\":\"https:\\\/\\\/radioljubuski.ba\\\/wp-content\\\/uploads\\\/2021\\\/09\\\/umirovljenici.jpg\",\"width\":1000,\"height\":625},{\"@type\":\"BreadcrumbList\",\"@id\":\"https:\\\/\\\/radioljubuski.ba\\\/index.php\\\/2021\\\/10\\\/12\\\/cia-bih-je-zemlja-staraca-koju-ceka-krah-mirovinskog-sustava\\\/#breadcrumb\",\"itemListElement\":[{\"@type\":\"ListItem\",\"position\":1,\"name\":\"Po\u010detna stranica\",\"item\":\"https:\\\/\\\/radioljubuski.ba\\\/\"},{\"@type\":\"ListItem\",\"position\":2,\"name\":\"CIA: BiH je zemlja staraca koju \u010deka krah mirovinskog sustava\"}]},{\"@type\":\"WebSite\",\"@id\":\"https:\\\/\\\/radioljubuski.ba\\\/#website\",\"url\":\"https:\\\/\\\/radioljubuski.ba\\\/\",\"name\":\"Radio Ljubu\u0161ki\",\"description\":\"Sun\u010dana frekvencija Hercegovine\",\"publisher\":{\"@id\":\"https:\\\/\\\/radioljubuski.ba\\\/#organization\"},\"potentialAction\":[{\"@type\":\"SearchAction\",\"target\":{\"@type\":\"EntryPoint\",\"urlTemplate\":\"https:\\\/\\\/radioljubuski.ba\\\/?s={search_term_string}\"},\"query-input\":{\"@type\":\"PropertyValueSpecification\",\"valueRequired\":true,\"valueName\":\"search_term_string\"}}],\"inLanguage\":\"hr\"},{\"@type\":\"Organization\",\"@id\":\"https:\\\/\\\/radioljubuski.ba\\\/#organization\",\"name\":\"Radio Ljubu\u0161ki\",\"url\":\"https:\\\/\\\/radioljubuski.ba\\\/\",\"logo\":{\"@type\":\"ImageObject\",\"inLanguage\":\"hr\",\"@id\":\"https:\\\/\\\/radioljubuski.ba\\\/#\\\/schema\\\/logo\\\/image\\\/\",\"url\":\"https:\\\/\\\/radioljubuski.ba\\\/wp-content\\\/uploads\\\/2021\\\/02\\\/cropped-Radio_Ljubuski_logo1.jpg\",\"contentUrl\":\"https:\\\/\\\/radioljubuski.ba\\\/wp-content\\\/uploads\\\/2021\\\/02\\\/cropped-Radio_Ljubuski_logo1.jpg\",\"width\":512,\"height\":512,\"caption\":\"Radio Ljubu\u0161ki\"},\"image\":{\"@id\":\"https:\\\/\\\/radioljubuski.ba\\\/#\\\/schema\\\/logo\\\/image\\\/\"},\"sameAs\":[\"https:\\\/\\\/www.facebook.com\\\/Radiio-Ljubuski-1490835324566332\",\"https:\\\/\\\/x.com\\\/radioljubuski\",\"https:\\\/\\\/hr.linkedin.com\\\/company\\\/radio-ljubuski\",\"https:\\\/\\\/www.youtube.com\\\/channel\\\/UCHYaeO_n0Db3tjNGudGpXyw\"]},{\"@type\":\"Person\",\"@id\":\"https:\\\/\\\/radioljubuski.ba\\\/#\\\/schema\\\/person\\\/19fc700381a780f69665d7956c469e3b\",\"name\":\"Radio Ljubu\u0161ki\"}]}<\/script>\n<!-- \/ Yoast SEO plugin. -->","yoast_head_json":{"title":"CIA: BiH je zemlja staraca koju \u010deka krah mirovinskog sustava - RADIO LJUBU\u0160KI","robots":{"index":"index","follow":"follow","max-snippet":"max-snippet:-1","max-image-preview":"max-image-preview:large","max-video-preview":"max-video-preview:-1"},"canonical":"https:\/\/radioljubuski.ba\/index.php\/2021\/10\/12\/cia-bih-je-zemlja-staraca-koju-ceka-krah-mirovinskog-sustava\/","og_locale":"hr_HR","og_type":"article","og_title":"CIA: BiH je zemlja staraca koju \u010deka krah mirovinskog sustava - RADIO LJUBU\u0160KI","og_description":"Bosna i Hercegovina godinama bilje\u017ei negativnu stopu prirodnog prira\u0161taja, zbog \u010dega postaje zemlja staraca. Na ovakav razvoj doga\u0111aja upozorila je i Centralna obavje\u0161tajna agencija (CIA) Sjedinjenih Ameri\u010dkih Dr\u017eava. Prema njihovim podacima, BiH se nalazi na tre\u0107em mjestu na Balkanu prema starosti stanovni\u0161tva, a navodi se da u na\u0161oj dr\u017eavi od ukupnog broja stanovnika njih 16 [&hellip;]","og_url":"https:\/\/radioljubuski.ba\/index.php\/2021\/10\/12\/cia-bih-je-zemlja-staraca-koju-ceka-krah-mirovinskog-sustava\/","og_site_name":"RADIO LJUBU\u0160KI","article_publisher":"https:\/\/www.facebook.com\/Radiio-Ljubuski-1490835324566332","article_published_time":"2021-10-12T07:05:47+00:00","article_modified_time":"2021-10-12T07:05:48+00:00","og_image":[{"width":1000,"height":625,"url":"https:\/\/radioljubuski.ba\/wp-content\/uploads\/2021\/09\/umirovljenici.jpg","type":"image\/jpeg"}],"author":"Radio Ljubu\u0161ki","twitter_card":"summary_large_image","twitter_creator":"@radioljubuski","twitter_site":"@radioljubuski","twitter_misc":{"Napisao\/la":"Radio Ljubu\u0161ki","Procijenjeno vrijeme \u010ditanja":"2 minute"},"schema":{"@context":"https:\/\/schema.org","@graph":[{"@type":"Article","@id":"https:\/\/radioljubuski.ba\/index.php\/2021\/10\/12\/cia-bih-je-zemlja-staraca-koju-ceka-krah-mirovinskog-sustava\/#article","isPartOf":{"@id":"https:\/\/radioljubuski.ba\/index.php\/2021\/10\/12\/cia-bih-je-zemlja-staraca-koju-ceka-krah-mirovinskog-sustava\/"},"author":{"name":"Radio Ljubu\u0161ki","@id":"https:\/\/radioljubuski.ba\/#\/schema\/person\/19fc700381a780f69665d7956c469e3b"},"headline":"CIA: BiH je zemlja staraca koju \u010deka krah mirovinskog sustava","datePublished":"2021-10-12T07:05:47+00:00","dateModified":"2021-10-12T07:05:48+00:00","mainEntityOfPage":{"@id":"https:\/\/radioljubuski.ba\/index.php\/2021\/10\/12\/cia-bih-je-zemlja-staraca-koju-ceka-krah-mirovinskog-sustava\/"},"wordCount":396,"publisher":{"@id":"https:\/\/radioljubuski.ba\/#organization"},"image":{"@id":"https:\/\/radioljubuski.ba\/index.php\/2021\/10\/12\/cia-bih-je-zemlja-staraca-koju-ceka-krah-mirovinskog-sustava\/#primaryimage"},"thumbnailUrl":"https:\/\/radioljubuski.ba\/wp-content\/uploads\/2021\/09\/umirovljenici.jpg","articleSection":["BIH i regija"],"inLanguage":"hr"},{"@type":"WebPage","@id":"https:\/\/radioljubuski.ba\/index.php\/2021\/10\/12\/cia-bih-je-zemlja-staraca-koju-ceka-krah-mirovinskog-sustava\/","url":"https:\/\/radioljubuski.ba\/index.php\/2021\/10\/12\/cia-bih-je-zemlja-staraca-koju-ceka-krah-mirovinskog-sustava\/","name":"CIA: BiH je zemlja staraca koju \u010deka krah mirovinskog sustava - RADIO LJUBU\u0160KI","isPartOf":{"@id":"https:\/\/radioljubuski.ba\/#website"},"primaryImageOfPage":{"@id":"https:\/\/radioljubuski.ba\/index.php\/2021\/10\/12\/cia-bih-je-zemlja-staraca-koju-ceka-krah-mirovinskog-sustava\/#primaryimage"},"image":{"@id":"https:\/\/radioljubuski.ba\/index.php\/2021\/10\/12\/cia-bih-je-zemlja-staraca-koju-ceka-krah-mirovinskog-sustava\/#primaryimage"},"thumbnailUrl":"https:\/\/radioljubuski.ba\/wp-content\/uploads\/2021\/09\/umirovljenici.jpg","datePublished":"2021-10-12T07:05:47+00:00","dateModified":"2021-10-12T07:05:48+00:00","breadcrumb":{"@id":"https:\/\/radioljubuski.ba\/index.php\/2021\/10\/12\/cia-bih-je-zemlja-staraca-koju-ceka-krah-mirovinskog-sustava\/#breadcrumb"},"inLanguage":"hr","potentialAction":[{"@type":"ReadAction","target":["https:\/\/radioljubuski.ba\/index.php\/2021\/10\/12\/cia-bih-je-zemlja-staraca-koju-ceka-krah-mirovinskog-sustava\/"]}]},{"@type":"ImageObject","inLanguage":"hr","@id":"https:\/\/radioljubuski.ba\/index.php\/2021\/10\/12\/cia-bih-je-zemlja-staraca-koju-ceka-krah-mirovinskog-sustava\/#primaryimage","url":"https:\/\/radioljubuski.ba\/wp-content\/uploads\/2021\/09\/umirovljenici.jpg","contentUrl":"https:\/\/radioljubuski.ba\/wp-content\/uploads\/2021\/09\/umirovljenici.jpg","width":1000,"height":625},{"@type":"BreadcrumbList","@id":"https:\/\/radioljubuski.ba\/index.php\/2021\/10\/12\/cia-bih-je-zemlja-staraca-koju-ceka-krah-mirovinskog-sustava\/#breadcrumb","itemListElement":[{"@type":"ListItem","position":1,"name":"Po\u010detna stranica","item":"https:\/\/radioljubuski.ba\/"},{"@type":"ListItem","position":2,"name":"CIA: BiH je zemlja staraca koju \u010deka krah mirovinskog sustava"}]},{"@type":"WebSite","@id":"https:\/\/radioljubuski.ba\/#website","url":"https:\/\/radioljubuski.ba\/","name":"Radio Ljubu\u0161ki","description":"Sun\u010dana frekvencija Hercegovine","publisher":{"@id":"https:\/\/radioljubuski.ba\/#organization"},"potentialAction":[{"@type":"SearchAction","target":{"@type":"EntryPoint","urlTemplate":"https:\/\/radioljubuski.ba\/?s={search_term_string}"},"query-input":{"@type":"PropertyValueSpecification","valueRequired":true,"valueName":"search_term_string"}}],"inLanguage":"hr"},{"@type":"Organization","@id":"https:\/\/radioljubuski.ba\/#organization","name":"Radio Ljubu\u0161ki","url":"https:\/\/radioljubuski.ba\/","logo":{"@type":"ImageObject","inLanguage":"hr","@id":"https:\/\/radioljubuski.ba\/#\/schema\/logo\/image\/","url":"https:\/\/radioljubuski.ba\/wp-content\/uploads\/2021\/02\/cropped-Radio_Ljubuski_logo1.jpg","contentUrl":"https:\/\/radioljubuski.ba\/wp-content\/uploads\/2021\/02\/cropped-Radio_Ljubuski_logo1.jpg","width":512,"height":512,"caption":"Radio Ljubu\u0161ki"},"image":{"@id":"https:\/\/radioljubuski.ba\/#\/schema\/logo\/image\/"},"sameAs":["https:\/\/www.facebook.com\/Radiio-Ljubuski-1490835324566332","https:\/\/x.com\/radioljubuski","https:\/\/hr.linkedin.com\/company\/radio-ljubuski","https:\/\/www.youtube.com\/channel\/UCHYaeO_n0Db3tjNGudGpXyw"]},{"@type":"Person","@id":"https:\/\/radioljubuski.ba\/#\/schema\/person\/19fc700381a780f69665d7956c469e3b","name":"Radio Ljubu\u0161ki"}]}},"_links":{"self":[{"href":"https:\/\/radioljubuski.ba\/index.php\/wp-json\/wp\/v2\/posts\/74605","targetHints":{"allow":["GET"]}}],"collection":[{"href":"https:\/\/radioljubuski.ba\/index.php\/wp-json\/wp\/v2\/posts"}],"about":[{"href":"https:\/\/radioljubuski.ba\/index.php\/wp-json\/wp\/v2\/types\/post"}],"author":[{"embeddable":true,"href":"https:\/\/radioljubuski.ba\/index.php\/wp-json\/wp\/v2\/users\/2"}],"replies":[{"embeddable":true,"href":"https:\/\/radioljubuski.ba\/index.php\/wp-json\/wp\/v2\/comments?post=74605"}],"version-history":[{"count":1,"href":"https:\/\/radioljubuski.ba\/index.php\/wp-json\/wp\/v2\/posts\/74605\/revisions"}],"predecessor-version":[{"id":74606,"href":"https:\/\/radioljubuski.ba\/index.php\/wp-json\/wp\/v2\/posts\/74605\/revisions\/74606"}],"wp:featuredmedia":[{"embeddable":true,"href":"https:\/\/radioljubuski.ba\/index.php\/wp-json\/wp\/v2\/media\/62509"}],"wp:attachment":[{"href":"https:\/\/radioljubuski.ba\/index.php\/wp-json\/wp\/v2\/media?parent=74605"}],"wp:term":[{"taxonomy":"category","embeddable":true,"href":"https:\/\/radioljubuski.ba\/index.php\/wp-json\/wp\/v2\/categories?post=74605"},{"taxonomy":"post_tag","embeddable":true,"href":"https:\/\/radioljubuski.ba\/index.php\/wp-json\/wp\/v2\/tags?post=74605"}],"curies":[{"name":"wp","href":"https:\/\/api.w.org\/{rel}","templated":true}]}}