{"id":74613,"date":"2021-10-12T08:19:51","date_gmt":"2021-10-12T07:19:51","guid":{"rendered":"https:\/\/radioljubuski.ba\/?p=74613"},"modified":"2021-10-12T08:19:52","modified_gmt":"2021-10-12T07:19:52","slug":"lagan-posao-za-mlade-skaute-u-visokom","status":"publish","type":"post","link":"https:\/\/radioljubuski.ba\/index.php\/2021\/10\/12\/lagan-posao-za-mlade-skaute-u-visokom\/","title":{"rendered":"Lagan posao za mlade \u201cSkaute\u201d u Visokom"},"content":{"rendered":"\n<p>Druga mom\u010dad Izvi\u0111a\u010da koja se natje\u010de u Prvoj ligi F BiH \u2013 skupna JUG, ovog vikenda je igrala utakmicu 4. kola.<\/p>\n\n\n\n<p>Mladi \u201eSkauti\u201c su gostovali u Visokom gdje su odigrali jednu dobru rukometnu utakmicu i uvjerljivo savladali svog suparnika, mladu mom\u010dad Bosne Centrotrans 2, rezultatom 37:28, a na poluvremenu je bilo 22:14.<\/p>\n\n\n\n<p>\u201cSkaute\u201d do pobjede predvodili su&nbsp;<strong>Ivano Pavlovi\u0107<\/strong>&nbsp;s devet pogodaka, Jure Bubalo je postigao sedam,&nbsp;<strong>Petar Medi\u0107<\/strong>&nbsp;i&nbsp;<strong>Ivan Dedi\u0107<\/strong>&nbsp;po \u010detiri, te po tri&nbsp;<strong>Filip Odak<\/strong>,&nbsp;<strong>Marko Jel\u010di\u0107<\/strong>&nbsp;i&nbsp;<strong>Milan Dedi\u0107<\/strong>.<\/p>\n\n\n\n<p>Kod Bosne najefikasniji su bili&nbsp;<strong>Harun Nazifovi\u0107<\/strong>&nbsp;s deset,&nbsp;<strong>Bakir Buri\u0107<\/strong>&nbsp;sa \u0161est i&nbsp;<strong>Emin Huselji\u0107<\/strong>&nbsp;s pet postignutih golova.<\/p>\n\n\n\n<p>U sljede\u0107em 5. kolu koje se igra idu\u0107i vikend Izvi\u0111a\u010d do\u010dekuje MRK SLOGA GVU 2.<\/p>\n\n\n\n<p>Federalna liga BiH \u2013 skupina Jug, sezona 2021\/2022. \u2013 4. kolo.<br>Visoko, 10.10.2021. u 15:00 sati.<\/p>\n\n\n\n<p><strong>RK Bosna Centrotrans 2 \u2013 RK Izvi\u0111a\u010d Central osiguranje 2 28:37 (14:22)<\/strong><\/p>\n\n\n\n<p>Visoko, Sportska dvorana KSC \u201eMladost\u201c, gledatelja 50.<br>Suci: Damir Du\u010di\u0107 i Mirza Had\u017ei\u0107 (Gora\u017ede)<br>Nadzornik: Elvir Korjeni\u0107 (Sarajevo).<\/p>\n\n\n\n<p><strong>RK Bosna Centrotrans 2<\/strong>: Alijagi\u0107 2, Durakovi\u0107, \u0160abanovi\u0107, Boj\u010di\u0107, Zuki\u0107, Ihtijarevi\u0107, Nazifovi\u0107 10, Ahmeta\u0161 2, Ahi\u0107 2, Deli\u0107 1, Buri\u0107 6, Huselji\u0107 5, Kokoru\u0161, Tatar, Ze\u010devi\u0107, \u0160uba\u0161a.<br>Trener: Zdenko Antovi\u0107.<\/p>\n\n\n\n<p><strong>RK Izvi\u0111a\u010d CO 2<\/strong>: Medi\u0107 4, Bebek 1, I. Pavlovi\u0107 9, Odak 3, \u0160umelj, Jel\u010di\u0107 3, Bunti\u0107, Bubalo 7, I. Dedi\u0107 4, \u0160evo, Pavi\u010di\u0107, Luburi\u0107 1, M. Dedi\u0107 3, Maji\u0107, \u0160imi\u0107 2.<br>Trener: Zvonko Herceg.<\/p>\n\n\n\n<p>Isklju\u010denja: Bosna 2 \u2013 10 minuta, Izvi\u0111a\u010d CO 2 \u2013 10 minuta.<br>Sedmerci: Bosna 2 \u2013 6\/5, Izvi\u0111a\u010d CO 2 \u2013 7\/5.<\/p>\n\n\n\n<p><strong>Izvor: Izvidjac.com<\/strong><\/p>\n","protected":false},"excerpt":{"rendered":"<p>Druga mom\u010dad Izvi\u0111a\u010da koja se natje\u010de u Prvoj ligi F BiH \u2013 skupna JUG, ovog vikenda je igrala utakmicu 4. kola. Mladi \u201eSkauti\u201c su gostovali u Visokom gdje su odigrali jednu dobru rukometnu utakmicu i uvjerljivo savladali svog suparnika, mladu mom\u010dad Bosne Centrotrans 2, rezultatom 37:28, a na poluvremenu je bilo 22:14. \u201cSkaute\u201d do pobjede [&hellip;]<\/p>\n","protected":false},"author":2,"featured_media":74614,"comment_status":"closed","ping_status":"closed","sticky":false,"template":"","format":"standard","meta":{"h5ap_radio_sources":[],"footnotes":""},"categories":[3],"tags":[],"class_list":["post-74613","post","type-post","status-publish","format-standard","has-post-thumbnail","hentry","category-ljubuski"],"yoast_head":"<!-- This site is optimized with the Yoast SEO plugin v27.4 - https:\/\/yoast.com\/product\/yoast-seo-wordpress\/ -->\n<title>Lagan posao za mlade \u201cSkaute\u201d u Visokom - RADIO LJUBU\u0160KI<\/title>\n<meta name=\"robots\" content=\"index, follow, max-snippet:-1, max-image-preview:large, max-video-preview:-1\" \/>\n<link rel=\"canonical\" href=\"https:\/\/radioljubuski.ba\/index.php\/2021\/10\/12\/lagan-posao-za-mlade-skaute-u-visokom\/\" \/>\n<meta property=\"og:locale\" content=\"hr_HR\" \/>\n<meta property=\"og:type\" content=\"article\" \/>\n<meta property=\"og:title\" content=\"Lagan posao za mlade \u201cSkaute\u201d u Visokom - RADIO LJUBU\u0160KI\" \/>\n<meta property=\"og:description\" content=\"Druga mom\u010dad Izvi\u0111a\u010da koja se natje\u010de u Prvoj ligi F BiH \u2013 skupna JUG, ovog vikenda je igrala utakmicu 4. kola. Mladi \u201eSkauti\u201c su gostovali u Visokom gdje su odigrali jednu dobru rukometnu utakmicu i uvjerljivo savladali svog suparnika, mladu mom\u010dad Bosne Centrotrans 2, rezultatom 37:28, a na poluvremenu je bilo 22:14. \u201cSkaute\u201d do pobjede [&hellip;]\" \/>\n<meta property=\"og:url\" content=\"https:\/\/radioljubuski.ba\/index.php\/2021\/10\/12\/lagan-posao-za-mlade-skaute-u-visokom\/\" \/>\n<meta property=\"og:site_name\" content=\"RADIO LJUBU\u0160KI\" \/>\n<meta property=\"article:publisher\" content=\"https:\/\/www.facebook.com\/Radiio-Ljubuski-1490835324566332\" \/>\n<meta property=\"article:published_time\" content=\"2021-10-12T07:19:51+00:00\" \/>\n<meta property=\"article:modified_time\" content=\"2021-10-12T07:19:52+00:00\" \/>\n<meta property=\"og:image\" content=\"https:\/\/radioljubuski.ba\/wp-content\/uploads\/2021\/10\/Izvidjac-2-2.jpg\" \/>\n\t<meta property=\"og:image:width\" content=\"1197\" \/>\n\t<meta property=\"og:image:height\" content=\"688\" \/>\n\t<meta property=\"og:image:type\" content=\"image\/jpeg\" \/>\n<meta name=\"author\" content=\"Radio Ljubu\u0161ki\" \/>\n<meta name=\"twitter:card\" content=\"summary_large_image\" \/>\n<meta name=\"twitter:creator\" content=\"@radioljubuski\" \/>\n<meta name=\"twitter:site\" content=\"@radioljubuski\" \/>\n<meta name=\"twitter:label1\" content=\"Napisao\/la\" \/>\n\t<meta name=\"twitter:data1\" content=\"Radio Ljubu\u0161ki\" \/>\n\t<meta name=\"twitter:label2\" content=\"Procijenjeno vrijeme \u010ditanja\" \/>\n\t<meta name=\"twitter:data2\" content=\"2 minute\" \/>\n<script type=\"application\/ld+json\" class=\"yoast-schema-graph\">{\"@context\":\"https:\\\/\\\/schema.org\",\"@graph\":[{\"@type\":\"Article\",\"@id\":\"https:\\\/\\\/radioljubuski.ba\\\/index.php\\\/2021\\\/10\\\/12\\\/lagan-posao-za-mlade-skaute-u-visokom\\\/#article\",\"isPartOf\":{\"@id\":\"https:\\\/\\\/radioljubuski.ba\\\/index.php\\\/2021\\\/10\\\/12\\\/lagan-posao-za-mlade-skaute-u-visokom\\\/\"},\"author\":{\"name\":\"Radio Ljubu\u0161ki\",\"@id\":\"https:\\\/\\\/radioljubuski.ba\\\/#\\\/schema\\\/person\\\/19fc700381a780f69665d7956c469e3b\"},\"headline\":\"Lagan posao za mlade \u201cSkaute\u201d u Visokom\",\"datePublished\":\"2021-10-12T07:19:51+00:00\",\"dateModified\":\"2021-10-12T07:19:52+00:00\",\"mainEntityOfPage\":{\"@id\":\"https:\\\/\\\/radioljubuski.ba\\\/index.php\\\/2021\\\/10\\\/12\\\/lagan-posao-za-mlade-skaute-u-visokom\\\/\"},\"wordCount\":251,\"publisher\":{\"@id\":\"https:\\\/\\\/radioljubuski.ba\\\/#organization\"},\"image\":{\"@id\":\"https:\\\/\\\/radioljubuski.ba\\\/index.php\\\/2021\\\/10\\\/12\\\/lagan-posao-za-mlade-skaute-u-visokom\\\/#primaryimage\"},\"thumbnailUrl\":\"https:\\\/\\\/radioljubuski.ba\\\/wp-content\\\/uploads\\\/2021\\\/10\\\/Izvidjac-2-2.jpg\",\"articleSection\":[\"Ljubu\u0161ki\"],\"inLanguage\":\"hr\"},{\"@type\":\"WebPage\",\"@id\":\"https:\\\/\\\/radioljubuski.ba\\\/index.php\\\/2021\\\/10\\\/12\\\/lagan-posao-za-mlade-skaute-u-visokom\\\/\",\"url\":\"https:\\\/\\\/radioljubuski.ba\\\/index.php\\\/2021\\\/10\\\/12\\\/lagan-posao-za-mlade-skaute-u-visokom\\\/\",\"name\":\"Lagan posao za mlade \u201cSkaute\u201d u Visokom - RADIO LJUBU\u0160KI\",\"isPartOf\":{\"@id\":\"https:\\\/\\\/radioljubuski.ba\\\/#website\"},\"primaryImageOfPage\":{\"@id\":\"https:\\\/\\\/radioljubuski.ba\\\/index.php\\\/2021\\\/10\\\/12\\\/lagan-posao-za-mlade-skaute-u-visokom\\\/#primaryimage\"},\"image\":{\"@id\":\"https:\\\/\\\/radioljubuski.ba\\\/index.php\\\/2021\\\/10\\\/12\\\/lagan-posao-za-mlade-skaute-u-visokom\\\/#primaryimage\"},\"thumbnailUrl\":\"https:\\\/\\\/radioljubuski.ba\\\/wp-content\\\/uploads\\\/2021\\\/10\\\/Izvidjac-2-2.jpg\",\"datePublished\":\"2021-10-12T07:19:51+00:00\",\"dateModified\":\"2021-10-12T07:19:52+00:00\",\"breadcrumb\":{\"@id\":\"https:\\\/\\\/radioljubuski.ba\\\/index.php\\\/2021\\\/10\\\/12\\\/lagan-posao-za-mlade-skaute-u-visokom\\\/#breadcrumb\"},\"inLanguage\":\"hr\",\"potentialAction\":[{\"@type\":\"ReadAction\",\"target\":[\"https:\\\/\\\/radioljubuski.ba\\\/index.php\\\/2021\\\/10\\\/12\\\/lagan-posao-za-mlade-skaute-u-visokom\\\/\"]}]},{\"@type\":\"ImageObject\",\"inLanguage\":\"hr\",\"@id\":\"https:\\\/\\\/radioljubuski.ba\\\/index.php\\\/2021\\\/10\\\/12\\\/lagan-posao-za-mlade-skaute-u-visokom\\\/#primaryimage\",\"url\":\"https:\\\/\\\/radioljubuski.ba\\\/wp-content\\\/uploads\\\/2021\\\/10\\\/Izvidjac-2-2.jpg\",\"contentUrl\":\"https:\\\/\\\/radioljubuski.ba\\\/wp-content\\\/uploads\\\/2021\\\/10\\\/Izvidjac-2-2.jpg\",\"width\":1197,\"height\":688},{\"@type\":\"BreadcrumbList\",\"@id\":\"https:\\\/\\\/radioljubuski.ba\\\/index.php\\\/2021\\\/10\\\/12\\\/lagan-posao-za-mlade-skaute-u-visokom\\\/#breadcrumb\",\"itemListElement\":[{\"@type\":\"ListItem\",\"position\":1,\"name\":\"Po\u010detna stranica\",\"item\":\"https:\\\/\\\/radioljubuski.ba\\\/\"},{\"@type\":\"ListItem\",\"position\":2,\"name\":\"Lagan posao za mlade \u201cSkaute\u201d u Visokom\"}]},{\"@type\":\"WebSite\",\"@id\":\"https:\\\/\\\/radioljubuski.ba\\\/#website\",\"url\":\"https:\\\/\\\/radioljubuski.ba\\\/\",\"name\":\"Radio Ljubu\u0161ki\",\"description\":\"Sun\u010dana frekvencija Hercegovine\",\"publisher\":{\"@id\":\"https:\\\/\\\/radioljubuski.ba\\\/#organization\"},\"potentialAction\":[{\"@type\":\"SearchAction\",\"target\":{\"@type\":\"EntryPoint\",\"urlTemplate\":\"https:\\\/\\\/radioljubuski.ba\\\/?s={search_term_string}\"},\"query-input\":{\"@type\":\"PropertyValueSpecification\",\"valueRequired\":true,\"valueName\":\"search_term_string\"}}],\"inLanguage\":\"hr\"},{\"@type\":\"Organization\",\"@id\":\"https:\\\/\\\/radioljubuski.ba\\\/#organization\",\"name\":\"Radio Ljubu\u0161ki\",\"url\":\"https:\\\/\\\/radioljubuski.ba\\\/\",\"logo\":{\"@type\":\"ImageObject\",\"inLanguage\":\"hr\",\"@id\":\"https:\\\/\\\/radioljubuski.ba\\\/#\\\/schema\\\/logo\\\/image\\\/\",\"url\":\"https:\\\/\\\/radioljubuski.ba\\\/wp-content\\\/uploads\\\/2021\\\/02\\\/cropped-Radio_Ljubuski_logo1.jpg\",\"contentUrl\":\"https:\\\/\\\/radioljubuski.ba\\\/wp-content\\\/uploads\\\/2021\\\/02\\\/cropped-Radio_Ljubuski_logo1.jpg\",\"width\":512,\"height\":512,\"caption\":\"Radio Ljubu\u0161ki\"},\"image\":{\"@id\":\"https:\\\/\\\/radioljubuski.ba\\\/#\\\/schema\\\/logo\\\/image\\\/\"},\"sameAs\":[\"https:\\\/\\\/www.facebook.com\\\/Radiio-Ljubuski-1490835324566332\",\"https:\\\/\\\/x.com\\\/radioljubuski\",\"https:\\\/\\\/hr.linkedin.com\\\/company\\\/radio-ljubuski\",\"https:\\\/\\\/www.youtube.com\\\/channel\\\/UCHYaeO_n0Db3tjNGudGpXyw\"]},{\"@type\":\"Person\",\"@id\":\"https:\\\/\\\/radioljubuski.ba\\\/#\\\/schema\\\/person\\\/19fc700381a780f69665d7956c469e3b\",\"name\":\"Radio Ljubu\u0161ki\"}]}<\/script>\n<!-- \/ Yoast SEO plugin. -->","yoast_head_json":{"title":"Lagan posao za mlade \u201cSkaute\u201d u Visokom - RADIO LJUBU\u0160KI","robots":{"index":"index","follow":"follow","max-snippet":"max-snippet:-1","max-image-preview":"max-image-preview:large","max-video-preview":"max-video-preview:-1"},"canonical":"https:\/\/radioljubuski.ba\/index.php\/2021\/10\/12\/lagan-posao-za-mlade-skaute-u-visokom\/","og_locale":"hr_HR","og_type":"article","og_title":"Lagan posao za mlade \u201cSkaute\u201d u Visokom - RADIO LJUBU\u0160KI","og_description":"Druga mom\u010dad Izvi\u0111a\u010da koja se natje\u010de u Prvoj ligi F BiH \u2013 skupna JUG, ovog vikenda je igrala utakmicu 4. kola. Mladi \u201eSkauti\u201c su gostovali u Visokom gdje su odigrali jednu dobru rukometnu utakmicu i uvjerljivo savladali svog suparnika, mladu mom\u010dad Bosne Centrotrans 2, rezultatom 37:28, a na poluvremenu je bilo 22:14. \u201cSkaute\u201d do pobjede [&hellip;]","og_url":"https:\/\/radioljubuski.ba\/index.php\/2021\/10\/12\/lagan-posao-za-mlade-skaute-u-visokom\/","og_site_name":"RADIO LJUBU\u0160KI","article_publisher":"https:\/\/www.facebook.com\/Radiio-Ljubuski-1490835324566332","article_published_time":"2021-10-12T07:19:51+00:00","article_modified_time":"2021-10-12T07:19:52+00:00","og_image":[{"width":1197,"height":688,"url":"https:\/\/radioljubuski.ba\/wp-content\/uploads\/2021\/10\/Izvidjac-2-2.jpg","type":"image\/jpeg"}],"author":"Radio Ljubu\u0161ki","twitter_card":"summary_large_image","twitter_creator":"@radioljubuski","twitter_site":"@radioljubuski","twitter_misc":{"Napisao\/la":"Radio Ljubu\u0161ki","Procijenjeno vrijeme \u010ditanja":"2 minute"},"schema":{"@context":"https:\/\/schema.org","@graph":[{"@type":"Article","@id":"https:\/\/radioljubuski.ba\/index.php\/2021\/10\/12\/lagan-posao-za-mlade-skaute-u-visokom\/#article","isPartOf":{"@id":"https:\/\/radioljubuski.ba\/index.php\/2021\/10\/12\/lagan-posao-za-mlade-skaute-u-visokom\/"},"author":{"name":"Radio Ljubu\u0161ki","@id":"https:\/\/radioljubuski.ba\/#\/schema\/person\/19fc700381a780f69665d7956c469e3b"},"headline":"Lagan posao za mlade \u201cSkaute\u201d u Visokom","datePublished":"2021-10-12T07:19:51+00:00","dateModified":"2021-10-12T07:19:52+00:00","mainEntityOfPage":{"@id":"https:\/\/radioljubuski.ba\/index.php\/2021\/10\/12\/lagan-posao-za-mlade-skaute-u-visokom\/"},"wordCount":251,"publisher":{"@id":"https:\/\/radioljubuski.ba\/#organization"},"image":{"@id":"https:\/\/radioljubuski.ba\/index.php\/2021\/10\/12\/lagan-posao-za-mlade-skaute-u-visokom\/#primaryimage"},"thumbnailUrl":"https:\/\/radioljubuski.ba\/wp-content\/uploads\/2021\/10\/Izvidjac-2-2.jpg","articleSection":["Ljubu\u0161ki"],"inLanguage":"hr"},{"@type":"WebPage","@id":"https:\/\/radioljubuski.ba\/index.php\/2021\/10\/12\/lagan-posao-za-mlade-skaute-u-visokom\/","url":"https:\/\/radioljubuski.ba\/index.php\/2021\/10\/12\/lagan-posao-za-mlade-skaute-u-visokom\/","name":"Lagan posao za mlade \u201cSkaute\u201d u Visokom - RADIO LJUBU\u0160KI","isPartOf":{"@id":"https:\/\/radioljubuski.ba\/#website"},"primaryImageOfPage":{"@id":"https:\/\/radioljubuski.ba\/index.php\/2021\/10\/12\/lagan-posao-za-mlade-skaute-u-visokom\/#primaryimage"},"image":{"@id":"https:\/\/radioljubuski.ba\/index.php\/2021\/10\/12\/lagan-posao-za-mlade-skaute-u-visokom\/#primaryimage"},"thumbnailUrl":"https:\/\/radioljubuski.ba\/wp-content\/uploads\/2021\/10\/Izvidjac-2-2.jpg","datePublished":"2021-10-12T07:19:51+00:00","dateModified":"2021-10-12T07:19:52+00:00","breadcrumb":{"@id":"https:\/\/radioljubuski.ba\/index.php\/2021\/10\/12\/lagan-posao-za-mlade-skaute-u-visokom\/#breadcrumb"},"inLanguage":"hr","potentialAction":[{"@type":"ReadAction","target":["https:\/\/radioljubuski.ba\/index.php\/2021\/10\/12\/lagan-posao-za-mlade-skaute-u-visokom\/"]}]},{"@type":"ImageObject","inLanguage":"hr","@id":"https:\/\/radioljubuski.ba\/index.php\/2021\/10\/12\/lagan-posao-za-mlade-skaute-u-visokom\/#primaryimage","url":"https:\/\/radioljubuski.ba\/wp-content\/uploads\/2021\/10\/Izvidjac-2-2.jpg","contentUrl":"https:\/\/radioljubuski.ba\/wp-content\/uploads\/2021\/10\/Izvidjac-2-2.jpg","width":1197,"height":688},{"@type":"BreadcrumbList","@id":"https:\/\/radioljubuski.ba\/index.php\/2021\/10\/12\/lagan-posao-za-mlade-skaute-u-visokom\/#breadcrumb","itemListElement":[{"@type":"ListItem","position":1,"name":"Po\u010detna stranica","item":"https:\/\/radioljubuski.ba\/"},{"@type":"ListItem","position":2,"name":"Lagan posao za mlade \u201cSkaute\u201d u Visokom"}]},{"@type":"WebSite","@id":"https:\/\/radioljubuski.ba\/#website","url":"https:\/\/radioljubuski.ba\/","name":"Radio Ljubu\u0161ki","description":"Sun\u010dana frekvencija Hercegovine","publisher":{"@id":"https:\/\/radioljubuski.ba\/#organization"},"potentialAction":[{"@type":"SearchAction","target":{"@type":"EntryPoint","urlTemplate":"https:\/\/radioljubuski.ba\/?s={search_term_string}"},"query-input":{"@type":"PropertyValueSpecification","valueRequired":true,"valueName":"search_term_string"}}],"inLanguage":"hr"},{"@type":"Organization","@id":"https:\/\/radioljubuski.ba\/#organization","name":"Radio Ljubu\u0161ki","url":"https:\/\/radioljubuski.ba\/","logo":{"@type":"ImageObject","inLanguage":"hr","@id":"https:\/\/radioljubuski.ba\/#\/schema\/logo\/image\/","url":"https:\/\/radioljubuski.ba\/wp-content\/uploads\/2021\/02\/cropped-Radio_Ljubuski_logo1.jpg","contentUrl":"https:\/\/radioljubuski.ba\/wp-content\/uploads\/2021\/02\/cropped-Radio_Ljubuski_logo1.jpg","width":512,"height":512,"caption":"Radio Ljubu\u0161ki"},"image":{"@id":"https:\/\/radioljubuski.ba\/#\/schema\/logo\/image\/"},"sameAs":["https:\/\/www.facebook.com\/Radiio-Ljubuski-1490835324566332","https:\/\/x.com\/radioljubuski","https:\/\/hr.linkedin.com\/company\/radio-ljubuski","https:\/\/www.youtube.com\/channel\/UCHYaeO_n0Db3tjNGudGpXyw"]},{"@type":"Person","@id":"https:\/\/radioljubuski.ba\/#\/schema\/person\/19fc700381a780f69665d7956c469e3b","name":"Radio Ljubu\u0161ki"}]}},"_links":{"self":[{"href":"https:\/\/radioljubuski.ba\/index.php\/wp-json\/wp\/v2\/posts\/74613","targetHints":{"allow":["GET"]}}],"collection":[{"href":"https:\/\/radioljubuski.ba\/index.php\/wp-json\/wp\/v2\/posts"}],"about":[{"href":"https:\/\/radioljubuski.ba\/index.php\/wp-json\/wp\/v2\/types\/post"}],"author":[{"embeddable":true,"href":"https:\/\/radioljubuski.ba\/index.php\/wp-json\/wp\/v2\/users\/2"}],"replies":[{"embeddable":true,"href":"https:\/\/radioljubuski.ba\/index.php\/wp-json\/wp\/v2\/comments?post=74613"}],"version-history":[{"count":1,"href":"https:\/\/radioljubuski.ba\/index.php\/wp-json\/wp\/v2\/posts\/74613\/revisions"}],"predecessor-version":[{"id":74615,"href":"https:\/\/radioljubuski.ba\/index.php\/wp-json\/wp\/v2\/posts\/74613\/revisions\/74615"}],"wp:featuredmedia":[{"embeddable":true,"href":"https:\/\/radioljubuski.ba\/index.php\/wp-json\/wp\/v2\/media\/74614"}],"wp:attachment":[{"href":"https:\/\/radioljubuski.ba\/index.php\/wp-json\/wp\/v2\/media?parent=74613"}],"wp:term":[{"taxonomy":"category","embeddable":true,"href":"https:\/\/radioljubuski.ba\/index.php\/wp-json\/wp\/v2\/categories?post=74613"},{"taxonomy":"post_tag","embeddable":true,"href":"https:\/\/radioljubuski.ba\/index.php\/wp-json\/wp\/v2\/tags?post=74613"}],"curies":[{"name":"wp","href":"https:\/\/api.w.org\/{rel}","templated":true}]}}