{"id":74672,"date":"2021-10-12T09:59:16","date_gmt":"2021-10-12T08:59:16","guid":{"rendered":"https:\/\/radioljubuski.ba\/?p=74672"},"modified":"2021-10-12T09:59:17","modified_gmt":"2021-10-12T08:59:17","slug":"zmajevi-na-najvaznijem-ispitu-kvalifikacija-protiv-ukrajine","status":"publish","type":"post","link":"https:\/\/radioljubuski.ba\/index.php\/2021\/10\/12\/zmajevi-na-najvaznijem-ispitu-kvalifikacija-protiv-ukrajine\/","title":{"rendered":"Zmajevi na najva\u017enijem ispitu kvalifikacija protiv Ukrajine"},"content":{"rendered":"\n<p>Nogometna reprezentacija Bosne i Hercegovine ve\u010deras protiv Ukrajine u Lvivu igra najva\u017eniji susret u kvalifikacijama za Svjetsko prvenstvo.<\/p>\n\n\n\n<p>Zmajevi su se pobjedom u Kazahstanu vratili u borbu za plasman u bara\u017e, a upravo ve\u010deras bi na\u0161a selekcija mogla znati da li \u0107e tamo i igrati.<\/p>\n\n\n\n<p>Ukrajinci imaju dva boda vi\u0161e, ali i utakmicu vi\u0161e od bh. selekcije i pobjeda bi u ovom susretu na\u0161oj reprezentaciji donijela veliku prednost pred zavr\u0161ni dio kvalifikacija u studenom.<\/p>\n\n\n\n<p>Optimisti\u010dno pred ovaj duel djeluju u bh. timu, a izbornik Ivaylo Petev \u017eeli da jo\u0161 jednom timskom partijom selekcija BiH do\u0111e do dobrog rezultata.<\/p>\n\n\n\n<p>&#8220;Imamo ve\u0107i broj igra\u010da, \u0161irinu u sastavu, ali meni je bitno da iza\u0111emo na teren i da izgledamo kao ekipa, da odigramo dobru utakmicu i naravno da \u0107emo poku\u0161ati osvojiti tri boda&#8221;, rekao je Petev i dodao je:<\/p>\n\n\n\n<p>&#8220;\u0160to se ti\u010de igre, uvijek mo\u017ee jo\u0161 bolje, ja znam i mislim da mo\u017eemo kao ekipa odigrati jo\u0161 bolje. Drago mi je jer imamo dobru atmosferu, neku harmoniju i momci su tu jedan za drugog. Imamo gre\u0161aka koje moramo ispraviti, ali to je normalno. Uvijek \u017eelimo biti bolji&#8221;.<\/p>\n\n\n\n<p>Ukrajina jo\u0161 nijednom nije izgubila u Lvivu.<\/p>\n\n\n\n<p>&#8220;Znam tu informaciju o stadionu u Lvivu. Nadam se da \u0107emo sru\u0161iti tu tradiciju Ukrajine. Bit \u0107e jako dobra, zanimljiva i te\u0161ka utakmica. Sve ovisi o nama i na\u0161em pristupu i kako \u0107e izgledati na terenu. \u0160to se ti\u010de grada, \u010duo sam da je jako lijep grad, ali nisam stigao ni\u0161ta vidjeti&#8221;.<\/p>\n\n\n\n<p>&#8220;Adrenalin prije utakmice je druga stvar, ali nema pritiska. Mi samo u glavi moramo misliti o tome da odigramo \u0161to bolje. Ne kalkuliram ni\u0161ta, u\u010dinit \u0107emo sve da pobijedimo&#8221;, poru\u010dio je Petev.<\/p>\n\n\n\n<p>Edin D\u017eeko je na press konferenciji uo\u010di utakmice protiv Ukrajine kazao da je ovo najbitnija utakmica dosada\u0161njeg dijela kvalifikacija.<\/p>\n\n\n\n<p>&#8220;Sigurno da su poslije pobjede u Kazahstanu \u0161anse ve\u0107e, imamo do kraja tri susreta ali sutra\u0161nja utakmica nam je sigurno najbitnija&#8221;, rekao je napada\u010d Intera.<\/p>\n\n\n\n<p>U dvome\u010du protiv Kazahstana imao je niz prilika, ali nije uspio zabiti. Najradije bih da opet Smail Prevljak ba\u0161 kao protiv Kazahstana bude strijelac samo da se do\u0111e do pobjede.<\/p>\n\n\n\n<p>&#8220;Ne razmi\u0161ljam o proma\u0161ajima, ima vi\u0161e \u0161ansi kada se ima vi\u0161e, a kada manje \u0161ansi. Na kraju krajeva najbitnije je kako odigra ekipa. Bio bih najsretniji da Smajo opet zabije dva i da dobijemo 2:0&#8221;, rekao j D\u017eeko.<\/p>\n\n\n\n<p>Utakmica u Lvivu po\u010dinje od 20:45 sati, a sudit \u0107e je njema\u010dki sudac Felix Zwayer.<\/p>\n\n\n\n<p>izvor: sportsport.ba<\/p>\n","protected":false},"excerpt":{"rendered":"<p>Nogometna reprezentacija Bosne i Hercegovine ve\u010deras protiv Ukrajine u Lvivu igra najva\u017eniji susret u kvalifikacijama za Svjetsko prvenstvo. Zmajevi su se pobjedom u Kazahstanu vratili u borbu za plasman u bara\u017e, a upravo ve\u010deras bi na\u0161a selekcija mogla znati da li \u0107e tamo i igrati. Ukrajinci imaju dva boda vi\u0161e, ali i utakmicu vi\u0161e od [&hellip;]<\/p>\n","protected":false},"author":2,"featured_media":74680,"comment_status":"closed","ping_status":"closed","sticky":false,"template":"","format":"standard","meta":{"h5ap_radio_sources":[],"footnotes":""},"categories":[7],"tags":[],"class_list":["post-74672","post","type-post","status-publish","format-standard","has-post-thumbnail","hentry","category-sport"],"yoast_head":"<!-- This site is optimized with the Yoast SEO plugin v27.4 - https:\/\/yoast.com\/product\/yoast-seo-wordpress\/ -->\n<title>Zmajevi na najva\u017enijem ispitu kvalifikacija protiv Ukrajine - RADIO LJUBU\u0160KI<\/title>\n<meta name=\"robots\" content=\"index, follow, max-snippet:-1, max-image-preview:large, max-video-preview:-1\" \/>\n<link rel=\"canonical\" href=\"https:\/\/radioljubuski.ba\/index.php\/2021\/10\/12\/zmajevi-na-najvaznijem-ispitu-kvalifikacija-protiv-ukrajine\/\" \/>\n<meta property=\"og:locale\" content=\"hr_HR\" \/>\n<meta property=\"og:type\" content=\"article\" \/>\n<meta property=\"og:title\" content=\"Zmajevi na najva\u017enijem ispitu kvalifikacija protiv Ukrajine - RADIO LJUBU\u0160KI\" \/>\n<meta property=\"og:description\" content=\"Nogometna reprezentacija Bosne i Hercegovine ve\u010deras protiv Ukrajine u Lvivu igra najva\u017eniji susret u kvalifikacijama za Svjetsko prvenstvo. Zmajevi su se pobjedom u Kazahstanu vratili u borbu za plasman u bara\u017e, a upravo ve\u010deras bi na\u0161a selekcija mogla znati da li \u0107e tamo i igrati. Ukrajinci imaju dva boda vi\u0161e, ali i utakmicu vi\u0161e od [&hellip;]\" \/>\n<meta property=\"og:url\" content=\"https:\/\/radioljubuski.ba\/index.php\/2021\/10\/12\/zmajevi-na-najvaznijem-ispitu-kvalifikacija-protiv-ukrajine\/\" \/>\n<meta property=\"og:site_name\" content=\"RADIO LJUBU\u0160KI\" \/>\n<meta property=\"article:publisher\" content=\"https:\/\/www.facebook.com\/Radiio-Ljubuski-1490835324566332\" \/>\n<meta property=\"article:published_time\" content=\"2021-10-12T08:59:16+00:00\" \/>\n<meta property=\"article:modified_time\" content=\"2021-10-12T08:59:17+00:00\" \/>\n<meta property=\"og:image\" content=\"https:\/\/radioljubuski.ba\/wp-content\/uploads\/2021\/10\/petev.jpg\" \/>\n\t<meta property=\"og:image:width\" content=\"275\" \/>\n\t<meta property=\"og:image:height\" content=\"183\" \/>\n\t<meta property=\"og:image:type\" content=\"image\/jpeg\" \/>\n<meta name=\"author\" content=\"Radio Ljubu\u0161ki\" \/>\n<meta name=\"twitter:card\" content=\"summary_large_image\" \/>\n<meta name=\"twitter:creator\" content=\"@radioljubuski\" \/>\n<meta name=\"twitter:site\" content=\"@radioljubuski\" \/>\n<meta name=\"twitter:label1\" content=\"Napisao\/la\" \/>\n\t<meta name=\"twitter:data1\" content=\"Radio Ljubu\u0161ki\" \/>\n\t<meta name=\"twitter:label2\" content=\"Procijenjeno vrijeme \u010ditanja\" \/>\n\t<meta name=\"twitter:data2\" content=\"2 minute\" \/>\n<script type=\"application\/ld+json\" class=\"yoast-schema-graph\">{\"@context\":\"https:\\\/\\\/schema.org\",\"@graph\":[{\"@type\":\"Article\",\"@id\":\"https:\\\/\\\/radioljubuski.ba\\\/index.php\\\/2021\\\/10\\\/12\\\/zmajevi-na-najvaznijem-ispitu-kvalifikacija-protiv-ukrajine\\\/#article\",\"isPartOf\":{\"@id\":\"https:\\\/\\\/radioljubuski.ba\\\/index.php\\\/2021\\\/10\\\/12\\\/zmajevi-na-najvaznijem-ispitu-kvalifikacija-protiv-ukrajine\\\/\"},\"author\":{\"name\":\"Radio Ljubu\u0161ki\",\"@id\":\"https:\\\/\\\/radioljubuski.ba\\\/#\\\/schema\\\/person\\\/19fc700381a780f69665d7956c469e3b\"},\"headline\":\"Zmajevi na najva\u017enijem ispitu kvalifikacija protiv Ukrajine\",\"datePublished\":\"2021-10-12T08:59:16+00:00\",\"dateModified\":\"2021-10-12T08:59:17+00:00\",\"mainEntityOfPage\":{\"@id\":\"https:\\\/\\\/radioljubuski.ba\\\/index.php\\\/2021\\\/10\\\/12\\\/zmajevi-na-najvaznijem-ispitu-kvalifikacija-protiv-ukrajine\\\/\"},\"wordCount\":451,\"publisher\":{\"@id\":\"https:\\\/\\\/radioljubuski.ba\\\/#organization\"},\"image\":{\"@id\":\"https:\\\/\\\/radioljubuski.ba\\\/index.php\\\/2021\\\/10\\\/12\\\/zmajevi-na-najvaznijem-ispitu-kvalifikacija-protiv-ukrajine\\\/#primaryimage\"},\"thumbnailUrl\":\"https:\\\/\\\/radioljubuski.ba\\\/wp-content\\\/uploads\\\/2021\\\/10\\\/petev.jpg\",\"articleSection\":[\"\u0160port\"],\"inLanguage\":\"hr\"},{\"@type\":\"WebPage\",\"@id\":\"https:\\\/\\\/radioljubuski.ba\\\/index.php\\\/2021\\\/10\\\/12\\\/zmajevi-na-najvaznijem-ispitu-kvalifikacija-protiv-ukrajine\\\/\",\"url\":\"https:\\\/\\\/radioljubuski.ba\\\/index.php\\\/2021\\\/10\\\/12\\\/zmajevi-na-najvaznijem-ispitu-kvalifikacija-protiv-ukrajine\\\/\",\"name\":\"Zmajevi na najva\u017enijem ispitu kvalifikacija protiv Ukrajine - RADIO LJUBU\u0160KI\",\"isPartOf\":{\"@id\":\"https:\\\/\\\/radioljubuski.ba\\\/#website\"},\"primaryImageOfPage\":{\"@id\":\"https:\\\/\\\/radioljubuski.ba\\\/index.php\\\/2021\\\/10\\\/12\\\/zmajevi-na-najvaznijem-ispitu-kvalifikacija-protiv-ukrajine\\\/#primaryimage\"},\"image\":{\"@id\":\"https:\\\/\\\/radioljubuski.ba\\\/index.php\\\/2021\\\/10\\\/12\\\/zmajevi-na-najvaznijem-ispitu-kvalifikacija-protiv-ukrajine\\\/#primaryimage\"},\"thumbnailUrl\":\"https:\\\/\\\/radioljubuski.ba\\\/wp-content\\\/uploads\\\/2021\\\/10\\\/petev.jpg\",\"datePublished\":\"2021-10-12T08:59:16+00:00\",\"dateModified\":\"2021-10-12T08:59:17+00:00\",\"breadcrumb\":{\"@id\":\"https:\\\/\\\/radioljubuski.ba\\\/index.php\\\/2021\\\/10\\\/12\\\/zmajevi-na-najvaznijem-ispitu-kvalifikacija-protiv-ukrajine\\\/#breadcrumb\"},\"inLanguage\":\"hr\",\"potentialAction\":[{\"@type\":\"ReadAction\",\"target\":[\"https:\\\/\\\/radioljubuski.ba\\\/index.php\\\/2021\\\/10\\\/12\\\/zmajevi-na-najvaznijem-ispitu-kvalifikacija-protiv-ukrajine\\\/\"]}]},{\"@type\":\"ImageObject\",\"inLanguage\":\"hr\",\"@id\":\"https:\\\/\\\/radioljubuski.ba\\\/index.php\\\/2021\\\/10\\\/12\\\/zmajevi-na-najvaznijem-ispitu-kvalifikacija-protiv-ukrajine\\\/#primaryimage\",\"url\":\"https:\\\/\\\/radioljubuski.ba\\\/wp-content\\\/uploads\\\/2021\\\/10\\\/petev.jpg\",\"contentUrl\":\"https:\\\/\\\/radioljubuski.ba\\\/wp-content\\\/uploads\\\/2021\\\/10\\\/petev.jpg\",\"width\":275,\"height\":183},{\"@type\":\"BreadcrumbList\",\"@id\":\"https:\\\/\\\/radioljubuski.ba\\\/index.php\\\/2021\\\/10\\\/12\\\/zmajevi-na-najvaznijem-ispitu-kvalifikacija-protiv-ukrajine\\\/#breadcrumb\",\"itemListElement\":[{\"@type\":\"ListItem\",\"position\":1,\"name\":\"Po\u010detna stranica\",\"item\":\"https:\\\/\\\/radioljubuski.ba\\\/\"},{\"@type\":\"ListItem\",\"position\":2,\"name\":\"Zmajevi na najva\u017enijem ispitu kvalifikacija protiv Ukrajine\"}]},{\"@type\":\"WebSite\",\"@id\":\"https:\\\/\\\/radioljubuski.ba\\\/#website\",\"url\":\"https:\\\/\\\/radioljubuski.ba\\\/\",\"name\":\"Radio Ljubu\u0161ki\",\"description\":\"Sun\u010dana frekvencija Hercegovine\",\"publisher\":{\"@id\":\"https:\\\/\\\/radioljubuski.ba\\\/#organization\"},\"potentialAction\":[{\"@type\":\"SearchAction\",\"target\":{\"@type\":\"EntryPoint\",\"urlTemplate\":\"https:\\\/\\\/radioljubuski.ba\\\/?s={search_term_string}\"},\"query-input\":{\"@type\":\"PropertyValueSpecification\",\"valueRequired\":true,\"valueName\":\"search_term_string\"}}],\"inLanguage\":\"hr\"},{\"@type\":\"Organization\",\"@id\":\"https:\\\/\\\/radioljubuski.ba\\\/#organization\",\"name\":\"Radio Ljubu\u0161ki\",\"url\":\"https:\\\/\\\/radioljubuski.ba\\\/\",\"logo\":{\"@type\":\"ImageObject\",\"inLanguage\":\"hr\",\"@id\":\"https:\\\/\\\/radioljubuski.ba\\\/#\\\/schema\\\/logo\\\/image\\\/\",\"url\":\"https:\\\/\\\/radioljubuski.ba\\\/wp-content\\\/uploads\\\/2021\\\/02\\\/cropped-Radio_Ljubuski_logo1.jpg\",\"contentUrl\":\"https:\\\/\\\/radioljubuski.ba\\\/wp-content\\\/uploads\\\/2021\\\/02\\\/cropped-Radio_Ljubuski_logo1.jpg\",\"width\":512,\"height\":512,\"caption\":\"Radio Ljubu\u0161ki\"},\"image\":{\"@id\":\"https:\\\/\\\/radioljubuski.ba\\\/#\\\/schema\\\/logo\\\/image\\\/\"},\"sameAs\":[\"https:\\\/\\\/www.facebook.com\\\/Radiio-Ljubuski-1490835324566332\",\"https:\\\/\\\/x.com\\\/radioljubuski\",\"https:\\\/\\\/hr.linkedin.com\\\/company\\\/radio-ljubuski\",\"https:\\\/\\\/www.youtube.com\\\/channel\\\/UCHYaeO_n0Db3tjNGudGpXyw\"]},{\"@type\":\"Person\",\"@id\":\"https:\\\/\\\/radioljubuski.ba\\\/#\\\/schema\\\/person\\\/19fc700381a780f69665d7956c469e3b\",\"name\":\"Radio Ljubu\u0161ki\"}]}<\/script>\n<!-- \/ Yoast SEO plugin. -->","yoast_head_json":{"title":"Zmajevi na najva\u017enijem ispitu kvalifikacija protiv Ukrajine - RADIO LJUBU\u0160KI","robots":{"index":"index","follow":"follow","max-snippet":"max-snippet:-1","max-image-preview":"max-image-preview:large","max-video-preview":"max-video-preview:-1"},"canonical":"https:\/\/radioljubuski.ba\/index.php\/2021\/10\/12\/zmajevi-na-najvaznijem-ispitu-kvalifikacija-protiv-ukrajine\/","og_locale":"hr_HR","og_type":"article","og_title":"Zmajevi na najva\u017enijem ispitu kvalifikacija protiv Ukrajine - RADIO LJUBU\u0160KI","og_description":"Nogometna reprezentacija Bosne i Hercegovine ve\u010deras protiv Ukrajine u Lvivu igra najva\u017eniji susret u kvalifikacijama za Svjetsko prvenstvo. Zmajevi su se pobjedom u Kazahstanu vratili u borbu za plasman u bara\u017e, a upravo ve\u010deras bi na\u0161a selekcija mogla znati da li \u0107e tamo i igrati. Ukrajinci imaju dva boda vi\u0161e, ali i utakmicu vi\u0161e od [&hellip;]","og_url":"https:\/\/radioljubuski.ba\/index.php\/2021\/10\/12\/zmajevi-na-najvaznijem-ispitu-kvalifikacija-protiv-ukrajine\/","og_site_name":"RADIO LJUBU\u0160KI","article_publisher":"https:\/\/www.facebook.com\/Radiio-Ljubuski-1490835324566332","article_published_time":"2021-10-12T08:59:16+00:00","article_modified_time":"2021-10-12T08:59:17+00:00","og_image":[{"width":275,"height":183,"url":"https:\/\/radioljubuski.ba\/wp-content\/uploads\/2021\/10\/petev.jpg","type":"image\/jpeg"}],"author":"Radio Ljubu\u0161ki","twitter_card":"summary_large_image","twitter_creator":"@radioljubuski","twitter_site":"@radioljubuski","twitter_misc":{"Napisao\/la":"Radio Ljubu\u0161ki","Procijenjeno vrijeme \u010ditanja":"2 minute"},"schema":{"@context":"https:\/\/schema.org","@graph":[{"@type":"Article","@id":"https:\/\/radioljubuski.ba\/index.php\/2021\/10\/12\/zmajevi-na-najvaznijem-ispitu-kvalifikacija-protiv-ukrajine\/#article","isPartOf":{"@id":"https:\/\/radioljubuski.ba\/index.php\/2021\/10\/12\/zmajevi-na-najvaznijem-ispitu-kvalifikacija-protiv-ukrajine\/"},"author":{"name":"Radio Ljubu\u0161ki","@id":"https:\/\/radioljubuski.ba\/#\/schema\/person\/19fc700381a780f69665d7956c469e3b"},"headline":"Zmajevi na najva\u017enijem ispitu kvalifikacija protiv Ukrajine","datePublished":"2021-10-12T08:59:16+00:00","dateModified":"2021-10-12T08:59:17+00:00","mainEntityOfPage":{"@id":"https:\/\/radioljubuski.ba\/index.php\/2021\/10\/12\/zmajevi-na-najvaznijem-ispitu-kvalifikacija-protiv-ukrajine\/"},"wordCount":451,"publisher":{"@id":"https:\/\/radioljubuski.ba\/#organization"},"image":{"@id":"https:\/\/radioljubuski.ba\/index.php\/2021\/10\/12\/zmajevi-na-najvaznijem-ispitu-kvalifikacija-protiv-ukrajine\/#primaryimage"},"thumbnailUrl":"https:\/\/radioljubuski.ba\/wp-content\/uploads\/2021\/10\/petev.jpg","articleSection":["\u0160port"],"inLanguage":"hr"},{"@type":"WebPage","@id":"https:\/\/radioljubuski.ba\/index.php\/2021\/10\/12\/zmajevi-na-najvaznijem-ispitu-kvalifikacija-protiv-ukrajine\/","url":"https:\/\/radioljubuski.ba\/index.php\/2021\/10\/12\/zmajevi-na-najvaznijem-ispitu-kvalifikacija-protiv-ukrajine\/","name":"Zmajevi na najva\u017enijem ispitu kvalifikacija protiv Ukrajine - RADIO LJUBU\u0160KI","isPartOf":{"@id":"https:\/\/radioljubuski.ba\/#website"},"primaryImageOfPage":{"@id":"https:\/\/radioljubuski.ba\/index.php\/2021\/10\/12\/zmajevi-na-najvaznijem-ispitu-kvalifikacija-protiv-ukrajine\/#primaryimage"},"image":{"@id":"https:\/\/radioljubuski.ba\/index.php\/2021\/10\/12\/zmajevi-na-najvaznijem-ispitu-kvalifikacija-protiv-ukrajine\/#primaryimage"},"thumbnailUrl":"https:\/\/radioljubuski.ba\/wp-content\/uploads\/2021\/10\/petev.jpg","datePublished":"2021-10-12T08:59:16+00:00","dateModified":"2021-10-12T08:59:17+00:00","breadcrumb":{"@id":"https:\/\/radioljubuski.ba\/index.php\/2021\/10\/12\/zmajevi-na-najvaznijem-ispitu-kvalifikacija-protiv-ukrajine\/#breadcrumb"},"inLanguage":"hr","potentialAction":[{"@type":"ReadAction","target":["https:\/\/radioljubuski.ba\/index.php\/2021\/10\/12\/zmajevi-na-najvaznijem-ispitu-kvalifikacija-protiv-ukrajine\/"]}]},{"@type":"ImageObject","inLanguage":"hr","@id":"https:\/\/radioljubuski.ba\/index.php\/2021\/10\/12\/zmajevi-na-najvaznijem-ispitu-kvalifikacija-protiv-ukrajine\/#primaryimage","url":"https:\/\/radioljubuski.ba\/wp-content\/uploads\/2021\/10\/petev.jpg","contentUrl":"https:\/\/radioljubuski.ba\/wp-content\/uploads\/2021\/10\/petev.jpg","width":275,"height":183},{"@type":"BreadcrumbList","@id":"https:\/\/radioljubuski.ba\/index.php\/2021\/10\/12\/zmajevi-na-najvaznijem-ispitu-kvalifikacija-protiv-ukrajine\/#breadcrumb","itemListElement":[{"@type":"ListItem","position":1,"name":"Po\u010detna stranica","item":"https:\/\/radioljubuski.ba\/"},{"@type":"ListItem","position":2,"name":"Zmajevi na najva\u017enijem ispitu kvalifikacija protiv Ukrajine"}]},{"@type":"WebSite","@id":"https:\/\/radioljubuski.ba\/#website","url":"https:\/\/radioljubuski.ba\/","name":"Radio Ljubu\u0161ki","description":"Sun\u010dana frekvencija Hercegovine","publisher":{"@id":"https:\/\/radioljubuski.ba\/#organization"},"potentialAction":[{"@type":"SearchAction","target":{"@type":"EntryPoint","urlTemplate":"https:\/\/radioljubuski.ba\/?s={search_term_string}"},"query-input":{"@type":"PropertyValueSpecification","valueRequired":true,"valueName":"search_term_string"}}],"inLanguage":"hr"},{"@type":"Organization","@id":"https:\/\/radioljubuski.ba\/#organization","name":"Radio Ljubu\u0161ki","url":"https:\/\/radioljubuski.ba\/","logo":{"@type":"ImageObject","inLanguage":"hr","@id":"https:\/\/radioljubuski.ba\/#\/schema\/logo\/image\/","url":"https:\/\/radioljubuski.ba\/wp-content\/uploads\/2021\/02\/cropped-Radio_Ljubuski_logo1.jpg","contentUrl":"https:\/\/radioljubuski.ba\/wp-content\/uploads\/2021\/02\/cropped-Radio_Ljubuski_logo1.jpg","width":512,"height":512,"caption":"Radio Ljubu\u0161ki"},"image":{"@id":"https:\/\/radioljubuski.ba\/#\/schema\/logo\/image\/"},"sameAs":["https:\/\/www.facebook.com\/Radiio-Ljubuski-1490835324566332","https:\/\/x.com\/radioljubuski","https:\/\/hr.linkedin.com\/company\/radio-ljubuski","https:\/\/www.youtube.com\/channel\/UCHYaeO_n0Db3tjNGudGpXyw"]},{"@type":"Person","@id":"https:\/\/radioljubuski.ba\/#\/schema\/person\/19fc700381a780f69665d7956c469e3b","name":"Radio Ljubu\u0161ki"}]}},"_links":{"self":[{"href":"https:\/\/radioljubuski.ba\/index.php\/wp-json\/wp\/v2\/posts\/74672","targetHints":{"allow":["GET"]}}],"collection":[{"href":"https:\/\/radioljubuski.ba\/index.php\/wp-json\/wp\/v2\/posts"}],"about":[{"href":"https:\/\/radioljubuski.ba\/index.php\/wp-json\/wp\/v2\/types\/post"}],"author":[{"embeddable":true,"href":"https:\/\/radioljubuski.ba\/index.php\/wp-json\/wp\/v2\/users\/2"}],"replies":[{"embeddable":true,"href":"https:\/\/radioljubuski.ba\/index.php\/wp-json\/wp\/v2\/comments?post=74672"}],"version-history":[{"count":1,"href":"https:\/\/radioljubuski.ba\/index.php\/wp-json\/wp\/v2\/posts\/74672\/revisions"}],"predecessor-version":[{"id":74681,"href":"https:\/\/radioljubuski.ba\/index.php\/wp-json\/wp\/v2\/posts\/74672\/revisions\/74681"}],"wp:featuredmedia":[{"embeddable":true,"href":"https:\/\/radioljubuski.ba\/index.php\/wp-json\/wp\/v2\/media\/74680"}],"wp:attachment":[{"href":"https:\/\/radioljubuski.ba\/index.php\/wp-json\/wp\/v2\/media?parent=74672"}],"wp:term":[{"taxonomy":"category","embeddable":true,"href":"https:\/\/radioljubuski.ba\/index.php\/wp-json\/wp\/v2\/categories?post=74672"},{"taxonomy":"post_tag","embeddable":true,"href":"https:\/\/radioljubuski.ba\/index.php\/wp-json\/wp\/v2\/tags?post=74672"}],"curies":[{"name":"wp","href":"https:\/\/api.w.org\/{rel}","templated":true}]}}