{"id":74685,"date":"2021-10-12T10:15:16","date_gmt":"2021-10-12T09:15:16","guid":{"rendered":"https:\/\/radioljubuski.ba\/?p=74685"},"modified":"2021-10-12T10:15:16","modified_gmt":"2021-10-12T09:15:16","slug":"zavrsena-sapunica-u-nba-u-simmons-se-prikljucio-momcadi","status":"publish","type":"post","link":"https:\/\/radioljubuski.ba\/index.php\/2021\/10\/12\/zavrsena-sapunica-u-nba-u-simmons-se-prikljucio-momcadi\/","title":{"rendered":"Zavr\u0161ena &#8220;sapunica&#8221; u NBA-u: Simmons se priklju\u010dio mom\u010dadi"},"content":{"rendered":"\n<p>Ben Simmons, prvi izbor NBA drafta Philadelphije tijekom 2016., vratio se u tu mom\u010dad nakon \u0161to je protekle mjesece inzistirao na razmjeni i odlasku iz 76ersa.<\/p>\n\n\n\n<p>Po pisanju ameri\u010dkih medija Simmons se vratio u Philadelphiju i odmah pristupio kompletnom COVID protokolu nakon \u010dega bi se trebao priklju\u010diti mom\u010dadi i pripremama za skora\u0161nji po\u010detak sezone.<br><br>Podsjetimo kako je od kolovoza Simmons, zajedno sa svojim agentima, bio prili\u010dno jasnog stava, a to je definitivni odlazak iz jedinog kluba u kojem je igrao tijekom NBA karijere. Nije \u017eelio razgovarati sa suigra\u010dima, silno je zamjerao navija\u010dima tog kluba i bio je spreman na sve pa \u010dak i na to da propusti cijelu sezonu ne igrav\u0161i u ni jednom klubu.<br><br>No, stvari su se o\u010dito promijenile i ova trakavica dobiva svoju posljednju epizodu. I trener Philadelphije <strong>Doc Rivers<\/strong> je najavio kako uskoro o\u010dekuje Simmonsa u mom\u010dadi te novi poku\u0161aj ove mom\u010dadi da se domogne NBA prstena.<br><br>U me\u0111uvremenu su ameri\u010dki mediji doznali kako je najve\u0107i bijes Simmons osje\u0107ao spram navija\u010da Philadelphije koji su se, primjerice, s njim ismijavali u doigravanju pro\u0161le sezone kada je igra\u010d iznimno lo\u0161e izvodio slobodna bacanja. U seriji protiv Atlante, kada su 76ersi ispali, proma\u0161io je \u010dak 27 bacanja, a ukupno je u doigravanju imao samo 34 posto \u0161ut s linije slobodnih bacanja.<br><br>Ina\u010de, u no\u0107i s ponedjeljka na utorak Philadelphia je odigrala odli\u010dnu predsezonsku utakmicu te je na doma\u0107em parketu svladala Brooklyn 115-104. Bio je to okr\u0161aj, uz aktualnog prvaka Milwaukeeja, najja\u010dih mom\u010dadi Isto\u010dne konferencije. Philadelphiju je predvodio Tur\u010din <strong>Korkmaz <\/strong>sa 27 ko\u0161eva, dok su u redovima gostiju najbolji bili <strong>Kevin Durant <\/strong>(23 poena) i <strong>James Harden<\/strong> (21 poen).<\/p>\n\n\n\n<p>Izvor:hrt.hr<\/p>\n","protected":false},"excerpt":{"rendered":"<p>Ben Simmons, prvi izbor NBA drafta Philadelphije tijekom 2016., vratio se u tu mom\u010dad nakon \u0161to je protekle mjesece inzistirao na razmjeni i odlasku iz 76ersa. Po pisanju ameri\u010dkih medija Simmons se vratio u Philadelphiju i odmah pristupio kompletnom COVID protokolu nakon \u010dega bi se trebao priklju\u010diti mom\u010dadi i pripremama za skora\u0161nji po\u010detak sezone. Podsjetimo [&hellip;]<\/p>\n","protected":false},"author":2,"featured_media":74686,"comment_status":"closed","ping_status":"closed","sticky":false,"template":"","format":"standard","meta":{"h5ap_radio_sources":[],"footnotes":""},"categories":[7],"tags":[],"class_list":["post-74685","post","type-post","status-publish","format-standard","has-post-thumbnail","hentry","category-sport"],"yoast_head":"<!-- This site is optimized with the Yoast SEO plugin v27.4 - https:\/\/yoast.com\/product\/yoast-seo-wordpress\/ -->\n<title>Zavr\u0161ena &quot;sapunica&quot; u NBA-u: Simmons se priklju\u010dio mom\u010dadi - RADIO LJUBU\u0160KI<\/title>\n<meta name=\"robots\" content=\"index, follow, max-snippet:-1, max-image-preview:large, max-video-preview:-1\" \/>\n<link rel=\"canonical\" href=\"https:\/\/radioljubuski.ba\/index.php\/2021\/10\/12\/zavrsena-sapunica-u-nba-u-simmons-se-prikljucio-momcadi\/\" \/>\n<meta property=\"og:locale\" content=\"hr_HR\" \/>\n<meta property=\"og:type\" content=\"article\" \/>\n<meta property=\"og:title\" content=\"Zavr\u0161ena &quot;sapunica&quot; u NBA-u: Simmons se priklju\u010dio mom\u010dadi - RADIO LJUBU\u0160KI\" \/>\n<meta property=\"og:description\" content=\"Ben Simmons, prvi izbor NBA drafta Philadelphije tijekom 2016., vratio se u tu mom\u010dad nakon \u0161to je protekle mjesece inzistirao na razmjeni i odlasku iz 76ersa. Po pisanju ameri\u010dkih medija Simmons se vratio u Philadelphiju i odmah pristupio kompletnom COVID protokolu nakon \u010dega bi se trebao priklju\u010diti mom\u010dadi i pripremama za skora\u0161nji po\u010detak sezone. Podsjetimo [&hellip;]\" \/>\n<meta property=\"og:url\" content=\"https:\/\/radioljubuski.ba\/index.php\/2021\/10\/12\/zavrsena-sapunica-u-nba-u-simmons-se-prikljucio-momcadi\/\" \/>\n<meta property=\"og:site_name\" content=\"RADIO LJUBU\u0160KI\" \/>\n<meta property=\"article:publisher\" content=\"https:\/\/www.facebook.com\/Radiio-Ljubuski-1490835324566332\" \/>\n<meta property=\"article:published_time\" content=\"2021-10-12T09:15:16+00:00\" \/>\n<meta property=\"og:image\" content=\"https:\/\/radioljubuski.ba\/wp-content\/uploads\/2021\/10\/22-4.jpg\" \/>\n\t<meta property=\"og:image:width\" content=\"268\" \/>\n\t<meta property=\"og:image:height\" content=\"188\" \/>\n\t<meta property=\"og:image:type\" content=\"image\/jpeg\" \/>\n<meta name=\"author\" content=\"Radio Ljubu\u0161ki\" \/>\n<meta name=\"twitter:card\" content=\"summary_large_image\" \/>\n<meta name=\"twitter:creator\" content=\"@radioljubuski\" \/>\n<meta name=\"twitter:site\" content=\"@radioljubuski\" \/>\n<meta name=\"twitter:label1\" content=\"Napisao\/la\" \/>\n\t<meta name=\"twitter:data1\" content=\"Radio Ljubu\u0161ki\" \/>\n\t<meta name=\"twitter:label2\" content=\"Procijenjeno vrijeme \u010ditanja\" \/>\n\t<meta name=\"twitter:data2\" content=\"2 minute\" \/>\n<script type=\"application\/ld+json\" class=\"yoast-schema-graph\">{\"@context\":\"https:\\\/\\\/schema.org\",\"@graph\":[{\"@type\":\"Article\",\"@id\":\"https:\\\/\\\/radioljubuski.ba\\\/index.php\\\/2021\\\/10\\\/12\\\/zavrsena-sapunica-u-nba-u-simmons-se-prikljucio-momcadi\\\/#article\",\"isPartOf\":{\"@id\":\"https:\\\/\\\/radioljubuski.ba\\\/index.php\\\/2021\\\/10\\\/12\\\/zavrsena-sapunica-u-nba-u-simmons-se-prikljucio-momcadi\\\/\"},\"author\":{\"name\":\"Radio Ljubu\u0161ki\",\"@id\":\"https:\\\/\\\/radioljubuski.ba\\\/#\\\/schema\\\/person\\\/19fc700381a780f69665d7956c469e3b\"},\"headline\":\"Zavr\u0161ena &#8220;sapunica&#8221; u NBA-u: Simmons se priklju\u010dio mom\u010dadi\",\"datePublished\":\"2021-10-12T09:15:16+00:00\",\"mainEntityOfPage\":{\"@id\":\"https:\\\/\\\/radioljubuski.ba\\\/index.php\\\/2021\\\/10\\\/12\\\/zavrsena-sapunica-u-nba-u-simmons-se-prikljucio-momcadi\\\/\"},\"wordCount\":310,\"publisher\":{\"@id\":\"https:\\\/\\\/radioljubuski.ba\\\/#organization\"},\"image\":{\"@id\":\"https:\\\/\\\/radioljubuski.ba\\\/index.php\\\/2021\\\/10\\\/12\\\/zavrsena-sapunica-u-nba-u-simmons-se-prikljucio-momcadi\\\/#primaryimage\"},\"thumbnailUrl\":\"https:\\\/\\\/radioljubuski.ba\\\/wp-content\\\/uploads\\\/2021\\\/10\\\/22-4.jpg\",\"articleSection\":[\"\u0160port\"],\"inLanguage\":\"hr\"},{\"@type\":\"WebPage\",\"@id\":\"https:\\\/\\\/radioljubuski.ba\\\/index.php\\\/2021\\\/10\\\/12\\\/zavrsena-sapunica-u-nba-u-simmons-se-prikljucio-momcadi\\\/\",\"url\":\"https:\\\/\\\/radioljubuski.ba\\\/index.php\\\/2021\\\/10\\\/12\\\/zavrsena-sapunica-u-nba-u-simmons-se-prikljucio-momcadi\\\/\",\"name\":\"Zavr\u0161ena \\\"sapunica\\\" u NBA-u: Simmons se priklju\u010dio mom\u010dadi - RADIO LJUBU\u0160KI\",\"isPartOf\":{\"@id\":\"https:\\\/\\\/radioljubuski.ba\\\/#website\"},\"primaryImageOfPage\":{\"@id\":\"https:\\\/\\\/radioljubuski.ba\\\/index.php\\\/2021\\\/10\\\/12\\\/zavrsena-sapunica-u-nba-u-simmons-se-prikljucio-momcadi\\\/#primaryimage\"},\"image\":{\"@id\":\"https:\\\/\\\/radioljubuski.ba\\\/index.php\\\/2021\\\/10\\\/12\\\/zavrsena-sapunica-u-nba-u-simmons-se-prikljucio-momcadi\\\/#primaryimage\"},\"thumbnailUrl\":\"https:\\\/\\\/radioljubuski.ba\\\/wp-content\\\/uploads\\\/2021\\\/10\\\/22-4.jpg\",\"datePublished\":\"2021-10-12T09:15:16+00:00\",\"breadcrumb\":{\"@id\":\"https:\\\/\\\/radioljubuski.ba\\\/index.php\\\/2021\\\/10\\\/12\\\/zavrsena-sapunica-u-nba-u-simmons-se-prikljucio-momcadi\\\/#breadcrumb\"},\"inLanguage\":\"hr\",\"potentialAction\":[{\"@type\":\"ReadAction\",\"target\":[\"https:\\\/\\\/radioljubuski.ba\\\/index.php\\\/2021\\\/10\\\/12\\\/zavrsena-sapunica-u-nba-u-simmons-se-prikljucio-momcadi\\\/\"]}]},{\"@type\":\"ImageObject\",\"inLanguage\":\"hr\",\"@id\":\"https:\\\/\\\/radioljubuski.ba\\\/index.php\\\/2021\\\/10\\\/12\\\/zavrsena-sapunica-u-nba-u-simmons-se-prikljucio-momcadi\\\/#primaryimage\",\"url\":\"https:\\\/\\\/radioljubuski.ba\\\/wp-content\\\/uploads\\\/2021\\\/10\\\/22-4.jpg\",\"contentUrl\":\"https:\\\/\\\/radioljubuski.ba\\\/wp-content\\\/uploads\\\/2021\\\/10\\\/22-4.jpg\",\"width\":268,\"height\":188},{\"@type\":\"BreadcrumbList\",\"@id\":\"https:\\\/\\\/radioljubuski.ba\\\/index.php\\\/2021\\\/10\\\/12\\\/zavrsena-sapunica-u-nba-u-simmons-se-prikljucio-momcadi\\\/#breadcrumb\",\"itemListElement\":[{\"@type\":\"ListItem\",\"position\":1,\"name\":\"Po\u010detna stranica\",\"item\":\"https:\\\/\\\/radioljubuski.ba\\\/\"},{\"@type\":\"ListItem\",\"position\":2,\"name\":\"Zavr\u0161ena &#8220;sapunica&#8221; u NBA-u: Simmons se priklju\u010dio mom\u010dadi\"}]},{\"@type\":\"WebSite\",\"@id\":\"https:\\\/\\\/radioljubuski.ba\\\/#website\",\"url\":\"https:\\\/\\\/radioljubuski.ba\\\/\",\"name\":\"Radio Ljubu\u0161ki\",\"description\":\"Sun\u010dana frekvencija Hercegovine\",\"publisher\":{\"@id\":\"https:\\\/\\\/radioljubuski.ba\\\/#organization\"},\"potentialAction\":[{\"@type\":\"SearchAction\",\"target\":{\"@type\":\"EntryPoint\",\"urlTemplate\":\"https:\\\/\\\/radioljubuski.ba\\\/?s={search_term_string}\"},\"query-input\":{\"@type\":\"PropertyValueSpecification\",\"valueRequired\":true,\"valueName\":\"search_term_string\"}}],\"inLanguage\":\"hr\"},{\"@type\":\"Organization\",\"@id\":\"https:\\\/\\\/radioljubuski.ba\\\/#organization\",\"name\":\"Radio Ljubu\u0161ki\",\"url\":\"https:\\\/\\\/radioljubuski.ba\\\/\",\"logo\":{\"@type\":\"ImageObject\",\"inLanguage\":\"hr\",\"@id\":\"https:\\\/\\\/radioljubuski.ba\\\/#\\\/schema\\\/logo\\\/image\\\/\",\"url\":\"https:\\\/\\\/radioljubuski.ba\\\/wp-content\\\/uploads\\\/2021\\\/02\\\/cropped-Radio_Ljubuski_logo1.jpg\",\"contentUrl\":\"https:\\\/\\\/radioljubuski.ba\\\/wp-content\\\/uploads\\\/2021\\\/02\\\/cropped-Radio_Ljubuski_logo1.jpg\",\"width\":512,\"height\":512,\"caption\":\"Radio Ljubu\u0161ki\"},\"image\":{\"@id\":\"https:\\\/\\\/radioljubuski.ba\\\/#\\\/schema\\\/logo\\\/image\\\/\"},\"sameAs\":[\"https:\\\/\\\/www.facebook.com\\\/Radiio-Ljubuski-1490835324566332\",\"https:\\\/\\\/x.com\\\/radioljubuski\",\"https:\\\/\\\/hr.linkedin.com\\\/company\\\/radio-ljubuski\",\"https:\\\/\\\/www.youtube.com\\\/channel\\\/UCHYaeO_n0Db3tjNGudGpXyw\"]},{\"@type\":\"Person\",\"@id\":\"https:\\\/\\\/radioljubuski.ba\\\/#\\\/schema\\\/person\\\/19fc700381a780f69665d7956c469e3b\",\"name\":\"Radio Ljubu\u0161ki\"}]}<\/script>\n<!-- \/ Yoast SEO plugin. -->","yoast_head_json":{"title":"Zavr\u0161ena \"sapunica\" u NBA-u: Simmons se priklju\u010dio mom\u010dadi - RADIO LJUBU\u0160KI","robots":{"index":"index","follow":"follow","max-snippet":"max-snippet:-1","max-image-preview":"max-image-preview:large","max-video-preview":"max-video-preview:-1"},"canonical":"https:\/\/radioljubuski.ba\/index.php\/2021\/10\/12\/zavrsena-sapunica-u-nba-u-simmons-se-prikljucio-momcadi\/","og_locale":"hr_HR","og_type":"article","og_title":"Zavr\u0161ena \"sapunica\" u NBA-u: Simmons se priklju\u010dio mom\u010dadi - RADIO LJUBU\u0160KI","og_description":"Ben Simmons, prvi izbor NBA drafta Philadelphije tijekom 2016., vratio se u tu mom\u010dad nakon \u0161to je protekle mjesece inzistirao na razmjeni i odlasku iz 76ersa. Po pisanju ameri\u010dkih medija Simmons se vratio u Philadelphiju i odmah pristupio kompletnom COVID protokolu nakon \u010dega bi se trebao priklju\u010diti mom\u010dadi i pripremama za skora\u0161nji po\u010detak sezone. Podsjetimo [&hellip;]","og_url":"https:\/\/radioljubuski.ba\/index.php\/2021\/10\/12\/zavrsena-sapunica-u-nba-u-simmons-se-prikljucio-momcadi\/","og_site_name":"RADIO LJUBU\u0160KI","article_publisher":"https:\/\/www.facebook.com\/Radiio-Ljubuski-1490835324566332","article_published_time":"2021-10-12T09:15:16+00:00","og_image":[{"width":268,"height":188,"url":"https:\/\/radioljubuski.ba\/wp-content\/uploads\/2021\/10\/22-4.jpg","type":"image\/jpeg"}],"author":"Radio Ljubu\u0161ki","twitter_card":"summary_large_image","twitter_creator":"@radioljubuski","twitter_site":"@radioljubuski","twitter_misc":{"Napisao\/la":"Radio Ljubu\u0161ki","Procijenjeno vrijeme \u010ditanja":"2 minute"},"schema":{"@context":"https:\/\/schema.org","@graph":[{"@type":"Article","@id":"https:\/\/radioljubuski.ba\/index.php\/2021\/10\/12\/zavrsena-sapunica-u-nba-u-simmons-se-prikljucio-momcadi\/#article","isPartOf":{"@id":"https:\/\/radioljubuski.ba\/index.php\/2021\/10\/12\/zavrsena-sapunica-u-nba-u-simmons-se-prikljucio-momcadi\/"},"author":{"name":"Radio Ljubu\u0161ki","@id":"https:\/\/radioljubuski.ba\/#\/schema\/person\/19fc700381a780f69665d7956c469e3b"},"headline":"Zavr\u0161ena &#8220;sapunica&#8221; u NBA-u: Simmons se priklju\u010dio mom\u010dadi","datePublished":"2021-10-12T09:15:16+00:00","mainEntityOfPage":{"@id":"https:\/\/radioljubuski.ba\/index.php\/2021\/10\/12\/zavrsena-sapunica-u-nba-u-simmons-se-prikljucio-momcadi\/"},"wordCount":310,"publisher":{"@id":"https:\/\/radioljubuski.ba\/#organization"},"image":{"@id":"https:\/\/radioljubuski.ba\/index.php\/2021\/10\/12\/zavrsena-sapunica-u-nba-u-simmons-se-prikljucio-momcadi\/#primaryimage"},"thumbnailUrl":"https:\/\/radioljubuski.ba\/wp-content\/uploads\/2021\/10\/22-4.jpg","articleSection":["\u0160port"],"inLanguage":"hr"},{"@type":"WebPage","@id":"https:\/\/radioljubuski.ba\/index.php\/2021\/10\/12\/zavrsena-sapunica-u-nba-u-simmons-se-prikljucio-momcadi\/","url":"https:\/\/radioljubuski.ba\/index.php\/2021\/10\/12\/zavrsena-sapunica-u-nba-u-simmons-se-prikljucio-momcadi\/","name":"Zavr\u0161ena \"sapunica\" u NBA-u: Simmons se priklju\u010dio mom\u010dadi - RADIO LJUBU\u0160KI","isPartOf":{"@id":"https:\/\/radioljubuski.ba\/#website"},"primaryImageOfPage":{"@id":"https:\/\/radioljubuski.ba\/index.php\/2021\/10\/12\/zavrsena-sapunica-u-nba-u-simmons-se-prikljucio-momcadi\/#primaryimage"},"image":{"@id":"https:\/\/radioljubuski.ba\/index.php\/2021\/10\/12\/zavrsena-sapunica-u-nba-u-simmons-se-prikljucio-momcadi\/#primaryimage"},"thumbnailUrl":"https:\/\/radioljubuski.ba\/wp-content\/uploads\/2021\/10\/22-4.jpg","datePublished":"2021-10-12T09:15:16+00:00","breadcrumb":{"@id":"https:\/\/radioljubuski.ba\/index.php\/2021\/10\/12\/zavrsena-sapunica-u-nba-u-simmons-se-prikljucio-momcadi\/#breadcrumb"},"inLanguage":"hr","potentialAction":[{"@type":"ReadAction","target":["https:\/\/radioljubuski.ba\/index.php\/2021\/10\/12\/zavrsena-sapunica-u-nba-u-simmons-se-prikljucio-momcadi\/"]}]},{"@type":"ImageObject","inLanguage":"hr","@id":"https:\/\/radioljubuski.ba\/index.php\/2021\/10\/12\/zavrsena-sapunica-u-nba-u-simmons-se-prikljucio-momcadi\/#primaryimage","url":"https:\/\/radioljubuski.ba\/wp-content\/uploads\/2021\/10\/22-4.jpg","contentUrl":"https:\/\/radioljubuski.ba\/wp-content\/uploads\/2021\/10\/22-4.jpg","width":268,"height":188},{"@type":"BreadcrumbList","@id":"https:\/\/radioljubuski.ba\/index.php\/2021\/10\/12\/zavrsena-sapunica-u-nba-u-simmons-se-prikljucio-momcadi\/#breadcrumb","itemListElement":[{"@type":"ListItem","position":1,"name":"Po\u010detna stranica","item":"https:\/\/radioljubuski.ba\/"},{"@type":"ListItem","position":2,"name":"Zavr\u0161ena &#8220;sapunica&#8221; u NBA-u: Simmons se priklju\u010dio mom\u010dadi"}]},{"@type":"WebSite","@id":"https:\/\/radioljubuski.ba\/#website","url":"https:\/\/radioljubuski.ba\/","name":"Radio Ljubu\u0161ki","description":"Sun\u010dana frekvencija Hercegovine","publisher":{"@id":"https:\/\/radioljubuski.ba\/#organization"},"potentialAction":[{"@type":"SearchAction","target":{"@type":"EntryPoint","urlTemplate":"https:\/\/radioljubuski.ba\/?s={search_term_string}"},"query-input":{"@type":"PropertyValueSpecification","valueRequired":true,"valueName":"search_term_string"}}],"inLanguage":"hr"},{"@type":"Organization","@id":"https:\/\/radioljubuski.ba\/#organization","name":"Radio Ljubu\u0161ki","url":"https:\/\/radioljubuski.ba\/","logo":{"@type":"ImageObject","inLanguage":"hr","@id":"https:\/\/radioljubuski.ba\/#\/schema\/logo\/image\/","url":"https:\/\/radioljubuski.ba\/wp-content\/uploads\/2021\/02\/cropped-Radio_Ljubuski_logo1.jpg","contentUrl":"https:\/\/radioljubuski.ba\/wp-content\/uploads\/2021\/02\/cropped-Radio_Ljubuski_logo1.jpg","width":512,"height":512,"caption":"Radio Ljubu\u0161ki"},"image":{"@id":"https:\/\/radioljubuski.ba\/#\/schema\/logo\/image\/"},"sameAs":["https:\/\/www.facebook.com\/Radiio-Ljubuski-1490835324566332","https:\/\/x.com\/radioljubuski","https:\/\/hr.linkedin.com\/company\/radio-ljubuski","https:\/\/www.youtube.com\/channel\/UCHYaeO_n0Db3tjNGudGpXyw"]},{"@type":"Person","@id":"https:\/\/radioljubuski.ba\/#\/schema\/person\/19fc700381a780f69665d7956c469e3b","name":"Radio Ljubu\u0161ki"}]}},"_links":{"self":[{"href":"https:\/\/radioljubuski.ba\/index.php\/wp-json\/wp\/v2\/posts\/74685","targetHints":{"allow":["GET"]}}],"collection":[{"href":"https:\/\/radioljubuski.ba\/index.php\/wp-json\/wp\/v2\/posts"}],"about":[{"href":"https:\/\/radioljubuski.ba\/index.php\/wp-json\/wp\/v2\/types\/post"}],"author":[{"embeddable":true,"href":"https:\/\/radioljubuski.ba\/index.php\/wp-json\/wp\/v2\/users\/2"}],"replies":[{"embeddable":true,"href":"https:\/\/radioljubuski.ba\/index.php\/wp-json\/wp\/v2\/comments?post=74685"}],"version-history":[{"count":1,"href":"https:\/\/radioljubuski.ba\/index.php\/wp-json\/wp\/v2\/posts\/74685\/revisions"}],"predecessor-version":[{"id":74687,"href":"https:\/\/radioljubuski.ba\/index.php\/wp-json\/wp\/v2\/posts\/74685\/revisions\/74687"}],"wp:featuredmedia":[{"embeddable":true,"href":"https:\/\/radioljubuski.ba\/index.php\/wp-json\/wp\/v2\/media\/74686"}],"wp:attachment":[{"href":"https:\/\/radioljubuski.ba\/index.php\/wp-json\/wp\/v2\/media?parent=74685"}],"wp:term":[{"taxonomy":"category","embeddable":true,"href":"https:\/\/radioljubuski.ba\/index.php\/wp-json\/wp\/v2\/categories?post=74685"},{"taxonomy":"post_tag","embeddable":true,"href":"https:\/\/radioljubuski.ba\/index.php\/wp-json\/wp\/v2\/tags?post=74685"}],"curies":[{"name":"wp","href":"https:\/\/api.w.org\/{rel}","templated":true}]}}