{"id":74706,"date":"2021-10-12T10:30:46","date_gmt":"2021-10-12T09:30:46","guid":{"rendered":"https:\/\/radioljubuski.ba\/?p=74706"},"modified":"2021-10-12T10:37:20","modified_gmt":"2021-10-12T09:37:20","slug":"12-listopada-1995-zasto-je-medunarodna-zajednica-zaustavila-hrvate-pred-banja-lukom","status":"publish","type":"post","link":"https:\/\/radioljubuski.ba\/index.php\/2021\/10\/12\/12-listopada-1995-zasto-je-medunarodna-zajednica-zaustavila-hrvate-pred-banja-lukom\/","title":{"rendered":"12. listopada 1995. Za\u0161to je me\u0111unarodna zajednica zaustavila Hrvate pred Banja Lukom?"},"content":{"rendered":"\n<p><strong>Zauzimanjem Banja Luke, svaki otpor Srba u BiH bio bi zaustavljen, neprijateljska vojska potpuno pora\u017eena i danas bi politi\u010dka i geostrate\u0161ka situacija na ovim prostorima izgledala druk\u010dije.<\/strong><\/p>\n\n\n\n<p><strong>Akcija Ju\u017eni potez, prekinuta je na zahtjev me\u0111unarodne zajednice u trenutku kad su se hrvatske snage nalazile na samo 23 kilometara od Banja Luke, nezaustavljivo napredovale progone\u0107i srpsku vojsku u bijegu. Srpski civili u panici bje\u017ee prema Srbiji, a sve to\u010dke otpora do samog grada Banja Luke su slomljene u prethodnim \u017eestokim borbama (\u0160ipovo, Mrkonji\u0107 grad, HE Bo\u010dac).<\/strong><\/p>\n\n\n\n<p><strong>Banja Luka je bila na dlanu hrvatskog vojnika u zenitu njegove vojne snage.<\/strong><\/p>\n\n\n\n<p>Srpske snage, I. i II. korpus bosanskih Srba, potpuno su razbijene i u kaosu se povla\u010de prema Banjoj Luci. Tako\u0111er, stvorila se velika kolona desetina tisu\u0107a srpskih izbjeglica koje su se na\u0161le u Banjoj Luci i namjeravale bje\u017eati prema isto\u010dnoj Bosni i Srbiji. Posvuda se glasno \u0161pekuliralo o padu Banje Luke, panika u redovima demoralizirane srpske vojske je bila na vrhuncu. Srpski vrh je u panici: eventualni pad Banja Luke psiholo\u0161ki bi odjeknuo poput pada Knina. Sve to bi potpuno demoraliziralo Srbe u Bosni i Hercegovini, pa bi padom Banja Luke prakti\u010dki pala i cijela Republika Srpska jer bi vrlo brzo cijeli srpski teritorij, pi\u0161e <a href=\"http:\/\/blog.dnevnik.hr\/perunweiss\/2012\/09\/1631046366\/zasto-je-zaustavljen-napad-na-banja-luku-1995g.html\">blog.dnevnik.hr.<\/a><\/p>\n\n\n\n<p>No, politi\u010dka i geostrate\u0161ka situacija nije bila sklona ulasku savezni\u010dkih hrvatskih i bo\u0161nja\u010dkih snaga, u sredi\u0161te srpske paradr\u017eave u BiH nastale na genocidu \u2013 Banju Luku. Valja napomenuti da je Banja Luka, \u010dak i prije ovog posljednjeg rata, uvijek imala dominantnu hrvatsku i muslimansku ve\u0107inu, a osobito prije II. svjetskog rata.<\/p>\n\n\n\n<p>Sve je to u\u010dinjeno prvenstveno zbog toga \u0161to bi se time pokrenula nova, ovaj put mo\u017eda najve\u0107a izbjegli\u010dka kriza u Srbiji koja bi mogla izravno uklju\u010diti tada\u0161nju Vojsku SR Jugoslavije u rat \u010dime bi se situacija znatno zakomplicirala, \u010dak i eventualnim ulaskom vojske Srbije u BiH.<\/p>\n\n\n\n<p>Stoga je po\u010deo znatan pritisak me\u0111unarodne zajednice na vo\u0111u pobjedni\u010dke Hrvatske vojske \u2013&nbsp; predsjednika dr. Franju Tu\u0111mana. Naime, HV je bila glavni nositelj sloma i poraza Srba u Hrvatskoj i BiH. Tra\u017eilo se da nikako ne nastavi napadne operacije, pri \u010demu se izravno prijetilo i napadom NATO zrakoplovstva na HV i HVO, premda je Alija Izetbegovi\u0107 poru\u010divao Franji Tu\u0111manu da je on spreman riskirati i ipak zauzeti Banja Luku.<\/p>\n\n\n\n<p>Akcija Ju\u017eni potez je tako prekinuta na ultimativni zahtjev me\u0111unarodne zajednice u trenutku dok su se hrvatske snage u velikom napredovanju nalazile na samo 23 kilometara od Banja Luke, a Armija BiH na ulazu u Prijedor. Pad tih gradova zna\u010di da je sljede\u0107i veliki grad isto\u010dno pod kontrolom Srba bio tek Br\u010dko (cestovno udaljen gotovo 200 km od Banja Luke), a koji bi pao kao \u201elatica od ru\u017ee\u201c zbog svog nezavidnog polo\u017eaja u odnosu na Hrvatsku i ju\u017enu tuzlansku regiju pod kontrolom Bo\u0161njaka. A do granice sa Srbijom bi ostala samo Bijeljina, neveliki grad u sjevernoj Bosni.<\/p>\n\n\n\n<p>Padom Banja Luke pala bi cijela Republika Srpska.<\/p>\n\n\n\n<p><strong>\u0160to je htjela, zapravo, Europa i me\u0111unarodna zajednica?<\/strong><\/p>\n\n\n\n<p>Europa, kao i zapadna diplomacija, uvijek je bila leglo cinizma i to se moglo i\u0161\u010ditati i na primjerima tijekom rata u biv\u0161oj Jugoslaviji, a poglavito u politici prema Bosni i Hercegovini. Nakon pregr\u0161t optu\u017ebi u smjeru Tu\u0111mana kako je otvoreno planirao izvr\u0161iti podjelu BiH, Europa i SAD \u010dine upravo to \u2013 Daytonskim sporazumom. Ali to rade mudro i lukavo. U trenutku kada je bilo jasno da snage HV-a i ABiH nezaustavljivo napreduju i da \u0107e Srbi potpuno biti pora\u017eeni, alarmni sustavi po svim euro dr\u017eavama su se upalili.<\/p>\n\n\n\n<p>Dok je Hrvatska krvarila, dok se doga\u0111ao Vukovar i Srebrenica, nije bilo nikakvog takvog vojnog pritiska ili djelovanja NATO snaga kontra vi\u0161estruko nadmo\u0107nije JNA i Srba protiv braniteljskih snaga.<br><strong><br>\u0160to se ustvari doga\u0111a?<\/strong><\/p>\n\n\n\n<p>Odlu\u010dnom diplomatskom reakcijom, dapa\u010de i uz prijetnju uporabe NATO snaga protiv savezni\u010dkih HV-a i Armije BiH, me\u0111unarodna zajednica zaustavlja veliku vojnu operaciju i spa\u0161ava Srbe unaprijed odre\u0111enim mirovnim planom, prema kojemu Srbi dobivaju 49 % teritorija BiH s koridorom koji ih spaja sa Srbijom!<\/p>\n\n\n\n<p>Jedan od glavnih razloga mo\u017ee biti upravo taj \u0161to me\u0111unarodna zajednica u tom trenutku nije htjela stvarati dominantno prevladavaju\u0107u bo\u0161nja\u010dko-muslimansku BiH, jer bi egzodus Srba iz BiH i prisutnost bitno malobrojnijih Hrvata u BiH mogao zna\u010diti upravo to. Ustvari, to je jo\u0161 jedno potencijalno osiguranje u slu\u010daju nekakvog budu\u0107eg vojnog poku\u0161aja Bo\u0161njaka, pa Bo\u0161njaci, zajedno s Hrvatima dobivaju tek preostalih 51 posto teritorija BiH (danas se vidi da je to bitno na \u0161tetu Hrvata).<\/p>\n\n\n\n<p>Ta formula i taj omjer bio je dovoljan da odr\u017ei vagu u vodoravnom polo\u017eaju jedno du\u017ee vrijeme.<\/p>\n\n\n\n<p>Razlog mo\u017ee biti i taj \u0161to se BiH htjelo stvoriti \u201estanje ravnote\u017ee\u201c u odnosu na Hrvatsku i Srbiju, stanje bez stvarnog ratnog pobjednika i gubitnika, te ostaviti BiH kao potencijalno trajno \u201ebure baruta\u201c u nekakvim budu\u0107im preslagivanjima svijeta.<\/p>\n\n\n\n<p>Zato je i Srbima dopu\u0161teno toliko (pre)velikih ustupaka, iako su bili doslovno slomljeni i vojno pora\u017eeni do kapitulacije, jer ako oni, kao druga po veli\u010dini etni\u010dka zajednica u BiH, imaju autonomiju unutar dr\u017eave, onda \u0107e na taj na\u010din uvijek uspijevati, naravno, uz pomo\u0107 me\u0111unarodne zajednice, obuzdavati \u017eelju Bo\u0161njaka za potpunom kontrolom Bosne i Hercegovine. Kada se tu jo\u0161 uklju\u010de i Hrvati, \u0161to je bilo za o\u010dekivati, onda Bo\u0161njaci vi\u0161e nemaju ve\u0107inu i mogu\u0107nost stvaranja ve\u0107inski muslimanske dr\u017eave u Europi, \u0161to je mo\u017eda tada bio i glavni cilj me\u0111unarodne zajednice.<\/p>\n\n\n\n<p><strong>Bosna i Hercegovina i danas potencijalna tempirana bomba<\/strong><\/p>\n\n\n\n<p>Danas, nakon vi\u0161e od dvadeset godina, karte su u Europi izmije\u0161ane dosta druga\u010dije. Europa je velikim djelom bitno promijenila svoj identitet i izgled, milijuni izbjeglica iz Afrike i Azije, ve\u0107inom muslimana, pristigli velikim mar\u0161evima preko \u201eotvorenih granica\u201c EU u samo srce Europe. Bombe, eksplozije i teror vladaju diljem velikih gradova Europe.<\/p>\n\n\n\n<p>U me\u0111uvremenu, Rusija je pod Putinom vratila status svjetske velesile, a Kina postala jedna od najutjecajnijih dr\u017eava svijeta, te \u010dak i ona ima (ekonomskih) interesa na ovim prostorima. Kao i Njema\u010dka. Turska pod Erdoganom planira u BiH provo\u0111enje Davatogluovog plana neosmanizma, oslanjaju\u0107i se i na svoj jak utjecaj u dominantno islamskom Kosovu i Albaniji, ali i utjecaju na velike turkofilne zajednice u Srbiji, Makedoniji i Bugarskoj. Dok pokreti za neovisnost ili jake autonomije ja\u010daju u Kataloniji, \u0160kotskoj, Vojvodini, Korzici i drugdje, kao voda na mlin tvorevini stvorenoj na genocidu \u2013 Republici Srpskoj.<\/p>\n\n\n\n<p>Karte se ponovno naveliko mije\u0161aju, a BiH ostaje nakon 140 godina od ulaska vojske Austro-Ugarske i dalje potencijalna ratna bomba broj jedan u Europi. Je li zaustavljanje HV-a pred ulaskom u Banja Luku, \u0161to bi vjerojatno i zna\u010dilo izbijanje savezni\u010dkih HV-a, HVO-a i Armije BiH na granicu sa Srbijom na Drini, bio mudar potez me\u0111unarodne zajednice pokazati \u0107e dani i godine koje dolaze\u2026<\/p>\n\n\n\n<p><em>Izvor: narod.hr<\/em><\/p>\n","protected":false},"excerpt":{"rendered":"<p>Zauzimanjem Banja Luke, svaki otpor Srba u BiH bio bi zaustavljen, neprijateljska vojska potpuno pora\u017eena i danas bi politi\u010dka i geostrate\u0161ka situacija na ovim prostorima izgledala druk\u010dije. Akcija Ju\u017eni potez, prekinuta je na zahtjev me\u0111unarodne zajednice u trenutku kad su se hrvatske snage nalazile na samo 23 kilometara od Banja Luke, nezaustavljivo napredovale progone\u0107i srpsku [&hellip;]<\/p>\n","protected":false},"author":2,"featured_media":74707,"comment_status":"closed","ping_status":"closed","sticky":false,"template":"","format":"standard","meta":{"h5ap_radio_sources":[],"footnotes":""},"categories":[1],"tags":[],"class_list":["post-74706","post","type-post","status-publish","format-standard","has-post-thumbnail","hentry","category-bihiregija"],"yoast_head":"<!-- This site is optimized with the Yoast SEO plugin v27.4 - https:\/\/yoast.com\/product\/yoast-seo-wordpress\/ -->\n<title>12. listopada 1995. Za\u0161to je me\u0111unarodna zajednica zaustavila Hrvate pred Banja Lukom? - RADIO LJUBU\u0160KI<\/title>\n<meta name=\"robots\" content=\"index, follow, max-snippet:-1, max-image-preview:large, max-video-preview:-1\" \/>\n<link rel=\"canonical\" href=\"https:\/\/radioljubuski.ba\/index.php\/2021\/10\/12\/12-listopada-1995-zasto-je-medunarodna-zajednica-zaustavila-hrvate-pred-banja-lukom\/\" \/>\n<meta property=\"og:locale\" content=\"hr_HR\" \/>\n<meta property=\"og:type\" content=\"article\" \/>\n<meta property=\"og:title\" content=\"12. listopada 1995. Za\u0161to je me\u0111unarodna zajednica zaustavila Hrvate pred Banja Lukom? - RADIO LJUBU\u0160KI\" \/>\n<meta property=\"og:description\" content=\"Zauzimanjem Banja Luke, svaki otpor Srba u BiH bio bi zaustavljen, neprijateljska vojska potpuno pora\u017eena i danas bi politi\u010dka i geostrate\u0161ka situacija na ovim prostorima izgledala druk\u010dije. Akcija Ju\u017eni potez, prekinuta je na zahtjev me\u0111unarodne zajednice u trenutku kad su se hrvatske snage nalazile na samo 23 kilometara od Banja Luke, nezaustavljivo napredovale progone\u0107i srpsku [&hellip;]\" \/>\n<meta property=\"og:url\" content=\"https:\/\/radioljubuski.ba\/index.php\/2021\/10\/12\/12-listopada-1995-zasto-je-medunarodna-zajednica-zaustavila-hrvate-pred-banja-lukom\/\" \/>\n<meta property=\"og:site_name\" content=\"RADIO LJUBU\u0160KI\" \/>\n<meta property=\"article:publisher\" content=\"https:\/\/www.facebook.com\/Radiio-Ljubuski-1490835324566332\" \/>\n<meta property=\"article:published_time\" content=\"2021-10-12T09:30:46+00:00\" \/>\n<meta property=\"article:modified_time\" content=\"2021-10-12T09:37:20+00:00\" \/>\n<meta property=\"og:image\" content=\"https:\/\/radioljubuski.ba\/wp-content\/uploads\/2021\/10\/5987428622_6a19ef23d6_b-696x464-1.jpg\" \/>\n\t<meta property=\"og:image:width\" content=\"696\" \/>\n\t<meta property=\"og:image:height\" content=\"464\" \/>\n\t<meta property=\"og:image:type\" content=\"image\/jpeg\" \/>\n<meta name=\"author\" content=\"Radio Ljubu\u0161ki\" \/>\n<meta name=\"twitter:card\" content=\"summary_large_image\" \/>\n<meta name=\"twitter:creator\" content=\"@radioljubuski\" \/>\n<meta name=\"twitter:site\" content=\"@radioljubuski\" \/>\n<meta name=\"twitter:label1\" content=\"Napisao\/la\" \/>\n\t<meta name=\"twitter:data1\" content=\"Radio Ljubu\u0161ki\" \/>\n\t<meta name=\"twitter:label2\" content=\"Procijenjeno vrijeme \u010ditanja\" \/>\n\t<meta name=\"twitter:data2\" content=\"5 minuta\" \/>\n<script type=\"application\/ld+json\" class=\"yoast-schema-graph\">{\"@context\":\"https:\\\/\\\/schema.org\",\"@graph\":[{\"@type\":\"Article\",\"@id\":\"https:\\\/\\\/radioljubuski.ba\\\/index.php\\\/2021\\\/10\\\/12\\\/12-listopada-1995-zasto-je-medunarodna-zajednica-zaustavila-hrvate-pred-banja-lukom\\\/#article\",\"isPartOf\":{\"@id\":\"https:\\\/\\\/radioljubuski.ba\\\/index.php\\\/2021\\\/10\\\/12\\\/12-listopada-1995-zasto-je-medunarodna-zajednica-zaustavila-hrvate-pred-banja-lukom\\\/\"},\"author\":{\"name\":\"Radio Ljubu\u0161ki\",\"@id\":\"https:\\\/\\\/radioljubuski.ba\\\/#\\\/schema\\\/person\\\/19fc700381a780f69665d7956c469e3b\"},\"headline\":\"12. listopada 1995. Za\u0161to je me\u0111unarodna zajednica zaustavila Hrvate pred Banja Lukom?\",\"datePublished\":\"2021-10-12T09:30:46+00:00\",\"dateModified\":\"2021-10-12T09:37:20+00:00\",\"mainEntityOfPage\":{\"@id\":\"https:\\\/\\\/radioljubuski.ba\\\/index.php\\\/2021\\\/10\\\/12\\\/12-listopada-1995-zasto-je-medunarodna-zajednica-zaustavila-hrvate-pred-banja-lukom\\\/\"},\"wordCount\":1208,\"publisher\":{\"@id\":\"https:\\\/\\\/radioljubuski.ba\\\/#organization\"},\"image\":{\"@id\":\"https:\\\/\\\/radioljubuski.ba\\\/index.php\\\/2021\\\/10\\\/12\\\/12-listopada-1995-zasto-je-medunarodna-zajednica-zaustavila-hrvate-pred-banja-lukom\\\/#primaryimage\"},\"thumbnailUrl\":\"https:\\\/\\\/radioljubuski.ba\\\/wp-content\\\/uploads\\\/2021\\\/10\\\/5987428622_6a19ef23d6_b-696x464-1.jpg\",\"articleSection\":[\"BIH i regija\"],\"inLanguage\":\"hr\"},{\"@type\":\"WebPage\",\"@id\":\"https:\\\/\\\/radioljubuski.ba\\\/index.php\\\/2021\\\/10\\\/12\\\/12-listopada-1995-zasto-je-medunarodna-zajednica-zaustavila-hrvate-pred-banja-lukom\\\/\",\"url\":\"https:\\\/\\\/radioljubuski.ba\\\/index.php\\\/2021\\\/10\\\/12\\\/12-listopada-1995-zasto-je-medunarodna-zajednica-zaustavila-hrvate-pred-banja-lukom\\\/\",\"name\":\"12. listopada 1995. Za\u0161to je me\u0111unarodna zajednica zaustavila Hrvate pred Banja Lukom? - RADIO LJUBU\u0160KI\",\"isPartOf\":{\"@id\":\"https:\\\/\\\/radioljubuski.ba\\\/#website\"},\"primaryImageOfPage\":{\"@id\":\"https:\\\/\\\/radioljubuski.ba\\\/index.php\\\/2021\\\/10\\\/12\\\/12-listopada-1995-zasto-je-medunarodna-zajednica-zaustavila-hrvate-pred-banja-lukom\\\/#primaryimage\"},\"image\":{\"@id\":\"https:\\\/\\\/radioljubuski.ba\\\/index.php\\\/2021\\\/10\\\/12\\\/12-listopada-1995-zasto-je-medunarodna-zajednica-zaustavila-hrvate-pred-banja-lukom\\\/#primaryimage\"},\"thumbnailUrl\":\"https:\\\/\\\/radioljubuski.ba\\\/wp-content\\\/uploads\\\/2021\\\/10\\\/5987428622_6a19ef23d6_b-696x464-1.jpg\",\"datePublished\":\"2021-10-12T09:30:46+00:00\",\"dateModified\":\"2021-10-12T09:37:20+00:00\",\"breadcrumb\":{\"@id\":\"https:\\\/\\\/radioljubuski.ba\\\/index.php\\\/2021\\\/10\\\/12\\\/12-listopada-1995-zasto-je-medunarodna-zajednica-zaustavila-hrvate-pred-banja-lukom\\\/#breadcrumb\"},\"inLanguage\":\"hr\",\"potentialAction\":[{\"@type\":\"ReadAction\",\"target\":[\"https:\\\/\\\/radioljubuski.ba\\\/index.php\\\/2021\\\/10\\\/12\\\/12-listopada-1995-zasto-je-medunarodna-zajednica-zaustavila-hrvate-pred-banja-lukom\\\/\"]}]},{\"@type\":\"ImageObject\",\"inLanguage\":\"hr\",\"@id\":\"https:\\\/\\\/radioljubuski.ba\\\/index.php\\\/2021\\\/10\\\/12\\\/12-listopada-1995-zasto-je-medunarodna-zajednica-zaustavila-hrvate-pred-banja-lukom\\\/#primaryimage\",\"url\":\"https:\\\/\\\/radioljubuski.ba\\\/wp-content\\\/uploads\\\/2021\\\/10\\\/5987428622_6a19ef23d6_b-696x464-1.jpg\",\"contentUrl\":\"https:\\\/\\\/radioljubuski.ba\\\/wp-content\\\/uploads\\\/2021\\\/10\\\/5987428622_6a19ef23d6_b-696x464-1.jpg\",\"width\":696,\"height\":464},{\"@type\":\"BreadcrumbList\",\"@id\":\"https:\\\/\\\/radioljubuski.ba\\\/index.php\\\/2021\\\/10\\\/12\\\/12-listopada-1995-zasto-je-medunarodna-zajednica-zaustavila-hrvate-pred-banja-lukom\\\/#breadcrumb\",\"itemListElement\":[{\"@type\":\"ListItem\",\"position\":1,\"name\":\"Po\u010detna stranica\",\"item\":\"https:\\\/\\\/radioljubuski.ba\\\/\"},{\"@type\":\"ListItem\",\"position\":2,\"name\":\"12. listopada 1995. Za\u0161to je me\u0111unarodna zajednica zaustavila Hrvate pred Banja Lukom?\"}]},{\"@type\":\"WebSite\",\"@id\":\"https:\\\/\\\/radioljubuski.ba\\\/#website\",\"url\":\"https:\\\/\\\/radioljubuski.ba\\\/\",\"name\":\"Radio Ljubu\u0161ki\",\"description\":\"Sun\u010dana frekvencija Hercegovine\",\"publisher\":{\"@id\":\"https:\\\/\\\/radioljubuski.ba\\\/#organization\"},\"potentialAction\":[{\"@type\":\"SearchAction\",\"target\":{\"@type\":\"EntryPoint\",\"urlTemplate\":\"https:\\\/\\\/radioljubuski.ba\\\/?s={search_term_string}\"},\"query-input\":{\"@type\":\"PropertyValueSpecification\",\"valueRequired\":true,\"valueName\":\"search_term_string\"}}],\"inLanguage\":\"hr\"},{\"@type\":\"Organization\",\"@id\":\"https:\\\/\\\/radioljubuski.ba\\\/#organization\",\"name\":\"Radio Ljubu\u0161ki\",\"url\":\"https:\\\/\\\/radioljubuski.ba\\\/\",\"logo\":{\"@type\":\"ImageObject\",\"inLanguage\":\"hr\",\"@id\":\"https:\\\/\\\/radioljubuski.ba\\\/#\\\/schema\\\/logo\\\/image\\\/\",\"url\":\"https:\\\/\\\/radioljubuski.ba\\\/wp-content\\\/uploads\\\/2021\\\/02\\\/cropped-Radio_Ljubuski_logo1.jpg\",\"contentUrl\":\"https:\\\/\\\/radioljubuski.ba\\\/wp-content\\\/uploads\\\/2021\\\/02\\\/cropped-Radio_Ljubuski_logo1.jpg\",\"width\":512,\"height\":512,\"caption\":\"Radio Ljubu\u0161ki\"},\"image\":{\"@id\":\"https:\\\/\\\/radioljubuski.ba\\\/#\\\/schema\\\/logo\\\/image\\\/\"},\"sameAs\":[\"https:\\\/\\\/www.facebook.com\\\/Radiio-Ljubuski-1490835324566332\",\"https:\\\/\\\/x.com\\\/radioljubuski\",\"https:\\\/\\\/hr.linkedin.com\\\/company\\\/radio-ljubuski\",\"https:\\\/\\\/www.youtube.com\\\/channel\\\/UCHYaeO_n0Db3tjNGudGpXyw\"]},{\"@type\":\"Person\",\"@id\":\"https:\\\/\\\/radioljubuski.ba\\\/#\\\/schema\\\/person\\\/19fc700381a780f69665d7956c469e3b\",\"name\":\"Radio Ljubu\u0161ki\"}]}<\/script>\n<!-- \/ Yoast SEO plugin. -->","yoast_head_json":{"title":"12. listopada 1995. Za\u0161to je me\u0111unarodna zajednica zaustavila Hrvate pred Banja Lukom? - RADIO LJUBU\u0160KI","robots":{"index":"index","follow":"follow","max-snippet":"max-snippet:-1","max-image-preview":"max-image-preview:large","max-video-preview":"max-video-preview:-1"},"canonical":"https:\/\/radioljubuski.ba\/index.php\/2021\/10\/12\/12-listopada-1995-zasto-je-medunarodna-zajednica-zaustavila-hrvate-pred-banja-lukom\/","og_locale":"hr_HR","og_type":"article","og_title":"12. listopada 1995. Za\u0161to je me\u0111unarodna zajednica zaustavila Hrvate pred Banja Lukom? - RADIO LJUBU\u0160KI","og_description":"Zauzimanjem Banja Luke, svaki otpor Srba u BiH bio bi zaustavljen, neprijateljska vojska potpuno pora\u017eena i danas bi politi\u010dka i geostrate\u0161ka situacija na ovim prostorima izgledala druk\u010dije. Akcija Ju\u017eni potez, prekinuta je na zahtjev me\u0111unarodne zajednice u trenutku kad su se hrvatske snage nalazile na samo 23 kilometara od Banja Luke, nezaustavljivo napredovale progone\u0107i srpsku [&hellip;]","og_url":"https:\/\/radioljubuski.ba\/index.php\/2021\/10\/12\/12-listopada-1995-zasto-je-medunarodna-zajednica-zaustavila-hrvate-pred-banja-lukom\/","og_site_name":"RADIO LJUBU\u0160KI","article_publisher":"https:\/\/www.facebook.com\/Radiio-Ljubuski-1490835324566332","article_published_time":"2021-10-12T09:30:46+00:00","article_modified_time":"2021-10-12T09:37:20+00:00","og_image":[{"width":696,"height":464,"url":"https:\/\/radioljubuski.ba\/wp-content\/uploads\/2021\/10\/5987428622_6a19ef23d6_b-696x464-1.jpg","type":"image\/jpeg"}],"author":"Radio Ljubu\u0161ki","twitter_card":"summary_large_image","twitter_creator":"@radioljubuski","twitter_site":"@radioljubuski","twitter_misc":{"Napisao\/la":"Radio Ljubu\u0161ki","Procijenjeno vrijeme \u010ditanja":"5 minuta"},"schema":{"@context":"https:\/\/schema.org","@graph":[{"@type":"Article","@id":"https:\/\/radioljubuski.ba\/index.php\/2021\/10\/12\/12-listopada-1995-zasto-je-medunarodna-zajednica-zaustavila-hrvate-pred-banja-lukom\/#article","isPartOf":{"@id":"https:\/\/radioljubuski.ba\/index.php\/2021\/10\/12\/12-listopada-1995-zasto-je-medunarodna-zajednica-zaustavila-hrvate-pred-banja-lukom\/"},"author":{"name":"Radio Ljubu\u0161ki","@id":"https:\/\/radioljubuski.ba\/#\/schema\/person\/19fc700381a780f69665d7956c469e3b"},"headline":"12. listopada 1995. Za\u0161to je me\u0111unarodna zajednica zaustavila Hrvate pred Banja Lukom?","datePublished":"2021-10-12T09:30:46+00:00","dateModified":"2021-10-12T09:37:20+00:00","mainEntityOfPage":{"@id":"https:\/\/radioljubuski.ba\/index.php\/2021\/10\/12\/12-listopada-1995-zasto-je-medunarodna-zajednica-zaustavila-hrvate-pred-banja-lukom\/"},"wordCount":1208,"publisher":{"@id":"https:\/\/radioljubuski.ba\/#organization"},"image":{"@id":"https:\/\/radioljubuski.ba\/index.php\/2021\/10\/12\/12-listopada-1995-zasto-je-medunarodna-zajednica-zaustavila-hrvate-pred-banja-lukom\/#primaryimage"},"thumbnailUrl":"https:\/\/radioljubuski.ba\/wp-content\/uploads\/2021\/10\/5987428622_6a19ef23d6_b-696x464-1.jpg","articleSection":["BIH i regija"],"inLanguage":"hr"},{"@type":"WebPage","@id":"https:\/\/radioljubuski.ba\/index.php\/2021\/10\/12\/12-listopada-1995-zasto-je-medunarodna-zajednica-zaustavila-hrvate-pred-banja-lukom\/","url":"https:\/\/radioljubuski.ba\/index.php\/2021\/10\/12\/12-listopada-1995-zasto-je-medunarodna-zajednica-zaustavila-hrvate-pred-banja-lukom\/","name":"12. listopada 1995. Za\u0161to je me\u0111unarodna zajednica zaustavila Hrvate pred Banja Lukom? - RADIO LJUBU\u0160KI","isPartOf":{"@id":"https:\/\/radioljubuski.ba\/#website"},"primaryImageOfPage":{"@id":"https:\/\/radioljubuski.ba\/index.php\/2021\/10\/12\/12-listopada-1995-zasto-je-medunarodna-zajednica-zaustavila-hrvate-pred-banja-lukom\/#primaryimage"},"image":{"@id":"https:\/\/radioljubuski.ba\/index.php\/2021\/10\/12\/12-listopada-1995-zasto-je-medunarodna-zajednica-zaustavila-hrvate-pred-banja-lukom\/#primaryimage"},"thumbnailUrl":"https:\/\/radioljubuski.ba\/wp-content\/uploads\/2021\/10\/5987428622_6a19ef23d6_b-696x464-1.jpg","datePublished":"2021-10-12T09:30:46+00:00","dateModified":"2021-10-12T09:37:20+00:00","breadcrumb":{"@id":"https:\/\/radioljubuski.ba\/index.php\/2021\/10\/12\/12-listopada-1995-zasto-je-medunarodna-zajednica-zaustavila-hrvate-pred-banja-lukom\/#breadcrumb"},"inLanguage":"hr","potentialAction":[{"@type":"ReadAction","target":["https:\/\/radioljubuski.ba\/index.php\/2021\/10\/12\/12-listopada-1995-zasto-je-medunarodna-zajednica-zaustavila-hrvate-pred-banja-lukom\/"]}]},{"@type":"ImageObject","inLanguage":"hr","@id":"https:\/\/radioljubuski.ba\/index.php\/2021\/10\/12\/12-listopada-1995-zasto-je-medunarodna-zajednica-zaustavila-hrvate-pred-banja-lukom\/#primaryimage","url":"https:\/\/radioljubuski.ba\/wp-content\/uploads\/2021\/10\/5987428622_6a19ef23d6_b-696x464-1.jpg","contentUrl":"https:\/\/radioljubuski.ba\/wp-content\/uploads\/2021\/10\/5987428622_6a19ef23d6_b-696x464-1.jpg","width":696,"height":464},{"@type":"BreadcrumbList","@id":"https:\/\/radioljubuski.ba\/index.php\/2021\/10\/12\/12-listopada-1995-zasto-je-medunarodna-zajednica-zaustavila-hrvate-pred-banja-lukom\/#breadcrumb","itemListElement":[{"@type":"ListItem","position":1,"name":"Po\u010detna stranica","item":"https:\/\/radioljubuski.ba\/"},{"@type":"ListItem","position":2,"name":"12. listopada 1995. Za\u0161to je me\u0111unarodna zajednica zaustavila Hrvate pred Banja Lukom?"}]},{"@type":"WebSite","@id":"https:\/\/radioljubuski.ba\/#website","url":"https:\/\/radioljubuski.ba\/","name":"Radio Ljubu\u0161ki","description":"Sun\u010dana frekvencija Hercegovine","publisher":{"@id":"https:\/\/radioljubuski.ba\/#organization"},"potentialAction":[{"@type":"SearchAction","target":{"@type":"EntryPoint","urlTemplate":"https:\/\/radioljubuski.ba\/?s={search_term_string}"},"query-input":{"@type":"PropertyValueSpecification","valueRequired":true,"valueName":"search_term_string"}}],"inLanguage":"hr"},{"@type":"Organization","@id":"https:\/\/radioljubuski.ba\/#organization","name":"Radio Ljubu\u0161ki","url":"https:\/\/radioljubuski.ba\/","logo":{"@type":"ImageObject","inLanguage":"hr","@id":"https:\/\/radioljubuski.ba\/#\/schema\/logo\/image\/","url":"https:\/\/radioljubuski.ba\/wp-content\/uploads\/2021\/02\/cropped-Radio_Ljubuski_logo1.jpg","contentUrl":"https:\/\/radioljubuski.ba\/wp-content\/uploads\/2021\/02\/cropped-Radio_Ljubuski_logo1.jpg","width":512,"height":512,"caption":"Radio Ljubu\u0161ki"},"image":{"@id":"https:\/\/radioljubuski.ba\/#\/schema\/logo\/image\/"},"sameAs":["https:\/\/www.facebook.com\/Radiio-Ljubuski-1490835324566332","https:\/\/x.com\/radioljubuski","https:\/\/hr.linkedin.com\/company\/radio-ljubuski","https:\/\/www.youtube.com\/channel\/UCHYaeO_n0Db3tjNGudGpXyw"]},{"@type":"Person","@id":"https:\/\/radioljubuski.ba\/#\/schema\/person\/19fc700381a780f69665d7956c469e3b","name":"Radio Ljubu\u0161ki"}]}},"_links":{"self":[{"href":"https:\/\/radioljubuski.ba\/index.php\/wp-json\/wp\/v2\/posts\/74706","targetHints":{"allow":["GET"]}}],"collection":[{"href":"https:\/\/radioljubuski.ba\/index.php\/wp-json\/wp\/v2\/posts"}],"about":[{"href":"https:\/\/radioljubuski.ba\/index.php\/wp-json\/wp\/v2\/types\/post"}],"author":[{"embeddable":true,"href":"https:\/\/radioljubuski.ba\/index.php\/wp-json\/wp\/v2\/users\/2"}],"replies":[{"embeddable":true,"href":"https:\/\/radioljubuski.ba\/index.php\/wp-json\/wp\/v2\/comments?post=74706"}],"version-history":[{"count":2,"href":"https:\/\/radioljubuski.ba\/index.php\/wp-json\/wp\/v2\/posts\/74706\/revisions"}],"predecessor-version":[{"id":74712,"href":"https:\/\/radioljubuski.ba\/index.php\/wp-json\/wp\/v2\/posts\/74706\/revisions\/74712"}],"wp:featuredmedia":[{"embeddable":true,"href":"https:\/\/radioljubuski.ba\/index.php\/wp-json\/wp\/v2\/media\/74707"}],"wp:attachment":[{"href":"https:\/\/radioljubuski.ba\/index.php\/wp-json\/wp\/v2\/media?parent=74706"}],"wp:term":[{"taxonomy":"category","embeddable":true,"href":"https:\/\/radioljubuski.ba\/index.php\/wp-json\/wp\/v2\/categories?post=74706"},{"taxonomy":"post_tag","embeddable":true,"href":"https:\/\/radioljubuski.ba\/index.php\/wp-json\/wp\/v2\/tags?post=74706"}],"curies":[{"name":"wp","href":"https:\/\/api.w.org\/{rel}","templated":true}]}}