{"id":749,"date":"2021-03-02T11:34:10","date_gmt":"2021-03-02T11:34:10","guid":{"rendered":"https:\/\/radioljubuski.ba\/?p=749"},"modified":"2021-03-02T11:34:10","modified_gmt":"2021-03-02T11:34:10","slug":"u-hamburgu-helikopter-tjerao-ljude-iz-parka-u-dusseldorfu-kazne-za-sjedenje-na-klupi","status":"publish","type":"post","link":"https:\/\/radioljubuski.ba\/index.php\/2021\/03\/02\/u-hamburgu-helikopter-tjerao-ljude-iz-parka-u-dusseldorfu-kazne-za-sjedenje-na-klupi\/","title":{"rendered":"U Hamburgu helikopter tjerao ljude iz parka, u Dusseldorfu kazne za sjedenje na klupi"},"content":{"rendered":"\n<p><strong>Gradska uprava D\u00fcsseldorfa donijela je odluku kojom se gra\u0111anima na glavnim \u0161etali\u0161tima u gradu i uz rijeku Rajnu zabranjuje zadr\u017eavanje na jednom mjestu. O ovoj mjeri pi\u0161e i politi\u010dki magazin Der Spiegel.<\/strong><\/p>\n\n\n\n<p>Budu\u0107i da su s dolaskom sun\u010danih dana popularno \u0161etali\u0161te na rijeci Rajni u D\u00fcsseldorfu preplavile tisu\u0107e ljudi, koji su hodali uz rijeku ili sjedili u\u017eivaju\u0107i u suncu, gradska uprava je, obzirom na nemogu\u0107nost pridr\u017eavanja pravila o fizi\u010dkoj distanci, donijela odluku da gra\u0111anima zabrani zadr\u017eavanje na jednom mjestu. Zabrana \u0107e ostati na snazi do 14. o\u017eujka. Tako su protekli vikend \u0161eta\u010di na Rajni, koji bi se zaustavili da popiju kavu, ne\u0161to pojedu ili su planirali piknik zauzimaju\u0107i svaku slobodnu povr\u0161inu na okolnim travnjacima, pozivani putem megafona da \u2013 krenu dalje, pi\u0161e DW.<\/p>\n\n\n\n<p>Politi\u010dki magazin Der Spiegel svoj reporta\u017eni zapis o tome po\u010dinje ovako: \u201cIz zvu\u010dnika kombija komunalnih redara (Ordnungsamt) odjekuje strogi mu\u0161ki glas, koji poru\u010duje: Nema zadr\u017eavanja! Ova slu\u017eba s policijom nadgleda pridr\u017eavanje novih pravila, \u010dije nepo\u0161tivanje predstavlja kr\u0161enje javnog reda i mira. Drugim rije\u010dima: ako sjednete na klupu pojesti sladoled, ako jednostavno zastanete i u\u017eivate u pogledu na nebo, riskirate kaznu u visini od 50 eura\u201d, pi\u0161e Der Spiegel.<\/p>\n\n\n\n<p>U \u010dlanku se opisuje situacija koja je vladala prije 10-ak dana, tijekom pretpro\u0161log vikenda i navodi se kako su brojni policajci i komunalni redari patrolirali \u201czabranjenom zonom\u201d grada. Ove mjere su va\u017ene kako bi se, kako Der Spiegel citira gradona\u010delnika D\u00fcsseldorfa Stephana Kellera (CDU) \u201c\u2026pomoglo ljudima da se bolje pridr\u017eavaju nu\u017enih pravila o za\u0161titi od koronavirusa\u201d.<\/p>\n\n\n\n<p>Jedan njema\u010dki gra\u0111anin je poku\u0161ao sprije\u010diti provo\u0111enje zabrane podno\u0161enjem tu\u017ebe po hitnom postupku. Ali u petak popodne (26.2.2021.) Upravni sud je odbacio njegovu tu\u017ebu. Sud je u obrazlo\u017eenju priop\u0107io kako je \u201czdravlje stanovni\u0161tva va\u017enije od privatnih interesa tu\u017eitelja\u201d.<\/p>\n\n\n\n<p><strong>Potjera u Hamburgu<\/strong><\/p>\n\n\n\n<p>Der Spiegel pi\u0161e i kako su drugi njema\u010dki gradovi poslali na teren brojne policajce i komunalne namje\u0161tenike kako bi nadzirali koriste li gra\u0111ani za\u0161titne maske i na otvorenom. Tako je u Hamburgu jedan policijski helikopter kru\u017eio iznad parka Alster, kako bi se sprije\u010dilo da do\u0111e do ve\u0107ih okupljanja ljudi.<\/p>\n\n\n\n<blockquote class=\"twitter-tweet\"><p lang=\"und\" dir=\"ltr\">Nije snimanje trailera za novu verziju GTA. A ni lov na nekog serijskog ubojicu. Policija u Hamburgu s 2 vozila kroz park juri za 17-godi\u0161njim de\u010dkom \u010diji je jedini &#39;zlo\u010din&#39; \u0161to je zagrlio frendove s kojima se pozdravio uz high five. <a href=\"https:\/\/twitter.com\/hashtag\/Njema%C4%8Dka?src=hash&amp;ref_src=twsrc%5Etfw\">#Njema\u010dka<\/a> <a href=\"https:\/\/twitter.com\/hashtag\/COVID%E3%83%BC19?src=hash&amp;ref_src=twsrc%5Etfw\">#COVID\u30fc19<\/a> <a href=\"https:\/\/t.co\/ha4J0Dg3Vi\">pic.twitter.com\/ha4J0Dg3Vi<\/a><\/p>&mdash; Sre\u0107ko Mati\u0107 (@srecko_matic) <a href=\"https:\/\/twitter.com\/srecko_matic\/status\/1365370047712137217?ref_src=twsrc%5Etfw\">February 26, 2021<\/a><\/blockquote> <script async src=\"https:\/\/platform.twitter.com\/widgets.js\" charset=\"utf-8\"><\/script>\n\n\n\n<p>U petak je u tom gradu do\u0161lo i do velike potjere, u stilu holivudskih akcijskih filmova. Jedan mladi\u0107 je, u trenutku kada je pored njega prolazila policijska patrola, grlio svoje prijatelje i pozdravljao se s njima. Kada su ga policajci poku\u0161ali legitimirati, mladi\u0107 je pobjegao.<\/p>\n\n\n\n<p>Policija je krenula u potjeru za njim policijskim automobilom i \u2013 kako pokazuje video s mobitela jednog prolaznika \u2013 gotovo ga pregazila.<\/p>\n\n\n\n<p><strong>\u201cPre\u0161li granicu\u201d<\/strong><\/p>\n\n\n\n<p>Najnovije mjere u D\u00fcsseldorfu nisu bile bez u\u010dinka. Tijekom proteklog vikenda, usprkos predivnom sun\u010danom vremenu, na \u0161etali\u0161tu uz Rajnu bilo je manje ljudi nego obi\u010dno. Ali, \u201c\u010dini se da razumijevanje za ovakve mjere dramati\u010dno opada\u201d, pi\u0161e Der Spiegel navode\u0107i kako se na internetu sve vi\u0161e ljudi izruguje ovim propisima. Pritom se citira jednu mladu majku, koja, dok s djetetom u krilu sjedi na klupi, ka\u017ee kako se \u201cpre\u0161lo granicu, taj osje\u0107aj imaju \u010dak i oni koji su spremni podr\u017eati mjere\u201d.<\/p>\n\n\n\n<p>Samo \u0161to je sjela, nastavlja Der Spiegel, dvoje komunalnih redara ljubazno su od nje zatra\u017ei da ustane i krene dalje, uz opasku: \u2018Danas \u0107emo vam dati samo opomenu\u2018. Mama poslu\u0161no ustaje, a petogodi\u0161nji sin je pita: \u2018Jesmo li ne\u0161to zabrljali?\u2018 U \u010dlanku se konstatira kako samo tvrdoglavi moraju platiti kaznu od 50 eura.<\/p>\n\n\n\n<p>Der Spiegel navodi i niz drugih apsurdnih situacija, s kojima su suo\u010deni ljudi koji su iza\u0161li na svje\u017e zrak. Tako je jedna \u010detvero\u010dlana obitelj, koja je sjela na klupu i otvorila papirnu vre\u0107icu s brzom hranom, odmah dobila opomenu. \u2018Jesti bez maske je u redu, ali samo dok \u0161etate\u2018, citira Der Spiegel jednu policajku. Obitelj nakon toga ustaje, \u010deka da se patrola udalji i zatim ponovno sjedne. Takva praksa je protekle subote u D\u00fcsseldorfu bila \u010desta.<\/p>\n\n\n\n<p><strong>\u201cPoliti\u010dari moraju biti oprezni da ne uni\u0161te socijalni mir\u201d<\/strong><\/p>\n\n\n\n<p>Der Spiegel navodi kako te mjere, bez obzira s kim se razgovara taj dan, svima idu predaleko, posebno vlasnicima restorana. Jedan gastronom, koji prolaznicima prodaje pivo, smatra da se problem mogao rije\u0161iti uvo\u0111enjem tzv. \u201cjednosmjernih ulica za \u0161eta\u010de\u201d.<\/p>\n\n\n\n<p>Druga \u017eena, Fadime Spyra, pita policajce smije li otvoriti svoj mini-bar za prodaju pi\u0107a na ulici, jer bi se mogao napraviti red, ali je dobila odgovor da je stajanje u redu izuzeto iz pravila o zabrani zadr\u017eavanja na jednom mjestu. Petnaestak ljudi, koji su nosili maske s natpisom: \u201cAngela Merkel mora oti\u0107i\u201d, okupilo se na protestu. I prije nego \u0161to je po\u010deo, prosvjed je prekinut. Thomas (43), s kojim je novinar Der Spiegela sjedio u vlaku na relaciji Wuppertal-D\u00fcsseldorf, smatra kako je to sada lov na ljude koji samo \u017eele malo iza\u0107i na svje\u017e zrak. Pita se tko bi jo\u0161 uop\u0107e trebao shvatiti te mjere i navodi da \u0107e oti\u0107i u \u0161etnju na drugu stranu Rajne \u2013 gdje nema kontrola.<\/p>\n\n\n\n<p>Ali postoje i oni koji stoje iza mjera. \u201cMnogi ljudi su jednostavno nerazumni\u201d, ka\u017ee jedna 61-godi\u0161njakinja koja je iza\u0161la u \u0161etnju sa svojim mu\u017eem. A da zabuna bude ve\u0107a, iz megafona slu\u017ebenog auta koji kru\u017ei D\u00fcsseldorfom odjekuje kako se gra\u0111ani moraju pridr\u017eavati mjera za za\u0161titu od \u201ctakozvanog koronavirusa\u201d. \u201cTo je formulacija koja otprilike tako zvu\u010di da kod prolaznika budi sumnju u to da i slu\u017ebenici javnog reda sumnjaju u postojanje virusa\u201d, ka\u017ee se u reporta\u017ei koju je objavio Der Spiegel.<\/p>\n\n\n\n<p><strong>Izvor: HMS<\/strong><\/p>\n","protected":false},"excerpt":{"rendered":"<p>Gradska uprava D\u00fcsseldorfa donijela je odluku kojom se gra\u0111anima na glavnim \u0161etali\u0161tima u gradu i uz rijeku Rajnu zabranjuje zadr\u017eavanje na jednom mjestu. O ovoj mjeri pi\u0161e i politi\u010dki magazin Der Spiegel. Budu\u0107i da su s dolaskom sun\u010danih dana popularno \u0161etali\u0161te na rijeci Rajni u D\u00fcsseldorfu preplavile tisu\u0107e ljudi, koji su hodali uz rijeku ili [&hellip;]<\/p>\n","protected":false},"author":2,"featured_media":750,"comment_status":"closed","ping_status":"closed","sticky":false,"template":"","format":"standard","meta":{"h5ap_radio_sources":[],"footnotes":""},"categories":[1],"tags":[],"class_list":["post-749","post","type-post","status-publish","format-standard","has-post-thumbnail","hentry","category-bihiregija"],"yoast_head":"<!-- This site is optimized with the Yoast SEO plugin v27.5 - https:\/\/yoast.com\/product\/yoast-seo-wordpress\/ -->\n<title>U Hamburgu helikopter tjerao ljude iz parka, u Dusseldorfu kazne za sjedenje na klupi - RADIO LJUBU\u0160KI<\/title>\n<meta name=\"robots\" content=\"index, follow, max-snippet:-1, max-image-preview:large, max-video-preview:-1\" \/>\n<link rel=\"canonical\" href=\"https:\/\/radioljubuski.ba\/index.php\/2021\/03\/02\/u-hamburgu-helikopter-tjerao-ljude-iz-parka-u-dusseldorfu-kazne-za-sjedenje-na-klupi\/\" \/>\n<meta property=\"og:locale\" content=\"hr_HR\" \/>\n<meta property=\"og:type\" content=\"article\" \/>\n<meta property=\"og:title\" content=\"U Hamburgu helikopter tjerao ljude iz parka, u Dusseldorfu kazne za sjedenje na klupi - RADIO LJUBU\u0160KI\" \/>\n<meta property=\"og:description\" content=\"Gradska uprava D\u00fcsseldorfa donijela je odluku kojom se gra\u0111anima na glavnim \u0161etali\u0161tima u gradu i uz rijeku Rajnu zabranjuje zadr\u017eavanje na jednom mjestu. O ovoj mjeri pi\u0161e i politi\u010dki magazin Der Spiegel. Budu\u0107i da su s dolaskom sun\u010danih dana popularno \u0161etali\u0161te na rijeci Rajni u D\u00fcsseldorfu preplavile tisu\u0107e ljudi, koji su hodali uz rijeku ili [&hellip;]\" \/>\n<meta property=\"og:url\" content=\"https:\/\/radioljubuski.ba\/index.php\/2021\/03\/02\/u-hamburgu-helikopter-tjerao-ljude-iz-parka-u-dusseldorfu-kazne-za-sjedenje-na-klupi\/\" \/>\n<meta property=\"og:site_name\" content=\"RADIO LJUBU\u0160KI\" \/>\n<meta property=\"article:publisher\" content=\"https:\/\/www.facebook.com\/Radiio-Ljubuski-1490835324566332\" \/>\n<meta property=\"article:published_time\" content=\"2021-03-02T11:34:10+00:00\" \/>\n<meta property=\"og:image\" content=\"https:\/\/radioljubuski.ba\/wp-content\/uploads\/2021\/03\/park.jpg\" \/>\n\t<meta property=\"og:image:width\" content=\"765\" \/>\n\t<meta property=\"og:image:height\" content=\"414\" \/>\n\t<meta property=\"og:image:type\" content=\"image\/jpeg\" \/>\n<meta name=\"author\" content=\"Radio Ljubu\u0161ki\" \/>\n<meta name=\"twitter:card\" content=\"summary_large_image\" \/>\n<meta name=\"twitter:creator\" content=\"@radioljubuski\" \/>\n<meta name=\"twitter:site\" content=\"@radioljubuski\" \/>\n<meta name=\"twitter:label1\" content=\"Napisao\/la\" \/>\n\t<meta name=\"twitter:data1\" content=\"Radio Ljubu\u0161ki\" \/>\n\t<meta name=\"twitter:label2\" content=\"Procijenjeno vrijeme \u010ditanja\" \/>\n\t<meta name=\"twitter:data2\" content=\"4 minute\" \/>\n<script type=\"application\/ld+json\" class=\"yoast-schema-graph\">{\"@context\":\"https:\\\/\\\/schema.org\",\"@graph\":[{\"@type\":\"Article\",\"@id\":\"https:\\\/\\\/radioljubuski.ba\\\/index.php\\\/2021\\\/03\\\/02\\\/u-hamburgu-helikopter-tjerao-ljude-iz-parka-u-dusseldorfu-kazne-za-sjedenje-na-klupi\\\/#article\",\"isPartOf\":{\"@id\":\"https:\\\/\\\/radioljubuski.ba\\\/index.php\\\/2021\\\/03\\\/02\\\/u-hamburgu-helikopter-tjerao-ljude-iz-parka-u-dusseldorfu-kazne-za-sjedenje-na-klupi\\\/\"},\"author\":{\"name\":\"Radio Ljubu\u0161ki\",\"@id\":\"https:\\\/\\\/radioljubuski.ba\\\/#\\\/schema\\\/person\\\/19fc700381a780f69665d7956c469e3b\"},\"headline\":\"U Hamburgu helikopter tjerao ljude iz parka, u Dusseldorfu kazne za sjedenje na klupi\",\"datePublished\":\"2021-03-02T11:34:10+00:00\",\"mainEntityOfPage\":{\"@id\":\"https:\\\/\\\/radioljubuski.ba\\\/index.php\\\/2021\\\/03\\\/02\\\/u-hamburgu-helikopter-tjerao-ljude-iz-parka-u-dusseldorfu-kazne-za-sjedenje-na-klupi\\\/\"},\"wordCount\":1049,\"publisher\":{\"@id\":\"https:\\\/\\\/radioljubuski.ba\\\/#organization\"},\"image\":{\"@id\":\"https:\\\/\\\/radioljubuski.ba\\\/index.php\\\/2021\\\/03\\\/02\\\/u-hamburgu-helikopter-tjerao-ljude-iz-parka-u-dusseldorfu-kazne-za-sjedenje-na-klupi\\\/#primaryimage\"},\"thumbnailUrl\":\"https:\\\/\\\/radioljubuski.ba\\\/wp-content\\\/uploads\\\/2021\\\/03\\\/park.jpg\",\"articleSection\":[\"BIH i regija\"],\"inLanguage\":\"hr\"},{\"@type\":\"WebPage\",\"@id\":\"https:\\\/\\\/radioljubuski.ba\\\/index.php\\\/2021\\\/03\\\/02\\\/u-hamburgu-helikopter-tjerao-ljude-iz-parka-u-dusseldorfu-kazne-za-sjedenje-na-klupi\\\/\",\"url\":\"https:\\\/\\\/radioljubuski.ba\\\/index.php\\\/2021\\\/03\\\/02\\\/u-hamburgu-helikopter-tjerao-ljude-iz-parka-u-dusseldorfu-kazne-za-sjedenje-na-klupi\\\/\",\"name\":\"U Hamburgu helikopter tjerao ljude iz parka, u Dusseldorfu kazne za sjedenje na klupi - RADIO LJUBU\u0160KI\",\"isPartOf\":{\"@id\":\"https:\\\/\\\/radioljubuski.ba\\\/#website\"},\"primaryImageOfPage\":{\"@id\":\"https:\\\/\\\/radioljubuski.ba\\\/index.php\\\/2021\\\/03\\\/02\\\/u-hamburgu-helikopter-tjerao-ljude-iz-parka-u-dusseldorfu-kazne-za-sjedenje-na-klupi\\\/#primaryimage\"},\"image\":{\"@id\":\"https:\\\/\\\/radioljubuski.ba\\\/index.php\\\/2021\\\/03\\\/02\\\/u-hamburgu-helikopter-tjerao-ljude-iz-parka-u-dusseldorfu-kazne-za-sjedenje-na-klupi\\\/#primaryimage\"},\"thumbnailUrl\":\"https:\\\/\\\/radioljubuski.ba\\\/wp-content\\\/uploads\\\/2021\\\/03\\\/park.jpg\",\"datePublished\":\"2021-03-02T11:34:10+00:00\",\"breadcrumb\":{\"@id\":\"https:\\\/\\\/radioljubuski.ba\\\/index.php\\\/2021\\\/03\\\/02\\\/u-hamburgu-helikopter-tjerao-ljude-iz-parka-u-dusseldorfu-kazne-za-sjedenje-na-klupi\\\/#breadcrumb\"},\"inLanguage\":\"hr\",\"potentialAction\":[{\"@type\":\"ReadAction\",\"target\":[\"https:\\\/\\\/radioljubuski.ba\\\/index.php\\\/2021\\\/03\\\/02\\\/u-hamburgu-helikopter-tjerao-ljude-iz-parka-u-dusseldorfu-kazne-za-sjedenje-na-klupi\\\/\"]}]},{\"@type\":\"ImageObject\",\"inLanguage\":\"hr\",\"@id\":\"https:\\\/\\\/radioljubuski.ba\\\/index.php\\\/2021\\\/03\\\/02\\\/u-hamburgu-helikopter-tjerao-ljude-iz-parka-u-dusseldorfu-kazne-za-sjedenje-na-klupi\\\/#primaryimage\",\"url\":\"https:\\\/\\\/radioljubuski.ba\\\/wp-content\\\/uploads\\\/2021\\\/03\\\/park.jpg\",\"contentUrl\":\"https:\\\/\\\/radioljubuski.ba\\\/wp-content\\\/uploads\\\/2021\\\/03\\\/park.jpg\",\"width\":765,\"height\":414},{\"@type\":\"BreadcrumbList\",\"@id\":\"https:\\\/\\\/radioljubuski.ba\\\/index.php\\\/2021\\\/03\\\/02\\\/u-hamburgu-helikopter-tjerao-ljude-iz-parka-u-dusseldorfu-kazne-za-sjedenje-na-klupi\\\/#breadcrumb\",\"itemListElement\":[{\"@type\":\"ListItem\",\"position\":1,\"name\":\"Po\u010detna stranica\",\"item\":\"https:\\\/\\\/radioljubuski.ba\\\/\"},{\"@type\":\"ListItem\",\"position\":2,\"name\":\"U Hamburgu helikopter tjerao ljude iz parka, u Dusseldorfu kazne za sjedenje na klupi\"}]},{\"@type\":\"WebSite\",\"@id\":\"https:\\\/\\\/radioljubuski.ba\\\/#website\",\"url\":\"https:\\\/\\\/radioljubuski.ba\\\/\",\"name\":\"Radio Ljubu\u0161ki\",\"description\":\"Sun\u010dana frekvencija Hercegovine\",\"publisher\":{\"@id\":\"https:\\\/\\\/radioljubuski.ba\\\/#organization\"},\"potentialAction\":[{\"@type\":\"SearchAction\",\"target\":{\"@type\":\"EntryPoint\",\"urlTemplate\":\"https:\\\/\\\/radioljubuski.ba\\\/?s={search_term_string}\"},\"query-input\":{\"@type\":\"PropertyValueSpecification\",\"valueRequired\":true,\"valueName\":\"search_term_string\"}}],\"inLanguage\":\"hr\"},{\"@type\":\"Organization\",\"@id\":\"https:\\\/\\\/radioljubuski.ba\\\/#organization\",\"name\":\"Radio Ljubu\u0161ki\",\"url\":\"https:\\\/\\\/radioljubuski.ba\\\/\",\"logo\":{\"@type\":\"ImageObject\",\"inLanguage\":\"hr\",\"@id\":\"https:\\\/\\\/radioljubuski.ba\\\/#\\\/schema\\\/logo\\\/image\\\/\",\"url\":\"https:\\\/\\\/radioljubuski.ba\\\/wp-content\\\/uploads\\\/2021\\\/02\\\/cropped-Radio_Ljubuski_logo1.jpg\",\"contentUrl\":\"https:\\\/\\\/radioljubuski.ba\\\/wp-content\\\/uploads\\\/2021\\\/02\\\/cropped-Radio_Ljubuski_logo1.jpg\",\"width\":512,\"height\":512,\"caption\":\"Radio Ljubu\u0161ki\"},\"image\":{\"@id\":\"https:\\\/\\\/radioljubuski.ba\\\/#\\\/schema\\\/logo\\\/image\\\/\"},\"sameAs\":[\"https:\\\/\\\/www.facebook.com\\\/Radiio-Ljubuski-1490835324566332\",\"https:\\\/\\\/x.com\\\/radioljubuski\",\"https:\\\/\\\/hr.linkedin.com\\\/company\\\/radio-ljubuski\",\"https:\\\/\\\/www.youtube.com\\\/channel\\\/UCHYaeO_n0Db3tjNGudGpXyw\"]},{\"@type\":\"Person\",\"@id\":\"https:\\\/\\\/radioljubuski.ba\\\/#\\\/schema\\\/person\\\/19fc700381a780f69665d7956c469e3b\",\"name\":\"Radio Ljubu\u0161ki\"}]}<\/script>\n<!-- \/ Yoast SEO plugin. -->","yoast_head_json":{"title":"U Hamburgu helikopter tjerao ljude iz parka, u Dusseldorfu kazne za sjedenje na klupi - RADIO LJUBU\u0160KI","robots":{"index":"index","follow":"follow","max-snippet":"max-snippet:-1","max-image-preview":"max-image-preview:large","max-video-preview":"max-video-preview:-1"},"canonical":"https:\/\/radioljubuski.ba\/index.php\/2021\/03\/02\/u-hamburgu-helikopter-tjerao-ljude-iz-parka-u-dusseldorfu-kazne-za-sjedenje-na-klupi\/","og_locale":"hr_HR","og_type":"article","og_title":"U Hamburgu helikopter tjerao ljude iz parka, u Dusseldorfu kazne za sjedenje na klupi - RADIO LJUBU\u0160KI","og_description":"Gradska uprava D\u00fcsseldorfa donijela je odluku kojom se gra\u0111anima na glavnim \u0161etali\u0161tima u gradu i uz rijeku Rajnu zabranjuje zadr\u017eavanje na jednom mjestu. O ovoj mjeri pi\u0161e i politi\u010dki magazin Der Spiegel. Budu\u0107i da su s dolaskom sun\u010danih dana popularno \u0161etali\u0161te na rijeci Rajni u D\u00fcsseldorfu preplavile tisu\u0107e ljudi, koji su hodali uz rijeku ili [&hellip;]","og_url":"https:\/\/radioljubuski.ba\/index.php\/2021\/03\/02\/u-hamburgu-helikopter-tjerao-ljude-iz-parka-u-dusseldorfu-kazne-za-sjedenje-na-klupi\/","og_site_name":"RADIO LJUBU\u0160KI","article_publisher":"https:\/\/www.facebook.com\/Radiio-Ljubuski-1490835324566332","article_published_time":"2021-03-02T11:34:10+00:00","og_image":[{"width":765,"height":414,"url":"https:\/\/radioljubuski.ba\/wp-content\/uploads\/2021\/03\/park.jpg","type":"image\/jpeg"}],"author":"Radio Ljubu\u0161ki","twitter_card":"summary_large_image","twitter_creator":"@radioljubuski","twitter_site":"@radioljubuski","twitter_misc":{"Napisao\/la":"Radio Ljubu\u0161ki","Procijenjeno vrijeme \u010ditanja":"4 minute"},"schema":{"@context":"https:\/\/schema.org","@graph":[{"@type":"Article","@id":"https:\/\/radioljubuski.ba\/index.php\/2021\/03\/02\/u-hamburgu-helikopter-tjerao-ljude-iz-parka-u-dusseldorfu-kazne-za-sjedenje-na-klupi\/#article","isPartOf":{"@id":"https:\/\/radioljubuski.ba\/index.php\/2021\/03\/02\/u-hamburgu-helikopter-tjerao-ljude-iz-parka-u-dusseldorfu-kazne-za-sjedenje-na-klupi\/"},"author":{"name":"Radio Ljubu\u0161ki","@id":"https:\/\/radioljubuski.ba\/#\/schema\/person\/19fc700381a780f69665d7956c469e3b"},"headline":"U Hamburgu helikopter tjerao ljude iz parka, u Dusseldorfu kazne za sjedenje na klupi","datePublished":"2021-03-02T11:34:10+00:00","mainEntityOfPage":{"@id":"https:\/\/radioljubuski.ba\/index.php\/2021\/03\/02\/u-hamburgu-helikopter-tjerao-ljude-iz-parka-u-dusseldorfu-kazne-za-sjedenje-na-klupi\/"},"wordCount":1049,"publisher":{"@id":"https:\/\/radioljubuski.ba\/#organization"},"image":{"@id":"https:\/\/radioljubuski.ba\/index.php\/2021\/03\/02\/u-hamburgu-helikopter-tjerao-ljude-iz-parka-u-dusseldorfu-kazne-za-sjedenje-na-klupi\/#primaryimage"},"thumbnailUrl":"https:\/\/radioljubuski.ba\/wp-content\/uploads\/2021\/03\/park.jpg","articleSection":["BIH i regija"],"inLanguage":"hr"},{"@type":"WebPage","@id":"https:\/\/radioljubuski.ba\/index.php\/2021\/03\/02\/u-hamburgu-helikopter-tjerao-ljude-iz-parka-u-dusseldorfu-kazne-za-sjedenje-na-klupi\/","url":"https:\/\/radioljubuski.ba\/index.php\/2021\/03\/02\/u-hamburgu-helikopter-tjerao-ljude-iz-parka-u-dusseldorfu-kazne-za-sjedenje-na-klupi\/","name":"U Hamburgu helikopter tjerao ljude iz parka, u Dusseldorfu kazne za sjedenje na klupi - RADIO LJUBU\u0160KI","isPartOf":{"@id":"https:\/\/radioljubuski.ba\/#website"},"primaryImageOfPage":{"@id":"https:\/\/radioljubuski.ba\/index.php\/2021\/03\/02\/u-hamburgu-helikopter-tjerao-ljude-iz-parka-u-dusseldorfu-kazne-za-sjedenje-na-klupi\/#primaryimage"},"image":{"@id":"https:\/\/radioljubuski.ba\/index.php\/2021\/03\/02\/u-hamburgu-helikopter-tjerao-ljude-iz-parka-u-dusseldorfu-kazne-za-sjedenje-na-klupi\/#primaryimage"},"thumbnailUrl":"https:\/\/radioljubuski.ba\/wp-content\/uploads\/2021\/03\/park.jpg","datePublished":"2021-03-02T11:34:10+00:00","breadcrumb":{"@id":"https:\/\/radioljubuski.ba\/index.php\/2021\/03\/02\/u-hamburgu-helikopter-tjerao-ljude-iz-parka-u-dusseldorfu-kazne-za-sjedenje-na-klupi\/#breadcrumb"},"inLanguage":"hr","potentialAction":[{"@type":"ReadAction","target":["https:\/\/radioljubuski.ba\/index.php\/2021\/03\/02\/u-hamburgu-helikopter-tjerao-ljude-iz-parka-u-dusseldorfu-kazne-za-sjedenje-na-klupi\/"]}]},{"@type":"ImageObject","inLanguage":"hr","@id":"https:\/\/radioljubuski.ba\/index.php\/2021\/03\/02\/u-hamburgu-helikopter-tjerao-ljude-iz-parka-u-dusseldorfu-kazne-za-sjedenje-na-klupi\/#primaryimage","url":"https:\/\/radioljubuski.ba\/wp-content\/uploads\/2021\/03\/park.jpg","contentUrl":"https:\/\/radioljubuski.ba\/wp-content\/uploads\/2021\/03\/park.jpg","width":765,"height":414},{"@type":"BreadcrumbList","@id":"https:\/\/radioljubuski.ba\/index.php\/2021\/03\/02\/u-hamburgu-helikopter-tjerao-ljude-iz-parka-u-dusseldorfu-kazne-za-sjedenje-na-klupi\/#breadcrumb","itemListElement":[{"@type":"ListItem","position":1,"name":"Po\u010detna stranica","item":"https:\/\/radioljubuski.ba\/"},{"@type":"ListItem","position":2,"name":"U Hamburgu helikopter tjerao ljude iz parka, u Dusseldorfu kazne za sjedenje na klupi"}]},{"@type":"WebSite","@id":"https:\/\/radioljubuski.ba\/#website","url":"https:\/\/radioljubuski.ba\/","name":"Radio Ljubu\u0161ki","description":"Sun\u010dana frekvencija Hercegovine","publisher":{"@id":"https:\/\/radioljubuski.ba\/#organization"},"potentialAction":[{"@type":"SearchAction","target":{"@type":"EntryPoint","urlTemplate":"https:\/\/radioljubuski.ba\/?s={search_term_string}"},"query-input":{"@type":"PropertyValueSpecification","valueRequired":true,"valueName":"search_term_string"}}],"inLanguage":"hr"},{"@type":"Organization","@id":"https:\/\/radioljubuski.ba\/#organization","name":"Radio Ljubu\u0161ki","url":"https:\/\/radioljubuski.ba\/","logo":{"@type":"ImageObject","inLanguage":"hr","@id":"https:\/\/radioljubuski.ba\/#\/schema\/logo\/image\/","url":"https:\/\/radioljubuski.ba\/wp-content\/uploads\/2021\/02\/cropped-Radio_Ljubuski_logo1.jpg","contentUrl":"https:\/\/radioljubuski.ba\/wp-content\/uploads\/2021\/02\/cropped-Radio_Ljubuski_logo1.jpg","width":512,"height":512,"caption":"Radio Ljubu\u0161ki"},"image":{"@id":"https:\/\/radioljubuski.ba\/#\/schema\/logo\/image\/"},"sameAs":["https:\/\/www.facebook.com\/Radiio-Ljubuski-1490835324566332","https:\/\/x.com\/radioljubuski","https:\/\/hr.linkedin.com\/company\/radio-ljubuski","https:\/\/www.youtube.com\/channel\/UCHYaeO_n0Db3tjNGudGpXyw"]},{"@type":"Person","@id":"https:\/\/radioljubuski.ba\/#\/schema\/person\/19fc700381a780f69665d7956c469e3b","name":"Radio Ljubu\u0161ki"}]}},"_links":{"self":[{"href":"https:\/\/radioljubuski.ba\/index.php\/wp-json\/wp\/v2\/posts\/749","targetHints":{"allow":["GET"]}}],"collection":[{"href":"https:\/\/radioljubuski.ba\/index.php\/wp-json\/wp\/v2\/posts"}],"about":[{"href":"https:\/\/radioljubuski.ba\/index.php\/wp-json\/wp\/v2\/types\/post"}],"author":[{"embeddable":true,"href":"https:\/\/radioljubuski.ba\/index.php\/wp-json\/wp\/v2\/users\/2"}],"replies":[{"embeddable":true,"href":"https:\/\/radioljubuski.ba\/index.php\/wp-json\/wp\/v2\/comments?post=749"}],"version-history":[{"count":1,"href":"https:\/\/radioljubuski.ba\/index.php\/wp-json\/wp\/v2\/posts\/749\/revisions"}],"predecessor-version":[{"id":751,"href":"https:\/\/radioljubuski.ba\/index.php\/wp-json\/wp\/v2\/posts\/749\/revisions\/751"}],"wp:featuredmedia":[{"embeddable":true,"href":"https:\/\/radioljubuski.ba\/index.php\/wp-json\/wp\/v2\/media\/750"}],"wp:attachment":[{"href":"https:\/\/radioljubuski.ba\/index.php\/wp-json\/wp\/v2\/media?parent=749"}],"wp:term":[{"taxonomy":"category","embeddable":true,"href":"https:\/\/radioljubuski.ba\/index.php\/wp-json\/wp\/v2\/categories?post=749"},{"taxonomy":"post_tag","embeddable":true,"href":"https:\/\/radioljubuski.ba\/index.php\/wp-json\/wp\/v2\/tags?post=749"}],"curies":[{"name":"wp","href":"https:\/\/api.w.org\/{rel}","templated":true}]}}