{"id":74908,"date":"2021-10-13T09:24:36","date_gmt":"2021-10-13T08:24:36","guid":{"rendered":"https:\/\/radioljubuski.ba\/?p=74908"},"modified":"2021-10-13T09:24:39","modified_gmt":"2021-10-13T08:24:39","slug":"osumnjiceno-najmanje-15-osoba-privedeno-sest-policajaca-mup-a-sz-uzimali-pare","status":"publish","type":"post","link":"https:\/\/radioljubuski.ba\/index.php\/2021\/10\/13\/osumnjiceno-najmanje-15-osoba-privedeno-sest-policajaca-mup-a-sz-uzimali-pare\/","title":{"rendered":"Osumnji\u010deno najmanje 15 osoba, privedeno \u0161est policajaca MUP-a S\u017d, uzimali pare&#8230;"},"content":{"rendered":"\n<p>Pripadnici Ministarstva unutarnjih poslova Sarajevske \u017eupanije, u suradnji sa kolegama iz RS, od ranih jutarnjih sati izvode akciju kodnog naziva &#8220;Kontakt&#8221; u cilju razbijanja grupe koja se bavila namje\u0161tanjem prometnih nesre\u0107a.<\/p>\n\n\n\n<p>Akcija se izvodi po nalogu \u017dupanijskog tu\u017eiteljstva u Sarajevu, potvrdila je za portal \u201eAvaza\u201c Azra Bav\u010di\u0107, glasnogovornica spomenute pravosudne institucije.<\/p>\n\n\n\n<p>Osumnji\u010deni se terete za vi\u0161e krivi\u010dnih djela kao \u0161to su zloupotreba osiguranja, zloupotreba polo\u017eaja, krivotvorenje isprava, prevara, primanje dara i drugih oblika koristi.<\/p>\n\n\n\n<p>Saznajemo da pretresi jo\u0161 uvijek traju, a osumnjii\u010deno je vi\u0161e od 15 osoba, koje su pod kontrolom policije. Me\u0111u njima su i najmanje \u010detiri policajaca MUP S\u017d, od \u010dega su dva inspektora u policijskoj stanici Stari Grad. Me\u0111u privedenima je i inspektor krim odjeljenja u MUP S\u017d.<\/p>\n\n\n\n<p>Osobe koje su meta ove akcije su osumnji\u010dene da su se udru\u017eile u grupu koja je u proteklom periodu namje\u0161tala prometne nesre\u0107e s ciljem naplate \u0161tete od osiguravaju\u0107ih dru\u0161tava, a pri \u010demu su imali i pomo\u0107 policijskih slu\u017ebenika MUP-a S\u017d.<\/p>\n\n\n\n<p>Sumnja se da policajci, koji su bili pod posebnim istra\u017enjim radnjama, osim \u0161to su znali za namje\u0161tanje nesre\u0107e, uzimali i mito za prometne prekr\u0161aje u S\u017d.<\/p>\n\n\n\n<p>Po naredbi Op\u0107inskog suda u Sarajevu njima su prislu\u0161kivani &nbsp;telefoni i pra\u0107eni su skoro nekoliko mjeseci.<\/p>\n\n\n\n<p>Izvor:avaz.ba<\/p>\n","protected":false},"excerpt":{"rendered":"<p>Pripadnici Ministarstva unutarnjih poslova Sarajevske \u017eupanije, u suradnji sa kolegama iz RS, od ranih jutarnjih sati izvode akciju kodnog naziva &#8220;Kontakt&#8221; u cilju razbijanja grupe koja se bavila namje\u0161tanjem prometnih nesre\u0107a. Akcija se izvodi po nalogu \u017dupanijskog tu\u017eiteljstva u Sarajevu, potvrdila je za portal \u201eAvaza\u201c Azra Bav\u010di\u0107, glasnogovornica spomenute pravosudne institucije. Osumnji\u010deni se terete za [&hellip;]<\/p>\n","protected":false},"author":2,"featured_media":74909,"comment_status":"closed","ping_status":"closed","sticky":false,"template":"","format":"standard","meta":{"h5ap_radio_sources":[],"footnotes":""},"categories":[1],"tags":[],"class_list":["post-74908","post","type-post","status-publish","format-standard","has-post-thumbnail","hentry","category-bihiregija"],"yoast_head":"<!-- This site is optimized with the Yoast SEO plugin v27.4 - https:\/\/yoast.com\/product\/yoast-seo-wordpress\/ -->\n<title>Osumnji\u010deno najmanje 15 osoba, privedeno \u0161est policajaca MUP-a S\u017d, uzimali pare... - RADIO LJUBU\u0160KI<\/title>\n<meta name=\"robots\" content=\"index, follow, max-snippet:-1, max-image-preview:large, max-video-preview:-1\" \/>\n<link rel=\"canonical\" href=\"https:\/\/radioljubuski.ba\/index.php\/2021\/10\/13\/osumnjiceno-najmanje-15-osoba-privedeno-sest-policajaca-mup-a-sz-uzimali-pare\/\" \/>\n<meta property=\"og:locale\" content=\"hr_HR\" \/>\n<meta property=\"og:type\" content=\"article\" \/>\n<meta property=\"og:title\" content=\"Osumnji\u010deno najmanje 15 osoba, privedeno \u0161est policajaca MUP-a S\u017d, uzimali pare... - RADIO LJUBU\u0160KI\" \/>\n<meta property=\"og:description\" content=\"Pripadnici Ministarstva unutarnjih poslova Sarajevske \u017eupanije, u suradnji sa kolegama iz RS, od ranih jutarnjih sati izvode akciju kodnog naziva &#8220;Kontakt&#8221; u cilju razbijanja grupe koja se bavila namje\u0161tanjem prometnih nesre\u0107a. Akcija se izvodi po nalogu \u017dupanijskog tu\u017eiteljstva u Sarajevu, potvrdila je za portal \u201eAvaza\u201c Azra Bav\u010di\u0107, glasnogovornica spomenute pravosudne institucije. Osumnji\u010deni se terete za [&hellip;]\" \/>\n<meta property=\"og:url\" content=\"https:\/\/radioljubuski.ba\/index.php\/2021\/10\/13\/osumnjiceno-najmanje-15-osoba-privedeno-sest-policajaca-mup-a-sz-uzimali-pare\/\" \/>\n<meta property=\"og:site_name\" content=\"RADIO LJUBU\u0160KI\" \/>\n<meta property=\"article:publisher\" content=\"https:\/\/www.facebook.com\/Radiio-Ljubuski-1490835324566332\" \/>\n<meta property=\"article:published_time\" content=\"2021-10-13T08:24:36+00:00\" \/>\n<meta property=\"article:modified_time\" content=\"2021-10-13T08:24:39+00:00\" \/>\n<meta property=\"og:image\" content=\"https:\/\/radioljubuski.ba\/wp-content\/uploads\/2021\/10\/873x400-4.jpg\" \/>\n\t<meta property=\"og:image:width\" content=\"750\" \/>\n\t<meta property=\"og:image:height\" content=\"465\" \/>\n\t<meta property=\"og:image:type\" content=\"image\/jpeg\" \/>\n<meta name=\"author\" content=\"Radio Ljubu\u0161ki\" \/>\n<meta name=\"twitter:card\" content=\"summary_large_image\" \/>\n<meta name=\"twitter:creator\" content=\"@radioljubuski\" \/>\n<meta name=\"twitter:site\" content=\"@radioljubuski\" \/>\n<meta name=\"twitter:label1\" content=\"Napisao\/la\" \/>\n\t<meta name=\"twitter:data1\" content=\"Radio Ljubu\u0161ki\" \/>\n\t<meta name=\"twitter:label2\" content=\"Procijenjeno vrijeme \u010ditanja\" \/>\n\t<meta name=\"twitter:data2\" content=\"1 minuta\" \/>\n<script type=\"application\/ld+json\" class=\"yoast-schema-graph\">{\"@context\":\"https:\\\/\\\/schema.org\",\"@graph\":[{\"@type\":\"Article\",\"@id\":\"https:\\\/\\\/radioljubuski.ba\\\/index.php\\\/2021\\\/10\\\/13\\\/osumnjiceno-najmanje-15-osoba-privedeno-sest-policajaca-mup-a-sz-uzimali-pare\\\/#article\",\"isPartOf\":{\"@id\":\"https:\\\/\\\/radioljubuski.ba\\\/index.php\\\/2021\\\/10\\\/13\\\/osumnjiceno-najmanje-15-osoba-privedeno-sest-policajaca-mup-a-sz-uzimali-pare\\\/\"},\"author\":{\"name\":\"Radio Ljubu\u0161ki\",\"@id\":\"https:\\\/\\\/radioljubuski.ba\\\/#\\\/schema\\\/person\\\/19fc700381a780f69665d7956c469e3b\"},\"headline\":\"Osumnji\u010deno najmanje 15 osoba, privedeno \u0161est policajaca MUP-a S\u017d, uzimali pare&#8230;\",\"datePublished\":\"2021-10-13T08:24:36+00:00\",\"dateModified\":\"2021-10-13T08:24:39+00:00\",\"mainEntityOfPage\":{\"@id\":\"https:\\\/\\\/radioljubuski.ba\\\/index.php\\\/2021\\\/10\\\/13\\\/osumnjiceno-najmanje-15-osoba-privedeno-sest-policajaca-mup-a-sz-uzimali-pare\\\/\"},\"wordCount\":243,\"publisher\":{\"@id\":\"https:\\\/\\\/radioljubuski.ba\\\/#organization\"},\"image\":{\"@id\":\"https:\\\/\\\/radioljubuski.ba\\\/index.php\\\/2021\\\/10\\\/13\\\/osumnjiceno-najmanje-15-osoba-privedeno-sest-policajaca-mup-a-sz-uzimali-pare\\\/#primaryimage\"},\"thumbnailUrl\":\"https:\\\/\\\/radioljubuski.ba\\\/wp-content\\\/uploads\\\/2021\\\/10\\\/873x400-4.jpg\",\"articleSection\":[\"BIH i regija\"],\"inLanguage\":\"hr\"},{\"@type\":\"WebPage\",\"@id\":\"https:\\\/\\\/radioljubuski.ba\\\/index.php\\\/2021\\\/10\\\/13\\\/osumnjiceno-najmanje-15-osoba-privedeno-sest-policajaca-mup-a-sz-uzimali-pare\\\/\",\"url\":\"https:\\\/\\\/radioljubuski.ba\\\/index.php\\\/2021\\\/10\\\/13\\\/osumnjiceno-najmanje-15-osoba-privedeno-sest-policajaca-mup-a-sz-uzimali-pare\\\/\",\"name\":\"Osumnji\u010deno najmanje 15 osoba, privedeno \u0161est policajaca MUP-a S\u017d, uzimali pare... - RADIO LJUBU\u0160KI\",\"isPartOf\":{\"@id\":\"https:\\\/\\\/radioljubuski.ba\\\/#website\"},\"primaryImageOfPage\":{\"@id\":\"https:\\\/\\\/radioljubuski.ba\\\/index.php\\\/2021\\\/10\\\/13\\\/osumnjiceno-najmanje-15-osoba-privedeno-sest-policajaca-mup-a-sz-uzimali-pare\\\/#primaryimage\"},\"image\":{\"@id\":\"https:\\\/\\\/radioljubuski.ba\\\/index.php\\\/2021\\\/10\\\/13\\\/osumnjiceno-najmanje-15-osoba-privedeno-sest-policajaca-mup-a-sz-uzimali-pare\\\/#primaryimage\"},\"thumbnailUrl\":\"https:\\\/\\\/radioljubuski.ba\\\/wp-content\\\/uploads\\\/2021\\\/10\\\/873x400-4.jpg\",\"datePublished\":\"2021-10-13T08:24:36+00:00\",\"dateModified\":\"2021-10-13T08:24:39+00:00\",\"breadcrumb\":{\"@id\":\"https:\\\/\\\/radioljubuski.ba\\\/index.php\\\/2021\\\/10\\\/13\\\/osumnjiceno-najmanje-15-osoba-privedeno-sest-policajaca-mup-a-sz-uzimali-pare\\\/#breadcrumb\"},\"inLanguage\":\"hr\",\"potentialAction\":[{\"@type\":\"ReadAction\",\"target\":[\"https:\\\/\\\/radioljubuski.ba\\\/index.php\\\/2021\\\/10\\\/13\\\/osumnjiceno-najmanje-15-osoba-privedeno-sest-policajaca-mup-a-sz-uzimali-pare\\\/\"]}]},{\"@type\":\"ImageObject\",\"inLanguage\":\"hr\",\"@id\":\"https:\\\/\\\/radioljubuski.ba\\\/index.php\\\/2021\\\/10\\\/13\\\/osumnjiceno-najmanje-15-osoba-privedeno-sest-policajaca-mup-a-sz-uzimali-pare\\\/#primaryimage\",\"url\":\"https:\\\/\\\/radioljubuski.ba\\\/wp-content\\\/uploads\\\/2021\\\/10\\\/873x400-4.jpg\",\"contentUrl\":\"https:\\\/\\\/radioljubuski.ba\\\/wp-content\\\/uploads\\\/2021\\\/10\\\/873x400-4.jpg\",\"width\":750,\"height\":465},{\"@type\":\"BreadcrumbList\",\"@id\":\"https:\\\/\\\/radioljubuski.ba\\\/index.php\\\/2021\\\/10\\\/13\\\/osumnjiceno-najmanje-15-osoba-privedeno-sest-policajaca-mup-a-sz-uzimali-pare\\\/#breadcrumb\",\"itemListElement\":[{\"@type\":\"ListItem\",\"position\":1,\"name\":\"Po\u010detna stranica\",\"item\":\"https:\\\/\\\/radioljubuski.ba\\\/\"},{\"@type\":\"ListItem\",\"position\":2,\"name\":\"Osumnji\u010deno najmanje 15 osoba, privedeno \u0161est policajaca MUP-a S\u017d, uzimali pare&#8230;\"}]},{\"@type\":\"WebSite\",\"@id\":\"https:\\\/\\\/radioljubuski.ba\\\/#website\",\"url\":\"https:\\\/\\\/radioljubuski.ba\\\/\",\"name\":\"Radio Ljubu\u0161ki\",\"description\":\"Sun\u010dana frekvencija Hercegovine\",\"publisher\":{\"@id\":\"https:\\\/\\\/radioljubuski.ba\\\/#organization\"},\"potentialAction\":[{\"@type\":\"SearchAction\",\"target\":{\"@type\":\"EntryPoint\",\"urlTemplate\":\"https:\\\/\\\/radioljubuski.ba\\\/?s={search_term_string}\"},\"query-input\":{\"@type\":\"PropertyValueSpecification\",\"valueRequired\":true,\"valueName\":\"search_term_string\"}}],\"inLanguage\":\"hr\"},{\"@type\":\"Organization\",\"@id\":\"https:\\\/\\\/radioljubuski.ba\\\/#organization\",\"name\":\"Radio Ljubu\u0161ki\",\"url\":\"https:\\\/\\\/radioljubuski.ba\\\/\",\"logo\":{\"@type\":\"ImageObject\",\"inLanguage\":\"hr\",\"@id\":\"https:\\\/\\\/radioljubuski.ba\\\/#\\\/schema\\\/logo\\\/image\\\/\",\"url\":\"https:\\\/\\\/radioljubuski.ba\\\/wp-content\\\/uploads\\\/2021\\\/02\\\/cropped-Radio_Ljubuski_logo1.jpg\",\"contentUrl\":\"https:\\\/\\\/radioljubuski.ba\\\/wp-content\\\/uploads\\\/2021\\\/02\\\/cropped-Radio_Ljubuski_logo1.jpg\",\"width\":512,\"height\":512,\"caption\":\"Radio Ljubu\u0161ki\"},\"image\":{\"@id\":\"https:\\\/\\\/radioljubuski.ba\\\/#\\\/schema\\\/logo\\\/image\\\/\"},\"sameAs\":[\"https:\\\/\\\/www.facebook.com\\\/Radiio-Ljubuski-1490835324566332\",\"https:\\\/\\\/x.com\\\/radioljubuski\",\"https:\\\/\\\/hr.linkedin.com\\\/company\\\/radio-ljubuski\",\"https:\\\/\\\/www.youtube.com\\\/channel\\\/UCHYaeO_n0Db3tjNGudGpXyw\"]},{\"@type\":\"Person\",\"@id\":\"https:\\\/\\\/radioljubuski.ba\\\/#\\\/schema\\\/person\\\/19fc700381a780f69665d7956c469e3b\",\"name\":\"Radio Ljubu\u0161ki\"}]}<\/script>\n<!-- \/ Yoast SEO plugin. -->","yoast_head_json":{"title":"Osumnji\u010deno najmanje 15 osoba, privedeno \u0161est policajaca MUP-a S\u017d, uzimali pare... - RADIO LJUBU\u0160KI","robots":{"index":"index","follow":"follow","max-snippet":"max-snippet:-1","max-image-preview":"max-image-preview:large","max-video-preview":"max-video-preview:-1"},"canonical":"https:\/\/radioljubuski.ba\/index.php\/2021\/10\/13\/osumnjiceno-najmanje-15-osoba-privedeno-sest-policajaca-mup-a-sz-uzimali-pare\/","og_locale":"hr_HR","og_type":"article","og_title":"Osumnji\u010deno najmanje 15 osoba, privedeno \u0161est policajaca MUP-a S\u017d, uzimali pare... - RADIO LJUBU\u0160KI","og_description":"Pripadnici Ministarstva unutarnjih poslova Sarajevske \u017eupanije, u suradnji sa kolegama iz RS, od ranih jutarnjih sati izvode akciju kodnog naziva &#8220;Kontakt&#8221; u cilju razbijanja grupe koja se bavila namje\u0161tanjem prometnih nesre\u0107a. Akcija se izvodi po nalogu \u017dupanijskog tu\u017eiteljstva u Sarajevu, potvrdila je za portal \u201eAvaza\u201c Azra Bav\u010di\u0107, glasnogovornica spomenute pravosudne institucije. Osumnji\u010deni se terete za [&hellip;]","og_url":"https:\/\/radioljubuski.ba\/index.php\/2021\/10\/13\/osumnjiceno-najmanje-15-osoba-privedeno-sest-policajaca-mup-a-sz-uzimali-pare\/","og_site_name":"RADIO LJUBU\u0160KI","article_publisher":"https:\/\/www.facebook.com\/Radiio-Ljubuski-1490835324566332","article_published_time":"2021-10-13T08:24:36+00:00","article_modified_time":"2021-10-13T08:24:39+00:00","og_image":[{"width":750,"height":465,"url":"https:\/\/radioljubuski.ba\/wp-content\/uploads\/2021\/10\/873x400-4.jpg","type":"image\/jpeg"}],"author":"Radio Ljubu\u0161ki","twitter_card":"summary_large_image","twitter_creator":"@radioljubuski","twitter_site":"@radioljubuski","twitter_misc":{"Napisao\/la":"Radio Ljubu\u0161ki","Procijenjeno vrijeme \u010ditanja":"1 minuta"},"schema":{"@context":"https:\/\/schema.org","@graph":[{"@type":"Article","@id":"https:\/\/radioljubuski.ba\/index.php\/2021\/10\/13\/osumnjiceno-najmanje-15-osoba-privedeno-sest-policajaca-mup-a-sz-uzimali-pare\/#article","isPartOf":{"@id":"https:\/\/radioljubuski.ba\/index.php\/2021\/10\/13\/osumnjiceno-najmanje-15-osoba-privedeno-sest-policajaca-mup-a-sz-uzimali-pare\/"},"author":{"name":"Radio Ljubu\u0161ki","@id":"https:\/\/radioljubuski.ba\/#\/schema\/person\/19fc700381a780f69665d7956c469e3b"},"headline":"Osumnji\u010deno najmanje 15 osoba, privedeno \u0161est policajaca MUP-a S\u017d, uzimali pare&#8230;","datePublished":"2021-10-13T08:24:36+00:00","dateModified":"2021-10-13T08:24:39+00:00","mainEntityOfPage":{"@id":"https:\/\/radioljubuski.ba\/index.php\/2021\/10\/13\/osumnjiceno-najmanje-15-osoba-privedeno-sest-policajaca-mup-a-sz-uzimali-pare\/"},"wordCount":243,"publisher":{"@id":"https:\/\/radioljubuski.ba\/#organization"},"image":{"@id":"https:\/\/radioljubuski.ba\/index.php\/2021\/10\/13\/osumnjiceno-najmanje-15-osoba-privedeno-sest-policajaca-mup-a-sz-uzimali-pare\/#primaryimage"},"thumbnailUrl":"https:\/\/radioljubuski.ba\/wp-content\/uploads\/2021\/10\/873x400-4.jpg","articleSection":["BIH i regija"],"inLanguage":"hr"},{"@type":"WebPage","@id":"https:\/\/radioljubuski.ba\/index.php\/2021\/10\/13\/osumnjiceno-najmanje-15-osoba-privedeno-sest-policajaca-mup-a-sz-uzimali-pare\/","url":"https:\/\/radioljubuski.ba\/index.php\/2021\/10\/13\/osumnjiceno-najmanje-15-osoba-privedeno-sest-policajaca-mup-a-sz-uzimali-pare\/","name":"Osumnji\u010deno najmanje 15 osoba, privedeno \u0161est policajaca MUP-a S\u017d, uzimali pare... - RADIO LJUBU\u0160KI","isPartOf":{"@id":"https:\/\/radioljubuski.ba\/#website"},"primaryImageOfPage":{"@id":"https:\/\/radioljubuski.ba\/index.php\/2021\/10\/13\/osumnjiceno-najmanje-15-osoba-privedeno-sest-policajaca-mup-a-sz-uzimali-pare\/#primaryimage"},"image":{"@id":"https:\/\/radioljubuski.ba\/index.php\/2021\/10\/13\/osumnjiceno-najmanje-15-osoba-privedeno-sest-policajaca-mup-a-sz-uzimali-pare\/#primaryimage"},"thumbnailUrl":"https:\/\/radioljubuski.ba\/wp-content\/uploads\/2021\/10\/873x400-4.jpg","datePublished":"2021-10-13T08:24:36+00:00","dateModified":"2021-10-13T08:24:39+00:00","breadcrumb":{"@id":"https:\/\/radioljubuski.ba\/index.php\/2021\/10\/13\/osumnjiceno-najmanje-15-osoba-privedeno-sest-policajaca-mup-a-sz-uzimali-pare\/#breadcrumb"},"inLanguage":"hr","potentialAction":[{"@type":"ReadAction","target":["https:\/\/radioljubuski.ba\/index.php\/2021\/10\/13\/osumnjiceno-najmanje-15-osoba-privedeno-sest-policajaca-mup-a-sz-uzimali-pare\/"]}]},{"@type":"ImageObject","inLanguage":"hr","@id":"https:\/\/radioljubuski.ba\/index.php\/2021\/10\/13\/osumnjiceno-najmanje-15-osoba-privedeno-sest-policajaca-mup-a-sz-uzimali-pare\/#primaryimage","url":"https:\/\/radioljubuski.ba\/wp-content\/uploads\/2021\/10\/873x400-4.jpg","contentUrl":"https:\/\/radioljubuski.ba\/wp-content\/uploads\/2021\/10\/873x400-4.jpg","width":750,"height":465},{"@type":"BreadcrumbList","@id":"https:\/\/radioljubuski.ba\/index.php\/2021\/10\/13\/osumnjiceno-najmanje-15-osoba-privedeno-sest-policajaca-mup-a-sz-uzimali-pare\/#breadcrumb","itemListElement":[{"@type":"ListItem","position":1,"name":"Po\u010detna stranica","item":"https:\/\/radioljubuski.ba\/"},{"@type":"ListItem","position":2,"name":"Osumnji\u010deno najmanje 15 osoba, privedeno \u0161est policajaca MUP-a S\u017d, uzimali pare&#8230;"}]},{"@type":"WebSite","@id":"https:\/\/radioljubuski.ba\/#website","url":"https:\/\/radioljubuski.ba\/","name":"Radio Ljubu\u0161ki","description":"Sun\u010dana frekvencija Hercegovine","publisher":{"@id":"https:\/\/radioljubuski.ba\/#organization"},"potentialAction":[{"@type":"SearchAction","target":{"@type":"EntryPoint","urlTemplate":"https:\/\/radioljubuski.ba\/?s={search_term_string}"},"query-input":{"@type":"PropertyValueSpecification","valueRequired":true,"valueName":"search_term_string"}}],"inLanguage":"hr"},{"@type":"Organization","@id":"https:\/\/radioljubuski.ba\/#organization","name":"Radio Ljubu\u0161ki","url":"https:\/\/radioljubuski.ba\/","logo":{"@type":"ImageObject","inLanguage":"hr","@id":"https:\/\/radioljubuski.ba\/#\/schema\/logo\/image\/","url":"https:\/\/radioljubuski.ba\/wp-content\/uploads\/2021\/02\/cropped-Radio_Ljubuski_logo1.jpg","contentUrl":"https:\/\/radioljubuski.ba\/wp-content\/uploads\/2021\/02\/cropped-Radio_Ljubuski_logo1.jpg","width":512,"height":512,"caption":"Radio Ljubu\u0161ki"},"image":{"@id":"https:\/\/radioljubuski.ba\/#\/schema\/logo\/image\/"},"sameAs":["https:\/\/www.facebook.com\/Radiio-Ljubuski-1490835324566332","https:\/\/x.com\/radioljubuski","https:\/\/hr.linkedin.com\/company\/radio-ljubuski","https:\/\/www.youtube.com\/channel\/UCHYaeO_n0Db3tjNGudGpXyw"]},{"@type":"Person","@id":"https:\/\/radioljubuski.ba\/#\/schema\/person\/19fc700381a780f69665d7956c469e3b","name":"Radio Ljubu\u0161ki"}]}},"_links":{"self":[{"href":"https:\/\/radioljubuski.ba\/index.php\/wp-json\/wp\/v2\/posts\/74908","targetHints":{"allow":["GET"]}}],"collection":[{"href":"https:\/\/radioljubuski.ba\/index.php\/wp-json\/wp\/v2\/posts"}],"about":[{"href":"https:\/\/radioljubuski.ba\/index.php\/wp-json\/wp\/v2\/types\/post"}],"author":[{"embeddable":true,"href":"https:\/\/radioljubuski.ba\/index.php\/wp-json\/wp\/v2\/users\/2"}],"replies":[{"embeddable":true,"href":"https:\/\/radioljubuski.ba\/index.php\/wp-json\/wp\/v2\/comments?post=74908"}],"version-history":[{"count":1,"href":"https:\/\/radioljubuski.ba\/index.php\/wp-json\/wp\/v2\/posts\/74908\/revisions"}],"predecessor-version":[{"id":74910,"href":"https:\/\/radioljubuski.ba\/index.php\/wp-json\/wp\/v2\/posts\/74908\/revisions\/74910"}],"wp:featuredmedia":[{"embeddable":true,"href":"https:\/\/radioljubuski.ba\/index.php\/wp-json\/wp\/v2\/media\/74909"}],"wp:attachment":[{"href":"https:\/\/radioljubuski.ba\/index.php\/wp-json\/wp\/v2\/media?parent=74908"}],"wp:term":[{"taxonomy":"category","embeddable":true,"href":"https:\/\/radioljubuski.ba\/index.php\/wp-json\/wp\/v2\/categories?post=74908"},{"taxonomy":"post_tag","embeddable":true,"href":"https:\/\/radioljubuski.ba\/index.php\/wp-json\/wp\/v2\/tags?post=74908"}],"curies":[{"name":"wp","href":"https:\/\/api.w.org\/{rel}","templated":true}]}}