{"id":74911,"date":"2021-10-13T09:26:42","date_gmt":"2021-10-13T08:26:42","guid":{"rendered":"https:\/\/radioljubuski.ba\/?p=74911"},"modified":"2021-10-13T09:26:43","modified_gmt":"2021-10-13T08:26:43","slug":"meso-postaje-sve-skuplje-ocekuje-se-daljnji-rast-cijena-hrane-u-bih","status":"publish","type":"post","link":"https:\/\/radioljubuski.ba\/index.php\/2021\/10\/13\/meso-postaje-sve-skuplje-ocekuje-se-daljnji-rast-cijena-hrane-u-bih\/","title":{"rendered":"Meso postaje sve skuplje, o\u010dekuje se daljnji rast cijena hrane u BiH"},"content":{"rendered":"\n<p>Svakodnevica velike ve\u0107ine bh. gra\u0111ana iz dana u dan sve je te\u017ea i sumornija jer ih na policama trgova\u010dkih centara gotovo svakodnevno do\u010dekuju nove, vi\u0161e cijene osnovnih \u017eivotnih namirnica. Vi\u0161e novca od po\u010detka godine izdvajalo se za ulje, bra\u0161no, sol, meso&#8230;, a prema rije\u010dima stru\u010dnjaka, rastu cijena u skorije vrijeme ne nazire se kraj, pi\u0161e Ve\u010dernji list BiH. &nbsp;<\/p>\n\n\n\n<p><strong>Rast cijena<\/strong><\/p>\n\n\n\n<p>Stojan Marinkovi\u0107, predsjednik Saveza udruga poljoprivrednih proizvo\u0111a\u010da RS-a, Srni je kazao da cijene mesa u trgovinama polako rastu u zemljama okru\u017eja, dok cijena \u017eive stoke ne raste. Prema njegovim rije\u010dima, kontinuitet uvoza neometano funkcionira i jedina mjera koja bi omogu\u0107ila opstanak doma\u0107ih klaoni\u010dara je za\u0161tita doma\u0107e proizvodnje za koju, ka\u017ee, bh. vlasti nemaju dovoljno sluha i koja bi na taj na\u010din za\u0161titila poljoprivredne proizvo\u0111a\u010de.<\/p>\n\n\n\n<p>&#8211; Do rasta cijene mesa do\u0161lo je zbog poskupljenja komponenti za sto\u010dnu hranu, \u017eitarica i uljarica, kako kod nas tako i na svjetskom tr\u017ei\u0161tu, tako da su i farmeri u zemljama okru\u017eja, odakle mi uvozimo meso, tako\u0111er suo\u010deni s porastom cijene. No, dr\u017eava ih dodatno subvencionira, \u0161to dovodi i do poskupljenja mesa na bh. tr\u017ei\u0161tu &#8211; rekao je Srni Marinkovi\u0107.<\/p>\n\n\n\n<p>Da su poljoprivredni proizvo\u0111a\u010di u izrazito te\u0161koj situaciji te da je sve vi\u0161e onih koji zatvaraju farme, za Ve\u010dernji list potvrdio je Vladimir Usorac, predsjednik Udruge poljoprivrednih proizvo\u0111a\u010da \u2013 mljekara RS-a. &#8211; Poljoprivreda u BiH svakim danom sve je bli\u017ea ga\u0161enju, a kada do toga do\u0111e, tek \u0107emo onda biti svjesni \u0161to smo imali &#8211; kazao je Usorac dodaju\u0107i da zemlju o\u010dekuju velika poskupljenja jer doma\u0107eg mesa, ka\u017ee, vi\u0161e nema. &#8211; Danas je bavljenje poljoprivredom neisplativo, ljudi masovno zatvaraju farme i odlaze, proizvodnja se gasi. Primjerice, gospodarstvo koje je nekada proizvodilo 100.000 svinja ugasilo se, a sada cijeli RS proizvede 50.000 svinja, to vam je stvarno stanje. Nema poljoprivrednika u BiH koji mo\u017ee potvrditi da uspije pokriti proizvodnju. Nije ga bilo ni prije, a sada pogotovo kada su cijene sto\u010dne hrane drasti\u010dno sko\u010dile u odnosu na ranija vremena dok se jo\u0161 uvijek koliko-toliko isplatilo baviti poljoprivredom &#8211; obja\u0161njava Usorac isti\u010du\u0107i kako \u0107emo, ako se ovakav trend nastavi, u redovima \u010dekati za kupnju osnovnih \u017eivotnih namirnica.<\/p>\n\n\n\n<p>&#8211; Mogla bi uskoro do\u0107i vremena kada \u0107emo u redu \u010dekati za kruh, meso, mlijeko&#8230;<\/p>\n\n\n\n<p>Navest \u0107u jo\u0161 jedan primjer. Sada imamo situaciju da kilogram kupusa na tr\u017enicama stoji 1 KM, dok je lani vre\u0107a kupusa bila 1 KM. Cijena krumpira je isto rasla, za kilogram se sada izdvaja oko 2 KM, koliko je ranije stajala vre\u0107a. Osim vi\u0161ih cijena, problem je \u0161to tih proizvoda nema dovoljno. Do 8 sati ujutro uglavnom je sve rasprodano, ne mo\u017eete kao prije do\u0107i na tr\u017enicu oko podne i kupiti sve \u0161to vam treba. Ako je tako ve\u0107 sada, zamislite \u0161to nas o\u010dekuje za nekoliko godina. Imat \u0107emo novac, ali ne\u0107emo imati gdje kupiti kvalitetan proizvod &#8211; kazao je Usorac.<\/p>\n\n\n\n<p>Ned\u017ead Bi\u0107o, predsjednik Udruge poljoprivrednika FBiH, ka\u017ee kako se u BiH doga\u0111aju nejasne stvari.<\/p>\n\n\n\n<p><strong>Su\u0161a uni\u0161tila proizvodnju<\/strong><\/p>\n\n\n\n<p>&#8211; Otkupna cijena, primjerice, mlijeka ve\u0107 je 15-ak godina ista i iznosi od 50 do 60 feninga, a svjedoci smo da cijene u trgovinama gotovo svakodnevno rastu.<\/p>\n\n\n\n<p>Cijene mesa tako\u0111er su posljednjih godina iste ili \u010dak ni\u017ee, dok one u trgovinama rastu. Na osnovi \u010dega se to radi, nije mi jasno. I opet se postavlja pitanje za\u0161to se ne aktiviraju robne rezerve koje postoje i za\u0161to nemamo robu da mo\u017eemo intervenirati u kriznim situacijama. S ovim cijenama robe i prihodima ljudi ne mogu opstati, nema \u0161anse. Su\u0161a je uni\u0161tila i ono malo \u0161to se poku\u0161alo proizvesti, tako da bi uskoro mogao nastupiti kolaps &#8211; zaklju\u010dio je Bi\u0107o za Ve\u010dernji list.<\/p>\n\n\n\n<p>Izvor:vecernji.ba<\/p>\n","protected":false},"excerpt":{"rendered":"<p>Svakodnevica velike ve\u0107ine bh. gra\u0111ana iz dana u dan sve je te\u017ea i sumornija jer ih na policama trgova\u010dkih centara gotovo svakodnevno do\u010dekuju nove, vi\u0161e cijene osnovnih \u017eivotnih namirnica. Vi\u0161e novca od po\u010detka godine izdvajalo se za ulje, bra\u0161no, sol, meso&#8230;, a prema rije\u010dima stru\u010dnjaka, rastu cijena u skorije vrijeme ne nazire se kraj, pi\u0161e [&hellip;]<\/p>\n","protected":false},"author":2,"featured_media":19146,"comment_status":"closed","ping_status":"closed","sticky":false,"template":"","format":"standard","meta":{"h5ap_radio_sources":[],"footnotes":""},"categories":[1],"tags":[],"class_list":["post-74911","post","type-post","status-publish","format-standard","has-post-thumbnail","hentry","category-bihiregija"],"yoast_head":"<!-- This site is optimized with the Yoast SEO plugin v27.4 - https:\/\/yoast.com\/product\/yoast-seo-wordpress\/ -->\n<title>Meso postaje sve skuplje, o\u010dekuje se daljnji rast cijena hrane u BiH - RADIO LJUBU\u0160KI<\/title>\n<meta name=\"robots\" content=\"index, follow, max-snippet:-1, max-image-preview:large, max-video-preview:-1\" \/>\n<link rel=\"canonical\" href=\"https:\/\/radioljubuski.ba\/index.php\/2021\/10\/13\/meso-postaje-sve-skuplje-ocekuje-se-daljnji-rast-cijena-hrane-u-bih\/\" \/>\n<meta property=\"og:locale\" content=\"hr_HR\" \/>\n<meta property=\"og:type\" content=\"article\" \/>\n<meta property=\"og:title\" content=\"Meso postaje sve skuplje, o\u010dekuje se daljnji rast cijena hrane u BiH - RADIO LJUBU\u0160KI\" \/>\n<meta property=\"og:description\" content=\"Svakodnevica velike ve\u0107ine bh. gra\u0111ana iz dana u dan sve je te\u017ea i sumornija jer ih na policama trgova\u010dkih centara gotovo svakodnevno do\u010dekuju nove, vi\u0161e cijene osnovnih \u017eivotnih namirnica. Vi\u0161e novca od po\u010detka godine izdvajalo se za ulje, bra\u0161no, sol, meso&#8230;, a prema rije\u010dima stru\u010dnjaka, rastu cijena u skorije vrijeme ne nazire se kraj, pi\u0161e [&hellip;]\" \/>\n<meta property=\"og:url\" content=\"https:\/\/radioljubuski.ba\/index.php\/2021\/10\/13\/meso-postaje-sve-skuplje-ocekuje-se-daljnji-rast-cijena-hrane-u-bih\/\" \/>\n<meta property=\"og:site_name\" content=\"RADIO LJUBU\u0160KI\" \/>\n<meta property=\"article:publisher\" content=\"https:\/\/www.facebook.com\/Radiio-Ljubuski-1490835324566332\" \/>\n<meta property=\"article:published_time\" content=\"2021-10-13T08:26:42+00:00\" \/>\n<meta property=\"article:modified_time\" content=\"2021-10-13T08:26:43+00:00\" \/>\n<meta property=\"og:image\" content=\"https:\/\/radioljubuski.ba\/wp-content\/uploads\/2021\/05\/8U13Mcd5_MESOO.jpg\" \/>\n\t<meta property=\"og:image:width\" content=\"1000\" \/>\n\t<meta property=\"og:image:height\" content=\"625\" \/>\n\t<meta property=\"og:image:type\" content=\"image\/jpeg\" \/>\n<meta name=\"author\" content=\"Radio Ljubu\u0161ki\" \/>\n<meta name=\"twitter:card\" content=\"summary_large_image\" \/>\n<meta name=\"twitter:creator\" content=\"@radioljubuski\" \/>\n<meta name=\"twitter:site\" content=\"@radioljubuski\" \/>\n<meta name=\"twitter:label1\" content=\"Napisao\/la\" \/>\n\t<meta name=\"twitter:data1\" content=\"Radio Ljubu\u0161ki\" \/>\n\t<meta name=\"twitter:label2\" content=\"Procijenjeno vrijeme \u010ditanja\" \/>\n\t<meta name=\"twitter:data2\" content=\"3 minute\" \/>\n<script type=\"application\/ld+json\" class=\"yoast-schema-graph\">{\"@context\":\"https:\\\/\\\/schema.org\",\"@graph\":[{\"@type\":\"Article\",\"@id\":\"https:\\\/\\\/radioljubuski.ba\\\/index.php\\\/2021\\\/10\\\/13\\\/meso-postaje-sve-skuplje-ocekuje-se-daljnji-rast-cijena-hrane-u-bih\\\/#article\",\"isPartOf\":{\"@id\":\"https:\\\/\\\/radioljubuski.ba\\\/index.php\\\/2021\\\/10\\\/13\\\/meso-postaje-sve-skuplje-ocekuje-se-daljnji-rast-cijena-hrane-u-bih\\\/\"},\"author\":{\"name\":\"Radio Ljubu\u0161ki\",\"@id\":\"https:\\\/\\\/radioljubuski.ba\\\/#\\\/schema\\\/person\\\/19fc700381a780f69665d7956c469e3b\"},\"headline\":\"Meso postaje sve skuplje, o\u010dekuje se daljnji rast cijena hrane u BiH\",\"datePublished\":\"2021-10-13T08:26:42+00:00\",\"dateModified\":\"2021-10-13T08:26:43+00:00\",\"mainEntityOfPage\":{\"@id\":\"https:\\\/\\\/radioljubuski.ba\\\/index.php\\\/2021\\\/10\\\/13\\\/meso-postaje-sve-skuplje-ocekuje-se-daljnji-rast-cijena-hrane-u-bih\\\/\"},\"wordCount\":686,\"publisher\":{\"@id\":\"https:\\\/\\\/radioljubuski.ba\\\/#organization\"},\"image\":{\"@id\":\"https:\\\/\\\/radioljubuski.ba\\\/index.php\\\/2021\\\/10\\\/13\\\/meso-postaje-sve-skuplje-ocekuje-se-daljnji-rast-cijena-hrane-u-bih\\\/#primaryimage\"},\"thumbnailUrl\":\"https:\\\/\\\/radioljubuski.ba\\\/wp-content\\\/uploads\\\/2021\\\/05\\\/8U13Mcd5_MESOO.jpg\",\"articleSection\":[\"BIH i regija\"],\"inLanguage\":\"hr\"},{\"@type\":\"WebPage\",\"@id\":\"https:\\\/\\\/radioljubuski.ba\\\/index.php\\\/2021\\\/10\\\/13\\\/meso-postaje-sve-skuplje-ocekuje-se-daljnji-rast-cijena-hrane-u-bih\\\/\",\"url\":\"https:\\\/\\\/radioljubuski.ba\\\/index.php\\\/2021\\\/10\\\/13\\\/meso-postaje-sve-skuplje-ocekuje-se-daljnji-rast-cijena-hrane-u-bih\\\/\",\"name\":\"Meso postaje sve skuplje, o\u010dekuje se daljnji rast cijena hrane u BiH - RADIO LJUBU\u0160KI\",\"isPartOf\":{\"@id\":\"https:\\\/\\\/radioljubuski.ba\\\/#website\"},\"primaryImageOfPage\":{\"@id\":\"https:\\\/\\\/radioljubuski.ba\\\/index.php\\\/2021\\\/10\\\/13\\\/meso-postaje-sve-skuplje-ocekuje-se-daljnji-rast-cijena-hrane-u-bih\\\/#primaryimage\"},\"image\":{\"@id\":\"https:\\\/\\\/radioljubuski.ba\\\/index.php\\\/2021\\\/10\\\/13\\\/meso-postaje-sve-skuplje-ocekuje-se-daljnji-rast-cijena-hrane-u-bih\\\/#primaryimage\"},\"thumbnailUrl\":\"https:\\\/\\\/radioljubuski.ba\\\/wp-content\\\/uploads\\\/2021\\\/05\\\/8U13Mcd5_MESOO.jpg\",\"datePublished\":\"2021-10-13T08:26:42+00:00\",\"dateModified\":\"2021-10-13T08:26:43+00:00\",\"breadcrumb\":{\"@id\":\"https:\\\/\\\/radioljubuski.ba\\\/index.php\\\/2021\\\/10\\\/13\\\/meso-postaje-sve-skuplje-ocekuje-se-daljnji-rast-cijena-hrane-u-bih\\\/#breadcrumb\"},\"inLanguage\":\"hr\",\"potentialAction\":[{\"@type\":\"ReadAction\",\"target\":[\"https:\\\/\\\/radioljubuski.ba\\\/index.php\\\/2021\\\/10\\\/13\\\/meso-postaje-sve-skuplje-ocekuje-se-daljnji-rast-cijena-hrane-u-bih\\\/\"]}]},{\"@type\":\"ImageObject\",\"inLanguage\":\"hr\",\"@id\":\"https:\\\/\\\/radioljubuski.ba\\\/index.php\\\/2021\\\/10\\\/13\\\/meso-postaje-sve-skuplje-ocekuje-se-daljnji-rast-cijena-hrane-u-bih\\\/#primaryimage\",\"url\":\"https:\\\/\\\/radioljubuski.ba\\\/wp-content\\\/uploads\\\/2021\\\/05\\\/8U13Mcd5_MESOO.jpg\",\"contentUrl\":\"https:\\\/\\\/radioljubuski.ba\\\/wp-content\\\/uploads\\\/2021\\\/05\\\/8U13Mcd5_MESOO.jpg\",\"width\":1000,\"height\":625},{\"@type\":\"BreadcrumbList\",\"@id\":\"https:\\\/\\\/radioljubuski.ba\\\/index.php\\\/2021\\\/10\\\/13\\\/meso-postaje-sve-skuplje-ocekuje-se-daljnji-rast-cijena-hrane-u-bih\\\/#breadcrumb\",\"itemListElement\":[{\"@type\":\"ListItem\",\"position\":1,\"name\":\"Po\u010detna stranica\",\"item\":\"https:\\\/\\\/radioljubuski.ba\\\/\"},{\"@type\":\"ListItem\",\"position\":2,\"name\":\"Meso postaje sve skuplje, o\u010dekuje se daljnji rast cijena hrane u BiH\"}]},{\"@type\":\"WebSite\",\"@id\":\"https:\\\/\\\/radioljubuski.ba\\\/#website\",\"url\":\"https:\\\/\\\/radioljubuski.ba\\\/\",\"name\":\"Radio Ljubu\u0161ki\",\"description\":\"Sun\u010dana frekvencija Hercegovine\",\"publisher\":{\"@id\":\"https:\\\/\\\/radioljubuski.ba\\\/#organization\"},\"potentialAction\":[{\"@type\":\"SearchAction\",\"target\":{\"@type\":\"EntryPoint\",\"urlTemplate\":\"https:\\\/\\\/radioljubuski.ba\\\/?s={search_term_string}\"},\"query-input\":{\"@type\":\"PropertyValueSpecification\",\"valueRequired\":true,\"valueName\":\"search_term_string\"}}],\"inLanguage\":\"hr\"},{\"@type\":\"Organization\",\"@id\":\"https:\\\/\\\/radioljubuski.ba\\\/#organization\",\"name\":\"Radio Ljubu\u0161ki\",\"url\":\"https:\\\/\\\/radioljubuski.ba\\\/\",\"logo\":{\"@type\":\"ImageObject\",\"inLanguage\":\"hr\",\"@id\":\"https:\\\/\\\/radioljubuski.ba\\\/#\\\/schema\\\/logo\\\/image\\\/\",\"url\":\"https:\\\/\\\/radioljubuski.ba\\\/wp-content\\\/uploads\\\/2021\\\/02\\\/cropped-Radio_Ljubuski_logo1.jpg\",\"contentUrl\":\"https:\\\/\\\/radioljubuski.ba\\\/wp-content\\\/uploads\\\/2021\\\/02\\\/cropped-Radio_Ljubuski_logo1.jpg\",\"width\":512,\"height\":512,\"caption\":\"Radio Ljubu\u0161ki\"},\"image\":{\"@id\":\"https:\\\/\\\/radioljubuski.ba\\\/#\\\/schema\\\/logo\\\/image\\\/\"},\"sameAs\":[\"https:\\\/\\\/www.facebook.com\\\/Radiio-Ljubuski-1490835324566332\",\"https:\\\/\\\/x.com\\\/radioljubuski\",\"https:\\\/\\\/hr.linkedin.com\\\/company\\\/radio-ljubuski\",\"https:\\\/\\\/www.youtube.com\\\/channel\\\/UCHYaeO_n0Db3tjNGudGpXyw\"]},{\"@type\":\"Person\",\"@id\":\"https:\\\/\\\/radioljubuski.ba\\\/#\\\/schema\\\/person\\\/19fc700381a780f69665d7956c469e3b\",\"name\":\"Radio Ljubu\u0161ki\"}]}<\/script>\n<!-- \/ Yoast SEO plugin. -->","yoast_head_json":{"title":"Meso postaje sve skuplje, o\u010dekuje se daljnji rast cijena hrane u BiH - RADIO LJUBU\u0160KI","robots":{"index":"index","follow":"follow","max-snippet":"max-snippet:-1","max-image-preview":"max-image-preview:large","max-video-preview":"max-video-preview:-1"},"canonical":"https:\/\/radioljubuski.ba\/index.php\/2021\/10\/13\/meso-postaje-sve-skuplje-ocekuje-se-daljnji-rast-cijena-hrane-u-bih\/","og_locale":"hr_HR","og_type":"article","og_title":"Meso postaje sve skuplje, o\u010dekuje se daljnji rast cijena hrane u BiH - RADIO LJUBU\u0160KI","og_description":"Svakodnevica velike ve\u0107ine bh. gra\u0111ana iz dana u dan sve je te\u017ea i sumornija jer ih na policama trgova\u010dkih centara gotovo svakodnevno do\u010dekuju nove, vi\u0161e cijene osnovnih \u017eivotnih namirnica. Vi\u0161e novca od po\u010detka godine izdvajalo se za ulje, bra\u0161no, sol, meso&#8230;, a prema rije\u010dima stru\u010dnjaka, rastu cijena u skorije vrijeme ne nazire se kraj, pi\u0161e [&hellip;]","og_url":"https:\/\/radioljubuski.ba\/index.php\/2021\/10\/13\/meso-postaje-sve-skuplje-ocekuje-se-daljnji-rast-cijena-hrane-u-bih\/","og_site_name":"RADIO LJUBU\u0160KI","article_publisher":"https:\/\/www.facebook.com\/Radiio-Ljubuski-1490835324566332","article_published_time":"2021-10-13T08:26:42+00:00","article_modified_time":"2021-10-13T08:26:43+00:00","og_image":[{"width":1000,"height":625,"url":"https:\/\/radioljubuski.ba\/wp-content\/uploads\/2021\/05\/8U13Mcd5_MESOO.jpg","type":"image\/jpeg"}],"author":"Radio Ljubu\u0161ki","twitter_card":"summary_large_image","twitter_creator":"@radioljubuski","twitter_site":"@radioljubuski","twitter_misc":{"Napisao\/la":"Radio Ljubu\u0161ki","Procijenjeno vrijeme \u010ditanja":"3 minute"},"schema":{"@context":"https:\/\/schema.org","@graph":[{"@type":"Article","@id":"https:\/\/radioljubuski.ba\/index.php\/2021\/10\/13\/meso-postaje-sve-skuplje-ocekuje-se-daljnji-rast-cijena-hrane-u-bih\/#article","isPartOf":{"@id":"https:\/\/radioljubuski.ba\/index.php\/2021\/10\/13\/meso-postaje-sve-skuplje-ocekuje-se-daljnji-rast-cijena-hrane-u-bih\/"},"author":{"name":"Radio Ljubu\u0161ki","@id":"https:\/\/radioljubuski.ba\/#\/schema\/person\/19fc700381a780f69665d7956c469e3b"},"headline":"Meso postaje sve skuplje, o\u010dekuje se daljnji rast cijena hrane u BiH","datePublished":"2021-10-13T08:26:42+00:00","dateModified":"2021-10-13T08:26:43+00:00","mainEntityOfPage":{"@id":"https:\/\/radioljubuski.ba\/index.php\/2021\/10\/13\/meso-postaje-sve-skuplje-ocekuje-se-daljnji-rast-cijena-hrane-u-bih\/"},"wordCount":686,"publisher":{"@id":"https:\/\/radioljubuski.ba\/#organization"},"image":{"@id":"https:\/\/radioljubuski.ba\/index.php\/2021\/10\/13\/meso-postaje-sve-skuplje-ocekuje-se-daljnji-rast-cijena-hrane-u-bih\/#primaryimage"},"thumbnailUrl":"https:\/\/radioljubuski.ba\/wp-content\/uploads\/2021\/05\/8U13Mcd5_MESOO.jpg","articleSection":["BIH i regija"],"inLanguage":"hr"},{"@type":"WebPage","@id":"https:\/\/radioljubuski.ba\/index.php\/2021\/10\/13\/meso-postaje-sve-skuplje-ocekuje-se-daljnji-rast-cijena-hrane-u-bih\/","url":"https:\/\/radioljubuski.ba\/index.php\/2021\/10\/13\/meso-postaje-sve-skuplje-ocekuje-se-daljnji-rast-cijena-hrane-u-bih\/","name":"Meso postaje sve skuplje, o\u010dekuje se daljnji rast cijena hrane u BiH - RADIO LJUBU\u0160KI","isPartOf":{"@id":"https:\/\/radioljubuski.ba\/#website"},"primaryImageOfPage":{"@id":"https:\/\/radioljubuski.ba\/index.php\/2021\/10\/13\/meso-postaje-sve-skuplje-ocekuje-se-daljnji-rast-cijena-hrane-u-bih\/#primaryimage"},"image":{"@id":"https:\/\/radioljubuski.ba\/index.php\/2021\/10\/13\/meso-postaje-sve-skuplje-ocekuje-se-daljnji-rast-cijena-hrane-u-bih\/#primaryimage"},"thumbnailUrl":"https:\/\/radioljubuski.ba\/wp-content\/uploads\/2021\/05\/8U13Mcd5_MESOO.jpg","datePublished":"2021-10-13T08:26:42+00:00","dateModified":"2021-10-13T08:26:43+00:00","breadcrumb":{"@id":"https:\/\/radioljubuski.ba\/index.php\/2021\/10\/13\/meso-postaje-sve-skuplje-ocekuje-se-daljnji-rast-cijena-hrane-u-bih\/#breadcrumb"},"inLanguage":"hr","potentialAction":[{"@type":"ReadAction","target":["https:\/\/radioljubuski.ba\/index.php\/2021\/10\/13\/meso-postaje-sve-skuplje-ocekuje-se-daljnji-rast-cijena-hrane-u-bih\/"]}]},{"@type":"ImageObject","inLanguage":"hr","@id":"https:\/\/radioljubuski.ba\/index.php\/2021\/10\/13\/meso-postaje-sve-skuplje-ocekuje-se-daljnji-rast-cijena-hrane-u-bih\/#primaryimage","url":"https:\/\/radioljubuski.ba\/wp-content\/uploads\/2021\/05\/8U13Mcd5_MESOO.jpg","contentUrl":"https:\/\/radioljubuski.ba\/wp-content\/uploads\/2021\/05\/8U13Mcd5_MESOO.jpg","width":1000,"height":625},{"@type":"BreadcrumbList","@id":"https:\/\/radioljubuski.ba\/index.php\/2021\/10\/13\/meso-postaje-sve-skuplje-ocekuje-se-daljnji-rast-cijena-hrane-u-bih\/#breadcrumb","itemListElement":[{"@type":"ListItem","position":1,"name":"Po\u010detna stranica","item":"https:\/\/radioljubuski.ba\/"},{"@type":"ListItem","position":2,"name":"Meso postaje sve skuplje, o\u010dekuje se daljnji rast cijena hrane u BiH"}]},{"@type":"WebSite","@id":"https:\/\/radioljubuski.ba\/#website","url":"https:\/\/radioljubuski.ba\/","name":"Radio Ljubu\u0161ki","description":"Sun\u010dana frekvencija Hercegovine","publisher":{"@id":"https:\/\/radioljubuski.ba\/#organization"},"potentialAction":[{"@type":"SearchAction","target":{"@type":"EntryPoint","urlTemplate":"https:\/\/radioljubuski.ba\/?s={search_term_string}"},"query-input":{"@type":"PropertyValueSpecification","valueRequired":true,"valueName":"search_term_string"}}],"inLanguage":"hr"},{"@type":"Organization","@id":"https:\/\/radioljubuski.ba\/#organization","name":"Radio Ljubu\u0161ki","url":"https:\/\/radioljubuski.ba\/","logo":{"@type":"ImageObject","inLanguage":"hr","@id":"https:\/\/radioljubuski.ba\/#\/schema\/logo\/image\/","url":"https:\/\/radioljubuski.ba\/wp-content\/uploads\/2021\/02\/cropped-Radio_Ljubuski_logo1.jpg","contentUrl":"https:\/\/radioljubuski.ba\/wp-content\/uploads\/2021\/02\/cropped-Radio_Ljubuski_logo1.jpg","width":512,"height":512,"caption":"Radio Ljubu\u0161ki"},"image":{"@id":"https:\/\/radioljubuski.ba\/#\/schema\/logo\/image\/"},"sameAs":["https:\/\/www.facebook.com\/Radiio-Ljubuski-1490835324566332","https:\/\/x.com\/radioljubuski","https:\/\/hr.linkedin.com\/company\/radio-ljubuski","https:\/\/www.youtube.com\/channel\/UCHYaeO_n0Db3tjNGudGpXyw"]},{"@type":"Person","@id":"https:\/\/radioljubuski.ba\/#\/schema\/person\/19fc700381a780f69665d7956c469e3b","name":"Radio Ljubu\u0161ki"}]}},"_links":{"self":[{"href":"https:\/\/radioljubuski.ba\/index.php\/wp-json\/wp\/v2\/posts\/74911","targetHints":{"allow":["GET"]}}],"collection":[{"href":"https:\/\/radioljubuski.ba\/index.php\/wp-json\/wp\/v2\/posts"}],"about":[{"href":"https:\/\/radioljubuski.ba\/index.php\/wp-json\/wp\/v2\/types\/post"}],"author":[{"embeddable":true,"href":"https:\/\/radioljubuski.ba\/index.php\/wp-json\/wp\/v2\/users\/2"}],"replies":[{"embeddable":true,"href":"https:\/\/radioljubuski.ba\/index.php\/wp-json\/wp\/v2\/comments?post=74911"}],"version-history":[{"count":1,"href":"https:\/\/radioljubuski.ba\/index.php\/wp-json\/wp\/v2\/posts\/74911\/revisions"}],"predecessor-version":[{"id":74912,"href":"https:\/\/radioljubuski.ba\/index.php\/wp-json\/wp\/v2\/posts\/74911\/revisions\/74912"}],"wp:featuredmedia":[{"embeddable":true,"href":"https:\/\/radioljubuski.ba\/index.php\/wp-json\/wp\/v2\/media\/19146"}],"wp:attachment":[{"href":"https:\/\/radioljubuski.ba\/index.php\/wp-json\/wp\/v2\/media?parent=74911"}],"wp:term":[{"taxonomy":"category","embeddable":true,"href":"https:\/\/radioljubuski.ba\/index.php\/wp-json\/wp\/v2\/categories?post=74911"},{"taxonomy":"post_tag","embeddable":true,"href":"https:\/\/radioljubuski.ba\/index.php\/wp-json\/wp\/v2\/tags?post=74911"}],"curies":[{"name":"wp","href":"https:\/\/api.w.org\/{rel}","templated":true}]}}