{"id":74923,"date":"2021-10-13T09:37:11","date_gmt":"2021-10-13T08:37:11","guid":{"rendered":"https:\/\/radioljubuski.ba\/?p=74923"},"modified":"2021-10-13T09:37:13","modified_gmt":"2021-10-13T08:37:13","slug":"radnici-su-sve-cesce-prinudeni-svoje-place-i-doprinose-traziti-putem-sudova","status":"publish","type":"post","link":"https:\/\/radioljubuski.ba\/index.php\/2021\/10\/13\/radnici-su-sve-cesce-prinudeni-svoje-place-i-doprinose-traziti-putem-sudova\/","title":{"rendered":"Radnici su sve \u010de\u0161\u0107e prinu\u0111eni svoje pla\u0107e i doprinose tra\u017eiti putem sudova"},"content":{"rendered":"\n<p>Veliki broj poslodavaca u Bosni i Hercegovini ne pla\u0107a doprinose svojim radnicima. De\u0161avalo se to i prije pandemije, a pandemija je, \u010dini se, samo dodatno pogor\u0161ala stvari.<\/p>\n\n\n\n<p>Tako su u proteklom periodu, prema podacima Porezne uprave Federacije BiH, najvi\u0161e problema u poslovanju imale firme koje posluju u oblasti hotelijerstva, turizma, ugostiteljstva i prijevoza putnika te nisu redovno ni upla\u0107ivale doprinose svojim radnicima.<\/p>\n\n\n\n<p>U ovakvim slu\u010dajevima Porezna uprava FBiH reagira tako da poreznim obveznicima izdaje nalog za pla\u0107anje, a ako obaveze po nalogu ne budu pla\u0107ene u zakonom propisanom roku, PU pokre\u0107e postupak prinudne naplate.<\/p>\n\n\n\n<p>&#8220;Postupak prinudne naplate ima odre\u0111ene posljedice po porezne obveznike, a neke od njih su uve\u0107anje obaveze za tro\u0161kove postupka prinudne naplate za 5 posto, kao i naplata dugovanja javnih prihoda iz cjelokupne imovine poreznog du\u017enika. Uz ispunjenje propisanih uvjeta s poreznim obveznicima na njihov zahtjev Porezna uprava zaklju\u010duje sporazume o odgo\u0111enom ili pla\u0107anju duga u ratama, maksimalno do 10 godina. Kao najefikasnija mjera prinudne naplate koristi se blokada transakcijskog ra\u010duna, odnosno dono\u0161enje rje\u0161enja o obustavi transakcija preko ra\u010duna poreznih obveznika i naplati iz nov\u010danih sredstava, a tako\u0111er i zapljena i prodaja imovine poreznih du\u017enika&#8221;, kazali su iz Porezne uprave FBiH.<\/p>\n\n\n\n<p>Me\u0111utim, primjena svih mjera za pojedine porezne obveznike jo\u0161 uvijek je ograni\u010dena nekim zakonskim rje\u0161enjima kao \u0161to su Zakon o konsolidaciji gospodarskih dru\u0161tava u Federaciji BiH, prema kojem se za odre\u0111ene gospodarske subjekte koji imaju Odluke o konsolidaciji na snazi ne primjenjuju mjere prinudne naplate, Zakon o ubla\u017eavanju negativnih ekonomskih posljedica, prema kojem je u odre\u0111enom vremenskom periodu bio uveden moratorij na prinudnu naplatu.<\/p>\n\n\n\n<p>&#8220;Pojedini du\u017enici pla\u0107aju teku\u0107e obaveze za doprinose, dok stare obaveze ostaju neizmirene, odnosno izmirivat \u0107e se u nekom budu\u0107em periodu. Pored naplate u redovnom postupku i postupku prinudne naplate koji provodi Porezna uprava Federacije BiH, veoma \u010desto radnici svoja prava po osnovu pla\u0107a i doprinosa ostvaruju tu\u017ebama kod nadle\u017enih sudova u radno-pravnim sporovima. U takvim slu\u010dajevima Porezna uprava Federacije BiH po osnovu presuda, ako poslodavac ne izvr\u0161i uplatu doprinosa, vr\u0161i naplatu doprinosa primjenom mjera shodno zakonu&#8221;, istakli su iz PU.<\/p>\n\n\n\n<p>Podatke o du\u017enicima s dugom ve\u0107im od 50.000 KM redovno a\u017euriraju, a kako su nam rekli, najve\u0107a dugovanja su za doprinose za obavezno osiguranje. Tako\u0111er, kazali su nam i kako redovno kontroli\u0161u stanje u bazi podataka i poduzimaju zakonom propisane mjere kako bi upozorili firme koje ne izmiruju svoje obaveze.<\/p>\n\n\n\n<p>&#8220;Zakonom o doprinosima propisano je da \u0107e se nov\u010danom kaznom u iznosu od dvije do deset tisu\u0107a KM kazniti poslodavac koji ne obra\u010dunava doprinose pri obra\u010dunu pla\u0107e, najkasnije do posljednjeg dana u mjesecu u kojem je pla\u0107a dospjela za isplatu. Ka\u017enjen \u0107e biti i obveznik \u2013 fizi\u010dka osoba ako doprinose ne obra\u010duna do 10. dana u mjesecu za prethodni mjesec&#8221;, kazali su&nbsp; iz PU FBiH te dodali kako njihovi uposlenici kada izdaju prekr\u0161ajni nalog, u njega mogu unijeti samo iznos minimalne propisane kazne, jer &#8216;samo sud mo\u017ee izricati prekr\u0161ajne kazne u propisanom rasponu&#8217;.<\/p>\n\n\n\n<p>Na odre\u0111eni broj poreznih obveznika, istakli su, djeluju propisane sankcije, tako da po\u010dnu izvr\u0161avati svoje zakonom propisane obaveze, ali postoje i obveznici na koje sankcije ne djeluju.<\/p>\n\n\n\n<p>Me\u0111u najve\u0107im du\u017enicima u Republici Srspkoj, kako nam je kazao Goran Mari\u010di\u0107, direktor Poreske uprave ovog entiteta, u samom vrhu se nalaze poreski obveznici kod kojih je pokrenut ste\u010dajni postupak ili postupak likvidacije te javne zdravstvene ustanove.<\/p>\n\n\n\n<p>&#8220;Kada je rije\u010d o javnim zdravstvenim ustanovama, Vlada RS-a je pokrenula vi\u0161e razli\u010ditih aktivnosti kako bi se zaustavilo gomilanje duga zdravstvenog sustava te kako bi se u \u0161to ve\u0107oj mjeri smanjio postoje\u0107i dug. Kod ste\u010dajnih du\u017enika se radi o starom dugu koji se nije mogao naplatiti provo\u0111enjem mjera naplate te u trenutku kada se pokrene ste\u010daj sve mjere Poreske uprave se prekidaju, a naplata se vr\u0161i unov\u010davanjem imovine ste\u010dajnog du\u017enika. Ina\u010de, dug poreskih obveznika posljednjih godina pokazuje tendenciju opadanja, \u0161to je rezultat preduzetih mjera Poreske uprave RS-a na njegovom smanjenju, prije svega kroz implementaciju integriranog informacionog sustav, kojim je omogu\u0107ena automatizacija postupka redovne i prinudne naplate. Na ovaj na\u010din sustava rada sada ne dozvoljava da se gomilaju dugovanja poreskih obveznika, ali smanjen je i utjecaj ljudskog faktora na minimum&#8221;, kazao je Mari\u010di\u0107.<\/p>\n\n\n\n<p>Sankcije su, dodao je, propisane Zakonom o poreskom postupku, pa \u0107e se tako nov\u010danom kaznom u iznosu od 20 posto od utvr\u0111ene obaveze za prekr\u0161aj kazniti poreski obveznik koji ne prijavi i ne obra\u010duna poresku obavezu. Dakle, nov\u010danom kaznom od tri do devet tisu\u0107a KM kaznit \u0107e se za prekr\u0161aj uplatilac doprinosa \u2013 fizi\u010dka osoba ako ne podnese prijavu za registraciju obveznika doprinosa u jedinstvenom sustavu na propisani na\u010din i u propisanom roku te obra\u010dunavanjem kamata na iznos prijavljenih poreskih obaveza u slu\u010daju nepla\u0107anja u propisanom roku. Na iznos poreske obaveze, koja nije pla\u0107ena u propisanom roku, poreski obveznik je du\u017ean da plati kamatu koja se obra\u010dunava po stopi od 0,03 posto dnevno, to jeste 10,95 posto godi\u0161nje, pi\u0161e <a href=\"https:\/\/www.klix.ba\/biznis\/privreda\/radnici-su-sve-cesce-prinudjeni-svoje-plate-i-doprinose-traziti-putem-sudova\/211011097\">Klix<\/a>.<\/p>\n\n\n\n<p>Izvor:klix.ba<\/p>\n","protected":false},"excerpt":{"rendered":"<p>Veliki broj poslodavaca u Bosni i Hercegovini ne pla\u0107a doprinose svojim radnicima. De\u0161avalo se to i prije pandemije, a pandemija je, \u010dini se, samo dodatno pogor\u0161ala stvari. Tako su u proteklom periodu, prema podacima Porezne uprave Federacije BiH, najvi\u0161e problema u poslovanju imale firme koje posluju u oblasti hotelijerstva, turizma, ugostiteljstva i prijevoza putnika te [&hellip;]<\/p>\n","protected":false},"author":2,"featured_media":74924,"comment_status":"closed","ping_status":"closed","sticky":false,"template":"","format":"standard","meta":{"h5ap_radio_sources":[],"footnotes":""},"categories":[1],"tags":[],"class_list":["post-74923","post","type-post","status-publish","format-standard","has-post-thumbnail","hentry","category-bihiregija"],"yoast_head":"<!-- This site is optimized with the Yoast SEO plugin v27.4 - https:\/\/yoast.com\/product\/yoast-seo-wordpress\/ -->\n<title>Radnici su sve \u010de\u0161\u0107e prinu\u0111eni svoje pla\u0107e i doprinose tra\u017eiti putem sudova - RADIO LJUBU\u0160KI<\/title>\n<meta name=\"robots\" content=\"index, follow, max-snippet:-1, max-image-preview:large, max-video-preview:-1\" \/>\n<link rel=\"canonical\" href=\"https:\/\/radioljubuski.ba\/index.php\/2021\/10\/13\/radnici-su-sve-cesce-prinudeni-svoje-place-i-doprinose-traziti-putem-sudova\/\" \/>\n<meta property=\"og:locale\" content=\"hr_HR\" \/>\n<meta property=\"og:type\" content=\"article\" \/>\n<meta property=\"og:title\" content=\"Radnici su sve \u010de\u0161\u0107e prinu\u0111eni svoje pla\u0107e i doprinose tra\u017eiti putem sudova - RADIO LJUBU\u0160KI\" \/>\n<meta property=\"og:description\" content=\"Veliki broj poslodavaca u Bosni i Hercegovini ne pla\u0107a doprinose svojim radnicima. De\u0161avalo se to i prije pandemije, a pandemija je, \u010dini se, samo dodatno pogor\u0161ala stvari. Tako su u proteklom periodu, prema podacima Porezne uprave Federacije BiH, najvi\u0161e problema u poslovanju imale firme koje posluju u oblasti hotelijerstva, turizma, ugostiteljstva i prijevoza putnika te [&hellip;]\" \/>\n<meta property=\"og:url\" content=\"https:\/\/radioljubuski.ba\/index.php\/2021\/10\/13\/radnici-su-sve-cesce-prinudeni-svoje-place-i-doprinose-traziti-putem-sudova\/\" \/>\n<meta property=\"og:site_name\" content=\"RADIO LJUBU\u0160KI\" \/>\n<meta property=\"article:publisher\" content=\"https:\/\/www.facebook.com\/Radiio-Ljubuski-1490835324566332\" \/>\n<meta property=\"article:published_time\" content=\"2021-10-13T08:37:11+00:00\" \/>\n<meta property=\"article:modified_time\" content=\"2021-10-13T08:37:13+00:00\" \/>\n<meta property=\"og:image\" content=\"https:\/\/radioljubuski.ba\/wp-content\/uploads\/2021\/10\/bMxTAdgU_porezi.jpg\" \/>\n\t<meta property=\"og:image:width\" content=\"1000\" \/>\n\t<meta property=\"og:image:height\" content=\"625\" \/>\n\t<meta property=\"og:image:type\" content=\"image\/jpeg\" \/>\n<meta name=\"author\" content=\"Radio Ljubu\u0161ki\" \/>\n<meta name=\"twitter:card\" content=\"summary_large_image\" \/>\n<meta name=\"twitter:creator\" content=\"@radioljubuski\" \/>\n<meta name=\"twitter:site\" content=\"@radioljubuski\" \/>\n<meta name=\"twitter:label1\" content=\"Napisao\/la\" \/>\n\t<meta name=\"twitter:data1\" content=\"Radio Ljubu\u0161ki\" \/>\n\t<meta name=\"twitter:label2\" content=\"Procijenjeno vrijeme \u010ditanja\" \/>\n\t<meta name=\"twitter:data2\" content=\"4 minute\" \/>\n<script type=\"application\/ld+json\" class=\"yoast-schema-graph\">{\"@context\":\"https:\\\/\\\/schema.org\",\"@graph\":[{\"@type\":\"Article\",\"@id\":\"https:\\\/\\\/radioljubuski.ba\\\/index.php\\\/2021\\\/10\\\/13\\\/radnici-su-sve-cesce-prinudeni-svoje-place-i-doprinose-traziti-putem-sudova\\\/#article\",\"isPartOf\":{\"@id\":\"https:\\\/\\\/radioljubuski.ba\\\/index.php\\\/2021\\\/10\\\/13\\\/radnici-su-sve-cesce-prinudeni-svoje-place-i-doprinose-traziti-putem-sudova\\\/\"},\"author\":{\"name\":\"Radio Ljubu\u0161ki\",\"@id\":\"https:\\\/\\\/radioljubuski.ba\\\/#\\\/schema\\\/person\\\/19fc700381a780f69665d7956c469e3b\"},\"headline\":\"Radnici su sve \u010de\u0161\u0107e prinu\u0111eni svoje pla\u0107e i doprinose tra\u017eiti putem sudova\",\"datePublished\":\"2021-10-13T08:37:11+00:00\",\"dateModified\":\"2021-10-13T08:37:13+00:00\",\"mainEntityOfPage\":{\"@id\":\"https:\\\/\\\/radioljubuski.ba\\\/index.php\\\/2021\\\/10\\\/13\\\/radnici-su-sve-cesce-prinudeni-svoje-place-i-doprinose-traziti-putem-sudova\\\/\"},\"wordCount\":907,\"publisher\":{\"@id\":\"https:\\\/\\\/radioljubuski.ba\\\/#organization\"},\"image\":{\"@id\":\"https:\\\/\\\/radioljubuski.ba\\\/index.php\\\/2021\\\/10\\\/13\\\/radnici-su-sve-cesce-prinudeni-svoje-place-i-doprinose-traziti-putem-sudova\\\/#primaryimage\"},\"thumbnailUrl\":\"https:\\\/\\\/radioljubuski.ba\\\/wp-content\\\/uploads\\\/2021\\\/10\\\/bMxTAdgU_porezi.jpg\",\"articleSection\":[\"BIH i regija\"],\"inLanguage\":\"hr\"},{\"@type\":\"WebPage\",\"@id\":\"https:\\\/\\\/radioljubuski.ba\\\/index.php\\\/2021\\\/10\\\/13\\\/radnici-su-sve-cesce-prinudeni-svoje-place-i-doprinose-traziti-putem-sudova\\\/\",\"url\":\"https:\\\/\\\/radioljubuski.ba\\\/index.php\\\/2021\\\/10\\\/13\\\/radnici-su-sve-cesce-prinudeni-svoje-place-i-doprinose-traziti-putem-sudova\\\/\",\"name\":\"Radnici su sve \u010de\u0161\u0107e prinu\u0111eni svoje pla\u0107e i doprinose tra\u017eiti putem sudova - RADIO LJUBU\u0160KI\",\"isPartOf\":{\"@id\":\"https:\\\/\\\/radioljubuski.ba\\\/#website\"},\"primaryImageOfPage\":{\"@id\":\"https:\\\/\\\/radioljubuski.ba\\\/index.php\\\/2021\\\/10\\\/13\\\/radnici-su-sve-cesce-prinudeni-svoje-place-i-doprinose-traziti-putem-sudova\\\/#primaryimage\"},\"image\":{\"@id\":\"https:\\\/\\\/radioljubuski.ba\\\/index.php\\\/2021\\\/10\\\/13\\\/radnici-su-sve-cesce-prinudeni-svoje-place-i-doprinose-traziti-putem-sudova\\\/#primaryimage\"},\"thumbnailUrl\":\"https:\\\/\\\/radioljubuski.ba\\\/wp-content\\\/uploads\\\/2021\\\/10\\\/bMxTAdgU_porezi.jpg\",\"datePublished\":\"2021-10-13T08:37:11+00:00\",\"dateModified\":\"2021-10-13T08:37:13+00:00\",\"breadcrumb\":{\"@id\":\"https:\\\/\\\/radioljubuski.ba\\\/index.php\\\/2021\\\/10\\\/13\\\/radnici-su-sve-cesce-prinudeni-svoje-place-i-doprinose-traziti-putem-sudova\\\/#breadcrumb\"},\"inLanguage\":\"hr\",\"potentialAction\":[{\"@type\":\"ReadAction\",\"target\":[\"https:\\\/\\\/radioljubuski.ba\\\/index.php\\\/2021\\\/10\\\/13\\\/radnici-su-sve-cesce-prinudeni-svoje-place-i-doprinose-traziti-putem-sudova\\\/\"]}]},{\"@type\":\"ImageObject\",\"inLanguage\":\"hr\",\"@id\":\"https:\\\/\\\/radioljubuski.ba\\\/index.php\\\/2021\\\/10\\\/13\\\/radnici-su-sve-cesce-prinudeni-svoje-place-i-doprinose-traziti-putem-sudova\\\/#primaryimage\",\"url\":\"https:\\\/\\\/radioljubuski.ba\\\/wp-content\\\/uploads\\\/2021\\\/10\\\/bMxTAdgU_porezi.jpg\",\"contentUrl\":\"https:\\\/\\\/radioljubuski.ba\\\/wp-content\\\/uploads\\\/2021\\\/10\\\/bMxTAdgU_porezi.jpg\",\"width\":1000,\"height\":625},{\"@type\":\"BreadcrumbList\",\"@id\":\"https:\\\/\\\/radioljubuski.ba\\\/index.php\\\/2021\\\/10\\\/13\\\/radnici-su-sve-cesce-prinudeni-svoje-place-i-doprinose-traziti-putem-sudova\\\/#breadcrumb\",\"itemListElement\":[{\"@type\":\"ListItem\",\"position\":1,\"name\":\"Po\u010detna stranica\",\"item\":\"https:\\\/\\\/radioljubuski.ba\\\/\"},{\"@type\":\"ListItem\",\"position\":2,\"name\":\"Radnici su sve \u010de\u0161\u0107e prinu\u0111eni svoje pla\u0107e i doprinose tra\u017eiti putem sudova\"}]},{\"@type\":\"WebSite\",\"@id\":\"https:\\\/\\\/radioljubuski.ba\\\/#website\",\"url\":\"https:\\\/\\\/radioljubuski.ba\\\/\",\"name\":\"Radio Ljubu\u0161ki\",\"description\":\"Sun\u010dana frekvencija Hercegovine\",\"publisher\":{\"@id\":\"https:\\\/\\\/radioljubuski.ba\\\/#organization\"},\"potentialAction\":[{\"@type\":\"SearchAction\",\"target\":{\"@type\":\"EntryPoint\",\"urlTemplate\":\"https:\\\/\\\/radioljubuski.ba\\\/?s={search_term_string}\"},\"query-input\":{\"@type\":\"PropertyValueSpecification\",\"valueRequired\":true,\"valueName\":\"search_term_string\"}}],\"inLanguage\":\"hr\"},{\"@type\":\"Organization\",\"@id\":\"https:\\\/\\\/radioljubuski.ba\\\/#organization\",\"name\":\"Radio Ljubu\u0161ki\",\"url\":\"https:\\\/\\\/radioljubuski.ba\\\/\",\"logo\":{\"@type\":\"ImageObject\",\"inLanguage\":\"hr\",\"@id\":\"https:\\\/\\\/radioljubuski.ba\\\/#\\\/schema\\\/logo\\\/image\\\/\",\"url\":\"https:\\\/\\\/radioljubuski.ba\\\/wp-content\\\/uploads\\\/2021\\\/02\\\/cropped-Radio_Ljubuski_logo1.jpg\",\"contentUrl\":\"https:\\\/\\\/radioljubuski.ba\\\/wp-content\\\/uploads\\\/2021\\\/02\\\/cropped-Radio_Ljubuski_logo1.jpg\",\"width\":512,\"height\":512,\"caption\":\"Radio Ljubu\u0161ki\"},\"image\":{\"@id\":\"https:\\\/\\\/radioljubuski.ba\\\/#\\\/schema\\\/logo\\\/image\\\/\"},\"sameAs\":[\"https:\\\/\\\/www.facebook.com\\\/Radiio-Ljubuski-1490835324566332\",\"https:\\\/\\\/x.com\\\/radioljubuski\",\"https:\\\/\\\/hr.linkedin.com\\\/company\\\/radio-ljubuski\",\"https:\\\/\\\/www.youtube.com\\\/channel\\\/UCHYaeO_n0Db3tjNGudGpXyw\"]},{\"@type\":\"Person\",\"@id\":\"https:\\\/\\\/radioljubuski.ba\\\/#\\\/schema\\\/person\\\/19fc700381a780f69665d7956c469e3b\",\"name\":\"Radio Ljubu\u0161ki\"}]}<\/script>\n<!-- \/ Yoast SEO plugin. -->","yoast_head_json":{"title":"Radnici su sve \u010de\u0161\u0107e prinu\u0111eni svoje pla\u0107e i doprinose tra\u017eiti putem sudova - RADIO LJUBU\u0160KI","robots":{"index":"index","follow":"follow","max-snippet":"max-snippet:-1","max-image-preview":"max-image-preview:large","max-video-preview":"max-video-preview:-1"},"canonical":"https:\/\/radioljubuski.ba\/index.php\/2021\/10\/13\/radnici-su-sve-cesce-prinudeni-svoje-place-i-doprinose-traziti-putem-sudova\/","og_locale":"hr_HR","og_type":"article","og_title":"Radnici su sve \u010de\u0161\u0107e prinu\u0111eni svoje pla\u0107e i doprinose tra\u017eiti putem sudova - RADIO LJUBU\u0160KI","og_description":"Veliki broj poslodavaca u Bosni i Hercegovini ne pla\u0107a doprinose svojim radnicima. De\u0161avalo se to i prije pandemije, a pandemija je, \u010dini se, samo dodatno pogor\u0161ala stvari. Tako su u proteklom periodu, prema podacima Porezne uprave Federacije BiH, najvi\u0161e problema u poslovanju imale firme koje posluju u oblasti hotelijerstva, turizma, ugostiteljstva i prijevoza putnika te [&hellip;]","og_url":"https:\/\/radioljubuski.ba\/index.php\/2021\/10\/13\/radnici-su-sve-cesce-prinudeni-svoje-place-i-doprinose-traziti-putem-sudova\/","og_site_name":"RADIO LJUBU\u0160KI","article_publisher":"https:\/\/www.facebook.com\/Radiio-Ljubuski-1490835324566332","article_published_time":"2021-10-13T08:37:11+00:00","article_modified_time":"2021-10-13T08:37:13+00:00","og_image":[{"width":1000,"height":625,"url":"https:\/\/radioljubuski.ba\/wp-content\/uploads\/2021\/10\/bMxTAdgU_porezi.jpg","type":"image\/jpeg"}],"author":"Radio Ljubu\u0161ki","twitter_card":"summary_large_image","twitter_creator":"@radioljubuski","twitter_site":"@radioljubuski","twitter_misc":{"Napisao\/la":"Radio Ljubu\u0161ki","Procijenjeno vrijeme \u010ditanja":"4 minute"},"schema":{"@context":"https:\/\/schema.org","@graph":[{"@type":"Article","@id":"https:\/\/radioljubuski.ba\/index.php\/2021\/10\/13\/radnici-su-sve-cesce-prinudeni-svoje-place-i-doprinose-traziti-putem-sudova\/#article","isPartOf":{"@id":"https:\/\/radioljubuski.ba\/index.php\/2021\/10\/13\/radnici-su-sve-cesce-prinudeni-svoje-place-i-doprinose-traziti-putem-sudova\/"},"author":{"name":"Radio Ljubu\u0161ki","@id":"https:\/\/radioljubuski.ba\/#\/schema\/person\/19fc700381a780f69665d7956c469e3b"},"headline":"Radnici su sve \u010de\u0161\u0107e prinu\u0111eni svoje pla\u0107e i doprinose tra\u017eiti putem sudova","datePublished":"2021-10-13T08:37:11+00:00","dateModified":"2021-10-13T08:37:13+00:00","mainEntityOfPage":{"@id":"https:\/\/radioljubuski.ba\/index.php\/2021\/10\/13\/radnici-su-sve-cesce-prinudeni-svoje-place-i-doprinose-traziti-putem-sudova\/"},"wordCount":907,"publisher":{"@id":"https:\/\/radioljubuski.ba\/#organization"},"image":{"@id":"https:\/\/radioljubuski.ba\/index.php\/2021\/10\/13\/radnici-su-sve-cesce-prinudeni-svoje-place-i-doprinose-traziti-putem-sudova\/#primaryimage"},"thumbnailUrl":"https:\/\/radioljubuski.ba\/wp-content\/uploads\/2021\/10\/bMxTAdgU_porezi.jpg","articleSection":["BIH i regija"],"inLanguage":"hr"},{"@type":"WebPage","@id":"https:\/\/radioljubuski.ba\/index.php\/2021\/10\/13\/radnici-su-sve-cesce-prinudeni-svoje-place-i-doprinose-traziti-putem-sudova\/","url":"https:\/\/radioljubuski.ba\/index.php\/2021\/10\/13\/radnici-su-sve-cesce-prinudeni-svoje-place-i-doprinose-traziti-putem-sudova\/","name":"Radnici su sve \u010de\u0161\u0107e prinu\u0111eni svoje pla\u0107e i doprinose tra\u017eiti putem sudova - RADIO LJUBU\u0160KI","isPartOf":{"@id":"https:\/\/radioljubuski.ba\/#website"},"primaryImageOfPage":{"@id":"https:\/\/radioljubuski.ba\/index.php\/2021\/10\/13\/radnici-su-sve-cesce-prinudeni-svoje-place-i-doprinose-traziti-putem-sudova\/#primaryimage"},"image":{"@id":"https:\/\/radioljubuski.ba\/index.php\/2021\/10\/13\/radnici-su-sve-cesce-prinudeni-svoje-place-i-doprinose-traziti-putem-sudova\/#primaryimage"},"thumbnailUrl":"https:\/\/radioljubuski.ba\/wp-content\/uploads\/2021\/10\/bMxTAdgU_porezi.jpg","datePublished":"2021-10-13T08:37:11+00:00","dateModified":"2021-10-13T08:37:13+00:00","breadcrumb":{"@id":"https:\/\/radioljubuski.ba\/index.php\/2021\/10\/13\/radnici-su-sve-cesce-prinudeni-svoje-place-i-doprinose-traziti-putem-sudova\/#breadcrumb"},"inLanguage":"hr","potentialAction":[{"@type":"ReadAction","target":["https:\/\/radioljubuski.ba\/index.php\/2021\/10\/13\/radnici-su-sve-cesce-prinudeni-svoje-place-i-doprinose-traziti-putem-sudova\/"]}]},{"@type":"ImageObject","inLanguage":"hr","@id":"https:\/\/radioljubuski.ba\/index.php\/2021\/10\/13\/radnici-su-sve-cesce-prinudeni-svoje-place-i-doprinose-traziti-putem-sudova\/#primaryimage","url":"https:\/\/radioljubuski.ba\/wp-content\/uploads\/2021\/10\/bMxTAdgU_porezi.jpg","contentUrl":"https:\/\/radioljubuski.ba\/wp-content\/uploads\/2021\/10\/bMxTAdgU_porezi.jpg","width":1000,"height":625},{"@type":"BreadcrumbList","@id":"https:\/\/radioljubuski.ba\/index.php\/2021\/10\/13\/radnici-su-sve-cesce-prinudeni-svoje-place-i-doprinose-traziti-putem-sudova\/#breadcrumb","itemListElement":[{"@type":"ListItem","position":1,"name":"Po\u010detna stranica","item":"https:\/\/radioljubuski.ba\/"},{"@type":"ListItem","position":2,"name":"Radnici su sve \u010de\u0161\u0107e prinu\u0111eni svoje pla\u0107e i doprinose tra\u017eiti putem sudova"}]},{"@type":"WebSite","@id":"https:\/\/radioljubuski.ba\/#website","url":"https:\/\/radioljubuski.ba\/","name":"Radio Ljubu\u0161ki","description":"Sun\u010dana frekvencija Hercegovine","publisher":{"@id":"https:\/\/radioljubuski.ba\/#organization"},"potentialAction":[{"@type":"SearchAction","target":{"@type":"EntryPoint","urlTemplate":"https:\/\/radioljubuski.ba\/?s={search_term_string}"},"query-input":{"@type":"PropertyValueSpecification","valueRequired":true,"valueName":"search_term_string"}}],"inLanguage":"hr"},{"@type":"Organization","@id":"https:\/\/radioljubuski.ba\/#organization","name":"Radio Ljubu\u0161ki","url":"https:\/\/radioljubuski.ba\/","logo":{"@type":"ImageObject","inLanguage":"hr","@id":"https:\/\/radioljubuski.ba\/#\/schema\/logo\/image\/","url":"https:\/\/radioljubuski.ba\/wp-content\/uploads\/2021\/02\/cropped-Radio_Ljubuski_logo1.jpg","contentUrl":"https:\/\/radioljubuski.ba\/wp-content\/uploads\/2021\/02\/cropped-Radio_Ljubuski_logo1.jpg","width":512,"height":512,"caption":"Radio Ljubu\u0161ki"},"image":{"@id":"https:\/\/radioljubuski.ba\/#\/schema\/logo\/image\/"},"sameAs":["https:\/\/www.facebook.com\/Radiio-Ljubuski-1490835324566332","https:\/\/x.com\/radioljubuski","https:\/\/hr.linkedin.com\/company\/radio-ljubuski","https:\/\/www.youtube.com\/channel\/UCHYaeO_n0Db3tjNGudGpXyw"]},{"@type":"Person","@id":"https:\/\/radioljubuski.ba\/#\/schema\/person\/19fc700381a780f69665d7956c469e3b","name":"Radio Ljubu\u0161ki"}]}},"_links":{"self":[{"href":"https:\/\/radioljubuski.ba\/index.php\/wp-json\/wp\/v2\/posts\/74923","targetHints":{"allow":["GET"]}}],"collection":[{"href":"https:\/\/radioljubuski.ba\/index.php\/wp-json\/wp\/v2\/posts"}],"about":[{"href":"https:\/\/radioljubuski.ba\/index.php\/wp-json\/wp\/v2\/types\/post"}],"author":[{"embeddable":true,"href":"https:\/\/radioljubuski.ba\/index.php\/wp-json\/wp\/v2\/users\/2"}],"replies":[{"embeddable":true,"href":"https:\/\/radioljubuski.ba\/index.php\/wp-json\/wp\/v2\/comments?post=74923"}],"version-history":[{"count":1,"href":"https:\/\/radioljubuski.ba\/index.php\/wp-json\/wp\/v2\/posts\/74923\/revisions"}],"predecessor-version":[{"id":74925,"href":"https:\/\/radioljubuski.ba\/index.php\/wp-json\/wp\/v2\/posts\/74923\/revisions\/74925"}],"wp:featuredmedia":[{"embeddable":true,"href":"https:\/\/radioljubuski.ba\/index.php\/wp-json\/wp\/v2\/media\/74924"}],"wp:attachment":[{"href":"https:\/\/radioljubuski.ba\/index.php\/wp-json\/wp\/v2\/media?parent=74923"}],"wp:term":[{"taxonomy":"category","embeddable":true,"href":"https:\/\/radioljubuski.ba\/index.php\/wp-json\/wp\/v2\/categories?post=74923"},{"taxonomy":"post_tag","embeddable":true,"href":"https:\/\/radioljubuski.ba\/index.php\/wp-json\/wp\/v2\/tags?post=74923"}],"curies":[{"name":"wp","href":"https:\/\/api.w.org\/{rel}","templated":true}]}}