{"id":74935,"date":"2021-10-13T09:42:04","date_gmt":"2021-10-13T08:42:04","guid":{"rendered":"https:\/\/radioljubuski.ba\/?p=74935"},"modified":"2021-10-13T09:42:05","modified_gmt":"2021-10-13T08:42:05","slug":"obrtnici-u-federaciji-bih-upozoravaju-rast-cijena-struje-ugrozit-ce-nas-polozaj","status":"publish","type":"post","link":"https:\/\/radioljubuski.ba\/index.php\/2021\/10\/13\/obrtnici-u-federaciji-bih-upozoravaju-rast-cijena-struje-ugrozit-ce-nas-polozaj\/","title":{"rendered":"Obrtnici u Federaciji BiH upozoravaju: Rast cijena struje ugrozit \u0107e na\u0161 polo\u017eaj"},"content":{"rendered":"\n<p>Obrtni\u010dka komora Federacije BiH priop\u0107ila je kako \u0107e najavljeni rast cijena elektri\u010dne energije dodatno ugroziti ionako te\u017eak polo\u017eaj obrtnika u ovom bh. entitetu.<\/p>\n\n\n\n<p>Kako su naveli, ukoliko do\u0111e do poskupljenja struje, veliki broj radnji suo\u010dit \u0107e se sa smanjenjem konkurentnosti, padom prodaje usluga i smanjenjem produktivnosti.<\/p>\n\n\n\n<p>&#8220;Rast cijene elektri\u010dne energije dovest \u0107e do naglog pove\u0107anja cijena svih proizvoda i usluga koji u svom procesu ovise od elektri\u010dne energije, \u0161to \u0107e sigurno gospodarstvo i obrtni\u0161tvo u FBiH u\u010diniti manje konkurentnom. Doma\u0107i obrt i gospodarstvo \u0107e do\u017eivjeti stagnaciju i pad. To bi bio o\u0161tar udarac obrtnicima&#8221;, naveli su.<\/p>\n\n\n\n<p>Tako\u0111er, napomenuli su kako obrtnici ve\u0107 pla\u0107aju struju po skupljim tarifama te da taj izdatak te\u0161ko podnose.<\/p>\n\n\n\n<p>&#8220;Sada \u0107e biti jo\u0161 te\u017ee. Najavljeno pove\u0107anje cijene struje rezultirat \u0107e pove\u0107anjem cijena prakti\u010dno svega \u0161to se proizvodi u Federaciji BiH, kao i cijena usluga. Upozoravamo da \u0107e ovaj \u010din dovesti obrtni\u0161tvo na granice egzistencijske isplativosti rada, posebno za ona zanimanja gdje je udio elektri\u010dne energije ve\u0107i. O\u010dekujemo ukoliko do\u0111e do poskupljenja struje da \u0107e se hitno izna\u0107i rje\u0161enje pomo\u0107i obrtu i poduzetni\u0161tvu&#8221;, zaklju\u010dili su iz Obrtni\u010dke komore Federacije Bosne i Hercegovine.<\/p>\n\n\n\n<p>Izvor:klix.ba<\/p>\n","protected":false},"excerpt":{"rendered":"<p>Obrtni\u010dka komora Federacije BiH priop\u0107ila je kako \u0107e najavljeni rast cijena elektri\u010dne energije dodatno ugroziti ionako te\u017eak polo\u017eaj obrtnika u ovom bh. entitetu. Kako su naveli, ukoliko do\u0111e do poskupljenja struje, veliki broj radnji suo\u010dit \u0107e se sa smanjenjem konkurentnosti, padom prodaje usluga i smanjenjem produktivnosti. &#8220;Rast cijene elektri\u010dne energije dovest \u0107e do naglog pove\u0107anja [&hellip;]<\/p>\n","protected":false},"author":2,"featured_media":74936,"comment_status":"closed","ping_status":"closed","sticky":false,"template":"","format":"standard","meta":{"h5ap_radio_sources":[],"footnotes":""},"categories":[1],"tags":[],"class_list":["post-74935","post","type-post","status-publish","format-standard","has-post-thumbnail","hentry","category-bihiregija"],"yoast_head":"<!-- This site is optimized with the Yoast SEO plugin v27.4 - https:\/\/yoast.com\/product\/yoast-seo-wordpress\/ -->\n<title>Obrtnici u Federaciji BiH upozoravaju: Rast cijena struje ugrozit \u0107e na\u0161 polo\u017eaj - RADIO LJUBU\u0160KI<\/title>\n<meta name=\"robots\" content=\"index, follow, max-snippet:-1, max-image-preview:large, max-video-preview:-1\" \/>\n<link rel=\"canonical\" href=\"https:\/\/radioljubuski.ba\/index.php\/2021\/10\/13\/obrtnici-u-federaciji-bih-upozoravaju-rast-cijena-struje-ugrozit-ce-nas-polozaj\/\" \/>\n<meta property=\"og:locale\" content=\"hr_HR\" \/>\n<meta property=\"og:type\" content=\"article\" \/>\n<meta property=\"og:title\" content=\"Obrtnici u Federaciji BiH upozoravaju: Rast cijena struje ugrozit \u0107e na\u0161 polo\u017eaj - RADIO LJUBU\u0160KI\" \/>\n<meta property=\"og:description\" content=\"Obrtni\u010dka komora Federacije BiH priop\u0107ila je kako \u0107e najavljeni rast cijena elektri\u010dne energije dodatno ugroziti ionako te\u017eak polo\u017eaj obrtnika u ovom bh. entitetu. Kako su naveli, ukoliko do\u0111e do poskupljenja struje, veliki broj radnji suo\u010dit \u0107e se sa smanjenjem konkurentnosti, padom prodaje usluga i smanjenjem produktivnosti. &#8220;Rast cijene elektri\u010dne energije dovest \u0107e do naglog pove\u0107anja [&hellip;]\" \/>\n<meta property=\"og:url\" content=\"https:\/\/radioljubuski.ba\/index.php\/2021\/10\/13\/obrtnici-u-federaciji-bih-upozoravaju-rast-cijena-struje-ugrozit-ce-nas-polozaj\/\" \/>\n<meta property=\"og:site_name\" content=\"RADIO LJUBU\u0160KI\" \/>\n<meta property=\"article:publisher\" content=\"https:\/\/www.facebook.com\/Radiio-Ljubuski-1490835324566332\" \/>\n<meta property=\"article:published_time\" content=\"2021-10-13T08:42:04+00:00\" \/>\n<meta property=\"article:modified_time\" content=\"2021-10-13T08:42:05+00:00\" \/>\n<meta property=\"og:image\" content=\"https:\/\/radioljubuski.ba\/wp-content\/uploads\/2021\/10\/l6pwSv4n_struja.jpg\" \/>\n\t<meta property=\"og:image:width\" content=\"1000\" \/>\n\t<meta property=\"og:image:height\" content=\"625\" \/>\n\t<meta property=\"og:image:type\" content=\"image\/jpeg\" \/>\n<meta name=\"author\" content=\"Radio Ljubu\u0161ki\" \/>\n<meta name=\"twitter:card\" content=\"summary_large_image\" \/>\n<meta name=\"twitter:creator\" content=\"@radioljubuski\" \/>\n<meta name=\"twitter:site\" content=\"@radioljubuski\" \/>\n<meta name=\"twitter:label1\" content=\"Napisao\/la\" \/>\n\t<meta name=\"twitter:data1\" content=\"Radio Ljubu\u0161ki\" \/>\n\t<meta name=\"twitter:label2\" content=\"Procijenjeno vrijeme \u010ditanja\" \/>\n\t<meta name=\"twitter:data2\" content=\"1 minuta\" \/>\n<script type=\"application\/ld+json\" class=\"yoast-schema-graph\">{\"@context\":\"https:\\\/\\\/schema.org\",\"@graph\":[{\"@type\":\"Article\",\"@id\":\"https:\\\/\\\/radioljubuski.ba\\\/index.php\\\/2021\\\/10\\\/13\\\/obrtnici-u-federaciji-bih-upozoravaju-rast-cijena-struje-ugrozit-ce-nas-polozaj\\\/#article\",\"isPartOf\":{\"@id\":\"https:\\\/\\\/radioljubuski.ba\\\/index.php\\\/2021\\\/10\\\/13\\\/obrtnici-u-federaciji-bih-upozoravaju-rast-cijena-struje-ugrozit-ce-nas-polozaj\\\/\"},\"author\":{\"name\":\"Radio Ljubu\u0161ki\",\"@id\":\"https:\\\/\\\/radioljubuski.ba\\\/#\\\/schema\\\/person\\\/19fc700381a780f69665d7956c469e3b\"},\"headline\":\"Obrtnici u Federaciji BiH upozoravaju: Rast cijena struje ugrozit \u0107e na\u0161 polo\u017eaj\",\"datePublished\":\"2021-10-13T08:42:04+00:00\",\"dateModified\":\"2021-10-13T08:42:05+00:00\",\"mainEntityOfPage\":{\"@id\":\"https:\\\/\\\/radioljubuski.ba\\\/index.php\\\/2021\\\/10\\\/13\\\/obrtnici-u-federaciji-bih-upozoravaju-rast-cijena-struje-ugrozit-ce-nas-polozaj\\\/\"},\"wordCount\":234,\"publisher\":{\"@id\":\"https:\\\/\\\/radioljubuski.ba\\\/#organization\"},\"image\":{\"@id\":\"https:\\\/\\\/radioljubuski.ba\\\/index.php\\\/2021\\\/10\\\/13\\\/obrtnici-u-federaciji-bih-upozoravaju-rast-cijena-struje-ugrozit-ce-nas-polozaj\\\/#primaryimage\"},\"thumbnailUrl\":\"https:\\\/\\\/radioljubuski.ba\\\/wp-content\\\/uploads\\\/2021\\\/10\\\/l6pwSv4n_struja.jpg\",\"articleSection\":[\"BIH i regija\"],\"inLanguage\":\"hr\"},{\"@type\":\"WebPage\",\"@id\":\"https:\\\/\\\/radioljubuski.ba\\\/index.php\\\/2021\\\/10\\\/13\\\/obrtnici-u-federaciji-bih-upozoravaju-rast-cijena-struje-ugrozit-ce-nas-polozaj\\\/\",\"url\":\"https:\\\/\\\/radioljubuski.ba\\\/index.php\\\/2021\\\/10\\\/13\\\/obrtnici-u-federaciji-bih-upozoravaju-rast-cijena-struje-ugrozit-ce-nas-polozaj\\\/\",\"name\":\"Obrtnici u Federaciji BiH upozoravaju: Rast cijena struje ugrozit \u0107e na\u0161 polo\u017eaj - RADIO LJUBU\u0160KI\",\"isPartOf\":{\"@id\":\"https:\\\/\\\/radioljubuski.ba\\\/#website\"},\"primaryImageOfPage\":{\"@id\":\"https:\\\/\\\/radioljubuski.ba\\\/index.php\\\/2021\\\/10\\\/13\\\/obrtnici-u-federaciji-bih-upozoravaju-rast-cijena-struje-ugrozit-ce-nas-polozaj\\\/#primaryimage\"},\"image\":{\"@id\":\"https:\\\/\\\/radioljubuski.ba\\\/index.php\\\/2021\\\/10\\\/13\\\/obrtnici-u-federaciji-bih-upozoravaju-rast-cijena-struje-ugrozit-ce-nas-polozaj\\\/#primaryimage\"},\"thumbnailUrl\":\"https:\\\/\\\/radioljubuski.ba\\\/wp-content\\\/uploads\\\/2021\\\/10\\\/l6pwSv4n_struja.jpg\",\"datePublished\":\"2021-10-13T08:42:04+00:00\",\"dateModified\":\"2021-10-13T08:42:05+00:00\",\"breadcrumb\":{\"@id\":\"https:\\\/\\\/radioljubuski.ba\\\/index.php\\\/2021\\\/10\\\/13\\\/obrtnici-u-federaciji-bih-upozoravaju-rast-cijena-struje-ugrozit-ce-nas-polozaj\\\/#breadcrumb\"},\"inLanguage\":\"hr\",\"potentialAction\":[{\"@type\":\"ReadAction\",\"target\":[\"https:\\\/\\\/radioljubuski.ba\\\/index.php\\\/2021\\\/10\\\/13\\\/obrtnici-u-federaciji-bih-upozoravaju-rast-cijena-struje-ugrozit-ce-nas-polozaj\\\/\"]}]},{\"@type\":\"ImageObject\",\"inLanguage\":\"hr\",\"@id\":\"https:\\\/\\\/radioljubuski.ba\\\/index.php\\\/2021\\\/10\\\/13\\\/obrtnici-u-federaciji-bih-upozoravaju-rast-cijena-struje-ugrozit-ce-nas-polozaj\\\/#primaryimage\",\"url\":\"https:\\\/\\\/radioljubuski.ba\\\/wp-content\\\/uploads\\\/2021\\\/10\\\/l6pwSv4n_struja.jpg\",\"contentUrl\":\"https:\\\/\\\/radioljubuski.ba\\\/wp-content\\\/uploads\\\/2021\\\/10\\\/l6pwSv4n_struja.jpg\",\"width\":1000,\"height\":625},{\"@type\":\"BreadcrumbList\",\"@id\":\"https:\\\/\\\/radioljubuski.ba\\\/index.php\\\/2021\\\/10\\\/13\\\/obrtnici-u-federaciji-bih-upozoravaju-rast-cijena-struje-ugrozit-ce-nas-polozaj\\\/#breadcrumb\",\"itemListElement\":[{\"@type\":\"ListItem\",\"position\":1,\"name\":\"Po\u010detna stranica\",\"item\":\"https:\\\/\\\/radioljubuski.ba\\\/\"},{\"@type\":\"ListItem\",\"position\":2,\"name\":\"Obrtnici u Federaciji BiH upozoravaju: Rast cijena struje ugrozit \u0107e na\u0161 polo\u017eaj\"}]},{\"@type\":\"WebSite\",\"@id\":\"https:\\\/\\\/radioljubuski.ba\\\/#website\",\"url\":\"https:\\\/\\\/radioljubuski.ba\\\/\",\"name\":\"Radio Ljubu\u0161ki\",\"description\":\"Sun\u010dana frekvencija Hercegovine\",\"publisher\":{\"@id\":\"https:\\\/\\\/radioljubuski.ba\\\/#organization\"},\"potentialAction\":[{\"@type\":\"SearchAction\",\"target\":{\"@type\":\"EntryPoint\",\"urlTemplate\":\"https:\\\/\\\/radioljubuski.ba\\\/?s={search_term_string}\"},\"query-input\":{\"@type\":\"PropertyValueSpecification\",\"valueRequired\":true,\"valueName\":\"search_term_string\"}}],\"inLanguage\":\"hr\"},{\"@type\":\"Organization\",\"@id\":\"https:\\\/\\\/radioljubuski.ba\\\/#organization\",\"name\":\"Radio Ljubu\u0161ki\",\"url\":\"https:\\\/\\\/radioljubuski.ba\\\/\",\"logo\":{\"@type\":\"ImageObject\",\"inLanguage\":\"hr\",\"@id\":\"https:\\\/\\\/radioljubuski.ba\\\/#\\\/schema\\\/logo\\\/image\\\/\",\"url\":\"https:\\\/\\\/radioljubuski.ba\\\/wp-content\\\/uploads\\\/2021\\\/02\\\/cropped-Radio_Ljubuski_logo1.jpg\",\"contentUrl\":\"https:\\\/\\\/radioljubuski.ba\\\/wp-content\\\/uploads\\\/2021\\\/02\\\/cropped-Radio_Ljubuski_logo1.jpg\",\"width\":512,\"height\":512,\"caption\":\"Radio Ljubu\u0161ki\"},\"image\":{\"@id\":\"https:\\\/\\\/radioljubuski.ba\\\/#\\\/schema\\\/logo\\\/image\\\/\"},\"sameAs\":[\"https:\\\/\\\/www.facebook.com\\\/Radiio-Ljubuski-1490835324566332\",\"https:\\\/\\\/x.com\\\/radioljubuski\",\"https:\\\/\\\/hr.linkedin.com\\\/company\\\/radio-ljubuski\",\"https:\\\/\\\/www.youtube.com\\\/channel\\\/UCHYaeO_n0Db3tjNGudGpXyw\"]},{\"@type\":\"Person\",\"@id\":\"https:\\\/\\\/radioljubuski.ba\\\/#\\\/schema\\\/person\\\/19fc700381a780f69665d7956c469e3b\",\"name\":\"Radio Ljubu\u0161ki\"}]}<\/script>\n<!-- \/ Yoast SEO plugin. -->","yoast_head_json":{"title":"Obrtnici u Federaciji BiH upozoravaju: Rast cijena struje ugrozit \u0107e na\u0161 polo\u017eaj - RADIO LJUBU\u0160KI","robots":{"index":"index","follow":"follow","max-snippet":"max-snippet:-1","max-image-preview":"max-image-preview:large","max-video-preview":"max-video-preview:-1"},"canonical":"https:\/\/radioljubuski.ba\/index.php\/2021\/10\/13\/obrtnici-u-federaciji-bih-upozoravaju-rast-cijena-struje-ugrozit-ce-nas-polozaj\/","og_locale":"hr_HR","og_type":"article","og_title":"Obrtnici u Federaciji BiH upozoravaju: Rast cijena struje ugrozit \u0107e na\u0161 polo\u017eaj - RADIO LJUBU\u0160KI","og_description":"Obrtni\u010dka komora Federacije BiH priop\u0107ila je kako \u0107e najavljeni rast cijena elektri\u010dne energije dodatno ugroziti ionako te\u017eak polo\u017eaj obrtnika u ovom bh. entitetu. Kako su naveli, ukoliko do\u0111e do poskupljenja struje, veliki broj radnji suo\u010dit \u0107e se sa smanjenjem konkurentnosti, padom prodaje usluga i smanjenjem produktivnosti. &#8220;Rast cijene elektri\u010dne energije dovest \u0107e do naglog pove\u0107anja [&hellip;]","og_url":"https:\/\/radioljubuski.ba\/index.php\/2021\/10\/13\/obrtnici-u-federaciji-bih-upozoravaju-rast-cijena-struje-ugrozit-ce-nas-polozaj\/","og_site_name":"RADIO LJUBU\u0160KI","article_publisher":"https:\/\/www.facebook.com\/Radiio-Ljubuski-1490835324566332","article_published_time":"2021-10-13T08:42:04+00:00","article_modified_time":"2021-10-13T08:42:05+00:00","og_image":[{"width":1000,"height":625,"url":"https:\/\/radioljubuski.ba\/wp-content\/uploads\/2021\/10\/l6pwSv4n_struja.jpg","type":"image\/jpeg"}],"author":"Radio Ljubu\u0161ki","twitter_card":"summary_large_image","twitter_creator":"@radioljubuski","twitter_site":"@radioljubuski","twitter_misc":{"Napisao\/la":"Radio Ljubu\u0161ki","Procijenjeno vrijeme \u010ditanja":"1 minuta"},"schema":{"@context":"https:\/\/schema.org","@graph":[{"@type":"Article","@id":"https:\/\/radioljubuski.ba\/index.php\/2021\/10\/13\/obrtnici-u-federaciji-bih-upozoravaju-rast-cijena-struje-ugrozit-ce-nas-polozaj\/#article","isPartOf":{"@id":"https:\/\/radioljubuski.ba\/index.php\/2021\/10\/13\/obrtnici-u-federaciji-bih-upozoravaju-rast-cijena-struje-ugrozit-ce-nas-polozaj\/"},"author":{"name":"Radio Ljubu\u0161ki","@id":"https:\/\/radioljubuski.ba\/#\/schema\/person\/19fc700381a780f69665d7956c469e3b"},"headline":"Obrtnici u Federaciji BiH upozoravaju: Rast cijena struje ugrozit \u0107e na\u0161 polo\u017eaj","datePublished":"2021-10-13T08:42:04+00:00","dateModified":"2021-10-13T08:42:05+00:00","mainEntityOfPage":{"@id":"https:\/\/radioljubuski.ba\/index.php\/2021\/10\/13\/obrtnici-u-federaciji-bih-upozoravaju-rast-cijena-struje-ugrozit-ce-nas-polozaj\/"},"wordCount":234,"publisher":{"@id":"https:\/\/radioljubuski.ba\/#organization"},"image":{"@id":"https:\/\/radioljubuski.ba\/index.php\/2021\/10\/13\/obrtnici-u-federaciji-bih-upozoravaju-rast-cijena-struje-ugrozit-ce-nas-polozaj\/#primaryimage"},"thumbnailUrl":"https:\/\/radioljubuski.ba\/wp-content\/uploads\/2021\/10\/l6pwSv4n_struja.jpg","articleSection":["BIH i regija"],"inLanguage":"hr"},{"@type":"WebPage","@id":"https:\/\/radioljubuski.ba\/index.php\/2021\/10\/13\/obrtnici-u-federaciji-bih-upozoravaju-rast-cijena-struje-ugrozit-ce-nas-polozaj\/","url":"https:\/\/radioljubuski.ba\/index.php\/2021\/10\/13\/obrtnici-u-federaciji-bih-upozoravaju-rast-cijena-struje-ugrozit-ce-nas-polozaj\/","name":"Obrtnici u Federaciji BiH upozoravaju: Rast cijena struje ugrozit \u0107e na\u0161 polo\u017eaj - RADIO LJUBU\u0160KI","isPartOf":{"@id":"https:\/\/radioljubuski.ba\/#website"},"primaryImageOfPage":{"@id":"https:\/\/radioljubuski.ba\/index.php\/2021\/10\/13\/obrtnici-u-federaciji-bih-upozoravaju-rast-cijena-struje-ugrozit-ce-nas-polozaj\/#primaryimage"},"image":{"@id":"https:\/\/radioljubuski.ba\/index.php\/2021\/10\/13\/obrtnici-u-federaciji-bih-upozoravaju-rast-cijena-struje-ugrozit-ce-nas-polozaj\/#primaryimage"},"thumbnailUrl":"https:\/\/radioljubuski.ba\/wp-content\/uploads\/2021\/10\/l6pwSv4n_struja.jpg","datePublished":"2021-10-13T08:42:04+00:00","dateModified":"2021-10-13T08:42:05+00:00","breadcrumb":{"@id":"https:\/\/radioljubuski.ba\/index.php\/2021\/10\/13\/obrtnici-u-federaciji-bih-upozoravaju-rast-cijena-struje-ugrozit-ce-nas-polozaj\/#breadcrumb"},"inLanguage":"hr","potentialAction":[{"@type":"ReadAction","target":["https:\/\/radioljubuski.ba\/index.php\/2021\/10\/13\/obrtnici-u-federaciji-bih-upozoravaju-rast-cijena-struje-ugrozit-ce-nas-polozaj\/"]}]},{"@type":"ImageObject","inLanguage":"hr","@id":"https:\/\/radioljubuski.ba\/index.php\/2021\/10\/13\/obrtnici-u-federaciji-bih-upozoravaju-rast-cijena-struje-ugrozit-ce-nas-polozaj\/#primaryimage","url":"https:\/\/radioljubuski.ba\/wp-content\/uploads\/2021\/10\/l6pwSv4n_struja.jpg","contentUrl":"https:\/\/radioljubuski.ba\/wp-content\/uploads\/2021\/10\/l6pwSv4n_struja.jpg","width":1000,"height":625},{"@type":"BreadcrumbList","@id":"https:\/\/radioljubuski.ba\/index.php\/2021\/10\/13\/obrtnici-u-federaciji-bih-upozoravaju-rast-cijena-struje-ugrozit-ce-nas-polozaj\/#breadcrumb","itemListElement":[{"@type":"ListItem","position":1,"name":"Po\u010detna stranica","item":"https:\/\/radioljubuski.ba\/"},{"@type":"ListItem","position":2,"name":"Obrtnici u Federaciji BiH upozoravaju: Rast cijena struje ugrozit \u0107e na\u0161 polo\u017eaj"}]},{"@type":"WebSite","@id":"https:\/\/radioljubuski.ba\/#website","url":"https:\/\/radioljubuski.ba\/","name":"Radio Ljubu\u0161ki","description":"Sun\u010dana frekvencija Hercegovine","publisher":{"@id":"https:\/\/radioljubuski.ba\/#organization"},"potentialAction":[{"@type":"SearchAction","target":{"@type":"EntryPoint","urlTemplate":"https:\/\/radioljubuski.ba\/?s={search_term_string}"},"query-input":{"@type":"PropertyValueSpecification","valueRequired":true,"valueName":"search_term_string"}}],"inLanguage":"hr"},{"@type":"Organization","@id":"https:\/\/radioljubuski.ba\/#organization","name":"Radio Ljubu\u0161ki","url":"https:\/\/radioljubuski.ba\/","logo":{"@type":"ImageObject","inLanguage":"hr","@id":"https:\/\/radioljubuski.ba\/#\/schema\/logo\/image\/","url":"https:\/\/radioljubuski.ba\/wp-content\/uploads\/2021\/02\/cropped-Radio_Ljubuski_logo1.jpg","contentUrl":"https:\/\/radioljubuski.ba\/wp-content\/uploads\/2021\/02\/cropped-Radio_Ljubuski_logo1.jpg","width":512,"height":512,"caption":"Radio Ljubu\u0161ki"},"image":{"@id":"https:\/\/radioljubuski.ba\/#\/schema\/logo\/image\/"},"sameAs":["https:\/\/www.facebook.com\/Radiio-Ljubuski-1490835324566332","https:\/\/x.com\/radioljubuski","https:\/\/hr.linkedin.com\/company\/radio-ljubuski","https:\/\/www.youtube.com\/channel\/UCHYaeO_n0Db3tjNGudGpXyw"]},{"@type":"Person","@id":"https:\/\/radioljubuski.ba\/#\/schema\/person\/19fc700381a780f69665d7956c469e3b","name":"Radio Ljubu\u0161ki"}]}},"_links":{"self":[{"href":"https:\/\/radioljubuski.ba\/index.php\/wp-json\/wp\/v2\/posts\/74935","targetHints":{"allow":["GET"]}}],"collection":[{"href":"https:\/\/radioljubuski.ba\/index.php\/wp-json\/wp\/v2\/posts"}],"about":[{"href":"https:\/\/radioljubuski.ba\/index.php\/wp-json\/wp\/v2\/types\/post"}],"author":[{"embeddable":true,"href":"https:\/\/radioljubuski.ba\/index.php\/wp-json\/wp\/v2\/users\/2"}],"replies":[{"embeddable":true,"href":"https:\/\/radioljubuski.ba\/index.php\/wp-json\/wp\/v2\/comments?post=74935"}],"version-history":[{"count":1,"href":"https:\/\/radioljubuski.ba\/index.php\/wp-json\/wp\/v2\/posts\/74935\/revisions"}],"predecessor-version":[{"id":74937,"href":"https:\/\/radioljubuski.ba\/index.php\/wp-json\/wp\/v2\/posts\/74935\/revisions\/74937"}],"wp:featuredmedia":[{"embeddable":true,"href":"https:\/\/radioljubuski.ba\/index.php\/wp-json\/wp\/v2\/media\/74936"}],"wp:attachment":[{"href":"https:\/\/radioljubuski.ba\/index.php\/wp-json\/wp\/v2\/media?parent=74935"}],"wp:term":[{"taxonomy":"category","embeddable":true,"href":"https:\/\/radioljubuski.ba\/index.php\/wp-json\/wp\/v2\/categories?post=74935"},{"taxonomy":"post_tag","embeddable":true,"href":"https:\/\/radioljubuski.ba\/index.php\/wp-json\/wp\/v2\/tags?post=74935"}],"curies":[{"name":"wp","href":"https:\/\/api.w.org\/{rel}","templated":true}]}}