{"id":74938,"date":"2021-10-13T09:44:09","date_gmt":"2021-10-13T08:44:09","guid":{"rendered":"https:\/\/radioljubuski.ba\/?p=74938"},"modified":"2021-10-13T09:44:11","modified_gmt":"2021-10-13T08:44:11","slug":"whatsapp-ce-uvesti-opciju-koju-su-mnogi-jedva-cekali-a-tice-se-privatnosti","status":"publish","type":"post","link":"https:\/\/radioljubuski.ba\/index.php\/2021\/10\/13\/whatsapp-ce-uvesti-opciju-koju-su-mnogi-jedva-cekali-a-tice-se-privatnosti\/","title":{"rendered":"WhatsApp \u0107e uvesti opciju koju su mnogi jedva \u010dekali, a ti\u010de se privatnosti"},"content":{"rendered":"\n<p>Sti\u017eu novosti na WhatsApp, a ti\u010du se postavki privatnosti.<\/p>\n\n\n\n<p>WaBetaInfo prenosi da WhatsApp radi na uvo\u0111enju postavke zahvaljuju\u0107i kojoj \u0107ete mo\u0107i odre\u0111enim ljudima onemogu\u0107iti da vide va\u0161 status aktivnosti.<\/p>\n\n\n\n<p>Prije nekoliko godina WhatsApp je implementirao tri postavke privatnosti vezane za sliku profila, opis i \u201cposljednje vi\u0111eno\u201d. Te postavke omogu\u0107uju korisnicima da odlu\u010de tko mo\u017ee vidjeti te podatke u interakciji s njima na WhatsAppu.<\/p>\n\n\n\n<p>Za upravljanje tim postavkama privatnosti WhatsApp je odredio samo tri opcije \u2013 svi, samo kontakti i niko. Sad sti\u017ee i jo\u0161 jedna mogu\u0107nost \u2013 \u201cmoji kontakti osim\u2026\u201d Naravno, kod onih kojima onemogu\u0107ite da vide va\u0161 status aktivnosti ni vi ne\u0107ete mo\u0107i vidjeti njihov.<\/p>\n\n\n\n<p>WaBetaInfo je objavio i screenshot kako \u0107e izgledati ta opcija na iOS ure\u0111ajima, ali pi\u0161u da \u0107e ta opcija biti dostupna i na Androidima.<\/p>\n\n\n\n<blockquote class=\"twitter-tweet\"><p lang=\"en\" dir=\"ltr\">WhatsApp is planning to add the &quot;My contacts except&#8230;&quot; option for Last Seen, Profile Picture and About, so you will be able to exclude specific contacts without disabling the feature! \ud83d\udcaf<br>Note: you cannot see the last seen of excluded contacts.<br><br>Availability: in a future update. <a href=\"https:\/\/t.co\/LWTihboePd\">pic.twitter.com\/LWTihboePd<\/a><\/p>&mdash; WABetaInfo (@WABetaInfo) <a href=\"https:\/\/twitter.com\/WABetaInfo\/status\/1435128496263663621?ref_src=twsrc%5Etfw\">September 7, 2021<\/a><\/blockquote> <script async src=\"https:\/\/platform.twitter.com\/widgets.js\" charset=\"utf-8\"><\/script> \n\n\n\n<p>Izvor:indeks.hr<\/p>\n","protected":false},"excerpt":{"rendered":"<p>Sti\u017eu novosti na WhatsApp, a ti\u010du se postavki privatnosti. WaBetaInfo prenosi da WhatsApp radi na uvo\u0111enju postavke zahvaljuju\u0107i kojoj \u0107ete mo\u0107i odre\u0111enim ljudima onemogu\u0107iti da vide va\u0161 status aktivnosti. Prije nekoliko godina WhatsApp je implementirao tri postavke privatnosti vezane za sliku profila, opis i \u201cposljednje vi\u0111eno\u201d. Te postavke omogu\u0107uju korisnicima da odlu\u010de tko mo\u017ee vidjeti [&hellip;]<\/p>\n","protected":false},"author":2,"featured_media":74939,"comment_status":"closed","ping_status":"closed","sticky":false,"template":"","format":"standard","meta":{"h5ap_radio_sources":[],"footnotes":""},"categories":[1],"tags":[],"class_list":["post-74938","post","type-post","status-publish","format-standard","has-post-thumbnail","hentry","category-bihiregija"],"yoast_head":"<!-- This site is optimized with the Yoast SEO plugin v27.4 - https:\/\/yoast.com\/product\/yoast-seo-wordpress\/ -->\n<title>WhatsApp \u0107e uvesti opciju koju su mnogi jedva \u010dekali, a ti\u010de se privatnosti - RADIO LJUBU\u0160KI<\/title>\n<meta name=\"robots\" content=\"index, follow, max-snippet:-1, max-image-preview:large, max-video-preview:-1\" \/>\n<link rel=\"canonical\" href=\"https:\/\/radioljubuski.ba\/index.php\/2021\/10\/13\/whatsapp-ce-uvesti-opciju-koju-su-mnogi-jedva-cekali-a-tice-se-privatnosti\/\" \/>\n<meta property=\"og:locale\" content=\"hr_HR\" \/>\n<meta property=\"og:type\" content=\"article\" \/>\n<meta property=\"og:title\" content=\"WhatsApp \u0107e uvesti opciju koju su mnogi jedva \u010dekali, a ti\u010de se privatnosti - RADIO LJUBU\u0160KI\" \/>\n<meta property=\"og:description\" content=\"Sti\u017eu novosti na WhatsApp, a ti\u010du se postavki privatnosti. WaBetaInfo prenosi da WhatsApp radi na uvo\u0111enju postavke zahvaljuju\u0107i kojoj \u0107ete mo\u0107i odre\u0111enim ljudima onemogu\u0107iti da vide va\u0161 status aktivnosti. Prije nekoliko godina WhatsApp je implementirao tri postavke privatnosti vezane za sliku profila, opis i \u201cposljednje vi\u0111eno\u201d. Te postavke omogu\u0107uju korisnicima da odlu\u010de tko mo\u017ee vidjeti [&hellip;]\" \/>\n<meta property=\"og:url\" content=\"https:\/\/radioljubuski.ba\/index.php\/2021\/10\/13\/whatsapp-ce-uvesti-opciju-koju-su-mnogi-jedva-cekali-a-tice-se-privatnosti\/\" \/>\n<meta property=\"og:site_name\" content=\"RADIO LJUBU\u0160KI\" \/>\n<meta property=\"article:publisher\" content=\"https:\/\/www.facebook.com\/Radiio-Ljubuski-1490835324566332\" \/>\n<meta property=\"article:published_time\" content=\"2021-10-13T08:44:09+00:00\" \/>\n<meta property=\"article:modified_time\" content=\"2021-10-13T08:44:11+00:00\" \/>\n<meta property=\"og:image\" content=\"https:\/\/radioljubuski.ba\/wp-content\/uploads\/2021\/10\/vWXm04Lu_whatsapp_1212017_960_720.jpg\" \/>\n\t<meta property=\"og:image:width\" content=\"1000\" \/>\n\t<meta property=\"og:image:height\" content=\"625\" \/>\n\t<meta property=\"og:image:type\" content=\"image\/jpeg\" \/>\n<meta name=\"author\" content=\"Radio Ljubu\u0161ki\" \/>\n<meta name=\"twitter:card\" content=\"summary_large_image\" \/>\n<meta name=\"twitter:creator\" content=\"@radioljubuski\" \/>\n<meta name=\"twitter:site\" content=\"@radioljubuski\" \/>\n<meta name=\"twitter:label1\" content=\"Napisao\/la\" \/>\n\t<meta name=\"twitter:data1\" content=\"Radio Ljubu\u0161ki\" \/>\n\t<meta name=\"twitter:label2\" content=\"Procijenjeno vrijeme \u010ditanja\" \/>\n\t<meta name=\"twitter:data2\" content=\"1 minuta\" \/>\n<script type=\"application\/ld+json\" class=\"yoast-schema-graph\">{\"@context\":\"https:\\\/\\\/schema.org\",\"@graph\":[{\"@type\":\"Article\",\"@id\":\"https:\\\/\\\/radioljubuski.ba\\\/index.php\\\/2021\\\/10\\\/13\\\/whatsapp-ce-uvesti-opciju-koju-su-mnogi-jedva-cekali-a-tice-se-privatnosti\\\/#article\",\"isPartOf\":{\"@id\":\"https:\\\/\\\/radioljubuski.ba\\\/index.php\\\/2021\\\/10\\\/13\\\/whatsapp-ce-uvesti-opciju-koju-su-mnogi-jedva-cekali-a-tice-se-privatnosti\\\/\"},\"author\":{\"name\":\"Radio Ljubu\u0161ki\",\"@id\":\"https:\\\/\\\/radioljubuski.ba\\\/#\\\/schema\\\/person\\\/19fc700381a780f69665d7956c469e3b\"},\"headline\":\"WhatsApp \u0107e uvesti opciju koju su mnogi jedva \u010dekali, a ti\u010de se privatnosti\",\"datePublished\":\"2021-10-13T08:44:09+00:00\",\"dateModified\":\"2021-10-13T08:44:11+00:00\",\"mainEntityOfPage\":{\"@id\":\"https:\\\/\\\/radioljubuski.ba\\\/index.php\\\/2021\\\/10\\\/13\\\/whatsapp-ce-uvesti-opciju-koju-su-mnogi-jedva-cekali-a-tice-se-privatnosti\\\/\"},\"wordCount\":218,\"publisher\":{\"@id\":\"https:\\\/\\\/radioljubuski.ba\\\/#organization\"},\"image\":{\"@id\":\"https:\\\/\\\/radioljubuski.ba\\\/index.php\\\/2021\\\/10\\\/13\\\/whatsapp-ce-uvesti-opciju-koju-su-mnogi-jedva-cekali-a-tice-se-privatnosti\\\/#primaryimage\"},\"thumbnailUrl\":\"https:\\\/\\\/radioljubuski.ba\\\/wp-content\\\/uploads\\\/2021\\\/10\\\/vWXm04Lu_whatsapp_1212017_960_720.jpg\",\"articleSection\":[\"BIH i regija\"],\"inLanguage\":\"hr\"},{\"@type\":\"WebPage\",\"@id\":\"https:\\\/\\\/radioljubuski.ba\\\/index.php\\\/2021\\\/10\\\/13\\\/whatsapp-ce-uvesti-opciju-koju-su-mnogi-jedva-cekali-a-tice-se-privatnosti\\\/\",\"url\":\"https:\\\/\\\/radioljubuski.ba\\\/index.php\\\/2021\\\/10\\\/13\\\/whatsapp-ce-uvesti-opciju-koju-su-mnogi-jedva-cekali-a-tice-se-privatnosti\\\/\",\"name\":\"WhatsApp \u0107e uvesti opciju koju su mnogi jedva \u010dekali, a ti\u010de se privatnosti - RADIO LJUBU\u0160KI\",\"isPartOf\":{\"@id\":\"https:\\\/\\\/radioljubuski.ba\\\/#website\"},\"primaryImageOfPage\":{\"@id\":\"https:\\\/\\\/radioljubuski.ba\\\/index.php\\\/2021\\\/10\\\/13\\\/whatsapp-ce-uvesti-opciju-koju-su-mnogi-jedva-cekali-a-tice-se-privatnosti\\\/#primaryimage\"},\"image\":{\"@id\":\"https:\\\/\\\/radioljubuski.ba\\\/index.php\\\/2021\\\/10\\\/13\\\/whatsapp-ce-uvesti-opciju-koju-su-mnogi-jedva-cekali-a-tice-se-privatnosti\\\/#primaryimage\"},\"thumbnailUrl\":\"https:\\\/\\\/radioljubuski.ba\\\/wp-content\\\/uploads\\\/2021\\\/10\\\/vWXm04Lu_whatsapp_1212017_960_720.jpg\",\"datePublished\":\"2021-10-13T08:44:09+00:00\",\"dateModified\":\"2021-10-13T08:44:11+00:00\",\"breadcrumb\":{\"@id\":\"https:\\\/\\\/radioljubuski.ba\\\/index.php\\\/2021\\\/10\\\/13\\\/whatsapp-ce-uvesti-opciju-koju-su-mnogi-jedva-cekali-a-tice-se-privatnosti\\\/#breadcrumb\"},\"inLanguage\":\"hr\",\"potentialAction\":[{\"@type\":\"ReadAction\",\"target\":[\"https:\\\/\\\/radioljubuski.ba\\\/index.php\\\/2021\\\/10\\\/13\\\/whatsapp-ce-uvesti-opciju-koju-su-mnogi-jedva-cekali-a-tice-se-privatnosti\\\/\"]}]},{\"@type\":\"ImageObject\",\"inLanguage\":\"hr\",\"@id\":\"https:\\\/\\\/radioljubuski.ba\\\/index.php\\\/2021\\\/10\\\/13\\\/whatsapp-ce-uvesti-opciju-koju-su-mnogi-jedva-cekali-a-tice-se-privatnosti\\\/#primaryimage\",\"url\":\"https:\\\/\\\/radioljubuski.ba\\\/wp-content\\\/uploads\\\/2021\\\/10\\\/vWXm04Lu_whatsapp_1212017_960_720.jpg\",\"contentUrl\":\"https:\\\/\\\/radioljubuski.ba\\\/wp-content\\\/uploads\\\/2021\\\/10\\\/vWXm04Lu_whatsapp_1212017_960_720.jpg\",\"width\":1000,\"height\":625},{\"@type\":\"BreadcrumbList\",\"@id\":\"https:\\\/\\\/radioljubuski.ba\\\/index.php\\\/2021\\\/10\\\/13\\\/whatsapp-ce-uvesti-opciju-koju-su-mnogi-jedva-cekali-a-tice-se-privatnosti\\\/#breadcrumb\",\"itemListElement\":[{\"@type\":\"ListItem\",\"position\":1,\"name\":\"Po\u010detna stranica\",\"item\":\"https:\\\/\\\/radioljubuski.ba\\\/\"},{\"@type\":\"ListItem\",\"position\":2,\"name\":\"WhatsApp \u0107e uvesti opciju koju su mnogi jedva \u010dekali, a ti\u010de se privatnosti\"}]},{\"@type\":\"WebSite\",\"@id\":\"https:\\\/\\\/radioljubuski.ba\\\/#website\",\"url\":\"https:\\\/\\\/radioljubuski.ba\\\/\",\"name\":\"Radio Ljubu\u0161ki\",\"description\":\"Sun\u010dana frekvencija Hercegovine\",\"publisher\":{\"@id\":\"https:\\\/\\\/radioljubuski.ba\\\/#organization\"},\"potentialAction\":[{\"@type\":\"SearchAction\",\"target\":{\"@type\":\"EntryPoint\",\"urlTemplate\":\"https:\\\/\\\/radioljubuski.ba\\\/?s={search_term_string}\"},\"query-input\":{\"@type\":\"PropertyValueSpecification\",\"valueRequired\":true,\"valueName\":\"search_term_string\"}}],\"inLanguage\":\"hr\"},{\"@type\":\"Organization\",\"@id\":\"https:\\\/\\\/radioljubuski.ba\\\/#organization\",\"name\":\"Radio Ljubu\u0161ki\",\"url\":\"https:\\\/\\\/radioljubuski.ba\\\/\",\"logo\":{\"@type\":\"ImageObject\",\"inLanguage\":\"hr\",\"@id\":\"https:\\\/\\\/radioljubuski.ba\\\/#\\\/schema\\\/logo\\\/image\\\/\",\"url\":\"https:\\\/\\\/radioljubuski.ba\\\/wp-content\\\/uploads\\\/2021\\\/02\\\/cropped-Radio_Ljubuski_logo1.jpg\",\"contentUrl\":\"https:\\\/\\\/radioljubuski.ba\\\/wp-content\\\/uploads\\\/2021\\\/02\\\/cropped-Radio_Ljubuski_logo1.jpg\",\"width\":512,\"height\":512,\"caption\":\"Radio Ljubu\u0161ki\"},\"image\":{\"@id\":\"https:\\\/\\\/radioljubuski.ba\\\/#\\\/schema\\\/logo\\\/image\\\/\"},\"sameAs\":[\"https:\\\/\\\/www.facebook.com\\\/Radiio-Ljubuski-1490835324566332\",\"https:\\\/\\\/x.com\\\/radioljubuski\",\"https:\\\/\\\/hr.linkedin.com\\\/company\\\/radio-ljubuski\",\"https:\\\/\\\/www.youtube.com\\\/channel\\\/UCHYaeO_n0Db3tjNGudGpXyw\"]},{\"@type\":\"Person\",\"@id\":\"https:\\\/\\\/radioljubuski.ba\\\/#\\\/schema\\\/person\\\/19fc700381a780f69665d7956c469e3b\",\"name\":\"Radio Ljubu\u0161ki\"}]}<\/script>\n<!-- \/ Yoast SEO plugin. -->","yoast_head_json":{"title":"WhatsApp \u0107e uvesti opciju koju su mnogi jedva \u010dekali, a ti\u010de se privatnosti - RADIO LJUBU\u0160KI","robots":{"index":"index","follow":"follow","max-snippet":"max-snippet:-1","max-image-preview":"max-image-preview:large","max-video-preview":"max-video-preview:-1"},"canonical":"https:\/\/radioljubuski.ba\/index.php\/2021\/10\/13\/whatsapp-ce-uvesti-opciju-koju-su-mnogi-jedva-cekali-a-tice-se-privatnosti\/","og_locale":"hr_HR","og_type":"article","og_title":"WhatsApp \u0107e uvesti opciju koju su mnogi jedva \u010dekali, a ti\u010de se privatnosti - RADIO LJUBU\u0160KI","og_description":"Sti\u017eu novosti na WhatsApp, a ti\u010du se postavki privatnosti. WaBetaInfo prenosi da WhatsApp radi na uvo\u0111enju postavke zahvaljuju\u0107i kojoj \u0107ete mo\u0107i odre\u0111enim ljudima onemogu\u0107iti da vide va\u0161 status aktivnosti. Prije nekoliko godina WhatsApp je implementirao tri postavke privatnosti vezane za sliku profila, opis i \u201cposljednje vi\u0111eno\u201d. Te postavke omogu\u0107uju korisnicima da odlu\u010de tko mo\u017ee vidjeti [&hellip;]","og_url":"https:\/\/radioljubuski.ba\/index.php\/2021\/10\/13\/whatsapp-ce-uvesti-opciju-koju-su-mnogi-jedva-cekali-a-tice-se-privatnosti\/","og_site_name":"RADIO LJUBU\u0160KI","article_publisher":"https:\/\/www.facebook.com\/Radiio-Ljubuski-1490835324566332","article_published_time":"2021-10-13T08:44:09+00:00","article_modified_time":"2021-10-13T08:44:11+00:00","og_image":[{"width":1000,"height":625,"url":"https:\/\/radioljubuski.ba\/wp-content\/uploads\/2021\/10\/vWXm04Lu_whatsapp_1212017_960_720.jpg","type":"image\/jpeg"}],"author":"Radio Ljubu\u0161ki","twitter_card":"summary_large_image","twitter_creator":"@radioljubuski","twitter_site":"@radioljubuski","twitter_misc":{"Napisao\/la":"Radio Ljubu\u0161ki","Procijenjeno vrijeme \u010ditanja":"1 minuta"},"schema":{"@context":"https:\/\/schema.org","@graph":[{"@type":"Article","@id":"https:\/\/radioljubuski.ba\/index.php\/2021\/10\/13\/whatsapp-ce-uvesti-opciju-koju-su-mnogi-jedva-cekali-a-tice-se-privatnosti\/#article","isPartOf":{"@id":"https:\/\/radioljubuski.ba\/index.php\/2021\/10\/13\/whatsapp-ce-uvesti-opciju-koju-su-mnogi-jedva-cekali-a-tice-se-privatnosti\/"},"author":{"name":"Radio Ljubu\u0161ki","@id":"https:\/\/radioljubuski.ba\/#\/schema\/person\/19fc700381a780f69665d7956c469e3b"},"headline":"WhatsApp \u0107e uvesti opciju koju su mnogi jedva \u010dekali, a ti\u010de se privatnosti","datePublished":"2021-10-13T08:44:09+00:00","dateModified":"2021-10-13T08:44:11+00:00","mainEntityOfPage":{"@id":"https:\/\/radioljubuski.ba\/index.php\/2021\/10\/13\/whatsapp-ce-uvesti-opciju-koju-su-mnogi-jedva-cekali-a-tice-se-privatnosti\/"},"wordCount":218,"publisher":{"@id":"https:\/\/radioljubuski.ba\/#organization"},"image":{"@id":"https:\/\/radioljubuski.ba\/index.php\/2021\/10\/13\/whatsapp-ce-uvesti-opciju-koju-su-mnogi-jedva-cekali-a-tice-se-privatnosti\/#primaryimage"},"thumbnailUrl":"https:\/\/radioljubuski.ba\/wp-content\/uploads\/2021\/10\/vWXm04Lu_whatsapp_1212017_960_720.jpg","articleSection":["BIH i regija"],"inLanguage":"hr"},{"@type":"WebPage","@id":"https:\/\/radioljubuski.ba\/index.php\/2021\/10\/13\/whatsapp-ce-uvesti-opciju-koju-su-mnogi-jedva-cekali-a-tice-se-privatnosti\/","url":"https:\/\/radioljubuski.ba\/index.php\/2021\/10\/13\/whatsapp-ce-uvesti-opciju-koju-su-mnogi-jedva-cekali-a-tice-se-privatnosti\/","name":"WhatsApp \u0107e uvesti opciju koju su mnogi jedva \u010dekali, a ti\u010de se privatnosti - RADIO LJUBU\u0160KI","isPartOf":{"@id":"https:\/\/radioljubuski.ba\/#website"},"primaryImageOfPage":{"@id":"https:\/\/radioljubuski.ba\/index.php\/2021\/10\/13\/whatsapp-ce-uvesti-opciju-koju-su-mnogi-jedva-cekali-a-tice-se-privatnosti\/#primaryimage"},"image":{"@id":"https:\/\/radioljubuski.ba\/index.php\/2021\/10\/13\/whatsapp-ce-uvesti-opciju-koju-su-mnogi-jedva-cekali-a-tice-se-privatnosti\/#primaryimage"},"thumbnailUrl":"https:\/\/radioljubuski.ba\/wp-content\/uploads\/2021\/10\/vWXm04Lu_whatsapp_1212017_960_720.jpg","datePublished":"2021-10-13T08:44:09+00:00","dateModified":"2021-10-13T08:44:11+00:00","breadcrumb":{"@id":"https:\/\/radioljubuski.ba\/index.php\/2021\/10\/13\/whatsapp-ce-uvesti-opciju-koju-su-mnogi-jedva-cekali-a-tice-se-privatnosti\/#breadcrumb"},"inLanguage":"hr","potentialAction":[{"@type":"ReadAction","target":["https:\/\/radioljubuski.ba\/index.php\/2021\/10\/13\/whatsapp-ce-uvesti-opciju-koju-su-mnogi-jedva-cekali-a-tice-se-privatnosti\/"]}]},{"@type":"ImageObject","inLanguage":"hr","@id":"https:\/\/radioljubuski.ba\/index.php\/2021\/10\/13\/whatsapp-ce-uvesti-opciju-koju-su-mnogi-jedva-cekali-a-tice-se-privatnosti\/#primaryimage","url":"https:\/\/radioljubuski.ba\/wp-content\/uploads\/2021\/10\/vWXm04Lu_whatsapp_1212017_960_720.jpg","contentUrl":"https:\/\/radioljubuski.ba\/wp-content\/uploads\/2021\/10\/vWXm04Lu_whatsapp_1212017_960_720.jpg","width":1000,"height":625},{"@type":"BreadcrumbList","@id":"https:\/\/radioljubuski.ba\/index.php\/2021\/10\/13\/whatsapp-ce-uvesti-opciju-koju-su-mnogi-jedva-cekali-a-tice-se-privatnosti\/#breadcrumb","itemListElement":[{"@type":"ListItem","position":1,"name":"Po\u010detna stranica","item":"https:\/\/radioljubuski.ba\/"},{"@type":"ListItem","position":2,"name":"WhatsApp \u0107e uvesti opciju koju su mnogi jedva \u010dekali, a ti\u010de se privatnosti"}]},{"@type":"WebSite","@id":"https:\/\/radioljubuski.ba\/#website","url":"https:\/\/radioljubuski.ba\/","name":"Radio Ljubu\u0161ki","description":"Sun\u010dana frekvencija Hercegovine","publisher":{"@id":"https:\/\/radioljubuski.ba\/#organization"},"potentialAction":[{"@type":"SearchAction","target":{"@type":"EntryPoint","urlTemplate":"https:\/\/radioljubuski.ba\/?s={search_term_string}"},"query-input":{"@type":"PropertyValueSpecification","valueRequired":true,"valueName":"search_term_string"}}],"inLanguage":"hr"},{"@type":"Organization","@id":"https:\/\/radioljubuski.ba\/#organization","name":"Radio Ljubu\u0161ki","url":"https:\/\/radioljubuski.ba\/","logo":{"@type":"ImageObject","inLanguage":"hr","@id":"https:\/\/radioljubuski.ba\/#\/schema\/logo\/image\/","url":"https:\/\/radioljubuski.ba\/wp-content\/uploads\/2021\/02\/cropped-Radio_Ljubuski_logo1.jpg","contentUrl":"https:\/\/radioljubuski.ba\/wp-content\/uploads\/2021\/02\/cropped-Radio_Ljubuski_logo1.jpg","width":512,"height":512,"caption":"Radio Ljubu\u0161ki"},"image":{"@id":"https:\/\/radioljubuski.ba\/#\/schema\/logo\/image\/"},"sameAs":["https:\/\/www.facebook.com\/Radiio-Ljubuski-1490835324566332","https:\/\/x.com\/radioljubuski","https:\/\/hr.linkedin.com\/company\/radio-ljubuski","https:\/\/www.youtube.com\/channel\/UCHYaeO_n0Db3tjNGudGpXyw"]},{"@type":"Person","@id":"https:\/\/radioljubuski.ba\/#\/schema\/person\/19fc700381a780f69665d7956c469e3b","name":"Radio Ljubu\u0161ki"}]}},"_links":{"self":[{"href":"https:\/\/radioljubuski.ba\/index.php\/wp-json\/wp\/v2\/posts\/74938","targetHints":{"allow":["GET"]}}],"collection":[{"href":"https:\/\/radioljubuski.ba\/index.php\/wp-json\/wp\/v2\/posts"}],"about":[{"href":"https:\/\/radioljubuski.ba\/index.php\/wp-json\/wp\/v2\/types\/post"}],"author":[{"embeddable":true,"href":"https:\/\/radioljubuski.ba\/index.php\/wp-json\/wp\/v2\/users\/2"}],"replies":[{"embeddable":true,"href":"https:\/\/radioljubuski.ba\/index.php\/wp-json\/wp\/v2\/comments?post=74938"}],"version-history":[{"count":1,"href":"https:\/\/radioljubuski.ba\/index.php\/wp-json\/wp\/v2\/posts\/74938\/revisions"}],"predecessor-version":[{"id":74940,"href":"https:\/\/radioljubuski.ba\/index.php\/wp-json\/wp\/v2\/posts\/74938\/revisions\/74940"}],"wp:featuredmedia":[{"embeddable":true,"href":"https:\/\/radioljubuski.ba\/index.php\/wp-json\/wp\/v2\/media\/74939"}],"wp:attachment":[{"href":"https:\/\/radioljubuski.ba\/index.php\/wp-json\/wp\/v2\/media?parent=74938"}],"wp:term":[{"taxonomy":"category","embeddable":true,"href":"https:\/\/radioljubuski.ba\/index.php\/wp-json\/wp\/v2\/categories?post=74938"},{"taxonomy":"post_tag","embeddable":true,"href":"https:\/\/radioljubuski.ba\/index.php\/wp-json\/wp\/v2\/tags?post=74938"}],"curies":[{"name":"wp","href":"https:\/\/api.w.org\/{rel}","templated":true}]}}