{"id":74944,"date":"2021-10-13T09:47:02","date_gmt":"2021-10-13T08:47:02","guid":{"rendered":"https:\/\/radioljubuski.ba\/?p=74944"},"modified":"2021-10-13T09:47:03","modified_gmt":"2021-10-13T08:47:03","slug":"ljubic-bih-je-u-destabilizaciji-treba-nam-ili-razlaz-ili-dogovor","status":"publish","type":"post","link":"https:\/\/radioljubuski.ba\/index.php\/2021\/10\/13\/ljubic-bih-je-u-destabilizaciji-treba-nam-ili-razlaz-ili-dogovor\/","title":{"rendered":"Ljubi\u0107: BiH je u destabilizaciji, treba nam ili razlaz ili dogovor"},"content":{"rendered":"\n<p>Predsjednik Glavnog vije\u0107a Hrvatskog narodnog sabora Bo\u017eo Ljubi\u0107 u emisiji <a href=\"https:\/\/bhrt.ba\/ljubi%C4%87-za-bhrt-bih-je-u-destabilizaciji-treba-nam-ili-razlaz-ili-dogovor?fbclid=IwAR1CPlKRg06_mxZwJS0Xm_KH7Vb7X6_WSfghrlIn5ZKXZp0yNXu5wUJ_kLQ\" target=\"_blank\" rel=\"noreferrer noopener\">BHT1 <\/a>u\u017eivo govorio je o zaklju\u010dcima koje je u ponedjeljak donio Hrvatski narodni sabor.&nbsp;<\/p>\n\n\n\n<p>Ljubi\u0107 isti\u010de kako je na sjednici Predsjedni\u0161tva bila &#8220;rasprava&#8221; o onomu \u0161to je &#8220;ura\u0111eno&#8221; i \u0161to &#8220;nije ura\u0111eno&#8221; po pitanju Izbornoga zakona.<\/p>\n\n\n\n<p>&#8220;U idu\u0107em razdoblju o\u010dekujemo jedno dinami\u010dnije uklju\u010divanje me\u0111unarodnih predstavnika, prvenstveno Sjedinjene Dr\u017eave i Europsku uniju&#8221;, rekao je Ljubi\u0107 dodav\u0161i kako su dvije presude bazi\u010dne u onom \u0161to HNS \u017eeli &#8211; a to su presude Europskog suda za ljudska prava i presuda Ustavnog suda po apelaciji Ljubi\u0107.&nbsp;<\/p>\n\n\n\n<p>Govore\u0107i o brisanju etni\u010dkih prefiksa o kojemu se govori u zadnje vrijeme, Ljubi\u0107 ka\u017ee kako u BiH postoje tri ustavotvorna i konstitutivna naroda te da jo\u0161 &#8220;nema spremnosti&#8221; za napu\u0161tanje toga koncepta.&nbsp;<\/p>\n\n\n\n<p>Na upit \u0161to je po njemu jedino rje\u0161enje u BiH kada su u pitanju izmjene Izbornoga zakona, Ljubi\u0107 ka\u017ee da je jedino rje\u0161enje &#8220;vra\u0107anje na tvorni\u010dke postavke Daytona&#8221; te da se omogu\u0107i legitimno predstavljanje svim trima konstitutivnim narodima u onim institucijama gdje ono sada nije omogu\u0107eno.<\/p>\n\n\n\n<p>&#8220;To je naru\u0161eno intervencijama me\u0111unarodnih politi\u010dkih predstavnika&#8221;, ka\u017ee Ljubi\u0107 i dodaje kako je Ustavni sud u apelaciji Ljubi\u0107 kazao kako se prema op\u0107em na\u010delu demokracije pravo na demokratsko odlu\u010divanje ostvaruje legitimnim politi\u010dkim predstavljanjem koje mora biti utemeljeno na legitimnom izboru.<\/p>\n\n\n\n<p>&#8220;Mi ne tra\u017eimo ni\u0161ta drugo nego da se po\u0161tuje Ustav i odluke Ustavnog suda&#8221;, ka\u017ee.&nbsp;<\/p>\n\n\n\n<p>Podsje\u0107a kako meritum nijedne odluke ESLjP-a nije dokidanje konstitutivnosti kao takve nego da se &#8220;apelantima omogu\u0107i da budu kandidati&#8221;.<\/p>\n\n\n\n<p>Na upit o tomu postoji li mogu\u0107nost za unutarnji politi\u010dki dogovor oko Izbornoga zakona, Ljubi\u0107 je konstantirao kako &#8220;na\u017ealost dogovor ne postoji&#8221;.<\/p>\n\n\n\n<p>&#8220;U ovoj zemlji jo\u0161 uvijek postoje i na sceni su politi\u010dke paradigme kojih smo bili svjesni u predve\u010derje raspada Jugoslavije&#8221;, ka\u017ee predsjednik GV HNS-a BiH.&nbsp;<\/p>\n\n\n\n<p>Na upit tko je najvi\u0161e kriv za politi\u010dku krizu u Bosni i Hercegovini Ljubi\u0107 podsje\u0107a na vrijeme s kraja rata dodav\u0161i kako &#8220;uspostavom mira tendencije iz rata nisu prestale&#8221;.<\/p>\n\n\n\n<p>&#8220;S druge strane su krivi i stranci i me\u0111unarodna zajednica koji su se igrali antropolo\u0161kih in\u017eenjera i Dayton gledati kao transformativni sporazum&#8221;, stava je Ljubi\u0107.&nbsp;<\/p>\n\n\n\n<p>U BiH, ka\u017ee, nije mogu\u0107a dominacija jedne od nacija nad druge dvije.&nbsp;<\/p>\n\n\n\n<p>&#8220;Uva\u017eeni svjetski znanstvenici su kazali da bi bilo potrebno tri do sedam stolje\u0107a da se narodi u BiH asimiliraju&#8230; BiH je dr\u017eava tri konstitutivna naroda i na tom principu treba tra\u017eiti rje\u0161enje, po uzoru na razvijene dr\u017eave poput \u0160vicarske ili Belgije&#8221;, rekao je Ljubi\u0107.&nbsp;<\/p>\n\n\n\n<p>Po njegovim rije\u010dima, (ne)zastupljenost Hrvata u Predsjedni\u0161tvu BiH vi\u0161e ima simboli\u010dku nego su\u0161tinsku ulogu.<\/p>\n\n\n\n<p>&#8220;Su\u0161tinsko pitanje ovdje je legitimno politi\u010dko predstavljanje u domu naroda jer iz njega proizlazi i vlastu Federaciji i dom naroda Parlamentarne skup\u0161tine BiH&#8230; Vrlo malo ljudi to promatra na taj na\u010din&#8221;, ka\u017ee Ljubi\u0107.<\/p>\n\n\n\n<p>Dodaje kako danas imamo dva entiteta i Republiku Srpskoj u kojoj srpska ve\u0107ina mo\u017ee odlu\u010divati sama dok u Federaciji to mo\u017ee bo\u0161nja\u010dka ve\u0107ina, a mi &#8220;trebamo imati me\u0111unacionalni balans&#8221;.<\/p>\n\n\n\n<p>Po njegovim rije\u010dima, BiH je u destabilizaciji, a &#8220;izlaz iz destabilizacije mo\u017ee biti dogovor ili razlaz&#8221;, ka\u017ee Ljubi\u0107 i dodaje da zbog me\u0111unarodnih \u010dimbenika do razlaza te\u0161ko mo\u017ee do\u0107i pa nam ostaje &#8220;dogovor&#8221;.<\/p>\n\n\n\n<iframe loading=\"lazy\" title=\"Gost BHT1 U\u017eivo bio je Bo\u017eo Ljubi\u0107, predsjednik Glavnog vije\u0107a Hrvatskog narodnog sabora\" width=\"640\" height=\"360\" src=\"https:\/\/www.youtube.com\/embed\/04xOgrbESfo?feature=oembed\" frameborder=\"0\" allow=\"accelerometer; autoplay; clipboard-write; encrypted-media; gyroscope; picture-in-picture; web-share\" referrerpolicy=\"strict-origin-when-cross-origin\" allowfullscreen><\/iframe>\n\n\n\n<p>Izvor:BHRT<\/p>\n","protected":false},"excerpt":{"rendered":"<p>Predsjednik Glavnog vije\u0107a Hrvatskog narodnog sabora Bo\u017eo Ljubi\u0107 u emisiji BHT1 u\u017eivo govorio je o zaklju\u010dcima koje je u ponedjeljak donio Hrvatski narodni sabor.&nbsp; Ljubi\u0107 isti\u010de kako je na sjednici Predsjedni\u0161tva bila &#8220;rasprava&#8221; o onomu \u0161to je &#8220;ura\u0111eno&#8221; i \u0161to &#8220;nije ura\u0111eno&#8221; po pitanju Izbornoga zakona. &#8220;U idu\u0107em razdoblju o\u010dekujemo jedno dinami\u010dnije uklju\u010divanje me\u0111unarodnih predstavnika, [&hellip;]<\/p>\n","protected":false},"author":2,"featured_media":42299,"comment_status":"closed","ping_status":"closed","sticky":false,"template":"","format":"standard","meta":{"h5ap_radio_sources":[],"footnotes":""},"categories":[1],"tags":[],"class_list":["post-74944","post","type-post","status-publish","format-standard","has-post-thumbnail","hentry","category-bihiregija"],"yoast_head":"<!-- This site is optimized with the Yoast SEO plugin v27.4 - https:\/\/yoast.com\/product\/yoast-seo-wordpress\/ -->\n<title>Ljubi\u0107: BiH je u destabilizaciji, treba nam ili razlaz ili dogovor - RADIO LJUBU\u0160KI<\/title>\n<meta name=\"robots\" content=\"index, follow, max-snippet:-1, max-image-preview:large, max-video-preview:-1\" \/>\n<link rel=\"canonical\" href=\"https:\/\/radioljubuski.ba\/index.php\/2021\/10\/13\/ljubic-bih-je-u-destabilizaciji-treba-nam-ili-razlaz-ili-dogovor\/\" \/>\n<meta property=\"og:locale\" content=\"hr_HR\" \/>\n<meta property=\"og:type\" content=\"article\" \/>\n<meta property=\"og:title\" content=\"Ljubi\u0107: BiH je u destabilizaciji, treba nam ili razlaz ili dogovor - RADIO LJUBU\u0160KI\" \/>\n<meta property=\"og:description\" content=\"Predsjednik Glavnog vije\u0107a Hrvatskog narodnog sabora Bo\u017eo Ljubi\u0107 u emisiji BHT1 u\u017eivo govorio je o zaklju\u010dcima koje je u ponedjeljak donio Hrvatski narodni sabor.&nbsp; Ljubi\u0107 isti\u010de kako je na sjednici Predsjedni\u0161tva bila &#8220;rasprava&#8221; o onomu \u0161to je &#8220;ura\u0111eno&#8221; i \u0161to &#8220;nije ura\u0111eno&#8221; po pitanju Izbornoga zakona. &#8220;U idu\u0107em razdoblju o\u010dekujemo jedno dinami\u010dnije uklju\u010divanje me\u0111unarodnih predstavnika, [&hellip;]\" \/>\n<meta property=\"og:url\" content=\"https:\/\/radioljubuski.ba\/index.php\/2021\/10\/13\/ljubic-bih-je-u-destabilizaciji-treba-nam-ili-razlaz-ili-dogovor\/\" \/>\n<meta property=\"og:site_name\" content=\"RADIO LJUBU\u0160KI\" \/>\n<meta property=\"article:publisher\" content=\"https:\/\/www.facebook.com\/Radiio-Ljubuski-1490835324566332\" \/>\n<meta property=\"article:published_time\" content=\"2021-10-13T08:47:02+00:00\" \/>\n<meta property=\"article:modified_time\" content=\"2021-10-13T08:47:03+00:00\" \/>\n<meta property=\"og:image\" content=\"https:\/\/radioljubuski.ba\/wp-content\/uploads\/2021\/07\/2-2021-06-03-14-07-16-bozo-ljubic.jpg\" \/>\n\t<meta property=\"og:image:width\" content=\"1000\" \/>\n\t<meta property=\"og:image:height\" content=\"625\" \/>\n\t<meta property=\"og:image:type\" content=\"image\/jpeg\" \/>\n<meta name=\"author\" content=\"Radio Ljubu\u0161ki\" \/>\n<meta name=\"twitter:card\" content=\"summary_large_image\" \/>\n<meta name=\"twitter:creator\" content=\"@radioljubuski\" \/>\n<meta name=\"twitter:site\" content=\"@radioljubuski\" \/>\n<meta name=\"twitter:label1\" content=\"Napisao\/la\" \/>\n\t<meta name=\"twitter:data1\" content=\"Radio Ljubu\u0161ki\" \/>\n\t<meta name=\"twitter:label2\" content=\"Procijenjeno vrijeme \u010ditanja\" \/>\n\t<meta name=\"twitter:data2\" content=\"3 minute\" \/>\n<script type=\"application\/ld+json\" class=\"yoast-schema-graph\">{\"@context\":\"https:\\\/\\\/schema.org\",\"@graph\":[{\"@type\":\"Article\",\"@id\":\"https:\\\/\\\/radioljubuski.ba\\\/index.php\\\/2021\\\/10\\\/13\\\/ljubic-bih-je-u-destabilizaciji-treba-nam-ili-razlaz-ili-dogovor\\\/#article\",\"isPartOf\":{\"@id\":\"https:\\\/\\\/radioljubuski.ba\\\/index.php\\\/2021\\\/10\\\/13\\\/ljubic-bih-je-u-destabilizaciji-treba-nam-ili-razlaz-ili-dogovor\\\/\"},\"author\":{\"name\":\"Radio Ljubu\u0161ki\",\"@id\":\"https:\\\/\\\/radioljubuski.ba\\\/#\\\/schema\\\/person\\\/19fc700381a780f69665d7956c469e3b\"},\"headline\":\"Ljubi\u0107: BiH je u destabilizaciji, treba nam ili razlaz ili dogovor\",\"datePublished\":\"2021-10-13T08:47:02+00:00\",\"dateModified\":\"2021-10-13T08:47:03+00:00\",\"mainEntityOfPage\":{\"@id\":\"https:\\\/\\\/radioljubuski.ba\\\/index.php\\\/2021\\\/10\\\/13\\\/ljubic-bih-je-u-destabilizaciji-treba-nam-ili-razlaz-ili-dogovor\\\/\"},\"wordCount\":626,\"publisher\":{\"@id\":\"https:\\\/\\\/radioljubuski.ba\\\/#organization\"},\"image\":{\"@id\":\"https:\\\/\\\/radioljubuski.ba\\\/index.php\\\/2021\\\/10\\\/13\\\/ljubic-bih-je-u-destabilizaciji-treba-nam-ili-razlaz-ili-dogovor\\\/#primaryimage\"},\"thumbnailUrl\":\"https:\\\/\\\/radioljubuski.ba\\\/wp-content\\\/uploads\\\/2021\\\/07\\\/2-2021-06-03-14-07-16-bozo-ljubic.jpg\",\"articleSection\":[\"BIH i regija\"],\"inLanguage\":\"hr\"},{\"@type\":\"WebPage\",\"@id\":\"https:\\\/\\\/radioljubuski.ba\\\/index.php\\\/2021\\\/10\\\/13\\\/ljubic-bih-je-u-destabilizaciji-treba-nam-ili-razlaz-ili-dogovor\\\/\",\"url\":\"https:\\\/\\\/radioljubuski.ba\\\/index.php\\\/2021\\\/10\\\/13\\\/ljubic-bih-je-u-destabilizaciji-treba-nam-ili-razlaz-ili-dogovor\\\/\",\"name\":\"Ljubi\u0107: BiH je u destabilizaciji, treba nam ili razlaz ili dogovor - RADIO LJUBU\u0160KI\",\"isPartOf\":{\"@id\":\"https:\\\/\\\/radioljubuski.ba\\\/#website\"},\"primaryImageOfPage\":{\"@id\":\"https:\\\/\\\/radioljubuski.ba\\\/index.php\\\/2021\\\/10\\\/13\\\/ljubic-bih-je-u-destabilizaciji-treba-nam-ili-razlaz-ili-dogovor\\\/#primaryimage\"},\"image\":{\"@id\":\"https:\\\/\\\/radioljubuski.ba\\\/index.php\\\/2021\\\/10\\\/13\\\/ljubic-bih-je-u-destabilizaciji-treba-nam-ili-razlaz-ili-dogovor\\\/#primaryimage\"},\"thumbnailUrl\":\"https:\\\/\\\/radioljubuski.ba\\\/wp-content\\\/uploads\\\/2021\\\/07\\\/2-2021-06-03-14-07-16-bozo-ljubic.jpg\",\"datePublished\":\"2021-10-13T08:47:02+00:00\",\"dateModified\":\"2021-10-13T08:47:03+00:00\",\"breadcrumb\":{\"@id\":\"https:\\\/\\\/radioljubuski.ba\\\/index.php\\\/2021\\\/10\\\/13\\\/ljubic-bih-je-u-destabilizaciji-treba-nam-ili-razlaz-ili-dogovor\\\/#breadcrumb\"},\"inLanguage\":\"hr\",\"potentialAction\":[{\"@type\":\"ReadAction\",\"target\":[\"https:\\\/\\\/radioljubuski.ba\\\/index.php\\\/2021\\\/10\\\/13\\\/ljubic-bih-je-u-destabilizaciji-treba-nam-ili-razlaz-ili-dogovor\\\/\"]}]},{\"@type\":\"ImageObject\",\"inLanguage\":\"hr\",\"@id\":\"https:\\\/\\\/radioljubuski.ba\\\/index.php\\\/2021\\\/10\\\/13\\\/ljubic-bih-je-u-destabilizaciji-treba-nam-ili-razlaz-ili-dogovor\\\/#primaryimage\",\"url\":\"https:\\\/\\\/radioljubuski.ba\\\/wp-content\\\/uploads\\\/2021\\\/07\\\/2-2021-06-03-14-07-16-bozo-ljubic.jpg\",\"contentUrl\":\"https:\\\/\\\/radioljubuski.ba\\\/wp-content\\\/uploads\\\/2021\\\/07\\\/2-2021-06-03-14-07-16-bozo-ljubic.jpg\",\"width\":1000,\"height\":625},{\"@type\":\"BreadcrumbList\",\"@id\":\"https:\\\/\\\/radioljubuski.ba\\\/index.php\\\/2021\\\/10\\\/13\\\/ljubic-bih-je-u-destabilizaciji-treba-nam-ili-razlaz-ili-dogovor\\\/#breadcrumb\",\"itemListElement\":[{\"@type\":\"ListItem\",\"position\":1,\"name\":\"Po\u010detna stranica\",\"item\":\"https:\\\/\\\/radioljubuski.ba\\\/\"},{\"@type\":\"ListItem\",\"position\":2,\"name\":\"Ljubi\u0107: BiH je u destabilizaciji, treba nam ili razlaz ili dogovor\"}]},{\"@type\":\"WebSite\",\"@id\":\"https:\\\/\\\/radioljubuski.ba\\\/#website\",\"url\":\"https:\\\/\\\/radioljubuski.ba\\\/\",\"name\":\"Radio Ljubu\u0161ki\",\"description\":\"Sun\u010dana frekvencija Hercegovine\",\"publisher\":{\"@id\":\"https:\\\/\\\/radioljubuski.ba\\\/#organization\"},\"potentialAction\":[{\"@type\":\"SearchAction\",\"target\":{\"@type\":\"EntryPoint\",\"urlTemplate\":\"https:\\\/\\\/radioljubuski.ba\\\/?s={search_term_string}\"},\"query-input\":{\"@type\":\"PropertyValueSpecification\",\"valueRequired\":true,\"valueName\":\"search_term_string\"}}],\"inLanguage\":\"hr\"},{\"@type\":\"Organization\",\"@id\":\"https:\\\/\\\/radioljubuski.ba\\\/#organization\",\"name\":\"Radio Ljubu\u0161ki\",\"url\":\"https:\\\/\\\/radioljubuski.ba\\\/\",\"logo\":{\"@type\":\"ImageObject\",\"inLanguage\":\"hr\",\"@id\":\"https:\\\/\\\/radioljubuski.ba\\\/#\\\/schema\\\/logo\\\/image\\\/\",\"url\":\"https:\\\/\\\/radioljubuski.ba\\\/wp-content\\\/uploads\\\/2021\\\/02\\\/cropped-Radio_Ljubuski_logo1.jpg\",\"contentUrl\":\"https:\\\/\\\/radioljubuski.ba\\\/wp-content\\\/uploads\\\/2021\\\/02\\\/cropped-Radio_Ljubuski_logo1.jpg\",\"width\":512,\"height\":512,\"caption\":\"Radio Ljubu\u0161ki\"},\"image\":{\"@id\":\"https:\\\/\\\/radioljubuski.ba\\\/#\\\/schema\\\/logo\\\/image\\\/\"},\"sameAs\":[\"https:\\\/\\\/www.facebook.com\\\/Radiio-Ljubuski-1490835324566332\",\"https:\\\/\\\/x.com\\\/radioljubuski\",\"https:\\\/\\\/hr.linkedin.com\\\/company\\\/radio-ljubuski\",\"https:\\\/\\\/www.youtube.com\\\/channel\\\/UCHYaeO_n0Db3tjNGudGpXyw\"]},{\"@type\":\"Person\",\"@id\":\"https:\\\/\\\/radioljubuski.ba\\\/#\\\/schema\\\/person\\\/19fc700381a780f69665d7956c469e3b\",\"name\":\"Radio Ljubu\u0161ki\"}]}<\/script>\n<!-- \/ Yoast SEO plugin. -->","yoast_head_json":{"title":"Ljubi\u0107: BiH je u destabilizaciji, treba nam ili razlaz ili dogovor - RADIO LJUBU\u0160KI","robots":{"index":"index","follow":"follow","max-snippet":"max-snippet:-1","max-image-preview":"max-image-preview:large","max-video-preview":"max-video-preview:-1"},"canonical":"https:\/\/radioljubuski.ba\/index.php\/2021\/10\/13\/ljubic-bih-je-u-destabilizaciji-treba-nam-ili-razlaz-ili-dogovor\/","og_locale":"hr_HR","og_type":"article","og_title":"Ljubi\u0107: BiH je u destabilizaciji, treba nam ili razlaz ili dogovor - RADIO LJUBU\u0160KI","og_description":"Predsjednik Glavnog vije\u0107a Hrvatskog narodnog sabora Bo\u017eo Ljubi\u0107 u emisiji BHT1 u\u017eivo govorio je o zaklju\u010dcima koje je u ponedjeljak donio Hrvatski narodni sabor.&nbsp; Ljubi\u0107 isti\u010de kako je na sjednici Predsjedni\u0161tva bila &#8220;rasprava&#8221; o onomu \u0161to je &#8220;ura\u0111eno&#8221; i \u0161to &#8220;nije ura\u0111eno&#8221; po pitanju Izbornoga zakona. &#8220;U idu\u0107em razdoblju o\u010dekujemo jedno dinami\u010dnije uklju\u010divanje me\u0111unarodnih predstavnika, [&hellip;]","og_url":"https:\/\/radioljubuski.ba\/index.php\/2021\/10\/13\/ljubic-bih-je-u-destabilizaciji-treba-nam-ili-razlaz-ili-dogovor\/","og_site_name":"RADIO LJUBU\u0160KI","article_publisher":"https:\/\/www.facebook.com\/Radiio-Ljubuski-1490835324566332","article_published_time":"2021-10-13T08:47:02+00:00","article_modified_time":"2021-10-13T08:47:03+00:00","og_image":[{"width":1000,"height":625,"url":"https:\/\/radioljubuski.ba\/wp-content\/uploads\/2021\/07\/2-2021-06-03-14-07-16-bozo-ljubic.jpg","type":"image\/jpeg"}],"author":"Radio Ljubu\u0161ki","twitter_card":"summary_large_image","twitter_creator":"@radioljubuski","twitter_site":"@radioljubuski","twitter_misc":{"Napisao\/la":"Radio Ljubu\u0161ki","Procijenjeno vrijeme \u010ditanja":"3 minute"},"schema":{"@context":"https:\/\/schema.org","@graph":[{"@type":"Article","@id":"https:\/\/radioljubuski.ba\/index.php\/2021\/10\/13\/ljubic-bih-je-u-destabilizaciji-treba-nam-ili-razlaz-ili-dogovor\/#article","isPartOf":{"@id":"https:\/\/radioljubuski.ba\/index.php\/2021\/10\/13\/ljubic-bih-je-u-destabilizaciji-treba-nam-ili-razlaz-ili-dogovor\/"},"author":{"name":"Radio Ljubu\u0161ki","@id":"https:\/\/radioljubuski.ba\/#\/schema\/person\/19fc700381a780f69665d7956c469e3b"},"headline":"Ljubi\u0107: BiH je u destabilizaciji, treba nam ili razlaz ili dogovor","datePublished":"2021-10-13T08:47:02+00:00","dateModified":"2021-10-13T08:47:03+00:00","mainEntityOfPage":{"@id":"https:\/\/radioljubuski.ba\/index.php\/2021\/10\/13\/ljubic-bih-je-u-destabilizaciji-treba-nam-ili-razlaz-ili-dogovor\/"},"wordCount":626,"publisher":{"@id":"https:\/\/radioljubuski.ba\/#organization"},"image":{"@id":"https:\/\/radioljubuski.ba\/index.php\/2021\/10\/13\/ljubic-bih-je-u-destabilizaciji-treba-nam-ili-razlaz-ili-dogovor\/#primaryimage"},"thumbnailUrl":"https:\/\/radioljubuski.ba\/wp-content\/uploads\/2021\/07\/2-2021-06-03-14-07-16-bozo-ljubic.jpg","articleSection":["BIH i regija"],"inLanguage":"hr"},{"@type":"WebPage","@id":"https:\/\/radioljubuski.ba\/index.php\/2021\/10\/13\/ljubic-bih-je-u-destabilizaciji-treba-nam-ili-razlaz-ili-dogovor\/","url":"https:\/\/radioljubuski.ba\/index.php\/2021\/10\/13\/ljubic-bih-je-u-destabilizaciji-treba-nam-ili-razlaz-ili-dogovor\/","name":"Ljubi\u0107: BiH je u destabilizaciji, treba nam ili razlaz ili dogovor - RADIO LJUBU\u0160KI","isPartOf":{"@id":"https:\/\/radioljubuski.ba\/#website"},"primaryImageOfPage":{"@id":"https:\/\/radioljubuski.ba\/index.php\/2021\/10\/13\/ljubic-bih-je-u-destabilizaciji-treba-nam-ili-razlaz-ili-dogovor\/#primaryimage"},"image":{"@id":"https:\/\/radioljubuski.ba\/index.php\/2021\/10\/13\/ljubic-bih-je-u-destabilizaciji-treba-nam-ili-razlaz-ili-dogovor\/#primaryimage"},"thumbnailUrl":"https:\/\/radioljubuski.ba\/wp-content\/uploads\/2021\/07\/2-2021-06-03-14-07-16-bozo-ljubic.jpg","datePublished":"2021-10-13T08:47:02+00:00","dateModified":"2021-10-13T08:47:03+00:00","breadcrumb":{"@id":"https:\/\/radioljubuski.ba\/index.php\/2021\/10\/13\/ljubic-bih-je-u-destabilizaciji-treba-nam-ili-razlaz-ili-dogovor\/#breadcrumb"},"inLanguage":"hr","potentialAction":[{"@type":"ReadAction","target":["https:\/\/radioljubuski.ba\/index.php\/2021\/10\/13\/ljubic-bih-je-u-destabilizaciji-treba-nam-ili-razlaz-ili-dogovor\/"]}]},{"@type":"ImageObject","inLanguage":"hr","@id":"https:\/\/radioljubuski.ba\/index.php\/2021\/10\/13\/ljubic-bih-je-u-destabilizaciji-treba-nam-ili-razlaz-ili-dogovor\/#primaryimage","url":"https:\/\/radioljubuski.ba\/wp-content\/uploads\/2021\/07\/2-2021-06-03-14-07-16-bozo-ljubic.jpg","contentUrl":"https:\/\/radioljubuski.ba\/wp-content\/uploads\/2021\/07\/2-2021-06-03-14-07-16-bozo-ljubic.jpg","width":1000,"height":625},{"@type":"BreadcrumbList","@id":"https:\/\/radioljubuski.ba\/index.php\/2021\/10\/13\/ljubic-bih-je-u-destabilizaciji-treba-nam-ili-razlaz-ili-dogovor\/#breadcrumb","itemListElement":[{"@type":"ListItem","position":1,"name":"Po\u010detna stranica","item":"https:\/\/radioljubuski.ba\/"},{"@type":"ListItem","position":2,"name":"Ljubi\u0107: BiH je u destabilizaciji, treba nam ili razlaz ili dogovor"}]},{"@type":"WebSite","@id":"https:\/\/radioljubuski.ba\/#website","url":"https:\/\/radioljubuski.ba\/","name":"Radio Ljubu\u0161ki","description":"Sun\u010dana frekvencija Hercegovine","publisher":{"@id":"https:\/\/radioljubuski.ba\/#organization"},"potentialAction":[{"@type":"SearchAction","target":{"@type":"EntryPoint","urlTemplate":"https:\/\/radioljubuski.ba\/?s={search_term_string}"},"query-input":{"@type":"PropertyValueSpecification","valueRequired":true,"valueName":"search_term_string"}}],"inLanguage":"hr"},{"@type":"Organization","@id":"https:\/\/radioljubuski.ba\/#organization","name":"Radio Ljubu\u0161ki","url":"https:\/\/radioljubuski.ba\/","logo":{"@type":"ImageObject","inLanguage":"hr","@id":"https:\/\/radioljubuski.ba\/#\/schema\/logo\/image\/","url":"https:\/\/radioljubuski.ba\/wp-content\/uploads\/2021\/02\/cropped-Radio_Ljubuski_logo1.jpg","contentUrl":"https:\/\/radioljubuski.ba\/wp-content\/uploads\/2021\/02\/cropped-Radio_Ljubuski_logo1.jpg","width":512,"height":512,"caption":"Radio Ljubu\u0161ki"},"image":{"@id":"https:\/\/radioljubuski.ba\/#\/schema\/logo\/image\/"},"sameAs":["https:\/\/www.facebook.com\/Radiio-Ljubuski-1490835324566332","https:\/\/x.com\/radioljubuski","https:\/\/hr.linkedin.com\/company\/radio-ljubuski","https:\/\/www.youtube.com\/channel\/UCHYaeO_n0Db3tjNGudGpXyw"]},{"@type":"Person","@id":"https:\/\/radioljubuski.ba\/#\/schema\/person\/19fc700381a780f69665d7956c469e3b","name":"Radio Ljubu\u0161ki"}]}},"_links":{"self":[{"href":"https:\/\/radioljubuski.ba\/index.php\/wp-json\/wp\/v2\/posts\/74944","targetHints":{"allow":["GET"]}}],"collection":[{"href":"https:\/\/radioljubuski.ba\/index.php\/wp-json\/wp\/v2\/posts"}],"about":[{"href":"https:\/\/radioljubuski.ba\/index.php\/wp-json\/wp\/v2\/types\/post"}],"author":[{"embeddable":true,"href":"https:\/\/radioljubuski.ba\/index.php\/wp-json\/wp\/v2\/users\/2"}],"replies":[{"embeddable":true,"href":"https:\/\/radioljubuski.ba\/index.php\/wp-json\/wp\/v2\/comments?post=74944"}],"version-history":[{"count":1,"href":"https:\/\/radioljubuski.ba\/index.php\/wp-json\/wp\/v2\/posts\/74944\/revisions"}],"predecessor-version":[{"id":74945,"href":"https:\/\/radioljubuski.ba\/index.php\/wp-json\/wp\/v2\/posts\/74944\/revisions\/74945"}],"wp:featuredmedia":[{"embeddable":true,"href":"https:\/\/radioljubuski.ba\/index.php\/wp-json\/wp\/v2\/media\/42299"}],"wp:attachment":[{"href":"https:\/\/radioljubuski.ba\/index.php\/wp-json\/wp\/v2\/media?parent=74944"}],"wp:term":[{"taxonomy":"category","embeddable":true,"href":"https:\/\/radioljubuski.ba\/index.php\/wp-json\/wp\/v2\/categories?post=74944"},{"taxonomy":"post_tag","embeddable":true,"href":"https:\/\/radioljubuski.ba\/index.php\/wp-json\/wp\/v2\/tags?post=74944"}],"curies":[{"name":"wp","href":"https:\/\/api.w.org\/{rel}","templated":true}]}}