{"id":74962,"date":"2021-10-13T13:17:34","date_gmt":"2021-10-13T12:17:34","guid":{"rendered":"https:\/\/radioljubuski.ba\/?p=74962"},"modified":"2021-10-13T13:17:36","modified_gmt":"2021-10-13T12:17:36","slug":"brojni-gradani-traze-bolji-zivot-u-njemackoj-posla-ima-za-sve","status":"publish","type":"post","link":"https:\/\/radioljubuski.ba\/index.php\/2021\/10\/13\/brojni-gradani-traze-bolji-zivot-u-njemackoj-posla-ima-za-sve\/","title":{"rendered":"Brojni gra\u0111ani tra\u017ee bolji \u017eivot u Njema\u010dkoj: Posla ima za sve"},"content":{"rendered":"\n<p>Zbog lo\u0161ih pla\u0107a i politi\u010dke klime u BiH, brojni gra\u0111ani bolji \u017eivot tra\u017ee izvan granica na\u0161e zemlje. Dva dana Bosancu Smailu Spre\u010di trebalo da prona\u0111e dva voza\u010da za rad u Njema\u010dkoj, oba imaju dr\u017eavljanstvo Hrvatske i putovnicu \u0161to je olak\u0161avaju\u0107a oklonost. Nije to jedini na\u010din da se zapo\u010dne rad u Njema\u010dkoj, ali je najbr\u017ei, ka\u017ee Spre\u010do. A da na\u010dina ima, pokazuju, neprecizne, ali zabrinjavaju\u0107e brojke o odlasku iz BiH, pi\u0161e <a href=\"https:\/\/ba.n1info.com\/vijesti\/brojni-gradjani-traze-bolji-zivot-u-njemackoj-posla-ima-za-sve\/\">N1<\/a>.<\/p>\n\n\n\n<p>Rado stanovnici BiH Krajinu mijenjaju za Bavarsku, Hercegovinu za Saksoniju, a Podrinje i Posavinu za Berlin. Tako je uradio i Smail Spre\u010do.<\/p>\n\n\n\n<p>\u201cU Njema\u010dkoj sam evo peta godina, dvije godine sam radio u firmi, a onda sam otvorio sam malo poduze\u0107e, dodatni posao, i po\u0161ao da radim sa autima\u201d, kazao je Spre\u010do.<\/p>\n\n\n\n<p>Smail \u0161iri posao. Pored prodaje automobila, pru\u017ea\u0107e usluge u prijevozu do tri i po tone. Prije dva dana u grupi Idemo u Njema\u010dku postavio oglas, tra\u017eio je dva voza\u010da B kategorije sa EU papirima, i na\u0161ao je dva voza\u010da sa putovnicma.<\/p>\n\n\n\n<p>\u201cTrebao sam u kratkom periodu da na\u0111em dva radnika, objavio sam na vi\u0161e stranica, i kolege su objavljivale. I na\u0161ao sam, nije trebalo dva dana. Voza\u010di su iz Bosne, jedan je kolega koga sam od prije poznavao, on je bio zainteresiran da do\u0111e\u201d, dodaje.<\/p>\n\n\n\n<p>Upravo voza\u010di, gra\u0111evinski i drugi majstori su prema oglasima dostupnim u BiH najtra\u017eenija zanimanja u Njema\u010dkoj. Tra\u017ee se i konobari, kuhari, te drugi ugostiteljski radnici. Trenutno na portalu Moj posao dostupno je 97 oglasa za poslove u Njema\u010dkoj. Brojni oglasi mogu se na\u0107i i putem Facebooka.<\/p>\n\n\n\n<p>\u201cSvi se mi ovdje pazimo, ja imam dru\u0161tvo koje sam imao i dole. A \u0161to se ti\u010de posla, posla ima, ne znam da li je zato \u0161to je korona, ali posla ima za sve\u201d, isti\u010de Spre\u010do.<\/p>\n\n\n\n<p>Gra\u0111ani ne vide razlog da ostanu<br>Nema slu\u017ebenih podataka koliko je ljudi napustilo BiH. Vi\u0161e od 90 tisu\u0107a od 1996. godine do danas ispisalo se iz baze dr\u017eavljana BiH. Samo u ovoj godini 2282 osoba.<\/p>\n\n\n\n<p>\u201cU neformalnim razgovorima naj\u010de\u0161\u0107e navode kao stvarni razlog povoljniji radno-pravni status, pravo na posjedovanje nekretnina, olak\u0161ano putovanje, olak\u0161ano studiranje u inozemstvu\u201d, kazali su iz Ministarstva civilnih poslova BiH.<\/p>\n\n\n\n<p>A gra\u0111ane koje smo anketirali ka\u017eu da ne vide razlog da ostanu u BiH i da \u017eele oti\u0107i prvom prilikom.<\/p>\n\n\n\n<p>Gra\u0111ani BiH nigdje nisu du\u017eni prijaviti odlazak u druge zemlje. No procjene pokazuju da smo u samom evropskom vrhu po broju ljudi koji odlaze za boljim \u017eivotom.<\/p>\n\n\n\n<p>Izvor:N1.hr<\/p>\n","protected":false},"excerpt":{"rendered":"<p>Zbog lo\u0161ih pla\u0107a i politi\u010dke klime u BiH, brojni gra\u0111ani bolji \u017eivot tra\u017ee izvan granica na\u0161e zemlje. Dva dana Bosancu Smailu Spre\u010di trebalo da prona\u0111e dva voza\u010da za rad u Njema\u010dkoj, oba imaju dr\u017eavljanstvo Hrvatske i putovnicu \u0161to je olak\u0161avaju\u0107a oklonost. Nije to jedini na\u010din da se zapo\u010dne rad u Njema\u010dkoj, ali je najbr\u017ei, ka\u017ee [&hellip;]<\/p>\n","protected":false},"author":2,"featured_media":32887,"comment_status":"closed","ping_status":"closed","sticky":false,"template":"","format":"standard","meta":{"h5ap_radio_sources":[],"footnotes":""},"categories":[1],"tags":[],"class_list":["post-74962","post","type-post","status-publish","format-standard","has-post-thumbnail","hentry","category-bihiregija"],"yoast_head":"<!-- This site is optimized with the Yoast SEO plugin v27.4 - https:\/\/yoast.com\/product\/yoast-seo-wordpress\/ -->\n<title>Brojni gra\u0111ani tra\u017ee bolji \u017eivot u Njema\u010dkoj: Posla ima za sve - RADIO LJUBU\u0160KI<\/title>\n<meta name=\"robots\" content=\"index, follow, max-snippet:-1, max-image-preview:large, max-video-preview:-1\" \/>\n<link rel=\"canonical\" href=\"https:\/\/radioljubuski.ba\/index.php\/2021\/10\/13\/brojni-gradani-traze-bolji-zivot-u-njemackoj-posla-ima-za-sve\/\" \/>\n<meta property=\"og:locale\" content=\"hr_HR\" \/>\n<meta property=\"og:type\" content=\"article\" \/>\n<meta property=\"og:title\" content=\"Brojni gra\u0111ani tra\u017ee bolji \u017eivot u Njema\u010dkoj: Posla ima za sve - RADIO LJUBU\u0160KI\" \/>\n<meta property=\"og:description\" content=\"Zbog lo\u0161ih pla\u0107a i politi\u010dke klime u BiH, brojni gra\u0111ani bolji \u017eivot tra\u017ee izvan granica na\u0161e zemlje. Dva dana Bosancu Smailu Spre\u010di trebalo da prona\u0111e dva voza\u010da za rad u Njema\u010dkoj, oba imaju dr\u017eavljanstvo Hrvatske i putovnicu \u0161to je olak\u0161avaju\u0107a oklonost. Nije to jedini na\u010din da se zapo\u010dne rad u Njema\u010dkoj, ali je najbr\u017ei, ka\u017ee [&hellip;]\" \/>\n<meta property=\"og:url\" content=\"https:\/\/radioljubuski.ba\/index.php\/2021\/10\/13\/brojni-gradani-traze-bolji-zivot-u-njemackoj-posla-ima-za-sve\/\" \/>\n<meta property=\"og:site_name\" content=\"RADIO LJUBU\u0160KI\" \/>\n<meta property=\"article:publisher\" content=\"https:\/\/www.facebook.com\/Radiio-Ljubuski-1490835324566332\" \/>\n<meta property=\"article:published_time\" content=\"2021-10-13T12:17:34+00:00\" \/>\n<meta property=\"article:modified_time\" content=\"2021-10-13T12:17:36+00:00\" \/>\n<meta property=\"og:image\" content=\"https:\/\/radioljubuski.ba\/wp-content\/uploads\/2021\/06\/3-2021-06-15-14-04-33-NJEMACKA.jpg\" \/>\n\t<meta property=\"og:image:width\" content=\"1000\" \/>\n\t<meta property=\"og:image:height\" content=\"625\" \/>\n\t<meta property=\"og:image:type\" content=\"image\/jpeg\" \/>\n<meta name=\"author\" content=\"Radio Ljubu\u0161ki\" \/>\n<meta name=\"twitter:card\" content=\"summary_large_image\" \/>\n<meta name=\"twitter:creator\" content=\"@radioljubuski\" \/>\n<meta name=\"twitter:site\" content=\"@radioljubuski\" \/>\n<meta name=\"twitter:label1\" content=\"Napisao\/la\" \/>\n\t<meta name=\"twitter:data1\" content=\"Radio Ljubu\u0161ki\" \/>\n\t<meta name=\"twitter:label2\" content=\"Procijenjeno vrijeme \u010ditanja\" \/>\n\t<meta name=\"twitter:data2\" content=\"2 minute\" \/>\n<script type=\"application\/ld+json\" class=\"yoast-schema-graph\">{\"@context\":\"https:\\\/\\\/schema.org\",\"@graph\":[{\"@type\":\"Article\",\"@id\":\"https:\\\/\\\/radioljubuski.ba\\\/index.php\\\/2021\\\/10\\\/13\\\/brojni-gradani-traze-bolji-zivot-u-njemackoj-posla-ima-za-sve\\\/#article\",\"isPartOf\":{\"@id\":\"https:\\\/\\\/radioljubuski.ba\\\/index.php\\\/2021\\\/10\\\/13\\\/brojni-gradani-traze-bolji-zivot-u-njemackoj-posla-ima-za-sve\\\/\"},\"author\":{\"name\":\"Radio Ljubu\u0161ki\",\"@id\":\"https:\\\/\\\/radioljubuski.ba\\\/#\\\/schema\\\/person\\\/19fc700381a780f69665d7956c469e3b\"},\"headline\":\"Brojni gra\u0111ani tra\u017ee bolji \u017eivot u Njema\u010dkoj: Posla ima za sve\",\"datePublished\":\"2021-10-13T12:17:34+00:00\",\"dateModified\":\"2021-10-13T12:17:36+00:00\",\"mainEntityOfPage\":{\"@id\":\"https:\\\/\\\/radioljubuski.ba\\\/index.php\\\/2021\\\/10\\\/13\\\/brojni-gradani-traze-bolji-zivot-u-njemackoj-posla-ima-za-sve\\\/\"},\"wordCount\":476,\"publisher\":{\"@id\":\"https:\\\/\\\/radioljubuski.ba\\\/#organization\"},\"image\":{\"@id\":\"https:\\\/\\\/radioljubuski.ba\\\/index.php\\\/2021\\\/10\\\/13\\\/brojni-gradani-traze-bolji-zivot-u-njemackoj-posla-ima-za-sve\\\/#primaryimage\"},\"thumbnailUrl\":\"https:\\\/\\\/radioljubuski.ba\\\/wp-content\\\/uploads\\\/2021\\\/06\\\/3-2021-06-15-14-04-33-NJEMACKA.jpg\",\"articleSection\":[\"BIH i regija\"],\"inLanguage\":\"hr\"},{\"@type\":\"WebPage\",\"@id\":\"https:\\\/\\\/radioljubuski.ba\\\/index.php\\\/2021\\\/10\\\/13\\\/brojni-gradani-traze-bolji-zivot-u-njemackoj-posla-ima-za-sve\\\/\",\"url\":\"https:\\\/\\\/radioljubuski.ba\\\/index.php\\\/2021\\\/10\\\/13\\\/brojni-gradani-traze-bolji-zivot-u-njemackoj-posla-ima-za-sve\\\/\",\"name\":\"Brojni gra\u0111ani tra\u017ee bolji \u017eivot u Njema\u010dkoj: Posla ima za sve - RADIO LJUBU\u0160KI\",\"isPartOf\":{\"@id\":\"https:\\\/\\\/radioljubuski.ba\\\/#website\"},\"primaryImageOfPage\":{\"@id\":\"https:\\\/\\\/radioljubuski.ba\\\/index.php\\\/2021\\\/10\\\/13\\\/brojni-gradani-traze-bolji-zivot-u-njemackoj-posla-ima-za-sve\\\/#primaryimage\"},\"image\":{\"@id\":\"https:\\\/\\\/radioljubuski.ba\\\/index.php\\\/2021\\\/10\\\/13\\\/brojni-gradani-traze-bolji-zivot-u-njemackoj-posla-ima-za-sve\\\/#primaryimage\"},\"thumbnailUrl\":\"https:\\\/\\\/radioljubuski.ba\\\/wp-content\\\/uploads\\\/2021\\\/06\\\/3-2021-06-15-14-04-33-NJEMACKA.jpg\",\"datePublished\":\"2021-10-13T12:17:34+00:00\",\"dateModified\":\"2021-10-13T12:17:36+00:00\",\"breadcrumb\":{\"@id\":\"https:\\\/\\\/radioljubuski.ba\\\/index.php\\\/2021\\\/10\\\/13\\\/brojni-gradani-traze-bolji-zivot-u-njemackoj-posla-ima-za-sve\\\/#breadcrumb\"},\"inLanguage\":\"hr\",\"potentialAction\":[{\"@type\":\"ReadAction\",\"target\":[\"https:\\\/\\\/radioljubuski.ba\\\/index.php\\\/2021\\\/10\\\/13\\\/brojni-gradani-traze-bolji-zivot-u-njemackoj-posla-ima-za-sve\\\/\"]}]},{\"@type\":\"ImageObject\",\"inLanguage\":\"hr\",\"@id\":\"https:\\\/\\\/radioljubuski.ba\\\/index.php\\\/2021\\\/10\\\/13\\\/brojni-gradani-traze-bolji-zivot-u-njemackoj-posla-ima-za-sve\\\/#primaryimage\",\"url\":\"https:\\\/\\\/radioljubuski.ba\\\/wp-content\\\/uploads\\\/2021\\\/06\\\/3-2021-06-15-14-04-33-NJEMACKA.jpg\",\"contentUrl\":\"https:\\\/\\\/radioljubuski.ba\\\/wp-content\\\/uploads\\\/2021\\\/06\\\/3-2021-06-15-14-04-33-NJEMACKA.jpg\",\"width\":1000,\"height\":625},{\"@type\":\"BreadcrumbList\",\"@id\":\"https:\\\/\\\/radioljubuski.ba\\\/index.php\\\/2021\\\/10\\\/13\\\/brojni-gradani-traze-bolji-zivot-u-njemackoj-posla-ima-za-sve\\\/#breadcrumb\",\"itemListElement\":[{\"@type\":\"ListItem\",\"position\":1,\"name\":\"Po\u010detna stranica\",\"item\":\"https:\\\/\\\/radioljubuski.ba\\\/\"},{\"@type\":\"ListItem\",\"position\":2,\"name\":\"Brojni gra\u0111ani tra\u017ee bolji \u017eivot u Njema\u010dkoj: Posla ima za sve\"}]},{\"@type\":\"WebSite\",\"@id\":\"https:\\\/\\\/radioljubuski.ba\\\/#website\",\"url\":\"https:\\\/\\\/radioljubuski.ba\\\/\",\"name\":\"Radio Ljubu\u0161ki\",\"description\":\"Sun\u010dana frekvencija Hercegovine\",\"publisher\":{\"@id\":\"https:\\\/\\\/radioljubuski.ba\\\/#organization\"},\"potentialAction\":[{\"@type\":\"SearchAction\",\"target\":{\"@type\":\"EntryPoint\",\"urlTemplate\":\"https:\\\/\\\/radioljubuski.ba\\\/?s={search_term_string}\"},\"query-input\":{\"@type\":\"PropertyValueSpecification\",\"valueRequired\":true,\"valueName\":\"search_term_string\"}}],\"inLanguage\":\"hr\"},{\"@type\":\"Organization\",\"@id\":\"https:\\\/\\\/radioljubuski.ba\\\/#organization\",\"name\":\"Radio Ljubu\u0161ki\",\"url\":\"https:\\\/\\\/radioljubuski.ba\\\/\",\"logo\":{\"@type\":\"ImageObject\",\"inLanguage\":\"hr\",\"@id\":\"https:\\\/\\\/radioljubuski.ba\\\/#\\\/schema\\\/logo\\\/image\\\/\",\"url\":\"https:\\\/\\\/radioljubuski.ba\\\/wp-content\\\/uploads\\\/2021\\\/02\\\/cropped-Radio_Ljubuski_logo1.jpg\",\"contentUrl\":\"https:\\\/\\\/radioljubuski.ba\\\/wp-content\\\/uploads\\\/2021\\\/02\\\/cropped-Radio_Ljubuski_logo1.jpg\",\"width\":512,\"height\":512,\"caption\":\"Radio Ljubu\u0161ki\"},\"image\":{\"@id\":\"https:\\\/\\\/radioljubuski.ba\\\/#\\\/schema\\\/logo\\\/image\\\/\"},\"sameAs\":[\"https:\\\/\\\/www.facebook.com\\\/Radiio-Ljubuski-1490835324566332\",\"https:\\\/\\\/x.com\\\/radioljubuski\",\"https:\\\/\\\/hr.linkedin.com\\\/company\\\/radio-ljubuski\",\"https:\\\/\\\/www.youtube.com\\\/channel\\\/UCHYaeO_n0Db3tjNGudGpXyw\"]},{\"@type\":\"Person\",\"@id\":\"https:\\\/\\\/radioljubuski.ba\\\/#\\\/schema\\\/person\\\/19fc700381a780f69665d7956c469e3b\",\"name\":\"Radio Ljubu\u0161ki\"}]}<\/script>\n<!-- \/ Yoast SEO plugin. -->","yoast_head_json":{"title":"Brojni gra\u0111ani tra\u017ee bolji \u017eivot u Njema\u010dkoj: Posla ima za sve - RADIO LJUBU\u0160KI","robots":{"index":"index","follow":"follow","max-snippet":"max-snippet:-1","max-image-preview":"max-image-preview:large","max-video-preview":"max-video-preview:-1"},"canonical":"https:\/\/radioljubuski.ba\/index.php\/2021\/10\/13\/brojni-gradani-traze-bolji-zivot-u-njemackoj-posla-ima-za-sve\/","og_locale":"hr_HR","og_type":"article","og_title":"Brojni gra\u0111ani tra\u017ee bolji \u017eivot u Njema\u010dkoj: Posla ima za sve - RADIO LJUBU\u0160KI","og_description":"Zbog lo\u0161ih pla\u0107a i politi\u010dke klime u BiH, brojni gra\u0111ani bolji \u017eivot tra\u017ee izvan granica na\u0161e zemlje. Dva dana Bosancu Smailu Spre\u010di trebalo da prona\u0111e dva voza\u010da za rad u Njema\u010dkoj, oba imaju dr\u017eavljanstvo Hrvatske i putovnicu \u0161to je olak\u0161avaju\u0107a oklonost. Nije to jedini na\u010din da se zapo\u010dne rad u Njema\u010dkoj, ali je najbr\u017ei, ka\u017ee [&hellip;]","og_url":"https:\/\/radioljubuski.ba\/index.php\/2021\/10\/13\/brojni-gradani-traze-bolji-zivot-u-njemackoj-posla-ima-za-sve\/","og_site_name":"RADIO LJUBU\u0160KI","article_publisher":"https:\/\/www.facebook.com\/Radiio-Ljubuski-1490835324566332","article_published_time":"2021-10-13T12:17:34+00:00","article_modified_time":"2021-10-13T12:17:36+00:00","og_image":[{"width":1000,"height":625,"url":"https:\/\/radioljubuski.ba\/wp-content\/uploads\/2021\/06\/3-2021-06-15-14-04-33-NJEMACKA.jpg","type":"image\/jpeg"}],"author":"Radio Ljubu\u0161ki","twitter_card":"summary_large_image","twitter_creator":"@radioljubuski","twitter_site":"@radioljubuski","twitter_misc":{"Napisao\/la":"Radio Ljubu\u0161ki","Procijenjeno vrijeme \u010ditanja":"2 minute"},"schema":{"@context":"https:\/\/schema.org","@graph":[{"@type":"Article","@id":"https:\/\/radioljubuski.ba\/index.php\/2021\/10\/13\/brojni-gradani-traze-bolji-zivot-u-njemackoj-posla-ima-za-sve\/#article","isPartOf":{"@id":"https:\/\/radioljubuski.ba\/index.php\/2021\/10\/13\/brojni-gradani-traze-bolji-zivot-u-njemackoj-posla-ima-za-sve\/"},"author":{"name":"Radio Ljubu\u0161ki","@id":"https:\/\/radioljubuski.ba\/#\/schema\/person\/19fc700381a780f69665d7956c469e3b"},"headline":"Brojni gra\u0111ani tra\u017ee bolji \u017eivot u Njema\u010dkoj: Posla ima za sve","datePublished":"2021-10-13T12:17:34+00:00","dateModified":"2021-10-13T12:17:36+00:00","mainEntityOfPage":{"@id":"https:\/\/radioljubuski.ba\/index.php\/2021\/10\/13\/brojni-gradani-traze-bolji-zivot-u-njemackoj-posla-ima-za-sve\/"},"wordCount":476,"publisher":{"@id":"https:\/\/radioljubuski.ba\/#organization"},"image":{"@id":"https:\/\/radioljubuski.ba\/index.php\/2021\/10\/13\/brojni-gradani-traze-bolji-zivot-u-njemackoj-posla-ima-za-sve\/#primaryimage"},"thumbnailUrl":"https:\/\/radioljubuski.ba\/wp-content\/uploads\/2021\/06\/3-2021-06-15-14-04-33-NJEMACKA.jpg","articleSection":["BIH i regija"],"inLanguage":"hr"},{"@type":"WebPage","@id":"https:\/\/radioljubuski.ba\/index.php\/2021\/10\/13\/brojni-gradani-traze-bolji-zivot-u-njemackoj-posla-ima-za-sve\/","url":"https:\/\/radioljubuski.ba\/index.php\/2021\/10\/13\/brojni-gradani-traze-bolji-zivot-u-njemackoj-posla-ima-za-sve\/","name":"Brojni gra\u0111ani tra\u017ee bolji \u017eivot u Njema\u010dkoj: Posla ima za sve - RADIO LJUBU\u0160KI","isPartOf":{"@id":"https:\/\/radioljubuski.ba\/#website"},"primaryImageOfPage":{"@id":"https:\/\/radioljubuski.ba\/index.php\/2021\/10\/13\/brojni-gradani-traze-bolji-zivot-u-njemackoj-posla-ima-za-sve\/#primaryimage"},"image":{"@id":"https:\/\/radioljubuski.ba\/index.php\/2021\/10\/13\/brojni-gradani-traze-bolji-zivot-u-njemackoj-posla-ima-za-sve\/#primaryimage"},"thumbnailUrl":"https:\/\/radioljubuski.ba\/wp-content\/uploads\/2021\/06\/3-2021-06-15-14-04-33-NJEMACKA.jpg","datePublished":"2021-10-13T12:17:34+00:00","dateModified":"2021-10-13T12:17:36+00:00","breadcrumb":{"@id":"https:\/\/radioljubuski.ba\/index.php\/2021\/10\/13\/brojni-gradani-traze-bolji-zivot-u-njemackoj-posla-ima-za-sve\/#breadcrumb"},"inLanguage":"hr","potentialAction":[{"@type":"ReadAction","target":["https:\/\/radioljubuski.ba\/index.php\/2021\/10\/13\/brojni-gradani-traze-bolji-zivot-u-njemackoj-posla-ima-za-sve\/"]}]},{"@type":"ImageObject","inLanguage":"hr","@id":"https:\/\/radioljubuski.ba\/index.php\/2021\/10\/13\/brojni-gradani-traze-bolji-zivot-u-njemackoj-posla-ima-za-sve\/#primaryimage","url":"https:\/\/radioljubuski.ba\/wp-content\/uploads\/2021\/06\/3-2021-06-15-14-04-33-NJEMACKA.jpg","contentUrl":"https:\/\/radioljubuski.ba\/wp-content\/uploads\/2021\/06\/3-2021-06-15-14-04-33-NJEMACKA.jpg","width":1000,"height":625},{"@type":"BreadcrumbList","@id":"https:\/\/radioljubuski.ba\/index.php\/2021\/10\/13\/brojni-gradani-traze-bolji-zivot-u-njemackoj-posla-ima-za-sve\/#breadcrumb","itemListElement":[{"@type":"ListItem","position":1,"name":"Po\u010detna stranica","item":"https:\/\/radioljubuski.ba\/"},{"@type":"ListItem","position":2,"name":"Brojni gra\u0111ani tra\u017ee bolji \u017eivot u Njema\u010dkoj: Posla ima za sve"}]},{"@type":"WebSite","@id":"https:\/\/radioljubuski.ba\/#website","url":"https:\/\/radioljubuski.ba\/","name":"Radio Ljubu\u0161ki","description":"Sun\u010dana frekvencija Hercegovine","publisher":{"@id":"https:\/\/radioljubuski.ba\/#organization"},"potentialAction":[{"@type":"SearchAction","target":{"@type":"EntryPoint","urlTemplate":"https:\/\/radioljubuski.ba\/?s={search_term_string}"},"query-input":{"@type":"PropertyValueSpecification","valueRequired":true,"valueName":"search_term_string"}}],"inLanguage":"hr"},{"@type":"Organization","@id":"https:\/\/radioljubuski.ba\/#organization","name":"Radio Ljubu\u0161ki","url":"https:\/\/radioljubuski.ba\/","logo":{"@type":"ImageObject","inLanguage":"hr","@id":"https:\/\/radioljubuski.ba\/#\/schema\/logo\/image\/","url":"https:\/\/radioljubuski.ba\/wp-content\/uploads\/2021\/02\/cropped-Radio_Ljubuski_logo1.jpg","contentUrl":"https:\/\/radioljubuski.ba\/wp-content\/uploads\/2021\/02\/cropped-Radio_Ljubuski_logo1.jpg","width":512,"height":512,"caption":"Radio Ljubu\u0161ki"},"image":{"@id":"https:\/\/radioljubuski.ba\/#\/schema\/logo\/image\/"},"sameAs":["https:\/\/www.facebook.com\/Radiio-Ljubuski-1490835324566332","https:\/\/x.com\/radioljubuski","https:\/\/hr.linkedin.com\/company\/radio-ljubuski","https:\/\/www.youtube.com\/channel\/UCHYaeO_n0Db3tjNGudGpXyw"]},{"@type":"Person","@id":"https:\/\/radioljubuski.ba\/#\/schema\/person\/19fc700381a780f69665d7956c469e3b","name":"Radio Ljubu\u0161ki"}]}},"_links":{"self":[{"href":"https:\/\/radioljubuski.ba\/index.php\/wp-json\/wp\/v2\/posts\/74962","targetHints":{"allow":["GET"]}}],"collection":[{"href":"https:\/\/radioljubuski.ba\/index.php\/wp-json\/wp\/v2\/posts"}],"about":[{"href":"https:\/\/radioljubuski.ba\/index.php\/wp-json\/wp\/v2\/types\/post"}],"author":[{"embeddable":true,"href":"https:\/\/radioljubuski.ba\/index.php\/wp-json\/wp\/v2\/users\/2"}],"replies":[{"embeddable":true,"href":"https:\/\/radioljubuski.ba\/index.php\/wp-json\/wp\/v2\/comments?post=74962"}],"version-history":[{"count":1,"href":"https:\/\/radioljubuski.ba\/index.php\/wp-json\/wp\/v2\/posts\/74962\/revisions"}],"predecessor-version":[{"id":74963,"href":"https:\/\/radioljubuski.ba\/index.php\/wp-json\/wp\/v2\/posts\/74962\/revisions\/74963"}],"wp:featuredmedia":[{"embeddable":true,"href":"https:\/\/radioljubuski.ba\/index.php\/wp-json\/wp\/v2\/media\/32887"}],"wp:attachment":[{"href":"https:\/\/radioljubuski.ba\/index.php\/wp-json\/wp\/v2\/media?parent=74962"}],"wp:term":[{"taxonomy":"category","embeddable":true,"href":"https:\/\/radioljubuski.ba\/index.php\/wp-json\/wp\/v2\/categories?post=74962"},{"taxonomy":"post_tag","embeddable":true,"href":"https:\/\/radioljubuski.ba\/index.php\/wp-json\/wp\/v2\/tags?post=74962"}],"curies":[{"name":"wp","href":"https:\/\/api.w.org\/{rel}","templated":true}]}}