{"id":74967,"date":"2021-10-13T13:20:09","date_gmt":"2021-10-13T12:20:09","guid":{"rendered":"https:\/\/radioljubuski.ba\/?p=74967"},"modified":"2021-10-13T13:20:09","modified_gmt":"2021-10-13T12:20:09","slug":"spomenik-operne-dive-marije-callas-ismijan-na-drustvenim-mrezama-izgleda-kao-terminator","status":"publish","type":"post","link":"https:\/\/radioljubuski.ba\/index.php\/2021\/10\/13\/spomenik-operne-dive-marije-callas-ismijan-na-drustvenim-mrezama-izgleda-kao-terminator\/","title":{"rendered":"Spomenik operne dive Marije Callas ismijan na dru\u0161tvenim mre\u017eama: &#8216;Izgleda kao Terminator&#8217;"},"content":{"rendered":"\n<p>Novi bron\u010dani spomenik operne dive Marije Callas privukla je zabavne komentare na internetu, prvenstveno od Grka, nakon \u0161to je ovo blje\u0161tavo, pozla\u0107eno umjetni\u010dko djelo sve\u010dano otkriveno u podno\u017eju Akropole.<\/p>\n\n\n\n<p>Grci i danas obo\u017eavaju ovu opernu divu koja ima njihove korijene iako je ro\u0111ena u New Yorku. Ali nisu svi zadovoljni izgledom statue.<\/p>\n\n\n\n<p>&#8211; Izgleda kao Terminator &#8211; komentari su ljudi koji se mogu vidjeti na Twitteru i Facebooku.<\/p>\n\n\n\n<p>Drugi korisnik je napisao da je spomenik totalni ki\u010d koji bi bolje pristajao tematskom parku Ratova zvijezda.<\/p>\n\n\n\n<p>&#8211; Marija, najiskrenije ti se izvinjavamo zbog ovog &#8211; napisala je druga korisnica na Twitteru.&nbsp;<\/p>\n\n\n\n<p>Neki su skulpturu doveli u vezu s tragi\u010dnim \u017eivotom dive, njenom nesretnom ljubavnom vezom s brodovlasnikom Aristotelom Onassisom i njenom smr\u0107u u Parizu u dobi od samo 53 godine gdje je ostala potpuno sama.<\/p>\n\n\n\n<p>&#8211; Pomislili biste da joj je \u017eivot bio dovoljno tragi\u010dan &#8211; a onda smo dobili ovo &#8211; ismijao je statuu jo\u0161 jedan korisnik.<\/p>\n\n\n\n<p>Na pitanje o reakcijama na izgled spomenika, gradona\u010delnik Atrne Kostas Bakogiannis stao je u obranu umjetni\u010dkog rada gr\u010dke umjetnice Afrodite Liti.<\/p>\n\n\n\n<p>&#8211; Vjerujem da to djelo odaje po\u010dast sje\u0107anju na Mariju Callas&#8221;, rekao je gradona\u010delnik u utorak za TV kanal Mega.<\/p>\n\n\n\n<p>Slavna operna diva 2023. godine bi napunila 100 godina. Odavanje po\u010dasti i doga\u0111aji u \u010dast Marije Callas planirani su za po\u010detak naredne godine.&nbsp;<\/p>\n\n\n\n<p>Izvor:pogled.ba<\/p>\n","protected":false},"excerpt":{"rendered":"<p>Novi bron\u010dani spomenik operne dive Marije Callas privukla je zabavne komentare na internetu, prvenstveno od Grka, nakon \u0161to je ovo blje\u0161tavo, pozla\u0107eno umjetni\u010dko djelo sve\u010dano otkriveno u podno\u017eju Akropole. Grci i danas obo\u017eavaju ovu opernu divu koja ima njihove korijene iako je ro\u0111ena u New Yorku. Ali nisu svi zadovoljni izgledom statue. &#8211; Izgleda kao [&hellip;]<\/p>\n","protected":false},"author":2,"featured_media":74968,"comment_status":"closed","ping_status":"closed","sticky":false,"template":"","format":"standard","meta":{"h5ap_radio_sources":[],"footnotes":""},"categories":[1],"tags":[],"class_list":["post-74967","post","type-post","status-publish","format-standard","has-post-thumbnail","hentry","category-bihiregija"],"yoast_head":"<!-- This site is optimized with the Yoast SEO plugin v27.4 - https:\/\/yoast.com\/product\/yoast-seo-wordpress\/ -->\n<title>Spomenik operne dive Marije Callas ismijan na dru\u0161tvenim mre\u017eama: &#039;Izgleda kao Terminator&#039; - RADIO LJUBU\u0160KI<\/title>\n<meta name=\"robots\" content=\"index, follow, max-snippet:-1, max-image-preview:large, max-video-preview:-1\" \/>\n<link rel=\"canonical\" href=\"https:\/\/radioljubuski.ba\/index.php\/2021\/10\/13\/spomenik-operne-dive-marije-callas-ismijan-na-drustvenim-mrezama-izgleda-kao-terminator\/\" \/>\n<meta property=\"og:locale\" content=\"hr_HR\" \/>\n<meta property=\"og:type\" content=\"article\" \/>\n<meta property=\"og:title\" content=\"Spomenik operne dive Marije Callas ismijan na dru\u0161tvenim mre\u017eama: &#039;Izgleda kao Terminator&#039; - RADIO LJUBU\u0160KI\" \/>\n<meta property=\"og:description\" content=\"Novi bron\u010dani spomenik operne dive Marije Callas privukla je zabavne komentare na internetu, prvenstveno od Grka, nakon \u0161to je ovo blje\u0161tavo, pozla\u0107eno umjetni\u010dko djelo sve\u010dano otkriveno u podno\u017eju Akropole. Grci i danas obo\u017eavaju ovu opernu divu koja ima njihove korijene iako je ro\u0111ena u New Yorku. Ali nisu svi zadovoljni izgledom statue. &#8211; Izgleda kao [&hellip;]\" \/>\n<meta property=\"og:url\" content=\"https:\/\/radioljubuski.ba\/index.php\/2021\/10\/13\/spomenik-operne-dive-marije-callas-ismijan-na-drustvenim-mrezama-izgleda-kao-terminator\/\" \/>\n<meta property=\"og:site_name\" content=\"RADIO LJUBU\u0160KI\" \/>\n<meta property=\"article:publisher\" content=\"https:\/\/www.facebook.com\/Radiio-Ljubuski-1490835324566332\" \/>\n<meta property=\"article:published_time\" content=\"2021-10-13T12:20:09+00:00\" \/>\n<meta property=\"og:image\" content=\"https:\/\/radioljubuski.ba\/wp-content\/uploads\/2021\/10\/8-2021-10-12-21-23-50-maria_callas_statua.png\" \/>\n\t<meta property=\"og:image:width\" content=\"1000\" \/>\n\t<meta property=\"og:image:height\" content=\"625\" \/>\n\t<meta property=\"og:image:type\" content=\"image\/png\" \/>\n<meta name=\"author\" content=\"Radio Ljubu\u0161ki\" \/>\n<meta name=\"twitter:card\" content=\"summary_large_image\" \/>\n<meta name=\"twitter:creator\" content=\"@radioljubuski\" \/>\n<meta name=\"twitter:site\" content=\"@radioljubuski\" \/>\n<meta name=\"twitter:label1\" content=\"Napisao\/la\" \/>\n\t<meta name=\"twitter:data1\" content=\"Radio Ljubu\u0161ki\" \/>\n\t<meta name=\"twitter:label2\" content=\"Procijenjeno vrijeme \u010ditanja\" \/>\n\t<meta name=\"twitter:data2\" content=\"1 minuta\" \/>\n<script type=\"application\/ld+json\" class=\"yoast-schema-graph\">{\"@context\":\"https:\\\/\\\/schema.org\",\"@graph\":[{\"@type\":\"Article\",\"@id\":\"https:\\\/\\\/radioljubuski.ba\\\/index.php\\\/2021\\\/10\\\/13\\\/spomenik-operne-dive-marije-callas-ismijan-na-drustvenim-mrezama-izgleda-kao-terminator\\\/#article\",\"isPartOf\":{\"@id\":\"https:\\\/\\\/radioljubuski.ba\\\/index.php\\\/2021\\\/10\\\/13\\\/spomenik-operne-dive-marije-callas-ismijan-na-drustvenim-mrezama-izgleda-kao-terminator\\\/\"},\"author\":{\"name\":\"Radio Ljubu\u0161ki\",\"@id\":\"https:\\\/\\\/radioljubuski.ba\\\/#\\\/schema\\\/person\\\/19fc700381a780f69665d7956c469e3b\"},\"headline\":\"Spomenik operne dive Marije Callas ismijan na dru\u0161tvenim mre\u017eama: &#8216;Izgleda kao Terminator&#8217;\",\"datePublished\":\"2021-10-13T12:20:09+00:00\",\"mainEntityOfPage\":{\"@id\":\"https:\\\/\\\/radioljubuski.ba\\\/index.php\\\/2021\\\/10\\\/13\\\/spomenik-operne-dive-marije-callas-ismijan-na-drustvenim-mrezama-izgleda-kao-terminator\\\/\"},\"wordCount\":257,\"publisher\":{\"@id\":\"https:\\\/\\\/radioljubuski.ba\\\/#organization\"},\"image\":{\"@id\":\"https:\\\/\\\/radioljubuski.ba\\\/index.php\\\/2021\\\/10\\\/13\\\/spomenik-operne-dive-marije-callas-ismijan-na-drustvenim-mrezama-izgleda-kao-terminator\\\/#primaryimage\"},\"thumbnailUrl\":\"https:\\\/\\\/radioljubuski.ba\\\/wp-content\\\/uploads\\\/2021\\\/10\\\/8-2021-10-12-21-23-50-maria_callas_statua.png\",\"articleSection\":[\"BIH i regija\"],\"inLanguage\":\"hr\"},{\"@type\":\"WebPage\",\"@id\":\"https:\\\/\\\/radioljubuski.ba\\\/index.php\\\/2021\\\/10\\\/13\\\/spomenik-operne-dive-marije-callas-ismijan-na-drustvenim-mrezama-izgleda-kao-terminator\\\/\",\"url\":\"https:\\\/\\\/radioljubuski.ba\\\/index.php\\\/2021\\\/10\\\/13\\\/spomenik-operne-dive-marije-callas-ismijan-na-drustvenim-mrezama-izgleda-kao-terminator\\\/\",\"name\":\"Spomenik operne dive Marije Callas ismijan na dru\u0161tvenim mre\u017eama: 'Izgleda kao Terminator' - RADIO LJUBU\u0160KI\",\"isPartOf\":{\"@id\":\"https:\\\/\\\/radioljubuski.ba\\\/#website\"},\"primaryImageOfPage\":{\"@id\":\"https:\\\/\\\/radioljubuski.ba\\\/index.php\\\/2021\\\/10\\\/13\\\/spomenik-operne-dive-marije-callas-ismijan-na-drustvenim-mrezama-izgleda-kao-terminator\\\/#primaryimage\"},\"image\":{\"@id\":\"https:\\\/\\\/radioljubuski.ba\\\/index.php\\\/2021\\\/10\\\/13\\\/spomenik-operne-dive-marije-callas-ismijan-na-drustvenim-mrezama-izgleda-kao-terminator\\\/#primaryimage\"},\"thumbnailUrl\":\"https:\\\/\\\/radioljubuski.ba\\\/wp-content\\\/uploads\\\/2021\\\/10\\\/8-2021-10-12-21-23-50-maria_callas_statua.png\",\"datePublished\":\"2021-10-13T12:20:09+00:00\",\"breadcrumb\":{\"@id\":\"https:\\\/\\\/radioljubuski.ba\\\/index.php\\\/2021\\\/10\\\/13\\\/spomenik-operne-dive-marije-callas-ismijan-na-drustvenim-mrezama-izgleda-kao-terminator\\\/#breadcrumb\"},\"inLanguage\":\"hr\",\"potentialAction\":[{\"@type\":\"ReadAction\",\"target\":[\"https:\\\/\\\/radioljubuski.ba\\\/index.php\\\/2021\\\/10\\\/13\\\/spomenik-operne-dive-marije-callas-ismijan-na-drustvenim-mrezama-izgleda-kao-terminator\\\/\"]}]},{\"@type\":\"ImageObject\",\"inLanguage\":\"hr\",\"@id\":\"https:\\\/\\\/radioljubuski.ba\\\/index.php\\\/2021\\\/10\\\/13\\\/spomenik-operne-dive-marije-callas-ismijan-na-drustvenim-mrezama-izgleda-kao-terminator\\\/#primaryimage\",\"url\":\"https:\\\/\\\/radioljubuski.ba\\\/wp-content\\\/uploads\\\/2021\\\/10\\\/8-2021-10-12-21-23-50-maria_callas_statua.png\",\"contentUrl\":\"https:\\\/\\\/radioljubuski.ba\\\/wp-content\\\/uploads\\\/2021\\\/10\\\/8-2021-10-12-21-23-50-maria_callas_statua.png\",\"width\":1000,\"height\":625},{\"@type\":\"BreadcrumbList\",\"@id\":\"https:\\\/\\\/radioljubuski.ba\\\/index.php\\\/2021\\\/10\\\/13\\\/spomenik-operne-dive-marije-callas-ismijan-na-drustvenim-mrezama-izgleda-kao-terminator\\\/#breadcrumb\",\"itemListElement\":[{\"@type\":\"ListItem\",\"position\":1,\"name\":\"Po\u010detna stranica\",\"item\":\"https:\\\/\\\/radioljubuski.ba\\\/\"},{\"@type\":\"ListItem\",\"position\":2,\"name\":\"Spomenik operne dive Marije Callas ismijan na dru\u0161tvenim mre\u017eama: &#8216;Izgleda kao Terminator&#8217;\"}]},{\"@type\":\"WebSite\",\"@id\":\"https:\\\/\\\/radioljubuski.ba\\\/#website\",\"url\":\"https:\\\/\\\/radioljubuski.ba\\\/\",\"name\":\"Radio Ljubu\u0161ki\",\"description\":\"Sun\u010dana frekvencija Hercegovine\",\"publisher\":{\"@id\":\"https:\\\/\\\/radioljubuski.ba\\\/#organization\"},\"potentialAction\":[{\"@type\":\"SearchAction\",\"target\":{\"@type\":\"EntryPoint\",\"urlTemplate\":\"https:\\\/\\\/radioljubuski.ba\\\/?s={search_term_string}\"},\"query-input\":{\"@type\":\"PropertyValueSpecification\",\"valueRequired\":true,\"valueName\":\"search_term_string\"}}],\"inLanguage\":\"hr\"},{\"@type\":\"Organization\",\"@id\":\"https:\\\/\\\/radioljubuski.ba\\\/#organization\",\"name\":\"Radio Ljubu\u0161ki\",\"url\":\"https:\\\/\\\/radioljubuski.ba\\\/\",\"logo\":{\"@type\":\"ImageObject\",\"inLanguage\":\"hr\",\"@id\":\"https:\\\/\\\/radioljubuski.ba\\\/#\\\/schema\\\/logo\\\/image\\\/\",\"url\":\"https:\\\/\\\/radioljubuski.ba\\\/wp-content\\\/uploads\\\/2021\\\/02\\\/cropped-Radio_Ljubuski_logo1.jpg\",\"contentUrl\":\"https:\\\/\\\/radioljubuski.ba\\\/wp-content\\\/uploads\\\/2021\\\/02\\\/cropped-Radio_Ljubuski_logo1.jpg\",\"width\":512,\"height\":512,\"caption\":\"Radio Ljubu\u0161ki\"},\"image\":{\"@id\":\"https:\\\/\\\/radioljubuski.ba\\\/#\\\/schema\\\/logo\\\/image\\\/\"},\"sameAs\":[\"https:\\\/\\\/www.facebook.com\\\/Radiio-Ljubuski-1490835324566332\",\"https:\\\/\\\/x.com\\\/radioljubuski\",\"https:\\\/\\\/hr.linkedin.com\\\/company\\\/radio-ljubuski\",\"https:\\\/\\\/www.youtube.com\\\/channel\\\/UCHYaeO_n0Db3tjNGudGpXyw\"]},{\"@type\":\"Person\",\"@id\":\"https:\\\/\\\/radioljubuski.ba\\\/#\\\/schema\\\/person\\\/19fc700381a780f69665d7956c469e3b\",\"name\":\"Radio Ljubu\u0161ki\"}]}<\/script>\n<!-- \/ Yoast SEO plugin. -->","yoast_head_json":{"title":"Spomenik operne dive Marije Callas ismijan na dru\u0161tvenim mre\u017eama: 'Izgleda kao Terminator' - RADIO LJUBU\u0160KI","robots":{"index":"index","follow":"follow","max-snippet":"max-snippet:-1","max-image-preview":"max-image-preview:large","max-video-preview":"max-video-preview:-1"},"canonical":"https:\/\/radioljubuski.ba\/index.php\/2021\/10\/13\/spomenik-operne-dive-marije-callas-ismijan-na-drustvenim-mrezama-izgleda-kao-terminator\/","og_locale":"hr_HR","og_type":"article","og_title":"Spomenik operne dive Marije Callas ismijan na dru\u0161tvenim mre\u017eama: 'Izgleda kao Terminator' - RADIO LJUBU\u0160KI","og_description":"Novi bron\u010dani spomenik operne dive Marije Callas privukla je zabavne komentare na internetu, prvenstveno od Grka, nakon \u0161to je ovo blje\u0161tavo, pozla\u0107eno umjetni\u010dko djelo sve\u010dano otkriveno u podno\u017eju Akropole. Grci i danas obo\u017eavaju ovu opernu divu koja ima njihove korijene iako je ro\u0111ena u New Yorku. Ali nisu svi zadovoljni izgledom statue. &#8211; Izgleda kao [&hellip;]","og_url":"https:\/\/radioljubuski.ba\/index.php\/2021\/10\/13\/spomenik-operne-dive-marije-callas-ismijan-na-drustvenim-mrezama-izgleda-kao-terminator\/","og_site_name":"RADIO LJUBU\u0160KI","article_publisher":"https:\/\/www.facebook.com\/Radiio-Ljubuski-1490835324566332","article_published_time":"2021-10-13T12:20:09+00:00","og_image":[{"width":1000,"height":625,"url":"https:\/\/radioljubuski.ba\/wp-content\/uploads\/2021\/10\/8-2021-10-12-21-23-50-maria_callas_statua.png","type":"image\/png"}],"author":"Radio Ljubu\u0161ki","twitter_card":"summary_large_image","twitter_creator":"@radioljubuski","twitter_site":"@radioljubuski","twitter_misc":{"Napisao\/la":"Radio Ljubu\u0161ki","Procijenjeno vrijeme \u010ditanja":"1 minuta"},"schema":{"@context":"https:\/\/schema.org","@graph":[{"@type":"Article","@id":"https:\/\/radioljubuski.ba\/index.php\/2021\/10\/13\/spomenik-operne-dive-marije-callas-ismijan-na-drustvenim-mrezama-izgleda-kao-terminator\/#article","isPartOf":{"@id":"https:\/\/radioljubuski.ba\/index.php\/2021\/10\/13\/spomenik-operne-dive-marije-callas-ismijan-na-drustvenim-mrezama-izgleda-kao-terminator\/"},"author":{"name":"Radio Ljubu\u0161ki","@id":"https:\/\/radioljubuski.ba\/#\/schema\/person\/19fc700381a780f69665d7956c469e3b"},"headline":"Spomenik operne dive Marije Callas ismijan na dru\u0161tvenim mre\u017eama: &#8216;Izgleda kao Terminator&#8217;","datePublished":"2021-10-13T12:20:09+00:00","mainEntityOfPage":{"@id":"https:\/\/radioljubuski.ba\/index.php\/2021\/10\/13\/spomenik-operne-dive-marije-callas-ismijan-na-drustvenim-mrezama-izgleda-kao-terminator\/"},"wordCount":257,"publisher":{"@id":"https:\/\/radioljubuski.ba\/#organization"},"image":{"@id":"https:\/\/radioljubuski.ba\/index.php\/2021\/10\/13\/spomenik-operne-dive-marije-callas-ismijan-na-drustvenim-mrezama-izgleda-kao-terminator\/#primaryimage"},"thumbnailUrl":"https:\/\/radioljubuski.ba\/wp-content\/uploads\/2021\/10\/8-2021-10-12-21-23-50-maria_callas_statua.png","articleSection":["BIH i regija"],"inLanguage":"hr"},{"@type":"WebPage","@id":"https:\/\/radioljubuski.ba\/index.php\/2021\/10\/13\/spomenik-operne-dive-marije-callas-ismijan-na-drustvenim-mrezama-izgleda-kao-terminator\/","url":"https:\/\/radioljubuski.ba\/index.php\/2021\/10\/13\/spomenik-operne-dive-marije-callas-ismijan-na-drustvenim-mrezama-izgleda-kao-terminator\/","name":"Spomenik operne dive Marije Callas ismijan na dru\u0161tvenim mre\u017eama: 'Izgleda kao Terminator' - RADIO LJUBU\u0160KI","isPartOf":{"@id":"https:\/\/radioljubuski.ba\/#website"},"primaryImageOfPage":{"@id":"https:\/\/radioljubuski.ba\/index.php\/2021\/10\/13\/spomenik-operne-dive-marije-callas-ismijan-na-drustvenim-mrezama-izgleda-kao-terminator\/#primaryimage"},"image":{"@id":"https:\/\/radioljubuski.ba\/index.php\/2021\/10\/13\/spomenik-operne-dive-marije-callas-ismijan-na-drustvenim-mrezama-izgleda-kao-terminator\/#primaryimage"},"thumbnailUrl":"https:\/\/radioljubuski.ba\/wp-content\/uploads\/2021\/10\/8-2021-10-12-21-23-50-maria_callas_statua.png","datePublished":"2021-10-13T12:20:09+00:00","breadcrumb":{"@id":"https:\/\/radioljubuski.ba\/index.php\/2021\/10\/13\/spomenik-operne-dive-marije-callas-ismijan-na-drustvenim-mrezama-izgleda-kao-terminator\/#breadcrumb"},"inLanguage":"hr","potentialAction":[{"@type":"ReadAction","target":["https:\/\/radioljubuski.ba\/index.php\/2021\/10\/13\/spomenik-operne-dive-marije-callas-ismijan-na-drustvenim-mrezama-izgleda-kao-terminator\/"]}]},{"@type":"ImageObject","inLanguage":"hr","@id":"https:\/\/radioljubuski.ba\/index.php\/2021\/10\/13\/spomenik-operne-dive-marije-callas-ismijan-na-drustvenim-mrezama-izgleda-kao-terminator\/#primaryimage","url":"https:\/\/radioljubuski.ba\/wp-content\/uploads\/2021\/10\/8-2021-10-12-21-23-50-maria_callas_statua.png","contentUrl":"https:\/\/radioljubuski.ba\/wp-content\/uploads\/2021\/10\/8-2021-10-12-21-23-50-maria_callas_statua.png","width":1000,"height":625},{"@type":"BreadcrumbList","@id":"https:\/\/radioljubuski.ba\/index.php\/2021\/10\/13\/spomenik-operne-dive-marije-callas-ismijan-na-drustvenim-mrezama-izgleda-kao-terminator\/#breadcrumb","itemListElement":[{"@type":"ListItem","position":1,"name":"Po\u010detna stranica","item":"https:\/\/radioljubuski.ba\/"},{"@type":"ListItem","position":2,"name":"Spomenik operne dive Marije Callas ismijan na dru\u0161tvenim mre\u017eama: &#8216;Izgleda kao Terminator&#8217;"}]},{"@type":"WebSite","@id":"https:\/\/radioljubuski.ba\/#website","url":"https:\/\/radioljubuski.ba\/","name":"Radio Ljubu\u0161ki","description":"Sun\u010dana frekvencija Hercegovine","publisher":{"@id":"https:\/\/radioljubuski.ba\/#organization"},"potentialAction":[{"@type":"SearchAction","target":{"@type":"EntryPoint","urlTemplate":"https:\/\/radioljubuski.ba\/?s={search_term_string}"},"query-input":{"@type":"PropertyValueSpecification","valueRequired":true,"valueName":"search_term_string"}}],"inLanguage":"hr"},{"@type":"Organization","@id":"https:\/\/radioljubuski.ba\/#organization","name":"Radio Ljubu\u0161ki","url":"https:\/\/radioljubuski.ba\/","logo":{"@type":"ImageObject","inLanguage":"hr","@id":"https:\/\/radioljubuski.ba\/#\/schema\/logo\/image\/","url":"https:\/\/radioljubuski.ba\/wp-content\/uploads\/2021\/02\/cropped-Radio_Ljubuski_logo1.jpg","contentUrl":"https:\/\/radioljubuski.ba\/wp-content\/uploads\/2021\/02\/cropped-Radio_Ljubuski_logo1.jpg","width":512,"height":512,"caption":"Radio Ljubu\u0161ki"},"image":{"@id":"https:\/\/radioljubuski.ba\/#\/schema\/logo\/image\/"},"sameAs":["https:\/\/www.facebook.com\/Radiio-Ljubuski-1490835324566332","https:\/\/x.com\/radioljubuski","https:\/\/hr.linkedin.com\/company\/radio-ljubuski","https:\/\/www.youtube.com\/channel\/UCHYaeO_n0Db3tjNGudGpXyw"]},{"@type":"Person","@id":"https:\/\/radioljubuski.ba\/#\/schema\/person\/19fc700381a780f69665d7956c469e3b","name":"Radio Ljubu\u0161ki"}]}},"_links":{"self":[{"href":"https:\/\/radioljubuski.ba\/index.php\/wp-json\/wp\/v2\/posts\/74967","targetHints":{"allow":["GET"]}}],"collection":[{"href":"https:\/\/radioljubuski.ba\/index.php\/wp-json\/wp\/v2\/posts"}],"about":[{"href":"https:\/\/radioljubuski.ba\/index.php\/wp-json\/wp\/v2\/types\/post"}],"author":[{"embeddable":true,"href":"https:\/\/radioljubuski.ba\/index.php\/wp-json\/wp\/v2\/users\/2"}],"replies":[{"embeddable":true,"href":"https:\/\/radioljubuski.ba\/index.php\/wp-json\/wp\/v2\/comments?post=74967"}],"version-history":[{"count":1,"href":"https:\/\/radioljubuski.ba\/index.php\/wp-json\/wp\/v2\/posts\/74967\/revisions"}],"predecessor-version":[{"id":74969,"href":"https:\/\/radioljubuski.ba\/index.php\/wp-json\/wp\/v2\/posts\/74967\/revisions\/74969"}],"wp:featuredmedia":[{"embeddable":true,"href":"https:\/\/radioljubuski.ba\/index.php\/wp-json\/wp\/v2\/media\/74968"}],"wp:attachment":[{"href":"https:\/\/radioljubuski.ba\/index.php\/wp-json\/wp\/v2\/media?parent=74967"}],"wp:term":[{"taxonomy":"category","embeddable":true,"href":"https:\/\/radioljubuski.ba\/index.php\/wp-json\/wp\/v2\/categories?post=74967"},{"taxonomy":"post_tag","embeddable":true,"href":"https:\/\/radioljubuski.ba\/index.php\/wp-json\/wp\/v2\/tags?post=74967"}],"curies":[{"name":"wp","href":"https:\/\/api.w.org\/{rel}","templated":true}]}}