{"id":74999,"date":"2021-10-13T13:38:30","date_gmt":"2021-10-13T12:38:30","guid":{"rendered":"https:\/\/radioljubuski.ba\/?p=74999"},"modified":"2021-10-13T13:38:31","modified_gmt":"2021-10-13T12:38:31","slug":"americko-povjerenstvo-aspirin-dnevno-moze-vise-skoditi-nego-pomoci","status":"publish","type":"post","link":"https:\/\/radioljubuski.ba\/index.php\/2021\/10\/13\/americko-povjerenstvo-aspirin-dnevno-moze-vise-skoditi-nego-pomoci\/","title":{"rendered":"Ameri\u010dko povjerenstvo: Aspirin dnevno mo\u017ee vi\u0161e \u0161koditi nego pomo\u0107i"},"content":{"rendered":"\n<p>Stru\u010dno povjerenstvo ameri\u010dke vlade priop\u0107ilo je u utorak da vi\u0161e ne preporu\u010duje dnevnu dozu aspirina kako bi se smanjio rizik od sr\u010danog i mo\u017edanog udara kod ljudi starijih od 60 godina, prenijela je francuska novinska agencija Afp.<\/p>\n\n\n\n<p>Osobe u dobi od 40 do 59 godina koje imaju ve\u0107i rizik od razvoja kardiovaskularnih bolesti, ali nemaju povijest te bolesti, trebaju se posavjetovati sa svojim lije\u010dnikom i donijeti individualnu odluku ho\u0107e li po\u010deti uzimati lijek.<\/p>\n\n\n\n<p>Ova izjava predstavlja veliki preokret u ameri\u010dkom medicinskom podru\u010dju, gdje je svakodnevno uzimanje aspirina ra\u0161irena praksa. Lijek razrje\u0111uje krv, sprje\u010dava stvaranje krvnih ugru\u0161aka i smanjuje rizik od sr\u010danog ili mo\u017edanog udara.<\/p>\n\n\n\n<p>Od 2016. godine Radna skupina za prevenciju, vladino medicinsko stru\u010dno povjerenstvo, preporu\u010dila je dnevnu dozu aspirina za osobe u pedesetim godinama koje imaju 10 posto ve\u0107i rizik od sr\u010danog ili mo\u017edanog udara u sljede\u0107ih 10 godina.<\/p>\n\n\n\n<p>Panel je tada tako\u0111er rekao da bi za rizi\u010dne osobe u 60-im godinama, odluka o uzimanju aspirina trebala biti individualna. No ve\u0107 nekoliko godina studije dovode u pitanje te preporuke.<\/p>\n\n\n\n<p>U utorak su stru\u010dnjaci rekli da dobrobiti aspirina nisu dovoljne da se uravnote\u017ee s pove\u0107anim rizikom od krvarenja, osobito u mozgu ili crijevima, kod starijih osoba.<\/p>\n\n\n\n<p>-Svakodnevna uporaba aspirina mo\u017ee pomo\u0107i u sprje\u010davanju sr\u010danog i mo\u017edanog udara kod nekih ljudi, ali mo\u017ee uzrokovati i potencijalno ozbiljne \u0161tete, poput unutarnjeg krvarenja, rekao je \u010dlan radne skupine John Wong.<\/p>\n\n\n\n<p>-Va\u017eno je da ljudi koji imaju 40 do 59 godina i nemaju povijest sr\u010danih bolesti razgovaraju sa svojim lije\u010dnikom kako bi zajedno odlu\u010dili je li dobro za njih po\u010deti uzimati aspirin, nagla\u0161eno je.<\/p>\n\n\n\n<p>Ove nove preporuke jo\u0161 nisu kona\u010dne. One \u0107e biti otvorene za javnu raspravu do po\u010detka studenog. Tako\u0111er se ne odnose na pacijente koji uzimaju aspirin nakon pretrpljenog mo\u017edanog ili sr\u010danog udara, navodi se u priop\u0107enju.<\/p>\n\n\n\n<p>Uzimanje aspirina za smanjenje rizika od sr\u010danih bolesti \u010desto je spontana odluka mnogih Amerikanaca.<\/p>\n\n\n\n<p>Prema studiji iz 2017., 23 posto odraslih osoba u dobi od 40 i vi\u0161e godina koje nemaju kardiovaskularne bolesti uzimalo je aspirin kao preventivnu mjeru, od \u010dega je 23 posto to u\u010dinilo bez preporuke lije\u010dnika.<\/p>\n\n\n\n<p>Izvor:pogled.ba<\/p>\n","protected":false},"excerpt":{"rendered":"<p>Stru\u010dno povjerenstvo ameri\u010dke vlade priop\u0107ilo je u utorak da vi\u0161e ne preporu\u010duje dnevnu dozu aspirina kako bi se smanjio rizik od sr\u010danog i mo\u017edanog udara kod ljudi starijih od 60 godina, prenijela je francuska novinska agencija Afp. Osobe u dobi od 40 do 59 godina koje imaju ve\u0107i rizik od razvoja kardiovaskularnih bolesti, ali nemaju [&hellip;]<\/p>\n","protected":false},"author":2,"featured_media":75000,"comment_status":"closed","ping_status":"closed","sticky":false,"template":"","format":"standard","meta":{"h5ap_radio_sources":[],"footnotes":""},"categories":[1],"tags":[],"class_list":["post-74999","post","type-post","status-publish","format-standard","has-post-thumbnail","hentry","category-bihiregija"],"yoast_head":"<!-- This site is optimized with the Yoast SEO plugin v27.4 - https:\/\/yoast.com\/product\/yoast-seo-wordpress\/ -->\n<title>Ameri\u010dko povjerenstvo: Aspirin dnevno mo\u017ee vi\u0161e \u0161koditi nego pomo\u0107i - RADIO LJUBU\u0160KI<\/title>\n<meta name=\"robots\" content=\"index, follow, max-snippet:-1, max-image-preview:large, max-video-preview:-1\" \/>\n<link rel=\"canonical\" href=\"https:\/\/radioljubuski.ba\/index.php\/2021\/10\/13\/americko-povjerenstvo-aspirin-dnevno-moze-vise-skoditi-nego-pomoci\/\" \/>\n<meta property=\"og:locale\" content=\"hr_HR\" \/>\n<meta property=\"og:type\" content=\"article\" \/>\n<meta property=\"og:title\" content=\"Ameri\u010dko povjerenstvo: Aspirin dnevno mo\u017ee vi\u0161e \u0161koditi nego pomo\u0107i - RADIO LJUBU\u0160KI\" \/>\n<meta property=\"og:description\" content=\"Stru\u010dno povjerenstvo ameri\u010dke vlade priop\u0107ilo je u utorak da vi\u0161e ne preporu\u010duje dnevnu dozu aspirina kako bi se smanjio rizik od sr\u010danog i mo\u017edanog udara kod ljudi starijih od 60 godina, prenijela je francuska novinska agencija Afp. Osobe u dobi od 40 do 59 godina koje imaju ve\u0107i rizik od razvoja kardiovaskularnih bolesti, ali nemaju [&hellip;]\" \/>\n<meta property=\"og:url\" content=\"https:\/\/radioljubuski.ba\/index.php\/2021\/10\/13\/americko-povjerenstvo-aspirin-dnevno-moze-vise-skoditi-nego-pomoci\/\" \/>\n<meta property=\"og:site_name\" content=\"RADIO LJUBU\u0160KI\" \/>\n<meta property=\"article:publisher\" content=\"https:\/\/www.facebook.com\/Radiio-Ljubuski-1490835324566332\" \/>\n<meta property=\"article:published_time\" content=\"2021-10-13T12:38:30+00:00\" \/>\n<meta property=\"article:modified_time\" content=\"2021-10-13T12:38:31+00:00\" \/>\n<meta property=\"og:image\" content=\"https:\/\/radioljubuski.ba\/wp-content\/uploads\/2021\/10\/2-2021-10-13-10-07-05-aspirin.jpg\" \/>\n\t<meta property=\"og:image:width\" content=\"1000\" \/>\n\t<meta property=\"og:image:height\" content=\"625\" \/>\n\t<meta property=\"og:image:type\" content=\"image\/jpeg\" \/>\n<meta name=\"author\" content=\"Radio Ljubu\u0161ki\" \/>\n<meta name=\"twitter:card\" content=\"summary_large_image\" \/>\n<meta name=\"twitter:creator\" content=\"@radioljubuski\" \/>\n<meta name=\"twitter:site\" content=\"@radioljubuski\" \/>\n<meta name=\"twitter:label1\" content=\"Napisao\/la\" \/>\n\t<meta name=\"twitter:data1\" content=\"Radio Ljubu\u0161ki\" \/>\n\t<meta name=\"twitter:label2\" content=\"Procijenjeno vrijeme \u010ditanja\" \/>\n\t<meta name=\"twitter:data2\" content=\"2 minute\" \/>\n<script type=\"application\/ld+json\" class=\"yoast-schema-graph\">{\"@context\":\"https:\\\/\\\/schema.org\",\"@graph\":[{\"@type\":\"Article\",\"@id\":\"https:\\\/\\\/radioljubuski.ba\\\/index.php\\\/2021\\\/10\\\/13\\\/americko-povjerenstvo-aspirin-dnevno-moze-vise-skoditi-nego-pomoci\\\/#article\",\"isPartOf\":{\"@id\":\"https:\\\/\\\/radioljubuski.ba\\\/index.php\\\/2021\\\/10\\\/13\\\/americko-povjerenstvo-aspirin-dnevno-moze-vise-skoditi-nego-pomoci\\\/\"},\"author\":{\"name\":\"Radio Ljubu\u0161ki\",\"@id\":\"https:\\\/\\\/radioljubuski.ba\\\/#\\\/schema\\\/person\\\/19fc700381a780f69665d7956c469e3b\"},\"headline\":\"Ameri\u010dko povjerenstvo: Aspirin dnevno mo\u017ee vi\u0161e \u0161koditi nego pomo\u0107i\",\"datePublished\":\"2021-10-13T12:38:30+00:00\",\"dateModified\":\"2021-10-13T12:38:31+00:00\",\"mainEntityOfPage\":{\"@id\":\"https:\\\/\\\/radioljubuski.ba\\\/index.php\\\/2021\\\/10\\\/13\\\/americko-povjerenstvo-aspirin-dnevno-moze-vise-skoditi-nego-pomoci\\\/\"},\"wordCount\":400,\"publisher\":{\"@id\":\"https:\\\/\\\/radioljubuski.ba\\\/#organization\"},\"image\":{\"@id\":\"https:\\\/\\\/radioljubuski.ba\\\/index.php\\\/2021\\\/10\\\/13\\\/americko-povjerenstvo-aspirin-dnevno-moze-vise-skoditi-nego-pomoci\\\/#primaryimage\"},\"thumbnailUrl\":\"https:\\\/\\\/radioljubuski.ba\\\/wp-content\\\/uploads\\\/2021\\\/10\\\/2-2021-10-13-10-07-05-aspirin.jpg\",\"articleSection\":[\"BIH i regija\"],\"inLanguage\":\"hr\"},{\"@type\":\"WebPage\",\"@id\":\"https:\\\/\\\/radioljubuski.ba\\\/index.php\\\/2021\\\/10\\\/13\\\/americko-povjerenstvo-aspirin-dnevno-moze-vise-skoditi-nego-pomoci\\\/\",\"url\":\"https:\\\/\\\/radioljubuski.ba\\\/index.php\\\/2021\\\/10\\\/13\\\/americko-povjerenstvo-aspirin-dnevno-moze-vise-skoditi-nego-pomoci\\\/\",\"name\":\"Ameri\u010dko povjerenstvo: Aspirin dnevno mo\u017ee vi\u0161e \u0161koditi nego pomo\u0107i - RADIO LJUBU\u0160KI\",\"isPartOf\":{\"@id\":\"https:\\\/\\\/radioljubuski.ba\\\/#website\"},\"primaryImageOfPage\":{\"@id\":\"https:\\\/\\\/radioljubuski.ba\\\/index.php\\\/2021\\\/10\\\/13\\\/americko-povjerenstvo-aspirin-dnevno-moze-vise-skoditi-nego-pomoci\\\/#primaryimage\"},\"image\":{\"@id\":\"https:\\\/\\\/radioljubuski.ba\\\/index.php\\\/2021\\\/10\\\/13\\\/americko-povjerenstvo-aspirin-dnevno-moze-vise-skoditi-nego-pomoci\\\/#primaryimage\"},\"thumbnailUrl\":\"https:\\\/\\\/radioljubuski.ba\\\/wp-content\\\/uploads\\\/2021\\\/10\\\/2-2021-10-13-10-07-05-aspirin.jpg\",\"datePublished\":\"2021-10-13T12:38:30+00:00\",\"dateModified\":\"2021-10-13T12:38:31+00:00\",\"breadcrumb\":{\"@id\":\"https:\\\/\\\/radioljubuski.ba\\\/index.php\\\/2021\\\/10\\\/13\\\/americko-povjerenstvo-aspirin-dnevno-moze-vise-skoditi-nego-pomoci\\\/#breadcrumb\"},\"inLanguage\":\"hr\",\"potentialAction\":[{\"@type\":\"ReadAction\",\"target\":[\"https:\\\/\\\/radioljubuski.ba\\\/index.php\\\/2021\\\/10\\\/13\\\/americko-povjerenstvo-aspirin-dnevno-moze-vise-skoditi-nego-pomoci\\\/\"]}]},{\"@type\":\"ImageObject\",\"inLanguage\":\"hr\",\"@id\":\"https:\\\/\\\/radioljubuski.ba\\\/index.php\\\/2021\\\/10\\\/13\\\/americko-povjerenstvo-aspirin-dnevno-moze-vise-skoditi-nego-pomoci\\\/#primaryimage\",\"url\":\"https:\\\/\\\/radioljubuski.ba\\\/wp-content\\\/uploads\\\/2021\\\/10\\\/2-2021-10-13-10-07-05-aspirin.jpg\",\"contentUrl\":\"https:\\\/\\\/radioljubuski.ba\\\/wp-content\\\/uploads\\\/2021\\\/10\\\/2-2021-10-13-10-07-05-aspirin.jpg\",\"width\":1000,\"height\":625},{\"@type\":\"BreadcrumbList\",\"@id\":\"https:\\\/\\\/radioljubuski.ba\\\/index.php\\\/2021\\\/10\\\/13\\\/americko-povjerenstvo-aspirin-dnevno-moze-vise-skoditi-nego-pomoci\\\/#breadcrumb\",\"itemListElement\":[{\"@type\":\"ListItem\",\"position\":1,\"name\":\"Po\u010detna stranica\",\"item\":\"https:\\\/\\\/radioljubuski.ba\\\/\"},{\"@type\":\"ListItem\",\"position\":2,\"name\":\"Ameri\u010dko povjerenstvo: Aspirin dnevno mo\u017ee vi\u0161e \u0161koditi nego pomo\u0107i\"}]},{\"@type\":\"WebSite\",\"@id\":\"https:\\\/\\\/radioljubuski.ba\\\/#website\",\"url\":\"https:\\\/\\\/radioljubuski.ba\\\/\",\"name\":\"Radio Ljubu\u0161ki\",\"description\":\"Sun\u010dana frekvencija Hercegovine\",\"publisher\":{\"@id\":\"https:\\\/\\\/radioljubuski.ba\\\/#organization\"},\"potentialAction\":[{\"@type\":\"SearchAction\",\"target\":{\"@type\":\"EntryPoint\",\"urlTemplate\":\"https:\\\/\\\/radioljubuski.ba\\\/?s={search_term_string}\"},\"query-input\":{\"@type\":\"PropertyValueSpecification\",\"valueRequired\":true,\"valueName\":\"search_term_string\"}}],\"inLanguage\":\"hr\"},{\"@type\":\"Organization\",\"@id\":\"https:\\\/\\\/radioljubuski.ba\\\/#organization\",\"name\":\"Radio Ljubu\u0161ki\",\"url\":\"https:\\\/\\\/radioljubuski.ba\\\/\",\"logo\":{\"@type\":\"ImageObject\",\"inLanguage\":\"hr\",\"@id\":\"https:\\\/\\\/radioljubuski.ba\\\/#\\\/schema\\\/logo\\\/image\\\/\",\"url\":\"https:\\\/\\\/radioljubuski.ba\\\/wp-content\\\/uploads\\\/2021\\\/02\\\/cropped-Radio_Ljubuski_logo1.jpg\",\"contentUrl\":\"https:\\\/\\\/radioljubuski.ba\\\/wp-content\\\/uploads\\\/2021\\\/02\\\/cropped-Radio_Ljubuski_logo1.jpg\",\"width\":512,\"height\":512,\"caption\":\"Radio Ljubu\u0161ki\"},\"image\":{\"@id\":\"https:\\\/\\\/radioljubuski.ba\\\/#\\\/schema\\\/logo\\\/image\\\/\"},\"sameAs\":[\"https:\\\/\\\/www.facebook.com\\\/Radiio-Ljubuski-1490835324566332\",\"https:\\\/\\\/x.com\\\/radioljubuski\",\"https:\\\/\\\/hr.linkedin.com\\\/company\\\/radio-ljubuski\",\"https:\\\/\\\/www.youtube.com\\\/channel\\\/UCHYaeO_n0Db3tjNGudGpXyw\"]},{\"@type\":\"Person\",\"@id\":\"https:\\\/\\\/radioljubuski.ba\\\/#\\\/schema\\\/person\\\/19fc700381a780f69665d7956c469e3b\",\"name\":\"Radio Ljubu\u0161ki\"}]}<\/script>\n<!-- \/ Yoast SEO plugin. -->","yoast_head_json":{"title":"Ameri\u010dko povjerenstvo: Aspirin dnevno mo\u017ee vi\u0161e \u0161koditi nego pomo\u0107i - RADIO LJUBU\u0160KI","robots":{"index":"index","follow":"follow","max-snippet":"max-snippet:-1","max-image-preview":"max-image-preview:large","max-video-preview":"max-video-preview:-1"},"canonical":"https:\/\/radioljubuski.ba\/index.php\/2021\/10\/13\/americko-povjerenstvo-aspirin-dnevno-moze-vise-skoditi-nego-pomoci\/","og_locale":"hr_HR","og_type":"article","og_title":"Ameri\u010dko povjerenstvo: Aspirin dnevno mo\u017ee vi\u0161e \u0161koditi nego pomo\u0107i - RADIO LJUBU\u0160KI","og_description":"Stru\u010dno povjerenstvo ameri\u010dke vlade priop\u0107ilo je u utorak da vi\u0161e ne preporu\u010duje dnevnu dozu aspirina kako bi se smanjio rizik od sr\u010danog i mo\u017edanog udara kod ljudi starijih od 60 godina, prenijela je francuska novinska agencija Afp. Osobe u dobi od 40 do 59 godina koje imaju ve\u0107i rizik od razvoja kardiovaskularnih bolesti, ali nemaju [&hellip;]","og_url":"https:\/\/radioljubuski.ba\/index.php\/2021\/10\/13\/americko-povjerenstvo-aspirin-dnevno-moze-vise-skoditi-nego-pomoci\/","og_site_name":"RADIO LJUBU\u0160KI","article_publisher":"https:\/\/www.facebook.com\/Radiio-Ljubuski-1490835324566332","article_published_time":"2021-10-13T12:38:30+00:00","article_modified_time":"2021-10-13T12:38:31+00:00","og_image":[{"width":1000,"height":625,"url":"https:\/\/radioljubuski.ba\/wp-content\/uploads\/2021\/10\/2-2021-10-13-10-07-05-aspirin.jpg","type":"image\/jpeg"}],"author":"Radio Ljubu\u0161ki","twitter_card":"summary_large_image","twitter_creator":"@radioljubuski","twitter_site":"@radioljubuski","twitter_misc":{"Napisao\/la":"Radio Ljubu\u0161ki","Procijenjeno vrijeme \u010ditanja":"2 minute"},"schema":{"@context":"https:\/\/schema.org","@graph":[{"@type":"Article","@id":"https:\/\/radioljubuski.ba\/index.php\/2021\/10\/13\/americko-povjerenstvo-aspirin-dnevno-moze-vise-skoditi-nego-pomoci\/#article","isPartOf":{"@id":"https:\/\/radioljubuski.ba\/index.php\/2021\/10\/13\/americko-povjerenstvo-aspirin-dnevno-moze-vise-skoditi-nego-pomoci\/"},"author":{"name":"Radio Ljubu\u0161ki","@id":"https:\/\/radioljubuski.ba\/#\/schema\/person\/19fc700381a780f69665d7956c469e3b"},"headline":"Ameri\u010dko povjerenstvo: Aspirin dnevno mo\u017ee vi\u0161e \u0161koditi nego pomo\u0107i","datePublished":"2021-10-13T12:38:30+00:00","dateModified":"2021-10-13T12:38:31+00:00","mainEntityOfPage":{"@id":"https:\/\/radioljubuski.ba\/index.php\/2021\/10\/13\/americko-povjerenstvo-aspirin-dnevno-moze-vise-skoditi-nego-pomoci\/"},"wordCount":400,"publisher":{"@id":"https:\/\/radioljubuski.ba\/#organization"},"image":{"@id":"https:\/\/radioljubuski.ba\/index.php\/2021\/10\/13\/americko-povjerenstvo-aspirin-dnevno-moze-vise-skoditi-nego-pomoci\/#primaryimage"},"thumbnailUrl":"https:\/\/radioljubuski.ba\/wp-content\/uploads\/2021\/10\/2-2021-10-13-10-07-05-aspirin.jpg","articleSection":["BIH i regija"],"inLanguage":"hr"},{"@type":"WebPage","@id":"https:\/\/radioljubuski.ba\/index.php\/2021\/10\/13\/americko-povjerenstvo-aspirin-dnevno-moze-vise-skoditi-nego-pomoci\/","url":"https:\/\/radioljubuski.ba\/index.php\/2021\/10\/13\/americko-povjerenstvo-aspirin-dnevno-moze-vise-skoditi-nego-pomoci\/","name":"Ameri\u010dko povjerenstvo: Aspirin dnevno mo\u017ee vi\u0161e \u0161koditi nego pomo\u0107i - RADIO LJUBU\u0160KI","isPartOf":{"@id":"https:\/\/radioljubuski.ba\/#website"},"primaryImageOfPage":{"@id":"https:\/\/radioljubuski.ba\/index.php\/2021\/10\/13\/americko-povjerenstvo-aspirin-dnevno-moze-vise-skoditi-nego-pomoci\/#primaryimage"},"image":{"@id":"https:\/\/radioljubuski.ba\/index.php\/2021\/10\/13\/americko-povjerenstvo-aspirin-dnevno-moze-vise-skoditi-nego-pomoci\/#primaryimage"},"thumbnailUrl":"https:\/\/radioljubuski.ba\/wp-content\/uploads\/2021\/10\/2-2021-10-13-10-07-05-aspirin.jpg","datePublished":"2021-10-13T12:38:30+00:00","dateModified":"2021-10-13T12:38:31+00:00","breadcrumb":{"@id":"https:\/\/radioljubuski.ba\/index.php\/2021\/10\/13\/americko-povjerenstvo-aspirin-dnevno-moze-vise-skoditi-nego-pomoci\/#breadcrumb"},"inLanguage":"hr","potentialAction":[{"@type":"ReadAction","target":["https:\/\/radioljubuski.ba\/index.php\/2021\/10\/13\/americko-povjerenstvo-aspirin-dnevno-moze-vise-skoditi-nego-pomoci\/"]}]},{"@type":"ImageObject","inLanguage":"hr","@id":"https:\/\/radioljubuski.ba\/index.php\/2021\/10\/13\/americko-povjerenstvo-aspirin-dnevno-moze-vise-skoditi-nego-pomoci\/#primaryimage","url":"https:\/\/radioljubuski.ba\/wp-content\/uploads\/2021\/10\/2-2021-10-13-10-07-05-aspirin.jpg","contentUrl":"https:\/\/radioljubuski.ba\/wp-content\/uploads\/2021\/10\/2-2021-10-13-10-07-05-aspirin.jpg","width":1000,"height":625},{"@type":"BreadcrumbList","@id":"https:\/\/radioljubuski.ba\/index.php\/2021\/10\/13\/americko-povjerenstvo-aspirin-dnevno-moze-vise-skoditi-nego-pomoci\/#breadcrumb","itemListElement":[{"@type":"ListItem","position":1,"name":"Po\u010detna stranica","item":"https:\/\/radioljubuski.ba\/"},{"@type":"ListItem","position":2,"name":"Ameri\u010dko povjerenstvo: Aspirin dnevno mo\u017ee vi\u0161e \u0161koditi nego pomo\u0107i"}]},{"@type":"WebSite","@id":"https:\/\/radioljubuski.ba\/#website","url":"https:\/\/radioljubuski.ba\/","name":"Radio Ljubu\u0161ki","description":"Sun\u010dana frekvencija Hercegovine","publisher":{"@id":"https:\/\/radioljubuski.ba\/#organization"},"potentialAction":[{"@type":"SearchAction","target":{"@type":"EntryPoint","urlTemplate":"https:\/\/radioljubuski.ba\/?s={search_term_string}"},"query-input":{"@type":"PropertyValueSpecification","valueRequired":true,"valueName":"search_term_string"}}],"inLanguage":"hr"},{"@type":"Organization","@id":"https:\/\/radioljubuski.ba\/#organization","name":"Radio Ljubu\u0161ki","url":"https:\/\/radioljubuski.ba\/","logo":{"@type":"ImageObject","inLanguage":"hr","@id":"https:\/\/radioljubuski.ba\/#\/schema\/logo\/image\/","url":"https:\/\/radioljubuski.ba\/wp-content\/uploads\/2021\/02\/cropped-Radio_Ljubuski_logo1.jpg","contentUrl":"https:\/\/radioljubuski.ba\/wp-content\/uploads\/2021\/02\/cropped-Radio_Ljubuski_logo1.jpg","width":512,"height":512,"caption":"Radio Ljubu\u0161ki"},"image":{"@id":"https:\/\/radioljubuski.ba\/#\/schema\/logo\/image\/"},"sameAs":["https:\/\/www.facebook.com\/Radiio-Ljubuski-1490835324566332","https:\/\/x.com\/radioljubuski","https:\/\/hr.linkedin.com\/company\/radio-ljubuski","https:\/\/www.youtube.com\/channel\/UCHYaeO_n0Db3tjNGudGpXyw"]},{"@type":"Person","@id":"https:\/\/radioljubuski.ba\/#\/schema\/person\/19fc700381a780f69665d7956c469e3b","name":"Radio Ljubu\u0161ki"}]}},"_links":{"self":[{"href":"https:\/\/radioljubuski.ba\/index.php\/wp-json\/wp\/v2\/posts\/74999","targetHints":{"allow":["GET"]}}],"collection":[{"href":"https:\/\/radioljubuski.ba\/index.php\/wp-json\/wp\/v2\/posts"}],"about":[{"href":"https:\/\/radioljubuski.ba\/index.php\/wp-json\/wp\/v2\/types\/post"}],"author":[{"embeddable":true,"href":"https:\/\/radioljubuski.ba\/index.php\/wp-json\/wp\/v2\/users\/2"}],"replies":[{"embeddable":true,"href":"https:\/\/radioljubuski.ba\/index.php\/wp-json\/wp\/v2\/comments?post=74999"}],"version-history":[{"count":1,"href":"https:\/\/radioljubuski.ba\/index.php\/wp-json\/wp\/v2\/posts\/74999\/revisions"}],"predecessor-version":[{"id":75001,"href":"https:\/\/radioljubuski.ba\/index.php\/wp-json\/wp\/v2\/posts\/74999\/revisions\/75001"}],"wp:featuredmedia":[{"embeddable":true,"href":"https:\/\/radioljubuski.ba\/index.php\/wp-json\/wp\/v2\/media\/75000"}],"wp:attachment":[{"href":"https:\/\/radioljubuski.ba\/index.php\/wp-json\/wp\/v2\/media?parent=74999"}],"wp:term":[{"taxonomy":"category","embeddable":true,"href":"https:\/\/radioljubuski.ba\/index.php\/wp-json\/wp\/v2\/categories?post=74999"},{"taxonomy":"post_tag","embeddable":true,"href":"https:\/\/radioljubuski.ba\/index.php\/wp-json\/wp\/v2\/tags?post=74999"}],"curies":[{"name":"wp","href":"https:\/\/api.w.org\/{rel}","templated":true}]}}