{"id":75023,"date":"2021-10-13T13:52:17","date_gmt":"2021-10-13T12:52:17","guid":{"rendered":"https:\/\/radioljubuski.ba\/?p=75023"},"modified":"2021-10-13T13:52:18","modified_gmt":"2021-10-13T12:52:18","slug":"dusseldorf-munchen-i-frankfurt-kandidati-za-domacinstvo-nfl-utakmica","status":"publish","type":"post","link":"https:\/\/radioljubuski.ba\/index.php\/2021\/10\/13\/dusseldorf-munchen-i-frankfurt-kandidati-za-domacinstvo-nfl-utakmica\/","title":{"rendered":"D\u00fcsseldorf, M\u00fcnchen i Frankfurt kandidati za doma\u0107instvo NFL utakmica"},"content":{"rendered":"\n<p>Nacionalna liga ameri\u010dkog nogometa (NFL) priop\u0107ila je u utorak da su tri njema\u010dka grada, Duesseldorf, Muenchen i Frankfurt, mogu\u0107i kandidati za doma\u0107ine utakmica osnovnog dijela NFL sezone u budu\u0107nosti, ne navode\u0107i od koje godine bi mogli krenuti s provedbom tog plana.<\/p>\n\n\n\n<p>&#8211; Utakmice osnovnog dijela sezone su klju\u010dan dio za pove\u0107anje na\u0161e navija\u010dke baze u Njema\u010dkoj, time \u0161to \u0107emo stvoriti jo\u0161 vi\u0161e uzbu\u0111enja i povezanosti s na\u0161im sportom kod ljudi i unutar zajednica, izjavio je u priop\u0107enju voditelj NFL-ova ureda za Europu i Ujedinjeno Kraljevstvo <strong>Brett Gosper <\/strong>te dodao:<\/p>\n\n\n\n<p>&#8211; Sna\u017ean interes njema\u010dkih gradova nagla\u0161ava kakva je ovo fantasti\u010dna prilika za doma\u0107ine, koju \u010dine zna\u010dajna gospodarska dobrobit, globalna prepoznatljivost te mogu\u0107nost pretvaranja u inkubator za rast navija\u010dkog zanimanja za NFL&#8221;, rekao je Gosper.<\/p>\n\n\n\n<p>Nakon prve faze u kojoj su gradovi mogli izraziti interes za doma\u0107instvo utakmica NFL-a, vodstvo lige pozvalo je spomenuta tri grada da sudjeluju u drugoj, kandidacijskog fazi, u kojoj \u0107e se voditi opse\u017eniji razgovori na temu doma\u0107instva.<\/p>\n\n\n\n<p>&#8211; Moramo na\u0107i stadion koji je u potpunosti spreman podr\u017eati logisti\u010dke zahtjeve NFL utakmice, \u017eelimo suradnju s lokalnim konzorcijem u koji bi bili uklju\u010deni predstavnici lokalne i regionalne vlasti, vlasnici stadiona lokalni dionici te potencijalni komercijalni partneri. \u017delimo da ovo bude dugoro\u010dno partnerstvo, zaklju\u010dio je Gosper.<\/p>\n\n\n\n<p>NFL redovito odr\u017eava utakmice osnovnog dijela sezone u Londonu jo\u0161 od 2007. i s tom praksom ne\u0107e prestati. Pro\u0161lu nedjelju su na Tottenhamovom stadionu Atlanta Falconsi pobijedili New York Jetse sa 27-20, a ve\u0107 u sljede\u0107u nedjelju \u0107e na istom mjestu zaigrati Jacksonville Jaguars i Miami Dolphins, \u0161to \u0107e biti 30. londonska utakmica u povijesti NFL-a.<\/p>\n\n\n\n<p>Izvor:hrt.hr<\/p>\n","protected":false},"excerpt":{"rendered":"<p>Nacionalna liga ameri\u010dkog nogometa (NFL) priop\u0107ila je u utorak da su tri njema\u010dka grada, Duesseldorf, Muenchen i Frankfurt, mogu\u0107i kandidati za doma\u0107ine utakmica osnovnog dijela NFL sezone u budu\u0107nosti, ne navode\u0107i od koje godine bi mogli krenuti s provedbom tog plana. &#8211; Utakmice osnovnog dijela sezone su klju\u010dan dio za pove\u0107anje na\u0161e navija\u010dke baze u [&hellip;]<\/p>\n","protected":false},"author":2,"featured_media":75024,"comment_status":"closed","ping_status":"closed","sticky":false,"template":"","format":"standard","meta":{"h5ap_radio_sources":[],"footnotes":""},"categories":[7],"tags":[],"class_list":["post-75023","post","type-post","status-publish","format-standard","has-post-thumbnail","hentry","category-sport"],"yoast_head":"<!-- This site is optimized with the Yoast SEO plugin v27.4 - https:\/\/yoast.com\/product\/yoast-seo-wordpress\/ -->\n<title>D\u00fcsseldorf, M\u00fcnchen i Frankfurt kandidati za doma\u0107instvo NFL utakmica - RADIO LJUBU\u0160KI<\/title>\n<meta name=\"robots\" content=\"index, follow, max-snippet:-1, max-image-preview:large, max-video-preview:-1\" \/>\n<link rel=\"canonical\" href=\"https:\/\/radioljubuski.ba\/index.php\/2021\/10\/13\/dusseldorf-munchen-i-frankfurt-kandidati-za-domacinstvo-nfl-utakmica\/\" \/>\n<meta property=\"og:locale\" content=\"hr_HR\" \/>\n<meta property=\"og:type\" content=\"article\" \/>\n<meta property=\"og:title\" content=\"D\u00fcsseldorf, M\u00fcnchen i Frankfurt kandidati za doma\u0107instvo NFL utakmica - RADIO LJUBU\u0160KI\" \/>\n<meta property=\"og:description\" content=\"Nacionalna liga ameri\u010dkog nogometa (NFL) priop\u0107ila je u utorak da su tri njema\u010dka grada, Duesseldorf, Muenchen i Frankfurt, mogu\u0107i kandidati za doma\u0107ine utakmica osnovnog dijela NFL sezone u budu\u0107nosti, ne navode\u0107i od koje godine bi mogli krenuti s provedbom tog plana. &#8211; Utakmice osnovnog dijela sezone su klju\u010dan dio za pove\u0107anje na\u0161e navija\u010dke baze u [&hellip;]\" \/>\n<meta property=\"og:url\" content=\"https:\/\/radioljubuski.ba\/index.php\/2021\/10\/13\/dusseldorf-munchen-i-frankfurt-kandidati-za-domacinstvo-nfl-utakmica\/\" \/>\n<meta property=\"og:site_name\" content=\"RADIO LJUBU\u0160KI\" \/>\n<meta property=\"article:publisher\" content=\"https:\/\/www.facebook.com\/Radiio-Ljubuski-1490835324566332\" \/>\n<meta property=\"article:published_time\" content=\"2021-10-13T12:52:17+00:00\" \/>\n<meta property=\"article:modified_time\" content=\"2021-10-13T12:52:18+00:00\" \/>\n<meta property=\"og:image\" content=\"https:\/\/radioljubuski.ba\/wp-content\/uploads\/2021\/10\/2021-10-12t040044z-1180042101-mt1usatoday16937912-rtrmadp-3-nfl-indianapolis-colts-at-baltimore-ravens-20211012131930.jpg\" \/>\n\t<meta property=\"og:image:width\" content=\"2500\" \/>\n\t<meta property=\"og:image:height\" content=\"1668\" \/>\n\t<meta property=\"og:image:type\" content=\"image\/jpeg\" \/>\n<meta name=\"author\" content=\"Radio Ljubu\u0161ki\" \/>\n<meta name=\"twitter:card\" content=\"summary_large_image\" \/>\n<meta name=\"twitter:creator\" content=\"@radioljubuski\" \/>\n<meta name=\"twitter:site\" content=\"@radioljubuski\" \/>\n<meta name=\"twitter:label1\" content=\"Napisao\/la\" \/>\n\t<meta name=\"twitter:data1\" content=\"Radio Ljubu\u0161ki\" \/>\n\t<meta name=\"twitter:label2\" content=\"Procijenjeno vrijeme \u010ditanja\" \/>\n\t<meta name=\"twitter:data2\" content=\"2 minute\" \/>\n<script type=\"application\/ld+json\" class=\"yoast-schema-graph\">{\"@context\":\"https:\\\/\\\/schema.org\",\"@graph\":[{\"@type\":\"Article\",\"@id\":\"https:\\\/\\\/radioljubuski.ba\\\/index.php\\\/2021\\\/10\\\/13\\\/dusseldorf-munchen-i-frankfurt-kandidati-za-domacinstvo-nfl-utakmica\\\/#article\",\"isPartOf\":{\"@id\":\"https:\\\/\\\/radioljubuski.ba\\\/index.php\\\/2021\\\/10\\\/13\\\/dusseldorf-munchen-i-frankfurt-kandidati-za-domacinstvo-nfl-utakmica\\\/\"},\"author\":{\"name\":\"Radio Ljubu\u0161ki\",\"@id\":\"https:\\\/\\\/radioljubuski.ba\\\/#\\\/schema\\\/person\\\/19fc700381a780f69665d7956c469e3b\"},\"headline\":\"D\u00fcsseldorf, M\u00fcnchen i Frankfurt kandidati za doma\u0107instvo NFL utakmica\",\"datePublished\":\"2021-10-13T12:52:17+00:00\",\"dateModified\":\"2021-10-13T12:52:18+00:00\",\"mainEntityOfPage\":{\"@id\":\"https:\\\/\\\/radioljubuski.ba\\\/index.php\\\/2021\\\/10\\\/13\\\/dusseldorf-munchen-i-frankfurt-kandidati-za-domacinstvo-nfl-utakmica\\\/\"},\"wordCount\":312,\"publisher\":{\"@id\":\"https:\\\/\\\/radioljubuski.ba\\\/#organization\"},\"image\":{\"@id\":\"https:\\\/\\\/radioljubuski.ba\\\/index.php\\\/2021\\\/10\\\/13\\\/dusseldorf-munchen-i-frankfurt-kandidati-za-domacinstvo-nfl-utakmica\\\/#primaryimage\"},\"thumbnailUrl\":\"https:\\\/\\\/radioljubuski.ba\\\/wp-content\\\/uploads\\\/2021\\\/10\\\/2021-10-12t040044z-1180042101-mt1usatoday16937912-rtrmadp-3-nfl-indianapolis-colts-at-baltimore-ravens-20211012131930.jpg\",\"articleSection\":[\"\u0160port\"],\"inLanguage\":\"hr\"},{\"@type\":\"WebPage\",\"@id\":\"https:\\\/\\\/radioljubuski.ba\\\/index.php\\\/2021\\\/10\\\/13\\\/dusseldorf-munchen-i-frankfurt-kandidati-za-domacinstvo-nfl-utakmica\\\/\",\"url\":\"https:\\\/\\\/radioljubuski.ba\\\/index.php\\\/2021\\\/10\\\/13\\\/dusseldorf-munchen-i-frankfurt-kandidati-za-domacinstvo-nfl-utakmica\\\/\",\"name\":\"D\u00fcsseldorf, M\u00fcnchen i Frankfurt kandidati za doma\u0107instvo NFL utakmica - RADIO LJUBU\u0160KI\",\"isPartOf\":{\"@id\":\"https:\\\/\\\/radioljubuski.ba\\\/#website\"},\"primaryImageOfPage\":{\"@id\":\"https:\\\/\\\/radioljubuski.ba\\\/index.php\\\/2021\\\/10\\\/13\\\/dusseldorf-munchen-i-frankfurt-kandidati-za-domacinstvo-nfl-utakmica\\\/#primaryimage\"},\"image\":{\"@id\":\"https:\\\/\\\/radioljubuski.ba\\\/index.php\\\/2021\\\/10\\\/13\\\/dusseldorf-munchen-i-frankfurt-kandidati-za-domacinstvo-nfl-utakmica\\\/#primaryimage\"},\"thumbnailUrl\":\"https:\\\/\\\/radioljubuski.ba\\\/wp-content\\\/uploads\\\/2021\\\/10\\\/2021-10-12t040044z-1180042101-mt1usatoday16937912-rtrmadp-3-nfl-indianapolis-colts-at-baltimore-ravens-20211012131930.jpg\",\"datePublished\":\"2021-10-13T12:52:17+00:00\",\"dateModified\":\"2021-10-13T12:52:18+00:00\",\"breadcrumb\":{\"@id\":\"https:\\\/\\\/radioljubuski.ba\\\/index.php\\\/2021\\\/10\\\/13\\\/dusseldorf-munchen-i-frankfurt-kandidati-za-domacinstvo-nfl-utakmica\\\/#breadcrumb\"},\"inLanguage\":\"hr\",\"potentialAction\":[{\"@type\":\"ReadAction\",\"target\":[\"https:\\\/\\\/radioljubuski.ba\\\/index.php\\\/2021\\\/10\\\/13\\\/dusseldorf-munchen-i-frankfurt-kandidati-za-domacinstvo-nfl-utakmica\\\/\"]}]},{\"@type\":\"ImageObject\",\"inLanguage\":\"hr\",\"@id\":\"https:\\\/\\\/radioljubuski.ba\\\/index.php\\\/2021\\\/10\\\/13\\\/dusseldorf-munchen-i-frankfurt-kandidati-za-domacinstvo-nfl-utakmica\\\/#primaryimage\",\"url\":\"https:\\\/\\\/radioljubuski.ba\\\/wp-content\\\/uploads\\\/2021\\\/10\\\/2021-10-12t040044z-1180042101-mt1usatoday16937912-rtrmadp-3-nfl-indianapolis-colts-at-baltimore-ravens-20211012131930.jpg\",\"contentUrl\":\"https:\\\/\\\/radioljubuski.ba\\\/wp-content\\\/uploads\\\/2021\\\/10\\\/2021-10-12t040044z-1180042101-mt1usatoday16937912-rtrmadp-3-nfl-indianapolis-colts-at-baltimore-ravens-20211012131930.jpg\",\"width\":2500,\"height\":1668},{\"@type\":\"BreadcrumbList\",\"@id\":\"https:\\\/\\\/radioljubuski.ba\\\/index.php\\\/2021\\\/10\\\/13\\\/dusseldorf-munchen-i-frankfurt-kandidati-za-domacinstvo-nfl-utakmica\\\/#breadcrumb\",\"itemListElement\":[{\"@type\":\"ListItem\",\"position\":1,\"name\":\"Po\u010detna stranica\",\"item\":\"https:\\\/\\\/radioljubuski.ba\\\/\"},{\"@type\":\"ListItem\",\"position\":2,\"name\":\"D\u00fcsseldorf, M\u00fcnchen i Frankfurt kandidati za doma\u0107instvo NFL utakmica\"}]},{\"@type\":\"WebSite\",\"@id\":\"https:\\\/\\\/radioljubuski.ba\\\/#website\",\"url\":\"https:\\\/\\\/radioljubuski.ba\\\/\",\"name\":\"Radio Ljubu\u0161ki\",\"description\":\"Sun\u010dana frekvencija Hercegovine\",\"publisher\":{\"@id\":\"https:\\\/\\\/radioljubuski.ba\\\/#organization\"},\"potentialAction\":[{\"@type\":\"SearchAction\",\"target\":{\"@type\":\"EntryPoint\",\"urlTemplate\":\"https:\\\/\\\/radioljubuski.ba\\\/?s={search_term_string}\"},\"query-input\":{\"@type\":\"PropertyValueSpecification\",\"valueRequired\":true,\"valueName\":\"search_term_string\"}}],\"inLanguage\":\"hr\"},{\"@type\":\"Organization\",\"@id\":\"https:\\\/\\\/radioljubuski.ba\\\/#organization\",\"name\":\"Radio Ljubu\u0161ki\",\"url\":\"https:\\\/\\\/radioljubuski.ba\\\/\",\"logo\":{\"@type\":\"ImageObject\",\"inLanguage\":\"hr\",\"@id\":\"https:\\\/\\\/radioljubuski.ba\\\/#\\\/schema\\\/logo\\\/image\\\/\",\"url\":\"https:\\\/\\\/radioljubuski.ba\\\/wp-content\\\/uploads\\\/2021\\\/02\\\/cropped-Radio_Ljubuski_logo1.jpg\",\"contentUrl\":\"https:\\\/\\\/radioljubuski.ba\\\/wp-content\\\/uploads\\\/2021\\\/02\\\/cropped-Radio_Ljubuski_logo1.jpg\",\"width\":512,\"height\":512,\"caption\":\"Radio Ljubu\u0161ki\"},\"image\":{\"@id\":\"https:\\\/\\\/radioljubuski.ba\\\/#\\\/schema\\\/logo\\\/image\\\/\"},\"sameAs\":[\"https:\\\/\\\/www.facebook.com\\\/Radiio-Ljubuski-1490835324566332\",\"https:\\\/\\\/x.com\\\/radioljubuski\",\"https:\\\/\\\/hr.linkedin.com\\\/company\\\/radio-ljubuski\",\"https:\\\/\\\/www.youtube.com\\\/channel\\\/UCHYaeO_n0Db3tjNGudGpXyw\"]},{\"@type\":\"Person\",\"@id\":\"https:\\\/\\\/radioljubuski.ba\\\/#\\\/schema\\\/person\\\/19fc700381a780f69665d7956c469e3b\",\"name\":\"Radio Ljubu\u0161ki\"}]}<\/script>\n<!-- \/ Yoast SEO plugin. -->","yoast_head_json":{"title":"D\u00fcsseldorf, M\u00fcnchen i Frankfurt kandidati za doma\u0107instvo NFL utakmica - RADIO LJUBU\u0160KI","robots":{"index":"index","follow":"follow","max-snippet":"max-snippet:-1","max-image-preview":"max-image-preview:large","max-video-preview":"max-video-preview:-1"},"canonical":"https:\/\/radioljubuski.ba\/index.php\/2021\/10\/13\/dusseldorf-munchen-i-frankfurt-kandidati-za-domacinstvo-nfl-utakmica\/","og_locale":"hr_HR","og_type":"article","og_title":"D\u00fcsseldorf, M\u00fcnchen i Frankfurt kandidati za doma\u0107instvo NFL utakmica - RADIO LJUBU\u0160KI","og_description":"Nacionalna liga ameri\u010dkog nogometa (NFL) priop\u0107ila je u utorak da su tri njema\u010dka grada, Duesseldorf, Muenchen i Frankfurt, mogu\u0107i kandidati za doma\u0107ine utakmica osnovnog dijela NFL sezone u budu\u0107nosti, ne navode\u0107i od koje godine bi mogli krenuti s provedbom tog plana. &#8211; Utakmice osnovnog dijela sezone su klju\u010dan dio za pove\u0107anje na\u0161e navija\u010dke baze u [&hellip;]","og_url":"https:\/\/radioljubuski.ba\/index.php\/2021\/10\/13\/dusseldorf-munchen-i-frankfurt-kandidati-za-domacinstvo-nfl-utakmica\/","og_site_name":"RADIO LJUBU\u0160KI","article_publisher":"https:\/\/www.facebook.com\/Radiio-Ljubuski-1490835324566332","article_published_time":"2021-10-13T12:52:17+00:00","article_modified_time":"2021-10-13T12:52:18+00:00","og_image":[{"width":2500,"height":1668,"url":"https:\/\/radioljubuski.ba\/wp-content\/uploads\/2021\/10\/2021-10-12t040044z-1180042101-mt1usatoday16937912-rtrmadp-3-nfl-indianapolis-colts-at-baltimore-ravens-20211012131930.jpg","type":"image\/jpeg"}],"author":"Radio Ljubu\u0161ki","twitter_card":"summary_large_image","twitter_creator":"@radioljubuski","twitter_site":"@radioljubuski","twitter_misc":{"Napisao\/la":"Radio Ljubu\u0161ki","Procijenjeno vrijeme \u010ditanja":"2 minute"},"schema":{"@context":"https:\/\/schema.org","@graph":[{"@type":"Article","@id":"https:\/\/radioljubuski.ba\/index.php\/2021\/10\/13\/dusseldorf-munchen-i-frankfurt-kandidati-za-domacinstvo-nfl-utakmica\/#article","isPartOf":{"@id":"https:\/\/radioljubuski.ba\/index.php\/2021\/10\/13\/dusseldorf-munchen-i-frankfurt-kandidati-za-domacinstvo-nfl-utakmica\/"},"author":{"name":"Radio Ljubu\u0161ki","@id":"https:\/\/radioljubuski.ba\/#\/schema\/person\/19fc700381a780f69665d7956c469e3b"},"headline":"D\u00fcsseldorf, M\u00fcnchen i Frankfurt kandidati za doma\u0107instvo NFL utakmica","datePublished":"2021-10-13T12:52:17+00:00","dateModified":"2021-10-13T12:52:18+00:00","mainEntityOfPage":{"@id":"https:\/\/radioljubuski.ba\/index.php\/2021\/10\/13\/dusseldorf-munchen-i-frankfurt-kandidati-za-domacinstvo-nfl-utakmica\/"},"wordCount":312,"publisher":{"@id":"https:\/\/radioljubuski.ba\/#organization"},"image":{"@id":"https:\/\/radioljubuski.ba\/index.php\/2021\/10\/13\/dusseldorf-munchen-i-frankfurt-kandidati-za-domacinstvo-nfl-utakmica\/#primaryimage"},"thumbnailUrl":"https:\/\/radioljubuski.ba\/wp-content\/uploads\/2021\/10\/2021-10-12t040044z-1180042101-mt1usatoday16937912-rtrmadp-3-nfl-indianapolis-colts-at-baltimore-ravens-20211012131930.jpg","articleSection":["\u0160port"],"inLanguage":"hr"},{"@type":"WebPage","@id":"https:\/\/radioljubuski.ba\/index.php\/2021\/10\/13\/dusseldorf-munchen-i-frankfurt-kandidati-za-domacinstvo-nfl-utakmica\/","url":"https:\/\/radioljubuski.ba\/index.php\/2021\/10\/13\/dusseldorf-munchen-i-frankfurt-kandidati-za-domacinstvo-nfl-utakmica\/","name":"D\u00fcsseldorf, M\u00fcnchen i Frankfurt kandidati za doma\u0107instvo NFL utakmica - RADIO LJUBU\u0160KI","isPartOf":{"@id":"https:\/\/radioljubuski.ba\/#website"},"primaryImageOfPage":{"@id":"https:\/\/radioljubuski.ba\/index.php\/2021\/10\/13\/dusseldorf-munchen-i-frankfurt-kandidati-za-domacinstvo-nfl-utakmica\/#primaryimage"},"image":{"@id":"https:\/\/radioljubuski.ba\/index.php\/2021\/10\/13\/dusseldorf-munchen-i-frankfurt-kandidati-za-domacinstvo-nfl-utakmica\/#primaryimage"},"thumbnailUrl":"https:\/\/radioljubuski.ba\/wp-content\/uploads\/2021\/10\/2021-10-12t040044z-1180042101-mt1usatoday16937912-rtrmadp-3-nfl-indianapolis-colts-at-baltimore-ravens-20211012131930.jpg","datePublished":"2021-10-13T12:52:17+00:00","dateModified":"2021-10-13T12:52:18+00:00","breadcrumb":{"@id":"https:\/\/radioljubuski.ba\/index.php\/2021\/10\/13\/dusseldorf-munchen-i-frankfurt-kandidati-za-domacinstvo-nfl-utakmica\/#breadcrumb"},"inLanguage":"hr","potentialAction":[{"@type":"ReadAction","target":["https:\/\/radioljubuski.ba\/index.php\/2021\/10\/13\/dusseldorf-munchen-i-frankfurt-kandidati-za-domacinstvo-nfl-utakmica\/"]}]},{"@type":"ImageObject","inLanguage":"hr","@id":"https:\/\/radioljubuski.ba\/index.php\/2021\/10\/13\/dusseldorf-munchen-i-frankfurt-kandidati-za-domacinstvo-nfl-utakmica\/#primaryimage","url":"https:\/\/radioljubuski.ba\/wp-content\/uploads\/2021\/10\/2021-10-12t040044z-1180042101-mt1usatoday16937912-rtrmadp-3-nfl-indianapolis-colts-at-baltimore-ravens-20211012131930.jpg","contentUrl":"https:\/\/radioljubuski.ba\/wp-content\/uploads\/2021\/10\/2021-10-12t040044z-1180042101-mt1usatoday16937912-rtrmadp-3-nfl-indianapolis-colts-at-baltimore-ravens-20211012131930.jpg","width":2500,"height":1668},{"@type":"BreadcrumbList","@id":"https:\/\/radioljubuski.ba\/index.php\/2021\/10\/13\/dusseldorf-munchen-i-frankfurt-kandidati-za-domacinstvo-nfl-utakmica\/#breadcrumb","itemListElement":[{"@type":"ListItem","position":1,"name":"Po\u010detna stranica","item":"https:\/\/radioljubuski.ba\/"},{"@type":"ListItem","position":2,"name":"D\u00fcsseldorf, M\u00fcnchen i Frankfurt kandidati za doma\u0107instvo NFL utakmica"}]},{"@type":"WebSite","@id":"https:\/\/radioljubuski.ba\/#website","url":"https:\/\/radioljubuski.ba\/","name":"Radio Ljubu\u0161ki","description":"Sun\u010dana frekvencija Hercegovine","publisher":{"@id":"https:\/\/radioljubuski.ba\/#organization"},"potentialAction":[{"@type":"SearchAction","target":{"@type":"EntryPoint","urlTemplate":"https:\/\/radioljubuski.ba\/?s={search_term_string}"},"query-input":{"@type":"PropertyValueSpecification","valueRequired":true,"valueName":"search_term_string"}}],"inLanguage":"hr"},{"@type":"Organization","@id":"https:\/\/radioljubuski.ba\/#organization","name":"Radio Ljubu\u0161ki","url":"https:\/\/radioljubuski.ba\/","logo":{"@type":"ImageObject","inLanguage":"hr","@id":"https:\/\/radioljubuski.ba\/#\/schema\/logo\/image\/","url":"https:\/\/radioljubuski.ba\/wp-content\/uploads\/2021\/02\/cropped-Radio_Ljubuski_logo1.jpg","contentUrl":"https:\/\/radioljubuski.ba\/wp-content\/uploads\/2021\/02\/cropped-Radio_Ljubuski_logo1.jpg","width":512,"height":512,"caption":"Radio Ljubu\u0161ki"},"image":{"@id":"https:\/\/radioljubuski.ba\/#\/schema\/logo\/image\/"},"sameAs":["https:\/\/www.facebook.com\/Radiio-Ljubuski-1490835324566332","https:\/\/x.com\/radioljubuski","https:\/\/hr.linkedin.com\/company\/radio-ljubuski","https:\/\/www.youtube.com\/channel\/UCHYaeO_n0Db3tjNGudGpXyw"]},{"@type":"Person","@id":"https:\/\/radioljubuski.ba\/#\/schema\/person\/19fc700381a780f69665d7956c469e3b","name":"Radio Ljubu\u0161ki"}]}},"_links":{"self":[{"href":"https:\/\/radioljubuski.ba\/index.php\/wp-json\/wp\/v2\/posts\/75023","targetHints":{"allow":["GET"]}}],"collection":[{"href":"https:\/\/radioljubuski.ba\/index.php\/wp-json\/wp\/v2\/posts"}],"about":[{"href":"https:\/\/radioljubuski.ba\/index.php\/wp-json\/wp\/v2\/types\/post"}],"author":[{"embeddable":true,"href":"https:\/\/radioljubuski.ba\/index.php\/wp-json\/wp\/v2\/users\/2"}],"replies":[{"embeddable":true,"href":"https:\/\/radioljubuski.ba\/index.php\/wp-json\/wp\/v2\/comments?post=75023"}],"version-history":[{"count":1,"href":"https:\/\/radioljubuski.ba\/index.php\/wp-json\/wp\/v2\/posts\/75023\/revisions"}],"predecessor-version":[{"id":75025,"href":"https:\/\/radioljubuski.ba\/index.php\/wp-json\/wp\/v2\/posts\/75023\/revisions\/75025"}],"wp:featuredmedia":[{"embeddable":true,"href":"https:\/\/radioljubuski.ba\/index.php\/wp-json\/wp\/v2\/media\/75024"}],"wp:attachment":[{"href":"https:\/\/radioljubuski.ba\/index.php\/wp-json\/wp\/v2\/media?parent=75023"}],"wp:term":[{"taxonomy":"category","embeddable":true,"href":"https:\/\/radioljubuski.ba\/index.php\/wp-json\/wp\/v2\/categories?post=75023"},{"taxonomy":"post_tag","embeddable":true,"href":"https:\/\/radioljubuski.ba\/index.php\/wp-json\/wp\/v2\/tags?post=75023"}],"curies":[{"name":"wp","href":"https:\/\/api.w.org\/{rel}","templated":true}]}}