{"id":75048,"date":"2021-10-13T14:10:57","date_gmt":"2021-10-13T13:10:57","guid":{"rendered":"https:\/\/radioljubuski.ba\/?p=75048"},"modified":"2021-10-13T14:10:59","modified_gmt":"2021-10-13T13:10:59","slug":"neredi-na-kosovu-policija-upala-u-ljekarnu-pa-nastao-sukob-s-gradanima-video","status":"publish","type":"post","link":"https:\/\/radioljubuski.ba\/index.php\/2021\/10\/13\/neredi-na-kosovu-policija-upala-u-ljekarnu-pa-nastao-sukob-s-gradanima-video\/","title":{"rendered":"Neredi na Kosovu: Policija upala u ljekarnu pa nastao sukob s gra\u0111anima &#8211; video"},"content":{"rendered":"\n<p>U Sjevernoj Mitrovici je trenutno u toku akcija Kosovske specijalne policije koja je uz upotrebu \u0161ok bombe i suzavca upala u ljekarnu nakon \u010dega su nastali neredi na ulicama.<\/p>\n\n\n\n<p>Kako pi\u0161e Kosovo online, policija je sa \u010detiri oklopna vozila do\u0161la iz Ju\u017ene Mitrovice i upala u jednu od gradskih ljekarni te u nekoliko drugih trgovina, a s ciljem provjere carinskih papira o nabavci lijekova. Me\u0111utim, prije nego \u0161to su u\u0161li u objekat bacili su \u0161ok bombe.<\/p>\n\n\n\n<p>Kako su naveli, rije\u010d je o spre\u010davanju krijum\u010darenja robe, a policija je i zaplijenila lijekove u ljekarnoj.<\/p>\n\n\n\n<p>Gra\u0111ani, \u0161okirani ovakvim upadom policije na sjever, okupili su se u ulici Kneza Milo\u0161a, te je blokirali, kao i raskrsnicu u blizini Tehni\u010dke \u0161kole. Okupljeni gra\u0111ani bacaju kamenice, a policija prema rije\u010dima o\u010devidaca uzvra\u0107a \u0161ok bombama.<\/p>\n\n\n\n<blockquote class=\"twitter-tweet\"><p lang=\"und\" dir=\"ltr\">Trenutna de\u0161avanja u Kosovskoj Mitrovici. Kako saznajemo, u toku je akcija hap\u0161enja koje izvode policijske jedinice iz Pri\u0161tine. Policija je na vi\u0161e mesta u gradu, okupljeni su gra\u0111ani, zavija sirena neprekidno od ne\u0161to pre 9 \u010dasova, \u010duju se detonacije od tzv. \u0161ok bombi. <a href=\"https:\/\/t.co\/YytvtXHwiX\">pic.twitter.com\/YytvtXHwiX<\/a><\/p>&mdash; Kosovo Sever portal\/KoSSev (@KoSSevnews) <a href=\"https:\/\/twitter.com\/KoSSevnews\/status\/1448197128954781696?ref_src=twsrc%5Etfw\">October 13, 2021<\/a><\/blockquote> <script async src=\"https:\/\/platform.twitter.com\/widgets.js\" charset=\"utf-8\"><\/script> \n\n\n\n<p>Tijekom obra\u010duna je pri\u010dinjena materijalna \u0161teta na automobilima koji se nalaze u blizini, najmanje jedno vozilo je zapaljeno.<\/p>\n\n\n\n<p>Mediji prenose da se \u010duju glasne sirene, a navodno mobilna mre\u017ea i internet u Sjevernoj Mitrovici trenutno ne rade.<\/p>\n\n\n\n<p>Situacija je kriti\u010dna navodno i u Zve\u010danu.<\/p>\n\n\n\n<p>Izvor:klix.ba<\/p>\n","protected":false},"excerpt":{"rendered":"<p>U Sjevernoj Mitrovici je trenutno u toku akcija Kosovske specijalne policije koja je uz upotrebu \u0161ok bombe i suzavca upala u ljekarnu nakon \u010dega su nastali neredi na ulicama. Kako pi\u0161e Kosovo online, policija je sa \u010detiri oklopna vozila do\u0161la iz Ju\u017ene Mitrovice i upala u jednu od gradskih ljekarni te u nekoliko drugih trgovina, [&hellip;]<\/p>\n","protected":false},"author":2,"featured_media":75049,"comment_status":"closed","ping_status":"closed","sticky":false,"template":"","format":"standard","meta":{"h5ap_radio_sources":[],"footnotes":""},"categories":[1],"tags":[],"class_list":["post-75048","post","type-post","status-publish","format-standard","has-post-thumbnail","hentry","category-bihiregija"],"yoast_head":"<!-- This site is optimized with the Yoast SEO plugin v27.4 - https:\/\/yoast.com\/product\/yoast-seo-wordpress\/ -->\n<title>Neredi na Kosovu: Policija upala u ljekarnu pa nastao sukob s gra\u0111anima - video - RADIO LJUBU\u0160KI<\/title>\n<meta name=\"robots\" content=\"index, follow, max-snippet:-1, max-image-preview:large, max-video-preview:-1\" \/>\n<link rel=\"canonical\" href=\"https:\/\/radioljubuski.ba\/index.php\/2021\/10\/13\/neredi-na-kosovu-policija-upala-u-ljekarnu-pa-nastao-sukob-s-gradanima-video\/\" \/>\n<meta property=\"og:locale\" content=\"hr_HR\" \/>\n<meta property=\"og:type\" content=\"article\" \/>\n<meta property=\"og:title\" content=\"Neredi na Kosovu: Policija upala u ljekarnu pa nastao sukob s gra\u0111anima - video - RADIO LJUBU\u0160KI\" \/>\n<meta property=\"og:description\" content=\"U Sjevernoj Mitrovici je trenutno u toku akcija Kosovske specijalne policije koja je uz upotrebu \u0161ok bombe i suzavca upala u ljekarnu nakon \u010dega su nastali neredi na ulicama. Kako pi\u0161e Kosovo online, policija je sa \u010detiri oklopna vozila do\u0161la iz Ju\u017ene Mitrovice i upala u jednu od gradskih ljekarni te u nekoliko drugih trgovina, [&hellip;]\" \/>\n<meta property=\"og:url\" content=\"https:\/\/radioljubuski.ba\/index.php\/2021\/10\/13\/neredi-na-kosovu-policija-upala-u-ljekarnu-pa-nastao-sukob-s-gradanima-video\/\" \/>\n<meta property=\"og:site_name\" content=\"RADIO LJUBU\u0160KI\" \/>\n<meta property=\"article:publisher\" content=\"https:\/\/www.facebook.com\/Radiio-Ljubuski-1490835324566332\" \/>\n<meta property=\"article:published_time\" content=\"2021-10-13T13:10:57+00:00\" \/>\n<meta property=\"article:modified_time\" content=\"2021-10-13T13:10:59+00:00\" \/>\n<meta property=\"og:image\" content=\"https:\/\/radioljubuski.ba\/wp-content\/uploads\/2021\/10\/3-2021-10-13-10-49-48-ksovo.png\" \/>\n\t<meta property=\"og:image:width\" content=\"1000\" \/>\n\t<meta property=\"og:image:height\" content=\"625\" \/>\n\t<meta property=\"og:image:type\" content=\"image\/png\" \/>\n<meta name=\"author\" content=\"Radio Ljubu\u0161ki\" \/>\n<meta name=\"twitter:card\" content=\"summary_large_image\" \/>\n<meta name=\"twitter:creator\" content=\"@radioljubuski\" \/>\n<meta name=\"twitter:site\" content=\"@radioljubuski\" \/>\n<meta name=\"twitter:label1\" content=\"Napisao\/la\" \/>\n\t<meta name=\"twitter:data1\" content=\"Radio Ljubu\u0161ki\" \/>\n\t<meta name=\"twitter:label2\" content=\"Procijenjeno vrijeme \u010ditanja\" \/>\n\t<meta name=\"twitter:data2\" content=\"1 minuta\" \/>\n<script type=\"application\/ld+json\" class=\"yoast-schema-graph\">{\"@context\":\"https:\\\/\\\/schema.org\",\"@graph\":[{\"@type\":\"Article\",\"@id\":\"https:\\\/\\\/radioljubuski.ba\\\/index.php\\\/2021\\\/10\\\/13\\\/neredi-na-kosovu-policija-upala-u-ljekarnu-pa-nastao-sukob-s-gradanima-video\\\/#article\",\"isPartOf\":{\"@id\":\"https:\\\/\\\/radioljubuski.ba\\\/index.php\\\/2021\\\/10\\\/13\\\/neredi-na-kosovu-policija-upala-u-ljekarnu-pa-nastao-sukob-s-gradanima-video\\\/\"},\"author\":{\"name\":\"Radio Ljubu\u0161ki\",\"@id\":\"https:\\\/\\\/radioljubuski.ba\\\/#\\\/schema\\\/person\\\/19fc700381a780f69665d7956c469e3b\"},\"headline\":\"Neredi na Kosovu: Policija upala u ljekarnu pa nastao sukob s gra\u0111anima &#8211; video\",\"datePublished\":\"2021-10-13T13:10:57+00:00\",\"dateModified\":\"2021-10-13T13:10:59+00:00\",\"mainEntityOfPage\":{\"@id\":\"https:\\\/\\\/radioljubuski.ba\\\/index.php\\\/2021\\\/10\\\/13\\\/neredi-na-kosovu-policija-upala-u-ljekarnu-pa-nastao-sukob-s-gradanima-video\\\/\"},\"wordCount\":269,\"publisher\":{\"@id\":\"https:\\\/\\\/radioljubuski.ba\\\/#organization\"},\"image\":{\"@id\":\"https:\\\/\\\/radioljubuski.ba\\\/index.php\\\/2021\\\/10\\\/13\\\/neredi-na-kosovu-policija-upala-u-ljekarnu-pa-nastao-sukob-s-gradanima-video\\\/#primaryimage\"},\"thumbnailUrl\":\"https:\\\/\\\/radioljubuski.ba\\\/wp-content\\\/uploads\\\/2021\\\/10\\\/3-2021-10-13-10-49-48-ksovo.png\",\"articleSection\":[\"BIH i regija\"],\"inLanguage\":\"hr\"},{\"@type\":\"WebPage\",\"@id\":\"https:\\\/\\\/radioljubuski.ba\\\/index.php\\\/2021\\\/10\\\/13\\\/neredi-na-kosovu-policija-upala-u-ljekarnu-pa-nastao-sukob-s-gradanima-video\\\/\",\"url\":\"https:\\\/\\\/radioljubuski.ba\\\/index.php\\\/2021\\\/10\\\/13\\\/neredi-na-kosovu-policija-upala-u-ljekarnu-pa-nastao-sukob-s-gradanima-video\\\/\",\"name\":\"Neredi na Kosovu: Policija upala u ljekarnu pa nastao sukob s gra\u0111anima - video - RADIO LJUBU\u0160KI\",\"isPartOf\":{\"@id\":\"https:\\\/\\\/radioljubuski.ba\\\/#website\"},\"primaryImageOfPage\":{\"@id\":\"https:\\\/\\\/radioljubuski.ba\\\/index.php\\\/2021\\\/10\\\/13\\\/neredi-na-kosovu-policija-upala-u-ljekarnu-pa-nastao-sukob-s-gradanima-video\\\/#primaryimage\"},\"image\":{\"@id\":\"https:\\\/\\\/radioljubuski.ba\\\/index.php\\\/2021\\\/10\\\/13\\\/neredi-na-kosovu-policija-upala-u-ljekarnu-pa-nastao-sukob-s-gradanima-video\\\/#primaryimage\"},\"thumbnailUrl\":\"https:\\\/\\\/radioljubuski.ba\\\/wp-content\\\/uploads\\\/2021\\\/10\\\/3-2021-10-13-10-49-48-ksovo.png\",\"datePublished\":\"2021-10-13T13:10:57+00:00\",\"dateModified\":\"2021-10-13T13:10:59+00:00\",\"breadcrumb\":{\"@id\":\"https:\\\/\\\/radioljubuski.ba\\\/index.php\\\/2021\\\/10\\\/13\\\/neredi-na-kosovu-policija-upala-u-ljekarnu-pa-nastao-sukob-s-gradanima-video\\\/#breadcrumb\"},\"inLanguage\":\"hr\",\"potentialAction\":[{\"@type\":\"ReadAction\",\"target\":[\"https:\\\/\\\/radioljubuski.ba\\\/index.php\\\/2021\\\/10\\\/13\\\/neredi-na-kosovu-policija-upala-u-ljekarnu-pa-nastao-sukob-s-gradanima-video\\\/\"]}]},{\"@type\":\"ImageObject\",\"inLanguage\":\"hr\",\"@id\":\"https:\\\/\\\/radioljubuski.ba\\\/index.php\\\/2021\\\/10\\\/13\\\/neredi-na-kosovu-policija-upala-u-ljekarnu-pa-nastao-sukob-s-gradanima-video\\\/#primaryimage\",\"url\":\"https:\\\/\\\/radioljubuski.ba\\\/wp-content\\\/uploads\\\/2021\\\/10\\\/3-2021-10-13-10-49-48-ksovo.png\",\"contentUrl\":\"https:\\\/\\\/radioljubuski.ba\\\/wp-content\\\/uploads\\\/2021\\\/10\\\/3-2021-10-13-10-49-48-ksovo.png\",\"width\":1000,\"height\":625},{\"@type\":\"BreadcrumbList\",\"@id\":\"https:\\\/\\\/radioljubuski.ba\\\/index.php\\\/2021\\\/10\\\/13\\\/neredi-na-kosovu-policija-upala-u-ljekarnu-pa-nastao-sukob-s-gradanima-video\\\/#breadcrumb\",\"itemListElement\":[{\"@type\":\"ListItem\",\"position\":1,\"name\":\"Po\u010detna stranica\",\"item\":\"https:\\\/\\\/radioljubuski.ba\\\/\"},{\"@type\":\"ListItem\",\"position\":2,\"name\":\"Neredi na Kosovu: Policija upala u ljekarnu pa nastao sukob s gra\u0111anima &#8211; video\"}]},{\"@type\":\"WebSite\",\"@id\":\"https:\\\/\\\/radioljubuski.ba\\\/#website\",\"url\":\"https:\\\/\\\/radioljubuski.ba\\\/\",\"name\":\"Radio Ljubu\u0161ki\",\"description\":\"Sun\u010dana frekvencija Hercegovine\",\"publisher\":{\"@id\":\"https:\\\/\\\/radioljubuski.ba\\\/#organization\"},\"potentialAction\":[{\"@type\":\"SearchAction\",\"target\":{\"@type\":\"EntryPoint\",\"urlTemplate\":\"https:\\\/\\\/radioljubuski.ba\\\/?s={search_term_string}\"},\"query-input\":{\"@type\":\"PropertyValueSpecification\",\"valueRequired\":true,\"valueName\":\"search_term_string\"}}],\"inLanguage\":\"hr\"},{\"@type\":\"Organization\",\"@id\":\"https:\\\/\\\/radioljubuski.ba\\\/#organization\",\"name\":\"Radio Ljubu\u0161ki\",\"url\":\"https:\\\/\\\/radioljubuski.ba\\\/\",\"logo\":{\"@type\":\"ImageObject\",\"inLanguage\":\"hr\",\"@id\":\"https:\\\/\\\/radioljubuski.ba\\\/#\\\/schema\\\/logo\\\/image\\\/\",\"url\":\"https:\\\/\\\/radioljubuski.ba\\\/wp-content\\\/uploads\\\/2021\\\/02\\\/cropped-Radio_Ljubuski_logo1.jpg\",\"contentUrl\":\"https:\\\/\\\/radioljubuski.ba\\\/wp-content\\\/uploads\\\/2021\\\/02\\\/cropped-Radio_Ljubuski_logo1.jpg\",\"width\":512,\"height\":512,\"caption\":\"Radio Ljubu\u0161ki\"},\"image\":{\"@id\":\"https:\\\/\\\/radioljubuski.ba\\\/#\\\/schema\\\/logo\\\/image\\\/\"},\"sameAs\":[\"https:\\\/\\\/www.facebook.com\\\/Radiio-Ljubuski-1490835324566332\",\"https:\\\/\\\/x.com\\\/radioljubuski\",\"https:\\\/\\\/hr.linkedin.com\\\/company\\\/radio-ljubuski\",\"https:\\\/\\\/www.youtube.com\\\/channel\\\/UCHYaeO_n0Db3tjNGudGpXyw\"]},{\"@type\":\"Person\",\"@id\":\"https:\\\/\\\/radioljubuski.ba\\\/#\\\/schema\\\/person\\\/19fc700381a780f69665d7956c469e3b\",\"name\":\"Radio Ljubu\u0161ki\"}]}<\/script>\n<!-- \/ Yoast SEO plugin. -->","yoast_head_json":{"title":"Neredi na Kosovu: Policija upala u ljekarnu pa nastao sukob s gra\u0111anima - video - RADIO LJUBU\u0160KI","robots":{"index":"index","follow":"follow","max-snippet":"max-snippet:-1","max-image-preview":"max-image-preview:large","max-video-preview":"max-video-preview:-1"},"canonical":"https:\/\/radioljubuski.ba\/index.php\/2021\/10\/13\/neredi-na-kosovu-policija-upala-u-ljekarnu-pa-nastao-sukob-s-gradanima-video\/","og_locale":"hr_HR","og_type":"article","og_title":"Neredi na Kosovu: Policija upala u ljekarnu pa nastao sukob s gra\u0111anima - video - RADIO LJUBU\u0160KI","og_description":"U Sjevernoj Mitrovici je trenutno u toku akcija Kosovske specijalne policije koja je uz upotrebu \u0161ok bombe i suzavca upala u ljekarnu nakon \u010dega su nastali neredi na ulicama. Kako pi\u0161e Kosovo online, policija je sa \u010detiri oklopna vozila do\u0161la iz Ju\u017ene Mitrovice i upala u jednu od gradskih ljekarni te u nekoliko drugih trgovina, [&hellip;]","og_url":"https:\/\/radioljubuski.ba\/index.php\/2021\/10\/13\/neredi-na-kosovu-policija-upala-u-ljekarnu-pa-nastao-sukob-s-gradanima-video\/","og_site_name":"RADIO LJUBU\u0160KI","article_publisher":"https:\/\/www.facebook.com\/Radiio-Ljubuski-1490835324566332","article_published_time":"2021-10-13T13:10:57+00:00","article_modified_time":"2021-10-13T13:10:59+00:00","og_image":[{"width":1000,"height":625,"url":"https:\/\/radioljubuski.ba\/wp-content\/uploads\/2021\/10\/3-2021-10-13-10-49-48-ksovo.png","type":"image\/png"}],"author":"Radio Ljubu\u0161ki","twitter_card":"summary_large_image","twitter_creator":"@radioljubuski","twitter_site":"@radioljubuski","twitter_misc":{"Napisao\/la":"Radio Ljubu\u0161ki","Procijenjeno vrijeme \u010ditanja":"1 minuta"},"schema":{"@context":"https:\/\/schema.org","@graph":[{"@type":"Article","@id":"https:\/\/radioljubuski.ba\/index.php\/2021\/10\/13\/neredi-na-kosovu-policija-upala-u-ljekarnu-pa-nastao-sukob-s-gradanima-video\/#article","isPartOf":{"@id":"https:\/\/radioljubuski.ba\/index.php\/2021\/10\/13\/neredi-na-kosovu-policija-upala-u-ljekarnu-pa-nastao-sukob-s-gradanima-video\/"},"author":{"name":"Radio Ljubu\u0161ki","@id":"https:\/\/radioljubuski.ba\/#\/schema\/person\/19fc700381a780f69665d7956c469e3b"},"headline":"Neredi na Kosovu: Policija upala u ljekarnu pa nastao sukob s gra\u0111anima &#8211; video","datePublished":"2021-10-13T13:10:57+00:00","dateModified":"2021-10-13T13:10:59+00:00","mainEntityOfPage":{"@id":"https:\/\/radioljubuski.ba\/index.php\/2021\/10\/13\/neredi-na-kosovu-policija-upala-u-ljekarnu-pa-nastao-sukob-s-gradanima-video\/"},"wordCount":269,"publisher":{"@id":"https:\/\/radioljubuski.ba\/#organization"},"image":{"@id":"https:\/\/radioljubuski.ba\/index.php\/2021\/10\/13\/neredi-na-kosovu-policija-upala-u-ljekarnu-pa-nastao-sukob-s-gradanima-video\/#primaryimage"},"thumbnailUrl":"https:\/\/radioljubuski.ba\/wp-content\/uploads\/2021\/10\/3-2021-10-13-10-49-48-ksovo.png","articleSection":["BIH i regija"],"inLanguage":"hr"},{"@type":"WebPage","@id":"https:\/\/radioljubuski.ba\/index.php\/2021\/10\/13\/neredi-na-kosovu-policija-upala-u-ljekarnu-pa-nastao-sukob-s-gradanima-video\/","url":"https:\/\/radioljubuski.ba\/index.php\/2021\/10\/13\/neredi-na-kosovu-policija-upala-u-ljekarnu-pa-nastao-sukob-s-gradanima-video\/","name":"Neredi na Kosovu: Policija upala u ljekarnu pa nastao sukob s gra\u0111anima - video - RADIO LJUBU\u0160KI","isPartOf":{"@id":"https:\/\/radioljubuski.ba\/#website"},"primaryImageOfPage":{"@id":"https:\/\/radioljubuski.ba\/index.php\/2021\/10\/13\/neredi-na-kosovu-policija-upala-u-ljekarnu-pa-nastao-sukob-s-gradanima-video\/#primaryimage"},"image":{"@id":"https:\/\/radioljubuski.ba\/index.php\/2021\/10\/13\/neredi-na-kosovu-policija-upala-u-ljekarnu-pa-nastao-sukob-s-gradanima-video\/#primaryimage"},"thumbnailUrl":"https:\/\/radioljubuski.ba\/wp-content\/uploads\/2021\/10\/3-2021-10-13-10-49-48-ksovo.png","datePublished":"2021-10-13T13:10:57+00:00","dateModified":"2021-10-13T13:10:59+00:00","breadcrumb":{"@id":"https:\/\/radioljubuski.ba\/index.php\/2021\/10\/13\/neredi-na-kosovu-policija-upala-u-ljekarnu-pa-nastao-sukob-s-gradanima-video\/#breadcrumb"},"inLanguage":"hr","potentialAction":[{"@type":"ReadAction","target":["https:\/\/radioljubuski.ba\/index.php\/2021\/10\/13\/neredi-na-kosovu-policija-upala-u-ljekarnu-pa-nastao-sukob-s-gradanima-video\/"]}]},{"@type":"ImageObject","inLanguage":"hr","@id":"https:\/\/radioljubuski.ba\/index.php\/2021\/10\/13\/neredi-na-kosovu-policija-upala-u-ljekarnu-pa-nastao-sukob-s-gradanima-video\/#primaryimage","url":"https:\/\/radioljubuski.ba\/wp-content\/uploads\/2021\/10\/3-2021-10-13-10-49-48-ksovo.png","contentUrl":"https:\/\/radioljubuski.ba\/wp-content\/uploads\/2021\/10\/3-2021-10-13-10-49-48-ksovo.png","width":1000,"height":625},{"@type":"BreadcrumbList","@id":"https:\/\/radioljubuski.ba\/index.php\/2021\/10\/13\/neredi-na-kosovu-policija-upala-u-ljekarnu-pa-nastao-sukob-s-gradanima-video\/#breadcrumb","itemListElement":[{"@type":"ListItem","position":1,"name":"Po\u010detna stranica","item":"https:\/\/radioljubuski.ba\/"},{"@type":"ListItem","position":2,"name":"Neredi na Kosovu: Policija upala u ljekarnu pa nastao sukob s gra\u0111anima &#8211; video"}]},{"@type":"WebSite","@id":"https:\/\/radioljubuski.ba\/#website","url":"https:\/\/radioljubuski.ba\/","name":"Radio Ljubu\u0161ki","description":"Sun\u010dana frekvencija Hercegovine","publisher":{"@id":"https:\/\/radioljubuski.ba\/#organization"},"potentialAction":[{"@type":"SearchAction","target":{"@type":"EntryPoint","urlTemplate":"https:\/\/radioljubuski.ba\/?s={search_term_string}"},"query-input":{"@type":"PropertyValueSpecification","valueRequired":true,"valueName":"search_term_string"}}],"inLanguage":"hr"},{"@type":"Organization","@id":"https:\/\/radioljubuski.ba\/#organization","name":"Radio Ljubu\u0161ki","url":"https:\/\/radioljubuski.ba\/","logo":{"@type":"ImageObject","inLanguage":"hr","@id":"https:\/\/radioljubuski.ba\/#\/schema\/logo\/image\/","url":"https:\/\/radioljubuski.ba\/wp-content\/uploads\/2021\/02\/cropped-Radio_Ljubuski_logo1.jpg","contentUrl":"https:\/\/radioljubuski.ba\/wp-content\/uploads\/2021\/02\/cropped-Radio_Ljubuski_logo1.jpg","width":512,"height":512,"caption":"Radio Ljubu\u0161ki"},"image":{"@id":"https:\/\/radioljubuski.ba\/#\/schema\/logo\/image\/"},"sameAs":["https:\/\/www.facebook.com\/Radiio-Ljubuski-1490835324566332","https:\/\/x.com\/radioljubuski","https:\/\/hr.linkedin.com\/company\/radio-ljubuski","https:\/\/www.youtube.com\/channel\/UCHYaeO_n0Db3tjNGudGpXyw"]},{"@type":"Person","@id":"https:\/\/radioljubuski.ba\/#\/schema\/person\/19fc700381a780f69665d7956c469e3b","name":"Radio Ljubu\u0161ki"}]}},"_links":{"self":[{"href":"https:\/\/radioljubuski.ba\/index.php\/wp-json\/wp\/v2\/posts\/75048","targetHints":{"allow":["GET"]}}],"collection":[{"href":"https:\/\/radioljubuski.ba\/index.php\/wp-json\/wp\/v2\/posts"}],"about":[{"href":"https:\/\/radioljubuski.ba\/index.php\/wp-json\/wp\/v2\/types\/post"}],"author":[{"embeddable":true,"href":"https:\/\/radioljubuski.ba\/index.php\/wp-json\/wp\/v2\/users\/2"}],"replies":[{"embeddable":true,"href":"https:\/\/radioljubuski.ba\/index.php\/wp-json\/wp\/v2\/comments?post=75048"}],"version-history":[{"count":1,"href":"https:\/\/radioljubuski.ba\/index.php\/wp-json\/wp\/v2\/posts\/75048\/revisions"}],"predecessor-version":[{"id":75050,"href":"https:\/\/radioljubuski.ba\/index.php\/wp-json\/wp\/v2\/posts\/75048\/revisions\/75050"}],"wp:featuredmedia":[{"embeddable":true,"href":"https:\/\/radioljubuski.ba\/index.php\/wp-json\/wp\/v2\/media\/75049"}],"wp:attachment":[{"href":"https:\/\/radioljubuski.ba\/index.php\/wp-json\/wp\/v2\/media?parent=75048"}],"wp:term":[{"taxonomy":"category","embeddable":true,"href":"https:\/\/radioljubuski.ba\/index.php\/wp-json\/wp\/v2\/categories?post=75048"},{"taxonomy":"post_tag","embeddable":true,"href":"https:\/\/radioljubuski.ba\/index.php\/wp-json\/wp\/v2\/tags?post=75048"}],"curies":[{"name":"wp","href":"https:\/\/api.w.org\/{rel}","templated":true}]}}