{"id":75056,"date":"2021-10-13T14:14:59","date_gmt":"2021-10-13T13:14:59","guid":{"rendered":"https:\/\/radioljubuski.ba\/?p=75056"},"modified":"2021-10-13T14:15:00","modified_gmt":"2021-10-13T13:15:00","slug":"sindikat-svako-poskupljenje-se-uvijek-lomi-preko-leda-radnika","status":"publish","type":"post","link":"https:\/\/radioljubuski.ba\/index.php\/2021\/10\/13\/sindikat-svako-poskupljenje-se-uvijek-lomi-preko-leda-radnika\/","title":{"rendered":"Sindikat: Svako poskupljenje se uvijek lomi preko le\u0111a radnika"},"content":{"rendered":"\n<p>Savez samostalnih sindikata BiH (SSSBiH) je priop\u0107io da se svaki rast tro\u0161kova poslovanja, posebno u realnom sektoru, uglavnom amortizuje smanjenjem ili prestankom isplate i onako niskih pla\u0107a radnicima realnog sektora.<\/p>\n\n\n\n<p>&#8211; Tako\u0111er, najava poskupljenja struje dolazi u vrijeme intenziviranih zahtjeva sindikata za pove\u0107anje najni\u017ee pla\u0107e. Pou\u010deni ranijim iskustvima, jasno je da \u0107e biti upotrebe, ali jo\u0161 vi\u0161e zloupotrebe ove situacije kao opravdanja da plate radnika i dalje ne mogu zna\u010dajno rasti &#8211; smatraju iz SSSBiH.&nbsp;<\/p>\n\n\n\n<p>Iako najava poskupljenja struje privredi na prvi pogled nije ne\u0161to \u010dime bi se trebao baviti sindikat, oni napominju da su izuzetno zabrinuti jer su dosad sli\u010dna poskupljenja uvijek i\u0161la preko le\u0111a radnika.<\/p>\n\n\n\n<p>Prema dostupnim informacijama, kako dodaju iz sindikata, opravdanje za rast cijena struje nisu drasti\u010dno ve\u0107i tro\u0161kovi proizvodnje, nego u prvom redu cijena na berzi u Ma\u0111arskoj.&nbsp;<\/p>\n\n\n\n<p>&#8211; Drugim rije\u010dima, cijena struje mora rasti jer su drugi spremni da je plate skuplje nego mi. To bi mo\u017eda i bilo logi\u010dno da su elektroprivrede privatne firme, a ne javna poduze\u0107a. Svjedo\u010dimo ekspanziji u realnom sektoru, rastu izvoza, \u0161to je izuzetno dobro, ali to bi sve moglo do\u0107i u pitanje u slu\u010daju bilo kakvih nepromi\u0161ljenih odluka &#8211; dodaju iz sindikata. &nbsp;<\/p>\n\n\n\n<p>SSSBiH zahtijeva od svih aktera, posebno Vlade FBiH i resornog ministarstva, kao i uprave javnih poduze\u0107a, da kod dono\u0161enja budu\u0107ih odluka poka\u017eu maksimalnu ozbiljnost i razumijevanje za stanje i socio-ekonomski polo\u017eaj radnika i gra\u0111ana ove zemlje.<\/p>\n\n\n\n<p>&#8211; Tako\u0111er zahtijevamo od Vlade hitno usvajanje odluke kojom \u0107e se zabraniti rast cijena najosnovnijih \u017eivotnih namirnica jer su radnici ve\u0107 sada u situaciji da, zbog niskih i\/ili neredovnih pla\u0107a, ne mogu sebi i svojim obiteljima osigurati ni minimum onoga \u0161to im treba za \u017eivot &#8211; priop\u0107eno je iz Slu\u017ebe za informisanje Saveza samostalnih sindikata BiH.&nbsp;<\/p>\n\n\n\n<p>Izvor:pogled.ba<\/p>\n","protected":false},"excerpt":{"rendered":"<p>Savez samostalnih sindikata BiH (SSSBiH) je priop\u0107io da se svaki rast tro\u0161kova poslovanja, posebno u realnom sektoru, uglavnom amortizuje smanjenjem ili prestankom isplate i onako niskih pla\u0107a radnicima realnog sektora. &#8211; Tako\u0111er, najava poskupljenja struje dolazi u vrijeme intenziviranih zahtjeva sindikata za pove\u0107anje najni\u017ee pla\u0107e. Pou\u010deni ranijim iskustvima, jasno je da \u0107e biti upotrebe, ali [&hellip;]<\/p>\n","protected":false},"author":2,"featured_media":75057,"comment_status":"closed","ping_status":"closed","sticky":false,"template":"","format":"standard","meta":{"h5ap_radio_sources":[],"footnotes":""},"categories":[1],"tags":[],"class_list":["post-75056","post","type-post","status-publish","format-standard","has-post-thumbnail","hentry","category-bihiregija"],"yoast_head":"<!-- This site is optimized with the Yoast SEO plugin v27.4 - https:\/\/yoast.com\/product\/yoast-seo-wordpress\/ -->\n<title>Sindikat: Svako poskupljenje se uvijek lomi preko le\u0111a radnika - RADIO LJUBU\u0160KI<\/title>\n<meta name=\"robots\" content=\"index, follow, max-snippet:-1, max-image-preview:large, max-video-preview:-1\" \/>\n<link rel=\"canonical\" href=\"https:\/\/radioljubuski.ba\/index.php\/2021\/10\/13\/sindikat-svako-poskupljenje-se-uvijek-lomi-preko-leda-radnika\/\" \/>\n<meta property=\"og:locale\" content=\"hr_HR\" \/>\n<meta property=\"og:type\" content=\"article\" \/>\n<meta property=\"og:title\" content=\"Sindikat: Svako poskupljenje se uvijek lomi preko le\u0111a radnika - RADIO LJUBU\u0160KI\" \/>\n<meta property=\"og:description\" content=\"Savez samostalnih sindikata BiH (SSSBiH) je priop\u0107io da se svaki rast tro\u0161kova poslovanja, posebno u realnom sektoru, uglavnom amortizuje smanjenjem ili prestankom isplate i onako niskih pla\u0107a radnicima realnog sektora. &#8211; Tako\u0111er, najava poskupljenja struje dolazi u vrijeme intenziviranih zahtjeva sindikata za pove\u0107anje najni\u017ee pla\u0107e. Pou\u010deni ranijim iskustvima, jasno je da \u0107e biti upotrebe, ali [&hellip;]\" \/>\n<meta property=\"og:url\" content=\"https:\/\/radioljubuski.ba\/index.php\/2021\/10\/13\/sindikat-svako-poskupljenje-se-uvijek-lomi-preko-leda-radnika\/\" \/>\n<meta property=\"og:site_name\" content=\"RADIO LJUBU\u0160KI\" \/>\n<meta property=\"article:publisher\" content=\"https:\/\/www.facebook.com\/Radiio-Ljubuski-1490835324566332\" \/>\n<meta property=\"article:published_time\" content=\"2021-10-13T13:14:59+00:00\" \/>\n<meta property=\"article:modified_time\" content=\"2021-10-13T13:15:00+00:00\" \/>\n<meta property=\"og:image\" content=\"https:\/\/radioljubuski.ba\/wp-content\/uploads\/2021\/10\/2dEr6ptv_placa_1.jpg\" \/>\n\t<meta property=\"og:image:width\" content=\"1000\" \/>\n\t<meta property=\"og:image:height\" content=\"625\" \/>\n\t<meta property=\"og:image:type\" content=\"image\/jpeg\" \/>\n<meta name=\"author\" content=\"Radio Ljubu\u0161ki\" \/>\n<meta name=\"twitter:card\" content=\"summary_large_image\" \/>\n<meta name=\"twitter:creator\" content=\"@radioljubuski\" \/>\n<meta name=\"twitter:site\" content=\"@radioljubuski\" \/>\n<meta name=\"twitter:label1\" content=\"Napisao\/la\" \/>\n\t<meta name=\"twitter:data1\" content=\"Radio Ljubu\u0161ki\" \/>\n\t<meta name=\"twitter:label2\" content=\"Procijenjeno vrijeme \u010ditanja\" \/>\n\t<meta name=\"twitter:data2\" content=\"2 minute\" \/>\n<script type=\"application\/ld+json\" class=\"yoast-schema-graph\">{\"@context\":\"https:\\\/\\\/schema.org\",\"@graph\":[{\"@type\":\"Article\",\"@id\":\"https:\\\/\\\/radioljubuski.ba\\\/index.php\\\/2021\\\/10\\\/13\\\/sindikat-svako-poskupljenje-se-uvijek-lomi-preko-leda-radnika\\\/#article\",\"isPartOf\":{\"@id\":\"https:\\\/\\\/radioljubuski.ba\\\/index.php\\\/2021\\\/10\\\/13\\\/sindikat-svako-poskupljenje-se-uvijek-lomi-preko-leda-radnika\\\/\"},\"author\":{\"name\":\"Radio Ljubu\u0161ki\",\"@id\":\"https:\\\/\\\/radioljubuski.ba\\\/#\\\/schema\\\/person\\\/19fc700381a780f69665d7956c469e3b\"},\"headline\":\"Sindikat: Svako poskupljenje se uvijek lomi preko le\u0111a radnika\",\"datePublished\":\"2021-10-13T13:14:59+00:00\",\"dateModified\":\"2021-10-13T13:15:00+00:00\",\"mainEntityOfPage\":{\"@id\":\"https:\\\/\\\/radioljubuski.ba\\\/index.php\\\/2021\\\/10\\\/13\\\/sindikat-svako-poskupljenje-se-uvijek-lomi-preko-leda-radnika\\\/\"},\"wordCount\":340,\"publisher\":{\"@id\":\"https:\\\/\\\/radioljubuski.ba\\\/#organization\"},\"image\":{\"@id\":\"https:\\\/\\\/radioljubuski.ba\\\/index.php\\\/2021\\\/10\\\/13\\\/sindikat-svako-poskupljenje-se-uvijek-lomi-preko-leda-radnika\\\/#primaryimage\"},\"thumbnailUrl\":\"https:\\\/\\\/radioljubuski.ba\\\/wp-content\\\/uploads\\\/2021\\\/10\\\/2dEr6ptv_placa_1.jpg\",\"articleSection\":[\"BIH i regija\"],\"inLanguage\":\"hr\"},{\"@type\":\"WebPage\",\"@id\":\"https:\\\/\\\/radioljubuski.ba\\\/index.php\\\/2021\\\/10\\\/13\\\/sindikat-svako-poskupljenje-se-uvijek-lomi-preko-leda-radnika\\\/\",\"url\":\"https:\\\/\\\/radioljubuski.ba\\\/index.php\\\/2021\\\/10\\\/13\\\/sindikat-svako-poskupljenje-se-uvijek-lomi-preko-leda-radnika\\\/\",\"name\":\"Sindikat: Svako poskupljenje se uvijek lomi preko le\u0111a radnika - RADIO LJUBU\u0160KI\",\"isPartOf\":{\"@id\":\"https:\\\/\\\/radioljubuski.ba\\\/#website\"},\"primaryImageOfPage\":{\"@id\":\"https:\\\/\\\/radioljubuski.ba\\\/index.php\\\/2021\\\/10\\\/13\\\/sindikat-svako-poskupljenje-se-uvijek-lomi-preko-leda-radnika\\\/#primaryimage\"},\"image\":{\"@id\":\"https:\\\/\\\/radioljubuski.ba\\\/index.php\\\/2021\\\/10\\\/13\\\/sindikat-svako-poskupljenje-se-uvijek-lomi-preko-leda-radnika\\\/#primaryimage\"},\"thumbnailUrl\":\"https:\\\/\\\/radioljubuski.ba\\\/wp-content\\\/uploads\\\/2021\\\/10\\\/2dEr6ptv_placa_1.jpg\",\"datePublished\":\"2021-10-13T13:14:59+00:00\",\"dateModified\":\"2021-10-13T13:15:00+00:00\",\"breadcrumb\":{\"@id\":\"https:\\\/\\\/radioljubuski.ba\\\/index.php\\\/2021\\\/10\\\/13\\\/sindikat-svako-poskupljenje-se-uvijek-lomi-preko-leda-radnika\\\/#breadcrumb\"},\"inLanguage\":\"hr\",\"potentialAction\":[{\"@type\":\"ReadAction\",\"target\":[\"https:\\\/\\\/radioljubuski.ba\\\/index.php\\\/2021\\\/10\\\/13\\\/sindikat-svako-poskupljenje-se-uvijek-lomi-preko-leda-radnika\\\/\"]}]},{\"@type\":\"ImageObject\",\"inLanguage\":\"hr\",\"@id\":\"https:\\\/\\\/radioljubuski.ba\\\/index.php\\\/2021\\\/10\\\/13\\\/sindikat-svako-poskupljenje-se-uvijek-lomi-preko-leda-radnika\\\/#primaryimage\",\"url\":\"https:\\\/\\\/radioljubuski.ba\\\/wp-content\\\/uploads\\\/2021\\\/10\\\/2dEr6ptv_placa_1.jpg\",\"contentUrl\":\"https:\\\/\\\/radioljubuski.ba\\\/wp-content\\\/uploads\\\/2021\\\/10\\\/2dEr6ptv_placa_1.jpg\",\"width\":1000,\"height\":625},{\"@type\":\"BreadcrumbList\",\"@id\":\"https:\\\/\\\/radioljubuski.ba\\\/index.php\\\/2021\\\/10\\\/13\\\/sindikat-svako-poskupljenje-se-uvijek-lomi-preko-leda-radnika\\\/#breadcrumb\",\"itemListElement\":[{\"@type\":\"ListItem\",\"position\":1,\"name\":\"Po\u010detna stranica\",\"item\":\"https:\\\/\\\/radioljubuski.ba\\\/\"},{\"@type\":\"ListItem\",\"position\":2,\"name\":\"Sindikat: Svako poskupljenje se uvijek lomi preko le\u0111a radnika\"}]},{\"@type\":\"WebSite\",\"@id\":\"https:\\\/\\\/radioljubuski.ba\\\/#website\",\"url\":\"https:\\\/\\\/radioljubuski.ba\\\/\",\"name\":\"Radio Ljubu\u0161ki\",\"description\":\"Sun\u010dana frekvencija Hercegovine\",\"publisher\":{\"@id\":\"https:\\\/\\\/radioljubuski.ba\\\/#organization\"},\"potentialAction\":[{\"@type\":\"SearchAction\",\"target\":{\"@type\":\"EntryPoint\",\"urlTemplate\":\"https:\\\/\\\/radioljubuski.ba\\\/?s={search_term_string}\"},\"query-input\":{\"@type\":\"PropertyValueSpecification\",\"valueRequired\":true,\"valueName\":\"search_term_string\"}}],\"inLanguage\":\"hr\"},{\"@type\":\"Organization\",\"@id\":\"https:\\\/\\\/radioljubuski.ba\\\/#organization\",\"name\":\"Radio Ljubu\u0161ki\",\"url\":\"https:\\\/\\\/radioljubuski.ba\\\/\",\"logo\":{\"@type\":\"ImageObject\",\"inLanguage\":\"hr\",\"@id\":\"https:\\\/\\\/radioljubuski.ba\\\/#\\\/schema\\\/logo\\\/image\\\/\",\"url\":\"https:\\\/\\\/radioljubuski.ba\\\/wp-content\\\/uploads\\\/2021\\\/02\\\/cropped-Radio_Ljubuski_logo1.jpg\",\"contentUrl\":\"https:\\\/\\\/radioljubuski.ba\\\/wp-content\\\/uploads\\\/2021\\\/02\\\/cropped-Radio_Ljubuski_logo1.jpg\",\"width\":512,\"height\":512,\"caption\":\"Radio Ljubu\u0161ki\"},\"image\":{\"@id\":\"https:\\\/\\\/radioljubuski.ba\\\/#\\\/schema\\\/logo\\\/image\\\/\"},\"sameAs\":[\"https:\\\/\\\/www.facebook.com\\\/Radiio-Ljubuski-1490835324566332\",\"https:\\\/\\\/x.com\\\/radioljubuski\",\"https:\\\/\\\/hr.linkedin.com\\\/company\\\/radio-ljubuski\",\"https:\\\/\\\/www.youtube.com\\\/channel\\\/UCHYaeO_n0Db3tjNGudGpXyw\"]},{\"@type\":\"Person\",\"@id\":\"https:\\\/\\\/radioljubuski.ba\\\/#\\\/schema\\\/person\\\/19fc700381a780f69665d7956c469e3b\",\"name\":\"Radio Ljubu\u0161ki\"}]}<\/script>\n<!-- \/ Yoast SEO plugin. -->","yoast_head_json":{"title":"Sindikat: Svako poskupljenje se uvijek lomi preko le\u0111a radnika - RADIO LJUBU\u0160KI","robots":{"index":"index","follow":"follow","max-snippet":"max-snippet:-1","max-image-preview":"max-image-preview:large","max-video-preview":"max-video-preview:-1"},"canonical":"https:\/\/radioljubuski.ba\/index.php\/2021\/10\/13\/sindikat-svako-poskupljenje-se-uvijek-lomi-preko-leda-radnika\/","og_locale":"hr_HR","og_type":"article","og_title":"Sindikat: Svako poskupljenje se uvijek lomi preko le\u0111a radnika - RADIO LJUBU\u0160KI","og_description":"Savez samostalnih sindikata BiH (SSSBiH) je priop\u0107io da se svaki rast tro\u0161kova poslovanja, posebno u realnom sektoru, uglavnom amortizuje smanjenjem ili prestankom isplate i onako niskih pla\u0107a radnicima realnog sektora. &#8211; Tako\u0111er, najava poskupljenja struje dolazi u vrijeme intenziviranih zahtjeva sindikata za pove\u0107anje najni\u017ee pla\u0107e. Pou\u010deni ranijim iskustvima, jasno je da \u0107e biti upotrebe, ali [&hellip;]","og_url":"https:\/\/radioljubuski.ba\/index.php\/2021\/10\/13\/sindikat-svako-poskupljenje-se-uvijek-lomi-preko-leda-radnika\/","og_site_name":"RADIO LJUBU\u0160KI","article_publisher":"https:\/\/www.facebook.com\/Radiio-Ljubuski-1490835324566332","article_published_time":"2021-10-13T13:14:59+00:00","article_modified_time":"2021-10-13T13:15:00+00:00","og_image":[{"width":1000,"height":625,"url":"https:\/\/radioljubuski.ba\/wp-content\/uploads\/2021\/10\/2dEr6ptv_placa_1.jpg","type":"image\/jpeg"}],"author":"Radio Ljubu\u0161ki","twitter_card":"summary_large_image","twitter_creator":"@radioljubuski","twitter_site":"@radioljubuski","twitter_misc":{"Napisao\/la":"Radio Ljubu\u0161ki","Procijenjeno vrijeme \u010ditanja":"2 minute"},"schema":{"@context":"https:\/\/schema.org","@graph":[{"@type":"Article","@id":"https:\/\/radioljubuski.ba\/index.php\/2021\/10\/13\/sindikat-svako-poskupljenje-se-uvijek-lomi-preko-leda-radnika\/#article","isPartOf":{"@id":"https:\/\/radioljubuski.ba\/index.php\/2021\/10\/13\/sindikat-svako-poskupljenje-se-uvijek-lomi-preko-leda-radnika\/"},"author":{"name":"Radio Ljubu\u0161ki","@id":"https:\/\/radioljubuski.ba\/#\/schema\/person\/19fc700381a780f69665d7956c469e3b"},"headline":"Sindikat: Svako poskupljenje se uvijek lomi preko le\u0111a radnika","datePublished":"2021-10-13T13:14:59+00:00","dateModified":"2021-10-13T13:15:00+00:00","mainEntityOfPage":{"@id":"https:\/\/radioljubuski.ba\/index.php\/2021\/10\/13\/sindikat-svako-poskupljenje-se-uvijek-lomi-preko-leda-radnika\/"},"wordCount":340,"publisher":{"@id":"https:\/\/radioljubuski.ba\/#organization"},"image":{"@id":"https:\/\/radioljubuski.ba\/index.php\/2021\/10\/13\/sindikat-svako-poskupljenje-se-uvijek-lomi-preko-leda-radnika\/#primaryimage"},"thumbnailUrl":"https:\/\/radioljubuski.ba\/wp-content\/uploads\/2021\/10\/2dEr6ptv_placa_1.jpg","articleSection":["BIH i regija"],"inLanguage":"hr"},{"@type":"WebPage","@id":"https:\/\/radioljubuski.ba\/index.php\/2021\/10\/13\/sindikat-svako-poskupljenje-se-uvijek-lomi-preko-leda-radnika\/","url":"https:\/\/radioljubuski.ba\/index.php\/2021\/10\/13\/sindikat-svako-poskupljenje-se-uvijek-lomi-preko-leda-radnika\/","name":"Sindikat: Svako poskupljenje se uvijek lomi preko le\u0111a radnika - RADIO LJUBU\u0160KI","isPartOf":{"@id":"https:\/\/radioljubuski.ba\/#website"},"primaryImageOfPage":{"@id":"https:\/\/radioljubuski.ba\/index.php\/2021\/10\/13\/sindikat-svako-poskupljenje-se-uvijek-lomi-preko-leda-radnika\/#primaryimage"},"image":{"@id":"https:\/\/radioljubuski.ba\/index.php\/2021\/10\/13\/sindikat-svako-poskupljenje-se-uvijek-lomi-preko-leda-radnika\/#primaryimage"},"thumbnailUrl":"https:\/\/radioljubuski.ba\/wp-content\/uploads\/2021\/10\/2dEr6ptv_placa_1.jpg","datePublished":"2021-10-13T13:14:59+00:00","dateModified":"2021-10-13T13:15:00+00:00","breadcrumb":{"@id":"https:\/\/radioljubuski.ba\/index.php\/2021\/10\/13\/sindikat-svako-poskupljenje-se-uvijek-lomi-preko-leda-radnika\/#breadcrumb"},"inLanguage":"hr","potentialAction":[{"@type":"ReadAction","target":["https:\/\/radioljubuski.ba\/index.php\/2021\/10\/13\/sindikat-svako-poskupljenje-se-uvijek-lomi-preko-leda-radnika\/"]}]},{"@type":"ImageObject","inLanguage":"hr","@id":"https:\/\/radioljubuski.ba\/index.php\/2021\/10\/13\/sindikat-svako-poskupljenje-se-uvijek-lomi-preko-leda-radnika\/#primaryimage","url":"https:\/\/radioljubuski.ba\/wp-content\/uploads\/2021\/10\/2dEr6ptv_placa_1.jpg","contentUrl":"https:\/\/radioljubuski.ba\/wp-content\/uploads\/2021\/10\/2dEr6ptv_placa_1.jpg","width":1000,"height":625},{"@type":"BreadcrumbList","@id":"https:\/\/radioljubuski.ba\/index.php\/2021\/10\/13\/sindikat-svako-poskupljenje-se-uvijek-lomi-preko-leda-radnika\/#breadcrumb","itemListElement":[{"@type":"ListItem","position":1,"name":"Po\u010detna stranica","item":"https:\/\/radioljubuski.ba\/"},{"@type":"ListItem","position":2,"name":"Sindikat: Svako poskupljenje se uvijek lomi preko le\u0111a radnika"}]},{"@type":"WebSite","@id":"https:\/\/radioljubuski.ba\/#website","url":"https:\/\/radioljubuski.ba\/","name":"Radio Ljubu\u0161ki","description":"Sun\u010dana frekvencija Hercegovine","publisher":{"@id":"https:\/\/radioljubuski.ba\/#organization"},"potentialAction":[{"@type":"SearchAction","target":{"@type":"EntryPoint","urlTemplate":"https:\/\/radioljubuski.ba\/?s={search_term_string}"},"query-input":{"@type":"PropertyValueSpecification","valueRequired":true,"valueName":"search_term_string"}}],"inLanguage":"hr"},{"@type":"Organization","@id":"https:\/\/radioljubuski.ba\/#organization","name":"Radio Ljubu\u0161ki","url":"https:\/\/radioljubuski.ba\/","logo":{"@type":"ImageObject","inLanguage":"hr","@id":"https:\/\/radioljubuski.ba\/#\/schema\/logo\/image\/","url":"https:\/\/radioljubuski.ba\/wp-content\/uploads\/2021\/02\/cropped-Radio_Ljubuski_logo1.jpg","contentUrl":"https:\/\/radioljubuski.ba\/wp-content\/uploads\/2021\/02\/cropped-Radio_Ljubuski_logo1.jpg","width":512,"height":512,"caption":"Radio Ljubu\u0161ki"},"image":{"@id":"https:\/\/radioljubuski.ba\/#\/schema\/logo\/image\/"},"sameAs":["https:\/\/www.facebook.com\/Radiio-Ljubuski-1490835324566332","https:\/\/x.com\/radioljubuski","https:\/\/hr.linkedin.com\/company\/radio-ljubuski","https:\/\/www.youtube.com\/channel\/UCHYaeO_n0Db3tjNGudGpXyw"]},{"@type":"Person","@id":"https:\/\/radioljubuski.ba\/#\/schema\/person\/19fc700381a780f69665d7956c469e3b","name":"Radio Ljubu\u0161ki"}]}},"_links":{"self":[{"href":"https:\/\/radioljubuski.ba\/index.php\/wp-json\/wp\/v2\/posts\/75056","targetHints":{"allow":["GET"]}}],"collection":[{"href":"https:\/\/radioljubuski.ba\/index.php\/wp-json\/wp\/v2\/posts"}],"about":[{"href":"https:\/\/radioljubuski.ba\/index.php\/wp-json\/wp\/v2\/types\/post"}],"author":[{"embeddable":true,"href":"https:\/\/radioljubuski.ba\/index.php\/wp-json\/wp\/v2\/users\/2"}],"replies":[{"embeddable":true,"href":"https:\/\/radioljubuski.ba\/index.php\/wp-json\/wp\/v2\/comments?post=75056"}],"version-history":[{"count":1,"href":"https:\/\/radioljubuski.ba\/index.php\/wp-json\/wp\/v2\/posts\/75056\/revisions"}],"predecessor-version":[{"id":75058,"href":"https:\/\/radioljubuski.ba\/index.php\/wp-json\/wp\/v2\/posts\/75056\/revisions\/75058"}],"wp:featuredmedia":[{"embeddable":true,"href":"https:\/\/radioljubuski.ba\/index.php\/wp-json\/wp\/v2\/media\/75057"}],"wp:attachment":[{"href":"https:\/\/radioljubuski.ba\/index.php\/wp-json\/wp\/v2\/media?parent=75056"}],"wp:term":[{"taxonomy":"category","embeddable":true,"href":"https:\/\/radioljubuski.ba\/index.php\/wp-json\/wp\/v2\/categories?post=75056"},{"taxonomy":"post_tag","embeddable":true,"href":"https:\/\/radioljubuski.ba\/index.php\/wp-json\/wp\/v2\/tags?post=75056"}],"curies":[{"name":"wp","href":"https:\/\/api.w.org\/{rel}","templated":true}]}}