{"id":75085,"date":"2021-10-13T14:31:49","date_gmt":"2021-10-13T13:31:49","guid":{"rendered":"https:\/\/radioljubuski.ba\/?p=75085"},"modified":"2021-10-13T14:31:50","modified_gmt":"2021-10-13T13:31:50","slug":"zovko-izabrana-za-potpredsjednicu-kluba-zastupnika-epp-a-u-europskom-parlamentu","status":"publish","type":"post","link":"https:\/\/radioljubuski.ba\/index.php\/2021\/10\/13\/zovko-izabrana-za-potpredsjednicu-kluba-zastupnika-epp-a-u-europskom-parlamentu\/","title":{"rendered":"Zovko izabrana za potpredsjednicu Kluba zastupnika EPP-a u Europskom parlamentu"},"content":{"rendered":"\n<p>Odlukom Predsjedni\u0161tva Kluba zastupnika Europske pu\u010dke stranke (EPP) od 21. rujna danas su odr\u017eani izbori za predsjednika i 10 potpredsjednika Kluba zastupnika EPP-a. Za predsjednika je ponovno izabran Manfred Weber, a na du\u017enost jednog od 10 potpredsjednika izabrana je hrvatska zastupnica \u017deljana Zovko.<\/p>\n\n\n\n<p>\u201cVelika mi je \u010dast \u0161to sam izabrana za potpredsjednicu Kluba Europske pu\u010dke stranke u Europskom parlamentu. Ovo smatram velikim priznanjem rada na\u0161e hrvatske HDZ\/EPP delegacije, kojoj se ovim putem zahvaljujem na predlaganju moje kandidature\u201c, naglasila je Zovko i dodala: \u201eNa polovici smo mandata i pred nama je mnogo posla. Radujem se suradnji s kolegama zastupnicima u Predsjedni\u0161tvu Kluba zastupnika EPP-a\u201c.<\/p>\n\n\n\n<p>Zovko je u svom govoru zahvalila kolegama pu\u010danima \u0161to su prepoznali njezino dugogodi\u0161nje zalaganje u Europskom parlamentu. \u201ePosljednjih godina imala sam \u010dast sura\u0111ivati s mnogima od vas kao zamjenica koordinatora EPP-a i potpredsjednica Odbora za vanjske poslove, kao i u svom parlamentarnom radu u Odboru za kulturu i obrazovanje te Pododboru za sigurnost i obranu. U izazovnim vremenima koja su pred nama, radujem se daljnjem radu na napretku, nizanju uspjeha i pove\u0107anju vidljivosti na\u0161eg kluba zastupnika\u201d, zaklju\u010dila je Zovko.<\/p>\n\n\n\n<p>Izvor:pogled.ba<\/p>\n","protected":false},"excerpt":{"rendered":"<p>Odlukom Predsjedni\u0161tva Kluba zastupnika Europske pu\u010dke stranke (EPP) od 21. rujna danas su odr\u017eani izbori za predsjednika i 10 potpredsjednika Kluba zastupnika EPP-a. Za predsjednika je ponovno izabran Manfred Weber, a na du\u017enost jednog od 10 potpredsjednika izabrana je hrvatska zastupnica \u017deljana Zovko. \u201cVelika mi je \u010dast \u0161to sam izabrana za potpredsjednicu Kluba Europske pu\u010dke [&hellip;]<\/p>\n","protected":false},"author":2,"featured_media":75086,"comment_status":"closed","ping_status":"closed","sticky":false,"template":"","format":"standard","meta":{"h5ap_radio_sources":[],"footnotes":""},"categories":[1],"tags":[],"class_list":["post-75085","post","type-post","status-publish","format-standard","has-post-thumbnail","hentry","category-bihiregija"],"yoast_head":"<!-- This site is optimized with the Yoast SEO plugin v27.4 - https:\/\/yoast.com\/product\/yoast-seo-wordpress\/ -->\n<title>Zovko izabrana za potpredsjednicu Kluba zastupnika EPP-a u Europskom parlamentu - RADIO LJUBU\u0160KI<\/title>\n<meta name=\"robots\" content=\"index, follow, max-snippet:-1, max-image-preview:large, max-video-preview:-1\" \/>\n<link rel=\"canonical\" href=\"https:\/\/radioljubuski.ba\/index.php\/2021\/10\/13\/zovko-izabrana-za-potpredsjednicu-kluba-zastupnika-epp-a-u-europskom-parlamentu\/\" \/>\n<meta property=\"og:locale\" content=\"hr_HR\" \/>\n<meta property=\"og:type\" content=\"article\" \/>\n<meta property=\"og:title\" content=\"Zovko izabrana za potpredsjednicu Kluba zastupnika EPP-a u Europskom parlamentu - RADIO LJUBU\u0160KI\" \/>\n<meta property=\"og:description\" content=\"Odlukom Predsjedni\u0161tva Kluba zastupnika Europske pu\u010dke stranke (EPP) od 21. rujna danas su odr\u017eani izbori za predsjednika i 10 potpredsjednika Kluba zastupnika EPP-a. Za predsjednika je ponovno izabran Manfred Weber, a na du\u017enost jednog od 10 potpredsjednika izabrana je hrvatska zastupnica \u017deljana Zovko. \u201cVelika mi je \u010dast \u0161to sam izabrana za potpredsjednicu Kluba Europske pu\u010dke [&hellip;]\" \/>\n<meta property=\"og:url\" content=\"https:\/\/radioljubuski.ba\/index.php\/2021\/10\/13\/zovko-izabrana-za-potpredsjednicu-kluba-zastupnika-epp-a-u-europskom-parlamentu\/\" \/>\n<meta property=\"og:site_name\" content=\"RADIO LJUBU\u0160KI\" \/>\n<meta property=\"article:publisher\" content=\"https:\/\/www.facebook.com\/Radiio-Ljubuski-1490835324566332\" \/>\n<meta property=\"article:published_time\" content=\"2021-10-13T13:31:49+00:00\" \/>\n<meta property=\"article:modified_time\" content=\"2021-10-13T13:31:50+00:00\" \/>\n<meta property=\"og:image\" content=\"https:\/\/radioljubuski.ba\/wp-content\/uploads\/2021\/10\/9-2021-06-09-16-30-09-Zovko-3.jpeg\" \/>\n\t<meta property=\"og:image:width\" content=\"1000\" \/>\n\t<meta property=\"og:image:height\" content=\"625\" \/>\n\t<meta property=\"og:image:type\" content=\"image\/jpeg\" \/>\n<meta name=\"author\" content=\"Radio Ljubu\u0161ki\" \/>\n<meta name=\"twitter:card\" content=\"summary_large_image\" \/>\n<meta name=\"twitter:creator\" content=\"@radioljubuski\" \/>\n<meta name=\"twitter:site\" content=\"@radioljubuski\" \/>\n<meta name=\"twitter:label1\" content=\"Napisao\/la\" \/>\n\t<meta name=\"twitter:data1\" content=\"Radio Ljubu\u0161ki\" \/>\n\t<meta name=\"twitter:label2\" content=\"Procijenjeno vrijeme \u010ditanja\" \/>\n\t<meta name=\"twitter:data2\" content=\"1 minuta\" \/>\n<script type=\"application\/ld+json\" class=\"yoast-schema-graph\">{\"@context\":\"https:\\\/\\\/schema.org\",\"@graph\":[{\"@type\":\"Article\",\"@id\":\"https:\\\/\\\/radioljubuski.ba\\\/index.php\\\/2021\\\/10\\\/13\\\/zovko-izabrana-za-potpredsjednicu-kluba-zastupnika-epp-a-u-europskom-parlamentu\\\/#article\",\"isPartOf\":{\"@id\":\"https:\\\/\\\/radioljubuski.ba\\\/index.php\\\/2021\\\/10\\\/13\\\/zovko-izabrana-za-potpredsjednicu-kluba-zastupnika-epp-a-u-europskom-parlamentu\\\/\"},\"author\":{\"name\":\"Radio Ljubu\u0161ki\",\"@id\":\"https:\\\/\\\/radioljubuski.ba\\\/#\\\/schema\\\/person\\\/19fc700381a780f69665d7956c469e3b\"},\"headline\":\"Zovko izabrana za potpredsjednicu Kluba zastupnika EPP-a u Europskom parlamentu\",\"datePublished\":\"2021-10-13T13:31:49+00:00\",\"dateModified\":\"2021-10-13T13:31:50+00:00\",\"mainEntityOfPage\":{\"@id\":\"https:\\\/\\\/radioljubuski.ba\\\/index.php\\\/2021\\\/10\\\/13\\\/zovko-izabrana-za-potpredsjednicu-kluba-zastupnika-epp-a-u-europskom-parlamentu\\\/\"},\"wordCount\":206,\"publisher\":{\"@id\":\"https:\\\/\\\/radioljubuski.ba\\\/#organization\"},\"image\":{\"@id\":\"https:\\\/\\\/radioljubuski.ba\\\/index.php\\\/2021\\\/10\\\/13\\\/zovko-izabrana-za-potpredsjednicu-kluba-zastupnika-epp-a-u-europskom-parlamentu\\\/#primaryimage\"},\"thumbnailUrl\":\"https:\\\/\\\/radioljubuski.ba\\\/wp-content\\\/uploads\\\/2021\\\/10\\\/9-2021-06-09-16-30-09-Zovko-3.jpeg\",\"articleSection\":[\"BIH i regija\"],\"inLanguage\":\"hr\"},{\"@type\":\"WebPage\",\"@id\":\"https:\\\/\\\/radioljubuski.ba\\\/index.php\\\/2021\\\/10\\\/13\\\/zovko-izabrana-za-potpredsjednicu-kluba-zastupnika-epp-a-u-europskom-parlamentu\\\/\",\"url\":\"https:\\\/\\\/radioljubuski.ba\\\/index.php\\\/2021\\\/10\\\/13\\\/zovko-izabrana-za-potpredsjednicu-kluba-zastupnika-epp-a-u-europskom-parlamentu\\\/\",\"name\":\"Zovko izabrana za potpredsjednicu Kluba zastupnika EPP-a u Europskom parlamentu - RADIO LJUBU\u0160KI\",\"isPartOf\":{\"@id\":\"https:\\\/\\\/radioljubuski.ba\\\/#website\"},\"primaryImageOfPage\":{\"@id\":\"https:\\\/\\\/radioljubuski.ba\\\/index.php\\\/2021\\\/10\\\/13\\\/zovko-izabrana-za-potpredsjednicu-kluba-zastupnika-epp-a-u-europskom-parlamentu\\\/#primaryimage\"},\"image\":{\"@id\":\"https:\\\/\\\/radioljubuski.ba\\\/index.php\\\/2021\\\/10\\\/13\\\/zovko-izabrana-za-potpredsjednicu-kluba-zastupnika-epp-a-u-europskom-parlamentu\\\/#primaryimage\"},\"thumbnailUrl\":\"https:\\\/\\\/radioljubuski.ba\\\/wp-content\\\/uploads\\\/2021\\\/10\\\/9-2021-06-09-16-30-09-Zovko-3.jpeg\",\"datePublished\":\"2021-10-13T13:31:49+00:00\",\"dateModified\":\"2021-10-13T13:31:50+00:00\",\"breadcrumb\":{\"@id\":\"https:\\\/\\\/radioljubuski.ba\\\/index.php\\\/2021\\\/10\\\/13\\\/zovko-izabrana-za-potpredsjednicu-kluba-zastupnika-epp-a-u-europskom-parlamentu\\\/#breadcrumb\"},\"inLanguage\":\"hr\",\"potentialAction\":[{\"@type\":\"ReadAction\",\"target\":[\"https:\\\/\\\/radioljubuski.ba\\\/index.php\\\/2021\\\/10\\\/13\\\/zovko-izabrana-za-potpredsjednicu-kluba-zastupnika-epp-a-u-europskom-parlamentu\\\/\"]}]},{\"@type\":\"ImageObject\",\"inLanguage\":\"hr\",\"@id\":\"https:\\\/\\\/radioljubuski.ba\\\/index.php\\\/2021\\\/10\\\/13\\\/zovko-izabrana-za-potpredsjednicu-kluba-zastupnika-epp-a-u-europskom-parlamentu\\\/#primaryimage\",\"url\":\"https:\\\/\\\/radioljubuski.ba\\\/wp-content\\\/uploads\\\/2021\\\/10\\\/9-2021-06-09-16-30-09-Zovko-3.jpeg\",\"contentUrl\":\"https:\\\/\\\/radioljubuski.ba\\\/wp-content\\\/uploads\\\/2021\\\/10\\\/9-2021-06-09-16-30-09-Zovko-3.jpeg\",\"width\":1000,\"height\":625},{\"@type\":\"BreadcrumbList\",\"@id\":\"https:\\\/\\\/radioljubuski.ba\\\/index.php\\\/2021\\\/10\\\/13\\\/zovko-izabrana-za-potpredsjednicu-kluba-zastupnika-epp-a-u-europskom-parlamentu\\\/#breadcrumb\",\"itemListElement\":[{\"@type\":\"ListItem\",\"position\":1,\"name\":\"Po\u010detna stranica\",\"item\":\"https:\\\/\\\/radioljubuski.ba\\\/\"},{\"@type\":\"ListItem\",\"position\":2,\"name\":\"Zovko izabrana za potpredsjednicu Kluba zastupnika EPP-a u Europskom parlamentu\"}]},{\"@type\":\"WebSite\",\"@id\":\"https:\\\/\\\/radioljubuski.ba\\\/#website\",\"url\":\"https:\\\/\\\/radioljubuski.ba\\\/\",\"name\":\"Radio Ljubu\u0161ki\",\"description\":\"Sun\u010dana frekvencija Hercegovine\",\"publisher\":{\"@id\":\"https:\\\/\\\/radioljubuski.ba\\\/#organization\"},\"potentialAction\":[{\"@type\":\"SearchAction\",\"target\":{\"@type\":\"EntryPoint\",\"urlTemplate\":\"https:\\\/\\\/radioljubuski.ba\\\/?s={search_term_string}\"},\"query-input\":{\"@type\":\"PropertyValueSpecification\",\"valueRequired\":true,\"valueName\":\"search_term_string\"}}],\"inLanguage\":\"hr\"},{\"@type\":\"Organization\",\"@id\":\"https:\\\/\\\/radioljubuski.ba\\\/#organization\",\"name\":\"Radio Ljubu\u0161ki\",\"url\":\"https:\\\/\\\/radioljubuski.ba\\\/\",\"logo\":{\"@type\":\"ImageObject\",\"inLanguage\":\"hr\",\"@id\":\"https:\\\/\\\/radioljubuski.ba\\\/#\\\/schema\\\/logo\\\/image\\\/\",\"url\":\"https:\\\/\\\/radioljubuski.ba\\\/wp-content\\\/uploads\\\/2021\\\/02\\\/cropped-Radio_Ljubuski_logo1.jpg\",\"contentUrl\":\"https:\\\/\\\/radioljubuski.ba\\\/wp-content\\\/uploads\\\/2021\\\/02\\\/cropped-Radio_Ljubuski_logo1.jpg\",\"width\":512,\"height\":512,\"caption\":\"Radio Ljubu\u0161ki\"},\"image\":{\"@id\":\"https:\\\/\\\/radioljubuski.ba\\\/#\\\/schema\\\/logo\\\/image\\\/\"},\"sameAs\":[\"https:\\\/\\\/www.facebook.com\\\/Radiio-Ljubuski-1490835324566332\",\"https:\\\/\\\/x.com\\\/radioljubuski\",\"https:\\\/\\\/hr.linkedin.com\\\/company\\\/radio-ljubuski\",\"https:\\\/\\\/www.youtube.com\\\/channel\\\/UCHYaeO_n0Db3tjNGudGpXyw\"]},{\"@type\":\"Person\",\"@id\":\"https:\\\/\\\/radioljubuski.ba\\\/#\\\/schema\\\/person\\\/19fc700381a780f69665d7956c469e3b\",\"name\":\"Radio Ljubu\u0161ki\"}]}<\/script>\n<!-- \/ Yoast SEO plugin. -->","yoast_head_json":{"title":"Zovko izabrana za potpredsjednicu Kluba zastupnika EPP-a u Europskom parlamentu - RADIO LJUBU\u0160KI","robots":{"index":"index","follow":"follow","max-snippet":"max-snippet:-1","max-image-preview":"max-image-preview:large","max-video-preview":"max-video-preview:-1"},"canonical":"https:\/\/radioljubuski.ba\/index.php\/2021\/10\/13\/zovko-izabrana-za-potpredsjednicu-kluba-zastupnika-epp-a-u-europskom-parlamentu\/","og_locale":"hr_HR","og_type":"article","og_title":"Zovko izabrana za potpredsjednicu Kluba zastupnika EPP-a u Europskom parlamentu - RADIO LJUBU\u0160KI","og_description":"Odlukom Predsjedni\u0161tva Kluba zastupnika Europske pu\u010dke stranke (EPP) od 21. rujna danas su odr\u017eani izbori za predsjednika i 10 potpredsjednika Kluba zastupnika EPP-a. Za predsjednika je ponovno izabran Manfred Weber, a na du\u017enost jednog od 10 potpredsjednika izabrana je hrvatska zastupnica \u017deljana Zovko. \u201cVelika mi je \u010dast \u0161to sam izabrana za potpredsjednicu Kluba Europske pu\u010dke [&hellip;]","og_url":"https:\/\/radioljubuski.ba\/index.php\/2021\/10\/13\/zovko-izabrana-za-potpredsjednicu-kluba-zastupnika-epp-a-u-europskom-parlamentu\/","og_site_name":"RADIO LJUBU\u0160KI","article_publisher":"https:\/\/www.facebook.com\/Radiio-Ljubuski-1490835324566332","article_published_time":"2021-10-13T13:31:49+00:00","article_modified_time":"2021-10-13T13:31:50+00:00","og_image":[{"width":1000,"height":625,"url":"https:\/\/radioljubuski.ba\/wp-content\/uploads\/2021\/10\/9-2021-06-09-16-30-09-Zovko-3.jpeg","type":"image\/jpeg"}],"author":"Radio Ljubu\u0161ki","twitter_card":"summary_large_image","twitter_creator":"@radioljubuski","twitter_site":"@radioljubuski","twitter_misc":{"Napisao\/la":"Radio Ljubu\u0161ki","Procijenjeno vrijeme \u010ditanja":"1 minuta"},"schema":{"@context":"https:\/\/schema.org","@graph":[{"@type":"Article","@id":"https:\/\/radioljubuski.ba\/index.php\/2021\/10\/13\/zovko-izabrana-za-potpredsjednicu-kluba-zastupnika-epp-a-u-europskom-parlamentu\/#article","isPartOf":{"@id":"https:\/\/radioljubuski.ba\/index.php\/2021\/10\/13\/zovko-izabrana-za-potpredsjednicu-kluba-zastupnika-epp-a-u-europskom-parlamentu\/"},"author":{"name":"Radio Ljubu\u0161ki","@id":"https:\/\/radioljubuski.ba\/#\/schema\/person\/19fc700381a780f69665d7956c469e3b"},"headline":"Zovko izabrana za potpredsjednicu Kluba zastupnika EPP-a u Europskom parlamentu","datePublished":"2021-10-13T13:31:49+00:00","dateModified":"2021-10-13T13:31:50+00:00","mainEntityOfPage":{"@id":"https:\/\/radioljubuski.ba\/index.php\/2021\/10\/13\/zovko-izabrana-za-potpredsjednicu-kluba-zastupnika-epp-a-u-europskom-parlamentu\/"},"wordCount":206,"publisher":{"@id":"https:\/\/radioljubuski.ba\/#organization"},"image":{"@id":"https:\/\/radioljubuski.ba\/index.php\/2021\/10\/13\/zovko-izabrana-za-potpredsjednicu-kluba-zastupnika-epp-a-u-europskom-parlamentu\/#primaryimage"},"thumbnailUrl":"https:\/\/radioljubuski.ba\/wp-content\/uploads\/2021\/10\/9-2021-06-09-16-30-09-Zovko-3.jpeg","articleSection":["BIH i regija"],"inLanguage":"hr"},{"@type":"WebPage","@id":"https:\/\/radioljubuski.ba\/index.php\/2021\/10\/13\/zovko-izabrana-za-potpredsjednicu-kluba-zastupnika-epp-a-u-europskom-parlamentu\/","url":"https:\/\/radioljubuski.ba\/index.php\/2021\/10\/13\/zovko-izabrana-za-potpredsjednicu-kluba-zastupnika-epp-a-u-europskom-parlamentu\/","name":"Zovko izabrana za potpredsjednicu Kluba zastupnika EPP-a u Europskom parlamentu - RADIO LJUBU\u0160KI","isPartOf":{"@id":"https:\/\/radioljubuski.ba\/#website"},"primaryImageOfPage":{"@id":"https:\/\/radioljubuski.ba\/index.php\/2021\/10\/13\/zovko-izabrana-za-potpredsjednicu-kluba-zastupnika-epp-a-u-europskom-parlamentu\/#primaryimage"},"image":{"@id":"https:\/\/radioljubuski.ba\/index.php\/2021\/10\/13\/zovko-izabrana-za-potpredsjednicu-kluba-zastupnika-epp-a-u-europskom-parlamentu\/#primaryimage"},"thumbnailUrl":"https:\/\/radioljubuski.ba\/wp-content\/uploads\/2021\/10\/9-2021-06-09-16-30-09-Zovko-3.jpeg","datePublished":"2021-10-13T13:31:49+00:00","dateModified":"2021-10-13T13:31:50+00:00","breadcrumb":{"@id":"https:\/\/radioljubuski.ba\/index.php\/2021\/10\/13\/zovko-izabrana-za-potpredsjednicu-kluba-zastupnika-epp-a-u-europskom-parlamentu\/#breadcrumb"},"inLanguage":"hr","potentialAction":[{"@type":"ReadAction","target":["https:\/\/radioljubuski.ba\/index.php\/2021\/10\/13\/zovko-izabrana-za-potpredsjednicu-kluba-zastupnika-epp-a-u-europskom-parlamentu\/"]}]},{"@type":"ImageObject","inLanguage":"hr","@id":"https:\/\/radioljubuski.ba\/index.php\/2021\/10\/13\/zovko-izabrana-za-potpredsjednicu-kluba-zastupnika-epp-a-u-europskom-parlamentu\/#primaryimage","url":"https:\/\/radioljubuski.ba\/wp-content\/uploads\/2021\/10\/9-2021-06-09-16-30-09-Zovko-3.jpeg","contentUrl":"https:\/\/radioljubuski.ba\/wp-content\/uploads\/2021\/10\/9-2021-06-09-16-30-09-Zovko-3.jpeg","width":1000,"height":625},{"@type":"BreadcrumbList","@id":"https:\/\/radioljubuski.ba\/index.php\/2021\/10\/13\/zovko-izabrana-za-potpredsjednicu-kluba-zastupnika-epp-a-u-europskom-parlamentu\/#breadcrumb","itemListElement":[{"@type":"ListItem","position":1,"name":"Po\u010detna stranica","item":"https:\/\/radioljubuski.ba\/"},{"@type":"ListItem","position":2,"name":"Zovko izabrana za potpredsjednicu Kluba zastupnika EPP-a u Europskom parlamentu"}]},{"@type":"WebSite","@id":"https:\/\/radioljubuski.ba\/#website","url":"https:\/\/radioljubuski.ba\/","name":"Radio Ljubu\u0161ki","description":"Sun\u010dana frekvencija Hercegovine","publisher":{"@id":"https:\/\/radioljubuski.ba\/#organization"},"potentialAction":[{"@type":"SearchAction","target":{"@type":"EntryPoint","urlTemplate":"https:\/\/radioljubuski.ba\/?s={search_term_string}"},"query-input":{"@type":"PropertyValueSpecification","valueRequired":true,"valueName":"search_term_string"}}],"inLanguage":"hr"},{"@type":"Organization","@id":"https:\/\/radioljubuski.ba\/#organization","name":"Radio Ljubu\u0161ki","url":"https:\/\/radioljubuski.ba\/","logo":{"@type":"ImageObject","inLanguage":"hr","@id":"https:\/\/radioljubuski.ba\/#\/schema\/logo\/image\/","url":"https:\/\/radioljubuski.ba\/wp-content\/uploads\/2021\/02\/cropped-Radio_Ljubuski_logo1.jpg","contentUrl":"https:\/\/radioljubuski.ba\/wp-content\/uploads\/2021\/02\/cropped-Radio_Ljubuski_logo1.jpg","width":512,"height":512,"caption":"Radio Ljubu\u0161ki"},"image":{"@id":"https:\/\/radioljubuski.ba\/#\/schema\/logo\/image\/"},"sameAs":["https:\/\/www.facebook.com\/Radiio-Ljubuski-1490835324566332","https:\/\/x.com\/radioljubuski","https:\/\/hr.linkedin.com\/company\/radio-ljubuski","https:\/\/www.youtube.com\/channel\/UCHYaeO_n0Db3tjNGudGpXyw"]},{"@type":"Person","@id":"https:\/\/radioljubuski.ba\/#\/schema\/person\/19fc700381a780f69665d7956c469e3b","name":"Radio Ljubu\u0161ki"}]}},"_links":{"self":[{"href":"https:\/\/radioljubuski.ba\/index.php\/wp-json\/wp\/v2\/posts\/75085","targetHints":{"allow":["GET"]}}],"collection":[{"href":"https:\/\/radioljubuski.ba\/index.php\/wp-json\/wp\/v2\/posts"}],"about":[{"href":"https:\/\/radioljubuski.ba\/index.php\/wp-json\/wp\/v2\/types\/post"}],"author":[{"embeddable":true,"href":"https:\/\/radioljubuski.ba\/index.php\/wp-json\/wp\/v2\/users\/2"}],"replies":[{"embeddable":true,"href":"https:\/\/radioljubuski.ba\/index.php\/wp-json\/wp\/v2\/comments?post=75085"}],"version-history":[{"count":1,"href":"https:\/\/radioljubuski.ba\/index.php\/wp-json\/wp\/v2\/posts\/75085\/revisions"}],"predecessor-version":[{"id":75087,"href":"https:\/\/radioljubuski.ba\/index.php\/wp-json\/wp\/v2\/posts\/75085\/revisions\/75087"}],"wp:featuredmedia":[{"embeddable":true,"href":"https:\/\/radioljubuski.ba\/index.php\/wp-json\/wp\/v2\/media\/75086"}],"wp:attachment":[{"href":"https:\/\/radioljubuski.ba\/index.php\/wp-json\/wp\/v2\/media?parent=75085"}],"wp:term":[{"taxonomy":"category","embeddable":true,"href":"https:\/\/radioljubuski.ba\/index.php\/wp-json\/wp\/v2\/categories?post=75085"},{"taxonomy":"post_tag","embeddable":true,"href":"https:\/\/radioljubuski.ba\/index.php\/wp-json\/wp\/v2\/tags?post=75085"}],"curies":[{"name":"wp","href":"https:\/\/api.w.org\/{rel}","templated":true}]}}