{"id":75123,"date":"2021-10-13T17:01:27","date_gmt":"2021-10-13T16:01:27","guid":{"rendered":"https:\/\/radioljubuski.ba\/?p=75123"},"modified":"2021-10-13T17:01:29","modified_gmt":"2021-10-13T16:01:29","slug":"uhiceni-zbog-malverzacija-sa-zemljistem-na-bracu","status":"publish","type":"post","link":"https:\/\/radioljubuski.ba\/index.php\/2021\/10\/13\/uhiceni-zbog-malverzacija-sa-zemljistem-na-bracu\/","title":{"rendered":"Uhi\u0107eni zbog malverzacija sa zemlji\u0161tem na Bra\u010du"},"content":{"rendered":"\n<p><strong>U velikoj akciji policije i USKOK-a u Dalmaciji uhi\u0107eno je \u0161est osoba zbog sumnji u malverzacije sa zemlji\u0161tem i izdavanja krivotvorenih gra\u0111evinskih dozvola na Bra\u010du, u Splitu i Ka\u0161telima. Rije\u010d je o otprije poznatoj aferi, na koju je ukazivao na\u010delnik op\u0107ine Milna Frane Lozi\u0107, koji je zbog toga dobivao prijetnje smr\u0107u, a bio je i pod za\u0161titom policije. U rasvjetljavanju afere hrvatskim kolegama pomogle francuske tajne slu\u017ebe.&nbsp;<\/strong><\/p>\n\n\n\n<p>&#8211; Me\u0111u osumnji\u010denima je, doznajemo,\u00a0<strong>Sne\u017eana Brali\u0107<\/strong>, nekada\u0161nja \u0161efica, a sada savjetnica u \u017eupanijskom Upravnom odjelu za prostorno ure\u0111enje i graditeljstvo u Supetru, investitor, arhitekt i geodeti. U tijeku su pretrage ureda i domova osumnji\u010denih, javila je u Regionalnom dnevniku\u00a0<strong>Mariola Milardovi\u0107 Peri\u0107<\/strong>.<br><br>Sumnja se da su uhi\u0107eni omogu\u0107avali dobivanje gra\u0111evinskih dozvola na presti\u017enim lokacijama, uglavnom u prvom redu do mora, na zemlji\u0161tima koja nikada nisu bila gra\u0111evinska. To su radili tako \u0161to su la\u017eno prikazivali da je tamo bila nekretnina koja nije postojala. Cilj je bio provesti legalizaciju i zatim ishoditi takozvanu zamjensku gra\u0111evinsku dozvolu za novu nekretninu.<br><br>USKOK \u0107e nakon ispitivanja osumnji\u010denika donijeti odluku o daljnjem postupanju u predmetnom slu\u010daju o \u010demu \u0107e pravodobno obavijestiti javnost, navodi se u priop\u0107enju USKOK-a.<br><br>&#8211; Neslu\u017ebeno, afera je poznata od prije nekoliko godina, a na nju je francuska tajna slu\u017eba upozorila hrvatske kolege. Naime, jedan njihov gra\u0111anin poku\u0161ao je prati novac putem la\u017enih gra\u0111evinskih dozvola.\u00a0<strong>Frane Lozi\u0107<\/strong>, na\u010delnik op\u0107ine Milna, vi\u0161e je godina upozoravao na tu situaciju, zbog \u010dega je jedno vrijeme imao policijsku pratnju. Uhi\u0107enja su se dogodila danas, javila je\u00a0<strong>Ivana \u0160ilovi\u0107<\/strong>\u00a0za Studio 4.\u00a0<\/p>\n\n\n\n<div style=\"width: 640px;\" class=\"wp-video\"><video class=\"wp-video-shortcode\" id=\"video-75123-1\" width=\"640\" height=\"360\" preload=\"metadata\" controls=\"controls\"><source type=\"video\/mp4\" src=\"https:\/\/api.hrt.hr\/media\/76\/e7\/st4-siilovic-1310-20211013121110.mp4?_=1\" \/><a href=\"https:\/\/api.hrt.hr\/media\/76\/e7\/st4-siilovic-1310-20211013121110.mp4\">https:\/\/api.hrt.hr\/media\/76\/e7\/st4-siilovic-1310-20211013121110.mp4<\/a><\/video><\/div>\n\n\n\n<p>Izjavu za medije dao je pro\u010delnik \u017eupanijskog upravnog odjela za prostorno ure\u0111enje i graditeljstvo\u00a0<strong>Mario Radevenji\u0107<\/strong>.<br><br>&#8211; Prije dvije godine saznali smo da se na Bra\u010du doga\u0111aju sumnjive legalizacije. Izuzeli smo predmete i utvrdili da postoji sumnja u nezakonitost tih legalizacija. Suspendirana je voditeljica ispostave i imenovana druga. Radilo se o legalizaciji nepostoje\u0107ih objekata. Sura\u0111ivali smo s kriminalisti\u010dkom policijom i akcija je o\u010dito rezultat svih tih nalaza koje imamo. U mojoj se slu\u017ebi radi samo o jednoj osobi koja je bila voditeljica ispostave i imala je pravo potpisati drugim kolegama koji nemaju pravo potpisa. Nakon suspenzije nastavila je raditi na svojim predmetima jer smo imali samo sumnju, a tek ju je istraga potvrdila. Sve je po\u010delo u op\u0107ini Milna \u010diji je komunalni redar utvrdio da se legaliziraju objekti i za njih napla\u0107uju naknade iako ih nema, rekao je.<br><br>Na pitanje kolika je \u0161teta nastala, rekao je da bi mogla tek nastati jer su objekti dobili dozvole, a investitori bi mogli tvrditi da za to nisu krivi, da su sve dobili zakonito.<br><br>Kazao je da je sudjelovao u 10-ak takvih predmeta, u svima nije utvr\u0111ena krivnja, a misli da je kriminalisti\u010dka policija obradila i mnogo vi\u0161e predmeta.<br><br>&#8211; U ovoj brutalnoj legalizaciji dobili smo 61.000 zahtjeva za legalizaciju na podru\u010dju Splitsko-dalmatinske \u017eupanije, i to je bilo apsolutno nemogu\u0107e pratiti i provjeravati, od toga je na Bra\u010du bilo njih 5000, 6000. \u010cim smo upozoreni, to smo provjerili. Svaki referent koji rje\u0161ava predmet za to je odgovoran, a ne \u017eupan, pro\u010delnik ili netko drugi, rekao je.\u00a0<\/p>\n\n\n\n<div style=\"width: 640px;\" class=\"wp-video\"><video class=\"wp-video-shortcode\" id=\"video-75123-2\" width=\"640\" height=\"360\" preload=\"metadata\" controls=\"controls\"><source type=\"video\/mp4\" src=\"https:\/\/api.hrt.hr\/media\/07\/f0\/st4-uskok-1310-20211013121837.mp4?_=2\" \/><a href=\"https:\/\/api.hrt.hr\/media\/07\/f0\/st4-uskok-1310-20211013121837.mp4\">https:\/\/api.hrt.hr\/media\/07\/f0\/st4-uskok-1310-20211013121837.mp4<\/a><\/video><\/div>\n\n\n\n<p>Neslu\u017ebeno se doznaje da su uhi\u0107enja rezultat vi\u0161emjese\u010dnog istra\u017eivanja zbog sumnje u malverzacije sa zemlji\u0161tem i dobivanjem gra\u0111evinskih dozvola u bra\u010dkim uvalama.<br><br>Uz Sne\u017eanu Brali\u0107,&nbsp;&nbsp;navodno su osumnji\u010deni i investitor&nbsp;<strong>Ton\u0107i Kelam<\/strong>, arhitekt&nbsp;<strong>Dinko Grgurevi\u0107<\/strong>, geodet&nbsp;<strong>Emil Zlatar<\/strong>,&nbsp;<strong>Antonio Mika\u010di\u0107<\/strong>&nbsp;i&nbsp;<strong>\u017deljko Babi\u0107<\/strong>.<br><br>U tijeku su pretrage ureda i domova osumnji\u010denih.<br><br>Rije\u010d je o luksuznim lokacijama vrijednima milijune eura, zemlji\u0161tima uz samu obalu, u za\u0161ti\u0107enom podru\u010dju za koje se tra\u017eila zamjenska gra\u0111evinska dozvola kako bi se mogli izgraditi novi objekti. Kupci su bile strane tvrtke u vlasni\u0161tvu francuskih dr\u017eavljana.&nbsp;<br><br>Na ilegalne radnje preko kojih su se zara\u0111ivali milijuni eura prije je upozoravao i&nbsp;<strong>Frane Lozi\u0107<\/strong>, na\u010delnik bra\u010dke op\u0107ine Milna.<\/p>\n\n\n\n<p>Izvor:hrt.hr<\/p>\n","protected":false},"excerpt":{"rendered":"<p>U velikoj akciji policije i USKOK-a u Dalmaciji uhi\u0107eno je \u0161est osoba zbog sumnji u malverzacije sa zemlji\u0161tem i izdavanja krivotvorenih gra\u0111evinskih dozvola na Bra\u010du, u Splitu i Ka\u0161telima. Rije\u010d je o otprije poznatoj aferi, na koju je ukazivao na\u010delnik op\u0107ine Milna Frane Lozi\u0107, koji je zbog toga dobivao prijetnje smr\u0107u, a bio je i [&hellip;]<\/p>\n","protected":false},"author":2,"featured_media":75124,"comment_status":"closed","ping_status":"closed","sticky":false,"template":"","format":"standard","meta":{"h5ap_radio_sources":[],"footnotes":""},"categories":[1],"tags":[],"class_list":["post-75123","post","type-post","status-publish","format-standard","has-post-thumbnail","hentry","category-bihiregija"],"yoast_head":"<!-- This site is optimized with the Yoast SEO plugin v27.4 - https:\/\/yoast.com\/product\/yoast-seo-wordpress\/ -->\n<title>Uhi\u0107eni zbog malverzacija sa zemlji\u0161tem na Bra\u010du - RADIO LJUBU\u0160KI<\/title>\n<meta name=\"robots\" content=\"index, follow, max-snippet:-1, max-image-preview:large, max-video-preview:-1\" \/>\n<link rel=\"canonical\" href=\"https:\/\/radioljubuski.ba\/index.php\/2021\/10\/13\/uhiceni-zbog-malverzacija-sa-zemljistem-na-bracu\/\" \/>\n<meta property=\"og:locale\" content=\"hr_HR\" \/>\n<meta property=\"og:type\" content=\"article\" \/>\n<meta property=\"og:title\" content=\"Uhi\u0107eni zbog malverzacija sa zemlji\u0161tem na Bra\u010du - RADIO LJUBU\u0160KI\" \/>\n<meta property=\"og:description\" content=\"U velikoj akciji policije i USKOK-a u Dalmaciji uhi\u0107eno je \u0161est osoba zbog sumnji u malverzacije sa zemlji\u0161tem i izdavanja krivotvorenih gra\u0111evinskih dozvola na Bra\u010du, u Splitu i Ka\u0161telima. Rije\u010d je o otprije poznatoj aferi, na koju je ukazivao na\u010delnik op\u0107ine Milna Frane Lozi\u0107, koji je zbog toga dobivao prijetnje smr\u0107u, a bio je i [&hellip;]\" \/>\n<meta property=\"og:url\" content=\"https:\/\/radioljubuski.ba\/index.php\/2021\/10\/13\/uhiceni-zbog-malverzacija-sa-zemljistem-na-bracu\/\" \/>\n<meta property=\"og:site_name\" content=\"RADIO LJUBU\u0160KI\" \/>\n<meta property=\"article:publisher\" content=\"https:\/\/www.facebook.com\/Radiio-Ljubuski-1490835324566332\" \/>\n<meta property=\"article:published_time\" content=\"2021-10-13T16:01:27+00:00\" \/>\n<meta property=\"article:modified_time\" content=\"2021-10-13T16:01:29+00:00\" \/>\n<meta property=\"og:image\" content=\"https:\/\/radioljubuski.ba\/wp-content\/uploads\/2021\/10\/290497.jpg\" \/>\n\t<meta property=\"og:image:width\" content=\"730\" \/>\n\t<meta property=\"og:image:height\" content=\"487\" \/>\n\t<meta property=\"og:image:type\" content=\"image\/jpeg\" \/>\n<meta name=\"author\" content=\"Radio Ljubu\u0161ki\" \/>\n<meta name=\"twitter:card\" content=\"summary_large_image\" \/>\n<meta name=\"twitter:creator\" content=\"@radioljubuski\" \/>\n<meta name=\"twitter:site\" content=\"@radioljubuski\" \/>\n<meta name=\"twitter:label1\" content=\"Napisao\/la\" \/>\n\t<meta name=\"twitter:data1\" content=\"Radio Ljubu\u0161ki\" \/>\n\t<meta name=\"twitter:label2\" content=\"Procijenjeno vrijeme \u010ditanja\" \/>\n\t<meta name=\"twitter:data2\" content=\"3 minute\" \/>\n<script type=\"application\/ld+json\" class=\"yoast-schema-graph\">{\"@context\":\"https:\\\/\\\/schema.org\",\"@graph\":[{\"@type\":\"Article\",\"@id\":\"https:\\\/\\\/radioljubuski.ba\\\/index.php\\\/2021\\\/10\\\/13\\\/uhiceni-zbog-malverzacija-sa-zemljistem-na-bracu\\\/#article\",\"isPartOf\":{\"@id\":\"https:\\\/\\\/radioljubuski.ba\\\/index.php\\\/2021\\\/10\\\/13\\\/uhiceni-zbog-malverzacija-sa-zemljistem-na-bracu\\\/\"},\"author\":{\"name\":\"Radio Ljubu\u0161ki\",\"@id\":\"https:\\\/\\\/radioljubuski.ba\\\/#\\\/schema\\\/person\\\/19fc700381a780f69665d7956c469e3b\"},\"headline\":\"Uhi\u0107eni zbog malverzacija sa zemlji\u0161tem na Bra\u010du\",\"datePublished\":\"2021-10-13T16:01:27+00:00\",\"dateModified\":\"2021-10-13T16:01:29+00:00\",\"mainEntityOfPage\":{\"@id\":\"https:\\\/\\\/radioljubuski.ba\\\/index.php\\\/2021\\\/10\\\/13\\\/uhiceni-zbog-malverzacija-sa-zemljistem-na-bracu\\\/\"},\"wordCount\":737,\"publisher\":{\"@id\":\"https:\\\/\\\/radioljubuski.ba\\\/#organization\"},\"image\":{\"@id\":\"https:\\\/\\\/radioljubuski.ba\\\/index.php\\\/2021\\\/10\\\/13\\\/uhiceni-zbog-malverzacija-sa-zemljistem-na-bracu\\\/#primaryimage\"},\"thumbnailUrl\":\"https:\\\/\\\/radioljubuski.ba\\\/wp-content\\\/uploads\\\/2021\\\/10\\\/290497.jpg\",\"articleSection\":[\"BIH i regija\"],\"inLanguage\":\"hr\"},{\"@type\":\"WebPage\",\"@id\":\"https:\\\/\\\/radioljubuski.ba\\\/index.php\\\/2021\\\/10\\\/13\\\/uhiceni-zbog-malverzacija-sa-zemljistem-na-bracu\\\/\",\"url\":\"https:\\\/\\\/radioljubuski.ba\\\/index.php\\\/2021\\\/10\\\/13\\\/uhiceni-zbog-malverzacija-sa-zemljistem-na-bracu\\\/\",\"name\":\"Uhi\u0107eni zbog malverzacija sa zemlji\u0161tem na Bra\u010du - RADIO LJUBU\u0160KI\",\"isPartOf\":{\"@id\":\"https:\\\/\\\/radioljubuski.ba\\\/#website\"},\"primaryImageOfPage\":{\"@id\":\"https:\\\/\\\/radioljubuski.ba\\\/index.php\\\/2021\\\/10\\\/13\\\/uhiceni-zbog-malverzacija-sa-zemljistem-na-bracu\\\/#primaryimage\"},\"image\":{\"@id\":\"https:\\\/\\\/radioljubuski.ba\\\/index.php\\\/2021\\\/10\\\/13\\\/uhiceni-zbog-malverzacija-sa-zemljistem-na-bracu\\\/#primaryimage\"},\"thumbnailUrl\":\"https:\\\/\\\/radioljubuski.ba\\\/wp-content\\\/uploads\\\/2021\\\/10\\\/290497.jpg\",\"datePublished\":\"2021-10-13T16:01:27+00:00\",\"dateModified\":\"2021-10-13T16:01:29+00:00\",\"breadcrumb\":{\"@id\":\"https:\\\/\\\/radioljubuski.ba\\\/index.php\\\/2021\\\/10\\\/13\\\/uhiceni-zbog-malverzacija-sa-zemljistem-na-bracu\\\/#breadcrumb\"},\"inLanguage\":\"hr\",\"potentialAction\":[{\"@type\":\"ReadAction\",\"target\":[\"https:\\\/\\\/radioljubuski.ba\\\/index.php\\\/2021\\\/10\\\/13\\\/uhiceni-zbog-malverzacija-sa-zemljistem-na-bracu\\\/\"]}]},{\"@type\":\"ImageObject\",\"inLanguage\":\"hr\",\"@id\":\"https:\\\/\\\/radioljubuski.ba\\\/index.php\\\/2021\\\/10\\\/13\\\/uhiceni-zbog-malverzacija-sa-zemljistem-na-bracu\\\/#primaryimage\",\"url\":\"https:\\\/\\\/radioljubuski.ba\\\/wp-content\\\/uploads\\\/2021\\\/10\\\/290497.jpg\",\"contentUrl\":\"https:\\\/\\\/radioljubuski.ba\\\/wp-content\\\/uploads\\\/2021\\\/10\\\/290497.jpg\",\"width\":730,\"height\":487},{\"@type\":\"BreadcrumbList\",\"@id\":\"https:\\\/\\\/radioljubuski.ba\\\/index.php\\\/2021\\\/10\\\/13\\\/uhiceni-zbog-malverzacija-sa-zemljistem-na-bracu\\\/#breadcrumb\",\"itemListElement\":[{\"@type\":\"ListItem\",\"position\":1,\"name\":\"Po\u010detna stranica\",\"item\":\"https:\\\/\\\/radioljubuski.ba\\\/\"},{\"@type\":\"ListItem\",\"position\":2,\"name\":\"Uhi\u0107eni zbog malverzacija sa zemlji\u0161tem na Bra\u010du\"}]},{\"@type\":\"WebSite\",\"@id\":\"https:\\\/\\\/radioljubuski.ba\\\/#website\",\"url\":\"https:\\\/\\\/radioljubuski.ba\\\/\",\"name\":\"Radio Ljubu\u0161ki\",\"description\":\"Sun\u010dana frekvencija Hercegovine\",\"publisher\":{\"@id\":\"https:\\\/\\\/radioljubuski.ba\\\/#organization\"},\"potentialAction\":[{\"@type\":\"SearchAction\",\"target\":{\"@type\":\"EntryPoint\",\"urlTemplate\":\"https:\\\/\\\/radioljubuski.ba\\\/?s={search_term_string}\"},\"query-input\":{\"@type\":\"PropertyValueSpecification\",\"valueRequired\":true,\"valueName\":\"search_term_string\"}}],\"inLanguage\":\"hr\"},{\"@type\":\"Organization\",\"@id\":\"https:\\\/\\\/radioljubuski.ba\\\/#organization\",\"name\":\"Radio Ljubu\u0161ki\",\"url\":\"https:\\\/\\\/radioljubuski.ba\\\/\",\"logo\":{\"@type\":\"ImageObject\",\"inLanguage\":\"hr\",\"@id\":\"https:\\\/\\\/radioljubuski.ba\\\/#\\\/schema\\\/logo\\\/image\\\/\",\"url\":\"https:\\\/\\\/radioljubuski.ba\\\/wp-content\\\/uploads\\\/2021\\\/02\\\/cropped-Radio_Ljubuski_logo1.jpg\",\"contentUrl\":\"https:\\\/\\\/radioljubuski.ba\\\/wp-content\\\/uploads\\\/2021\\\/02\\\/cropped-Radio_Ljubuski_logo1.jpg\",\"width\":512,\"height\":512,\"caption\":\"Radio Ljubu\u0161ki\"},\"image\":{\"@id\":\"https:\\\/\\\/radioljubuski.ba\\\/#\\\/schema\\\/logo\\\/image\\\/\"},\"sameAs\":[\"https:\\\/\\\/www.facebook.com\\\/Radiio-Ljubuski-1490835324566332\",\"https:\\\/\\\/x.com\\\/radioljubuski\",\"https:\\\/\\\/hr.linkedin.com\\\/company\\\/radio-ljubuski\",\"https:\\\/\\\/www.youtube.com\\\/channel\\\/UCHYaeO_n0Db3tjNGudGpXyw\"]},{\"@type\":\"Person\",\"@id\":\"https:\\\/\\\/radioljubuski.ba\\\/#\\\/schema\\\/person\\\/19fc700381a780f69665d7956c469e3b\",\"name\":\"Radio Ljubu\u0161ki\"}]}<\/script>\n<!-- \/ Yoast SEO plugin. -->","yoast_head_json":{"title":"Uhi\u0107eni zbog malverzacija sa zemlji\u0161tem na Bra\u010du - RADIO LJUBU\u0160KI","robots":{"index":"index","follow":"follow","max-snippet":"max-snippet:-1","max-image-preview":"max-image-preview:large","max-video-preview":"max-video-preview:-1"},"canonical":"https:\/\/radioljubuski.ba\/index.php\/2021\/10\/13\/uhiceni-zbog-malverzacija-sa-zemljistem-na-bracu\/","og_locale":"hr_HR","og_type":"article","og_title":"Uhi\u0107eni zbog malverzacija sa zemlji\u0161tem na Bra\u010du - RADIO LJUBU\u0160KI","og_description":"U velikoj akciji policije i USKOK-a u Dalmaciji uhi\u0107eno je \u0161est osoba zbog sumnji u malverzacije sa zemlji\u0161tem i izdavanja krivotvorenih gra\u0111evinskih dozvola na Bra\u010du, u Splitu i Ka\u0161telima. Rije\u010d je o otprije poznatoj aferi, na koju je ukazivao na\u010delnik op\u0107ine Milna Frane Lozi\u0107, koji je zbog toga dobivao prijetnje smr\u0107u, a bio je i [&hellip;]","og_url":"https:\/\/radioljubuski.ba\/index.php\/2021\/10\/13\/uhiceni-zbog-malverzacija-sa-zemljistem-na-bracu\/","og_site_name":"RADIO LJUBU\u0160KI","article_publisher":"https:\/\/www.facebook.com\/Radiio-Ljubuski-1490835324566332","article_published_time":"2021-10-13T16:01:27+00:00","article_modified_time":"2021-10-13T16:01:29+00:00","og_image":[{"width":730,"height":487,"url":"https:\/\/radioljubuski.ba\/wp-content\/uploads\/2021\/10\/290497.jpg","type":"image\/jpeg"}],"author":"Radio Ljubu\u0161ki","twitter_card":"summary_large_image","twitter_creator":"@radioljubuski","twitter_site":"@radioljubuski","twitter_misc":{"Napisao\/la":"Radio Ljubu\u0161ki","Procijenjeno vrijeme \u010ditanja":"3 minute"},"schema":{"@context":"https:\/\/schema.org","@graph":[{"@type":"Article","@id":"https:\/\/radioljubuski.ba\/index.php\/2021\/10\/13\/uhiceni-zbog-malverzacija-sa-zemljistem-na-bracu\/#article","isPartOf":{"@id":"https:\/\/radioljubuski.ba\/index.php\/2021\/10\/13\/uhiceni-zbog-malverzacija-sa-zemljistem-na-bracu\/"},"author":{"name":"Radio Ljubu\u0161ki","@id":"https:\/\/radioljubuski.ba\/#\/schema\/person\/19fc700381a780f69665d7956c469e3b"},"headline":"Uhi\u0107eni zbog malverzacija sa zemlji\u0161tem na Bra\u010du","datePublished":"2021-10-13T16:01:27+00:00","dateModified":"2021-10-13T16:01:29+00:00","mainEntityOfPage":{"@id":"https:\/\/radioljubuski.ba\/index.php\/2021\/10\/13\/uhiceni-zbog-malverzacija-sa-zemljistem-na-bracu\/"},"wordCount":737,"publisher":{"@id":"https:\/\/radioljubuski.ba\/#organization"},"image":{"@id":"https:\/\/radioljubuski.ba\/index.php\/2021\/10\/13\/uhiceni-zbog-malverzacija-sa-zemljistem-na-bracu\/#primaryimage"},"thumbnailUrl":"https:\/\/radioljubuski.ba\/wp-content\/uploads\/2021\/10\/290497.jpg","articleSection":["BIH i regija"],"inLanguage":"hr"},{"@type":"WebPage","@id":"https:\/\/radioljubuski.ba\/index.php\/2021\/10\/13\/uhiceni-zbog-malverzacija-sa-zemljistem-na-bracu\/","url":"https:\/\/radioljubuski.ba\/index.php\/2021\/10\/13\/uhiceni-zbog-malverzacija-sa-zemljistem-na-bracu\/","name":"Uhi\u0107eni zbog malverzacija sa zemlji\u0161tem na Bra\u010du - RADIO LJUBU\u0160KI","isPartOf":{"@id":"https:\/\/radioljubuski.ba\/#website"},"primaryImageOfPage":{"@id":"https:\/\/radioljubuski.ba\/index.php\/2021\/10\/13\/uhiceni-zbog-malverzacija-sa-zemljistem-na-bracu\/#primaryimage"},"image":{"@id":"https:\/\/radioljubuski.ba\/index.php\/2021\/10\/13\/uhiceni-zbog-malverzacija-sa-zemljistem-na-bracu\/#primaryimage"},"thumbnailUrl":"https:\/\/radioljubuski.ba\/wp-content\/uploads\/2021\/10\/290497.jpg","datePublished":"2021-10-13T16:01:27+00:00","dateModified":"2021-10-13T16:01:29+00:00","breadcrumb":{"@id":"https:\/\/radioljubuski.ba\/index.php\/2021\/10\/13\/uhiceni-zbog-malverzacija-sa-zemljistem-na-bracu\/#breadcrumb"},"inLanguage":"hr","potentialAction":[{"@type":"ReadAction","target":["https:\/\/radioljubuski.ba\/index.php\/2021\/10\/13\/uhiceni-zbog-malverzacija-sa-zemljistem-na-bracu\/"]}]},{"@type":"ImageObject","inLanguage":"hr","@id":"https:\/\/radioljubuski.ba\/index.php\/2021\/10\/13\/uhiceni-zbog-malverzacija-sa-zemljistem-na-bracu\/#primaryimage","url":"https:\/\/radioljubuski.ba\/wp-content\/uploads\/2021\/10\/290497.jpg","contentUrl":"https:\/\/radioljubuski.ba\/wp-content\/uploads\/2021\/10\/290497.jpg","width":730,"height":487},{"@type":"BreadcrumbList","@id":"https:\/\/radioljubuski.ba\/index.php\/2021\/10\/13\/uhiceni-zbog-malverzacija-sa-zemljistem-na-bracu\/#breadcrumb","itemListElement":[{"@type":"ListItem","position":1,"name":"Po\u010detna stranica","item":"https:\/\/radioljubuski.ba\/"},{"@type":"ListItem","position":2,"name":"Uhi\u0107eni zbog malverzacija sa zemlji\u0161tem na Bra\u010du"}]},{"@type":"WebSite","@id":"https:\/\/radioljubuski.ba\/#website","url":"https:\/\/radioljubuski.ba\/","name":"Radio Ljubu\u0161ki","description":"Sun\u010dana frekvencija Hercegovine","publisher":{"@id":"https:\/\/radioljubuski.ba\/#organization"},"potentialAction":[{"@type":"SearchAction","target":{"@type":"EntryPoint","urlTemplate":"https:\/\/radioljubuski.ba\/?s={search_term_string}"},"query-input":{"@type":"PropertyValueSpecification","valueRequired":true,"valueName":"search_term_string"}}],"inLanguage":"hr"},{"@type":"Organization","@id":"https:\/\/radioljubuski.ba\/#organization","name":"Radio Ljubu\u0161ki","url":"https:\/\/radioljubuski.ba\/","logo":{"@type":"ImageObject","inLanguage":"hr","@id":"https:\/\/radioljubuski.ba\/#\/schema\/logo\/image\/","url":"https:\/\/radioljubuski.ba\/wp-content\/uploads\/2021\/02\/cropped-Radio_Ljubuski_logo1.jpg","contentUrl":"https:\/\/radioljubuski.ba\/wp-content\/uploads\/2021\/02\/cropped-Radio_Ljubuski_logo1.jpg","width":512,"height":512,"caption":"Radio Ljubu\u0161ki"},"image":{"@id":"https:\/\/radioljubuski.ba\/#\/schema\/logo\/image\/"},"sameAs":["https:\/\/www.facebook.com\/Radiio-Ljubuski-1490835324566332","https:\/\/x.com\/radioljubuski","https:\/\/hr.linkedin.com\/company\/radio-ljubuski","https:\/\/www.youtube.com\/channel\/UCHYaeO_n0Db3tjNGudGpXyw"]},{"@type":"Person","@id":"https:\/\/radioljubuski.ba\/#\/schema\/person\/19fc700381a780f69665d7956c469e3b","name":"Radio Ljubu\u0161ki"}]}},"_links":{"self":[{"href":"https:\/\/radioljubuski.ba\/index.php\/wp-json\/wp\/v2\/posts\/75123","targetHints":{"allow":["GET"]}}],"collection":[{"href":"https:\/\/radioljubuski.ba\/index.php\/wp-json\/wp\/v2\/posts"}],"about":[{"href":"https:\/\/radioljubuski.ba\/index.php\/wp-json\/wp\/v2\/types\/post"}],"author":[{"embeddable":true,"href":"https:\/\/radioljubuski.ba\/index.php\/wp-json\/wp\/v2\/users\/2"}],"replies":[{"embeddable":true,"href":"https:\/\/radioljubuski.ba\/index.php\/wp-json\/wp\/v2\/comments?post=75123"}],"version-history":[{"count":1,"href":"https:\/\/radioljubuski.ba\/index.php\/wp-json\/wp\/v2\/posts\/75123\/revisions"}],"predecessor-version":[{"id":75125,"href":"https:\/\/radioljubuski.ba\/index.php\/wp-json\/wp\/v2\/posts\/75123\/revisions\/75125"}],"wp:featuredmedia":[{"embeddable":true,"href":"https:\/\/radioljubuski.ba\/index.php\/wp-json\/wp\/v2\/media\/75124"}],"wp:attachment":[{"href":"https:\/\/radioljubuski.ba\/index.php\/wp-json\/wp\/v2\/media?parent=75123"}],"wp:term":[{"taxonomy":"category","embeddable":true,"href":"https:\/\/radioljubuski.ba\/index.php\/wp-json\/wp\/v2\/categories?post=75123"},{"taxonomy":"post_tag","embeddable":true,"href":"https:\/\/radioljubuski.ba\/index.php\/wp-json\/wp\/v2\/tags?post=75123"}],"curies":[{"name":"wp","href":"https:\/\/api.w.org\/{rel}","templated":true}]}}