{"id":75126,"date":"2021-10-13T17:02:54","date_gmt":"2021-10-13T16:02:54","guid":{"rendered":"https:\/\/radioljubuski.ba\/?p=75126"},"modified":"2021-10-13T17:02:56","modified_gmt":"2021-10-13T16:02:56","slug":"vrhovni-sud-sanaderu-godina-zatvora-manje-hdz-u-potvrdena-kazna-od-35-mil-kuna","status":"publish","type":"post","link":"https:\/\/radioljubuski.ba\/index.php\/2021\/10\/13\/vrhovni-sud-sanaderu-godina-zatvora-manje-hdz-u-potvrdena-kazna-od-35-mil-kuna\/","title":{"rendered":"Vrhovni sud: Sanaderu godina zatvora manje, HDZ-u potvr\u0111ena kazna od 3,5 mil. kuna"},"content":{"rendered":"\n<p><strong>Vrhovni sud objavio je pravomo\u0107nu presudu za aferu &#8220;Fimi Media&#8221;. Biv\u0161em premijeru i predsjedniku HDZ-a Ivi Sanaderu zbog zdravstvenog je stanja kazna smanjena s 8 na 7 godina zatora. Potvr\u0111ene su i kazne za ostale optu\u017eenike. HDZ kao pravna osoba mora platiti 3 i pol mil. kn kazne i u prora\u010dun vratiti 14 mil. nezakonito ste\u010denih kuna. Mladen Bari\u0161i\u0107 je dobio dvije godine i 10 mjeseci, a Branka Pavo\u0161evi\u0107 godinu i \u010detiri mjeseca. Ratko Ma\u010dek oslobo\u0111en je krivnje.<\/strong><\/p>\n\n\n\n<p>Sanader \u0107e, osim bla\u017ee kazne, dr\u017eavi, prema pravomo\u0107noj presudi Vrhovnog suda, morati vratiti 14,9 milijuna kuna nerazmjera izme\u0111u imovine i zakonskih primanja, odnosno 1,25 milijuna kuna manje nego \u0161to je u prvostupanjskoj presudi odredio zagreba\u010dki \u017dupanijski sud. Vrhovni sud djelomi\u010dno je ukinuo prvostupanjsku presudu i u dijelu koji se odnosi na, u me\u0111uvremenu preminulu, Nevenku Jurak, vlasnicu marketin\u0161ke tvrtke Fimi Media po kojoj je nazvana najve\u0107a korupcijska afera u hrvatskoj politici.<br><br>Odluku Vrhovnog suda u cijelosti mo\u017eete pro\u010ditati<strong>&nbsp;<a href=\"http:\/\/www.vsrh.hr\/CustomPages\/Static\/HRV\/Files\/2021dok\/Priopcenja\/I%20K%C5%BE-Us-21-21-17-an.pdf\" target=\"_blank\" rel=\"noreferrer noopener\">ovdje<\/a>.<\/strong><\/p>\n\n\n\n<p>Ponovljeno su\u0111enje na zagreba\u010dkom \u017dupanijskom sudu po\u010delo je 2016., godinu nakon \u0161to je Vrhovni sud ukinuo prvu malo stro\u017eu presudu donesenu jo\u0161 2013. Uz biv\u0161eg premijera i nekada\u0161njeg predsjednika HDZ-a, ali i tu stranku koja \u0107e uz 3,5 milijuna kuna kazne dr\u017eavi morati vratiti i 14,6 milijuna kuna nepripadne koristi, u studenome 2020. nepravomo\u0107no su u ponovljenom postupku osu\u0111eni i Sanaderovi suoptu\u017eenici.<br><br>Njima je Vrhovni sud potvrdio kazne pa je biv\u0161i HDZ-ov rizni\u010dar&nbsp;<strong>Mladen Bari\u0161i\u0107<\/strong>&nbsp;sada i pravomo\u0107no osu\u0111en na jedinstvenu kaznu od dvije godine i 10 mjeseci zatvora, dok je prvom presudom iz 2013. bio osu\u0111en na tri godine zatvora.&nbsp;Blagajnica&nbsp;<strong>Branka Pavo\u0161evi\u0107<\/strong>&nbsp;osu\u0111ena je na jedinstvenu kaznu od godinu i \u010detiri mjeseca, dok je 2013. bila osu\u0111ena na godinu i \u0161est mjeseci.<br><br>HDZ je osu\u0111en na pla\u0107anje nov\u010dane kazne od tri i pol milijuna kuna i povrat 14,6 milijuna kuna u prora\u010dun, dok je stranci u prvom su\u0111enju izre\u010dena nov\u010dana kazna od pet milijuna kuna. Jedino je glasnogovornik Sanaderove vlade i stranke&nbsp;<strong>Ratko Ma\u010dek,&nbsp;<\/strong>koji je u prvom postupku dobio uvjetnu kaznu odlukom zagreba\u010dkog \u017dupanijskog suda, a koju je danas potvrdio i Vrhovni sud, oslobo\u0111en optu\u017ebe.<br><br><strong>Sanaderu smanjena kazna zbog zdravstvenih tegoba<\/strong><br><br>Obrazla\u017eu\u0107i smanjenje kazne Sanaderu, Vrhovni sud ustvrdio je da je prvostupanjski sud pravilno odredio pojedina\u010dne kazne, ali je pri odmjeravanju jedinstvene kazne propustio uzeti u obzir ozbiljne zdravstvene tegobe optu\u017eenika. Najvi\u0161i sud za Sanadera i njegovu grupu navodi i da je od 2004. do 2009. &#8220;postupala s ciljem pribavljanja nelegalnih sredstava, prikrivanja ostvarenih prihoda i iz istih financiranja optu\u017eene politi\u010dke stranke&#8221;. Sanader je, dodaju, svojim postupanjem znatno uru\u0161io sustav povjerenja u institucije vlasti jer je svoj polo\u017eaj iskoristio za osobno boga\u0107enje, a osobito za nezakonito financiranje stranke kojoj je bio na \u010delu.<\/p>\n\n\n\n<p>\u0160to se ti\u010de ukinutog dijela presude vezane uz&nbsp;<strong>Nevenku Jurak,&nbsp;<\/strong>Vrhovni sud utvrdio je da je prvostupanjski sud po\u010dinio bitnu povredu odredaba kaznenog postupka pa \u0107e morati &#8220;iznova provesti poseban postupak na temelju zahtjeva optu\u017ebe za oduzimanje imovinske koristi. Nakon \u0161to utvrdi je li preminula osoba po\u010dinila protupravnu radnju i je li tom radnjom ostvarena imovinska korist, donijet \u0107e novu presudu koju je du\u017ean i valjano obrazlo\u017eiti&#8221;.<br><br>Za potvr\u0111ene kazne ostalim optu\u017eenicima Vrhovni sud navodi da nisu ni prestroge ni preblage te \u0107e ispuniti svrhu ka\u017enjavanja. Za kaznu HDZ-u Vrhovni sud ocijenio je da je rije\u010d o vode\u0107oj parlamentarnoj stranci koja zbog ve\u0107eg broja \u010dlanova, ali i broja zastupnika ima znatne prihode, &#8220;stoga pla\u0107anje izre\u010dene nov\u010dane kazne ne\u0107e dovesti u pitanje egzistenciju pravne osobe te \u0107e se posti\u0107i svrha ka\u017enjavanja&#8221;.<\/p>\n\n\n\n<p>Izvor:hrt.hr<\/p>\n","protected":false},"excerpt":{"rendered":"<p>Vrhovni sud objavio je pravomo\u0107nu presudu za aferu &#8220;Fimi Media&#8221;. Biv\u0161em premijeru i predsjedniku HDZ-a Ivi Sanaderu zbog zdravstvenog je stanja kazna smanjena s 8 na 7 godina zatora. Potvr\u0111ene su i kazne za ostale optu\u017eenike. HDZ kao pravna osoba mora platiti 3 i pol mil. kn kazne i u prora\u010dun vratiti 14 mil. nezakonito [&hellip;]<\/p>\n","protected":false},"author":2,"featured_media":75127,"comment_status":"closed","ping_status":"closed","sticky":false,"template":"","format":"standard","meta":{"h5ap_radio_sources":[],"footnotes":""},"categories":[1],"tags":[],"class_list":["post-75126","post","type-post","status-publish","format-standard","has-post-thumbnail","hentry","category-bihiregija"],"yoast_head":"<!-- This site is optimized with the Yoast SEO plugin v27.4 - https:\/\/yoast.com\/product\/yoast-seo-wordpress\/ -->\n<title>Vrhovni sud: Sanaderu godina zatvora manje, HDZ-u potvr\u0111ena kazna od 3,5 mil. kuna - RADIO LJUBU\u0160KI<\/title>\n<meta name=\"robots\" content=\"index, follow, max-snippet:-1, max-image-preview:large, max-video-preview:-1\" \/>\n<link rel=\"canonical\" href=\"https:\/\/radioljubuski.ba\/index.php\/2021\/10\/13\/vrhovni-sud-sanaderu-godina-zatvora-manje-hdz-u-potvrdena-kazna-od-35-mil-kuna\/\" \/>\n<meta property=\"og:locale\" content=\"hr_HR\" \/>\n<meta property=\"og:type\" content=\"article\" \/>\n<meta property=\"og:title\" content=\"Vrhovni sud: Sanaderu godina zatvora manje, HDZ-u potvr\u0111ena kazna od 3,5 mil. kuna - RADIO LJUBU\u0160KI\" \/>\n<meta property=\"og:description\" content=\"Vrhovni sud objavio je pravomo\u0107nu presudu za aferu &#8220;Fimi Media&#8221;. Biv\u0161em premijeru i predsjedniku HDZ-a Ivi Sanaderu zbog zdravstvenog je stanja kazna smanjena s 8 na 7 godina zatora. Potvr\u0111ene su i kazne za ostale optu\u017eenike. HDZ kao pravna osoba mora platiti 3 i pol mil. kn kazne i u prora\u010dun vratiti 14 mil. nezakonito [&hellip;]\" \/>\n<meta property=\"og:url\" content=\"https:\/\/radioljubuski.ba\/index.php\/2021\/10\/13\/vrhovni-sud-sanaderu-godina-zatvora-manje-hdz-u-potvrdena-kazna-od-35-mil-kuna\/\" \/>\n<meta property=\"og:site_name\" content=\"RADIO LJUBU\u0160KI\" \/>\n<meta property=\"article:publisher\" content=\"https:\/\/www.facebook.com\/Radiio-Ljubuski-1490835324566332\" \/>\n<meta property=\"article:published_time\" content=\"2021-10-13T16:02:54+00:00\" \/>\n<meta property=\"article:modified_time\" content=\"2021-10-13T16:02:56+00:00\" \/>\n<meta property=\"og:image\" content=\"https:\/\/radioljubuski.ba\/wp-content\/uploads\/2021\/10\/005a8ad11652ed8decf9.jpeg\" \/>\n\t<meta property=\"og:image:width\" content=\"1280\" \/>\n\t<meta property=\"og:image:height\" content=\"857\" \/>\n\t<meta property=\"og:image:type\" content=\"image\/jpeg\" \/>\n<meta name=\"author\" content=\"Radio Ljubu\u0161ki\" \/>\n<meta name=\"twitter:card\" content=\"summary_large_image\" \/>\n<meta name=\"twitter:creator\" content=\"@radioljubuski\" \/>\n<meta name=\"twitter:site\" content=\"@radioljubuski\" \/>\n<meta name=\"twitter:label1\" content=\"Napisao\/la\" \/>\n\t<meta name=\"twitter:data1\" content=\"Radio Ljubu\u0161ki\" \/>\n\t<meta name=\"twitter:label2\" content=\"Procijenjeno vrijeme \u010ditanja\" \/>\n\t<meta name=\"twitter:data2\" content=\"3 minute\" \/>\n<script type=\"application\/ld+json\" class=\"yoast-schema-graph\">{\"@context\":\"https:\\\/\\\/schema.org\",\"@graph\":[{\"@type\":\"Article\",\"@id\":\"https:\\\/\\\/radioljubuski.ba\\\/index.php\\\/2021\\\/10\\\/13\\\/vrhovni-sud-sanaderu-godina-zatvora-manje-hdz-u-potvrdena-kazna-od-35-mil-kuna\\\/#article\",\"isPartOf\":{\"@id\":\"https:\\\/\\\/radioljubuski.ba\\\/index.php\\\/2021\\\/10\\\/13\\\/vrhovni-sud-sanaderu-godina-zatvora-manje-hdz-u-potvrdena-kazna-od-35-mil-kuna\\\/\"},\"author\":{\"name\":\"Radio Ljubu\u0161ki\",\"@id\":\"https:\\\/\\\/radioljubuski.ba\\\/#\\\/schema\\\/person\\\/19fc700381a780f69665d7956c469e3b\"},\"headline\":\"Vrhovni sud: Sanaderu godina zatvora manje, HDZ-u potvr\u0111ena kazna od 3,5 mil. kuna\",\"datePublished\":\"2021-10-13T16:02:54+00:00\",\"dateModified\":\"2021-10-13T16:02:56+00:00\",\"mainEntityOfPage\":{\"@id\":\"https:\\\/\\\/radioljubuski.ba\\\/index.php\\\/2021\\\/10\\\/13\\\/vrhovni-sud-sanaderu-godina-zatvora-manje-hdz-u-potvrdena-kazna-od-35-mil-kuna\\\/\"},\"wordCount\":659,\"publisher\":{\"@id\":\"https:\\\/\\\/radioljubuski.ba\\\/#organization\"},\"image\":{\"@id\":\"https:\\\/\\\/radioljubuski.ba\\\/index.php\\\/2021\\\/10\\\/13\\\/vrhovni-sud-sanaderu-godina-zatvora-manje-hdz-u-potvrdena-kazna-od-35-mil-kuna\\\/#primaryimage\"},\"thumbnailUrl\":\"https:\\\/\\\/radioljubuski.ba\\\/wp-content\\\/uploads\\\/2021\\\/10\\\/005a8ad11652ed8decf9.jpeg\",\"articleSection\":[\"BIH i regija\"],\"inLanguage\":\"hr\"},{\"@type\":\"WebPage\",\"@id\":\"https:\\\/\\\/radioljubuski.ba\\\/index.php\\\/2021\\\/10\\\/13\\\/vrhovni-sud-sanaderu-godina-zatvora-manje-hdz-u-potvrdena-kazna-od-35-mil-kuna\\\/\",\"url\":\"https:\\\/\\\/radioljubuski.ba\\\/index.php\\\/2021\\\/10\\\/13\\\/vrhovni-sud-sanaderu-godina-zatvora-manje-hdz-u-potvrdena-kazna-od-35-mil-kuna\\\/\",\"name\":\"Vrhovni sud: Sanaderu godina zatvora manje, HDZ-u potvr\u0111ena kazna od 3,5 mil. kuna - RADIO LJUBU\u0160KI\",\"isPartOf\":{\"@id\":\"https:\\\/\\\/radioljubuski.ba\\\/#website\"},\"primaryImageOfPage\":{\"@id\":\"https:\\\/\\\/radioljubuski.ba\\\/index.php\\\/2021\\\/10\\\/13\\\/vrhovni-sud-sanaderu-godina-zatvora-manje-hdz-u-potvrdena-kazna-od-35-mil-kuna\\\/#primaryimage\"},\"image\":{\"@id\":\"https:\\\/\\\/radioljubuski.ba\\\/index.php\\\/2021\\\/10\\\/13\\\/vrhovni-sud-sanaderu-godina-zatvora-manje-hdz-u-potvrdena-kazna-od-35-mil-kuna\\\/#primaryimage\"},\"thumbnailUrl\":\"https:\\\/\\\/radioljubuski.ba\\\/wp-content\\\/uploads\\\/2021\\\/10\\\/005a8ad11652ed8decf9.jpeg\",\"datePublished\":\"2021-10-13T16:02:54+00:00\",\"dateModified\":\"2021-10-13T16:02:56+00:00\",\"breadcrumb\":{\"@id\":\"https:\\\/\\\/radioljubuski.ba\\\/index.php\\\/2021\\\/10\\\/13\\\/vrhovni-sud-sanaderu-godina-zatvora-manje-hdz-u-potvrdena-kazna-od-35-mil-kuna\\\/#breadcrumb\"},\"inLanguage\":\"hr\",\"potentialAction\":[{\"@type\":\"ReadAction\",\"target\":[\"https:\\\/\\\/radioljubuski.ba\\\/index.php\\\/2021\\\/10\\\/13\\\/vrhovni-sud-sanaderu-godina-zatvora-manje-hdz-u-potvrdena-kazna-od-35-mil-kuna\\\/\"]}]},{\"@type\":\"ImageObject\",\"inLanguage\":\"hr\",\"@id\":\"https:\\\/\\\/radioljubuski.ba\\\/index.php\\\/2021\\\/10\\\/13\\\/vrhovni-sud-sanaderu-godina-zatvora-manje-hdz-u-potvrdena-kazna-od-35-mil-kuna\\\/#primaryimage\",\"url\":\"https:\\\/\\\/radioljubuski.ba\\\/wp-content\\\/uploads\\\/2021\\\/10\\\/005a8ad11652ed8decf9.jpeg\",\"contentUrl\":\"https:\\\/\\\/radioljubuski.ba\\\/wp-content\\\/uploads\\\/2021\\\/10\\\/005a8ad11652ed8decf9.jpeg\",\"width\":1280,\"height\":857},{\"@type\":\"BreadcrumbList\",\"@id\":\"https:\\\/\\\/radioljubuski.ba\\\/index.php\\\/2021\\\/10\\\/13\\\/vrhovni-sud-sanaderu-godina-zatvora-manje-hdz-u-potvrdena-kazna-od-35-mil-kuna\\\/#breadcrumb\",\"itemListElement\":[{\"@type\":\"ListItem\",\"position\":1,\"name\":\"Po\u010detna stranica\",\"item\":\"https:\\\/\\\/radioljubuski.ba\\\/\"},{\"@type\":\"ListItem\",\"position\":2,\"name\":\"Vrhovni sud: Sanaderu godina zatvora manje, HDZ-u potvr\u0111ena kazna od 3,5 mil. kuna\"}]},{\"@type\":\"WebSite\",\"@id\":\"https:\\\/\\\/radioljubuski.ba\\\/#website\",\"url\":\"https:\\\/\\\/radioljubuski.ba\\\/\",\"name\":\"Radio Ljubu\u0161ki\",\"description\":\"Sun\u010dana frekvencija Hercegovine\",\"publisher\":{\"@id\":\"https:\\\/\\\/radioljubuski.ba\\\/#organization\"},\"potentialAction\":[{\"@type\":\"SearchAction\",\"target\":{\"@type\":\"EntryPoint\",\"urlTemplate\":\"https:\\\/\\\/radioljubuski.ba\\\/?s={search_term_string}\"},\"query-input\":{\"@type\":\"PropertyValueSpecification\",\"valueRequired\":true,\"valueName\":\"search_term_string\"}}],\"inLanguage\":\"hr\"},{\"@type\":\"Organization\",\"@id\":\"https:\\\/\\\/radioljubuski.ba\\\/#organization\",\"name\":\"Radio Ljubu\u0161ki\",\"url\":\"https:\\\/\\\/radioljubuski.ba\\\/\",\"logo\":{\"@type\":\"ImageObject\",\"inLanguage\":\"hr\",\"@id\":\"https:\\\/\\\/radioljubuski.ba\\\/#\\\/schema\\\/logo\\\/image\\\/\",\"url\":\"https:\\\/\\\/radioljubuski.ba\\\/wp-content\\\/uploads\\\/2021\\\/02\\\/cropped-Radio_Ljubuski_logo1.jpg\",\"contentUrl\":\"https:\\\/\\\/radioljubuski.ba\\\/wp-content\\\/uploads\\\/2021\\\/02\\\/cropped-Radio_Ljubuski_logo1.jpg\",\"width\":512,\"height\":512,\"caption\":\"Radio Ljubu\u0161ki\"},\"image\":{\"@id\":\"https:\\\/\\\/radioljubuski.ba\\\/#\\\/schema\\\/logo\\\/image\\\/\"},\"sameAs\":[\"https:\\\/\\\/www.facebook.com\\\/Radiio-Ljubuski-1490835324566332\",\"https:\\\/\\\/x.com\\\/radioljubuski\",\"https:\\\/\\\/hr.linkedin.com\\\/company\\\/radio-ljubuski\",\"https:\\\/\\\/www.youtube.com\\\/channel\\\/UCHYaeO_n0Db3tjNGudGpXyw\"]},{\"@type\":\"Person\",\"@id\":\"https:\\\/\\\/radioljubuski.ba\\\/#\\\/schema\\\/person\\\/19fc700381a780f69665d7956c469e3b\",\"name\":\"Radio Ljubu\u0161ki\"}]}<\/script>\n<!-- \/ Yoast SEO plugin. -->","yoast_head_json":{"title":"Vrhovni sud: Sanaderu godina zatvora manje, HDZ-u potvr\u0111ena kazna od 3,5 mil. kuna - RADIO LJUBU\u0160KI","robots":{"index":"index","follow":"follow","max-snippet":"max-snippet:-1","max-image-preview":"max-image-preview:large","max-video-preview":"max-video-preview:-1"},"canonical":"https:\/\/radioljubuski.ba\/index.php\/2021\/10\/13\/vrhovni-sud-sanaderu-godina-zatvora-manje-hdz-u-potvrdena-kazna-od-35-mil-kuna\/","og_locale":"hr_HR","og_type":"article","og_title":"Vrhovni sud: Sanaderu godina zatvora manje, HDZ-u potvr\u0111ena kazna od 3,5 mil. kuna - RADIO LJUBU\u0160KI","og_description":"Vrhovni sud objavio je pravomo\u0107nu presudu za aferu &#8220;Fimi Media&#8221;. Biv\u0161em premijeru i predsjedniku HDZ-a Ivi Sanaderu zbog zdravstvenog je stanja kazna smanjena s 8 na 7 godina zatora. Potvr\u0111ene su i kazne za ostale optu\u017eenike. HDZ kao pravna osoba mora platiti 3 i pol mil. kn kazne i u prora\u010dun vratiti 14 mil. nezakonito [&hellip;]","og_url":"https:\/\/radioljubuski.ba\/index.php\/2021\/10\/13\/vrhovni-sud-sanaderu-godina-zatvora-manje-hdz-u-potvrdena-kazna-od-35-mil-kuna\/","og_site_name":"RADIO LJUBU\u0160KI","article_publisher":"https:\/\/www.facebook.com\/Radiio-Ljubuski-1490835324566332","article_published_time":"2021-10-13T16:02:54+00:00","article_modified_time":"2021-10-13T16:02:56+00:00","og_image":[{"width":1280,"height":857,"url":"https:\/\/radioljubuski.ba\/wp-content\/uploads\/2021\/10\/005a8ad11652ed8decf9.jpeg","type":"image\/jpeg"}],"author":"Radio Ljubu\u0161ki","twitter_card":"summary_large_image","twitter_creator":"@radioljubuski","twitter_site":"@radioljubuski","twitter_misc":{"Napisao\/la":"Radio Ljubu\u0161ki","Procijenjeno vrijeme \u010ditanja":"3 minute"},"schema":{"@context":"https:\/\/schema.org","@graph":[{"@type":"Article","@id":"https:\/\/radioljubuski.ba\/index.php\/2021\/10\/13\/vrhovni-sud-sanaderu-godina-zatvora-manje-hdz-u-potvrdena-kazna-od-35-mil-kuna\/#article","isPartOf":{"@id":"https:\/\/radioljubuski.ba\/index.php\/2021\/10\/13\/vrhovni-sud-sanaderu-godina-zatvora-manje-hdz-u-potvrdena-kazna-od-35-mil-kuna\/"},"author":{"name":"Radio Ljubu\u0161ki","@id":"https:\/\/radioljubuski.ba\/#\/schema\/person\/19fc700381a780f69665d7956c469e3b"},"headline":"Vrhovni sud: Sanaderu godina zatvora manje, HDZ-u potvr\u0111ena kazna od 3,5 mil. kuna","datePublished":"2021-10-13T16:02:54+00:00","dateModified":"2021-10-13T16:02:56+00:00","mainEntityOfPage":{"@id":"https:\/\/radioljubuski.ba\/index.php\/2021\/10\/13\/vrhovni-sud-sanaderu-godina-zatvora-manje-hdz-u-potvrdena-kazna-od-35-mil-kuna\/"},"wordCount":659,"publisher":{"@id":"https:\/\/radioljubuski.ba\/#organization"},"image":{"@id":"https:\/\/radioljubuski.ba\/index.php\/2021\/10\/13\/vrhovni-sud-sanaderu-godina-zatvora-manje-hdz-u-potvrdena-kazna-od-35-mil-kuna\/#primaryimage"},"thumbnailUrl":"https:\/\/radioljubuski.ba\/wp-content\/uploads\/2021\/10\/005a8ad11652ed8decf9.jpeg","articleSection":["BIH i regija"],"inLanguage":"hr"},{"@type":"WebPage","@id":"https:\/\/radioljubuski.ba\/index.php\/2021\/10\/13\/vrhovni-sud-sanaderu-godina-zatvora-manje-hdz-u-potvrdena-kazna-od-35-mil-kuna\/","url":"https:\/\/radioljubuski.ba\/index.php\/2021\/10\/13\/vrhovni-sud-sanaderu-godina-zatvora-manje-hdz-u-potvrdena-kazna-od-35-mil-kuna\/","name":"Vrhovni sud: Sanaderu godina zatvora manje, HDZ-u potvr\u0111ena kazna od 3,5 mil. kuna - RADIO LJUBU\u0160KI","isPartOf":{"@id":"https:\/\/radioljubuski.ba\/#website"},"primaryImageOfPage":{"@id":"https:\/\/radioljubuski.ba\/index.php\/2021\/10\/13\/vrhovni-sud-sanaderu-godina-zatvora-manje-hdz-u-potvrdena-kazna-od-35-mil-kuna\/#primaryimage"},"image":{"@id":"https:\/\/radioljubuski.ba\/index.php\/2021\/10\/13\/vrhovni-sud-sanaderu-godina-zatvora-manje-hdz-u-potvrdena-kazna-od-35-mil-kuna\/#primaryimage"},"thumbnailUrl":"https:\/\/radioljubuski.ba\/wp-content\/uploads\/2021\/10\/005a8ad11652ed8decf9.jpeg","datePublished":"2021-10-13T16:02:54+00:00","dateModified":"2021-10-13T16:02:56+00:00","breadcrumb":{"@id":"https:\/\/radioljubuski.ba\/index.php\/2021\/10\/13\/vrhovni-sud-sanaderu-godina-zatvora-manje-hdz-u-potvrdena-kazna-od-35-mil-kuna\/#breadcrumb"},"inLanguage":"hr","potentialAction":[{"@type":"ReadAction","target":["https:\/\/radioljubuski.ba\/index.php\/2021\/10\/13\/vrhovni-sud-sanaderu-godina-zatvora-manje-hdz-u-potvrdena-kazna-od-35-mil-kuna\/"]}]},{"@type":"ImageObject","inLanguage":"hr","@id":"https:\/\/radioljubuski.ba\/index.php\/2021\/10\/13\/vrhovni-sud-sanaderu-godina-zatvora-manje-hdz-u-potvrdena-kazna-od-35-mil-kuna\/#primaryimage","url":"https:\/\/radioljubuski.ba\/wp-content\/uploads\/2021\/10\/005a8ad11652ed8decf9.jpeg","contentUrl":"https:\/\/radioljubuski.ba\/wp-content\/uploads\/2021\/10\/005a8ad11652ed8decf9.jpeg","width":1280,"height":857},{"@type":"BreadcrumbList","@id":"https:\/\/radioljubuski.ba\/index.php\/2021\/10\/13\/vrhovni-sud-sanaderu-godina-zatvora-manje-hdz-u-potvrdena-kazna-od-35-mil-kuna\/#breadcrumb","itemListElement":[{"@type":"ListItem","position":1,"name":"Po\u010detna stranica","item":"https:\/\/radioljubuski.ba\/"},{"@type":"ListItem","position":2,"name":"Vrhovni sud: Sanaderu godina zatvora manje, HDZ-u potvr\u0111ena kazna od 3,5 mil. kuna"}]},{"@type":"WebSite","@id":"https:\/\/radioljubuski.ba\/#website","url":"https:\/\/radioljubuski.ba\/","name":"Radio Ljubu\u0161ki","description":"Sun\u010dana frekvencija Hercegovine","publisher":{"@id":"https:\/\/radioljubuski.ba\/#organization"},"potentialAction":[{"@type":"SearchAction","target":{"@type":"EntryPoint","urlTemplate":"https:\/\/radioljubuski.ba\/?s={search_term_string}"},"query-input":{"@type":"PropertyValueSpecification","valueRequired":true,"valueName":"search_term_string"}}],"inLanguage":"hr"},{"@type":"Organization","@id":"https:\/\/radioljubuski.ba\/#organization","name":"Radio Ljubu\u0161ki","url":"https:\/\/radioljubuski.ba\/","logo":{"@type":"ImageObject","inLanguage":"hr","@id":"https:\/\/radioljubuski.ba\/#\/schema\/logo\/image\/","url":"https:\/\/radioljubuski.ba\/wp-content\/uploads\/2021\/02\/cropped-Radio_Ljubuski_logo1.jpg","contentUrl":"https:\/\/radioljubuski.ba\/wp-content\/uploads\/2021\/02\/cropped-Radio_Ljubuski_logo1.jpg","width":512,"height":512,"caption":"Radio Ljubu\u0161ki"},"image":{"@id":"https:\/\/radioljubuski.ba\/#\/schema\/logo\/image\/"},"sameAs":["https:\/\/www.facebook.com\/Radiio-Ljubuski-1490835324566332","https:\/\/x.com\/radioljubuski","https:\/\/hr.linkedin.com\/company\/radio-ljubuski","https:\/\/www.youtube.com\/channel\/UCHYaeO_n0Db3tjNGudGpXyw"]},{"@type":"Person","@id":"https:\/\/radioljubuski.ba\/#\/schema\/person\/19fc700381a780f69665d7956c469e3b","name":"Radio Ljubu\u0161ki"}]}},"_links":{"self":[{"href":"https:\/\/radioljubuski.ba\/index.php\/wp-json\/wp\/v2\/posts\/75126","targetHints":{"allow":["GET"]}}],"collection":[{"href":"https:\/\/radioljubuski.ba\/index.php\/wp-json\/wp\/v2\/posts"}],"about":[{"href":"https:\/\/radioljubuski.ba\/index.php\/wp-json\/wp\/v2\/types\/post"}],"author":[{"embeddable":true,"href":"https:\/\/radioljubuski.ba\/index.php\/wp-json\/wp\/v2\/users\/2"}],"replies":[{"embeddable":true,"href":"https:\/\/radioljubuski.ba\/index.php\/wp-json\/wp\/v2\/comments?post=75126"}],"version-history":[{"count":1,"href":"https:\/\/radioljubuski.ba\/index.php\/wp-json\/wp\/v2\/posts\/75126\/revisions"}],"predecessor-version":[{"id":75128,"href":"https:\/\/radioljubuski.ba\/index.php\/wp-json\/wp\/v2\/posts\/75126\/revisions\/75128"}],"wp:featuredmedia":[{"embeddable":true,"href":"https:\/\/radioljubuski.ba\/index.php\/wp-json\/wp\/v2\/media\/75127"}],"wp:attachment":[{"href":"https:\/\/radioljubuski.ba\/index.php\/wp-json\/wp\/v2\/media?parent=75126"}],"wp:term":[{"taxonomy":"category","embeddable":true,"href":"https:\/\/radioljubuski.ba\/index.php\/wp-json\/wp\/v2\/categories?post=75126"},{"taxonomy":"post_tag","embeddable":true,"href":"https:\/\/radioljubuski.ba\/index.php\/wp-json\/wp\/v2\/tags?post=75126"}],"curies":[{"name":"wp","href":"https:\/\/api.w.org\/{rel}","templated":true}]}}