{"id":75135,"date":"2021-10-13T17:44:58","date_gmt":"2021-10-13T16:44:58","guid":{"rendered":"https:\/\/radioljubuski.ba\/?p=75135"},"modified":"2021-10-13T17:44:59","modified_gmt":"2021-10-13T16:44:59","slug":"nezadovoljni-igrac-psg-a-situacija-nije-onakva-kakvu-sam-zamisljao","status":"publish","type":"post","link":"https:\/\/radioljubuski.ba\/index.php\/2021\/10\/13\/nezadovoljni-igrac-psg-a-situacija-nije-onakva-kakvu-sam-zamisljao\/","title":{"rendered":"Nezadovoljni igra\u010d PSG-a: Situacija nije onakva kakvu sam zami\u0161ljao"},"content":{"rendered":"\n<p><strong>Georginio&nbsp;Wijnaldum<\/strong><strong>, nizozemski nogometni reprezentativac, rekao je nizozemskim novinarima kako je situacija u PSG-u posve druga\u010dija od one koju je zami\u0161ljao.<\/strong><\/p>\n\n\n\n<p>U ponedjeljak je Wijnaldum odigrao cijelu kvalifikacijsku utakmicu protiv Gibraltara u kojoj je Nizozemska slavila 6-0 i tako se sasvim pribli\u017eila plasmanu na Svjetsko prvenstvo. Boravak na travnjaku tijekom svih 90 minuta je ono na \u0161to Wijnaldum i nije naviknut u svom klubu, PSG-u, gdje je ovaj 30-godi\u0161njak startao samo jednom u zadnjih pet utakmica (sva natjecanja).<\/p>\n\n\n\n<p>Igra\u010d koji je ovog ljeta Liverpool zamijenio PSG-om uglavnom ulazi s klupe, u posljednjih desetak minuta igre, \u0161to ga \u010dini prili\u010dno nezadovoljnim.<\/p>\n\n\n\n<p>&#8211; Ne mogu re\u0107i da sam potpuno sretan u PSG-u. Situacija nije onakva kakvu sam zami\u0161ljao i kakvu bih \u017eelio. No, to je nogomet. Moram se suo\u010diti s tim, prihvatiti i boriti se dalje za svoju poziciju, rekao je Wijnaldum nizozemskim novinarima.<\/p>\n\n\n\n<blockquote class=\"twitter-tweet\"><p lang=\"en\" dir=\"ltr\">Georginio Wijnaldum admits he is &quot;not completely happy&quot; at Paris Saint-Germain following his summer move from Liverpool.<\/p>&mdash; Sky Sports News (@SkySportsNews) <a href=\"https:\/\/twitter.com\/SkySportsNews\/status\/1447614489055072264?ref_src=twsrc%5Etfw\">October 11, 2021<\/a><\/blockquote> <script async src=\"https:\/\/platform.twitter.com\/widgets.js\" charset=\"utf-8\"><\/script>\n\n\n\n<p>Dolazak prvenstveno&nbsp;<strong>Lionela&nbsp;Messija&nbsp;<\/strong>u PSG u mnogome je razdrmao svla\u010dionicu pari\u0161ke mom\u010dadi te su velika ve\u0107ina ostalih igra\u010da tek kockice koje treba poslo\u017eiti oko njega te&nbsp;<strong>Neymara&nbsp;<\/strong>i&nbsp;<strong>Mbappea<\/strong>.<\/p>\n\n\n\n<p>&#8211; Uvijek sam bio maksimalno fizi\u010dki spreman. Nikada nisam upao u problem oko zgusnutog rasporeda ili \u010destog igranja. No, u PSG-u me do\u010dekala druga\u010dija stvarnost, skru\u0161eno je priznao Wijnaldum.<\/p>\n\n\n\n<p><strong>Izvor:hrt.hr<\/strong><\/p>\n","protected":false},"excerpt":{"rendered":"<p>Georginio&nbsp;Wijnaldum, nizozemski nogometni reprezentativac, rekao je nizozemskim novinarima kako je situacija u PSG-u posve druga\u010dija od one koju je zami\u0161ljao. U ponedjeljak je Wijnaldum odigrao cijelu kvalifikacijsku utakmicu protiv Gibraltara u kojoj je Nizozemska slavila 6-0 i tako se sasvim pribli\u017eila plasmanu na Svjetsko prvenstvo. Boravak na travnjaku tijekom svih 90 minuta je ono na [&hellip;]<\/p>\n","protected":false},"author":2,"featured_media":75136,"comment_status":"closed","ping_status":"closed","sticky":false,"template":"","format":"standard","meta":{"h5ap_radio_sources":[],"footnotes":""},"categories":[7],"tags":[],"class_list":["post-75135","post","type-post","status-publish","format-standard","has-post-thumbnail","hentry","category-sport"],"yoast_head":"<!-- This site is optimized with the Yoast SEO plugin v27.4 - https:\/\/yoast.com\/product\/yoast-seo-wordpress\/ -->\n<title>Nezadovoljni igra\u010d PSG-a: Situacija nije onakva kakvu sam zami\u0161ljao - RADIO LJUBU\u0160KI<\/title>\n<meta name=\"robots\" content=\"index, follow, max-snippet:-1, max-image-preview:large, max-video-preview:-1\" \/>\n<link rel=\"canonical\" href=\"https:\/\/radioljubuski.ba\/index.php\/2021\/10\/13\/nezadovoljni-igrac-psg-a-situacija-nije-onakva-kakvu-sam-zamisljao\/\" \/>\n<meta property=\"og:locale\" content=\"hr_HR\" \/>\n<meta property=\"og:type\" content=\"article\" \/>\n<meta property=\"og:title\" content=\"Nezadovoljni igra\u010d PSG-a: Situacija nije onakva kakvu sam zami\u0161ljao - RADIO LJUBU\u0160KI\" \/>\n<meta property=\"og:description\" content=\"Georginio&nbsp;Wijnaldum, nizozemski nogometni reprezentativac, rekao je nizozemskim novinarima kako je situacija u PSG-u posve druga\u010dija od one koju je zami\u0161ljao. U ponedjeljak je Wijnaldum odigrao cijelu kvalifikacijsku utakmicu protiv Gibraltara u kojoj je Nizozemska slavila 6-0 i tako se sasvim pribli\u017eila plasmanu na Svjetsko prvenstvo. Boravak na travnjaku tijekom svih 90 minuta je ono na [&hellip;]\" \/>\n<meta property=\"og:url\" content=\"https:\/\/radioljubuski.ba\/index.php\/2021\/10\/13\/nezadovoljni-igrac-psg-a-situacija-nije-onakva-kakvu-sam-zamisljao\/\" \/>\n<meta property=\"og:site_name\" content=\"RADIO LJUBU\u0160KI\" \/>\n<meta property=\"article:publisher\" content=\"https:\/\/www.facebook.com\/Radiio-Ljubuski-1490835324566332\" \/>\n<meta property=\"article:published_time\" content=\"2021-10-13T16:44:58+00:00\" \/>\n<meta property=\"article:modified_time\" content=\"2021-10-13T16:44:59+00:00\" \/>\n<meta property=\"og:image\" content=\"https:\/\/radioljubuski.ba\/wp-content\/uploads\/2021\/10\/preuzmi-27.jpg\" \/>\n\t<meta property=\"og:image:width\" content=\"275\" \/>\n\t<meta property=\"og:image:height\" content=\"183\" \/>\n\t<meta property=\"og:image:type\" content=\"image\/jpeg\" \/>\n<meta name=\"author\" content=\"Radio Ljubu\u0161ki\" \/>\n<meta name=\"twitter:card\" content=\"summary_large_image\" \/>\n<meta name=\"twitter:creator\" content=\"@radioljubuski\" \/>\n<meta name=\"twitter:site\" content=\"@radioljubuski\" \/>\n<meta name=\"twitter:label1\" content=\"Napisao\/la\" \/>\n\t<meta name=\"twitter:data1\" content=\"Radio Ljubu\u0161ki\" \/>\n\t<meta name=\"twitter:label2\" content=\"Procijenjeno vrijeme \u010ditanja\" \/>\n\t<meta name=\"twitter:data2\" content=\"1 minuta\" \/>\n<script type=\"application\/ld+json\" class=\"yoast-schema-graph\">{\"@context\":\"https:\\\/\\\/schema.org\",\"@graph\":[{\"@type\":\"Article\",\"@id\":\"https:\\\/\\\/radioljubuski.ba\\\/index.php\\\/2021\\\/10\\\/13\\\/nezadovoljni-igrac-psg-a-situacija-nije-onakva-kakvu-sam-zamisljao\\\/#article\",\"isPartOf\":{\"@id\":\"https:\\\/\\\/radioljubuski.ba\\\/index.php\\\/2021\\\/10\\\/13\\\/nezadovoljni-igrac-psg-a-situacija-nije-onakva-kakvu-sam-zamisljao\\\/\"},\"author\":{\"name\":\"Radio Ljubu\u0161ki\",\"@id\":\"https:\\\/\\\/radioljubuski.ba\\\/#\\\/schema\\\/person\\\/19fc700381a780f69665d7956c469e3b\"},\"headline\":\"Nezadovoljni igra\u010d PSG-a: Situacija nije onakva kakvu sam zami\u0161ljao\",\"datePublished\":\"2021-10-13T16:44:58+00:00\",\"dateModified\":\"2021-10-13T16:44:59+00:00\",\"mainEntityOfPage\":{\"@id\":\"https:\\\/\\\/radioljubuski.ba\\\/index.php\\\/2021\\\/10\\\/13\\\/nezadovoljni-igrac-psg-a-situacija-nije-onakva-kakvu-sam-zamisljao\\\/\"},\"wordCount\":263,\"publisher\":{\"@id\":\"https:\\\/\\\/radioljubuski.ba\\\/#organization\"},\"image\":{\"@id\":\"https:\\\/\\\/radioljubuski.ba\\\/index.php\\\/2021\\\/10\\\/13\\\/nezadovoljni-igrac-psg-a-situacija-nije-onakva-kakvu-sam-zamisljao\\\/#primaryimage\"},\"thumbnailUrl\":\"https:\\\/\\\/radioljubuski.ba\\\/wp-content\\\/uploads\\\/2021\\\/10\\\/preuzmi-27.jpg\",\"articleSection\":[\"\u0160port\"],\"inLanguage\":\"hr\"},{\"@type\":\"WebPage\",\"@id\":\"https:\\\/\\\/radioljubuski.ba\\\/index.php\\\/2021\\\/10\\\/13\\\/nezadovoljni-igrac-psg-a-situacija-nije-onakva-kakvu-sam-zamisljao\\\/\",\"url\":\"https:\\\/\\\/radioljubuski.ba\\\/index.php\\\/2021\\\/10\\\/13\\\/nezadovoljni-igrac-psg-a-situacija-nije-onakva-kakvu-sam-zamisljao\\\/\",\"name\":\"Nezadovoljni igra\u010d PSG-a: Situacija nije onakva kakvu sam zami\u0161ljao - RADIO LJUBU\u0160KI\",\"isPartOf\":{\"@id\":\"https:\\\/\\\/radioljubuski.ba\\\/#website\"},\"primaryImageOfPage\":{\"@id\":\"https:\\\/\\\/radioljubuski.ba\\\/index.php\\\/2021\\\/10\\\/13\\\/nezadovoljni-igrac-psg-a-situacija-nije-onakva-kakvu-sam-zamisljao\\\/#primaryimage\"},\"image\":{\"@id\":\"https:\\\/\\\/radioljubuski.ba\\\/index.php\\\/2021\\\/10\\\/13\\\/nezadovoljni-igrac-psg-a-situacija-nije-onakva-kakvu-sam-zamisljao\\\/#primaryimage\"},\"thumbnailUrl\":\"https:\\\/\\\/radioljubuski.ba\\\/wp-content\\\/uploads\\\/2021\\\/10\\\/preuzmi-27.jpg\",\"datePublished\":\"2021-10-13T16:44:58+00:00\",\"dateModified\":\"2021-10-13T16:44:59+00:00\",\"breadcrumb\":{\"@id\":\"https:\\\/\\\/radioljubuski.ba\\\/index.php\\\/2021\\\/10\\\/13\\\/nezadovoljni-igrac-psg-a-situacija-nije-onakva-kakvu-sam-zamisljao\\\/#breadcrumb\"},\"inLanguage\":\"hr\",\"potentialAction\":[{\"@type\":\"ReadAction\",\"target\":[\"https:\\\/\\\/radioljubuski.ba\\\/index.php\\\/2021\\\/10\\\/13\\\/nezadovoljni-igrac-psg-a-situacija-nije-onakva-kakvu-sam-zamisljao\\\/\"]}]},{\"@type\":\"ImageObject\",\"inLanguage\":\"hr\",\"@id\":\"https:\\\/\\\/radioljubuski.ba\\\/index.php\\\/2021\\\/10\\\/13\\\/nezadovoljni-igrac-psg-a-situacija-nije-onakva-kakvu-sam-zamisljao\\\/#primaryimage\",\"url\":\"https:\\\/\\\/radioljubuski.ba\\\/wp-content\\\/uploads\\\/2021\\\/10\\\/preuzmi-27.jpg\",\"contentUrl\":\"https:\\\/\\\/radioljubuski.ba\\\/wp-content\\\/uploads\\\/2021\\\/10\\\/preuzmi-27.jpg\",\"width\":275,\"height\":183},{\"@type\":\"BreadcrumbList\",\"@id\":\"https:\\\/\\\/radioljubuski.ba\\\/index.php\\\/2021\\\/10\\\/13\\\/nezadovoljni-igrac-psg-a-situacija-nije-onakva-kakvu-sam-zamisljao\\\/#breadcrumb\",\"itemListElement\":[{\"@type\":\"ListItem\",\"position\":1,\"name\":\"Po\u010detna stranica\",\"item\":\"https:\\\/\\\/radioljubuski.ba\\\/\"},{\"@type\":\"ListItem\",\"position\":2,\"name\":\"Nezadovoljni igra\u010d PSG-a: Situacija nije onakva kakvu sam zami\u0161ljao\"}]},{\"@type\":\"WebSite\",\"@id\":\"https:\\\/\\\/radioljubuski.ba\\\/#website\",\"url\":\"https:\\\/\\\/radioljubuski.ba\\\/\",\"name\":\"Radio Ljubu\u0161ki\",\"description\":\"Sun\u010dana frekvencija Hercegovine\",\"publisher\":{\"@id\":\"https:\\\/\\\/radioljubuski.ba\\\/#organization\"},\"potentialAction\":[{\"@type\":\"SearchAction\",\"target\":{\"@type\":\"EntryPoint\",\"urlTemplate\":\"https:\\\/\\\/radioljubuski.ba\\\/?s={search_term_string}\"},\"query-input\":{\"@type\":\"PropertyValueSpecification\",\"valueRequired\":true,\"valueName\":\"search_term_string\"}}],\"inLanguage\":\"hr\"},{\"@type\":\"Organization\",\"@id\":\"https:\\\/\\\/radioljubuski.ba\\\/#organization\",\"name\":\"Radio Ljubu\u0161ki\",\"url\":\"https:\\\/\\\/radioljubuski.ba\\\/\",\"logo\":{\"@type\":\"ImageObject\",\"inLanguage\":\"hr\",\"@id\":\"https:\\\/\\\/radioljubuski.ba\\\/#\\\/schema\\\/logo\\\/image\\\/\",\"url\":\"https:\\\/\\\/radioljubuski.ba\\\/wp-content\\\/uploads\\\/2021\\\/02\\\/cropped-Radio_Ljubuski_logo1.jpg\",\"contentUrl\":\"https:\\\/\\\/radioljubuski.ba\\\/wp-content\\\/uploads\\\/2021\\\/02\\\/cropped-Radio_Ljubuski_logo1.jpg\",\"width\":512,\"height\":512,\"caption\":\"Radio Ljubu\u0161ki\"},\"image\":{\"@id\":\"https:\\\/\\\/radioljubuski.ba\\\/#\\\/schema\\\/logo\\\/image\\\/\"},\"sameAs\":[\"https:\\\/\\\/www.facebook.com\\\/Radiio-Ljubuski-1490835324566332\",\"https:\\\/\\\/x.com\\\/radioljubuski\",\"https:\\\/\\\/hr.linkedin.com\\\/company\\\/radio-ljubuski\",\"https:\\\/\\\/www.youtube.com\\\/channel\\\/UCHYaeO_n0Db3tjNGudGpXyw\"]},{\"@type\":\"Person\",\"@id\":\"https:\\\/\\\/radioljubuski.ba\\\/#\\\/schema\\\/person\\\/19fc700381a780f69665d7956c469e3b\",\"name\":\"Radio Ljubu\u0161ki\"}]}<\/script>\n<!-- \/ Yoast SEO plugin. -->","yoast_head_json":{"title":"Nezadovoljni igra\u010d PSG-a: Situacija nije onakva kakvu sam zami\u0161ljao - RADIO LJUBU\u0160KI","robots":{"index":"index","follow":"follow","max-snippet":"max-snippet:-1","max-image-preview":"max-image-preview:large","max-video-preview":"max-video-preview:-1"},"canonical":"https:\/\/radioljubuski.ba\/index.php\/2021\/10\/13\/nezadovoljni-igrac-psg-a-situacija-nije-onakva-kakvu-sam-zamisljao\/","og_locale":"hr_HR","og_type":"article","og_title":"Nezadovoljni igra\u010d PSG-a: Situacija nije onakva kakvu sam zami\u0161ljao - RADIO LJUBU\u0160KI","og_description":"Georginio&nbsp;Wijnaldum, nizozemski nogometni reprezentativac, rekao je nizozemskim novinarima kako je situacija u PSG-u posve druga\u010dija od one koju je zami\u0161ljao. U ponedjeljak je Wijnaldum odigrao cijelu kvalifikacijsku utakmicu protiv Gibraltara u kojoj je Nizozemska slavila 6-0 i tako se sasvim pribli\u017eila plasmanu na Svjetsko prvenstvo. Boravak na travnjaku tijekom svih 90 minuta je ono na [&hellip;]","og_url":"https:\/\/radioljubuski.ba\/index.php\/2021\/10\/13\/nezadovoljni-igrac-psg-a-situacija-nije-onakva-kakvu-sam-zamisljao\/","og_site_name":"RADIO LJUBU\u0160KI","article_publisher":"https:\/\/www.facebook.com\/Radiio-Ljubuski-1490835324566332","article_published_time":"2021-10-13T16:44:58+00:00","article_modified_time":"2021-10-13T16:44:59+00:00","og_image":[{"width":275,"height":183,"url":"https:\/\/radioljubuski.ba\/wp-content\/uploads\/2021\/10\/preuzmi-27.jpg","type":"image\/jpeg"}],"author":"Radio Ljubu\u0161ki","twitter_card":"summary_large_image","twitter_creator":"@radioljubuski","twitter_site":"@radioljubuski","twitter_misc":{"Napisao\/la":"Radio Ljubu\u0161ki","Procijenjeno vrijeme \u010ditanja":"1 minuta"},"schema":{"@context":"https:\/\/schema.org","@graph":[{"@type":"Article","@id":"https:\/\/radioljubuski.ba\/index.php\/2021\/10\/13\/nezadovoljni-igrac-psg-a-situacija-nije-onakva-kakvu-sam-zamisljao\/#article","isPartOf":{"@id":"https:\/\/radioljubuski.ba\/index.php\/2021\/10\/13\/nezadovoljni-igrac-psg-a-situacija-nije-onakva-kakvu-sam-zamisljao\/"},"author":{"name":"Radio Ljubu\u0161ki","@id":"https:\/\/radioljubuski.ba\/#\/schema\/person\/19fc700381a780f69665d7956c469e3b"},"headline":"Nezadovoljni igra\u010d PSG-a: Situacija nije onakva kakvu sam zami\u0161ljao","datePublished":"2021-10-13T16:44:58+00:00","dateModified":"2021-10-13T16:44:59+00:00","mainEntityOfPage":{"@id":"https:\/\/radioljubuski.ba\/index.php\/2021\/10\/13\/nezadovoljni-igrac-psg-a-situacija-nije-onakva-kakvu-sam-zamisljao\/"},"wordCount":263,"publisher":{"@id":"https:\/\/radioljubuski.ba\/#organization"},"image":{"@id":"https:\/\/radioljubuski.ba\/index.php\/2021\/10\/13\/nezadovoljni-igrac-psg-a-situacija-nije-onakva-kakvu-sam-zamisljao\/#primaryimage"},"thumbnailUrl":"https:\/\/radioljubuski.ba\/wp-content\/uploads\/2021\/10\/preuzmi-27.jpg","articleSection":["\u0160port"],"inLanguage":"hr"},{"@type":"WebPage","@id":"https:\/\/radioljubuski.ba\/index.php\/2021\/10\/13\/nezadovoljni-igrac-psg-a-situacija-nije-onakva-kakvu-sam-zamisljao\/","url":"https:\/\/radioljubuski.ba\/index.php\/2021\/10\/13\/nezadovoljni-igrac-psg-a-situacija-nije-onakva-kakvu-sam-zamisljao\/","name":"Nezadovoljni igra\u010d PSG-a: Situacija nije onakva kakvu sam zami\u0161ljao - RADIO LJUBU\u0160KI","isPartOf":{"@id":"https:\/\/radioljubuski.ba\/#website"},"primaryImageOfPage":{"@id":"https:\/\/radioljubuski.ba\/index.php\/2021\/10\/13\/nezadovoljni-igrac-psg-a-situacija-nije-onakva-kakvu-sam-zamisljao\/#primaryimage"},"image":{"@id":"https:\/\/radioljubuski.ba\/index.php\/2021\/10\/13\/nezadovoljni-igrac-psg-a-situacija-nije-onakva-kakvu-sam-zamisljao\/#primaryimage"},"thumbnailUrl":"https:\/\/radioljubuski.ba\/wp-content\/uploads\/2021\/10\/preuzmi-27.jpg","datePublished":"2021-10-13T16:44:58+00:00","dateModified":"2021-10-13T16:44:59+00:00","breadcrumb":{"@id":"https:\/\/radioljubuski.ba\/index.php\/2021\/10\/13\/nezadovoljni-igrac-psg-a-situacija-nije-onakva-kakvu-sam-zamisljao\/#breadcrumb"},"inLanguage":"hr","potentialAction":[{"@type":"ReadAction","target":["https:\/\/radioljubuski.ba\/index.php\/2021\/10\/13\/nezadovoljni-igrac-psg-a-situacija-nije-onakva-kakvu-sam-zamisljao\/"]}]},{"@type":"ImageObject","inLanguage":"hr","@id":"https:\/\/radioljubuski.ba\/index.php\/2021\/10\/13\/nezadovoljni-igrac-psg-a-situacija-nije-onakva-kakvu-sam-zamisljao\/#primaryimage","url":"https:\/\/radioljubuski.ba\/wp-content\/uploads\/2021\/10\/preuzmi-27.jpg","contentUrl":"https:\/\/radioljubuski.ba\/wp-content\/uploads\/2021\/10\/preuzmi-27.jpg","width":275,"height":183},{"@type":"BreadcrumbList","@id":"https:\/\/radioljubuski.ba\/index.php\/2021\/10\/13\/nezadovoljni-igrac-psg-a-situacija-nije-onakva-kakvu-sam-zamisljao\/#breadcrumb","itemListElement":[{"@type":"ListItem","position":1,"name":"Po\u010detna stranica","item":"https:\/\/radioljubuski.ba\/"},{"@type":"ListItem","position":2,"name":"Nezadovoljni igra\u010d PSG-a: Situacija nije onakva kakvu sam zami\u0161ljao"}]},{"@type":"WebSite","@id":"https:\/\/radioljubuski.ba\/#website","url":"https:\/\/radioljubuski.ba\/","name":"Radio Ljubu\u0161ki","description":"Sun\u010dana frekvencija Hercegovine","publisher":{"@id":"https:\/\/radioljubuski.ba\/#organization"},"potentialAction":[{"@type":"SearchAction","target":{"@type":"EntryPoint","urlTemplate":"https:\/\/radioljubuski.ba\/?s={search_term_string}"},"query-input":{"@type":"PropertyValueSpecification","valueRequired":true,"valueName":"search_term_string"}}],"inLanguage":"hr"},{"@type":"Organization","@id":"https:\/\/radioljubuski.ba\/#organization","name":"Radio Ljubu\u0161ki","url":"https:\/\/radioljubuski.ba\/","logo":{"@type":"ImageObject","inLanguage":"hr","@id":"https:\/\/radioljubuski.ba\/#\/schema\/logo\/image\/","url":"https:\/\/radioljubuski.ba\/wp-content\/uploads\/2021\/02\/cropped-Radio_Ljubuski_logo1.jpg","contentUrl":"https:\/\/radioljubuski.ba\/wp-content\/uploads\/2021\/02\/cropped-Radio_Ljubuski_logo1.jpg","width":512,"height":512,"caption":"Radio Ljubu\u0161ki"},"image":{"@id":"https:\/\/radioljubuski.ba\/#\/schema\/logo\/image\/"},"sameAs":["https:\/\/www.facebook.com\/Radiio-Ljubuski-1490835324566332","https:\/\/x.com\/radioljubuski","https:\/\/hr.linkedin.com\/company\/radio-ljubuski","https:\/\/www.youtube.com\/channel\/UCHYaeO_n0Db3tjNGudGpXyw"]},{"@type":"Person","@id":"https:\/\/radioljubuski.ba\/#\/schema\/person\/19fc700381a780f69665d7956c469e3b","name":"Radio Ljubu\u0161ki"}]}},"_links":{"self":[{"href":"https:\/\/radioljubuski.ba\/index.php\/wp-json\/wp\/v2\/posts\/75135","targetHints":{"allow":["GET"]}}],"collection":[{"href":"https:\/\/radioljubuski.ba\/index.php\/wp-json\/wp\/v2\/posts"}],"about":[{"href":"https:\/\/radioljubuski.ba\/index.php\/wp-json\/wp\/v2\/types\/post"}],"author":[{"embeddable":true,"href":"https:\/\/radioljubuski.ba\/index.php\/wp-json\/wp\/v2\/users\/2"}],"replies":[{"embeddable":true,"href":"https:\/\/radioljubuski.ba\/index.php\/wp-json\/wp\/v2\/comments?post=75135"}],"version-history":[{"count":1,"href":"https:\/\/radioljubuski.ba\/index.php\/wp-json\/wp\/v2\/posts\/75135\/revisions"}],"predecessor-version":[{"id":75137,"href":"https:\/\/radioljubuski.ba\/index.php\/wp-json\/wp\/v2\/posts\/75135\/revisions\/75137"}],"wp:featuredmedia":[{"embeddable":true,"href":"https:\/\/radioljubuski.ba\/index.php\/wp-json\/wp\/v2\/media\/75136"}],"wp:attachment":[{"href":"https:\/\/radioljubuski.ba\/index.php\/wp-json\/wp\/v2\/media?parent=75135"}],"wp:term":[{"taxonomy":"category","embeddable":true,"href":"https:\/\/radioljubuski.ba\/index.php\/wp-json\/wp\/v2\/categories?post=75135"},{"taxonomy":"post_tag","embeddable":true,"href":"https:\/\/radioljubuski.ba\/index.php\/wp-json\/wp\/v2\/tags?post=75135"}],"curies":[{"name":"wp","href":"https:\/\/api.w.org\/{rel}","templated":true}]}}